{"id":15631,"date":"2025-06-19T17:31:46","date_gmt":"2025-06-19T15:31:46","guid":{"rendered":"https:\/\/telemme.mmsh.fr\/?p=15631"},"modified":"2025-06-19T17:36:57","modified_gmt":"2025-06-19T15:36:57","slug":"jean-marie-guillon-chevalier-de-la-legion-dhonneur","status":"publish","type":"post","link":"https:\/\/telemme.mmsh.fr\/?p=15631","title":{"rendered":"Jean-Marie Guillon chevalier de la L\u00e9gion d&rsquo;honneur"},"content":{"rendered":"\n<p><strong><a href=\"https:\/\/telemme.mmsh.fr\/?membres=jean-marie-guillon\">Jean-Marie Guillon<\/a><\/strong>, historien \u00e9m\u00e9rite, ancien directeur de TELEMMe, sp\u00e9cialiste de la R\u00e9sistance en Provence, a re\u00e7u les insignes de <a href=\"https:\/\/www.legifrance.gouv.fr\/jorf\/id\/JORFTEXT000050997606\">chevalier de la L\u00e9gion d&rsquo;honneur <\/a>des mains de <a href=\"https:\/\/x.com\/Prefet83\/status\/1927064063508390182\">Madame la ministre Patricia Miralles<\/a>, ministre d\u00e9l\u00e9gu\u00e9e aupr\u00e8s du ministre des Arm\u00e9es charg\u00e9e de la M\u00e9moire et des Anciens combattants, lundi 26 mai \u00e0 la Pr\u00e9fecture du Var.<\/p>\n\n\n\n<p>Cette distinction vient r\u00e9compenser plus de 50 ans d&rsquo;engagements scientifiques et pour la connaissance de la R\u00e9sistance en Provence, notamment en tant que <a href=\"https:\/\/www.defense.gouv.fr\/mission-liberation\/qui-sommes-nous\/conseil-scientifique-dorientation\/jean-marie-guillon-membre-du-conseil\">pr\u00e9sident du Conseil scientifique du M\u00e9morial du D\u00e9barquement<\/a> et de la lib\u00e9ration de la Provence du Mont Faron \u00e0 Toulon.<\/p>\n\n\n\n<p>Jean-Marie Guillon avait accept\u00e9 de retracer son parcours dans le film<a href=\"https:\/\/telemme.mmsh.fr\/?p=10132\"><em> La R\u00e9sistance sur les bords de la M\u00e9diterran\u00e9e. Un parcours d\u2019historien, Jean-Marie Guillon<\/em><\/a> r\u00e9alis\u00e9 en 2021 par Agn\u00e8s Maury (Les Films du Papillon), que vous pouvez retrouver ci-dessous.<\/p>\n\n\n\n<p>La direction et l&rsquo;ensemble des membres de TELEMMe f\u00e9licitent notre coll\u00e8gue et ancien directeur pour cette distinction et cette reconnaissance.<\/p>\n\n\n\n<figure class=\"wp-block-embed is-type-video is-provider-youtube wp-block-embed-youtube wp-embed-aspect-16-9 wp-has-aspect-ratio\"><div class=\"wp-block-embed__wrapper\">\n<div class=\"nv-iframe-embed\"><iframe loading=\"lazy\" title=\"La R\u00e9sistance sur les bords de la M\u00e9diterran\u00e9e. Un parcours d\u2019historien, Jean-Marie Guillon\" width=\"1200\" height=\"675\" src=\"https:\/\/www.youtube.com\/embed\/EGaOZlkCBbw?feature=oembed\" frameborder=\"0\" allow=\"accelerometer; autoplay; clipboard-write; encrypted-media; gyroscope; picture-in-picture; web-share\" referrerpolicy=\"strict-origin-when-cross-origin\" allowfullscreen><\/iframe><\/div>\n<\/div><\/figure>\n","protected":false},"excerpt":{"rendered":"<p>Jean-Marie Guillon, historien \u00e9m\u00e9rite, ancien directeur de TELEMMe, sp\u00e9cialiste de la R\u00e9sistance en Provence, a re\u00e7u les insignes de chevalier de la L\u00e9gion d&rsquo;honneur des mains de Madame la ministre&hellip;&nbsp;<a href=\"https:\/\/telemme.mmsh.fr\/?p=15631\" rel=\"bookmark\">Lire la suite &raquo;<span class=\"screen-reader-text\">Jean-Marie Guillon chevalier de la L\u00e9gion d&rsquo;honneur<\/span><\/a><\/p>\n","protected":false},"author":6,"featured_media":15634,"comment_status":"closed","ping_status":"closed","sticky":false,"template":"","format":"standard","meta":{"neve_meta_sidebar":"","neve_meta_container":"","neve_meta_enable_content_width":"off","neve_meta_content_width":70,"neve_meta_title_alignment":"","neve_meta_author_avatar":"","neve_post_elements_order":"","neve_meta_disable_header":"","neve_meta_disable_footer":"","neve_meta_disable_title":"","_tribe_events_control_status":"","_tribe_events_control_status_canceled_reason":"","_tribe_events_control_status_postponed_reason":"","_tribe_events_control_online":"","_tribe_events_control_online_url":"","footnotes":""},"categories":[2003],"tags":[2313,2963],"class_list":["post-15631","post","type-post","status-publish","format-standard","has-post-thumbnail","hentry","category-distinctions","tag-jean-marie-guillon","tag-legion-dhonneur"],"yoast_head":"<!-- This site is optimized with the Yoast SEO plugin v27.4 - https:\/\/yoast.com\/product\/yoast-seo-wordpress\/ -->\n<title>Jean-Marie Guillon chevalier de la L\u00e9gion d&#039;honneur - TELEMMe - Temps, espaces, langages, Europe m\u00e9ridionale, M\u00e9diterran\u00e9e<\/title>\n<meta name=\"robots\" content=\"index, follow, max-snippet:-1, max-image-preview:large, max-video-preview:-1\" \/>\n<link rel=\"canonical\" href=\"https:\/\/telemme.mmsh.fr\/?p=15631\" \/>\n<meta property=\"og:locale\" content=\"fr_FR\" \/>\n<meta property=\"og:type\" content=\"article\" \/>\n<meta property=\"og:title\" content=\"Jean-Marie Guillon chevalier de la L\u00e9gion d&#039;honneur - TELEMMe - Temps, espaces, langages, Europe m\u00e9ridionale, M\u00e9diterran\u00e9e\" \/>\n<meta property=\"og:description\" content=\"Jean-Marie Guillon, historien \u00e9m\u00e9rite, ancien directeur de TELEMMe, sp\u00e9cialiste de la R\u00e9sistance en Provence, a re\u00e7u les insignes de chevalier de la L\u00e9gion d&rsquo;honneur des mains de Madame la ministre&hellip;&nbsp;Lire la suite &raquo;Jean-Marie Guillon chevalier de la L\u00e9gion d&rsquo;honneur\" \/>\n<meta property=\"og:url\" content=\"https:\/\/telemme.mmsh.fr\/?p=15631\" \/>\n<meta property=\"og:site_name\" content=\"TELEMMe - Temps, espaces, langages, Europe m\u00e9ridionale, M\u00e9diterran\u00e9e\" \/>\n<meta property=\"article:published_time\" content=\"2025-06-19T15:31:46+00:00\" \/>\n<meta property=\"article:modified_time\" content=\"2025-06-19T15:36:57+00:00\" \/>\n<meta property=\"og:image\" content=\"https:\/\/telemme.mmsh.fr\/wp-content\/uploads\/2025\/06\/Guillon_LegionHonneur.jpeg\" \/>\n\t<meta property=\"og:image:width\" content=\"2048\" \/>\n\t<meta property=\"og:image:height\" content=\"1365\" \/>\n\t<meta property=\"og:image:type\" content=\"image\/jpeg\" \/>\n<meta name=\"author\" content=\"Delphine Cavallo\" \/>\n<meta name=\"twitter:card\" content=\"summary_large_image\" \/>\n<meta name=\"twitter:label1\" content=\"\u00c9crit par\" \/>\n\t<meta name=\"twitter:data1\" content=\"Delphine Cavallo\" \/>\n\t<meta name=\"twitter:label2\" content=\"Dur\u00e9e de lecture estim\u00e9e\" \/>\n\t<meta name=\"twitter:data2\" content=\"1 minute\" \/>\n<script type=\"application\/ld+json\" class=\"yoast-schema-graph\">{\"@context\":\"https:\\\/\\\/schema.org\",\"@graph\":[{\"@type\":\"Article\",\"@id\":\"https:\\\/\\\/telemme.mmsh.fr\\\/?p=15631#article\",\"isPartOf\":{\"@id\":\"https:\\\/\\\/telemme.mmsh.fr\\\/?p=15631\"},\"author\":{\"name\":\"Delphine Cavallo\",\"@id\":\"https:\\\/\\\/telemme.mmsh.fr\\\/#\\\/schema\\\/person\\\/86a185da4836381586528ced48e263f5\"},\"headline\":\"Jean-Marie Guillon chevalier de la L\u00e9gion d&rsquo;honneur\",\"datePublished\":\"2025-06-19T15:31:46+00:00\",\"dateModified\":\"2025-06-19T15:36:57+00:00\",\"mainEntityOfPage\":{\"@id\":\"https:\\\/\\\/telemme.mmsh.fr\\\/?p=15631\"},\"wordCount\":198,\"publisher\":{\"@id\":\"https:\\\/\\\/telemme.mmsh.fr\\\/#organization\"},\"image\":{\"@id\":\"https:\\\/\\\/telemme.mmsh.fr\\\/?p=15631#primaryimage\"},\"thumbnailUrl\":\"https:\\\/\\\/telemme.mmsh.fr\\\/wp-content\\\/uploads\\\/2025\\\/06\\\/Guillon_LegionHonneur.jpeg\",\"keywords\":[\"Jean-Marie-Guillon\",\"L\u00e9gion d'honneur\"],\"articleSection\":[\"Distinctions\"],\"inLanguage\":\"fr-FR\"},{\"@type\":\"WebPage\",\"@id\":\"https:\\\/\\\/telemme.mmsh.fr\\\/?p=15631\",\"url\":\"https:\\\/\\\/telemme.mmsh.fr\\\/?p=15631\",\"name\":\"Jean-Marie Guillon chevalier de la L\u00e9gion d'honneur - TELEMMe - Temps, espaces, langages, Europe m\u00e9ridionale, M\u00e9diterran\u00e9e\",\"isPartOf\":{\"@id\":\"https:\\\/\\\/telemme.mmsh.fr\\\/#website\"},\"primaryImageOfPage\":{\"@id\":\"https:\\\/\\\/telemme.mmsh.fr\\\/?p=15631#primaryimage\"},\"image\":{\"@id\":\"https:\\\/\\\/telemme.mmsh.fr\\\/?p=15631#primaryimage\"},\"thumbnailUrl\":\"https:\\\/\\\/telemme.mmsh.fr\\\/wp-content\\\/uploads\\\/2025\\\/06\\\/Guillon_LegionHonneur.jpeg\",\"datePublished\":\"2025-06-19T15:31:46+00:00\",\"dateModified\":\"2025-06-19T15:36:57+00:00\",\"breadcrumb\":{\"@id\":\"https:\\\/\\\/telemme.mmsh.fr\\\/?p=15631#breadcrumb\"},\"inLanguage\":\"fr-FR\",\"potentialAction\":[{\"@type\":\"ReadAction\",\"target\":[\"https:\\\/\\\/telemme.mmsh.fr\\\/?p=15631\"]}]},{\"@type\":\"ImageObject\",\"inLanguage\":\"fr-FR\",\"@id\":\"https:\\\/\\\/telemme.mmsh.fr\\\/?p=15631#primaryimage\",\"url\":\"https:\\\/\\\/telemme.mmsh.fr\\\/wp-content\\\/uploads\\\/2025\\\/06\\\/Guillon_LegionHonneur.jpeg\",\"contentUrl\":\"https:\\\/\\\/telemme.mmsh.fr\\\/wp-content\\\/uploads\\\/2025\\\/06\\\/Guillon_LegionHonneur.jpeg\",\"width\":2048,\"height\":1365,\"caption\":\"Jean-Marie Guillon recevant les insignes de chevalier de la L\u00e9gion d\u2019honneur des mains de Madame la ministre Patricia Miralles\"},{\"@type\":\"BreadcrumbList\",\"@id\":\"https:\\\/\\\/telemme.mmsh.fr\\\/?p=15631#breadcrumb\",\"itemListElement\":[{\"@type\":\"ListItem\",\"position\":1,\"name\":\"Accueil\",\"item\":\"https:\\\/\\\/telemme.mmsh.fr\\\/\"},{\"@type\":\"ListItem\",\"position\":2,\"name\":\"Actualit\u00e9s\",\"item\":\"https:\\\/\\\/telemme.mmsh.fr\\\/?cat=1995\"},{\"@type\":\"ListItem\",\"position\":3,\"name\":\"Distinctions\",\"item\":\"https:\\\/\\\/telemme.mmsh.fr\\\/?cat=2003\"},{\"@type\":\"ListItem\",\"position\":4,\"name\":\"Jean-Marie Guillon chevalier de la L\u00e9gion d&rsquo;honneur\"}]},{\"@type\":\"WebSite\",\"@id\":\"https:\\\/\\\/telemme.mmsh.fr\\\/#website\",\"url\":\"https:\\\/\\\/telemme.mmsh.fr\\\/\",\"name\":\"TELEMMe - Temps, espaces, langages, Europe m\u00e9ridionale, M\u00e9diterran\u00e9e\",\"description\":\"\",\"publisher\":{\"@id\":\"https:\\\/\\\/telemme.mmsh.fr\\\/#organization\"},\"potentialAction\":[{\"@type\":\"SearchAction\",\"target\":{\"@type\":\"EntryPoint\",\"urlTemplate\":\"https:\\\/\\\/telemme.mmsh.fr\\\/?s={search_term_string}\"},\"query-input\":{\"@type\":\"PropertyValueSpecification\",\"valueRequired\":true,\"valueName\":\"search_term_string\"}}],\"inLanguage\":\"fr-FR\"},{\"@type\":\"Organization\",\"@id\":\"https:\\\/\\\/telemme.mmsh.fr\\\/#organization\",\"name\":\"TELEMMe\",\"url\":\"https:\\\/\\\/telemme.mmsh.fr\\\/\",\"logo\":{\"@type\":\"ImageObject\",\"inLanguage\":\"fr-FR\",\"@id\":\"https:\\\/\\\/telemme.mmsh.fr\\\/#\\\/schema\\\/logo\\\/image\\\/\",\"url\":\"https:\\\/\\\/telemme.mmsh.fr\\\/wp-content\\\/uploads\\\/2020\\\/03\\\/LogoTELEMMe-horizontal-fond-transparent.png\",\"contentUrl\":\"https:\\\/\\\/telemme.mmsh.fr\\\/wp-content\\\/uploads\\\/2020\\\/03\\\/LogoTELEMMe-horizontal-fond-transparent.png\",\"width\":1500,\"height\":437,\"caption\":\"TELEMMe\"},\"image\":{\"@id\":\"https:\\\/\\\/telemme.mmsh.fr\\\/#\\\/schema\\\/logo\\\/image\\\/\"}},{\"@type\":\"Person\",\"@id\":\"https:\\\/\\\/telemme.mmsh.fr\\\/#\\\/schema\\\/person\\\/86a185da4836381586528ced48e263f5\",\"name\":\"Delphine Cavallo\",\"url\":\"https:\\\/\\\/telemme.mmsh.fr\\\/?author=6\"}]}<\/script>\n<!-- \/ Yoast SEO plugin. -->","yoast_head_json":{"title":"Jean-Marie Guillon chevalier de la L\u00e9gion d'honneur - TELEMMe - Temps, espaces, langages, Europe m\u00e9ridionale, M\u00e9diterran\u00e9e","robots":{"index":"index","follow":"follow","max-snippet":"max-snippet:-1","max-image-preview":"max-image-preview:large","max-video-preview":"max-video-preview:-1"},"canonical":"https:\/\/telemme.mmsh.fr\/?p=15631","og_locale":"fr_FR","og_type":"article","og_title":"Jean-Marie Guillon chevalier de la L\u00e9gion d'honneur - TELEMMe - Temps, espaces, langages, Europe m\u00e9ridionale, M\u00e9diterran\u00e9e","og_description":"Jean-Marie Guillon, historien \u00e9m\u00e9rite, ancien directeur de TELEMMe, sp\u00e9cialiste de la R\u00e9sistance en Provence, a re\u00e7u les insignes de chevalier de la L\u00e9gion d&rsquo;honneur des mains de Madame la ministre&hellip;&nbsp;Lire la suite &raquo;Jean-Marie Guillon chevalier de la L\u00e9gion d&rsquo;honneur","og_url":"https:\/\/telemme.mmsh.fr\/?p=15631","og_site_name":"TELEMMe - Temps, espaces, langages, Europe m\u00e9ridionale, M\u00e9diterran\u00e9e","article_published_time":"2025-06-19T15:31:46+00:00","article_modified_time":"2025-06-19T15:36:57+00:00","og_image":[{"width":2048,"height":1365,"url":"https:\/\/telemme.mmsh.fr\/wp-content\/uploads\/2025\/06\/Guillon_LegionHonneur.jpeg","type":"image\/jpeg"}],"author":"Delphine Cavallo","twitter_card":"summary_large_image","twitter_misc":{"\u00c9crit par":"Delphine Cavallo","Dur\u00e9e de lecture estim\u00e9e":"1 minute"},"schema":{"@context":"https:\/\/schema.org","@graph":[{"@type":"Article","@id":"https:\/\/telemme.mmsh.fr\/?p=15631#article","isPartOf":{"@id":"https:\/\/telemme.mmsh.fr\/?p=15631"},"author":{"name":"Delphine Cavallo","@id":"https:\/\/telemme.mmsh.fr\/#\/schema\/person\/86a185da4836381586528ced48e263f5"},"headline":"Jean-Marie Guillon chevalier de la L\u00e9gion d&rsquo;honneur","datePublished":"2025-06-19T15:31:46+00:00","dateModified":"2025-06-19T15:36:57+00:00","mainEntityOfPage":{"@id":"https:\/\/telemme.mmsh.fr\/?p=15631"},"wordCount":198,"publisher":{"@id":"https:\/\/telemme.mmsh.fr\/#organization"},"image":{"@id":"https:\/\/telemme.mmsh.fr\/?p=15631#primaryimage"},"thumbnailUrl":"https:\/\/telemme.mmsh.fr\/wp-content\/uploads\/2025\/06\/Guillon_LegionHonneur.jpeg","keywords":["Jean-Marie-Guillon","L\u00e9gion d'honneur"],"articleSection":["Distinctions"],"inLanguage":"fr-FR"},{"@type":"WebPage","@id":"https:\/\/telemme.mmsh.fr\/?p=15631","url":"https:\/\/telemme.mmsh.fr\/?p=15631","name":"Jean-Marie Guillon chevalier de la L\u00e9gion d'honneur - TELEMMe - Temps, espaces, langages, Europe m\u00e9ridionale, M\u00e9diterran\u00e9e","isPartOf":{"@id":"https:\/\/telemme.mmsh.fr\/#website"},"primaryImageOfPage":{"@id":"https:\/\/telemme.mmsh.fr\/?p=15631#primaryimage"},"image":{"@id":"https:\/\/telemme.mmsh.fr\/?p=15631#primaryimage"},"thumbnailUrl":"https:\/\/telemme.mmsh.fr\/wp-content\/uploads\/2025\/06\/Guillon_LegionHonneur.jpeg","datePublished":"2025-06-19T15:31:46+00:00","dateModified":"2025-06-19T15:36:57+00:00","breadcrumb":{"@id":"https:\/\/telemme.mmsh.fr\/?p=15631#breadcrumb"},"inLanguage":"fr-FR","potentialAction":[{"@type":"ReadAction","target":["https:\/\/telemme.mmsh.fr\/?p=15631"]}]},{"@type":"ImageObject","inLanguage":"fr-FR","@id":"https:\/\/telemme.mmsh.fr\/?p=15631#primaryimage","url":"https:\/\/telemme.mmsh.fr\/wp-content\/uploads\/2025\/06\/Guillon_LegionHonneur.jpeg","contentUrl":"https:\/\/telemme.mmsh.fr\/wp-content\/uploads\/2025\/06\/Guillon_LegionHonneur.jpeg","width":2048,"height":1365,"caption":"Jean-Marie Guillon recevant les insignes de chevalier de la L\u00e9gion d\u2019honneur des mains de Madame la ministre Patricia Miralles"},{"@type":"BreadcrumbList","@id":"https:\/\/telemme.mmsh.fr\/?p=15631#breadcrumb","itemListElement":[{"@type":"ListItem","position":1,"name":"Accueil","item":"https:\/\/telemme.mmsh.fr\/"},{"@type":"ListItem","position":2,"name":"Actualit\u00e9s","item":"https:\/\/telemme.mmsh.fr\/?cat=1995"},{"@type":"ListItem","position":3,"name":"Distinctions","item":"https:\/\/telemme.mmsh.fr\/?cat=2003"},{"@type":"ListItem","position":4,"name":"Jean-Marie Guillon chevalier de la L\u00e9gion d&rsquo;honneur"}]},{"@type":"WebSite","@id":"https:\/\/telemme.mmsh.fr\/#website","url":"https:\/\/telemme.mmsh.fr\/","name":"TELEMMe - Temps, espaces, langages, Europe m\u00e9ridionale, M\u00e9diterran\u00e9e","description":"","publisher":{"@id":"https:\/\/telemme.mmsh.fr\/#organization"},"potentialAction":[{"@type":"SearchAction","target":{"@type":"EntryPoint","urlTemplate":"https:\/\/telemme.mmsh.fr\/?s={search_term_string}"},"query-input":{"@type":"PropertyValueSpecification","valueRequired":true,"valueName":"search_term_string"}}],"inLanguage":"fr-FR"},{"@type":"Organization","@id":"https:\/\/telemme.mmsh.fr\/#organization","name":"TELEMMe","url":"https:\/\/telemme.mmsh.fr\/","logo":{"@type":"ImageObject","inLanguage":"fr-FR","@id":"https:\/\/telemme.mmsh.fr\/#\/schema\/logo\/image\/","url":"https:\/\/telemme.mmsh.fr\/wp-content\/uploads\/2020\/03\/LogoTELEMMe-horizontal-fond-transparent.png","contentUrl":"https:\/\/telemme.mmsh.fr\/wp-content\/uploads\/2020\/03\/LogoTELEMMe-horizontal-fond-transparent.png","width":1500,"height":437,"caption":"TELEMMe"},"image":{"@id":"https:\/\/telemme.mmsh.fr\/#\/schema\/logo\/image\/"}},{"@type":"Person","@id":"https:\/\/telemme.mmsh.fr\/#\/schema\/person\/86a185da4836381586528ced48e263f5","name":"Delphine Cavallo","url":"https:\/\/telemme.mmsh.fr\/?author=6"}]}},"_links":{"self":[{"href":"https:\/\/telemme.mmsh.fr\/index.php?rest_route=\/wp\/v2\/posts\/15631","targetHints":{"allow":["GET"]}}],"collection":[{"href":"https:\/\/telemme.mmsh.fr\/index.php?rest_route=\/wp\/v2\/posts"}],"about":[{"href":"https:\/\/telemme.mmsh.fr\/index.php?rest_route=\/wp\/v2\/types\/post"}],"author":[{"embeddable":true,"href":"https:\/\/telemme.mmsh.fr\/index.php?rest_route=\/wp\/v2\/users\/6"}],"replies":[{"embeddable":true,"href":"https:\/\/telemme.mmsh.fr\/index.php?rest_route=%2Fwp%2Fv2%2Fcomments&post=15631"}],"version-history":[{"count":6,"href":"https:\/\/telemme.mmsh.fr\/index.php?rest_route=\/wp\/v2\/posts\/15631\/revisions"}],"predecessor-version":[{"id":15638,"href":"https:\/\/telemme.mmsh.fr\/index.php?rest_route=\/wp\/v2\/posts\/15631\/revisions\/15638"}],"wp:featuredmedia":[{"embeddable":true,"href":"https:\/\/telemme.mmsh.fr\/index.php?rest_route=\/wp\/v2\/media\/15634"}],"wp:attachment":[{"href":"https:\/\/telemme.mmsh.fr\/index.php?rest_route=%2Fwp%2Fv2%2Fmedia&parent=15631"}],"wp:term":[{"taxonomy":"category","embeddable":true,"href":"https:\/\/telemme.mmsh.fr\/index.php?rest_route=%2Fwp%2Fv2%2Fcategories&post=15631"},{"taxonomy":"post_tag","embeddable":true,"href":"https:\/\/telemme.mmsh.fr\/index.php?rest_route=%2Fwp%2Fv2%2Ftags&post=15631"}],"curies":[{"name":"wp","href":"https:\/\/api.w.org\/{rel}","templated":true}]}}