{"id":15524,"date":"2025-05-09T15:38:49","date_gmt":"2025-05-09T13:38:49","guid":{"rendered":"https:\/\/telemme.mmsh.fr\/?p=15524"},"modified":"2025-05-09T15:38:50","modified_gmt":"2025-05-09T13:38:50","slug":"hommage-a-robert-mencherini","status":"publish","type":"post","link":"https:\/\/telemme.mmsh.fr\/?p=15524","title":{"rendered":"Hommage \u00e0 Robert Mencherini"},"content":{"rendered":"\n<p>Chers et ch\u00e8res coll\u00e8gues,<\/p>\n\n\n\n<p>Vous avez \u00e9t\u00e9 nombreux \u00e0 manifester votre \u00e9motion \u00e0 l\u2019annonce du d\u00e9c\u00e8s de Robert Mencherini, membre de TELEMMe, disparu le 20 avril 2025 \u00e0 Aix-en-Provence. \u00c0 cette occasion, la direction de TELEMMe voudrait partager avec vous le texte que G\u00e9rard Leidet, pr\u00e9sident de l\u2019association <a href=\"https:\/\/www.promemo.fr\/\">PROMEMO<\/a>, a envoy\u00e9 au laboratoire. Fond\u00e9e par Robert Mencherini en 1999, cette association, qui articule histoire du mouvement ouvrier et questions m\u00e9morielles, publie des travaux scientifiques exigeants en les rendant accessibles \u00e0 un large public. Nous remercions vivement G\u00e9rard Leidet pour ce texte qui met en valeur l\u2019engagement de Robert Mencherini en faveur du collectif et de la promotion de recherches locales qui contribuent au rayonnement de notre production scientifique. En diffusant ce texte, nous nous associons \u00e0 l\u2019hommage qui lui est ainsi rendu.<\/p>\n\n\n\n<p>Avec nos sentiments d\u00e9vou\u00e9s,<br>Isabelle Renaudet, Alexandre Grondeau<\/p>\n\n\n\n<hr class=\"wp-block-separator has-alpha-channel-opacity\"\/>\n\n\n\n<h2 class=\"wp-block-heading\">Pour Robert Mencherini (1945-2025)<\/h2>\n\n\n\n<p>C\u2019est en novembre 1999 que Robert Mencherini, alors professeur \u00e0 l\u2019universit\u00e9 d\u2019Aix-Marseille d\u00e9cida de cr\u00e9er l\u2019association PROMEMO &#8211; <em>Provence, m\u00e9moire et monde ouvrier<\/em>. Il le fit en f\u00e9d\u00e9rant autour de lui une \u00e9quipe compos\u00e9e d\u2019universitaires (Jean Marie-Guillon, Jean Domenichino, notamment), de professeurs du secondaire, d\u2019instituteurs et de militants syndicaux dans leur diversit\u00e9 (CGT, CFDT, FSU).\u00a0 Son\u00a0 approche fut singuli\u00e8re, marqu\u00e9e du sceau de \u00ab\u00a0<em>l\u2019amalgame\u00a0\u00bb<\/em> au sens (toutes proportions gard\u00e9es) de l\u2019An II de la R\u00e9volution fran\u00e7aise, m\u00ealant ainsi historiens professionnels, amateurs passionn\u00e9s d\u2019histoire sociale\u00a0 (<em>dilettantes <\/em>dans la signification classique du mot<sup data-fn=\"d08d298f-e7b8-409c-881f-0d24a0f15a3b\" class=\"fn\"><a id=\"d08d298f-e7b8-409c-881f-0d24a0f15a3b-link\" href=\"#d08d298f-e7b8-409c-881f-0d24a0f15a3b\">1<\/a><\/sup> ), militant.e.s\u2026 Ce qui permit d\u2019utiles articulations renouvel\u00e9es entre m\u00e9moire et histoire&#8230;<\/p>\n\n\n\n<p>Rapidement Robert Mencherini insuffla un travail collectif articul\u00e9 autour du <em>Bulletin de PROMEMO,<\/em> de journ\u00e9es d\u2019\u00e9tudes th\u00e9matiques annuelles, et <em>de la r\u00e9daction de notices biographiques pour le Maitron (voir note 2), <\/em>permettant \u00e0 chacun.e de trouver sa place dans l\u2019une ou l\u2019autre de ces initiatives.\u00a0 Dans une p\u00e9riode o\u00f9 l\u2019histoire du mouvement ouvrier (ou tout au moins \u00ab la centralit\u00e9 ouvri\u00e8re \u00bb) commen\u00e7ait \u00e0 refluer au sein de l\u2019universit\u00e9<sup data-fn=\"04714843-a019-44ca-857d-5db4c8f0722e\" class=\"fn\"><a id=\"04714843-a019-44ca-857d-5db4c8f0722e-link\" href=\"#04714843-a019-44ca-857d-5db4c8f0722e\">2<\/a><\/sup> , il joua au sein de notre association un r\u00f4le f\u00e9cond de passeur et de p\u00e9dagogue <em>pour l\u2019histoire du mouvement ouvrier proven\u00e7al.<\/em><\/p>\n\n\n\n<p>\u00c0 relire aujourd\u2019hui le premier \u00e9ditorial que Robert Mencherini r\u00e9digea en novembre 2003<sup data-fn=\"1ea21175-7807-40f6-9e87-6a11ceb74f0c\" class=\"fn\"><a href=\"#1ea21175-7807-40f6-9e87-6a11ceb74f0c\" id=\"1ea21175-7807-40f6-9e87-6a11ceb74f0c-link\">3<\/a><\/sup> ,  on mesure le chemin parcouru depuis l\u2019\u00e9poque o\u00f9 il nous engageait avec rigueur et passion \u00e0 encourager et \u00ab d\u00e9velopper les recherches scientifiques autour de l\u2019histoire du monde ouvrier en Provence, \u00e0 favoriser aussi la conservation des archives les concernant, et \u00e0 faciliter enfin toutes les initiatives touchant \u00e0 l\u2019histoire sociale et politique de la Provence contemporaine \u00bb. Mais on mesure aussi et surtout le vide que va laisser la disparition de celui qui incarna, aupr\u00e8s de chacun.e de nous, les mots que Jean Maitron avait emprunt\u00e9s (en partie) \u00e0 Jean Bodin : \u00ab Dans le mouvement ouvrier, il n\u2019est de richesse que d\u2019hommes et de femmes \u00bb\u2026<\/p>\n\n\n\n<p class=\"has-text-align-right\"><strong>G\u00e9rard Leidet<\/strong><br>Pr\u00e9sident de PROMEMO<br><em>Gr\u00e9asque<\/em><\/p>\n\n\n\n<hr class=\"wp-block-separator has-alpha-channel-opacity is-style-dots\"\/>\n\n\n<ol class=\"wp-block-footnotes\"><li id=\"d08d298f-e7b8-409c-881f-0d24a0f15a3b\">Voir l\u2019article de Bernard R\u00e9gaudiat \u00ab\u00a0Dilettantisme, histoire et mouvement ouvrier\u00a0\u00bb dans la <a href=\"https:\/\/www.promemo.fr\/page-6\">revue <em>PROMEMO<\/em><\/a> n\u00b0 23 de janvier 2022, pp. 13-15. <a href=\"#d08d298f-e7b8-409c-881f-0d24a0f15a3b-link\" aria-label=\"Aller \u00e0 la note de bas de page 1\">\u21a9\ufe0e<\/a><\/li><li id=\"04714843-a019-44ca-857d-5db4c8f0722e\">Qu\u2019on songe aux\u00a0 stimulantes ann\u00e9es 1955-1985 de cette partie de l\u2019histoire sociale qui virent, notamment, l\u2019\u00e9dification de l\u2019\u0153uvre de Jean Maitron* avec l\u2019\u00e9dification des 43 volumes du <em><a href=\"http:\/\/maitron.fr\">Dictionnaire biographique du Mouvement ouvrier<\/a> aux <\/em>\u00c9ditions de l\u2019Atelier. <a href=\"#04714843-a019-44ca-857d-5db4c8f0722e-link\" aria-label=\"Aller \u00e0 la note de bas de page 2\">\u21a9\ufe0e<\/a><\/li><li id=\"1ea21175-7807-40f6-9e87-6a11ceb74f0c\"><em>Le Bulletin de PROMEMO <\/em>n\u00b0 1, novembre 2003, avec outre la pr\u00e9sentation de Robert, des articles de J. L. Charri\u00e8re, R. Dray-Bensousan, P. Hauti\u00e8re, J. C. Lahaxe, et G\u00e9rard Leidet. <a href=\"#1ea21175-7807-40f6-9e87-6a11ceb74f0c-link\" aria-label=\"Aller \u00e0 la note de bas de page 3\">\u21a9\ufe0e<\/a><\/li><\/ol>\n\n\n<hr class=\"wp-block-separator has-alpha-channel-opacity\"\/>\n\n\n\n<p><strong>Retrouvez \u00e9galement les hommages \u00e0 Robert Mencherini <\/strong><\/p>\n\n\n\n<ul class=\"wp-block-list\">\n<li>d&rsquo;Alain Paire dans<em> La Marseillaise<\/em> : \u00ab\u00a0<a href=\"https:\/\/www.lamarseillaise.fr\/societe\/robert-mencherini-historien-de-la-resistance-CL18022572\">Robert Mencherini, historien de la R\u00e9sistance<\/a>\u00a0\u00bb <\/li>\n\n\n\n<li>Des Mus\u00e9es de Marseille sur leur site : \u00ab\u00a0<a href=\"https:\/\/musee-histoire.marseille.fr\/actualites\/la-memoire-de-robert-mencherini-1945-2025-historien-specialiste-de-la-seconde-guerre\">\u00c0 la M\u00e9moire de Robert Mencherini (1945-2025), historien sp\u00e9cialiste de la Seconde Guerre mondiale<\/a>\u00ab\u00a0<\/li>\n<\/ul>\n\n\n\n<p><\/p>\n","protected":false},"excerpt":{"rendered":"<p>Hommage \u00e0 Robert Mencherini<\/p>\n","protected":false},"author":6,"featured_media":15530,"comment_status":"closed","ping_status":"closed","sticky":false,"template":"","format":"standard","meta":{"neve_meta_sidebar":"","neve_meta_container":"","neve_meta_enable_content_width":"off","neve_meta_content_width":70,"neve_meta_title_alignment":"","neve_meta_author_avatar":"","neve_post_elements_order":"","neve_meta_disable_header":"","neve_meta_disable_footer":"","neve_meta_disable_title":"","_tribe_events_control_status":"","_tribe_events_control_status_canceled_reason":"","_tribe_events_control_status_postponed_reason":"","_tribe_events_control_online":"","_tribe_events_control_online_url":"","footnotes":"[{\"content\":\"Voir l\u2019article de Bernard R\u00e9gaudiat \u00ab\u00a0Dilettantisme, histoire et mouvement ouvrier\u00a0\u00bb dans la <a href=\\\"https:\/\/www.promemo.fr\/page-6\\\">revue <em>PROMEMO<\/em><\/a> n\u00b0 23 de janvier 2022, pp. 13-15.\",\"id\":\"d08d298f-e7b8-409c-881f-0d24a0f15a3b\"},{\"content\":\"Qu\u2019on songe aux\u00a0 stimulantes ann\u00e9es 1955-1985 de cette partie de l\u2019histoire sociale qui virent, notamment, l\u2019\u00e9dification de l\u2019\u0153uvre de Jean Maitron* avec l\u2019\u00e9dification des 43 volumes du <em><a href=\\\"http:\/\/maitron.fr\\\">Dictionnaire biographique du Mouvement ouvrier<\/a> aux <\/em>\u00c9ditions de l\u2019Atelier.\",\"id\":\"04714843-a019-44ca-857d-5db4c8f0722e\"},{\"content\":\"<em>Le Bulletin de PROMEMO <\/em>n\u00b0 1, novembre 2003, avec outre la pr\u00e9sentation de Robert, des articles de J. L. Charri\u00e8re, R. Dray-Bensousan, P. Hauti\u00e8re, J. C. Lahaxe, et G\u00e9rard Leidet.\",\"id\":\"1ea21175-7807-40f6-9e87-6a11ceb74f0c\"}]"},"categories":[2007],"tags":[2943,2944],"class_list":["post-15524","post","type-post","status-publish","format-standard","has-post-thumbnail","hentry","category-informations","tag-disparition","tag-robert-mencherini"],"yoast_head":"<!-- This site is optimized with the Yoast SEO plugin v27.4 - https:\/\/yoast.com\/product\/yoast-seo-wordpress\/ -->\n<title>Hommage \u00e0 Robert Mencherini - TELEMMe - Temps, espaces, langages, Europe m\u00e9ridionale, M\u00e9diterran\u00e9e<\/title>\n<meta name=\"robots\" content=\"index, follow, max-snippet:-1, max-image-preview:large, max-video-preview:-1\" \/>\n<link rel=\"canonical\" href=\"https:\/\/telemme.mmsh.fr\/?p=15524\" \/>\n<meta property=\"og:locale\" content=\"fr_FR\" \/>\n<meta property=\"og:type\" content=\"article\" \/>\n<meta property=\"og:title\" content=\"Hommage \u00e0 Robert Mencherini - TELEMMe - Temps, espaces, langages, Europe m\u00e9ridionale, M\u00e9diterran\u00e9e\" \/>\n<meta property=\"og:description\" content=\"Hommage \u00e0 Robert Mencherini\" \/>\n<meta property=\"og:url\" content=\"https:\/\/telemme.mmsh.fr\/?p=15524\" \/>\n<meta property=\"og:site_name\" content=\"TELEMMe - Temps, espaces, langages, Europe m\u00e9ridionale, M\u00e9diterran\u00e9e\" \/>\n<meta property=\"article:published_time\" content=\"2025-05-09T13:38:49+00:00\" \/>\n<meta property=\"article:modified_time\" content=\"2025-05-09T13:38:50+00:00\" \/>\n<meta property=\"og:image\" content=\"https:\/\/telemme.mmsh.fr\/wp-content\/uploads\/2025\/05\/mecherini.jpeg\" \/>\n\t<meta property=\"og:image:width\" content=\"649\" \/>\n\t<meta property=\"og:image:height\" content=\"430\" \/>\n\t<meta property=\"og:image:type\" content=\"image\/jpeg\" \/>\n<meta name=\"author\" content=\"Delphine Cavallo\" \/>\n<meta name=\"twitter:card\" content=\"summary_large_image\" \/>\n<meta name=\"twitter:label1\" content=\"\u00c9crit par\" \/>\n\t<meta name=\"twitter:data1\" content=\"Delphine Cavallo\" \/>\n\t<meta name=\"twitter:label2\" content=\"Dur\u00e9e de lecture estim\u00e9e\" \/>\n\t<meta name=\"twitter:data2\" content=\"3 minutes\" \/>\n<script type=\"application\/ld+json\" class=\"yoast-schema-graph\">{\"@context\":\"https:\\\/\\\/schema.org\",\"@graph\":[{\"@type\":\"Article\",\"@id\":\"https:\\\/\\\/telemme.mmsh.fr\\\/?p=15524#article\",\"isPartOf\":{\"@id\":\"https:\\\/\\\/telemme.mmsh.fr\\\/?p=15524\"},\"author\":{\"name\":\"Delphine Cavallo\",\"@id\":\"https:\\\/\\\/telemme.mmsh.fr\\\/#\\\/schema\\\/person\\\/86a185da4836381586528ced48e263f5\"},\"headline\":\"Hommage \u00e0 Robert Mencherini\",\"datePublished\":\"2025-05-09T13:38:49+00:00\",\"dateModified\":\"2025-05-09T13:38:50+00:00\",\"mainEntityOfPage\":{\"@id\":\"https:\\\/\\\/telemme.mmsh.fr\\\/?p=15524\"},\"wordCount\":553,\"publisher\":{\"@id\":\"https:\\\/\\\/telemme.mmsh.fr\\\/#organization\"},\"image\":{\"@id\":\"https:\\\/\\\/telemme.mmsh.fr\\\/?p=15524#primaryimage\"},\"thumbnailUrl\":\"https:\\\/\\\/telemme.mmsh.fr\\\/wp-content\\\/uploads\\\/2025\\\/05\\\/mecherini.jpeg\",\"keywords\":[\"disparition\",\"Robert Mencherini\"],\"articleSection\":[\"Informations\"],\"inLanguage\":\"fr-FR\"},{\"@type\":\"WebPage\",\"@id\":\"https:\\\/\\\/telemme.mmsh.fr\\\/?p=15524\",\"url\":\"https:\\\/\\\/telemme.mmsh.fr\\\/?p=15524\",\"name\":\"Hommage \u00e0 Robert Mencherini - TELEMMe - Temps, espaces, langages, Europe m\u00e9ridionale, M\u00e9diterran\u00e9e\",\"isPartOf\":{\"@id\":\"https:\\\/\\\/telemme.mmsh.fr\\\/#website\"},\"primaryImageOfPage\":{\"@id\":\"https:\\\/\\\/telemme.mmsh.fr\\\/?p=15524#primaryimage\"},\"image\":{\"@id\":\"https:\\\/\\\/telemme.mmsh.fr\\\/?p=15524#primaryimage\"},\"thumbnailUrl\":\"https:\\\/\\\/telemme.mmsh.fr\\\/wp-content\\\/uploads\\\/2025\\\/05\\\/mecherini.jpeg\",\"datePublished\":\"2025-05-09T13:38:49+00:00\",\"dateModified\":\"2025-05-09T13:38:50+00:00\",\"breadcrumb\":{\"@id\":\"https:\\\/\\\/telemme.mmsh.fr\\\/?p=15524#breadcrumb\"},\"inLanguage\":\"fr-FR\",\"potentialAction\":[{\"@type\":\"ReadAction\",\"target\":[\"https:\\\/\\\/telemme.mmsh.fr\\\/?p=15524\"]}]},{\"@type\":\"ImageObject\",\"inLanguage\":\"fr-FR\",\"@id\":\"https:\\\/\\\/telemme.mmsh.fr\\\/?p=15524#primaryimage\",\"url\":\"https:\\\/\\\/telemme.mmsh.fr\\\/wp-content\\\/uploads\\\/2025\\\/05\\\/mecherini.jpeg\",\"contentUrl\":\"https:\\\/\\\/telemme.mmsh.fr\\\/wp-content\\\/uploads\\\/2025\\\/05\\\/mecherini.jpeg\",\"width\":649,\"height\":430,\"caption\":\"Deux photos de Robert Mencherini, par DR\"},{\"@type\":\"BreadcrumbList\",\"@id\":\"https:\\\/\\\/telemme.mmsh.fr\\\/?p=15524#breadcrumb\",\"itemListElement\":[{\"@type\":\"ListItem\",\"position\":1,\"name\":\"Accueil\",\"item\":\"https:\\\/\\\/telemme.mmsh.fr\\\/\"},{\"@type\":\"ListItem\",\"position\":2,\"name\":\"Actualit\u00e9s\",\"item\":\"https:\\\/\\\/telemme.mmsh.fr\\\/?cat=1995\"},{\"@type\":\"ListItem\",\"position\":3,\"name\":\"Informations\",\"item\":\"https:\\\/\\\/telemme.mmsh.fr\\\/?cat=2007\"},{\"@type\":\"ListItem\",\"position\":4,\"name\":\"Hommage \u00e0 Robert Mencherini\"}]},{\"@type\":\"WebSite\",\"@id\":\"https:\\\/\\\/telemme.mmsh.fr\\\/#website\",\"url\":\"https:\\\/\\\/telemme.mmsh.fr\\\/\",\"name\":\"TELEMMe - Temps, espaces, langages, Europe m\u00e9ridionale, M\u00e9diterran\u00e9e\",\"description\":\"\",\"publisher\":{\"@id\":\"https:\\\/\\\/telemme.mmsh.fr\\\/#organization\"},\"potentialAction\":[{\"@type\":\"SearchAction\",\"target\":{\"@type\":\"EntryPoint\",\"urlTemplate\":\"https:\\\/\\\/telemme.mmsh.fr\\\/?s={search_term_string}\"},\"query-input\":{\"@type\":\"PropertyValueSpecification\",\"valueRequired\":true,\"valueName\":\"search_term_string\"}}],\"inLanguage\":\"fr-FR\"},{\"@type\":\"Organization\",\"@id\":\"https:\\\/\\\/telemme.mmsh.fr\\\/#organization\",\"name\":\"TELEMMe\",\"url\":\"https:\\\/\\\/telemme.mmsh.fr\\\/\",\"logo\":{\"@type\":\"ImageObject\",\"inLanguage\":\"fr-FR\",\"@id\":\"https:\\\/\\\/telemme.mmsh.fr\\\/#\\\/schema\\\/logo\\\/image\\\/\",\"url\":\"https:\\\/\\\/telemme.mmsh.fr\\\/wp-content\\\/uploads\\\/2020\\\/03\\\/LogoTELEMMe-horizontal-fond-transparent.png\",\"contentUrl\":\"https:\\\/\\\/telemme.mmsh.fr\\\/wp-content\\\/uploads\\\/2020\\\/03\\\/LogoTELEMMe-horizontal-fond-transparent.png\",\"width\":1500,\"height\":437,\"caption\":\"TELEMMe\"},\"image\":{\"@id\":\"https:\\\/\\\/telemme.mmsh.fr\\\/#\\\/schema\\\/logo\\\/image\\\/\"}},{\"@type\":\"Person\",\"@id\":\"https:\\\/\\\/telemme.mmsh.fr\\\/#\\\/schema\\\/person\\\/86a185da4836381586528ced48e263f5\",\"name\":\"Delphine Cavallo\",\"url\":\"https:\\\/\\\/telemme.mmsh.fr\\\/?author=6\"}]}<\/script>\n<!-- \/ Yoast SEO plugin. -->","yoast_head_json":{"title":"Hommage \u00e0 Robert Mencherini - TELEMMe - Temps, espaces, langages, Europe m\u00e9ridionale, M\u00e9diterran\u00e9e","robots":{"index":"index","follow":"follow","max-snippet":"max-snippet:-1","max-image-preview":"max-image-preview:large","max-video-preview":"max-video-preview:-1"},"canonical":"https:\/\/telemme.mmsh.fr\/?p=15524","og_locale":"fr_FR","og_type":"article","og_title":"Hommage \u00e0 Robert Mencherini - TELEMMe - Temps, espaces, langages, Europe m\u00e9ridionale, M\u00e9diterran\u00e9e","og_description":"Hommage \u00e0 Robert Mencherini","og_url":"https:\/\/telemme.mmsh.fr\/?p=15524","og_site_name":"TELEMMe - Temps, espaces, langages, Europe m\u00e9ridionale, M\u00e9diterran\u00e9e","article_published_time":"2025-05-09T13:38:49+00:00","article_modified_time":"2025-05-09T13:38:50+00:00","og_image":[{"width":649,"height":430,"url":"https:\/\/telemme.mmsh.fr\/wp-content\/uploads\/2025\/05\/mecherini.jpeg","type":"image\/jpeg"}],"author":"Delphine Cavallo","twitter_card":"summary_large_image","twitter_misc":{"\u00c9crit par":"Delphine Cavallo","Dur\u00e9e de lecture estim\u00e9e":"3 minutes"},"schema":{"@context":"https:\/\/schema.org","@graph":[{"@type":"Article","@id":"https:\/\/telemme.mmsh.fr\/?p=15524#article","isPartOf":{"@id":"https:\/\/telemme.mmsh.fr\/?p=15524"},"author":{"name":"Delphine Cavallo","@id":"https:\/\/telemme.mmsh.fr\/#\/schema\/person\/86a185da4836381586528ced48e263f5"},"headline":"Hommage \u00e0 Robert Mencherini","datePublished":"2025-05-09T13:38:49+00:00","dateModified":"2025-05-09T13:38:50+00:00","mainEntityOfPage":{"@id":"https:\/\/telemme.mmsh.fr\/?p=15524"},"wordCount":553,"publisher":{"@id":"https:\/\/telemme.mmsh.fr\/#organization"},"image":{"@id":"https:\/\/telemme.mmsh.fr\/?p=15524#primaryimage"},"thumbnailUrl":"https:\/\/telemme.mmsh.fr\/wp-content\/uploads\/2025\/05\/mecherini.jpeg","keywords":["disparition","Robert Mencherini"],"articleSection":["Informations"],"inLanguage":"fr-FR"},{"@type":"WebPage","@id":"https:\/\/telemme.mmsh.fr\/?p=15524","url":"https:\/\/telemme.mmsh.fr\/?p=15524","name":"Hommage \u00e0 Robert Mencherini - TELEMMe - Temps, espaces, langages, Europe m\u00e9ridionale, M\u00e9diterran\u00e9e","isPartOf":{"@id":"https:\/\/telemme.mmsh.fr\/#website"},"primaryImageOfPage":{"@id":"https:\/\/telemme.mmsh.fr\/?p=15524#primaryimage"},"image":{"@id":"https:\/\/telemme.mmsh.fr\/?p=15524#primaryimage"},"thumbnailUrl":"https:\/\/telemme.mmsh.fr\/wp-content\/uploads\/2025\/05\/mecherini.jpeg","datePublished":"2025-05-09T13:38:49+00:00","dateModified":"2025-05-09T13:38:50+00:00","breadcrumb":{"@id":"https:\/\/telemme.mmsh.fr\/?p=15524#breadcrumb"},"inLanguage":"fr-FR","potentialAction":[{"@type":"ReadAction","target":["https:\/\/telemme.mmsh.fr\/?p=15524"]}]},{"@type":"ImageObject","inLanguage":"fr-FR","@id":"https:\/\/telemme.mmsh.fr\/?p=15524#primaryimage","url":"https:\/\/telemme.mmsh.fr\/wp-content\/uploads\/2025\/05\/mecherini.jpeg","contentUrl":"https:\/\/telemme.mmsh.fr\/wp-content\/uploads\/2025\/05\/mecherini.jpeg","width":649,"height":430,"caption":"Deux photos de Robert Mencherini, par DR"},{"@type":"BreadcrumbList","@id":"https:\/\/telemme.mmsh.fr\/?p=15524#breadcrumb","itemListElement":[{"@type":"ListItem","position":1,"name":"Accueil","item":"https:\/\/telemme.mmsh.fr\/"},{"@type":"ListItem","position":2,"name":"Actualit\u00e9s","item":"https:\/\/telemme.mmsh.fr\/?cat=1995"},{"@type":"ListItem","position":3,"name":"Informations","item":"https:\/\/telemme.mmsh.fr\/?cat=2007"},{"@type":"ListItem","position":4,"name":"Hommage \u00e0 Robert Mencherini"}]},{"@type":"WebSite","@id":"https:\/\/telemme.mmsh.fr\/#website","url":"https:\/\/telemme.mmsh.fr\/","name":"TELEMMe - Temps, espaces, langages, Europe m\u00e9ridionale, M\u00e9diterran\u00e9e","description":"","publisher":{"@id":"https:\/\/telemme.mmsh.fr\/#organization"},"potentialAction":[{"@type":"SearchAction","target":{"@type":"EntryPoint","urlTemplate":"https:\/\/telemme.mmsh.fr\/?s={search_term_string}"},"query-input":{"@type":"PropertyValueSpecification","valueRequired":true,"valueName":"search_term_string"}}],"inLanguage":"fr-FR"},{"@type":"Organization","@id":"https:\/\/telemme.mmsh.fr\/#organization","name":"TELEMMe","url":"https:\/\/telemme.mmsh.fr\/","logo":{"@type":"ImageObject","inLanguage":"fr-FR","@id":"https:\/\/telemme.mmsh.fr\/#\/schema\/logo\/image\/","url":"https:\/\/telemme.mmsh.fr\/wp-content\/uploads\/2020\/03\/LogoTELEMMe-horizontal-fond-transparent.png","contentUrl":"https:\/\/telemme.mmsh.fr\/wp-content\/uploads\/2020\/03\/LogoTELEMMe-horizontal-fond-transparent.png","width":1500,"height":437,"caption":"TELEMMe"},"image":{"@id":"https:\/\/telemme.mmsh.fr\/#\/schema\/logo\/image\/"}},{"@type":"Person","@id":"https:\/\/telemme.mmsh.fr\/#\/schema\/person\/86a185da4836381586528ced48e263f5","name":"Delphine Cavallo","url":"https:\/\/telemme.mmsh.fr\/?author=6"}]}},"_links":{"self":[{"href":"https:\/\/telemme.mmsh.fr\/index.php?rest_route=\/wp\/v2\/posts\/15524","targetHints":{"allow":["GET"]}}],"collection":[{"href":"https:\/\/telemme.mmsh.fr\/index.php?rest_route=\/wp\/v2\/posts"}],"about":[{"href":"https:\/\/telemme.mmsh.fr\/index.php?rest_route=\/wp\/v2\/types\/post"}],"author":[{"embeddable":true,"href":"https:\/\/telemme.mmsh.fr\/index.php?rest_route=\/wp\/v2\/users\/6"}],"replies":[{"embeddable":true,"href":"https:\/\/telemme.mmsh.fr\/index.php?rest_route=%2Fwp%2Fv2%2Fcomments&post=15524"}],"version-history":[{"count":10,"href":"https:\/\/telemme.mmsh.fr\/index.php?rest_route=\/wp\/v2\/posts\/15524\/revisions"}],"predecessor-version":[{"id":15535,"href":"https:\/\/telemme.mmsh.fr\/index.php?rest_route=\/wp\/v2\/posts\/15524\/revisions\/15535"}],"wp:featuredmedia":[{"embeddable":true,"href":"https:\/\/telemme.mmsh.fr\/index.php?rest_route=\/wp\/v2\/media\/15530"}],"wp:attachment":[{"href":"https:\/\/telemme.mmsh.fr\/index.php?rest_route=%2Fwp%2Fv2%2Fmedia&parent=15524"}],"wp:term":[{"taxonomy":"category","embeddable":true,"href":"https:\/\/telemme.mmsh.fr\/index.php?rest_route=%2Fwp%2Fv2%2Fcategories&post=15524"},{"taxonomy":"post_tag","embeddable":true,"href":"https:\/\/telemme.mmsh.fr\/index.php?rest_route=%2Fwp%2Fv2%2Ftags&post=15524"}],"curies":[{"name":"wp","href":"https:\/\/api.w.org\/{rel}","templated":true}]}}