{"id":15472,"date":"2025-04-29T11:56:14","date_gmt":"2025-04-29T09:56:14","guid":{"rendered":"https:\/\/telemme.mmsh.fr\/?p=15472"},"modified":"2025-04-29T11:56:15","modified_gmt":"2025-04-29T09:56:15","slug":"aac-ports-et-territoires-mediterraneens-circulation-des-biens-culturels-constitution-des-collections-extra-europeennes-xviie-xxie-siecles","status":"publish","type":"post","link":"https:\/\/telemme.mmsh.fr\/?p=15472","title":{"rendered":"[AAC] Ports et territoires m\u00e9diterran\u00e9ens\u00a0: circulation des biens culturels, constitution des collections extra-europ\u00e9ennes (XVIIe-XXIe si\u00e8cles)"},"content":{"rendered":"\n<h3 class=\"wp-block-heading\">Appel \u00e0 communication<\/h3>\n\n\n\n<p><strong>Colloque international<\/strong><br>22-23-24 octobre 2025<br>Marseille &#8211; Centre de la vieille Charit\u00e9, salle du miroir<\/p>\n\n\n\n<p>Dans le cadre du groupe de travail <strong>Collections et collectionneurs d\u2019objets extra-occidentaux en M\u00e9diterran\u00e9e<\/strong><br>Projet laur\u00e9at 2025 du programme de l\u2019INHA Carte blanche&nbsp;: histoire de l\u2019art en r\u00e9gion<\/p>\n\n\n\n<h2 class=\"wp-block-heading\">Ports et territoires m\u00e9diterran\u00e9ens : circulation des biens culturels, constitution des collections extra-europ\u00e9ennes (XVIIe-XXIe si\u00e8cles)<\/h2>\n\n\n\n<p>Ce colloque propose d&rsquo;analyser la constitution des collections publiques et priv\u00e9es des biens culturels extra-europ\u00e9ens autour du bassin m\u00e9diterran\u00e9en. Depuis l&rsquo;Antiquit\u00e9, et jusqu&rsquo;au monde contemporain, la M\u00e9diterran\u00e9e demeure un carrefour strat\u00e9gique de la circulation des biens, des personnes et des id\u00e9es, un \u00ab&nbsp;espace-mouvement&nbsp;\u00bb comme l\u2019a d\u00e9fini Fernand Braudel. Les villes ports (Marseille, Toulon, G\u00eanes, Barcelone\u2026) constituent les plaques tournantes pour l\u2019arriv\u00e9e des objets et leur diffusion aupr\u00e8s des marchands, avant leur \u00ab&nbsp;mise en collection&nbsp;\u00bb, voir leur patrimonialisation dans les institutions.<\/p>\n\n\n\n<p>Les communications s\u2019articuleront autour de trois axes&nbsp;:<\/p>\n\n\n\n<ol class=\"wp-block-list\">\n<li>Ports et territoires m\u00e9diterran\u00e9ens\u00a0: au croisement des mouvements commerciaux, \u00e9conomiques et culturels<\/li>\n\n\n\n<li>Typologie des biens culturels\u00a0: mat\u00e9rialit\u00e9 et immat\u00e9rialit\u00e9<\/li>\n\n\n\n<li>Constitution des collections publiques et priv\u00e9es<\/li>\n<\/ol>\n\n\n\n<h3 class=\"wp-block-heading\">La M\u00e9diterran\u00e9e comme plaque tournante historique<\/h3>\n\n\n\n<p>La position g\u00e9ographique privil\u00e9gi\u00e9e de la M\u00e9diterran\u00e9e en a fait un lieu d&rsquo;\u00e9changes culturels ininterrompus qui perdure jusqu&rsquo;\u00e0 l\u2019\u00e9poque contemporaine. Cette mer int\u00e9rieure Mare Nostrum a permis la rencontre entre l&rsquo;Europe, l&rsquo;Afrique et l&rsquo;Asie, facilitant ainsi l&rsquo;introduction d&rsquo;artefacts provenant de cultures lointaines vers les collections europ\u00e9ennes. Les ports ont servi de points d&rsquo;entr\u00e9e privil\u00e9gi\u00e9s pour les objets des territoires lointains, h\u00e9berg\u00e9 des infrastructures commerciales et des r\u00e9seaux de marchands sp\u00e9cialis\u00e9s. Cette circulation a permis de d\u00e9velopper des expertises sp\u00e9cifiques dans l&rsquo;identification et l&rsquo;\u00e9valuation des biens culturels, et la diffusion de ces objets vers l&rsquo;arri\u00e8re-pays et le reste de l&rsquo;Europe. L\u2019\u00e9volution des modes d\u2019occupation des littoraux d\u00e8s le XVIIIe si\u00e8cle permet d\u2019\u00e9largir le sujet au contexte de la vill\u00e9giature, et plus tardivement du tourisme.<\/p>\n\n\n\n<p>Ainsi, il convient d\u2019analyser le r\u00e9seau marchand des biens culturels qui r\u00e9v\u00e8le une organisation comprenant :<\/p>\n\n\n\n<ul class=\"wp-block-list\">\n<li>Des commer\u00e7ants sp\u00e9cialis\u00e9s \u00e9tablis dans les villes portuaires<\/li>\n\n\n\n<li>Des interm\u00e9diaires reliant les sources d&rsquo;approvisionnement aux march\u00e9s europ\u00e9ens<\/li>\n\n\n\n<li>Des collectionneurs priv\u00e9s et des institutions publiques comme clients<\/li>\n\n\n\n<li>Des circuits de valorisation et d&rsquo;authentification des objets<\/li>\n<\/ul>\n\n\n\n<h3 class=\"wp-block-heading\">La dimension culturelle et politique des collections<\/h3>\n\n\n\n<p>La constitution de ces collections ne r\u00e9pond pas uniquement \u00e0 des logiques marchandes, mais s&rsquo;inscrit \u00e9galement dans des dynamiques culturelles et politiques :<\/p>\n\n\n\n<ul class=\"wp-block-list\">\n<li>Affirmation de prestige et de pouvoir par la possession d&rsquo;objets rares et exotiques<\/li>\n\n\n\n<li>Construction de savoirs sur les cultures lointaines<\/li>\n\n\n\n<li>\u00c9tablissement de relations diplomatiques et commerciales avec les territoires d&rsquo;origine<\/li>\n\n\n\n<li>Expression d&rsquo;une curiosit\u00e9 intellectuelle pour l&rsquo;alt\u00e9rit\u00e9 culturelle<\/li>\n<\/ul>\n\n\n\n<p>La compr\u00e9hension de ces m\u00e9canismes de circulation et d&rsquo;acquisition permet d&rsquo;\u00e9clairer non seulement l&rsquo;histoire des collections elles-m\u00eames, mais aussi les relations complexes entre l&rsquo;Europe et le reste du monde \u00e0 travers les si\u00e8cles, relations dont la M\u00e9diterran\u00e9e a \u00e9t\u00e9 le th\u00e9\u00e2tre privil\u00e9gi\u00e9.<\/p>\n\n\n\n<h3 class=\"wp-block-heading\">Typologie des biens culturels\u00a0: mat\u00e9rialit\u00e9 et immat\u00e9rialit\u00e9<\/h3>\n\n\n\n<p>Les biens culturels extra-europ\u00e9ens peuvent \u00eatre cat\u00e9goris\u00e9s selon plusieurs crit\u00e8res distincts\u00a0: leurs fonctions originelles pour les objets rituels et religieux (masques africains, statues bouddhiques), les objets utilitaires (poteries am\u00e9rindiennes, textiles asiatiques), ou encore les objets de prestige (parures oc\u00e9aniennes, mobilier imp\u00e9rial chinois). Les lacunes archivistiques constituent un d\u00e9fi majeur dans leur \u00e9tude &#8211; nombreux sont les objets sans provenance pr\u00e9cise ni documentation, particuli\u00e8rement pour les acquisitions en contexte colonial. Ainsi, pourront \u00eatre abord\u00e9s les objets collect\u00e9s lors d&rsquo;exp\u00e9ditions scientifiques, les acquisitions commerciales, prises de guerre ou appropriations coloniales &#8211; cette derni\u00e8re cat\u00e9gorie soulevant aujourd&rsquo;hui d&rsquo;importantes questions de restitution.<\/p>\n\n\n\n<p>De plus, l&rsquo;\u00e9volution du go\u00fbt occidental a profond\u00e9ment influenc\u00e9 leur valorisation avec des proc\u00e9d\u00e9s d\u2019\u00ab\u00a0artification (Nathalie Heinich) : consid\u00e9r\u00e9s comme de simples \u00ab\u00a0curiosit\u00e9s\u00a0\u00bb, puis comme objets \u00ab\u00a0primitifs\u00a0\u00bb au d\u00e9but du XXe si\u00e8cle, ils ont acquis le statut d\u2019\u0153uvres d&rsquo;art. La mat\u00e9rialit\u00e9 sp\u00e9cifique de certains biens, comme les manuscrits enlumin\u00e9s persans ou les codex m\u00e9soam\u00e9ricains ainsi que les armes, n\u00e9cessite des approches particuli\u00e8res. Enfin, la dimension immat\u00e9rielle doit \u00e9galement \u00eatre prise en compte : pigments traditionnels, \u00e9chantillons botaniques utilis\u00e9s dans les rituels, ou techniques artisanales et savoir-faire, constituant un patrimoine culturel dont l\u2019\u00e9tude exige des approches novatrices allant au-del\u00e0 de la simple conservation mat\u00e9rielle.<\/p>\n\n\n\n<h3 class=\"wp-block-heading\">La constitution des collections d&rsquo;objets extra-europ\u00e9ens<\/h3>\n\n\n\n<p>Les collections publiques et priv\u00e9es d&rsquo;objets extra-europ\u00e9ens se sont consid\u00e9rablement d\u00e9velopp\u00e9es au d\u00e9but du XXe si\u00e8cle, p\u00e9riode charni\u00e8re qui a vu l&rsquo;\u00e9mergence d&rsquo;un v\u00e9ritable march\u00e9 de l&rsquo;art d\u00e9di\u00e9 \u00e0 ces objets longtemps marginalis\u00e9s dans l&rsquo;historiographie occidentale.<\/p>\n\n\n\n<p>Le d\u00e9but du XXe si\u00e8cle marque un tournant d\u00e9cisif dans la perception des objets extra-europ\u00e9ens. L&rsquo;influence des avant-gardes artistiques, notamment le cubisme et le fauvisme, a transform\u00e9 le regard occidental sur ces objets, passant du statut d&rsquo;artefacts ethnographiques \u00e0 celui d&rsquo;\u0153uvres. Des marchands visionnaires, comme Paul Guillaume et Charles Ratton \u00e0 Paris, ont jou\u00e9 un r\u00f4le fondamental dans la cr\u00e9ation de ce nouveau march\u00e9, organisant les premi\u00e8res ventes sp\u00e9cialis\u00e9es et expositions commerciales d&rsquo;art africain, am\u00e9rindien et oc\u00e9anien.<\/p>\n\n\n\n<p>Les collectionneurs de cette p\u00e9riode pr\u00e9sentent des profils vari\u00e9s. On trouve d&rsquo;abord des artistes comme Pablo Picasso, Andr\u00e9 Derain ou Henri Matisse, cherchant dans ces objets une source d&rsquo;inspiration esth\u00e9tique. Viennent ensuite les intellectuels et \u00e9crivains comme Guillaume Apollinaire ou Andr\u00e9 Breton, attir\u00e9s par leur dimension spirituelle et leur puissance expressive. Enfin, de riches industriels et financiers occidentaux, tel Jacques Doucet ou Albert Barnes, commencent \u00e0 int\u00e9grer ces pi\u00e8ces dans leurs collections \u00e9clectiques.<\/p>\n\n\n\n<p>Les motivations de ces collectionneurs oscillent entre fascination esth\u00e9tique, investissement sp\u00e9culatif, prestige social et parfois r\u00e9elle empathie anthropologique. Cette diversit\u00e9 de profils a contribu\u00e9 \u00e0 fa\u00e7onner des collections aux caract\u00e9ristiques distinctes, certaines privil\u00e9giant la qualit\u00e9 esth\u00e9tique, d&rsquo;autres la repr\u00e9sentativit\u00e9 culturelle ou l&rsquo;authenticit\u00e9.<\/p>\n\n\n\n<h3 class=\"wp-block-heading\">Les processus de patrimonialisation<\/h3>\n\n\n\n<p>La transformation du statut de ces objets s&rsquo;est op\u00e9r\u00e9e \u00e0 travers plusieurs \u00e9tapes de patrimonialisation. D&rsquo;abord collect\u00e9s comme curiosit\u00e9s exotiques ou preuves mat\u00e9rielles de \u00ab\u00a0cultures primitives\u00a0\u00bb, ces objets ont progressivement acquis une l\u00e9gitimit\u00e9 artistique et culturelle. Ce processus s&rsquo;est cristallis\u00e9 dans la cr\u00e9ation d&rsquo;institutions mus\u00e9ales sp\u00e9cialis\u00e9es, comme le mus\u00e9e de l&rsquo;Homme \u00e0 Paris (1937) ou, plus r\u00e9cemment, le mus\u00e9e du Quai Branly-Jacques Chirac (2006).<\/p>\n\n\n\n<p>Cette patrimonialisation institutionnelle s&rsquo;est accompagn\u00e9e d&rsquo;un travail scientifique d&rsquo;inventaire, de documentation et de conservation, transformant des collections souvent constitu\u00e9es de mani\u00e8re opportuniste en ensembles coh\u00e9rents et repr\u00e9sentatifs.<\/p>\n\n\n\n<h3 class=\"wp-block-heading\">\u00c9volution des strat\u00e9gies de mise en exposition<\/h3>\n\n\n\n<p>Il conviendrait \u00e9galement d\u2019analyser l\u2019\u00e9volution des modalit\u00e9s d&rsquo;exposition de ces objets. Les pr\u00e9sentations initiales, inspir\u00e9es des cabinets de curiosit\u00e9s ou organis\u00e9es selon des taxonomies \u00e9volutionnistes, ont c\u00e9d\u00e9 la place \u00e0 des approches plus contextualis\u00e9es dans les mus\u00e9es ethnographiques, puis \u00e0 des pr\u00e9sentations esth\u00e9tisantes privil\u00e9giant la contemplation formelle dans les mus\u00e9es d&rsquo;art.<\/p>\n\n\n\n<h2 class=\"wp-block-heading\">Orientations bibliographiques\u00a0:<\/h2>\n\n\n\n<p>Ya\u00eblle Biro, <em>Fabriquer le regard. Marchands, r\u00e9seaux et objets d\u2019art africains \u00e0 l\u2019aube du XXe si\u00e8cle<\/em>, Dijon, Les Presses du r\u00e9el, 2018.<\/p>\n\n\n\n<p>L\u00e9a Saint-Raymond, <em>\u00c0 la conqu\u00eate du march\u00e9 de l\u2019art. Le Pari(s) des ench\u00e8res (1830-1839)<\/em>, Paris, Classique Garnier, 2021.<\/p>\n\n\n\n<p>\u00c9lodie Vaudry, <em>Les arts pr\u00e9colombiens. Transferts et m\u00e9tamorphoses de l&rsquo;Am\u00e9rique latine \u00e0 la France, 1875-1945<\/em>, Rennes, Presses universitaires de Rennes, 2019.<\/p>\n\n\n\n<p>Albera D., Crivello M. et Tozy M. (dirs), <em>Dictionnaire de la M\u00e9diterran\u00e9e<\/em>, Arles, Actes Sud, 2016.<\/p>\n\n\n\n<p>Catlos B. A. et Kinoshita Sh. (dirs), <em>Can We Talk Mediterranean ? Conversations on an Emerging Field in Medieval and Early Modern Studies<\/em>, Londres, Palgrave Macmillan, 2017.<\/p>\n\n\n\n<p>Horden P. et Purcell N., <em>The Corrupting Sea: A Study of Mediterranean History,<\/em> Oxford, Blackwell, 2000.<\/p>\n\n\n\n<p>Philippe Dagen, Maureen Murphy (dir.), Charles Ratton. <em>L\u2019invention des arts \u00ab primitifs \u00bb, cat. d\u2019exp, (Paris, mus\u00e9e du quai Branly-Jacques Chirac, 2013<\/em>), Paris, Skira, 2013.<\/p>\n\n\n\n<p>Nathalie Heinich, \u00ab Les arts premiers \u00bb dans <em>De l\u2019artification. Enqu\u00eates sur le passage de l\u2019art<\/em>, dir. Nathalie Heinich, Roberta Shapiro, Paris, \u00c9ditions de l\u2019\u00c9cole des Hautes \u00c9tudes en Sciences Sociales, 2012.<\/p>\n\n\n\n<p>Pierre Singaravelou, Sylvain Venayre (dir.), <em>Le magasin du monde\u00a0: la mondialisation par les objets du XVIIIe si\u00e8cle \u00e0 nos jours<\/em>, Paris, 2020<\/p>\n\n\n\n<h2 class=\"wp-block-heading\">R\u00e9ponses\u00a0:<\/h2>\n\n\n\n<p>Les propositions de communication doivent \u00eatre envoy\u00e9es \u00e0 l\u2019adresse exocmed@gmail.com avant le<strong>\u00a030 mai 2025.<\/strong><br>Elles pr\u00e9senteront le sujet de l\u2019intervention en 500 mots maximum et seront accompagn\u00e9es d\u2019une br\u00e8ve notice bio-bibliographique (300 mots maximum).<br>L\u2019appel est ouvert aux \u00e9tudiantes et \u00e9tudiants ayant soutenu un master 2 ou une th\u00e8se de doctorat, ainsi qu\u2019aux chercheuses et chercheurs confirm\u00e9s.<br>Les communications dureront 20 minutes. Les r\u00e9ponses seront communiqu\u00e9es au d\u00e9but du mois de juin.<\/p>\n\n\n\n<h2 class=\"wp-block-heading\">Comit\u00e9 Scientifique\u00a0<\/h2>\n\n\n\n<ul class=\"wp-block-list\">\n<li>Nathalie Bertrand, TELEMMe AMU<\/li>\n\n\n\n<li>Claire Bosc-Tiess\u00e9, EHESS, IMAF<\/li>\n\n\n\n<li>Lucie Chopard, chercheuse associ\u00e9e au laboratoire SAprat (EPHE-PSL)<\/li>\n\n\n\n<li>Th\u00e9ano Jaillet, Mus\u00e9es de Cannes<\/li>\n\n\n\n<li>Sarah Lestruhaut, mus\u00e9e Calvet, Avignon<\/li>\n\n\n\n<li>Benoit Martin, MAAOA, Marseille<\/li>\n\n\n\n<li>Philippe Peltier, conservateur honoraire, mus\u00e9e du quai-Branly-Jacques Chirac<\/li>\n<\/ul>\n\n\n\n<h2 class=\"wp-block-heading\">Comit\u00e9 d\u2019organisation&nbsp;<\/h2>\n\n\n\n<ul class=\"wp-block-list\">\n<li>Agn\u00e8s Rabion, TELEMMe<\/li>\n\n\n\n<li>Caroline Chagniot, TELEMMe<\/li>\n\n\n\n<li>Delphine Cavallo, TELEMMe<\/li>\n\n\n\n<li>Sophie Deshayes, Mus\u00e9es de Marseille<\/li>\n\n\n\n<li>Mus\u00e9e Calvet, Avignon<\/li>\n<\/ul>\n\n\n\n<p><strong>Contact\u00a0: exocmed@gmail.com<\/strong><\/p>\n\n\n\n<hr class=\"wp-block-separator has-alpha-channel-opacity\"\/>\n\n\n\n<div data-wp-interactive=\"core\/file\" class=\"wp-block-file\"><object data-wp-bind--hidden=\"!state.hasPdfPreview\" hidden class=\"wp-block-file__embed\" data=\"https:\/\/telemme.mmsh.fr\/wp-content\/uploads\/2025\/04\/2025.05.30_CollectionsExtraEurop_AAC_eng.pdf\" type=\"application\/pdf\" style=\"width:100%;height:600px\" aria-label=\"Contenu embarqu\u00e9 CALL FOR CONTRIBUTORS: Mediterranean ports and territories: circulation of cultural goods,&lt;br&gt;constitution of extra-European collections (17th-21st centuries.\"><\/object><a id=\"wp-block-file--media-91258e34-6efd-4067-a3d8-1abbfce13d78\" href=\"https:\/\/telemme.mmsh.fr\/wp-content\/uploads\/2025\/04\/2025.05.30_CollectionsExtraEurop_AAC_eng.pdf\">CALL FOR CONTRIBUTORS: Mediterranean ports and territories: circulation of cultural goods,<br>constitution of extra-European collections (17th-21st centuries<\/a><a href=\"https:\/\/telemme.mmsh.fr\/wp-content\/uploads\/2025\/04\/2025.05.30_CollectionsExtraEurop_AAC_eng.pdf\" class=\"wp-block-file__button wp-element-button\" download aria-describedby=\"wp-block-file--media-91258e34-6efd-4067-a3d8-1abbfce13d78\">T\u00e9l\u00e9charger<\/a><\/div>\n\n\n\n<hr class=\"wp-block-separator has-alpha-channel-opacity\"\/>\n\n\n\n<div data-wp-interactive=\"core\/file\" class=\"wp-block-file\"><object data-wp-bind--hidden=\"!state.hasPdfPreview\" hidden class=\"wp-block-file__embed\" data=\"https:\/\/telemme.mmsh.fr\/wp-content\/uploads\/2025\/04\/2025.05.30_CollectionsExtraEurop_AAC_fra.pdf\" type=\"application\/pdf\" style=\"width:100%;height:600px\" aria-label=\"Contenu embarqu\u00e9 [AAC] Ports et territoires m\u00e9diterran\u00e9ens : circulation des biens culturels, constitution des collections extra-europ\u00e9ennes (XVIIe-XXIe si\u00e8cles).\"><\/object><a id=\"wp-block-file--media-22953fad-6d60-4652-867b-1eda445c3df3\" href=\"https:\/\/telemme.mmsh.fr\/wp-content\/uploads\/2025\/04\/2025.05.30_CollectionsExtraEurop_AAC_fra.pdf\">[AAC] Ports et territoires m\u00e9diterran\u00e9ens : circulation des biens culturels, constitution des collections extra-europ\u00e9ennes (XVIIe-XXIe si\u00e8cles)<\/a><a href=\"https:\/\/telemme.mmsh.fr\/wp-content\/uploads\/2025\/04\/2025.05.30_CollectionsExtraEurop_AAC_fra.pdf\" class=\"wp-block-file__button wp-element-button\" download aria-describedby=\"wp-block-file--media-22953fad-6d60-4652-867b-1eda445c3df3\">T\u00e9l\u00e9charger<\/a><\/div>\n","protected":false},"excerpt":{"rendered":"<p>Appel \u00e0 communication Colloque international22-23-24 octobre 2025Marseille &#8211; Centre de la vieille Charit\u00e9, salle du miroir Dans le cadre du groupe de travail Collections et collectionneurs d\u2019objets extra-occidentaux en M\u00e9diterran\u00e9eProjet&hellip;&nbsp;<a href=\"https:\/\/telemme.mmsh.fr\/?p=15472\" rel=\"bookmark\">Lire la suite &raquo;<span class=\"screen-reader-text\">[AAC] Ports et territoires m\u00e9diterran\u00e9ens\u00a0: circulation des biens culturels, constitution des collections extra-europ\u00e9ennes (XVIIe-XXIe si\u00e8cles)<\/span><\/a><\/p>\n","protected":false},"author":6,"featured_media":15479,"comment_status":"closed","ping_status":"closed","sticky":false,"template":"","format":"standard","meta":{"neve_meta_sidebar":"","neve_meta_container":"","neve_meta_enable_content_width":"off","neve_meta_content_width":70,"neve_meta_title_alignment":"","neve_meta_author_avatar":"","neve_post_elements_order":"","neve_meta_disable_header":"","neve_meta_disable_footer":"","neve_meta_disable_title":"","_tribe_events_control_status":"","_tribe_events_control_status_canceled_reason":"","_tribe_events_control_status_postponed_reason":"","_tribe_events_control_online":"","_tribe_events_control_online_url":"","footnotes":""},"categories":[2026],"tags":[2358,2938,1930],"class_list":["post-15472","post","type-post","status-publish","format-standard","has-post-thumbnail","hentry","category-appels-a-candidature","tag-circulations-artistiques","tag-collections","tag-mediterranee"],"yoast_head":"<!-- This site is optimized with the Yoast SEO plugin v27.4 - https:\/\/yoast.com\/product\/yoast-seo-wordpress\/ -->\n<title>[AAC] Ports et territoires m\u00e9diterran\u00e9ens\u00a0: circulation des biens culturels, constitution des collections extra-europ\u00e9ennes (XVIIe-XXIe si\u00e8cles) - TELEMMe - Temps, espaces, langages, Europe m\u00e9ridionale, M\u00e9diterran\u00e9e<\/title>\n<meta name=\"robots\" content=\"index, follow, max-snippet:-1, max-image-preview:large, max-video-preview:-1\" \/>\n<link rel=\"canonical\" href=\"https:\/\/telemme.mmsh.fr\/?p=15472\" \/>\n<meta property=\"og:locale\" content=\"fr_FR\" \/>\n<meta property=\"og:type\" content=\"article\" \/>\n<meta property=\"og:title\" content=\"[AAC] Ports et territoires m\u00e9diterran\u00e9ens\u00a0: circulation des biens culturels, constitution des collections extra-europ\u00e9ennes (XVIIe-XXIe si\u00e8cles) - TELEMMe - Temps, espaces, langages, Europe m\u00e9ridionale, M\u00e9diterran\u00e9e\" \/>\n<meta property=\"og:description\" content=\"Appel \u00e0 communication Colloque international22-23-24 octobre 2025Marseille &#8211; Centre de la vieille Charit\u00e9, salle du miroir Dans le cadre du groupe de travail Collections et collectionneurs d\u2019objets extra-occidentaux en M\u00e9diterran\u00e9eProjet&hellip;&nbsp;Lire la suite &raquo;[AAC] Ports et territoires m\u00e9diterran\u00e9ens\u00a0: circulation des biens culturels, constitution des collections extra-europ\u00e9ennes (XVIIe-XXIe si\u00e8cles)\" \/>\n<meta property=\"og:url\" content=\"https:\/\/telemme.mmsh.fr\/?p=15472\" \/>\n<meta property=\"og:site_name\" content=\"TELEMMe - Temps, espaces, langages, Europe m\u00e9ridionale, M\u00e9diterran\u00e9e\" \/>\n<meta property=\"article:published_time\" content=\"2025-04-29T09:56:14+00:00\" \/>\n<meta property=\"article:modified_time\" content=\"2025-04-29T09:56:15+00:00\" \/>\n<meta property=\"og:image\" content=\"https:\/\/telemme.mmsh.fr\/wp-content\/uploads\/2025\/04\/2025.05.31_CollExtraEuro_AAC.jpg\" \/>\n\t<meta property=\"og:image:width\" content=\"1255\" \/>\n\t<meta property=\"og:image:height\" content=\"419\" \/>\n\t<meta property=\"og:image:type\" content=\"image\/jpeg\" \/>\n<meta name=\"author\" content=\"Delphine Cavallo\" \/>\n<meta name=\"twitter:card\" content=\"summary_large_image\" \/>\n<meta name=\"twitter:label1\" content=\"\u00c9crit par\" \/>\n\t<meta name=\"twitter:data1\" content=\"Delphine Cavallo\" \/>\n\t<meta name=\"twitter:label2\" content=\"Dur\u00e9e de lecture estim\u00e9e\" \/>\n\t<meta name=\"twitter:data2\" content=\"8 minutes\" \/>\n<script type=\"application\/ld+json\" class=\"yoast-schema-graph\">{\"@context\":\"https:\\\/\\\/schema.org\",\"@graph\":[{\"@type\":\"Article\",\"@id\":\"https:\\\/\\\/telemme.mmsh.fr\\\/?p=15472#article\",\"isPartOf\":{\"@id\":\"https:\\\/\\\/telemme.mmsh.fr\\\/?p=15472\"},\"author\":{\"name\":\"Delphine Cavallo\",\"@id\":\"https:\\\/\\\/telemme.mmsh.fr\\\/#\\\/schema\\\/person\\\/86a185da4836381586528ced48e263f5\"},\"headline\":\"[AAC] Ports et territoires m\u00e9diterran\u00e9ens\u00a0: circulation des biens culturels, constitution des collections extra-europ\u00e9ennes (XVIIe-XXIe si\u00e8cles)\",\"datePublished\":\"2025-04-29T09:56:14+00:00\",\"dateModified\":\"2025-04-29T09:56:15+00:00\",\"mainEntityOfPage\":{\"@id\":\"https:\\\/\\\/telemme.mmsh.fr\\\/?p=15472\"},\"wordCount\":1711,\"publisher\":{\"@id\":\"https:\\\/\\\/telemme.mmsh.fr\\\/#organization\"},\"image\":{\"@id\":\"https:\\\/\\\/telemme.mmsh.fr\\\/?p=15472#primaryimage\"},\"thumbnailUrl\":\"https:\\\/\\\/telemme.mmsh.fr\\\/wp-content\\\/uploads\\\/2025\\\/04\\\/2025.05.31_CollExtraEuro_AAC.jpg\",\"keywords\":[\"circulations artistiques\",\"collections\",\"M\u00e9diterran\u00e9e\"],\"articleSection\":[\"Appels \u00e0 candidature\"],\"inLanguage\":\"fr-FR\"},{\"@type\":\"WebPage\",\"@id\":\"https:\\\/\\\/telemme.mmsh.fr\\\/?p=15472\",\"url\":\"https:\\\/\\\/telemme.mmsh.fr\\\/?p=15472\",\"name\":\"[AAC] Ports et territoires m\u00e9diterran\u00e9ens\u00a0: circulation des biens culturels, constitution des collections extra-europ\u00e9ennes (XVIIe-XXIe si\u00e8cles) - TELEMMe - Temps, espaces, langages, Europe m\u00e9ridionale, M\u00e9diterran\u00e9e\",\"isPartOf\":{\"@id\":\"https:\\\/\\\/telemme.mmsh.fr\\\/#website\"},\"primaryImageOfPage\":{\"@id\":\"https:\\\/\\\/telemme.mmsh.fr\\\/?p=15472#primaryimage\"},\"image\":{\"@id\":\"https:\\\/\\\/telemme.mmsh.fr\\\/?p=15472#primaryimage\"},\"thumbnailUrl\":\"https:\\\/\\\/telemme.mmsh.fr\\\/wp-content\\\/uploads\\\/2025\\\/04\\\/2025.05.31_CollExtraEuro_AAC.jpg\",\"datePublished\":\"2025-04-29T09:56:14+00:00\",\"dateModified\":\"2025-04-29T09:56:15+00:00\",\"breadcrumb\":{\"@id\":\"https:\\\/\\\/telemme.mmsh.fr\\\/?p=15472#breadcrumb\"},\"inLanguage\":\"fr-FR\",\"potentialAction\":[{\"@type\":\"ReadAction\",\"target\":[\"https:\\\/\\\/telemme.mmsh.fr\\\/?p=15472\"]}]},{\"@type\":\"ImageObject\",\"inLanguage\":\"fr-FR\",\"@id\":\"https:\\\/\\\/telemme.mmsh.fr\\\/?p=15472#primaryimage\",\"url\":\"https:\\\/\\\/telemme.mmsh.fr\\\/wp-content\\\/uploads\\\/2025\\\/04\\\/2025.05.31_CollExtraEuro_AAC.jpg\",\"contentUrl\":\"https:\\\/\\\/telemme.mmsh.fr\\\/wp-content\\\/uploads\\\/2025\\\/04\\\/2025.05.31_CollExtraEuro_AAC.jpg\",\"width\":1255,\"height\":419,\"caption\":\"Illustration : montage de plusieurs images\"},{\"@type\":\"BreadcrumbList\",\"@id\":\"https:\\\/\\\/telemme.mmsh.fr\\\/?p=15472#breadcrumb\",\"itemListElement\":[{\"@type\":\"ListItem\",\"position\":1,\"name\":\"Accueil\",\"item\":\"https:\\\/\\\/telemme.mmsh.fr\\\/\"},{\"@type\":\"ListItem\",\"position\":2,\"name\":\"Actualit\u00e9s\",\"item\":\"https:\\\/\\\/telemme.mmsh.fr\\\/?cat=1995\"},{\"@type\":\"ListItem\",\"position\":3,\"name\":\"Appels \u00e0 candidature\",\"item\":\"https:\\\/\\\/telemme.mmsh.fr\\\/?cat=2026\"},{\"@type\":\"ListItem\",\"position\":4,\"name\":\"[AAC] Ports et territoires m\u00e9diterran\u00e9ens\u00a0: circulation des biens culturels, constitution des collections extra-europ\u00e9ennes (XVIIe-XXIe si\u00e8cles)\"}]},{\"@type\":\"WebSite\",\"@id\":\"https:\\\/\\\/telemme.mmsh.fr\\\/#website\",\"url\":\"https:\\\/\\\/telemme.mmsh.fr\\\/\",\"name\":\"TELEMMe - Temps, espaces, langages, Europe m\u00e9ridionale, M\u00e9diterran\u00e9e\",\"description\":\"\",\"publisher\":{\"@id\":\"https:\\\/\\\/telemme.mmsh.fr\\\/#organization\"},\"potentialAction\":[{\"@type\":\"SearchAction\",\"target\":{\"@type\":\"EntryPoint\",\"urlTemplate\":\"https:\\\/\\\/telemme.mmsh.fr\\\/?s={search_term_string}\"},\"query-input\":{\"@type\":\"PropertyValueSpecification\",\"valueRequired\":true,\"valueName\":\"search_term_string\"}}],\"inLanguage\":\"fr-FR\"},{\"@type\":\"Organization\",\"@id\":\"https:\\\/\\\/telemme.mmsh.fr\\\/#organization\",\"name\":\"TELEMMe\",\"url\":\"https:\\\/\\\/telemme.mmsh.fr\\\/\",\"logo\":{\"@type\":\"ImageObject\",\"inLanguage\":\"fr-FR\",\"@id\":\"https:\\\/\\\/telemme.mmsh.fr\\\/#\\\/schema\\\/logo\\\/image\\\/\",\"url\":\"https:\\\/\\\/telemme.mmsh.fr\\\/wp-content\\\/uploads\\\/2020\\\/03\\\/LogoTELEMMe-horizontal-fond-transparent.png\",\"contentUrl\":\"https:\\\/\\\/telemme.mmsh.fr\\\/wp-content\\\/uploads\\\/2020\\\/03\\\/LogoTELEMMe-horizontal-fond-transparent.png\",\"width\":1500,\"height\":437,\"caption\":\"TELEMMe\"},\"image\":{\"@id\":\"https:\\\/\\\/telemme.mmsh.fr\\\/#\\\/schema\\\/logo\\\/image\\\/\"}},{\"@type\":\"Person\",\"@id\":\"https:\\\/\\\/telemme.mmsh.fr\\\/#\\\/schema\\\/person\\\/86a185da4836381586528ced48e263f5\",\"name\":\"Delphine Cavallo\",\"url\":\"https:\\\/\\\/telemme.mmsh.fr\\\/?author=6\"}]}<\/script>\n<!-- \/ Yoast SEO plugin. -->","yoast_head_json":{"title":"[AAC] Ports et territoires m\u00e9diterran\u00e9ens\u00a0: circulation des biens culturels, constitution des collections extra-europ\u00e9ennes (XVIIe-XXIe si\u00e8cles) - TELEMMe - Temps, espaces, langages, Europe m\u00e9ridionale, M\u00e9diterran\u00e9e","robots":{"index":"index","follow":"follow","max-snippet":"max-snippet:-1","max-image-preview":"max-image-preview:large","max-video-preview":"max-video-preview:-1"},"canonical":"https:\/\/telemme.mmsh.fr\/?p=15472","og_locale":"fr_FR","og_type":"article","og_title":"[AAC] Ports et territoires m\u00e9diterran\u00e9ens\u00a0: circulation des biens culturels, constitution des collections extra-europ\u00e9ennes (XVIIe-XXIe si\u00e8cles) - TELEMMe - Temps, espaces, langages, Europe m\u00e9ridionale, M\u00e9diterran\u00e9e","og_description":"Appel \u00e0 communication Colloque international22-23-24 octobre 2025Marseille &#8211; Centre de la vieille Charit\u00e9, salle du miroir Dans le cadre du groupe de travail Collections et collectionneurs d\u2019objets extra-occidentaux en M\u00e9diterran\u00e9eProjet&hellip;&nbsp;Lire la suite &raquo;[AAC] Ports et territoires m\u00e9diterran\u00e9ens\u00a0: circulation des biens culturels, constitution des collections extra-europ\u00e9ennes (XVIIe-XXIe si\u00e8cles)","og_url":"https:\/\/telemme.mmsh.fr\/?p=15472","og_site_name":"TELEMMe - Temps, espaces, langages, Europe m\u00e9ridionale, M\u00e9diterran\u00e9e","article_published_time":"2025-04-29T09:56:14+00:00","article_modified_time":"2025-04-29T09:56:15+00:00","og_image":[{"width":1255,"height":419,"url":"https:\/\/telemme.mmsh.fr\/wp-content\/uploads\/2025\/04\/2025.05.31_CollExtraEuro_AAC.jpg","type":"image\/jpeg"}],"author":"Delphine Cavallo","twitter_card":"summary_large_image","twitter_misc":{"\u00c9crit par":"Delphine Cavallo","Dur\u00e9e de lecture estim\u00e9e":"8 minutes"},"schema":{"@context":"https:\/\/schema.org","@graph":[{"@type":"Article","@id":"https:\/\/telemme.mmsh.fr\/?p=15472#article","isPartOf":{"@id":"https:\/\/telemme.mmsh.fr\/?p=15472"},"author":{"name":"Delphine Cavallo","@id":"https:\/\/telemme.mmsh.fr\/#\/schema\/person\/86a185da4836381586528ced48e263f5"},"headline":"[AAC] Ports et territoires m\u00e9diterran\u00e9ens\u00a0: circulation des biens culturels, constitution des collections extra-europ\u00e9ennes (XVIIe-XXIe si\u00e8cles)","datePublished":"2025-04-29T09:56:14+00:00","dateModified":"2025-04-29T09:56:15+00:00","mainEntityOfPage":{"@id":"https:\/\/telemme.mmsh.fr\/?p=15472"},"wordCount":1711,"publisher":{"@id":"https:\/\/telemme.mmsh.fr\/#organization"},"image":{"@id":"https:\/\/telemme.mmsh.fr\/?p=15472#primaryimage"},"thumbnailUrl":"https:\/\/telemme.mmsh.fr\/wp-content\/uploads\/2025\/04\/2025.05.31_CollExtraEuro_AAC.jpg","keywords":["circulations artistiques","collections","M\u00e9diterran\u00e9e"],"articleSection":["Appels \u00e0 candidature"],"inLanguage":"fr-FR"},{"@type":"WebPage","@id":"https:\/\/telemme.mmsh.fr\/?p=15472","url":"https:\/\/telemme.mmsh.fr\/?p=15472","name":"[AAC] Ports et territoires m\u00e9diterran\u00e9ens\u00a0: circulation des biens culturels, constitution des collections extra-europ\u00e9ennes (XVIIe-XXIe si\u00e8cles) - TELEMMe - Temps, espaces, langages, Europe m\u00e9ridionale, M\u00e9diterran\u00e9e","isPartOf":{"@id":"https:\/\/telemme.mmsh.fr\/#website"},"primaryImageOfPage":{"@id":"https:\/\/telemme.mmsh.fr\/?p=15472#primaryimage"},"image":{"@id":"https:\/\/telemme.mmsh.fr\/?p=15472#primaryimage"},"thumbnailUrl":"https:\/\/telemme.mmsh.fr\/wp-content\/uploads\/2025\/04\/2025.05.31_CollExtraEuro_AAC.jpg","datePublished":"2025-04-29T09:56:14+00:00","dateModified":"2025-04-29T09:56:15+00:00","breadcrumb":{"@id":"https:\/\/telemme.mmsh.fr\/?p=15472#breadcrumb"},"inLanguage":"fr-FR","potentialAction":[{"@type":"ReadAction","target":["https:\/\/telemme.mmsh.fr\/?p=15472"]}]},{"@type":"ImageObject","inLanguage":"fr-FR","@id":"https:\/\/telemme.mmsh.fr\/?p=15472#primaryimage","url":"https:\/\/telemme.mmsh.fr\/wp-content\/uploads\/2025\/04\/2025.05.31_CollExtraEuro_AAC.jpg","contentUrl":"https:\/\/telemme.mmsh.fr\/wp-content\/uploads\/2025\/04\/2025.05.31_CollExtraEuro_AAC.jpg","width":1255,"height":419,"caption":"Illustration : montage de plusieurs images"},{"@type":"BreadcrumbList","@id":"https:\/\/telemme.mmsh.fr\/?p=15472#breadcrumb","itemListElement":[{"@type":"ListItem","position":1,"name":"Accueil","item":"https:\/\/telemme.mmsh.fr\/"},{"@type":"ListItem","position":2,"name":"Actualit\u00e9s","item":"https:\/\/telemme.mmsh.fr\/?cat=1995"},{"@type":"ListItem","position":3,"name":"Appels \u00e0 candidature","item":"https:\/\/telemme.mmsh.fr\/?cat=2026"},{"@type":"ListItem","position":4,"name":"[AAC] Ports et territoires m\u00e9diterran\u00e9ens\u00a0: circulation des biens culturels, constitution des collections extra-europ\u00e9ennes (XVIIe-XXIe si\u00e8cles)"}]},{"@type":"WebSite","@id":"https:\/\/telemme.mmsh.fr\/#website","url":"https:\/\/telemme.mmsh.fr\/","name":"TELEMMe - Temps, espaces, langages, Europe m\u00e9ridionale, M\u00e9diterran\u00e9e","description":"","publisher":{"@id":"https:\/\/telemme.mmsh.fr\/#organization"},"potentialAction":[{"@type":"SearchAction","target":{"@type":"EntryPoint","urlTemplate":"https:\/\/telemme.mmsh.fr\/?s={search_term_string}"},"query-input":{"@type":"PropertyValueSpecification","valueRequired":true,"valueName":"search_term_string"}}],"inLanguage":"fr-FR"},{"@type":"Organization","@id":"https:\/\/telemme.mmsh.fr\/#organization","name":"TELEMMe","url":"https:\/\/telemme.mmsh.fr\/","logo":{"@type":"ImageObject","inLanguage":"fr-FR","@id":"https:\/\/telemme.mmsh.fr\/#\/schema\/logo\/image\/","url":"https:\/\/telemme.mmsh.fr\/wp-content\/uploads\/2020\/03\/LogoTELEMMe-horizontal-fond-transparent.png","contentUrl":"https:\/\/telemme.mmsh.fr\/wp-content\/uploads\/2020\/03\/LogoTELEMMe-horizontal-fond-transparent.png","width":1500,"height":437,"caption":"TELEMMe"},"image":{"@id":"https:\/\/telemme.mmsh.fr\/#\/schema\/logo\/image\/"}},{"@type":"Person","@id":"https:\/\/telemme.mmsh.fr\/#\/schema\/person\/86a185da4836381586528ced48e263f5","name":"Delphine Cavallo","url":"https:\/\/telemme.mmsh.fr\/?author=6"}]}},"_links":{"self":[{"href":"https:\/\/telemme.mmsh.fr\/index.php?rest_route=\/wp\/v2\/posts\/15472","targetHints":{"allow":["GET"]}}],"collection":[{"href":"https:\/\/telemme.mmsh.fr\/index.php?rest_route=\/wp\/v2\/posts"}],"about":[{"href":"https:\/\/telemme.mmsh.fr\/index.php?rest_route=\/wp\/v2\/types\/post"}],"author":[{"embeddable":true,"href":"https:\/\/telemme.mmsh.fr\/index.php?rest_route=\/wp\/v2\/users\/6"}],"replies":[{"embeddable":true,"href":"https:\/\/telemme.mmsh.fr\/index.php?rest_route=%2Fwp%2Fv2%2Fcomments&post=15472"}],"version-history":[{"count":7,"href":"https:\/\/telemme.mmsh.fr\/index.php?rest_route=\/wp\/v2\/posts\/15472\/revisions"}],"predecessor-version":[{"id":15482,"href":"https:\/\/telemme.mmsh.fr\/index.php?rest_route=\/wp\/v2\/posts\/15472\/revisions\/15482"}],"wp:featuredmedia":[{"embeddable":true,"href":"https:\/\/telemme.mmsh.fr\/index.php?rest_route=\/wp\/v2\/media\/15479"}],"wp:attachment":[{"href":"https:\/\/telemme.mmsh.fr\/index.php?rest_route=%2Fwp%2Fv2%2Fmedia&parent=15472"}],"wp:term":[{"taxonomy":"category","embeddable":true,"href":"https:\/\/telemme.mmsh.fr\/index.php?rest_route=%2Fwp%2Fv2%2Fcategories&post=15472"},{"taxonomy":"post_tag","embeddable":true,"href":"https:\/\/telemme.mmsh.fr\/index.php?rest_route=%2Fwp%2Fv2%2Ftags&post=15472"}],"curies":[{"name":"wp","href":"https:\/\/api.w.org\/{rel}","templated":true}]}}