{"id":15433,"date":"2025-04-08T15:28:16","date_gmt":"2025-04-08T13:28:16","guid":{"rendered":"https:\/\/telemme.mmsh.fr\/?p=15433"},"modified":"2025-04-08T15:30:08","modified_gmt":"2025-04-08T13:30:08","slug":"cfp-perspectives-on-art-histories-in-the-balkans","status":"publish","type":"post","link":"https:\/\/telemme.mmsh.fr\/?p=15433","title":{"rendered":"[CFP] Perspectives on Art Histories in the Balkans"},"content":{"rendered":"\n<p>SYMPOSIUM: Call for papers<br>Paris,<strong> INHA, 18-20 March 2026<\/strong><\/p>\n\n\n\n<h3 class=\"wp-block-heading\"><strong>PERSPECTIVES ON ART HISTORIES IN THE BALKANS<\/strong><br><strong>Actors, Networks, and Practices from the Early Modern to the Contemporary<\/strong><\/h3>\n\n\n\n<p>The symposium \u201cPerspectives on Art Histories in the Balkans: Actors, Networks, and Practices from the Early Modern to the Contemporary\u201d is designed to be a forum for dialogue between academic researchers and cultural players. Devoted to the visual art of the Balkans<a href=\"#sdfootnote1sym\" id=\"sdfootnote1anc\"><sup>1<\/sup><\/a>, this will be the first of a series of triannual meetings bringing together in one place the fields of art research and artistic creation. The symposium is organized by a number of French research centers, and will be held at the Institut National d\u2019Histoire de l\u2019Art in Paris. With the goal of stimulating new dynamics of research, it is open to the entire range of topics addressed by such disciplines as art history, the history of architecture, and the history of cinema.<\/p>\n\n\n\n<p>In the absence of a French specific tradition in the art history of the modern and contemporary Balkans, other disciplines (history, sociology, geography, anthropology, political science, and literature and language studies) have filled the void, supplying their various viewpoints on the objects of study. French and Francophone research is, in fact, made up of these contributions, and it is strongly marked by these intersecting methodologies and epistemologies. The same is true geographically, since the art of the Balkans has often been studied as a part of wider areal, political, or confessional frameworks. As a result of these boundary crossings, it has become possible to analyze artistic practices through transdisciplinary and transnational perspectives. Today, a new generation of specialists and researchers, as well as cultural players, are continuing these investigations, with conscious attention given to formal and aesthetic questions.<\/p>\n\n\n\n<p>This conference takes its place, therefore, within the new academic tendency seeking to reevaluate, in terms of content and methodology, the frames of reference underpinning the study of the arts. The approach will be primarily diachronic (following initial artistic creation through its transformations), with the aim of establishing dialogue between studies of imperial dynamics in the modern era and research on the contemporary Balkans. Such boundary crossing will make possible the study of the formal, conceptual, and material development of the artworks by bringing to light borrowings, overlappings, and tensions. By including this wider historical dimension, the conference aims to explore, beyond heritage studies, the multi-faceted materiality of artworks.<\/p>\n\n\n\n<p>Through this event, the conference organizers are hoping to be able to look at the visual art of the Balkans from a comparative and inclusive perspective. The Balkans are to be understood as an area of creativity with fluid frontiers \u2013 a space where art research can be conducted in terms that are global as much as national, regional, and diasporic (\u201cbeyond the state\u201d). Such investigations will foreground the study of movements and exchanges, inviting formal and theoretical comparisons and contrasts.<\/p>\n\n\n\n<p>Finally, it should be noted that French research on the Balkans, although certainly enriched by the fact that certain countries in the region are both French-speaking and Francophile, must still confront the question of language. Translation in this area is not extensive, and thus English has emerged as common territory for most specialists. It will be the language used for this first research meeting. At the same time, the conference will provide an opportunity to analyze the stakes involved in such a choice, notably with respect to differing epistemologies. It will provide an occasion, therefore, to foster the interrogation of translation and transfer, and the exploration of specific differences, incompatibilities even, of meaning.<\/p>\n\n\n\n<h2 class=\"wp-block-heading\"><strong>Topic areas may include, but are not limited to, the following:<\/strong><\/h2>\n\n\n\n<p><strong>Formal and Prosopographic Approaches<\/strong><\/p>\n\n\n\n<p>The numerous histories of the arts of the Balkans lay claim to a long methodological tradition that favors biography and the prosopographic study of artistic careers. In addition to this, there exists a vast literature devoted to formal and formalist studies of the artworks. How are we to see this monographic writing today? Do these works have a contribution to make towards a better understanding of the dynamics at work in the various national contexts? What formal templates are being applied in the various analyses of the arts of the region?<\/p>\n\n\n\n<p><strong>Movements, Transfers, and Exchanges<\/strong><\/p>\n\n\n\n<p>In suggesting this topic area, the organizers are looking for papers that will examine instances of influence, transfer, and movement without producing forced comparisons or reducing such cases to binary oppositions. Can a hybrid history, one that simultaneously traces artistic theory and artistic practice, tease out \u2013 in terms of influences, shared approaches, and analogies \u2013 the relations between the various Balkan scenes and external centers of production? What is the contribution of postimperial and postcolonial studies to our understanding of artistic exchange?<\/p>\n\n\n\n<p><strong>Constructing Identity, Nation, and Politics<\/strong><\/p>\n\n\n\n<p>The arts have often participated in the creation and transformation of identities during times immediately following periods of radical change. At the same time, art histories have appeared that have bolstered certain views of national and religious identity, taking one side or another in political conflicts. How are we to interpret and evaluate artists\u2019 participation in the various movements involved in these numerous contexts of transition? What has been the role played by artistic practice in the manifestation and management of collective trauma? In what way do European integration and contemporary geopolitical developments bear upon the questions asked by recent artistic productions?<\/p>\n\n\n\n<p><strong>New Struggles in Society and New Patterns of Commitment<\/strong><\/p>\n\n\n\n<p>The historiography devoted to the arts of the Balkans is now very much concerned to include topics and methodological approaches that are inspired by current struggles in society. It would seem appropriate, therefore, to ask about the place assigned to feminist and intersectional practices, as well as ecological endeavors, in the arts. What is their role within aesthetic and activist productions? How do these struggles enter into synergy with other social battles?<\/p>\n\n\n\n<p><strong>The Stakes of Memory and Heritage<\/strong><\/p>\n\n\n\n<p>The profusion of narratives of remembrance has had a direct impact on the various stages in the construction of national and religious identities. This is true as much today as it was during the imperial age, and it has gone along, often enough, with a deep rewriting of government policies with regard to national heritage, subject as such policies are to the constructions of history. In the light of these changing contexts, what are the dynamics of remembrance at work in national and\/or regional governmental policies with respect to culture and heritage? How do museums and their collections change? How do artists interact with the past? What are the historical and artistic conditions that frame the building of monuments, and what is the role played by the arts in discussions around these witnesses to often dissonant pasts?<\/p>\n\n\n\n<p><strong>Institutions, Networks, and Sites<\/strong><\/p>\n\n\n\n<p>Because of the uncertain nature of institutional support for artistic production, cultural actors are forced to develop new strategies of (self-) organization. What can we learn by mapping public, para-official, and alternative institutions? Can we retrace their histories and trajectories? What impact does globalization have on local artistic networks and on recent developments in the art market in the Balkans?<\/p>\n\n\n\n<p>A <strong>workshop<\/strong> open to students will be organized around this intersecting national and international research. Participants will be invited to engage in an informal exchange of ideas and to share their thoughts on emerging points of epistemological agreement.<\/p>\n\n\n\n<h2 class=\"wp-block-heading\"><strong>Submission guidelines<\/strong><\/h2>\n\n\n\n<p>Proposals for papers should be written in English and should not exceed one page (Times New Roman, 12, spacing 1.15). Please provide also a short biography of yourself (350 words maximum). Talks should last <strong>20 minutes<\/strong> and will be followed by a discussion session.<\/p>\n\n\n\n<p>Proposals are due by <strong>June 30, 2025<\/strong>, and should be sent to the following address: <a href=\"mailto:conferenceartsbalkans@gmail.com\">conferenceartsbalkans@gmail.com<\/a><\/p>\n\n\n\n<p>We shall review all proposals during <strong>September 2025<\/strong>.<\/p>\n\n\n\n<p>It is expected that the symposium will lead to a <strong>publication<\/strong>.<\/p>\n\n\n\n<p>The conference organizers are unable to cover participants\u2019 transport and housing costs.<\/p>\n\n\n\n<h2 class=\"wp-block-heading\"><strong>Organizing Committee<\/strong><\/h2>\n\n\n\n<ul class=\"wp-block-list\">\n<li>Daniel Baric (SU, Eur\u2019ORBEM)<\/li>\n\n\n\n<li>Ina Belcheva (Universit\u00e9 Sorbonne Nouvelle, LIRA EA&nbsp;7343)<\/li>\n\n\n\n<li>Na\u00efma Berkane (SU, EUR\u2019ORBEM)<\/li>\n\n\n\n<li>Falma Fshazi (EHESS, CETOBaC)<\/li>\n\n\n\n<li>Alessandro Gallicchio (Acad\u00e9mie de France \u00e0 Rome \u2013 Villa M\u00e9dicis)<\/li>\n\n\n\n<li>Melody Robine (EHESS, CETOBaC)<\/li>\n\n\n\n<li>Vincent Th\u00e9rouin (SU, Centre Andr\u00e9 Chastel)<\/li>\n<\/ul>\n\n\n\n<h2 class=\"wp-block-heading\"><strong>Academic Committee<\/strong><\/h2>\n\n\n\n<ul class=\"wp-block-list\">\n<li>Elo\u00efse Brac de la Perri\u00e8re (INHA, SU)<\/li>\n\n\n\n<li>Victor Claass (INHA)<\/li>\n\n\n\n<li>Nathalie Clayer (EHESS, CETOBaC)<\/li>\n\n\n\n<li>Milena Dragi\u0107evi\u0107-\u0160e\u0161i\u0107 (University of Arts, Belgrade)<\/li>\n\n\n\n<li>Irina Genova (New Bulgarian University)<\/li>\n\n\n\n<li>Maximilian Hartmuth (University of Vienna)<\/li>\n\n\n\n<li>Zef Paci (University of Arts, Tirana)<\/li>\n\n\n\n<li>Jean-Baptiste Minnaert (SU, Centre Andr\u00e9 Chastel)<\/li>\n\n\n\n<li>Gilles de Rapper (\u00c9cole fran\u00e7aise d\u2019Ath\u00e8nes)<\/li>\n\n\n\n<li>Clara Royer (SU, Eur\u2019ORBEM)<\/li>\n\n\n\n<li>Pierre Sint\u00e8s (AMU, Telemme)<\/li>\n<\/ul>\n\n\n\n<h2 class=\"wp-block-heading\"><strong>Organizers<\/strong><\/h2>\n\n\n\n<ul class=\"wp-block-list\">\n<li><a href=\"https:\/\/cetobac.ehess.fr\/\">CETOBAC<\/a><\/li>\n\n\n\n<li><a href=\"https:\/\/www.centrechastel.sorbonne-universite.fr\/\">Centre Andr\u00e9 Chastel<\/a><\/li>\n\n\n\n<li><a href=\"https:\/\/www.efa.gr\/\">\u00c9cole fran\u00e7aise d&rsquo;Ath\u00e8nes<\/a><\/li>\n\n\n\n<li><a href=\"https:\/\/eurorbem.sorbonne-universite.fr\/\">Eur\u2019ORBEM<\/a><\/li>\n\n\n\n<li><a href=\"https:\/\/www.sorbonne-nouvelle.fr\/lira-laboratoire-international-de-recherches-en-arts-ea-7343--341383.kjsp\">LIRA <\/a><\/li>\n\n\n\n<li><a href=\"https:\/\/telemme.mmsh.fr\">TELEMMe<\/a><\/li>\n\n\n\n<li><a href=\"https:\/\/villamedici.it\/\">Villa Medici. Acad\u00e9mie de France \u00e0 Rome<\/a><\/li>\n\n\n\n<li><a href=\"https:\/\/www.inha.fr\/en\/\">INHA<\/a><\/li>\n<\/ul>\n\n\n\n<hr class=\"wp-block-separator has-alpha-channel-opacity\"\/>\n\n\n\n<p><a id=\"sdfootnote1sym\" href=\"#sdfootnote1anc\">1<\/a> According to the AfeBalk definition&nbsp;: <a href=\"https:\/\/afebalk.hypotheses.org\/qui-sommes-nous\">https:\/\/afebalk.hypotheses.org\/qui-sommes-nous<\/a>.<\/p>\n\n\n\n<hr class=\"wp-block-separator has-alpha-channel-opacity\"\/>\n\n\n\n<p><strong>Cr\u00e9dits image : <\/strong>Vlado Martek, <em>USA \u2013 Balkan<\/em>, 2019, wall painting (image based on the eponimous screenprint, 1996). <br>Installation view <em>Vlado Martek, Exhibition With Many Titles<\/em>, held at the Museum of Modern and Contemporary Art, 2019<br>Courtesy Museum of Modern and Contemporary Art, Rijeka, Croatia and the artist. Photo credit: Damir \u017di\u017ei\u0107<\/p>\n","protected":false},"excerpt":{"rendered":"<p>SYMPOSIUM: Call for papersParis, INHA, 18-20 March 2026 PERSPECTIVES ON ART HISTORIES IN THE BALKANSActors, Networks, and Practices from the Early Modern to the Contemporary The symposium \u201cPerspectives on Art&hellip;&nbsp;<a href=\"https:\/\/telemme.mmsh.fr\/?p=15433\" rel=\"bookmark\">Lire la suite &raquo;<span class=\"screen-reader-text\">[CFP] Perspectives on Art Histories in the Balkans<\/span><\/a><\/p>\n","protected":false},"author":6,"featured_media":15437,"comment_status":"closed","ping_status":"closed","sticky":false,"template":"","format":"standard","meta":{"neve_meta_sidebar":"","neve_meta_container":"","neve_meta_enable_content_width":"off","neve_meta_content_width":70,"neve_meta_title_alignment":"","neve_meta_author_avatar":"","neve_post_elements_order":"","neve_meta_disable_header":"","neve_meta_disable_footer":"","neve_meta_disable_title":"","_tribe_events_control_status":"","_tribe_events_control_status_canceled_reason":"","_tribe_events_control_status_postponed_reason":"","_tribe_events_control_online":"","_tribe_events_control_online_url":"","footnotes":""},"categories":[2026],"tags":[2140,1931,2037],"class_list":["post-15433","post","type-post","status-publish","format-standard","has-post-thumbnail","hentry","category-appels-a-candidature","tag-art","tag-balkans","tag-histoire-de-lart"],"yoast_head":"<!-- This site is optimized with the Yoast SEO plugin v27.4 - https:\/\/yoast.com\/product\/yoast-seo-wordpress\/ -->\n<title>[CFP] Perspectives on Art Histories in the Balkans - TELEMMe - Temps, espaces, langages, Europe m\u00e9ridionale, M\u00e9diterran\u00e9e<\/title>\n<meta name=\"robots\" content=\"index, follow, max-snippet:-1, max-image-preview:large, max-video-preview:-1\" \/>\n<link rel=\"canonical\" href=\"https:\/\/telemme.mmsh.fr\/?p=15433\" \/>\n<meta property=\"og:locale\" content=\"fr_FR\" \/>\n<meta property=\"og:type\" content=\"article\" \/>\n<meta property=\"og:title\" content=\"[CFP] Perspectives on Art Histories in the Balkans - TELEMMe - Temps, espaces, langages, Europe m\u00e9ridionale, M\u00e9diterran\u00e9e\" \/>\n<meta property=\"og:description\" content=\"SYMPOSIUM: Call for papersParis, INHA, 18-20 March 2026 PERSPECTIVES ON ART HISTORIES IN THE BALKANSActors, Networks, and Practices from the Early Modern to the Contemporary The symposium \u201cPerspectives on Art&hellip;&nbsp;Lire la suite &raquo;[CFP] Perspectives on Art Histories in the Balkans\" \/>\n<meta property=\"og:url\" content=\"https:\/\/telemme.mmsh.fr\/?p=15433\" \/>\n<meta property=\"og:site_name\" content=\"TELEMMe - Temps, espaces, langages, Europe m\u00e9ridionale, M\u00e9diterran\u00e9e\" \/>\n<meta property=\"article:published_time\" content=\"2025-04-08T13:28:16+00:00\" \/>\n<meta property=\"article:modified_time\" content=\"2025-04-08T13:30:08+00:00\" \/>\n<meta property=\"og:image\" content=\"https:\/\/telemme.mmsh.fr\/wp-content\/uploads\/2025\/04\/VladoMartek_USA\u2013Balkan_2019.png\" \/>\n\t<meta property=\"og:image:width\" content=\"945\" \/>\n\t<meta property=\"og:image:height\" content=\"631\" \/>\n\t<meta property=\"og:image:type\" content=\"image\/png\" \/>\n<meta name=\"author\" content=\"Delphine Cavallo\" \/>\n<meta name=\"twitter:card\" content=\"summary_large_image\" \/>\n<meta name=\"twitter:label1\" content=\"\u00c9crit par\" \/>\n\t<meta name=\"twitter:data1\" content=\"Delphine Cavallo\" \/>\n\t<meta name=\"twitter:label2\" content=\"Dur\u00e9e de lecture estim\u00e9e\" \/>\n\t<meta name=\"twitter:data2\" content=\"8 minutes\" \/>\n<script type=\"application\/ld+json\" class=\"yoast-schema-graph\">{\"@context\":\"https:\\\/\\\/schema.org\",\"@graph\":[{\"@type\":\"Article\",\"@id\":\"https:\\\/\\\/telemme.mmsh.fr\\\/?p=15433#article\",\"isPartOf\":{\"@id\":\"https:\\\/\\\/telemme.mmsh.fr\\\/?p=15433\"},\"author\":{\"name\":\"Delphine Cavallo\",\"@id\":\"https:\\\/\\\/telemme.mmsh.fr\\\/#\\\/schema\\\/person\\\/86a185da4836381586528ced48e263f5\"},\"headline\":\"[CFP] Perspectives on Art Histories in the Balkans\",\"datePublished\":\"2025-04-08T13:28:16+00:00\",\"dateModified\":\"2025-04-08T13:30:08+00:00\",\"mainEntityOfPage\":{\"@id\":\"https:\\\/\\\/telemme.mmsh.fr\\\/?p=15433\"},\"wordCount\":1510,\"publisher\":{\"@id\":\"https:\\\/\\\/telemme.mmsh.fr\\\/#organization\"},\"image\":{\"@id\":\"https:\\\/\\\/telemme.mmsh.fr\\\/?p=15433#primaryimage\"},\"thumbnailUrl\":\"https:\\\/\\\/telemme.mmsh.fr\\\/wp-content\\\/uploads\\\/2025\\\/04\\\/VladoMartek_USA\u2013Balkan_2019.png\",\"keywords\":[\"art\",\"Balkans\",\"histoire de l&#039;art\"],\"articleSection\":[\"Appels \u00e0 candidature\"],\"inLanguage\":\"fr-FR\"},{\"@type\":\"WebPage\",\"@id\":\"https:\\\/\\\/telemme.mmsh.fr\\\/?p=15433\",\"url\":\"https:\\\/\\\/telemme.mmsh.fr\\\/?p=15433\",\"name\":\"[CFP] Perspectives on Art Histories in the Balkans - TELEMMe - Temps, espaces, langages, Europe m\u00e9ridionale, M\u00e9diterran\u00e9e\",\"isPartOf\":{\"@id\":\"https:\\\/\\\/telemme.mmsh.fr\\\/#website\"},\"primaryImageOfPage\":{\"@id\":\"https:\\\/\\\/telemme.mmsh.fr\\\/?p=15433#primaryimage\"},\"image\":{\"@id\":\"https:\\\/\\\/telemme.mmsh.fr\\\/?p=15433#primaryimage\"},\"thumbnailUrl\":\"https:\\\/\\\/telemme.mmsh.fr\\\/wp-content\\\/uploads\\\/2025\\\/04\\\/VladoMartek_USA\u2013Balkan_2019.png\",\"datePublished\":\"2025-04-08T13:28:16+00:00\",\"dateModified\":\"2025-04-08T13:30:08+00:00\",\"breadcrumb\":{\"@id\":\"https:\\\/\\\/telemme.mmsh.fr\\\/?p=15433#breadcrumb\"},\"inLanguage\":\"fr-FR\",\"potentialAction\":[{\"@type\":\"ReadAction\",\"target\":[\"https:\\\/\\\/telemme.mmsh.fr\\\/?p=15433\"]}]},{\"@type\":\"ImageObject\",\"inLanguage\":\"fr-FR\",\"@id\":\"https:\\\/\\\/telemme.mmsh.fr\\\/?p=15433#primaryimage\",\"url\":\"https:\\\/\\\/telemme.mmsh.fr\\\/wp-content\\\/uploads\\\/2025\\\/04\\\/VladoMartek_USA\u2013Balkan_2019.png\",\"contentUrl\":\"https:\\\/\\\/telemme.mmsh.fr\\\/wp-content\\\/uploads\\\/2025\\\/04\\\/VladoMartek_USA\u2013Balkan_2019.png\",\"width\":945,\"height\":631,\"caption\":\"Vlado Martek, USA \u2013 Balkan, 2019, wall painting (image based on the eponimous screenprint, 1996) Installation view Vlado Martek, Exhibition With Many Titles, held at the Museum of Modern and Contemporary Art, 2019 Courtesy Museum of Modern and Contemporary Art, Rijeka, Croatia and the artist. Photo credit: Damir \u017di\u017ei\u0107\"},{\"@type\":\"BreadcrumbList\",\"@id\":\"https:\\\/\\\/telemme.mmsh.fr\\\/?p=15433#breadcrumb\",\"itemListElement\":[{\"@type\":\"ListItem\",\"position\":1,\"name\":\"Accueil\",\"item\":\"https:\\\/\\\/telemme.mmsh.fr\\\/\"},{\"@type\":\"ListItem\",\"position\":2,\"name\":\"Actualit\u00e9s\",\"item\":\"https:\\\/\\\/telemme.mmsh.fr\\\/?cat=1995\"},{\"@type\":\"ListItem\",\"position\":3,\"name\":\"Appels \u00e0 candidature\",\"item\":\"https:\\\/\\\/telemme.mmsh.fr\\\/?cat=2026\"},{\"@type\":\"ListItem\",\"position\":4,\"name\":\"[CFP] Perspectives on Art Histories in the Balkans\"}]},{\"@type\":\"WebSite\",\"@id\":\"https:\\\/\\\/telemme.mmsh.fr\\\/#website\",\"url\":\"https:\\\/\\\/telemme.mmsh.fr\\\/\",\"name\":\"TELEMMe - Temps, espaces, langages, Europe m\u00e9ridionale, M\u00e9diterran\u00e9e\",\"description\":\"\",\"publisher\":{\"@id\":\"https:\\\/\\\/telemme.mmsh.fr\\\/#organization\"},\"potentialAction\":[{\"@type\":\"SearchAction\",\"target\":{\"@type\":\"EntryPoint\",\"urlTemplate\":\"https:\\\/\\\/telemme.mmsh.fr\\\/?s={search_term_string}\"},\"query-input\":{\"@type\":\"PropertyValueSpecification\",\"valueRequired\":true,\"valueName\":\"search_term_string\"}}],\"inLanguage\":\"fr-FR\"},{\"@type\":\"Organization\",\"@id\":\"https:\\\/\\\/telemme.mmsh.fr\\\/#organization\",\"name\":\"TELEMMe\",\"url\":\"https:\\\/\\\/telemme.mmsh.fr\\\/\",\"logo\":{\"@type\":\"ImageObject\",\"inLanguage\":\"fr-FR\",\"@id\":\"https:\\\/\\\/telemme.mmsh.fr\\\/#\\\/schema\\\/logo\\\/image\\\/\",\"url\":\"https:\\\/\\\/telemme.mmsh.fr\\\/wp-content\\\/uploads\\\/2020\\\/03\\\/LogoTELEMMe-horizontal-fond-transparent.png\",\"contentUrl\":\"https:\\\/\\\/telemme.mmsh.fr\\\/wp-content\\\/uploads\\\/2020\\\/03\\\/LogoTELEMMe-horizontal-fond-transparent.png\",\"width\":1500,\"height\":437,\"caption\":\"TELEMMe\"},\"image\":{\"@id\":\"https:\\\/\\\/telemme.mmsh.fr\\\/#\\\/schema\\\/logo\\\/image\\\/\"}},{\"@type\":\"Person\",\"@id\":\"https:\\\/\\\/telemme.mmsh.fr\\\/#\\\/schema\\\/person\\\/86a185da4836381586528ced48e263f5\",\"name\":\"Delphine Cavallo\",\"url\":\"https:\\\/\\\/telemme.mmsh.fr\\\/?author=6\"}]}<\/script>\n<!-- \/ Yoast SEO plugin. -->","yoast_head_json":{"title":"[CFP] Perspectives on Art Histories in the Balkans - TELEMMe - Temps, espaces, langages, Europe m\u00e9ridionale, M\u00e9diterran\u00e9e","robots":{"index":"index","follow":"follow","max-snippet":"max-snippet:-1","max-image-preview":"max-image-preview:large","max-video-preview":"max-video-preview:-1"},"canonical":"https:\/\/telemme.mmsh.fr\/?p=15433","og_locale":"fr_FR","og_type":"article","og_title":"[CFP] Perspectives on Art Histories in the Balkans - TELEMMe - Temps, espaces, langages, Europe m\u00e9ridionale, M\u00e9diterran\u00e9e","og_description":"SYMPOSIUM: Call for papersParis, INHA, 18-20 March 2026 PERSPECTIVES ON ART HISTORIES IN THE BALKANSActors, Networks, and Practices from the Early Modern to the Contemporary The symposium \u201cPerspectives on Art&hellip;&nbsp;Lire la suite &raquo;[CFP] Perspectives on Art Histories in the Balkans","og_url":"https:\/\/telemme.mmsh.fr\/?p=15433","og_site_name":"TELEMMe - Temps, espaces, langages, Europe m\u00e9ridionale, M\u00e9diterran\u00e9e","article_published_time":"2025-04-08T13:28:16+00:00","article_modified_time":"2025-04-08T13:30:08+00:00","og_image":[{"width":945,"height":631,"url":"https:\/\/telemme.mmsh.fr\/wp-content\/uploads\/2025\/04\/VladoMartek_USA\u2013Balkan_2019.png","type":"image\/png"}],"author":"Delphine Cavallo","twitter_card":"summary_large_image","twitter_misc":{"\u00c9crit par":"Delphine Cavallo","Dur\u00e9e de lecture estim\u00e9e":"8 minutes"},"schema":{"@context":"https:\/\/schema.org","@graph":[{"@type":"Article","@id":"https:\/\/telemme.mmsh.fr\/?p=15433#article","isPartOf":{"@id":"https:\/\/telemme.mmsh.fr\/?p=15433"},"author":{"name":"Delphine Cavallo","@id":"https:\/\/telemme.mmsh.fr\/#\/schema\/person\/86a185da4836381586528ced48e263f5"},"headline":"[CFP] Perspectives on Art Histories in the Balkans","datePublished":"2025-04-08T13:28:16+00:00","dateModified":"2025-04-08T13:30:08+00:00","mainEntityOfPage":{"@id":"https:\/\/telemme.mmsh.fr\/?p=15433"},"wordCount":1510,"publisher":{"@id":"https:\/\/telemme.mmsh.fr\/#organization"},"image":{"@id":"https:\/\/telemme.mmsh.fr\/?p=15433#primaryimage"},"thumbnailUrl":"https:\/\/telemme.mmsh.fr\/wp-content\/uploads\/2025\/04\/VladoMartek_USA\u2013Balkan_2019.png","keywords":["art","Balkans","histoire de l&#039;art"],"articleSection":["Appels \u00e0 candidature"],"inLanguage":"fr-FR"},{"@type":"WebPage","@id":"https:\/\/telemme.mmsh.fr\/?p=15433","url":"https:\/\/telemme.mmsh.fr\/?p=15433","name":"[CFP] Perspectives on Art Histories in the Balkans - TELEMMe - Temps, espaces, langages, Europe m\u00e9ridionale, M\u00e9diterran\u00e9e","isPartOf":{"@id":"https:\/\/telemme.mmsh.fr\/#website"},"primaryImageOfPage":{"@id":"https:\/\/telemme.mmsh.fr\/?p=15433#primaryimage"},"image":{"@id":"https:\/\/telemme.mmsh.fr\/?p=15433#primaryimage"},"thumbnailUrl":"https:\/\/telemme.mmsh.fr\/wp-content\/uploads\/2025\/04\/VladoMartek_USA\u2013Balkan_2019.png","datePublished":"2025-04-08T13:28:16+00:00","dateModified":"2025-04-08T13:30:08+00:00","breadcrumb":{"@id":"https:\/\/telemme.mmsh.fr\/?p=15433#breadcrumb"},"inLanguage":"fr-FR","potentialAction":[{"@type":"ReadAction","target":["https:\/\/telemme.mmsh.fr\/?p=15433"]}]},{"@type":"ImageObject","inLanguage":"fr-FR","@id":"https:\/\/telemme.mmsh.fr\/?p=15433#primaryimage","url":"https:\/\/telemme.mmsh.fr\/wp-content\/uploads\/2025\/04\/VladoMartek_USA\u2013Balkan_2019.png","contentUrl":"https:\/\/telemme.mmsh.fr\/wp-content\/uploads\/2025\/04\/VladoMartek_USA\u2013Balkan_2019.png","width":945,"height":631,"caption":"Vlado Martek, USA \u2013 Balkan, 2019, wall painting (image based on the eponimous screenprint, 1996) Installation view Vlado Martek, Exhibition With Many Titles, held at the Museum of Modern and Contemporary Art, 2019 Courtesy Museum of Modern and Contemporary Art, Rijeka, Croatia and the artist. Photo credit: Damir \u017di\u017ei\u0107"},{"@type":"BreadcrumbList","@id":"https:\/\/telemme.mmsh.fr\/?p=15433#breadcrumb","itemListElement":[{"@type":"ListItem","position":1,"name":"Accueil","item":"https:\/\/telemme.mmsh.fr\/"},{"@type":"ListItem","position":2,"name":"Actualit\u00e9s","item":"https:\/\/telemme.mmsh.fr\/?cat=1995"},{"@type":"ListItem","position":3,"name":"Appels \u00e0 candidature","item":"https:\/\/telemme.mmsh.fr\/?cat=2026"},{"@type":"ListItem","position":4,"name":"[CFP] Perspectives on Art Histories in the Balkans"}]},{"@type":"WebSite","@id":"https:\/\/telemme.mmsh.fr\/#website","url":"https:\/\/telemme.mmsh.fr\/","name":"TELEMMe - Temps, espaces, langages, Europe m\u00e9ridionale, M\u00e9diterran\u00e9e","description":"","publisher":{"@id":"https:\/\/telemme.mmsh.fr\/#organization"},"potentialAction":[{"@type":"SearchAction","target":{"@type":"EntryPoint","urlTemplate":"https:\/\/telemme.mmsh.fr\/?s={search_term_string}"},"query-input":{"@type":"PropertyValueSpecification","valueRequired":true,"valueName":"search_term_string"}}],"inLanguage":"fr-FR"},{"@type":"Organization","@id":"https:\/\/telemme.mmsh.fr\/#organization","name":"TELEMMe","url":"https:\/\/telemme.mmsh.fr\/","logo":{"@type":"ImageObject","inLanguage":"fr-FR","@id":"https:\/\/telemme.mmsh.fr\/#\/schema\/logo\/image\/","url":"https:\/\/telemme.mmsh.fr\/wp-content\/uploads\/2020\/03\/LogoTELEMMe-horizontal-fond-transparent.png","contentUrl":"https:\/\/telemme.mmsh.fr\/wp-content\/uploads\/2020\/03\/LogoTELEMMe-horizontal-fond-transparent.png","width":1500,"height":437,"caption":"TELEMMe"},"image":{"@id":"https:\/\/telemme.mmsh.fr\/#\/schema\/logo\/image\/"}},{"@type":"Person","@id":"https:\/\/telemme.mmsh.fr\/#\/schema\/person\/86a185da4836381586528ced48e263f5","name":"Delphine Cavallo","url":"https:\/\/telemme.mmsh.fr\/?author=6"}]}},"_links":{"self":[{"href":"https:\/\/telemme.mmsh.fr\/index.php?rest_route=\/wp\/v2\/posts\/15433","targetHints":{"allow":["GET"]}}],"collection":[{"href":"https:\/\/telemme.mmsh.fr\/index.php?rest_route=\/wp\/v2\/posts"}],"about":[{"href":"https:\/\/telemme.mmsh.fr\/index.php?rest_route=\/wp\/v2\/types\/post"}],"author":[{"embeddable":true,"href":"https:\/\/telemme.mmsh.fr\/index.php?rest_route=\/wp\/v2\/users\/6"}],"replies":[{"embeddable":true,"href":"https:\/\/telemme.mmsh.fr\/index.php?rest_route=%2Fwp%2Fv2%2Fcomments&post=15433"}],"version-history":[{"count":5,"href":"https:\/\/telemme.mmsh.fr\/index.php?rest_route=\/wp\/v2\/posts\/15433\/revisions"}],"predecessor-version":[{"id":15439,"href":"https:\/\/telemme.mmsh.fr\/index.php?rest_route=\/wp\/v2\/posts\/15433\/revisions\/15439"}],"wp:featuredmedia":[{"embeddable":true,"href":"https:\/\/telemme.mmsh.fr\/index.php?rest_route=\/wp\/v2\/media\/15437"}],"wp:attachment":[{"href":"https:\/\/telemme.mmsh.fr\/index.php?rest_route=%2Fwp%2Fv2%2Fmedia&parent=15433"}],"wp:term":[{"taxonomy":"category","embeddable":true,"href":"https:\/\/telemme.mmsh.fr\/index.php?rest_route=%2Fwp%2Fv2%2Fcategories&post=15433"},{"taxonomy":"post_tag","embeddable":true,"href":"https:\/\/telemme.mmsh.fr\/index.php?rest_route=%2Fwp%2Fv2%2Ftags&post=15433"}],"curies":[{"name":"wp","href":"https:\/\/api.w.org\/{rel}","templated":true}]}}