{"id":15421,"date":"2025-04-08T14:50:07","date_gmt":"2025-04-08T12:50:07","guid":{"rendered":"https:\/\/telemme.mmsh.fr\/?p=15421"},"modified":"2025-04-08T15:34:14","modified_gmt":"2025-04-08T13:34:14","slug":"aac-conserver-la-mer-et-ses-ressources","status":"publish","type":"post","link":"https:\/\/telemme.mmsh.fr\/?p=15421","title":{"rendered":"[AAC] Conserver la mer et ses ressources"},"content":{"rendered":"\n<p>Appel \u00e0 candidatures<br><strong>Atelier interdisciplinaire Jeunes Chercheurs<\/strong><br>IRMC \u2013 FMSH \u2013 UMR TELEMMe \u2013 INAT<br><em>Atelier du r\u00e9seau EcoHisMa &#8211; Fondation des Maisons des Sciences de l\u2019Homme<\/em><br><strong>Tunis<\/strong>, <strong>20-23 Janvier 2026<\/strong><\/p>\n\n\n\n<h2 class=\"wp-block-heading\">ARGUMENTAIRE<\/h2>\n\n\n\n<h3 class=\"wp-block-heading\"><strong>Conserver la mer et ses ressources\u00a0: acteurs, indicateurs, dissensions et dispositifs (M\u00e9diterran\u00e9e, XIX<sup>e<\/sup>-XXI<sup>e<\/sup> si\u00e8cles)<\/strong><\/h3>\n\n\n\n<p>Lanc\u00e9 en janvier 2025, le <a href=\"https:\/\/telemme.mmsh.fr\/?projets=ecohisma\">r\u00e9seau EcoHisMa<\/a> \u00ab\u00a0Eco-histoire de la conservation marine au Maghreb\u00a0: discours, pratiques et savoirs\u00a0\u00bb (XIX<sup>e<\/sup>\u2013 XXI<sup>e<\/sup> si\u00e8cles)\u00a0\u00bb s\u2019est donn\u00e9 pour objectif de d\u00e9velopper une r\u00e9flexion commune et interdisciplinaire sur les discours, les pratiques et les savoirs autour desquels ont \u00e9t\u00e9 \u00e9labor\u00e9s les politiques de gestion des ressources de la mer et des littoraux au Maghreb, et plus largement en M\u00e9diterran\u00e9e, depuis le milieu du XIXe si\u00e8cle \u00e0 aujourd\u2019hui. La connaissance historique de la conservation marine est, \u00e0 l\u2019\u00e9chelle de la M\u00e9diterran\u00e9e, tr\u00e8s lacunaire. En raison de fonds archivistiques parfois difficiles d\u2019acc\u00e8s, on ne conna\u00eet rien ou presque du pass\u00e9 des dispositifs de r\u00e9gulation des ressources et de pr\u00e9servation des environnements marins. Le r\u00e9seau EcoHisMa invite ainsi les chercheurs de toutes les disciplines des Sciences Humaines et Sociales et des Sciences de la mer \u00e0 r\u00e9fl\u00e9chir ensemble sur les dynamiques pass\u00e9es et pr\u00e9sentes de la conservation des ressources animales et v\u00e9g\u00e9tales qu\u2019abritent les \u00e9cosyst\u00e8mes qui bordent les rives de la M\u00e9diterran\u00e9e.<\/p>\n\n\n\n<p>Dans cette optique, le r\u00e9seau organisera du 20 au 23 janvier 2026 un atelier Jeunes chercheurs en partenariat avec l\u2019Institut de Recherche sur le Maghreb Contemporain, l\u2019Institut National Agronomique de Tunisie et l\u2019UMR 7303 TELEMMe. Intitul\u00e9 \u00ab&nbsp;Conserver la mer et ses ressources : acteurs, indicateurs, dissensions et dispositifs (M\u00e9diterran\u00e9e, XIXe-XXIe si\u00e8cles)&nbsp;\u00bb, il entend rassembler des jeunes chercheurs qui \u00e9tudient les modes de gestion, de conservation et de pr\u00e9servation des environnements marins et des \u00e9cosyst\u00e8mes c\u00f4tiers dans toute leur diversit\u00e9 (fonds marins, zones humides, lagunes, plages, etc\u2026), et qui souhaitent pratiquer l\u2019interdisciplinarit\u00e9. L\u2019objectif de cet atelier est double&nbsp;: 1) Donner \u00e0 lire et mettre en discussion la recherche en train de se faire, \u00e0 travers une focale sur les pratiques d\u2019enqu\u00eate et les outils de recherche sur le pass\u00e9, le pr\u00e9sent et le futur de la conservation marine&nbsp;; 2) Interroger les ressources et les limites des diff\u00e9rents dialogues disciplinaires qui peuvent se nouer autour de la conservation des \u00e9cosyst\u00e8mes marins comme objet de recherche.<\/p>\n\n\n\n<p><strong>Quatre axes de dialogue sont particuli\u00e8rement envisag\u00e9s\u00a0:<\/strong><\/p>\n\n\n\n<ol class=\"wp-block-list\">\n<li><strong>Acteurs\u00a0<\/strong>: dans quelle mesure la pr\u00e9occupation croissante pour les environnements marins depuis le XIXe si\u00e8cle a-t-elle favoris\u00e9 l\u2019\u00e9mergence de nouveaux acteurs de la conservation marine\u00a0? Qui sont les agents et les experts qui interviennent, \u00e0 diff\u00e9rentes \u00e9chelles et aux diff\u00e9rentes \u00e9poques, dans la gestion des \u00e9cosyst\u00e8mes marins\u00a0? On s\u2019attachera ici \u00e0 consid\u00e9rer \u00e0 la fois les acteurs publics qui interviennent dans le gouvernement des espaces maritimes (organisations internationales, autorit\u00e9s nationales et locales, institutions scientifiques, etc\u2026), mais \u00e9galement les acteurs priv\u00e9s qui participent directement ou indirectement \u00e0 la gestion des territoires maritimes et de leurs ressources (ONG, associations, groupements professionnels, entreprises, etc\u2026), cela afin de saisir les processus de construction, de transmission et de patrimonialisation de savoirs et de contre-savoirs sp\u00e9cifiquement maritimes, qu\u2019ils soient savants, profanes ou administratifs.<\/li>\n<\/ol>\n\n\n\n<ol start=\"2\" class=\"wp-block-list\">\n<li><strong>Dissensions<\/strong>\u00a0: les milieux marins et les ressources qu\u2019ils abritent sont consid\u00e9r\u00e9s comme un bien commun. Cependant, les concurrences entre les diff\u00e9rents groupes professionnels de la p\u00eache ne cessent de s\u2019intensifier. Ce ph\u00e9nom\u00e8ne, conjugu\u00e9 au recul des ressources halieutiques mondiales, entra\u00eene l\u2019\u00e9mergence de conflits qui red\u00e9finissent les limites des zones de p\u00eache et des aires marines prot\u00e9g\u00e9es. Quelles sont les formes de rapports de force, anciens et r\u00e9cents, qui structurent les soci\u00e9t\u00e9s de p\u00eache ? Des normes de r\u00e9gulation, qu\u2019elles rel\u00e8vent du cadre du commun, de la gestion institutionnelle nationale ou de programmes internationaux li\u00e9s aux espaces littoraux et marins, s\u2019entrecroisent afin de pr\u00e9server les int\u00e9r\u00eats de chacun. Des analyses empiriques et spatiotemporelles sur cet aspect de la relation homme-milieu apporteront un meilleur \u00e9clairage sur la dynamique des espaces marins en g\u00e9n\u00e9ral, et des ports de p\u00eache en particulier.<\/li>\n<\/ol>\n\n\n\n<ol start=\"3\" class=\"wp-block-list\">\n<li><strong>Indicateurs<\/strong>\u00a0: il s\u2019agira aussi de r\u00e9fl\u00e9chir \u00e0 la g\u00e9n\u00e9alogie et \u00e0 la diversit\u00e9 des variables scientifiques et des instruments de mesure mobilis\u00e9s par les scientifiques et les experts d\u2019hier et d\u2019aujourd\u2019hui pour \u00e9laborer les indicateurs de durabilit\u00e9 des ressources marines (surveillance et \u00e9valuation des stocks, observation des habitats marins, mesure des effets du changement climatique et de l\u2019impact anthropique, etc\u2026). Comment ces indicateurs ont progressivement int\u00e9gr\u00e9 une complexit\u00e9 et une pluralit\u00e9 de facteurs \u00e9cologiques, \u00e9conomiques et sociaux\u00a0? Dans quelle mesure leur \u00e9laboration et leur interpr\u00e9tation ont-elles conditionn\u00e9 notre perception des environnements marins et leurs variations \u00e9cologiques, participant notamment au ph\u00e9nom\u00e8ne de \u00ab shifting Baseline Syndrome \u00bb (ou \u00ab amn\u00e9sie \u00e9cologique \u00bb) d\u00e9crit par Daniel Pauly en 1995\u00a0?<\/li>\n\n\n\n<li><strong>Dispositifs<\/strong> : qu\u2019ils soient issus de proc\u00e9d\u00e9s traditionnels ou d\u2019innovations technologiques, qu\u2019ils visent \u00e0 une gestion \u00e9quilibr\u00e9e ou \u00e0 une protection int\u00e9grale, les dispositifs mis en \u0153uvre pour la gestion des environnements marins et de leurs ressources sont d\u2019une grande diversit\u00e9. Ils rel\u00e8vent de savoirs tr\u00e8s divers\u00a0: zonage, cantonnement, r\u00e9serve, aquaculture, repeuplement, introduction ou restauration, etc\u2026 En r\u00e9fl\u00e9chissant aux \u00e9volutions de ces dispositifs depuis le XIXe si\u00e8cle, il s\u2019agira \u00e9galement de voir comment les diff\u00e9rentes disciplines des Sciences sociales et des Sciences de la mer appr\u00e9hendent leur \u00e9laboration, leur mise en pratique, leur efficacit\u00e9, autant que leur impact sur les communaut\u00e9s littorales, les usagers et les acteurs professionnels, qu\u2019ils soient marins-p\u00eacheurs, professionnels du tourisme, etc\u2026<\/li>\n<\/ol>\n\n\n\n<h2 class=\"wp-block-heading\">D\u00c9ROULEMENT DES ATELIERS<\/h2>\n\n\n\n<p>Les journ\u00e9es s\u2019articuleront entre des ateliers anim\u00e9s par les formateurs, la pr\u00e9sentation des sources et des donn\u00e9es des participants, et des sorties collectives sur le terrain. Les candidats retenus sont tenus d\u2019assister \u00e0 l\u2019ensemble des ateliers, pr\u00e9sentations et excursions. Les \u00e9changes se tiendront en fran\u00e7ais et en anglais.<\/p>\n\n\n\n<p>L\u2019atelier doctoral accueillera des jeunes chercheurs de toute nationalit\u00e9 et de toute discipline travaillant sur les probl\u00e9matiques environnementales li\u00e9es \u00e0 la conservation marine au Maghreb et en M\u00e9diterran\u00e9e. Les participants seront pris en charge sur place (h\u00e9bergements, d\u00e9jeuners). La prise en charge du transport pourra \u00eatre financ\u00e9e au cas par cas, les participants \u00e9tant invit\u00e9s \u00e0 solliciter le soutien de leur(s) institution(s) de rattachement.<\/p>\n\n\n\n<h2 class=\"wp-block-heading\">DOSSIER DE CANDIDATURE<\/h2>\n\n\n\n<p>Lors de l\u2019atelier, il sera demand\u00e9 aux participants de pr\u00e9senter un aspect de leur recherche en insistant sur les aspects m\u00e9thodologiques et les donn\u00e9es utilis\u00e9es pour mettre l\u2019accent sur les pratiques d\u2019enqu\u00eate envisag\u00e9es.<\/p>\n\n\n\n<p>Le dossier de candidature est \u00e0 envoyer \u00e0 l\u2019adresse <a href=\"mailto:ecohisma@gmail.com\">ecohisma@gmail.com<\/a> <strong>avant le 2 juin 2025 20h.<\/strong><\/p>\n\n\n\n<p>Il comprendra une seule pi\u00e8ce jointe comprenant dans l\u2019ordre les documents suivants en format pdf\u00a0:<\/p>\n\n\n\n<ul class=\"wp-block-list\">\n<li>Une lettre de motivation (maximum 2 pages)<\/li>\n\n\n\n<li>Un <em>curriculum vitae<\/em> (maximum 2 pages)<\/li>\n\n\n\n<li>Un titre et un r\u00e9sum\u00e9 de l\u2019intervention envisag\u00e9e (maximum 1 pages)<\/li>\n\n\n\n<li>Une lettre de recommandation<\/li>\n<\/ul>\n\n\n\n<p>Les r\u00e9sultats seront communiqu\u00e9s aux candidats \u00e0 la mi-juin 2025.<\/p>\n\n\n\n<p><strong>Organisation et comit\u00e9 scientifique\u00a0:<\/strong> Jamila Ben Souissi (INAT) [LR11ES09], Katia Boissevain (IRMC), Tarik Ghodbani (Universit\u00e9 d\u2019Oran 2\/EGEAT), Daniel Faget (AMU\/TELEMMe), Hugo Vermeren (CNRS\/TELEMMe).<\/p>\n\n\n\n<p><strong>Pour en savoir plus : <\/strong><\/p>\n\n\n\n<ul class=\"wp-block-list\">\n<li><a href=\"https:\/\/ecohisma.hypotheses.org\">https:\/\/ecohisma.hypotheses.org<\/a><\/li>\n\n\n\n<li><a href=\"https:\/\/www.fmsh.fr\/projets\/ecohisma\">https:\/\/www.fmsh.fr\/projets\/ecohisma<\/a><\/li>\n<\/ul>\n\n\n\n<p><\/p>\n","protected":false},"excerpt":{"rendered":"<p>Appel \u00e0 candidaturesAtelier interdisciplinaire Jeunes ChercheursIRMC \u2013 FMSH \u2013 UMR TELEMMe \u2013 INATAtelier du r\u00e9seau EcoHisMa &#8211; Fondation des Maisons des Sciences de l\u2019HommeTunis, 20-23 Janvier 2026 ARGUMENTAIRE Conserver la&hellip;&nbsp;<a href=\"https:\/\/telemme.mmsh.fr\/?p=15421\" rel=\"bookmark\">Lire la suite &raquo;<span class=\"screen-reader-text\">[AAC] Conserver la mer et ses ressources<\/span><\/a><\/p>\n","protected":false},"author":6,"featured_media":15440,"comment_status":"closed","ping_status":"closed","sticky":false,"template":"","format":"standard","meta":{"neve_meta_sidebar":"","neve_meta_container":"","neve_meta_enable_content_width":"off","neve_meta_content_width":70,"neve_meta_title_alignment":"","neve_meta_author_avatar":"","neve_post_elements_order":"","neve_meta_disable_header":"","neve_meta_disable_footer":"","neve_meta_disable_title":"","_tribe_events_control_status":"","_tribe_events_control_status_canceled_reason":"","_tribe_events_control_status_postponed_reason":"","_tribe_events_control_online":"","_tribe_events_control_online_url":"","footnotes":""},"categories":[2026],"tags":[2935,2934,2526],"class_list":["post-15421","post","type-post","status-publish","format-standard","has-post-thumbnail","hentry","category-appels-a-candidature","tag-ecohisma","tag-jeunes-chercheurs","tag-mer"],"yoast_head":"<!-- This site is optimized with the Yoast SEO plugin v27.4 - https:\/\/yoast.com\/product\/yoast-seo-wordpress\/ -->\n<title>[AAC] Conserver la mer et ses ressources - TELEMMe - Temps, espaces, langages, Europe m\u00e9ridionale, M\u00e9diterran\u00e9e<\/title>\n<meta name=\"description\" content=\"Appel \u00e0 candidaturesAtelier interdisciplinaire Jeunes ChercheursIRMC \u2013 FMSH \u2013 UMR TELEMMe \u2013 INATAtelier du r\u00e9seau EcoHisMa - Fondation des Maisons des Sciences de l\u2019HommeConserver la mer et ses ressources\u00a0: acteurs, indicateurs, dissensions et dispositifs (M\u00e9diterran\u00e9e, XIXe-XXIe si\u00e8cles)Tunis20-23 Janvier 2026\" \/>\n<meta name=\"robots\" content=\"index, follow, max-snippet:-1, max-image-preview:large, max-video-preview:-1\" \/>\n<link rel=\"canonical\" href=\"https:\/\/telemme.mmsh.fr\/?p=15421\" \/>\n<meta property=\"og:locale\" content=\"fr_FR\" \/>\n<meta property=\"og:type\" content=\"article\" \/>\n<meta property=\"og:title\" content=\"[AAC] Conserver la mer et ses ressources - TELEMMe - Temps, espaces, langages, Europe m\u00e9ridionale, M\u00e9diterran\u00e9e\" \/>\n<meta property=\"og:description\" content=\"Appel \u00e0 candidaturesAtelier interdisciplinaire Jeunes ChercheursIRMC \u2013 FMSH \u2013 UMR TELEMMe \u2013 INATAtelier du r\u00e9seau EcoHisMa - Fondation des Maisons des Sciences de l\u2019HommeConserver la mer et ses ressources\u00a0: acteurs, indicateurs, dissensions et dispositifs (M\u00e9diterran\u00e9e, XIXe-XXIe si\u00e8cles)Tunis20-23 Janvier 2026\" \/>\n<meta property=\"og:url\" content=\"https:\/\/telemme.mmsh.fr\/?p=15421\" \/>\n<meta property=\"og:site_name\" content=\"TELEMMe - Temps, espaces, langages, Europe m\u00e9ridionale, M\u00e9diterran\u00e9e\" \/>\n<meta property=\"article:published_time\" content=\"2025-04-08T12:50:07+00:00\" \/>\n<meta property=\"article:modified_time\" content=\"2025-04-08T13:34:14+00:00\" \/>\n<meta property=\"og:image\" content=\"https:\/\/telemme.mmsh.fr\/wp-content\/uploads\/2025\/04\/pecheurs-tunisie.png\" \/>\n\t<meta property=\"og:image:width\" content=\"750\" \/>\n\t<meta property=\"og:image:height\" content=\"563\" \/>\n\t<meta property=\"og:image:type\" content=\"image\/png\" \/>\n<meta name=\"author\" content=\"Delphine Cavallo\" \/>\n<meta name=\"twitter:card\" content=\"summary_large_image\" \/>\n<meta name=\"twitter:label1\" content=\"\u00c9crit par\" \/>\n\t<meta name=\"twitter:data1\" content=\"Delphine Cavallo\" \/>\n\t<meta name=\"twitter:label2\" content=\"Dur\u00e9e de lecture estim\u00e9e\" \/>\n\t<meta name=\"twitter:data2\" content=\"6 minutes\" \/>\n<script type=\"application\/ld+json\" class=\"yoast-schema-graph\">{\"@context\":\"https:\\\/\\\/schema.org\",\"@graph\":[{\"@type\":\"Article\",\"@id\":\"https:\\\/\\\/telemme.mmsh.fr\\\/?p=15421#article\",\"isPartOf\":{\"@id\":\"https:\\\/\\\/telemme.mmsh.fr\\\/?p=15421\"},\"author\":{\"name\":\"Delphine Cavallo\",\"@id\":\"https:\\\/\\\/telemme.mmsh.fr\\\/#\\\/schema\\\/person\\\/86a185da4836381586528ced48e263f5\"},\"headline\":\"[AAC] Conserver la mer et ses ressources\",\"datePublished\":\"2025-04-08T12:50:07+00:00\",\"dateModified\":\"2025-04-08T13:34:14+00:00\",\"mainEntityOfPage\":{\"@id\":\"https:\\\/\\\/telemme.mmsh.fr\\\/?p=15421\"},\"wordCount\":1275,\"publisher\":{\"@id\":\"https:\\\/\\\/telemme.mmsh.fr\\\/#organization\"},\"image\":{\"@id\":\"https:\\\/\\\/telemme.mmsh.fr\\\/?p=15421#primaryimage\"},\"thumbnailUrl\":\"https:\\\/\\\/telemme.mmsh.fr\\\/wp-content\\\/uploads\\\/2025\\\/04\\\/pecheurs-tunisie.png\",\"keywords\":[\"ECOHISMA\",\"jeunes chercheurs\",\"mer\"],\"articleSection\":[\"Appels \u00e0 candidature\"],\"inLanguage\":\"fr-FR\"},{\"@type\":\"WebPage\",\"@id\":\"https:\\\/\\\/telemme.mmsh.fr\\\/?p=15421\",\"url\":\"https:\\\/\\\/telemme.mmsh.fr\\\/?p=15421\",\"name\":\"[AAC] Conserver la mer et ses ressources - TELEMMe - Temps, espaces, langages, Europe m\u00e9ridionale, M\u00e9diterran\u00e9e\",\"isPartOf\":{\"@id\":\"https:\\\/\\\/telemme.mmsh.fr\\\/#website\"},\"primaryImageOfPage\":{\"@id\":\"https:\\\/\\\/telemme.mmsh.fr\\\/?p=15421#primaryimage\"},\"image\":{\"@id\":\"https:\\\/\\\/telemme.mmsh.fr\\\/?p=15421#primaryimage\"},\"thumbnailUrl\":\"https:\\\/\\\/telemme.mmsh.fr\\\/wp-content\\\/uploads\\\/2025\\\/04\\\/pecheurs-tunisie.png\",\"datePublished\":\"2025-04-08T12:50:07+00:00\",\"dateModified\":\"2025-04-08T13:34:14+00:00\",\"description\":\"Appel \u00e0 candidaturesAtelier interdisciplinaire Jeunes ChercheursIRMC \u2013 FMSH \u2013 UMR TELEMMe \u2013 INATAtelier du r\u00e9seau EcoHisMa - Fondation des Maisons des Sciences de l\u2019HommeConserver la mer et ses ressources\u00a0: acteurs, indicateurs, dissensions et dispositifs (M\u00e9diterran\u00e9e, XIXe-XXIe si\u00e8cles)Tunis20-23 Janvier 2026\",\"breadcrumb\":{\"@id\":\"https:\\\/\\\/telemme.mmsh.fr\\\/?p=15421#breadcrumb\"},\"inLanguage\":\"fr-FR\",\"potentialAction\":[{\"@type\":\"ReadAction\",\"target\":[\"https:\\\/\\\/telemme.mmsh.fr\\\/?p=15421\"]}]},{\"@type\":\"ImageObject\",\"inLanguage\":\"fr-FR\",\"@id\":\"https:\\\/\\\/telemme.mmsh.fr\\\/?p=15421#primaryimage\",\"url\":\"https:\\\/\\\/telemme.mmsh.fr\\\/wp-content\\\/uploads\\\/2025\\\/04\\\/pecheurs-tunisie.png\",\"contentUrl\":\"https:\\\/\\\/telemme.mmsh.fr\\\/wp-content\\\/uploads\\\/2025\\\/04\\\/pecheurs-tunisie.png\",\"width\":750,\"height\":563,\"caption\":\"P\u00eacheurs, Lagune de Bahiret El Bibane, juin 2012 \u00a9Daniel Faget\"},{\"@type\":\"BreadcrumbList\",\"@id\":\"https:\\\/\\\/telemme.mmsh.fr\\\/?p=15421#breadcrumb\",\"itemListElement\":[{\"@type\":\"ListItem\",\"position\":1,\"name\":\"Accueil\",\"item\":\"https:\\\/\\\/telemme.mmsh.fr\\\/\"},{\"@type\":\"ListItem\",\"position\":2,\"name\":\"Actualit\u00e9s\",\"item\":\"https:\\\/\\\/telemme.mmsh.fr\\\/?cat=1995\"},{\"@type\":\"ListItem\",\"position\":3,\"name\":\"Appels \u00e0 candidature\",\"item\":\"https:\\\/\\\/telemme.mmsh.fr\\\/?cat=2026\"},{\"@type\":\"ListItem\",\"position\":4,\"name\":\"[AAC] Conserver la mer et ses ressources\"}]},{\"@type\":\"WebSite\",\"@id\":\"https:\\\/\\\/telemme.mmsh.fr\\\/#website\",\"url\":\"https:\\\/\\\/telemme.mmsh.fr\\\/\",\"name\":\"TELEMMe - Temps, espaces, langages, Europe m\u00e9ridionale, M\u00e9diterran\u00e9e\",\"description\":\"\",\"publisher\":{\"@id\":\"https:\\\/\\\/telemme.mmsh.fr\\\/#organization\"},\"potentialAction\":[{\"@type\":\"SearchAction\",\"target\":{\"@type\":\"EntryPoint\",\"urlTemplate\":\"https:\\\/\\\/telemme.mmsh.fr\\\/?s={search_term_string}\"},\"query-input\":{\"@type\":\"PropertyValueSpecification\",\"valueRequired\":true,\"valueName\":\"search_term_string\"}}],\"inLanguage\":\"fr-FR\"},{\"@type\":\"Organization\",\"@id\":\"https:\\\/\\\/telemme.mmsh.fr\\\/#organization\",\"name\":\"TELEMMe\",\"url\":\"https:\\\/\\\/telemme.mmsh.fr\\\/\",\"logo\":{\"@type\":\"ImageObject\",\"inLanguage\":\"fr-FR\",\"@id\":\"https:\\\/\\\/telemme.mmsh.fr\\\/#\\\/schema\\\/logo\\\/image\\\/\",\"url\":\"https:\\\/\\\/telemme.mmsh.fr\\\/wp-content\\\/uploads\\\/2020\\\/03\\\/LogoTELEMMe-horizontal-fond-transparent.png\",\"contentUrl\":\"https:\\\/\\\/telemme.mmsh.fr\\\/wp-content\\\/uploads\\\/2020\\\/03\\\/LogoTELEMMe-horizontal-fond-transparent.png\",\"width\":1500,\"height\":437,\"caption\":\"TELEMMe\"},\"image\":{\"@id\":\"https:\\\/\\\/telemme.mmsh.fr\\\/#\\\/schema\\\/logo\\\/image\\\/\"}},{\"@type\":\"Person\",\"@id\":\"https:\\\/\\\/telemme.mmsh.fr\\\/#\\\/schema\\\/person\\\/86a185da4836381586528ced48e263f5\",\"name\":\"Delphine Cavallo\",\"url\":\"https:\\\/\\\/telemme.mmsh.fr\\\/?author=6\"}]}<\/script>\n<!-- \/ Yoast SEO plugin. -->","yoast_head_json":{"title":"[AAC] Conserver la mer et ses ressources - TELEMMe - Temps, espaces, langages, Europe m\u00e9ridionale, M\u00e9diterran\u00e9e","description":"Appel \u00e0 candidaturesAtelier interdisciplinaire Jeunes ChercheursIRMC \u2013 FMSH \u2013 UMR TELEMMe \u2013 INATAtelier du r\u00e9seau EcoHisMa - Fondation des Maisons des Sciences de l\u2019HommeConserver la mer et ses ressources\u00a0: acteurs, indicateurs, dissensions et dispositifs (M\u00e9diterran\u00e9e, XIXe-XXIe si\u00e8cles)Tunis20-23 Janvier 2026","robots":{"index":"index","follow":"follow","max-snippet":"max-snippet:-1","max-image-preview":"max-image-preview:large","max-video-preview":"max-video-preview:-1"},"canonical":"https:\/\/telemme.mmsh.fr\/?p=15421","og_locale":"fr_FR","og_type":"article","og_title":"[AAC] Conserver la mer et ses ressources - TELEMMe - Temps, espaces, langages, Europe m\u00e9ridionale, M\u00e9diterran\u00e9e","og_description":"Appel \u00e0 candidaturesAtelier interdisciplinaire Jeunes ChercheursIRMC \u2013 FMSH \u2013 UMR TELEMMe \u2013 INATAtelier du r\u00e9seau EcoHisMa - Fondation des Maisons des Sciences de l\u2019HommeConserver la mer et ses ressources\u00a0: acteurs, indicateurs, dissensions et dispositifs (M\u00e9diterran\u00e9e, XIXe-XXIe si\u00e8cles)Tunis20-23 Janvier 2026","og_url":"https:\/\/telemme.mmsh.fr\/?p=15421","og_site_name":"TELEMMe - Temps, espaces, langages, Europe m\u00e9ridionale, M\u00e9diterran\u00e9e","article_published_time":"2025-04-08T12:50:07+00:00","article_modified_time":"2025-04-08T13:34:14+00:00","og_image":[{"width":750,"height":563,"url":"https:\/\/telemme.mmsh.fr\/wp-content\/uploads\/2025\/04\/pecheurs-tunisie.png","type":"image\/png"}],"author":"Delphine Cavallo","twitter_card":"summary_large_image","twitter_misc":{"\u00c9crit par":"Delphine Cavallo","Dur\u00e9e de lecture estim\u00e9e":"6 minutes"},"schema":{"@context":"https:\/\/schema.org","@graph":[{"@type":"Article","@id":"https:\/\/telemme.mmsh.fr\/?p=15421#article","isPartOf":{"@id":"https:\/\/telemme.mmsh.fr\/?p=15421"},"author":{"name":"Delphine Cavallo","@id":"https:\/\/telemme.mmsh.fr\/#\/schema\/person\/86a185da4836381586528ced48e263f5"},"headline":"[AAC] Conserver la mer et ses ressources","datePublished":"2025-04-08T12:50:07+00:00","dateModified":"2025-04-08T13:34:14+00:00","mainEntityOfPage":{"@id":"https:\/\/telemme.mmsh.fr\/?p=15421"},"wordCount":1275,"publisher":{"@id":"https:\/\/telemme.mmsh.fr\/#organization"},"image":{"@id":"https:\/\/telemme.mmsh.fr\/?p=15421#primaryimage"},"thumbnailUrl":"https:\/\/telemme.mmsh.fr\/wp-content\/uploads\/2025\/04\/pecheurs-tunisie.png","keywords":["ECOHISMA","jeunes chercheurs","mer"],"articleSection":["Appels \u00e0 candidature"],"inLanguage":"fr-FR"},{"@type":"WebPage","@id":"https:\/\/telemme.mmsh.fr\/?p=15421","url":"https:\/\/telemme.mmsh.fr\/?p=15421","name":"[AAC] Conserver la mer et ses ressources - TELEMMe - Temps, espaces, langages, Europe m\u00e9ridionale, M\u00e9diterran\u00e9e","isPartOf":{"@id":"https:\/\/telemme.mmsh.fr\/#website"},"primaryImageOfPage":{"@id":"https:\/\/telemme.mmsh.fr\/?p=15421#primaryimage"},"image":{"@id":"https:\/\/telemme.mmsh.fr\/?p=15421#primaryimage"},"thumbnailUrl":"https:\/\/telemme.mmsh.fr\/wp-content\/uploads\/2025\/04\/pecheurs-tunisie.png","datePublished":"2025-04-08T12:50:07+00:00","dateModified":"2025-04-08T13:34:14+00:00","description":"Appel \u00e0 candidaturesAtelier interdisciplinaire Jeunes ChercheursIRMC \u2013 FMSH \u2013 UMR TELEMMe \u2013 INATAtelier du r\u00e9seau EcoHisMa - Fondation des Maisons des Sciences de l\u2019HommeConserver la mer et ses ressources\u00a0: acteurs, indicateurs, dissensions et dispositifs (M\u00e9diterran\u00e9e, XIXe-XXIe si\u00e8cles)Tunis20-23 Janvier 2026","breadcrumb":{"@id":"https:\/\/telemme.mmsh.fr\/?p=15421#breadcrumb"},"inLanguage":"fr-FR","potentialAction":[{"@type":"ReadAction","target":["https:\/\/telemme.mmsh.fr\/?p=15421"]}]},{"@type":"ImageObject","inLanguage":"fr-FR","@id":"https:\/\/telemme.mmsh.fr\/?p=15421#primaryimage","url":"https:\/\/telemme.mmsh.fr\/wp-content\/uploads\/2025\/04\/pecheurs-tunisie.png","contentUrl":"https:\/\/telemme.mmsh.fr\/wp-content\/uploads\/2025\/04\/pecheurs-tunisie.png","width":750,"height":563,"caption":"P\u00eacheurs, Lagune de Bahiret El Bibane, juin 2012 \u00a9Daniel Faget"},{"@type":"BreadcrumbList","@id":"https:\/\/telemme.mmsh.fr\/?p=15421#breadcrumb","itemListElement":[{"@type":"ListItem","position":1,"name":"Accueil","item":"https:\/\/telemme.mmsh.fr\/"},{"@type":"ListItem","position":2,"name":"Actualit\u00e9s","item":"https:\/\/telemme.mmsh.fr\/?cat=1995"},{"@type":"ListItem","position":3,"name":"Appels \u00e0 candidature","item":"https:\/\/telemme.mmsh.fr\/?cat=2026"},{"@type":"ListItem","position":4,"name":"[AAC] Conserver la mer et ses ressources"}]},{"@type":"WebSite","@id":"https:\/\/telemme.mmsh.fr\/#website","url":"https:\/\/telemme.mmsh.fr\/","name":"TELEMMe - Temps, espaces, langages, Europe m\u00e9ridionale, M\u00e9diterran\u00e9e","description":"","publisher":{"@id":"https:\/\/telemme.mmsh.fr\/#organization"},"potentialAction":[{"@type":"SearchAction","target":{"@type":"EntryPoint","urlTemplate":"https:\/\/telemme.mmsh.fr\/?s={search_term_string}"},"query-input":{"@type":"PropertyValueSpecification","valueRequired":true,"valueName":"search_term_string"}}],"inLanguage":"fr-FR"},{"@type":"Organization","@id":"https:\/\/telemme.mmsh.fr\/#organization","name":"TELEMMe","url":"https:\/\/telemme.mmsh.fr\/","logo":{"@type":"ImageObject","inLanguage":"fr-FR","@id":"https:\/\/telemme.mmsh.fr\/#\/schema\/logo\/image\/","url":"https:\/\/telemme.mmsh.fr\/wp-content\/uploads\/2020\/03\/LogoTELEMMe-horizontal-fond-transparent.png","contentUrl":"https:\/\/telemme.mmsh.fr\/wp-content\/uploads\/2020\/03\/LogoTELEMMe-horizontal-fond-transparent.png","width":1500,"height":437,"caption":"TELEMMe"},"image":{"@id":"https:\/\/telemme.mmsh.fr\/#\/schema\/logo\/image\/"}},{"@type":"Person","@id":"https:\/\/telemme.mmsh.fr\/#\/schema\/person\/86a185da4836381586528ced48e263f5","name":"Delphine Cavallo","url":"https:\/\/telemme.mmsh.fr\/?author=6"}]}},"_links":{"self":[{"href":"https:\/\/telemme.mmsh.fr\/index.php?rest_route=\/wp\/v2\/posts\/15421","targetHints":{"allow":["GET"]}}],"collection":[{"href":"https:\/\/telemme.mmsh.fr\/index.php?rest_route=\/wp\/v2\/posts"}],"about":[{"href":"https:\/\/telemme.mmsh.fr\/index.php?rest_route=\/wp\/v2\/types\/post"}],"author":[{"embeddable":true,"href":"https:\/\/telemme.mmsh.fr\/index.php?rest_route=\/wp\/v2\/users\/6"}],"replies":[{"embeddable":true,"href":"https:\/\/telemme.mmsh.fr\/index.php?rest_route=%2Fwp%2Fv2%2Fcomments&post=15421"}],"version-history":[{"count":8,"href":"https:\/\/telemme.mmsh.fr\/index.php?rest_route=\/wp\/v2\/posts\/15421\/revisions"}],"predecessor-version":[{"id":15432,"href":"https:\/\/telemme.mmsh.fr\/index.php?rest_route=\/wp\/v2\/posts\/15421\/revisions\/15432"}],"wp:featuredmedia":[{"embeddable":true,"href":"https:\/\/telemme.mmsh.fr\/index.php?rest_route=\/wp\/v2\/media\/15440"}],"wp:attachment":[{"href":"https:\/\/telemme.mmsh.fr\/index.php?rest_route=%2Fwp%2Fv2%2Fmedia&parent=15421"}],"wp:term":[{"taxonomy":"category","embeddable":true,"href":"https:\/\/telemme.mmsh.fr\/index.php?rest_route=%2Fwp%2Fv2%2Fcategories&post=15421"},{"taxonomy":"post_tag","embeddable":true,"href":"https:\/\/telemme.mmsh.fr\/index.php?rest_route=%2Fwp%2Fv2%2Ftags&post=15421"}],"curies":[{"name":"wp","href":"https:\/\/api.w.org\/{rel}","templated":true}]}}