{"id":15371,"date":"2025-03-19T13:36:36","date_gmt":"2025-03-19T12:36:36","guid":{"rendered":"https:\/\/telemme.mmsh.fr\/?p=15371"},"modified":"2025-03-19T13:58:04","modified_gmt":"2025-03-19T12:58:04","slug":"telemme-accueille-deux-nouvelles-post-doctorantes-g-buffoli-et-l-merquiol","status":"publish","type":"post","link":"https:\/\/telemme.mmsh.fr\/?p=15371","title":{"rendered":"TELEMMe accueille deux nouvelles post-doctorantes : G. Buffoli et L. Merquiol"},"content":{"rendered":"\n<p>TELEMMe a le plaisir d&rsquo;accueillir deux nouvelles post-doctorantes.<\/p>\n\n\n\n<h3 class=\"wp-block-heading\">Giulia Buffoli<\/h3>\n\n\n\n<div class=\"wp-block-media-text is-stacked-on-mobile\" style=\"border-style:none;border-width:0px;grid-template-columns:30% auto\"><figure class=\"wp-block-media-text__media\"><img loading=\"lazy\" decoding=\"async\" width=\"300\" height=\"300\" src=\"https:\/\/telemme.mmsh.fr\/wp-content\/uploads\/2025\/03\/IMG_9856-300x300.jpg\" alt=\"Giulia Buffoli\" class=\"wp-image-15373 size-medium\" srcset=\"https:\/\/telemme.mmsh.fr\/wp-content\/uploads\/2025\/03\/IMG_9856-300x300.jpg 300w, https:\/\/telemme.mmsh.fr\/wp-content\/uploads\/2025\/03\/IMG_9856-1024x1024.jpg 1024w, https:\/\/telemme.mmsh.fr\/wp-content\/uploads\/2025\/03\/IMG_9856-150x150.jpg 150w, https:\/\/telemme.mmsh.fr\/wp-content\/uploads\/2025\/03\/IMG_9856-768x768.jpg 768w, https:\/\/telemme.mmsh.fr\/wp-content\/uploads\/2025\/03\/IMG_9856-100x100.jpg 100w, https:\/\/telemme.mmsh.fr\/wp-content\/uploads\/2025\/03\/IMG_9856.jpg 1223w\" sizes=\"auto, (max-width: 300px) 100vw, 300px\" \/><\/figure><div class=\"wp-block-media-text__content\">\n<p><a href=\"https:\/\/telemme.mmsh.fr\/?membres=giulia-buffoli\">Giulia Buffoli<\/a> est post-doctorante \u00e0 l&rsquo;Universit\u00e9 d\u2019Aix-Marseille (TELEMMe) o\u00f9 elle m\u00e8ne ses recherches dans le cadre du projet <a href=\"https:\/\/telemme.mmsh.fr\/?projets=liminalwater\">LIMINALWATER<\/a> qui explore les pratiques et imaginaires de l\u2019eau \u00e0 travers une approche interdisciplinaire. Ce projet s\u2019int\u00e9resse en particulier aux liens entre mobilit\u00e9 humaine, transformations urbaines et formes rituelles autour de l\u2019eau. Dans ce cadre, Giulia travaille sur l\u2019analyse de mat\u00e9riaux archivistiques qui concernent les habitats non ordinaires \u00e0 Marseille (entre autres, le fond photographique de Pierre Gallocher (1921-1996))<\/p>\n<\/div><\/div>\n\n\n\n<div style=\"height:10px\" aria-hidden=\"true\" class=\"wp-block-spacer\"><\/div>\n\n\n\n<p>Avant de rejoindre le projet LIMINALWATER, Giulia a soutenu une th\u00e8se en g\u00e9ographie et architecture sous la direction de Pierre Sint\u00e8s (TELEMME, AMU) en co-tutelle avec Pippo Ciorra (IUAV, Venise). Cette th\u00e8se intitul\u00e9e <em><a href=\"https:\/\/telemme.mmsh.fr\/?these=trajectoires-discontinues-representations-et-processus-migrations-internationales-et-espace-public-en-europe-du-sud\">Temps, mouvement, espace urbain : les \u00ab lieux de transit \u00bb \u2013 une asynchronie urbaine ?<\/a><\/em> portait sur les dynamiques migratoires et les espaces de transit, les campements et habitats informels dans des contextes comme Calais, Lesbos, Lampedusa et Amman\/Zaatari. Elle y analysait la relation entre ces lieux de \u00ab&nbsp;transit&nbsp;\u00bb et la ville contemporaine \u00e0 partir de leur impact sur la morphologie urbaine et les temporalit\u00e9s sp\u00e9cifiques qui les caract\u00e9risent.<\/p>\n\n\n\n<p>Dans le cadre du projet LIMINALWATER, Giulia travaillera au sein d\u2019une \u00e9quipe internationale avec des chercheurs de l&rsquo;Universit\u00e9 d&rsquo;Aix-Marseille, de l&rsquo;Akademie Graz, de Birkbeck University \u00e0 Londres, du Centro em Rede de Investiga\u00e7\u00e3o em Antropologia \u00e0 Lisbonne, de la Karl Franzens University \u00e0 Graz, de l&rsquo;University of Southampton, et de la Faculty of Humanities and Social Sciences \u00e0 Zagreb. Pierre Sint\u00e8s est le responsable hi\u00e9rarchique direct \u00e0 AMU (TELEMME) avec la collaboration compl\u00e9mentaire de Marc Bernadot (AMU).<\/p>\n\n\n\n<h3 class=\"wp-block-heading\">Louise Merquiol<\/h3>\n\n\n\n<div class=\"wp-block-media-text is-stacked-on-mobile\" style=\"grid-template-columns:30% auto\"><figure class=\"wp-block-media-text__media\"><img loading=\"lazy\" decoding=\"async\" width=\"540\" height=\"540\" src=\"https:\/\/telemme.mmsh.fr\/wp-content\/uploads\/2025\/03\/merquiol.png\" alt=\"Louise Merquiol\" class=\"wp-image-15378 size-full\" srcset=\"https:\/\/telemme.mmsh.fr\/wp-content\/uploads\/2025\/03\/merquiol.png 540w, https:\/\/telemme.mmsh.fr\/wp-content\/uploads\/2025\/03\/merquiol-300x300.png 300w, https:\/\/telemme.mmsh.fr\/wp-content\/uploads\/2025\/03\/merquiol-150x150.png 150w, https:\/\/telemme.mmsh.fr\/wp-content\/uploads\/2025\/03\/merquiol-100x100.png 100w\" sizes=\"auto, (max-width: 540px) 100vw, 540px\" \/><\/figure><div class=\"wp-block-media-text__content\">\n<p>Apr\u00e8s une th\u00e8se en biologie marine consacr\u00e9e \u00e0 l\u2019\u00e9cologie des m\u00e9duses, <strong>Louise Merquiol <\/strong>a rejoint l\u2019unit\u00e9 de recherche TELEMMe dans le cadre du projet interdisciplinaire <strong><a href=\"https:\/\/telemme.mmsh.fr\/?projets=biodivaquart\">BiodivAquArt<\/a><\/strong>. Ce programme explore la biodiversit\u00e9 aquatique \u00e0 travers les \u0153uvres d\u2019art, en croisant approches scientifiques et analyses historiques. Aujourd\u2019hui, gr\u00e2ce \u00e0 un financement obtenu aupr\u00e8s du <strong>PPR \u00ab\u00a0Oc\u00e9an et Climat\u00a0\u00bb<\/strong>, elle poursuit cette recherche avec le projet <strong>LOTRA-Biodiv<\/strong>, qui \u00e9largit le champ d\u2019\u00e9tude de l&rsquo;\u00e9quipe. L\u2019objectif est d\u2019analyser la repr\u00e9sentation de la biodiversit\u00e9 aquatique sur un vaste cadre spatio-temporel, englobant l\u2019ensemble de la M\u00e9diterran\u00e9e occidentale \u00e0 travers toutes les \u00e9poques. En mobilisant des disciplines vari\u00e9es, ce travail ambitionne d\u2019affiner notre compr\u00e9hension des \u00e9cosyst\u00e8mes pass\u00e9s et de leur \u00e9volution \u00e0 travers le prisme artistique.<\/p>\n<\/div><\/div>\n","protected":false},"excerpt":{"rendered":"<p>TELEMMe a le plaisir d&rsquo;accueillir deux nouvelles post-doctorantes. Giulia Buffoli Giulia Buffoli est post-doctorante \u00e0 l&rsquo;Universit\u00e9 d\u2019Aix-Marseille (TELEMMe) o\u00f9 elle m\u00e8ne ses recherches dans le cadre du projet LIMINALWATER qui&hellip;&nbsp;<a href=\"https:\/\/telemme.mmsh.fr\/?p=15371\" rel=\"bookmark\">Lire la suite &raquo;<span class=\"screen-reader-text\">TELEMMe accueille deux nouvelles post-doctorantes : G. Buffoli et L. Merquiol<\/span><\/a><\/p>\n","protected":false},"author":6,"featured_media":15373,"comment_status":"closed","ping_status":"closed","sticky":false,"template":"","format":"standard","meta":{"neve_meta_sidebar":"","neve_meta_container":"","neve_meta_enable_content_width":"off","neve_meta_content_width":70,"neve_meta_title_alignment":"","neve_meta_author_avatar":"","neve_post_elements_order":"","neve_meta_disable_header":"","neve_meta_disable_footer":"","neve_meta_disable_title":"","_tribe_events_control_status":"","_tribe_events_control_status_canceled_reason":"","_tribe_events_control_status_postponed_reason":"","_tribe_events_control_online":"","_tribe_events_control_online_url":"","footnotes":""},"categories":[2007],"tags":[2224],"class_list":["post-15371","post","type-post","status-publish","format-standard","has-post-thumbnail","hentry","category-informations","tag-post-doctorat"],"yoast_head":"<!-- This site is optimized with the Yoast SEO plugin v27.4 - https:\/\/yoast.com\/product\/yoast-seo-wordpress\/ -->\n<title>TELEMMe accueille deux nouvelles post-doctorantes : G. Buffoli et L. Merquiol - TELEMMe - Temps, espaces, langages, Europe m\u00e9ridionale, M\u00e9diterran\u00e9e<\/title>\n<meta name=\"robots\" content=\"index, follow, max-snippet:-1, max-image-preview:large, max-video-preview:-1\" \/>\n<link rel=\"canonical\" href=\"https:\/\/telemme.mmsh.fr\/?p=15371\" \/>\n<meta property=\"og:locale\" content=\"fr_FR\" \/>\n<meta property=\"og:type\" content=\"article\" \/>\n<meta property=\"og:title\" content=\"TELEMMe accueille deux nouvelles post-doctorantes : G. Buffoli et L. Merquiol - TELEMMe - Temps, espaces, langages, Europe m\u00e9ridionale, M\u00e9diterran\u00e9e\" \/>\n<meta property=\"og:description\" content=\"TELEMMe a le plaisir d&rsquo;accueillir deux nouvelles post-doctorantes. Giulia Buffoli Giulia Buffoli est post-doctorante \u00e0 l&rsquo;Universit\u00e9 d\u2019Aix-Marseille (TELEMMe) o\u00f9 elle m\u00e8ne ses recherches dans le cadre du projet LIMINALWATER qui&hellip;&nbsp;Lire la suite &raquo;TELEMMe accueille deux nouvelles post-doctorantes : G. Buffoli et L. Merquiol\" \/>\n<meta property=\"og:url\" content=\"https:\/\/telemme.mmsh.fr\/?p=15371\" \/>\n<meta property=\"og:site_name\" content=\"TELEMMe - Temps, espaces, langages, Europe m\u00e9ridionale, M\u00e9diterran\u00e9e\" \/>\n<meta property=\"article:published_time\" content=\"2025-03-19T12:36:36+00:00\" \/>\n<meta property=\"article:modified_time\" content=\"2025-03-19T12:58:04+00:00\" \/>\n<meta property=\"og:image\" content=\"https:\/\/telemme.mmsh.fr\/wp-content\/uploads\/2025\/03\/IMG_9856.jpg\" \/>\n\t<meta property=\"og:image:width\" content=\"1223\" \/>\n\t<meta property=\"og:image:height\" content=\"1223\" \/>\n\t<meta property=\"og:image:type\" content=\"image\/jpeg\" \/>\n<meta name=\"author\" content=\"Delphine Cavallo\" \/>\n<meta name=\"twitter:card\" content=\"summary_large_image\" \/>\n<meta name=\"twitter:label1\" content=\"\u00c9crit par\" \/>\n\t<meta name=\"twitter:data1\" content=\"Delphine Cavallo\" \/>\n\t<meta name=\"twitter:label2\" content=\"Dur\u00e9e de lecture estim\u00e9e\" \/>\n\t<meta name=\"twitter:data2\" content=\"2 minutes\" \/>\n<script type=\"application\/ld+json\" class=\"yoast-schema-graph\">{\"@context\":\"https:\\\/\\\/schema.org\",\"@graph\":[{\"@type\":\"Article\",\"@id\":\"https:\\\/\\\/telemme.mmsh.fr\\\/?p=15371#article\",\"isPartOf\":{\"@id\":\"https:\\\/\\\/telemme.mmsh.fr\\\/?p=15371\"},\"author\":{\"name\":\"Delphine Cavallo\",\"@id\":\"https:\\\/\\\/telemme.mmsh.fr\\\/#\\\/schema\\\/person\\\/86a185da4836381586528ced48e263f5\"},\"headline\":\"TELEMMe accueille deux nouvelles post-doctorantes : G. Buffoli et L. Merquiol\",\"datePublished\":\"2025-03-19T12:36:36+00:00\",\"dateModified\":\"2025-03-19T12:58:04+00:00\",\"mainEntityOfPage\":{\"@id\":\"https:\\\/\\\/telemme.mmsh.fr\\\/?p=15371\"},\"wordCount\":433,\"publisher\":{\"@id\":\"https:\\\/\\\/telemme.mmsh.fr\\\/#organization\"},\"image\":{\"@id\":\"https:\\\/\\\/telemme.mmsh.fr\\\/?p=15371#primaryimage\"},\"thumbnailUrl\":\"https:\\\/\\\/telemme.mmsh.fr\\\/wp-content\\\/uploads\\\/2025\\\/03\\\/IMG_9856.jpg\",\"keywords\":[\"post-doctorat\"],\"articleSection\":[\"Informations\"],\"inLanguage\":\"fr-FR\"},{\"@type\":\"WebPage\",\"@id\":\"https:\\\/\\\/telemme.mmsh.fr\\\/?p=15371\",\"url\":\"https:\\\/\\\/telemme.mmsh.fr\\\/?p=15371\",\"name\":\"TELEMMe accueille deux nouvelles post-doctorantes : G. Buffoli et L. Merquiol - TELEMMe - Temps, espaces, langages, Europe m\u00e9ridionale, M\u00e9diterran\u00e9e\",\"isPartOf\":{\"@id\":\"https:\\\/\\\/telemme.mmsh.fr\\\/#website\"},\"primaryImageOfPage\":{\"@id\":\"https:\\\/\\\/telemme.mmsh.fr\\\/?p=15371#primaryimage\"},\"image\":{\"@id\":\"https:\\\/\\\/telemme.mmsh.fr\\\/?p=15371#primaryimage\"},\"thumbnailUrl\":\"https:\\\/\\\/telemme.mmsh.fr\\\/wp-content\\\/uploads\\\/2025\\\/03\\\/IMG_9856.jpg\",\"datePublished\":\"2025-03-19T12:36:36+00:00\",\"dateModified\":\"2025-03-19T12:58:04+00:00\",\"breadcrumb\":{\"@id\":\"https:\\\/\\\/telemme.mmsh.fr\\\/?p=15371#breadcrumb\"},\"inLanguage\":\"fr-FR\",\"potentialAction\":[{\"@type\":\"ReadAction\",\"target\":[\"https:\\\/\\\/telemme.mmsh.fr\\\/?p=15371\"]}]},{\"@type\":\"ImageObject\",\"inLanguage\":\"fr-FR\",\"@id\":\"https:\\\/\\\/telemme.mmsh.fr\\\/?p=15371#primaryimage\",\"url\":\"https:\\\/\\\/telemme.mmsh.fr\\\/wp-content\\\/uploads\\\/2025\\\/03\\\/IMG_9856.jpg\",\"contentUrl\":\"https:\\\/\\\/telemme.mmsh.fr\\\/wp-content\\\/uploads\\\/2025\\\/03\\\/IMG_9856.jpg\",\"width\":1223,\"height\":1223},{\"@type\":\"BreadcrumbList\",\"@id\":\"https:\\\/\\\/telemme.mmsh.fr\\\/?p=15371#breadcrumb\",\"itemListElement\":[{\"@type\":\"ListItem\",\"position\":1,\"name\":\"Accueil\",\"item\":\"https:\\\/\\\/telemme.mmsh.fr\\\/\"},{\"@type\":\"ListItem\",\"position\":2,\"name\":\"Actualit\u00e9s\",\"item\":\"https:\\\/\\\/telemme.mmsh.fr\\\/?cat=1995\"},{\"@type\":\"ListItem\",\"position\":3,\"name\":\"Informations\",\"item\":\"https:\\\/\\\/telemme.mmsh.fr\\\/?cat=2007\"},{\"@type\":\"ListItem\",\"position\":4,\"name\":\"TELEMMe accueille deux nouvelles post-doctorantes : G. Buffoli et L. Merquiol\"}]},{\"@type\":\"WebSite\",\"@id\":\"https:\\\/\\\/telemme.mmsh.fr\\\/#website\",\"url\":\"https:\\\/\\\/telemme.mmsh.fr\\\/\",\"name\":\"TELEMMe - Temps, espaces, langages, Europe m\u00e9ridionale, M\u00e9diterran\u00e9e\",\"description\":\"\",\"publisher\":{\"@id\":\"https:\\\/\\\/telemme.mmsh.fr\\\/#organization\"},\"potentialAction\":[{\"@type\":\"SearchAction\",\"target\":{\"@type\":\"EntryPoint\",\"urlTemplate\":\"https:\\\/\\\/telemme.mmsh.fr\\\/?s={search_term_string}\"},\"query-input\":{\"@type\":\"PropertyValueSpecification\",\"valueRequired\":true,\"valueName\":\"search_term_string\"}}],\"inLanguage\":\"fr-FR\"},{\"@type\":\"Organization\",\"@id\":\"https:\\\/\\\/telemme.mmsh.fr\\\/#organization\",\"name\":\"TELEMMe\",\"url\":\"https:\\\/\\\/telemme.mmsh.fr\\\/\",\"logo\":{\"@type\":\"ImageObject\",\"inLanguage\":\"fr-FR\",\"@id\":\"https:\\\/\\\/telemme.mmsh.fr\\\/#\\\/schema\\\/logo\\\/image\\\/\",\"url\":\"https:\\\/\\\/telemme.mmsh.fr\\\/wp-content\\\/uploads\\\/2020\\\/03\\\/LogoTELEMMe-horizontal-fond-transparent.png\",\"contentUrl\":\"https:\\\/\\\/telemme.mmsh.fr\\\/wp-content\\\/uploads\\\/2020\\\/03\\\/LogoTELEMMe-horizontal-fond-transparent.png\",\"width\":1500,\"height\":437,\"caption\":\"TELEMMe\"},\"image\":{\"@id\":\"https:\\\/\\\/telemme.mmsh.fr\\\/#\\\/schema\\\/logo\\\/image\\\/\"}},{\"@type\":\"Person\",\"@id\":\"https:\\\/\\\/telemme.mmsh.fr\\\/#\\\/schema\\\/person\\\/86a185da4836381586528ced48e263f5\",\"name\":\"Delphine Cavallo\",\"url\":\"https:\\\/\\\/telemme.mmsh.fr\\\/?author=6\"}]}<\/script>\n<!-- \/ Yoast SEO plugin. -->","yoast_head_json":{"title":"TELEMMe accueille deux nouvelles post-doctorantes : G. Buffoli et L. Merquiol - TELEMMe - Temps, espaces, langages, Europe m\u00e9ridionale, M\u00e9diterran\u00e9e","robots":{"index":"index","follow":"follow","max-snippet":"max-snippet:-1","max-image-preview":"max-image-preview:large","max-video-preview":"max-video-preview:-1"},"canonical":"https:\/\/telemme.mmsh.fr\/?p=15371","og_locale":"fr_FR","og_type":"article","og_title":"TELEMMe accueille deux nouvelles post-doctorantes : G. Buffoli et L. Merquiol - TELEMMe - Temps, espaces, langages, Europe m\u00e9ridionale, M\u00e9diterran\u00e9e","og_description":"TELEMMe a le plaisir d&rsquo;accueillir deux nouvelles post-doctorantes. Giulia Buffoli Giulia Buffoli est post-doctorante \u00e0 l&rsquo;Universit\u00e9 d\u2019Aix-Marseille (TELEMMe) o\u00f9 elle m\u00e8ne ses recherches dans le cadre du projet LIMINALWATER qui&hellip;&nbsp;Lire la suite &raquo;TELEMMe accueille deux nouvelles post-doctorantes : G. Buffoli et L. Merquiol","og_url":"https:\/\/telemme.mmsh.fr\/?p=15371","og_site_name":"TELEMMe - Temps, espaces, langages, Europe m\u00e9ridionale, M\u00e9diterran\u00e9e","article_published_time":"2025-03-19T12:36:36+00:00","article_modified_time":"2025-03-19T12:58:04+00:00","og_image":[{"width":1223,"height":1223,"url":"https:\/\/telemme.mmsh.fr\/wp-content\/uploads\/2025\/03\/IMG_9856.jpg","type":"image\/jpeg"}],"author":"Delphine Cavallo","twitter_card":"summary_large_image","twitter_misc":{"\u00c9crit par":"Delphine Cavallo","Dur\u00e9e de lecture estim\u00e9e":"2 minutes"},"schema":{"@context":"https:\/\/schema.org","@graph":[{"@type":"Article","@id":"https:\/\/telemme.mmsh.fr\/?p=15371#article","isPartOf":{"@id":"https:\/\/telemme.mmsh.fr\/?p=15371"},"author":{"name":"Delphine Cavallo","@id":"https:\/\/telemme.mmsh.fr\/#\/schema\/person\/86a185da4836381586528ced48e263f5"},"headline":"TELEMMe accueille deux nouvelles post-doctorantes : G. Buffoli et L. Merquiol","datePublished":"2025-03-19T12:36:36+00:00","dateModified":"2025-03-19T12:58:04+00:00","mainEntityOfPage":{"@id":"https:\/\/telemme.mmsh.fr\/?p=15371"},"wordCount":433,"publisher":{"@id":"https:\/\/telemme.mmsh.fr\/#organization"},"image":{"@id":"https:\/\/telemme.mmsh.fr\/?p=15371#primaryimage"},"thumbnailUrl":"https:\/\/telemme.mmsh.fr\/wp-content\/uploads\/2025\/03\/IMG_9856.jpg","keywords":["post-doctorat"],"articleSection":["Informations"],"inLanguage":"fr-FR"},{"@type":"WebPage","@id":"https:\/\/telemme.mmsh.fr\/?p=15371","url":"https:\/\/telemme.mmsh.fr\/?p=15371","name":"TELEMMe accueille deux nouvelles post-doctorantes : G. Buffoli et L. Merquiol - TELEMMe - Temps, espaces, langages, Europe m\u00e9ridionale, M\u00e9diterran\u00e9e","isPartOf":{"@id":"https:\/\/telemme.mmsh.fr\/#website"},"primaryImageOfPage":{"@id":"https:\/\/telemme.mmsh.fr\/?p=15371#primaryimage"},"image":{"@id":"https:\/\/telemme.mmsh.fr\/?p=15371#primaryimage"},"thumbnailUrl":"https:\/\/telemme.mmsh.fr\/wp-content\/uploads\/2025\/03\/IMG_9856.jpg","datePublished":"2025-03-19T12:36:36+00:00","dateModified":"2025-03-19T12:58:04+00:00","breadcrumb":{"@id":"https:\/\/telemme.mmsh.fr\/?p=15371#breadcrumb"},"inLanguage":"fr-FR","potentialAction":[{"@type":"ReadAction","target":["https:\/\/telemme.mmsh.fr\/?p=15371"]}]},{"@type":"ImageObject","inLanguage":"fr-FR","@id":"https:\/\/telemme.mmsh.fr\/?p=15371#primaryimage","url":"https:\/\/telemme.mmsh.fr\/wp-content\/uploads\/2025\/03\/IMG_9856.jpg","contentUrl":"https:\/\/telemme.mmsh.fr\/wp-content\/uploads\/2025\/03\/IMG_9856.jpg","width":1223,"height":1223},{"@type":"BreadcrumbList","@id":"https:\/\/telemme.mmsh.fr\/?p=15371#breadcrumb","itemListElement":[{"@type":"ListItem","position":1,"name":"Accueil","item":"https:\/\/telemme.mmsh.fr\/"},{"@type":"ListItem","position":2,"name":"Actualit\u00e9s","item":"https:\/\/telemme.mmsh.fr\/?cat=1995"},{"@type":"ListItem","position":3,"name":"Informations","item":"https:\/\/telemme.mmsh.fr\/?cat=2007"},{"@type":"ListItem","position":4,"name":"TELEMMe accueille deux nouvelles post-doctorantes : G. Buffoli et L. Merquiol"}]},{"@type":"WebSite","@id":"https:\/\/telemme.mmsh.fr\/#website","url":"https:\/\/telemme.mmsh.fr\/","name":"TELEMMe - Temps, espaces, langages, Europe m\u00e9ridionale, M\u00e9diterran\u00e9e","description":"","publisher":{"@id":"https:\/\/telemme.mmsh.fr\/#organization"},"potentialAction":[{"@type":"SearchAction","target":{"@type":"EntryPoint","urlTemplate":"https:\/\/telemme.mmsh.fr\/?s={search_term_string}"},"query-input":{"@type":"PropertyValueSpecification","valueRequired":true,"valueName":"search_term_string"}}],"inLanguage":"fr-FR"},{"@type":"Organization","@id":"https:\/\/telemme.mmsh.fr\/#organization","name":"TELEMMe","url":"https:\/\/telemme.mmsh.fr\/","logo":{"@type":"ImageObject","inLanguage":"fr-FR","@id":"https:\/\/telemme.mmsh.fr\/#\/schema\/logo\/image\/","url":"https:\/\/telemme.mmsh.fr\/wp-content\/uploads\/2020\/03\/LogoTELEMMe-horizontal-fond-transparent.png","contentUrl":"https:\/\/telemme.mmsh.fr\/wp-content\/uploads\/2020\/03\/LogoTELEMMe-horizontal-fond-transparent.png","width":1500,"height":437,"caption":"TELEMMe"},"image":{"@id":"https:\/\/telemme.mmsh.fr\/#\/schema\/logo\/image\/"}},{"@type":"Person","@id":"https:\/\/telemme.mmsh.fr\/#\/schema\/person\/86a185da4836381586528ced48e263f5","name":"Delphine Cavallo","url":"https:\/\/telemme.mmsh.fr\/?author=6"}]}},"_links":{"self":[{"href":"https:\/\/telemme.mmsh.fr\/index.php?rest_route=\/wp\/v2\/posts\/15371","targetHints":{"allow":["GET"]}}],"collection":[{"href":"https:\/\/telemme.mmsh.fr\/index.php?rest_route=\/wp\/v2\/posts"}],"about":[{"href":"https:\/\/telemme.mmsh.fr\/index.php?rest_route=\/wp\/v2\/types\/post"}],"author":[{"embeddable":true,"href":"https:\/\/telemme.mmsh.fr\/index.php?rest_route=\/wp\/v2\/users\/6"}],"replies":[{"embeddable":true,"href":"https:\/\/telemme.mmsh.fr\/index.php?rest_route=%2Fwp%2Fv2%2Fcomments&post=15371"}],"version-history":[{"count":6,"href":"https:\/\/telemme.mmsh.fr\/index.php?rest_route=\/wp\/v2\/posts\/15371\/revisions"}],"predecessor-version":[{"id":15381,"href":"https:\/\/telemme.mmsh.fr\/index.php?rest_route=\/wp\/v2\/posts\/15371\/revisions\/15381"}],"wp:featuredmedia":[{"embeddable":true,"href":"https:\/\/telemme.mmsh.fr\/index.php?rest_route=\/wp\/v2\/media\/15373"}],"wp:attachment":[{"href":"https:\/\/telemme.mmsh.fr\/index.php?rest_route=%2Fwp%2Fv2%2Fmedia&parent=15371"}],"wp:term":[{"taxonomy":"category","embeddable":true,"href":"https:\/\/telemme.mmsh.fr\/index.php?rest_route=%2Fwp%2Fv2%2Fcategories&post=15371"},{"taxonomy":"post_tag","embeddable":true,"href":"https:\/\/telemme.mmsh.fr\/index.php?rest_route=%2Fwp%2Fv2%2Ftags&post=15371"}],"curies":[{"name":"wp","href":"https:\/\/api.w.org\/{rel}","templated":true}]}}