{"id":15351,"date":"2025-03-14T14:58:58","date_gmt":"2025-03-14T13:58:58","guid":{"rendered":"https:\/\/telemme.mmsh.fr\/?p=15351"},"modified":"2025-09-30T18:08:26","modified_gmt":"2025-09-30T16:08:26","slug":"un-pouvoir-de-misericorde-grace-justice-criminelle-et-affirmation-de-letat-monarchique-en-provence-au-premier-xviie-siecle","status":"publish","type":"post","link":"https:\/\/telemme.mmsh.fr\/?p=15351","title":{"rendered":"Un pouvoir de mis\u00e9ricorde. Gr\u00e2ce, justice criminelle et affirmation de l\u2019\u00c9tat monarchique en Provence au premier XVIIe si\u00e8cle"},"content":{"rendered":"\n<p><strong><a href=\"https:\/\/telemme.mmsh.fr\/?membres=dylan-beccaria\">Dylan Beccaria<\/a><\/strong><a data-wplink-edit=\"true\" href=\"_wp_link_placeholder\"> <\/a>soutiendra publiquement sa th\u00e8se de doctorat intitul\u00e9e :<\/p>\n\n\n\n<p><strong><em>Un pouvoir de mis\u00e9ricorde. Gr\u00e2ce, justice criminelle et affirmation de l\u2019\u00c9tat monarchique en Provence au premier XVII<sup>e<\/sup> si\u00e8cle<\/em>.<\/strong><\/p>\n\n\n\n<p>La soutenance se tiendra le lundi 5 mai 2025, en salle 3.3 de l\u2019espace Ren\u00e9 Cassin (Campus Schuman, 3, avenue Robert Schuman, 13100 Aix-en-Provence).<\/p>\n\n\n\n<p>Cette th\u00e8se a \u00e9t\u00e9 pr\u00e9par\u00e9e dans le cadre du programme inter-ED, au sein des \u00e9coles doctorales n\u00b0355 \u00ab&nbsp;Espaces, cultures et soci\u00e9t\u00e9s&nbsp;\u00bb et n\u00b067 \u00ab&nbsp;Sciences juridiques et politiques&nbsp;\u00bb.<\/p>\n\n\n\n<h3 class=\"wp-block-heading\">Le jury sera compos\u00e9 de&nbsp;:<\/h3>\n\n\n\n<ul class=\"wp-block-list\">\n<li>&nbsp;&nbsp; Pierre Bonin, professeur en histoire du droit, Universit\u00e9 Panth\u00e9on-Sorbonne (pr\u00e9sident)\u2009 ;<\/li>\n\n\n\n<li>&nbsp;&nbsp; C\u00e9line Borello, professeure en histoire moderne, Universit\u00e9 du Mans (rapporteure)\u2009;<\/li>\n\n\n\n<li>&nbsp;&nbsp; Mathieu Soula, professeur en histoire du droit, Universit\u00e9 Paris-Nanterre (rapporteur)\u2009;<\/li>\n\n\n\n<li>&nbsp;&nbsp; St\u00e9phanie Blot-Maccagnan, professeure en histoire du droit, Universit\u00e9 C\u00f4te d\u2019Azur\u2009;<\/li>\n\n\n\n<li>&nbsp;&nbsp; Stuart Carroll, professeur en histoire moderne, Universit\u00e9 d\u2019York\u2009;<\/li>\n\n\n\n<li>&nbsp;&nbsp; Diane Roussel, ma\u00eetresse de conf\u00e9rences en histoire moderne, Universit\u00e9 Gustave Eiffel.<\/li>\n\n\n\n<li>&nbsp;&nbsp; Lucien Faggion, ma\u00eetre de conf\u00e9rences HDR en histoire moderne, Universit\u00e9 d\u2019Aix-Marseille (directeur de th\u00e8se) ;<\/li>\n\n\n\n<li>&nbsp;&nbsp; Julien Broch, ma\u00eetre de conf\u00e9rences HDR en histoire du droit, Universit\u00e9 d\u2019Aix-Marseille (directeur de th\u00e8se).<\/li>\n<\/ul>\n\n\n\n<h3 class=\"wp-block-heading\">R\u00e9sum\u00e9 de la th\u00e8se :<\/h3>\n\n\n\n<p>La mis\u00e9ricorde du roi constitue l\u2019un des principaux piliers de l\u2019\u00e9conomie de la dette de justice dans la France d\u2019Ancien R\u00e9gime. Elle s\u2019exprime \u00e0 travers des actes de chancellerie, les lettres de gr\u00e2ce, par lesquelles le souverain pardonne un crime et restaure son auteur dans sa bonne renomm\u00e9e. Si ces lettres sont l\u2019une des sources les plus fr\u00e9quemment sollicit\u00e9es par les historiens et historiens du droit depuis les ann\u00e9es 1980, aucune \u00e9tude ne s\u2019est v\u00e9ritablement int\u00e9ress\u00e9e \u00e0 la pratique de la gr\u00e2ce au d\u00e9but du XVIIe si\u00e8cle. \u00c0 partir de l\u2019analyse crois\u00e9e des archives judiciaires proven\u00e7ales et de la production doctrinale, cette th\u00e8se entend reconstituer les m\u00e9canismes proc\u00e9duraux \u00e0 l\u2019\u0153uvre tout en montrant comment le processus d\u2019autonomisation de la raison politique, propre au r\u00e8gne des premiers Bourbons, a fa\u00e7onn\u00e9 la pratique de la gr\u00e2ce judiciaire. Au lendemain des guerres de Religion, le pardon royal s\u2019affirme en effet comme la seule voie vers la pacification du royaume. L\u2019accroissement de l&rsquo;administration \u00e9tatique \u2014 rendu n\u00e9cessaire par les guerres civiles \u2014 et la technicisation progressive du droit tendent \u00e0 faire de la gr\u00e2ce une expression routini\u00e8re de l\u2019exercice du pouvoir, ins\u00e9r\u00e9e dans un m\u00e9canisme proc\u00e9dural toujours plus d\u00e9sincarn\u00e9. Pourtant, la pratique conserve une forte port\u00e9e symbolique, exacerb\u00e9e par le processus de sacralisation de la figure royale, caract\u00e9ristique du premier XVIIe si\u00e8cle.<\/p>\n\n\n\n<hr class=\"wp-block-separator has-alpha-channel-opacity\"\/>\n\n\n\n<p>Afin de faciliter l\u2019organisation de la soutenance,<strong> merci d&rsquo;indiquer votre pr\u00e9sence avant le 28 avril 2025<\/strong>, par mail, \u00e0 l\u2019adresse suivante : <a href=\"mailto:dylan.beccaria@univ-amu.fr\">dylan.beccaria@univ-amu.fr<\/a>.<\/p>\n\n\n\n<hr class=\"wp-block-separator has-alpha-channel-opacity\"\/>\n","protected":false},"excerpt":{"rendered":"<p>Dylan Beccaria soutiendra publiquement sa th\u00e8se de doctorat intitul\u00e9e : Un pouvoir de mis\u00e9ricorde. Gr\u00e2ce, justice criminelle et affirmation de l\u2019\u00c9tat monarchique en Provence au premier XVIIe si\u00e8cle. La soutenance&hellip;&nbsp;<a href=\"https:\/\/telemme.mmsh.fr\/?p=15351\" rel=\"bookmark\">Lire la suite &raquo;<span class=\"screen-reader-text\">Un pouvoir de mis\u00e9ricorde. Gr\u00e2ce, justice criminelle et affirmation de l\u2019\u00c9tat monarchique en Provence au premier XVIIe si\u00e8cle<\/span><\/a><\/p>\n","protected":false},"author":6,"featured_media":15352,"comment_status":"closed","ping_status":"closed","sticky":false,"template":"","format":"standard","meta":{"neve_meta_sidebar":"","neve_meta_container":"","neve_meta_enable_content_width":"off","neve_meta_content_width":70,"neve_meta_title_alignment":"","neve_meta_author_avatar":"","neve_post_elements_order":"","neve_meta_disable_header":"","neve_meta_disable_footer":"","neve_meta_disable_title":"","_tribe_events_control_status":"","_tribe_events_control_status_canceled_reason":"","_tribe_events_control_status_postponed_reason":"","_tribe_events_control_online":"","_tribe_events_control_online_url":"","footnotes":""},"categories":[1999],"tags":[],"class_list":["post-15351","post","type-post","status-publish","format-standard","has-post-thumbnail","hentry","category-soutenance-these"],"yoast_head":"<!-- This site is optimized with the Yoast SEO plugin v27.4 - https:\/\/yoast.com\/product\/yoast-seo-wordpress\/ -->\n<title>Un pouvoir de mis\u00e9ricorde. Gr\u00e2ce, justice criminelle et affirmation de l\u2019\u00c9tat monarchique en Provence au premier XVIIe si\u00e8cle - TELEMMe - Temps, espaces, langages, Europe m\u00e9ridionale, M\u00e9diterran\u00e9e<\/title>\n<meta name=\"description\" content=\"Dylan Beccaria soutiendra publiquement sa th\u00e8se de doctorat intitul\u00e9e :Un pouvoir de mis\u00e9ricorde. Gr\u00e2ce, justice criminelle et affirmation de l\u2019\u00c9tat monarchique en Provence au premier XVIIe si\u00e8cle.\" \/>\n<meta name=\"robots\" content=\"index, follow, max-snippet:-1, max-image-preview:large, max-video-preview:-1\" \/>\n<link rel=\"canonical\" href=\"https:\/\/telemme.mmsh.fr\/?p=15351\" \/>\n<meta property=\"og:locale\" content=\"fr_FR\" \/>\n<meta property=\"og:type\" content=\"article\" \/>\n<meta property=\"og:title\" content=\"Un pouvoir de mis\u00e9ricorde. Gr\u00e2ce, justice criminelle et affirmation de l\u2019\u00c9tat monarchique en Provence au premier XVIIe si\u00e8cle - TELEMMe - Temps, espaces, langages, Europe m\u00e9ridionale, M\u00e9diterran\u00e9e\" \/>\n<meta property=\"og:description\" content=\"Dylan Beccaria soutiendra publiquement sa th\u00e8se de doctorat intitul\u00e9e :Un pouvoir de mis\u00e9ricorde. Gr\u00e2ce, justice criminelle et affirmation de l\u2019\u00c9tat monarchique en Provence au premier XVIIe si\u00e8cle.\" \/>\n<meta property=\"og:url\" content=\"https:\/\/telemme.mmsh.fr\/?p=15351\" \/>\n<meta property=\"og:site_name\" content=\"TELEMMe - Temps, espaces, langages, Europe m\u00e9ridionale, M\u00e9diterran\u00e9e\" \/>\n<meta property=\"article:published_time\" content=\"2025-03-14T13:58:58+00:00\" \/>\n<meta property=\"article:modified_time\" content=\"2025-09-30T16:08:26+00:00\" \/>\n<meta property=\"og:image\" content=\"https:\/\/telemme.mmsh.fr\/wp-content\/uploads\/2025\/03\/H-001-017-009_small.jpg\" \/>\n\t<meta property=\"og:image:width\" content=\"500\" \/>\n\t<meta property=\"og:image:height\" content=\"751\" \/>\n\t<meta property=\"og:image:type\" content=\"image\/jpeg\" \/>\n<meta name=\"author\" content=\"Delphine Cavallo\" \/>\n<meta name=\"twitter:card\" content=\"summary_large_image\" \/>\n<meta name=\"twitter:label1\" content=\"\u00c9crit par\" \/>\n\t<meta name=\"twitter:data1\" content=\"Delphine Cavallo\" \/>\n\t<meta name=\"twitter:label2\" content=\"Dur\u00e9e de lecture estim\u00e9e\" \/>\n\t<meta name=\"twitter:data2\" content=\"3 minutes\" \/>\n<script type=\"application\/ld+json\" class=\"yoast-schema-graph\">{\"@context\":\"https:\\\/\\\/schema.org\",\"@graph\":[{\"@type\":\"Article\",\"@id\":\"https:\\\/\\\/telemme.mmsh.fr\\\/?p=15351#article\",\"isPartOf\":{\"@id\":\"https:\\\/\\\/telemme.mmsh.fr\\\/?p=15351\"},\"author\":{\"name\":\"Delphine Cavallo\",\"@id\":\"https:\\\/\\\/telemme.mmsh.fr\\\/#\\\/schema\\\/person\\\/86a185da4836381586528ced48e263f5\"},\"headline\":\"Un pouvoir de mis\u00e9ricorde. Gr\u00e2ce, justice criminelle et affirmation de l\u2019\u00c9tat monarchique en Provence au premier XVIIe si\u00e8cle\",\"datePublished\":\"2025-03-14T13:58:58+00:00\",\"dateModified\":\"2025-09-30T16:08:26+00:00\",\"mainEntityOfPage\":{\"@id\":\"https:\\\/\\\/telemme.mmsh.fr\\\/?p=15351\"},\"wordCount\":526,\"publisher\":{\"@id\":\"https:\\\/\\\/telemme.mmsh.fr\\\/#organization\"},\"image\":{\"@id\":\"https:\\\/\\\/telemme.mmsh.fr\\\/?p=15351#primaryimage\"},\"thumbnailUrl\":\"https:\\\/\\\/telemme.mmsh.fr\\\/wp-content\\\/uploads\\\/2025\\\/03\\\/H-001-017-009_small.jpg\",\"articleSection\":[\"Soutenances de th\u00e8se\"],\"inLanguage\":\"fr-FR\"},{\"@type\":\"WebPage\",\"@id\":\"https:\\\/\\\/telemme.mmsh.fr\\\/?p=15351\",\"url\":\"https:\\\/\\\/telemme.mmsh.fr\\\/?p=15351\",\"name\":\"Un pouvoir de mis\u00e9ricorde. Gr\u00e2ce, justice criminelle et affirmation de l\u2019\u00c9tat monarchique en Provence au premier XVIIe si\u00e8cle - TELEMMe - Temps, espaces, langages, Europe m\u00e9ridionale, M\u00e9diterran\u00e9e\",\"isPartOf\":{\"@id\":\"https:\\\/\\\/telemme.mmsh.fr\\\/#website\"},\"primaryImageOfPage\":{\"@id\":\"https:\\\/\\\/telemme.mmsh.fr\\\/?p=15351#primaryimage\"},\"image\":{\"@id\":\"https:\\\/\\\/telemme.mmsh.fr\\\/?p=15351#primaryimage\"},\"thumbnailUrl\":\"https:\\\/\\\/telemme.mmsh.fr\\\/wp-content\\\/uploads\\\/2025\\\/03\\\/H-001-017-009_small.jpg\",\"datePublished\":\"2025-03-14T13:58:58+00:00\",\"dateModified\":\"2025-09-30T16:08:26+00:00\",\"description\":\"Dylan Beccaria soutiendra publiquement sa th\u00e8se de doctorat intitul\u00e9e :Un pouvoir de mis\u00e9ricorde. Gr\u00e2ce, justice criminelle et affirmation de l\u2019\u00c9tat monarchique en Provence au premier XVIIe si\u00e8cle.\",\"breadcrumb\":{\"@id\":\"https:\\\/\\\/telemme.mmsh.fr\\\/?p=15351#breadcrumb\"},\"inLanguage\":\"fr-FR\",\"potentialAction\":[{\"@type\":\"ReadAction\",\"target\":[\"https:\\\/\\\/telemme.mmsh.fr\\\/?p=15351\"]}]},{\"@type\":\"ImageObject\",\"inLanguage\":\"fr-FR\",\"@id\":\"https:\\\/\\\/telemme.mmsh.fr\\\/?p=15351#primaryimage\",\"url\":\"https:\\\/\\\/telemme.mmsh.fr\\\/wp-content\\\/uploads\\\/2025\\\/03\\\/H-001-017-009_small.jpg\",\"contentUrl\":\"https:\\\/\\\/telemme.mmsh.fr\\\/wp-content\\\/uploads\\\/2025\\\/03\\\/H-001-017-009_small.jpg\",\"width\":500,\"height\":751,\"caption\":\"Jean Milles de Souvigny, Praxis criminis persequendi, Paris, Simon de Colines, 1541, fol. 56r\"},{\"@type\":\"BreadcrumbList\",\"@id\":\"https:\\\/\\\/telemme.mmsh.fr\\\/?p=15351#breadcrumb\",\"itemListElement\":[{\"@type\":\"ListItem\",\"position\":1,\"name\":\"Accueil\",\"item\":\"https:\\\/\\\/telemme.mmsh.fr\\\/\"},{\"@type\":\"ListItem\",\"position\":2,\"name\":\"Actualit\u00e9s\",\"item\":\"https:\\\/\\\/telemme.mmsh.fr\\\/?cat=1995\"},{\"@type\":\"ListItem\",\"position\":3,\"name\":\"Soutenances de th\u00e8se\",\"item\":\"https:\\\/\\\/telemme.mmsh.fr\\\/?cat=1999\"},{\"@type\":\"ListItem\",\"position\":4,\"name\":\"Un pouvoir de mis\u00e9ricorde. Gr\u00e2ce, justice criminelle et affirmation de l\u2019\u00c9tat monarchique en Provence au premier XVIIe si\u00e8cle\"}]},{\"@type\":\"WebSite\",\"@id\":\"https:\\\/\\\/telemme.mmsh.fr\\\/#website\",\"url\":\"https:\\\/\\\/telemme.mmsh.fr\\\/\",\"name\":\"TELEMMe - Temps, espaces, langages, Europe m\u00e9ridionale, M\u00e9diterran\u00e9e\",\"description\":\"\",\"publisher\":{\"@id\":\"https:\\\/\\\/telemme.mmsh.fr\\\/#organization\"},\"potentialAction\":[{\"@type\":\"SearchAction\",\"target\":{\"@type\":\"EntryPoint\",\"urlTemplate\":\"https:\\\/\\\/telemme.mmsh.fr\\\/?s={search_term_string}\"},\"query-input\":{\"@type\":\"PropertyValueSpecification\",\"valueRequired\":true,\"valueName\":\"search_term_string\"}}],\"inLanguage\":\"fr-FR\"},{\"@type\":\"Organization\",\"@id\":\"https:\\\/\\\/telemme.mmsh.fr\\\/#organization\",\"name\":\"TELEMMe\",\"url\":\"https:\\\/\\\/telemme.mmsh.fr\\\/\",\"logo\":{\"@type\":\"ImageObject\",\"inLanguage\":\"fr-FR\",\"@id\":\"https:\\\/\\\/telemme.mmsh.fr\\\/#\\\/schema\\\/logo\\\/image\\\/\",\"url\":\"https:\\\/\\\/telemme.mmsh.fr\\\/wp-content\\\/uploads\\\/2020\\\/03\\\/LogoTELEMMe-horizontal-fond-transparent.png\",\"contentUrl\":\"https:\\\/\\\/telemme.mmsh.fr\\\/wp-content\\\/uploads\\\/2020\\\/03\\\/LogoTELEMMe-horizontal-fond-transparent.png\",\"width\":1500,\"height\":437,\"caption\":\"TELEMMe\"},\"image\":{\"@id\":\"https:\\\/\\\/telemme.mmsh.fr\\\/#\\\/schema\\\/logo\\\/image\\\/\"}},{\"@type\":\"Person\",\"@id\":\"https:\\\/\\\/telemme.mmsh.fr\\\/#\\\/schema\\\/person\\\/86a185da4836381586528ced48e263f5\",\"name\":\"Delphine Cavallo\",\"url\":\"https:\\\/\\\/telemme.mmsh.fr\\\/?author=6\"}]}<\/script>\n<!-- \/ Yoast SEO plugin. -->","yoast_head_json":{"title":"Un pouvoir de mis\u00e9ricorde. Gr\u00e2ce, justice criminelle et affirmation de l\u2019\u00c9tat monarchique en Provence au premier XVIIe si\u00e8cle - TELEMMe - Temps, espaces, langages, Europe m\u00e9ridionale, M\u00e9diterran\u00e9e","description":"Dylan Beccaria soutiendra publiquement sa th\u00e8se de doctorat intitul\u00e9e :Un pouvoir de mis\u00e9ricorde. Gr\u00e2ce, justice criminelle et affirmation de l\u2019\u00c9tat monarchique en Provence au premier XVIIe si\u00e8cle.","robots":{"index":"index","follow":"follow","max-snippet":"max-snippet:-1","max-image-preview":"max-image-preview:large","max-video-preview":"max-video-preview:-1"},"canonical":"https:\/\/telemme.mmsh.fr\/?p=15351","og_locale":"fr_FR","og_type":"article","og_title":"Un pouvoir de mis\u00e9ricorde. Gr\u00e2ce, justice criminelle et affirmation de l\u2019\u00c9tat monarchique en Provence au premier XVIIe si\u00e8cle - TELEMMe - Temps, espaces, langages, Europe m\u00e9ridionale, M\u00e9diterran\u00e9e","og_description":"Dylan Beccaria soutiendra publiquement sa th\u00e8se de doctorat intitul\u00e9e :Un pouvoir de mis\u00e9ricorde. Gr\u00e2ce, justice criminelle et affirmation de l\u2019\u00c9tat monarchique en Provence au premier XVIIe si\u00e8cle.","og_url":"https:\/\/telemme.mmsh.fr\/?p=15351","og_site_name":"TELEMMe - Temps, espaces, langages, Europe m\u00e9ridionale, M\u00e9diterran\u00e9e","article_published_time":"2025-03-14T13:58:58+00:00","article_modified_time":"2025-09-30T16:08:26+00:00","og_image":[{"width":500,"height":751,"url":"https:\/\/telemme.mmsh.fr\/wp-content\/uploads\/2025\/03\/H-001-017-009_small.jpg","type":"image\/jpeg"}],"author":"Delphine Cavallo","twitter_card":"summary_large_image","twitter_misc":{"\u00c9crit par":"Delphine Cavallo","Dur\u00e9e de lecture estim\u00e9e":"3 minutes"},"schema":{"@context":"https:\/\/schema.org","@graph":[{"@type":"Article","@id":"https:\/\/telemme.mmsh.fr\/?p=15351#article","isPartOf":{"@id":"https:\/\/telemme.mmsh.fr\/?p=15351"},"author":{"name":"Delphine Cavallo","@id":"https:\/\/telemme.mmsh.fr\/#\/schema\/person\/86a185da4836381586528ced48e263f5"},"headline":"Un pouvoir de mis\u00e9ricorde. Gr\u00e2ce, justice criminelle et affirmation de l\u2019\u00c9tat monarchique en Provence au premier XVIIe si\u00e8cle","datePublished":"2025-03-14T13:58:58+00:00","dateModified":"2025-09-30T16:08:26+00:00","mainEntityOfPage":{"@id":"https:\/\/telemme.mmsh.fr\/?p=15351"},"wordCount":526,"publisher":{"@id":"https:\/\/telemme.mmsh.fr\/#organization"},"image":{"@id":"https:\/\/telemme.mmsh.fr\/?p=15351#primaryimage"},"thumbnailUrl":"https:\/\/telemme.mmsh.fr\/wp-content\/uploads\/2025\/03\/H-001-017-009_small.jpg","articleSection":["Soutenances de th\u00e8se"],"inLanguage":"fr-FR"},{"@type":"WebPage","@id":"https:\/\/telemme.mmsh.fr\/?p=15351","url":"https:\/\/telemme.mmsh.fr\/?p=15351","name":"Un pouvoir de mis\u00e9ricorde. Gr\u00e2ce, justice criminelle et affirmation de l\u2019\u00c9tat monarchique en Provence au premier XVIIe si\u00e8cle - TELEMMe - Temps, espaces, langages, Europe m\u00e9ridionale, M\u00e9diterran\u00e9e","isPartOf":{"@id":"https:\/\/telemme.mmsh.fr\/#website"},"primaryImageOfPage":{"@id":"https:\/\/telemme.mmsh.fr\/?p=15351#primaryimage"},"image":{"@id":"https:\/\/telemme.mmsh.fr\/?p=15351#primaryimage"},"thumbnailUrl":"https:\/\/telemme.mmsh.fr\/wp-content\/uploads\/2025\/03\/H-001-017-009_small.jpg","datePublished":"2025-03-14T13:58:58+00:00","dateModified":"2025-09-30T16:08:26+00:00","description":"Dylan Beccaria soutiendra publiquement sa th\u00e8se de doctorat intitul\u00e9e :Un pouvoir de mis\u00e9ricorde. Gr\u00e2ce, justice criminelle et affirmation de l\u2019\u00c9tat monarchique en Provence au premier XVIIe si\u00e8cle.","breadcrumb":{"@id":"https:\/\/telemme.mmsh.fr\/?p=15351#breadcrumb"},"inLanguage":"fr-FR","potentialAction":[{"@type":"ReadAction","target":["https:\/\/telemme.mmsh.fr\/?p=15351"]}]},{"@type":"ImageObject","inLanguage":"fr-FR","@id":"https:\/\/telemme.mmsh.fr\/?p=15351#primaryimage","url":"https:\/\/telemme.mmsh.fr\/wp-content\/uploads\/2025\/03\/H-001-017-009_small.jpg","contentUrl":"https:\/\/telemme.mmsh.fr\/wp-content\/uploads\/2025\/03\/H-001-017-009_small.jpg","width":500,"height":751,"caption":"Jean Milles de Souvigny, Praxis criminis persequendi, Paris, Simon de Colines, 1541, fol. 56r"},{"@type":"BreadcrumbList","@id":"https:\/\/telemme.mmsh.fr\/?p=15351#breadcrumb","itemListElement":[{"@type":"ListItem","position":1,"name":"Accueil","item":"https:\/\/telemme.mmsh.fr\/"},{"@type":"ListItem","position":2,"name":"Actualit\u00e9s","item":"https:\/\/telemme.mmsh.fr\/?cat=1995"},{"@type":"ListItem","position":3,"name":"Soutenances de th\u00e8se","item":"https:\/\/telemme.mmsh.fr\/?cat=1999"},{"@type":"ListItem","position":4,"name":"Un pouvoir de mis\u00e9ricorde. Gr\u00e2ce, justice criminelle et affirmation de l\u2019\u00c9tat monarchique en Provence au premier XVIIe si\u00e8cle"}]},{"@type":"WebSite","@id":"https:\/\/telemme.mmsh.fr\/#website","url":"https:\/\/telemme.mmsh.fr\/","name":"TELEMMe - Temps, espaces, langages, Europe m\u00e9ridionale, M\u00e9diterran\u00e9e","description":"","publisher":{"@id":"https:\/\/telemme.mmsh.fr\/#organization"},"potentialAction":[{"@type":"SearchAction","target":{"@type":"EntryPoint","urlTemplate":"https:\/\/telemme.mmsh.fr\/?s={search_term_string}"},"query-input":{"@type":"PropertyValueSpecification","valueRequired":true,"valueName":"search_term_string"}}],"inLanguage":"fr-FR"},{"@type":"Organization","@id":"https:\/\/telemme.mmsh.fr\/#organization","name":"TELEMMe","url":"https:\/\/telemme.mmsh.fr\/","logo":{"@type":"ImageObject","inLanguage":"fr-FR","@id":"https:\/\/telemme.mmsh.fr\/#\/schema\/logo\/image\/","url":"https:\/\/telemme.mmsh.fr\/wp-content\/uploads\/2020\/03\/LogoTELEMMe-horizontal-fond-transparent.png","contentUrl":"https:\/\/telemme.mmsh.fr\/wp-content\/uploads\/2020\/03\/LogoTELEMMe-horizontal-fond-transparent.png","width":1500,"height":437,"caption":"TELEMMe"},"image":{"@id":"https:\/\/telemme.mmsh.fr\/#\/schema\/logo\/image\/"}},{"@type":"Person","@id":"https:\/\/telemme.mmsh.fr\/#\/schema\/person\/86a185da4836381586528ced48e263f5","name":"Delphine Cavallo","url":"https:\/\/telemme.mmsh.fr\/?author=6"}]}},"_links":{"self":[{"href":"https:\/\/telemme.mmsh.fr\/index.php?rest_route=\/wp\/v2\/posts\/15351","targetHints":{"allow":["GET"]}}],"collection":[{"href":"https:\/\/telemme.mmsh.fr\/index.php?rest_route=\/wp\/v2\/posts"}],"about":[{"href":"https:\/\/telemme.mmsh.fr\/index.php?rest_route=\/wp\/v2\/types\/post"}],"author":[{"embeddable":true,"href":"https:\/\/telemme.mmsh.fr\/index.php?rest_route=\/wp\/v2\/users\/6"}],"replies":[{"embeddable":true,"href":"https:\/\/telemme.mmsh.fr\/index.php?rest_route=%2Fwp%2Fv2%2Fcomments&post=15351"}],"version-history":[{"count":7,"href":"https:\/\/telemme.mmsh.fr\/index.php?rest_route=\/wp\/v2\/posts\/15351\/revisions"}],"predecessor-version":[{"id":15966,"href":"https:\/\/telemme.mmsh.fr\/index.php?rest_route=\/wp\/v2\/posts\/15351\/revisions\/15966"}],"wp:featuredmedia":[{"embeddable":true,"href":"https:\/\/telemme.mmsh.fr\/index.php?rest_route=\/wp\/v2\/media\/15352"}],"wp:attachment":[{"href":"https:\/\/telemme.mmsh.fr\/index.php?rest_route=%2Fwp%2Fv2%2Fmedia&parent=15351"}],"wp:term":[{"taxonomy":"category","embeddable":true,"href":"https:\/\/telemme.mmsh.fr\/index.php?rest_route=%2Fwp%2Fv2%2Fcategories&post=15351"},{"taxonomy":"post_tag","embeddable":true,"href":"https:\/\/telemme.mmsh.fr\/index.php?rest_route=%2Fwp%2Fv2%2Ftags&post=15351"}],"curies":[{"name":"wp","href":"https:\/\/api.w.org\/{rel}","templated":true}]}}