{"id":15344,"date":"2025-03-12T15:44:29","date_gmt":"2025-03-12T14:44:29","guid":{"rendered":"https:\/\/telemme.mmsh.fr\/?p=15344"},"modified":"2025-03-12T15:44:31","modified_gmt":"2025-03-12T14:44:31","slug":"anne-sophie-tribot-femme-en-tete-2025","status":"publish","type":"post","link":"https:\/\/telemme.mmsh.fr\/?p=15344","title":{"rendered":"Anne-Sophie Tribot, femme en t\u00eate 2025"},"content":{"rendered":"<h3>Anne-Sophie Tribot mise \u00e0 l&rsquo;honneur par le Coll\u00e8ge des soci\u00e9t\u00e9s savantes acad\u00e9miques de France<\/h3>\n<p>Anne-Sophie Tribot, titulaire d&rsquo;une Chaire de professeure junior \u00e0 TELEMMe, a \u00e9t\u00e9 <strong>nomm\u00e9e<a href=\"https:\/\/societes-savantes.fr\/actions\/femmes-en-tete\/femmes-en-tete-2025\/\"> femme en t\u00eate 2025<\/a><\/strong> par le Coll\u00e8ge des soci\u00e9t\u00e9s savantes acad\u00e9miques de France, aux c\u00f4t\u00e9s de 10 autres coll\u00e8gues.<\/p>\n<p>Chaque ann\u00e9e, le 8 mars, la <a href=\"https:\/\/www.education.gouv.fr\/journee-internationale-des-droits-des-femmes-11900\">journ\u00e9e internationale des droits des femmes<\/a> est l\u2019occasion pour le Coll\u00e8ge des soci\u00e9t\u00e9s savantes acad\u00e9miques de France de mettre le r\u00f4le des femmes dans la soci\u00e9t\u00e9 \u00e0 l\u2019honneur et de r\u00e9fl\u00e9chir au moyen de promouvoir l\u2019\u00e9galit\u00e9 entre les genres. Pour cela, le Coll\u00e8ge met depuis 2022 en lumi\u00e8re les portraits de femmes remarquables du monde de la recherche, issues de toutes les disciplines, de tous \u00e2ges et de tous niveaux de carri\u00e8re, qui font la diversit\u00e9 et la force de la recherche actuelle.<\/p>\n<p>TELEMMe f\u00e9licite Anne-Sophie pour cette nouvelle reconnaissance de la qualit\u00e9 et la port\u00e9e de ses recherches !<\/p>\n<ul>\n<li>Retrouvez le<strong> portait d&rsquo;Anne-Sophie Tribot<\/strong> r\u00e9alis\u00e9 \u00e0 cette occasion sur le site du Coll\u00e8ge des soci\u00e9t\u00e9s savantes acad\u00e9miques de France : <a href=\"https:\/\/societes-savantes.fr\/femmes-en-tete-2025-anne-sophie-tribot\/\">https:\/\/societes-savantes.fr\/femmes-en-tete-2025-anne-sophie-tribot\/<\/a><\/li>\n<\/ul>\n","protected":false},"excerpt":{"rendered":"<p>Anne-Sophie Tribot mise \u00e0 l&rsquo;honneur par le Coll\u00e8ge des soci\u00e9t\u00e9s savantes acad\u00e9miques de France Anne-Sophie Tribot, titulaire d&rsquo;une Chaire de professeure junior \u00e0 TELEMMe, a \u00e9t\u00e9 nomm\u00e9e femme en t\u00eate&hellip;&nbsp;<a href=\"https:\/\/telemme.mmsh.fr\/?p=15344\" rel=\"bookmark\">Lire la suite &raquo;<span class=\"screen-reader-text\">Anne-Sophie Tribot, femme en t\u00eate 2025<\/span><\/a><\/p>\n","protected":false},"author":6,"featured_media":15345,"comment_status":"closed","ping_status":"closed","sticky":false,"template":"","format":"standard","meta":{"neve_meta_sidebar":"","neve_meta_container":"","neve_meta_enable_content_width":"off","neve_meta_content_width":70,"neve_meta_title_alignment":"","neve_meta_author_avatar":"","neve_post_elements_order":"","neve_meta_disable_header":"","neve_meta_disable_footer":"","neve_meta_disable_title":"","_tribe_events_control_status":"","_tribe_events_control_status_canceled_reason":"","_tribe_events_control_status_postponed_reason":"","_tribe_events_control_online":"","_tribe_events_control_online_url":"","footnotes":""},"categories":[2003],"tags":[2146],"class_list":["post-15344","post","type-post","status-publish","format-standard","has-post-thumbnail","hentry","category-distinctions","tag-femmes"],"yoast_head":"<!-- This site is optimized with the Yoast SEO plugin v27.4 - https:\/\/yoast.com\/product\/yoast-seo-wordpress\/ -->\n<title>Anne-Sophie Tribot, femme en t\u00eate 2025 - TELEMMe - Temps, espaces, langages, Europe m\u00e9ridionale, M\u00e9diterran\u00e9e<\/title>\n<meta name=\"description\" content=\"Anne-Sophie Tribot, titulaire d&#039;une Chaire de professeure junior \u00e0 TELEMMe, a \u00e9t\u00e9 nomm\u00e9e femme en t\u00eate 2025 par le Coll\u00e8ge des soci\u00e9t\u00e9s savantes acad\u00e9miques de France, aux c\u00f4t\u00e9s de 10 autres coll\u00e8gues.\" \/>\n<meta name=\"robots\" content=\"index, follow, max-snippet:-1, max-image-preview:large, max-video-preview:-1\" \/>\n<link rel=\"canonical\" href=\"https:\/\/telemme.mmsh.fr\/?p=15344\" \/>\n<meta property=\"og:locale\" content=\"fr_FR\" \/>\n<meta property=\"og:type\" content=\"article\" \/>\n<meta property=\"og:title\" content=\"Anne-Sophie Tribot, femme en t\u00eate 2025 - TELEMMe - Temps, espaces, langages, Europe m\u00e9ridionale, M\u00e9diterran\u00e9e\" \/>\n<meta property=\"og:description\" content=\"Anne-Sophie Tribot, titulaire d&#039;une Chaire de professeure junior \u00e0 TELEMMe, a \u00e9t\u00e9 nomm\u00e9e femme en t\u00eate 2025 par le Coll\u00e8ge des soci\u00e9t\u00e9s savantes acad\u00e9miques de France, aux c\u00f4t\u00e9s de 10 autres coll\u00e8gues.\" \/>\n<meta property=\"og:url\" content=\"https:\/\/telemme.mmsh.fr\/?p=15344\" \/>\n<meta property=\"og:site_name\" content=\"TELEMMe - Temps, espaces, langages, Europe m\u00e9ridionale, M\u00e9diterran\u00e9e\" \/>\n<meta property=\"article:published_time\" content=\"2025-03-12T14:44:29+00:00\" \/>\n<meta property=\"article:modified_time\" content=\"2025-03-12T14:44:31+00:00\" \/>\n<meta property=\"og:image\" content=\"https:\/\/telemme.mmsh.fr\/wp-content\/uploads\/2025\/03\/Anne-Sophie_Tribot.jpg\" \/>\n\t<meta property=\"og:image:width\" content=\"1360\" \/>\n\t<meta property=\"og:image:height\" content=\"1360\" \/>\n\t<meta property=\"og:image:type\" content=\"image\/jpeg\" \/>\n<meta name=\"author\" content=\"Delphine Cavallo\" \/>\n<meta name=\"twitter:card\" content=\"summary_large_image\" \/>\n<meta name=\"twitter:label1\" content=\"\u00c9crit par\" \/>\n\t<meta name=\"twitter:data1\" content=\"Delphine Cavallo\" \/>\n\t<meta name=\"twitter:label2\" content=\"Dur\u00e9e de lecture estim\u00e9e\" \/>\n\t<meta name=\"twitter:data2\" content=\"1 minute\" \/>\n<script type=\"application\/ld+json\" class=\"yoast-schema-graph\">{\"@context\":\"https:\\\/\\\/schema.org\",\"@graph\":[{\"@type\":\"Article\",\"@id\":\"https:\\\/\\\/telemme.mmsh.fr\\\/?p=15344#article\",\"isPartOf\":{\"@id\":\"https:\\\/\\\/telemme.mmsh.fr\\\/?p=15344\"},\"author\":{\"name\":\"Delphine Cavallo\",\"@id\":\"https:\\\/\\\/telemme.mmsh.fr\\\/#\\\/schema\\\/person\\\/86a185da4836381586528ced48e263f5\"},\"headline\":\"Anne-Sophie Tribot, femme en t\u00eate 2025\",\"datePublished\":\"2025-03-12T14:44:29+00:00\",\"dateModified\":\"2025-03-12T14:44:31+00:00\",\"mainEntityOfPage\":{\"@id\":\"https:\\\/\\\/telemme.mmsh.fr\\\/?p=15344\"},\"wordCount\":213,\"publisher\":{\"@id\":\"https:\\\/\\\/telemme.mmsh.fr\\\/#organization\"},\"image\":{\"@id\":\"https:\\\/\\\/telemme.mmsh.fr\\\/?p=15344#primaryimage\"},\"thumbnailUrl\":\"https:\\\/\\\/telemme.mmsh.fr\\\/wp-content\\\/uploads\\\/2025\\\/03\\\/Anne-Sophie_Tribot.jpg\",\"keywords\":[\"femmes\"],\"articleSection\":[\"Distinctions\"],\"inLanguage\":\"fr-FR\"},{\"@type\":\"WebPage\",\"@id\":\"https:\\\/\\\/telemme.mmsh.fr\\\/?p=15344\",\"url\":\"https:\\\/\\\/telemme.mmsh.fr\\\/?p=15344\",\"name\":\"Anne-Sophie Tribot, femme en t\u00eate 2025 - TELEMMe - Temps, espaces, langages, Europe m\u00e9ridionale, M\u00e9diterran\u00e9e\",\"isPartOf\":{\"@id\":\"https:\\\/\\\/telemme.mmsh.fr\\\/#website\"},\"primaryImageOfPage\":{\"@id\":\"https:\\\/\\\/telemme.mmsh.fr\\\/?p=15344#primaryimage\"},\"image\":{\"@id\":\"https:\\\/\\\/telemme.mmsh.fr\\\/?p=15344#primaryimage\"},\"thumbnailUrl\":\"https:\\\/\\\/telemme.mmsh.fr\\\/wp-content\\\/uploads\\\/2025\\\/03\\\/Anne-Sophie_Tribot.jpg\",\"datePublished\":\"2025-03-12T14:44:29+00:00\",\"dateModified\":\"2025-03-12T14:44:31+00:00\",\"description\":\"Anne-Sophie Tribot, titulaire d'une Chaire de professeure junior \u00e0 TELEMMe, a \u00e9t\u00e9 nomm\u00e9e femme en t\u00eate 2025 par le Coll\u00e8ge des soci\u00e9t\u00e9s savantes acad\u00e9miques de France, aux c\u00f4t\u00e9s de 10 autres coll\u00e8gues.\",\"breadcrumb\":{\"@id\":\"https:\\\/\\\/telemme.mmsh.fr\\\/?p=15344#breadcrumb\"},\"inLanguage\":\"fr-FR\",\"potentialAction\":[{\"@type\":\"ReadAction\",\"target\":[\"https:\\\/\\\/telemme.mmsh.fr\\\/?p=15344\"]}]},{\"@type\":\"ImageObject\",\"inLanguage\":\"fr-FR\",\"@id\":\"https:\\\/\\\/telemme.mmsh.fr\\\/?p=15344#primaryimage\",\"url\":\"https:\\\/\\\/telemme.mmsh.fr\\\/wp-content\\\/uploads\\\/2025\\\/03\\\/Anne-Sophie_Tribot.jpg\",\"contentUrl\":\"https:\\\/\\\/telemme.mmsh.fr\\\/wp-content\\\/uploads\\\/2025\\\/03\\\/Anne-Sophie_Tribot.jpg\",\"width\":1360,\"height\":1360,\"caption\":\"Anne-Sophie Tribot\"},{\"@type\":\"BreadcrumbList\",\"@id\":\"https:\\\/\\\/telemme.mmsh.fr\\\/?p=15344#breadcrumb\",\"itemListElement\":[{\"@type\":\"ListItem\",\"position\":1,\"name\":\"Accueil\",\"item\":\"https:\\\/\\\/telemme.mmsh.fr\\\/\"},{\"@type\":\"ListItem\",\"position\":2,\"name\":\"Actualit\u00e9s\",\"item\":\"https:\\\/\\\/telemme.mmsh.fr\\\/?cat=1995\"},{\"@type\":\"ListItem\",\"position\":3,\"name\":\"Distinctions\",\"item\":\"https:\\\/\\\/telemme.mmsh.fr\\\/?cat=2003\"},{\"@type\":\"ListItem\",\"position\":4,\"name\":\"Anne-Sophie Tribot, femme en t\u00eate 2025\"}]},{\"@type\":\"WebSite\",\"@id\":\"https:\\\/\\\/telemme.mmsh.fr\\\/#website\",\"url\":\"https:\\\/\\\/telemme.mmsh.fr\\\/\",\"name\":\"TELEMMe - Temps, espaces, langages, Europe m\u00e9ridionale, M\u00e9diterran\u00e9e\",\"description\":\"\",\"publisher\":{\"@id\":\"https:\\\/\\\/telemme.mmsh.fr\\\/#organization\"},\"potentialAction\":[{\"@type\":\"SearchAction\",\"target\":{\"@type\":\"EntryPoint\",\"urlTemplate\":\"https:\\\/\\\/telemme.mmsh.fr\\\/?s={search_term_string}\"},\"query-input\":{\"@type\":\"PropertyValueSpecification\",\"valueRequired\":true,\"valueName\":\"search_term_string\"}}],\"inLanguage\":\"fr-FR\"},{\"@type\":\"Organization\",\"@id\":\"https:\\\/\\\/telemme.mmsh.fr\\\/#organization\",\"name\":\"TELEMMe\",\"url\":\"https:\\\/\\\/telemme.mmsh.fr\\\/\",\"logo\":{\"@type\":\"ImageObject\",\"inLanguage\":\"fr-FR\",\"@id\":\"https:\\\/\\\/telemme.mmsh.fr\\\/#\\\/schema\\\/logo\\\/image\\\/\",\"url\":\"https:\\\/\\\/telemme.mmsh.fr\\\/wp-content\\\/uploads\\\/2020\\\/03\\\/LogoTELEMMe-horizontal-fond-transparent.png\",\"contentUrl\":\"https:\\\/\\\/telemme.mmsh.fr\\\/wp-content\\\/uploads\\\/2020\\\/03\\\/LogoTELEMMe-horizontal-fond-transparent.png\",\"width\":1500,\"height\":437,\"caption\":\"TELEMMe\"},\"image\":{\"@id\":\"https:\\\/\\\/telemme.mmsh.fr\\\/#\\\/schema\\\/logo\\\/image\\\/\"}},{\"@type\":\"Person\",\"@id\":\"https:\\\/\\\/telemme.mmsh.fr\\\/#\\\/schema\\\/person\\\/86a185da4836381586528ced48e263f5\",\"name\":\"Delphine Cavallo\",\"url\":\"https:\\\/\\\/telemme.mmsh.fr\\\/?author=6\"}]}<\/script>\n<!-- \/ Yoast SEO plugin. -->","yoast_head_json":{"title":"Anne-Sophie Tribot, femme en t\u00eate 2025 - TELEMMe - Temps, espaces, langages, Europe m\u00e9ridionale, M\u00e9diterran\u00e9e","description":"Anne-Sophie Tribot, titulaire d'une Chaire de professeure junior \u00e0 TELEMMe, a \u00e9t\u00e9 nomm\u00e9e femme en t\u00eate 2025 par le Coll\u00e8ge des soci\u00e9t\u00e9s savantes acad\u00e9miques de France, aux c\u00f4t\u00e9s de 10 autres coll\u00e8gues.","robots":{"index":"index","follow":"follow","max-snippet":"max-snippet:-1","max-image-preview":"max-image-preview:large","max-video-preview":"max-video-preview:-1"},"canonical":"https:\/\/telemme.mmsh.fr\/?p=15344","og_locale":"fr_FR","og_type":"article","og_title":"Anne-Sophie Tribot, femme en t\u00eate 2025 - TELEMMe - Temps, espaces, langages, Europe m\u00e9ridionale, M\u00e9diterran\u00e9e","og_description":"Anne-Sophie Tribot, titulaire d'une Chaire de professeure junior \u00e0 TELEMMe, a \u00e9t\u00e9 nomm\u00e9e femme en t\u00eate 2025 par le Coll\u00e8ge des soci\u00e9t\u00e9s savantes acad\u00e9miques de France, aux c\u00f4t\u00e9s de 10 autres coll\u00e8gues.","og_url":"https:\/\/telemme.mmsh.fr\/?p=15344","og_site_name":"TELEMMe - Temps, espaces, langages, Europe m\u00e9ridionale, M\u00e9diterran\u00e9e","article_published_time":"2025-03-12T14:44:29+00:00","article_modified_time":"2025-03-12T14:44:31+00:00","og_image":[{"width":1360,"height":1360,"url":"https:\/\/telemme.mmsh.fr\/wp-content\/uploads\/2025\/03\/Anne-Sophie_Tribot.jpg","type":"image\/jpeg"}],"author":"Delphine Cavallo","twitter_card":"summary_large_image","twitter_misc":{"\u00c9crit par":"Delphine Cavallo","Dur\u00e9e de lecture estim\u00e9e":"1 minute"},"schema":{"@context":"https:\/\/schema.org","@graph":[{"@type":"Article","@id":"https:\/\/telemme.mmsh.fr\/?p=15344#article","isPartOf":{"@id":"https:\/\/telemme.mmsh.fr\/?p=15344"},"author":{"name":"Delphine Cavallo","@id":"https:\/\/telemme.mmsh.fr\/#\/schema\/person\/86a185da4836381586528ced48e263f5"},"headline":"Anne-Sophie Tribot, femme en t\u00eate 2025","datePublished":"2025-03-12T14:44:29+00:00","dateModified":"2025-03-12T14:44:31+00:00","mainEntityOfPage":{"@id":"https:\/\/telemme.mmsh.fr\/?p=15344"},"wordCount":213,"publisher":{"@id":"https:\/\/telemme.mmsh.fr\/#organization"},"image":{"@id":"https:\/\/telemme.mmsh.fr\/?p=15344#primaryimage"},"thumbnailUrl":"https:\/\/telemme.mmsh.fr\/wp-content\/uploads\/2025\/03\/Anne-Sophie_Tribot.jpg","keywords":["femmes"],"articleSection":["Distinctions"],"inLanguage":"fr-FR"},{"@type":"WebPage","@id":"https:\/\/telemme.mmsh.fr\/?p=15344","url":"https:\/\/telemme.mmsh.fr\/?p=15344","name":"Anne-Sophie Tribot, femme en t\u00eate 2025 - TELEMMe - Temps, espaces, langages, Europe m\u00e9ridionale, M\u00e9diterran\u00e9e","isPartOf":{"@id":"https:\/\/telemme.mmsh.fr\/#website"},"primaryImageOfPage":{"@id":"https:\/\/telemme.mmsh.fr\/?p=15344#primaryimage"},"image":{"@id":"https:\/\/telemme.mmsh.fr\/?p=15344#primaryimage"},"thumbnailUrl":"https:\/\/telemme.mmsh.fr\/wp-content\/uploads\/2025\/03\/Anne-Sophie_Tribot.jpg","datePublished":"2025-03-12T14:44:29+00:00","dateModified":"2025-03-12T14:44:31+00:00","description":"Anne-Sophie Tribot, titulaire d'une Chaire de professeure junior \u00e0 TELEMMe, a \u00e9t\u00e9 nomm\u00e9e femme en t\u00eate 2025 par le Coll\u00e8ge des soci\u00e9t\u00e9s savantes acad\u00e9miques de France, aux c\u00f4t\u00e9s de 10 autres coll\u00e8gues.","breadcrumb":{"@id":"https:\/\/telemme.mmsh.fr\/?p=15344#breadcrumb"},"inLanguage":"fr-FR","potentialAction":[{"@type":"ReadAction","target":["https:\/\/telemme.mmsh.fr\/?p=15344"]}]},{"@type":"ImageObject","inLanguage":"fr-FR","@id":"https:\/\/telemme.mmsh.fr\/?p=15344#primaryimage","url":"https:\/\/telemme.mmsh.fr\/wp-content\/uploads\/2025\/03\/Anne-Sophie_Tribot.jpg","contentUrl":"https:\/\/telemme.mmsh.fr\/wp-content\/uploads\/2025\/03\/Anne-Sophie_Tribot.jpg","width":1360,"height":1360,"caption":"Anne-Sophie Tribot"},{"@type":"BreadcrumbList","@id":"https:\/\/telemme.mmsh.fr\/?p=15344#breadcrumb","itemListElement":[{"@type":"ListItem","position":1,"name":"Accueil","item":"https:\/\/telemme.mmsh.fr\/"},{"@type":"ListItem","position":2,"name":"Actualit\u00e9s","item":"https:\/\/telemme.mmsh.fr\/?cat=1995"},{"@type":"ListItem","position":3,"name":"Distinctions","item":"https:\/\/telemme.mmsh.fr\/?cat=2003"},{"@type":"ListItem","position":4,"name":"Anne-Sophie Tribot, femme en t\u00eate 2025"}]},{"@type":"WebSite","@id":"https:\/\/telemme.mmsh.fr\/#website","url":"https:\/\/telemme.mmsh.fr\/","name":"TELEMMe - Temps, espaces, langages, Europe m\u00e9ridionale, M\u00e9diterran\u00e9e","description":"","publisher":{"@id":"https:\/\/telemme.mmsh.fr\/#organization"},"potentialAction":[{"@type":"SearchAction","target":{"@type":"EntryPoint","urlTemplate":"https:\/\/telemme.mmsh.fr\/?s={search_term_string}"},"query-input":{"@type":"PropertyValueSpecification","valueRequired":true,"valueName":"search_term_string"}}],"inLanguage":"fr-FR"},{"@type":"Organization","@id":"https:\/\/telemme.mmsh.fr\/#organization","name":"TELEMMe","url":"https:\/\/telemme.mmsh.fr\/","logo":{"@type":"ImageObject","inLanguage":"fr-FR","@id":"https:\/\/telemme.mmsh.fr\/#\/schema\/logo\/image\/","url":"https:\/\/telemme.mmsh.fr\/wp-content\/uploads\/2020\/03\/LogoTELEMMe-horizontal-fond-transparent.png","contentUrl":"https:\/\/telemme.mmsh.fr\/wp-content\/uploads\/2020\/03\/LogoTELEMMe-horizontal-fond-transparent.png","width":1500,"height":437,"caption":"TELEMMe"},"image":{"@id":"https:\/\/telemme.mmsh.fr\/#\/schema\/logo\/image\/"}},{"@type":"Person","@id":"https:\/\/telemme.mmsh.fr\/#\/schema\/person\/86a185da4836381586528ced48e263f5","name":"Delphine Cavallo","url":"https:\/\/telemme.mmsh.fr\/?author=6"}]}},"_links":{"self":[{"href":"https:\/\/telemme.mmsh.fr\/index.php?rest_route=\/wp\/v2\/posts\/15344","targetHints":{"allow":["GET"]}}],"collection":[{"href":"https:\/\/telemme.mmsh.fr\/index.php?rest_route=\/wp\/v2\/posts"}],"about":[{"href":"https:\/\/telemme.mmsh.fr\/index.php?rest_route=\/wp\/v2\/types\/post"}],"author":[{"embeddable":true,"href":"https:\/\/telemme.mmsh.fr\/index.php?rest_route=\/wp\/v2\/users\/6"}],"replies":[{"embeddable":true,"href":"https:\/\/telemme.mmsh.fr\/index.php?rest_route=%2Fwp%2Fv2%2Fcomments&post=15344"}],"version-history":[{"count":2,"href":"https:\/\/telemme.mmsh.fr\/index.php?rest_route=\/wp\/v2\/posts\/15344\/revisions"}],"predecessor-version":[{"id":15347,"href":"https:\/\/telemme.mmsh.fr\/index.php?rest_route=\/wp\/v2\/posts\/15344\/revisions\/15347"}],"wp:featuredmedia":[{"embeddable":true,"href":"https:\/\/telemme.mmsh.fr\/index.php?rest_route=\/wp\/v2\/media\/15345"}],"wp:attachment":[{"href":"https:\/\/telemme.mmsh.fr\/index.php?rest_route=%2Fwp%2Fv2%2Fmedia&parent=15344"}],"wp:term":[{"taxonomy":"category","embeddable":true,"href":"https:\/\/telemme.mmsh.fr\/index.php?rest_route=%2Fwp%2Fv2%2Fcategories&post=15344"},{"taxonomy":"post_tag","embeddable":true,"href":"https:\/\/telemme.mmsh.fr\/index.php?rest_route=%2Fwp%2Fv2%2Ftags&post=15344"}],"curies":[{"name":"wp","href":"https:\/\/api.w.org\/{rel}","templated":true}]}}