{"id":15244,"date":"2024-11-18T09:55:26","date_gmt":"2024-11-18T08:55:26","guid":{"rendered":"https:\/\/telemme.mmsh.fr\/?p=15244"},"modified":"2025-02-04T09:58:36","modified_gmt":"2025-02-04T08:58:36","slug":"derriere-la-porte","status":"publish","type":"post","link":"https:\/\/telemme.mmsh.fr\/?p=15244","title":{"rendered":"Derri\u00e8re la porte"},"content":{"rendered":"\n<ul class=\"wp-block-list\">\n<li><strong>R\u00e9alisation<\/strong> : Lisa Billuart-Monet et <strong><a href=\"https:\/\/telemme.mmsh.fr\/?membres=karine-lambert\">Karine Lambert<\/a><\/strong><br>14\u201901, 2024<\/li>\n\n\n\n<li><strong>Production<\/strong>\u00a0: Universit\u00e9\u00a0C\u00f4te d\u2019Azur<\/li>\n\n\n\n<li><strong>Financements<\/strong>\u00a0:\u00a0projet \u201cIntrapreneuriat\u201d financ\u00e9 dans le cadre de l\u2019appel \u00e0 projets PIA IDEES R2D2\u00a0contribuant \u00e0 l\u2019am\u00e9lioration de la Qualit\u00e9 de vie et des conditions de travail<em>.<\/em><\/li>\n\n\n\n<li><strong>En ligne<\/strong> : <a href=\"https:\/\/www.youtube.com\/watch?v=H6ntM2hhTnU\">https:\/\/www.youtube.com\/watch?v=H6ntM2hhTnU<\/a><\/li>\n<\/ul>\n\n\n\n<blockquote class=\"wp-block-quote is-layout-flow wp-block-quote-is-layout-flow\">\n<p><\/p>\n\n\n\n<p>Sur l&rsquo;ann\u00e9e 2023-2024, j&rsquo;ai eu le plaisir de faire partie \/ de travailler au sein du Collectif Nice Queer &amp; Co. Initi\u00e9 par la chercheuse Karine Lambert, dans le cadre d&rsquo;un appel \u00e0 projets au sein d&rsquo;Universit\u00e9 C\u00f4te d&rsquo;Azur, ce collectif avait pour objectif de r\u00e9aliser un court-m\u00e9trage sur des questions f\u00e9ministes et queer (on n&rsquo;a vraiment pas eu le temps d&rsquo;aborder plein de sujets !)&#8230; que voici. Le collectif a r\u00e9uni des \u00e9tudiant\u00b7es, des personnels (administratif\u00b7ves, enseignant\u00b7es, chercheur\u00b7ses) et au-del\u00e0, des personnes concern\u00e9es et des alli\u00e9\u00b7es. Nous avons \u00e9crit le sc\u00e9nario, film\u00e9, jou\u00e9&#8230; avec l&rsquo;aide pr\u00e9cieuse de professionnel\u00b7les. Ce court-m\u00e9trage n&rsquo;est donc qu&rsquo;un d\u00e9but de r\u00e9flexions, d&rsquo;actions, de communications&#8230; autour des questions f\u00e9ministes et queer, au sein de la communaut\u00e9 universitaire, de la soci\u00e9t\u00e9 civile, de la ville, de la r\u00e9gion&#8230; de l&rsquo;univers !<\/p>\n<\/blockquote>\n\n\n\n<p><\/p>\n","protected":false},"excerpt":{"rendered":"<p>Le collectif Nice Queer &#038; Co, initi\u00e9 par la chercheuse Karine Lambert, dans le cadre d&rsquo;un appel \u00e0 projets au sein d&rsquo;Universit\u00e9 C\u00f4te d&rsquo;Azur, a pour objectif de r\u00e9aliser un court-m\u00e9trage sur des questions f\u00e9ministes et queer.<\/p>\n","protected":false},"author":6,"featured_media":15245,"comment_status":"closed","ping_status":"closed","sticky":false,"template":"","format":"standard","meta":{"neve_meta_sidebar":"","neve_meta_container":"","neve_meta_enable_content_width":"off","neve_meta_content_width":70,"neve_meta_title_alignment":"","neve_meta_author_avatar":"","neve_post_elements_order":"","neve_meta_disable_header":"","neve_meta_disable_footer":"","neve_meta_disable_title":"","_tribe_events_control_status":"","_tribe_events_control_status_canceled_reason":"","_tribe_events_control_status_postponed_reason":"","_tribe_events_control_online":"","_tribe_events_control_online_url":"","footnotes":""},"categories":[1960],"tags":[],"class_list":["post-15244","post","type-post","status-publish","format-standard","has-post-thumbnail","hentry","category-films"],"yoast_head":"<!-- This site is optimized with the Yoast SEO plugin v27.4 - https:\/\/yoast.com\/product\/yoast-seo-wordpress\/ -->\n<title>Derri\u00e8re la porte - TELEMMe - Temps, espaces, langages, Europe m\u00e9ridionale, M\u00e9diterran\u00e9e<\/title>\n<meta name=\"robots\" content=\"index, follow, max-snippet:-1, max-image-preview:large, max-video-preview:-1\" \/>\n<link rel=\"canonical\" href=\"https:\/\/telemme.mmsh.fr\/?p=15244\" \/>\n<meta property=\"og:locale\" content=\"fr_FR\" \/>\n<meta property=\"og:type\" content=\"article\" \/>\n<meta property=\"og:title\" content=\"Derri\u00e8re la porte - TELEMMe - Temps, espaces, langages, Europe m\u00e9ridionale, M\u00e9diterran\u00e9e\" \/>\n<meta property=\"og:description\" content=\"Le collectif Nice Queer &amp; Co, initi\u00e9 par la chercheuse Karine Lambert, dans le cadre d&#039;un appel \u00e0 projets au sein d&#039;Universit\u00e9 C\u00f4te d&#039;Azur, a pour objectif de r\u00e9aliser un court-m\u00e9trage sur des questions f\u00e9ministes et queer.\" \/>\n<meta property=\"og:url\" content=\"https:\/\/telemme.mmsh.fr\/?p=15244\" \/>\n<meta property=\"og:site_name\" content=\"TELEMMe - Temps, espaces, langages, Europe m\u00e9ridionale, M\u00e9diterran\u00e9e\" \/>\n<meta property=\"article:published_time\" content=\"2024-11-18T08:55:26+00:00\" \/>\n<meta property=\"article:modified_time\" content=\"2025-02-04T08:58:36+00:00\" \/>\n<meta property=\"og:image\" content=\"https:\/\/telemme.mmsh.fr\/wp-content\/uploads\/2025\/02\/Derriere-la-porte.jpg\" \/>\n\t<meta property=\"og:image:width\" content=\"695\" \/>\n\t<meta property=\"og:image:height\" content=\"369\" \/>\n\t<meta property=\"og:image:type\" content=\"image\/jpeg\" \/>\n<meta name=\"author\" content=\"Delphine Cavallo\" \/>\n<meta name=\"twitter:card\" content=\"summary_large_image\" \/>\n<meta name=\"twitter:label1\" content=\"\u00c9crit par\" \/>\n\t<meta name=\"twitter:data1\" content=\"Delphine Cavallo\" \/>\n\t<meta name=\"twitter:label2\" content=\"Dur\u00e9e de lecture estim\u00e9e\" \/>\n\t<meta name=\"twitter:data2\" content=\"1 minute\" \/>\n<script type=\"application\/ld+json\" class=\"yoast-schema-graph\">{\"@context\":\"https:\\\/\\\/schema.org\",\"@graph\":[{\"@type\":\"Article\",\"@id\":\"https:\\\/\\\/telemme.mmsh.fr\\\/?p=15244#article\",\"isPartOf\":{\"@id\":\"https:\\\/\\\/telemme.mmsh.fr\\\/?p=15244\"},\"author\":{\"name\":\"Delphine Cavallo\",\"@id\":\"https:\\\/\\\/telemme.mmsh.fr\\\/#\\\/schema\\\/person\\\/86a185da4836381586528ced48e263f5\"},\"headline\":\"Derri\u00e8re la porte\",\"datePublished\":\"2024-11-18T08:55:26+00:00\",\"dateModified\":\"2025-02-04T08:58:36+00:00\",\"mainEntityOfPage\":{\"@id\":\"https:\\\/\\\/telemme.mmsh.fr\\\/?p=15244\"},\"wordCount\":221,\"publisher\":{\"@id\":\"https:\\\/\\\/telemme.mmsh.fr\\\/#organization\"},\"image\":{\"@id\":\"https:\\\/\\\/telemme.mmsh.fr\\\/?p=15244#primaryimage\"},\"thumbnailUrl\":\"https:\\\/\\\/telemme.mmsh.fr\\\/wp-content\\\/uploads\\\/2025\\\/02\\\/Derriere-la-porte.jpg\",\"articleSection\":[\"Films\"],\"inLanguage\":\"fr-FR\"},{\"@type\":\"WebPage\",\"@id\":\"https:\\\/\\\/telemme.mmsh.fr\\\/?p=15244\",\"url\":\"https:\\\/\\\/telemme.mmsh.fr\\\/?p=15244\",\"name\":\"Derri\u00e8re la porte - TELEMMe - Temps, espaces, langages, Europe m\u00e9ridionale, M\u00e9diterran\u00e9e\",\"isPartOf\":{\"@id\":\"https:\\\/\\\/telemme.mmsh.fr\\\/#website\"},\"primaryImageOfPage\":{\"@id\":\"https:\\\/\\\/telemme.mmsh.fr\\\/?p=15244#primaryimage\"},\"image\":{\"@id\":\"https:\\\/\\\/telemme.mmsh.fr\\\/?p=15244#primaryimage\"},\"thumbnailUrl\":\"https:\\\/\\\/telemme.mmsh.fr\\\/wp-content\\\/uploads\\\/2025\\\/02\\\/Derriere-la-porte.jpg\",\"datePublished\":\"2024-11-18T08:55:26+00:00\",\"dateModified\":\"2025-02-04T08:58:36+00:00\",\"breadcrumb\":{\"@id\":\"https:\\\/\\\/telemme.mmsh.fr\\\/?p=15244#breadcrumb\"},\"inLanguage\":\"fr-FR\",\"potentialAction\":[{\"@type\":\"ReadAction\",\"target\":[\"https:\\\/\\\/telemme.mmsh.fr\\\/?p=15244\"]}]},{\"@type\":\"ImageObject\",\"inLanguage\":\"fr-FR\",\"@id\":\"https:\\\/\\\/telemme.mmsh.fr\\\/?p=15244#primaryimage\",\"url\":\"https:\\\/\\\/telemme.mmsh.fr\\\/wp-content\\\/uploads\\\/2025\\\/02\\\/Derriere-la-porte.jpg\",\"contentUrl\":\"https:\\\/\\\/telemme.mmsh.fr\\\/wp-content\\\/uploads\\\/2025\\\/02\\\/Derriere-la-porte.jpg\",\"width\":695,\"height\":369,\"caption\":\"Capture d'\u00e9cran de Derri\u00e8re la porte\"},{\"@type\":\"BreadcrumbList\",\"@id\":\"https:\\\/\\\/telemme.mmsh.fr\\\/?p=15244#breadcrumb\",\"itemListElement\":[{\"@type\":\"ListItem\",\"position\":1,\"name\":\"Accueil\",\"item\":\"https:\\\/\\\/telemme.mmsh.fr\\\/\"},{\"@type\":\"ListItem\",\"position\":2,\"name\":\"M\u00e9diation et diffusion\",\"item\":\"https:\\\/\\\/telemme.mmsh.fr\\\/?cat=1736\"},{\"@type\":\"ListItem\",\"position\":3,\"name\":\"Films\",\"item\":\"https:\\\/\\\/telemme.mmsh.fr\\\/?cat=1960\"},{\"@type\":\"ListItem\",\"position\":4,\"name\":\"Derri\u00e8re la porte\"}]},{\"@type\":\"WebSite\",\"@id\":\"https:\\\/\\\/telemme.mmsh.fr\\\/#website\",\"url\":\"https:\\\/\\\/telemme.mmsh.fr\\\/\",\"name\":\"TELEMMe - Temps, espaces, langages, Europe m\u00e9ridionale, M\u00e9diterran\u00e9e\",\"description\":\"\",\"publisher\":{\"@id\":\"https:\\\/\\\/telemme.mmsh.fr\\\/#organization\"},\"potentialAction\":[{\"@type\":\"SearchAction\",\"target\":{\"@type\":\"EntryPoint\",\"urlTemplate\":\"https:\\\/\\\/telemme.mmsh.fr\\\/?s={search_term_string}\"},\"query-input\":{\"@type\":\"PropertyValueSpecification\",\"valueRequired\":true,\"valueName\":\"search_term_string\"}}],\"inLanguage\":\"fr-FR\"},{\"@type\":\"Organization\",\"@id\":\"https:\\\/\\\/telemme.mmsh.fr\\\/#organization\",\"name\":\"TELEMMe\",\"url\":\"https:\\\/\\\/telemme.mmsh.fr\\\/\",\"logo\":{\"@type\":\"ImageObject\",\"inLanguage\":\"fr-FR\",\"@id\":\"https:\\\/\\\/telemme.mmsh.fr\\\/#\\\/schema\\\/logo\\\/image\\\/\",\"url\":\"https:\\\/\\\/telemme.mmsh.fr\\\/wp-content\\\/uploads\\\/2020\\\/03\\\/LogoTELEMMe-horizontal-fond-transparent.png\",\"contentUrl\":\"https:\\\/\\\/telemme.mmsh.fr\\\/wp-content\\\/uploads\\\/2020\\\/03\\\/LogoTELEMMe-horizontal-fond-transparent.png\",\"width\":1500,\"height\":437,\"caption\":\"TELEMMe\"},\"image\":{\"@id\":\"https:\\\/\\\/telemme.mmsh.fr\\\/#\\\/schema\\\/logo\\\/image\\\/\"}},{\"@type\":\"Person\",\"@id\":\"https:\\\/\\\/telemme.mmsh.fr\\\/#\\\/schema\\\/person\\\/86a185da4836381586528ced48e263f5\",\"name\":\"Delphine Cavallo\",\"url\":\"https:\\\/\\\/telemme.mmsh.fr\\\/?author=6\"}]}<\/script>\n<!-- \/ Yoast SEO plugin. -->","yoast_head_json":{"title":"Derri\u00e8re la porte - TELEMMe - Temps, espaces, langages, Europe m\u00e9ridionale, M\u00e9diterran\u00e9e","robots":{"index":"index","follow":"follow","max-snippet":"max-snippet:-1","max-image-preview":"max-image-preview:large","max-video-preview":"max-video-preview:-1"},"canonical":"https:\/\/telemme.mmsh.fr\/?p=15244","og_locale":"fr_FR","og_type":"article","og_title":"Derri\u00e8re la porte - TELEMMe - Temps, espaces, langages, Europe m\u00e9ridionale, M\u00e9diterran\u00e9e","og_description":"Le collectif Nice Queer & Co, initi\u00e9 par la chercheuse Karine Lambert, dans le cadre d'un appel \u00e0 projets au sein d'Universit\u00e9 C\u00f4te d'Azur, a pour objectif de r\u00e9aliser un court-m\u00e9trage sur des questions f\u00e9ministes et queer.","og_url":"https:\/\/telemme.mmsh.fr\/?p=15244","og_site_name":"TELEMMe - Temps, espaces, langages, Europe m\u00e9ridionale, M\u00e9diterran\u00e9e","article_published_time":"2024-11-18T08:55:26+00:00","article_modified_time":"2025-02-04T08:58:36+00:00","og_image":[{"width":695,"height":369,"url":"https:\/\/telemme.mmsh.fr\/wp-content\/uploads\/2025\/02\/Derriere-la-porte.jpg","type":"image\/jpeg"}],"author":"Delphine Cavallo","twitter_card":"summary_large_image","twitter_misc":{"\u00c9crit par":"Delphine Cavallo","Dur\u00e9e de lecture estim\u00e9e":"1 minute"},"schema":{"@context":"https:\/\/schema.org","@graph":[{"@type":"Article","@id":"https:\/\/telemme.mmsh.fr\/?p=15244#article","isPartOf":{"@id":"https:\/\/telemme.mmsh.fr\/?p=15244"},"author":{"name":"Delphine Cavallo","@id":"https:\/\/telemme.mmsh.fr\/#\/schema\/person\/86a185da4836381586528ced48e263f5"},"headline":"Derri\u00e8re la porte","datePublished":"2024-11-18T08:55:26+00:00","dateModified":"2025-02-04T08:58:36+00:00","mainEntityOfPage":{"@id":"https:\/\/telemme.mmsh.fr\/?p=15244"},"wordCount":221,"publisher":{"@id":"https:\/\/telemme.mmsh.fr\/#organization"},"image":{"@id":"https:\/\/telemme.mmsh.fr\/?p=15244#primaryimage"},"thumbnailUrl":"https:\/\/telemme.mmsh.fr\/wp-content\/uploads\/2025\/02\/Derriere-la-porte.jpg","articleSection":["Films"],"inLanguage":"fr-FR"},{"@type":"WebPage","@id":"https:\/\/telemme.mmsh.fr\/?p=15244","url":"https:\/\/telemme.mmsh.fr\/?p=15244","name":"Derri\u00e8re la porte - TELEMMe - Temps, espaces, langages, Europe m\u00e9ridionale, M\u00e9diterran\u00e9e","isPartOf":{"@id":"https:\/\/telemme.mmsh.fr\/#website"},"primaryImageOfPage":{"@id":"https:\/\/telemme.mmsh.fr\/?p=15244#primaryimage"},"image":{"@id":"https:\/\/telemme.mmsh.fr\/?p=15244#primaryimage"},"thumbnailUrl":"https:\/\/telemme.mmsh.fr\/wp-content\/uploads\/2025\/02\/Derriere-la-porte.jpg","datePublished":"2024-11-18T08:55:26+00:00","dateModified":"2025-02-04T08:58:36+00:00","breadcrumb":{"@id":"https:\/\/telemme.mmsh.fr\/?p=15244#breadcrumb"},"inLanguage":"fr-FR","potentialAction":[{"@type":"ReadAction","target":["https:\/\/telemme.mmsh.fr\/?p=15244"]}]},{"@type":"ImageObject","inLanguage":"fr-FR","@id":"https:\/\/telemme.mmsh.fr\/?p=15244#primaryimage","url":"https:\/\/telemme.mmsh.fr\/wp-content\/uploads\/2025\/02\/Derriere-la-porte.jpg","contentUrl":"https:\/\/telemme.mmsh.fr\/wp-content\/uploads\/2025\/02\/Derriere-la-porte.jpg","width":695,"height":369,"caption":"Capture d'\u00e9cran de Derri\u00e8re la porte"},{"@type":"BreadcrumbList","@id":"https:\/\/telemme.mmsh.fr\/?p=15244#breadcrumb","itemListElement":[{"@type":"ListItem","position":1,"name":"Accueil","item":"https:\/\/telemme.mmsh.fr\/"},{"@type":"ListItem","position":2,"name":"M\u00e9diation et diffusion","item":"https:\/\/telemme.mmsh.fr\/?cat=1736"},{"@type":"ListItem","position":3,"name":"Films","item":"https:\/\/telemme.mmsh.fr\/?cat=1960"},{"@type":"ListItem","position":4,"name":"Derri\u00e8re la porte"}]},{"@type":"WebSite","@id":"https:\/\/telemme.mmsh.fr\/#website","url":"https:\/\/telemme.mmsh.fr\/","name":"TELEMMe - Temps, espaces, langages, Europe m\u00e9ridionale, M\u00e9diterran\u00e9e","description":"","publisher":{"@id":"https:\/\/telemme.mmsh.fr\/#organization"},"potentialAction":[{"@type":"SearchAction","target":{"@type":"EntryPoint","urlTemplate":"https:\/\/telemme.mmsh.fr\/?s={search_term_string}"},"query-input":{"@type":"PropertyValueSpecification","valueRequired":true,"valueName":"search_term_string"}}],"inLanguage":"fr-FR"},{"@type":"Organization","@id":"https:\/\/telemme.mmsh.fr\/#organization","name":"TELEMMe","url":"https:\/\/telemme.mmsh.fr\/","logo":{"@type":"ImageObject","inLanguage":"fr-FR","@id":"https:\/\/telemme.mmsh.fr\/#\/schema\/logo\/image\/","url":"https:\/\/telemme.mmsh.fr\/wp-content\/uploads\/2020\/03\/LogoTELEMMe-horizontal-fond-transparent.png","contentUrl":"https:\/\/telemme.mmsh.fr\/wp-content\/uploads\/2020\/03\/LogoTELEMMe-horizontal-fond-transparent.png","width":1500,"height":437,"caption":"TELEMMe"},"image":{"@id":"https:\/\/telemme.mmsh.fr\/#\/schema\/logo\/image\/"}},{"@type":"Person","@id":"https:\/\/telemme.mmsh.fr\/#\/schema\/person\/86a185da4836381586528ced48e263f5","name":"Delphine Cavallo","url":"https:\/\/telemme.mmsh.fr\/?author=6"}]}},"_links":{"self":[{"href":"https:\/\/telemme.mmsh.fr\/index.php?rest_route=\/wp\/v2\/posts\/15244","targetHints":{"allow":["GET"]}}],"collection":[{"href":"https:\/\/telemme.mmsh.fr\/index.php?rest_route=\/wp\/v2\/posts"}],"about":[{"href":"https:\/\/telemme.mmsh.fr\/index.php?rest_route=\/wp\/v2\/types\/post"}],"author":[{"embeddable":true,"href":"https:\/\/telemme.mmsh.fr\/index.php?rest_route=\/wp\/v2\/users\/6"}],"replies":[{"embeddable":true,"href":"https:\/\/telemme.mmsh.fr\/index.php?rest_route=%2Fwp%2Fv2%2Fcomments&post=15244"}],"version-history":[{"count":5,"href":"https:\/\/telemme.mmsh.fr\/index.php?rest_route=\/wp\/v2\/posts\/15244\/revisions"}],"predecessor-version":[{"id":15250,"href":"https:\/\/telemme.mmsh.fr\/index.php?rest_route=\/wp\/v2\/posts\/15244\/revisions\/15250"}],"wp:featuredmedia":[{"embeddable":true,"href":"https:\/\/telemme.mmsh.fr\/index.php?rest_route=\/wp\/v2\/media\/15245"}],"wp:attachment":[{"href":"https:\/\/telemme.mmsh.fr\/index.php?rest_route=%2Fwp%2Fv2%2Fmedia&parent=15244"}],"wp:term":[{"taxonomy":"category","embeddable":true,"href":"https:\/\/telemme.mmsh.fr\/index.php?rest_route=%2Fwp%2Fv2%2Fcategories&post=15244"},{"taxonomy":"post_tag","embeddable":true,"href":"https:\/\/telemme.mmsh.fr\/index.php?rest_route=%2Fwp%2Fv2%2Ftags&post=15244"}],"curies":[{"name":"wp","href":"https:\/\/api.w.org\/{rel}","templated":true}]}}