{"id":15204,"date":"2024-03-13T18:03:01","date_gmt":"2024-03-13T17:03:01","guid":{"rendered":"https:\/\/telemme.mmsh.fr\/?p=15204"},"modified":"2025-01-28T18:10:05","modified_gmt":"2025-01-28T17:10:05","slug":"olympisme-une-histoire-du-monde-2","status":"publish","type":"post","link":"https:\/\/telemme.mmsh.fr\/?p=15204","title":{"rendered":"Olympisme, une histoire du monde"},"content":{"rendered":"\n<blockquote class=\"wp-block-quote is-layout-flow wp-block-quote-is-layout-flow\">\n<p><strong><em><a href=\"https:\/\/www.editionsdelamartiniere.fr\/livres\/olympisme-une-histoire-du-monde\">Olympisme, une histoire du monde. Des premiers Jeux Olympiques d&rsquo;Ath\u00e8nes 1896 aux Jeux Olympiques et Paralympiques de Paris 2024<\/a><\/em><\/strong>, Pascal Blanchard, Nicolas Bancel, Claude Boli, Daphn\u00e9 Bolz, Pascal Charitas, Sylv\u00e8re-Henry Ciss\u00e9, Yvan Gastaut, S\u00e9bastien G\u00f6kalp, \u00c9lisabeth Jolys-Shimells, Sandrine Lemaire, St\u00e9phane Mourlane, Philippe T\u00e9tart et Dominic Thomas (dir.), \u00e9ditions La Martini\u00e8re, 576 pages<\/p>\n<\/blockquote>\n\n\n\n<h2 class=\"wp-block-heading\">La r\u00e9f\u00e9rence absolue sur 130 ans d&rsquo;histoire des Olympiades<\/h2>\n\n\n\n<p>Cet ouvrage de r\u00e9f\u00e9rence sur les 30 Jeux Olympiques d\u2019\u00e9t\u00e9, de 1896 \u00e0 2024, rend hommage aux athl\u00e8tes \u00e0 travers plus de mille images exceptionnelles. Une soixantaine de sp\u00e9cialistes, fran\u00e7ais et internationaux, offrent en parall\u00e8le un panorama complet de chacune des olympiades et proposent une \u00ab histoire-monde \u00bb r\u00e9solument transnationale de l\u2019olympisme moderne. Au cours de ces 130 ann\u00e9es de Jeux Olympiques se dessinent les grandes mutations de nos soci\u00e9t\u00e9s et leurs enjeux politiques, \u00e9conomiques et culturels.<\/p>\n\n\n\n<p>Ce catalogue de l\u2019exposition pr\u00e9sent\u00e9e au Palais de la Porte Dor\u00e9e d\u2019avril \u00e0 septembre 2024 retrace la construction des \u00c9tats-nations, l\u2019\u00e9mergence de la culture de masse, l\u2019entre-deux-guerres marqu\u00e9 par l\u2019opposition entre totalitarisme et d\u00e9mocratie, la Guerre froide, les vagues de d\u00e9colonisation ou encore les revendications des minorit\u00e9s et des pays \u00e9mergents. Il \u00e9voque aussi la mondialisation \u00e9conomique et le gigantisme des Jeux Olympiques d\u2019aujourd\u2019hui, la reconnaissance du paralympisme, sans oublier d\u2019aborder les questions \u00e9thiques et soci\u00e9tales qui traversent le mouvement olympique en ce XXIe si\u00e8cle.<\/p>\n","protected":false},"excerpt":{"rendered":"<p>Olympisme, une histoire du monde. Des premiers Jeux Olympiques d&rsquo;Ath\u00e8nes 1896 aux Jeux Olympiques et Paralympiques de Paris 2024, Pascal Blanchard, Nicolas Bancel, Claude Boli, Daphn\u00e9 Bolz, Pascal Charitas, Sylv\u00e8re-Henry&hellip;&nbsp;<a href=\"https:\/\/telemme.mmsh.fr\/?p=15204\" rel=\"bookmark\">Lire la suite &raquo;<span class=\"screen-reader-text\">Olympisme, une histoire du monde<\/span><\/a><\/p>\n","protected":false},"author":6,"featured_media":15205,"comment_status":"closed","ping_status":"closed","sticky":false,"template":"","format":"standard","meta":{"neve_meta_sidebar":"","neve_meta_container":"","neve_meta_enable_content_width":"off","neve_meta_content_width":70,"neve_meta_title_alignment":"","neve_meta_author_avatar":"","neve_post_elements_order":"","neve_meta_disable_header":"","neve_meta_disable_footer":"","neve_meta_disable_title":"","_tribe_events_control_status":"","_tribe_events_control_status_canceled_reason":"","_tribe_events_control_status_postponed_reason":"","_tribe_events_control_online":"","_tribe_events_control_online_url":"","footnotes":""},"categories":[1742],"tags":[],"class_list":["post-15204","post","type-post","status-publish","format-standard","has-post-thumbnail","hentry","category-dir-ouvrage"],"yoast_head":"<!-- This site is optimized with the Yoast SEO plugin v27.4 - https:\/\/yoast.com\/product\/yoast-seo-wordpress\/ -->\n<title>Olympisme, une histoire du monde - TELEMMe - Temps, espaces, langages, Europe m\u00e9ridionale, M\u00e9diterran\u00e9e<\/title>\n<meta name=\"robots\" content=\"index, follow, max-snippet:-1, max-image-preview:large, max-video-preview:-1\" \/>\n<link rel=\"canonical\" href=\"https:\/\/telemme.mmsh.fr\/?p=15204\" \/>\n<meta property=\"og:locale\" content=\"fr_FR\" \/>\n<meta property=\"og:type\" content=\"article\" \/>\n<meta property=\"og:title\" content=\"Olympisme, une histoire du monde - TELEMMe - Temps, espaces, langages, Europe m\u00e9ridionale, M\u00e9diterran\u00e9e\" \/>\n<meta property=\"og:description\" content=\"Olympisme, une histoire du monde. Des premiers Jeux Olympiques d&rsquo;Ath\u00e8nes 1896 aux Jeux Olympiques et Paralympiques de Paris 2024, Pascal Blanchard, Nicolas Bancel, Claude Boli, Daphn\u00e9 Bolz, Pascal Charitas, Sylv\u00e8re-Henry&hellip;&nbsp;Lire la suite &raquo;Olympisme, une histoire du monde\" \/>\n<meta property=\"og:url\" content=\"https:\/\/telemme.mmsh.fr\/?p=15204\" \/>\n<meta property=\"og:site_name\" content=\"TELEMMe - Temps, espaces, langages, Europe m\u00e9ridionale, M\u00e9diterran\u00e9e\" \/>\n<meta property=\"article:published_time\" content=\"2024-03-13T17:03:01+00:00\" \/>\n<meta property=\"article:modified_time\" content=\"2025-01-28T17:10:05+00:00\" \/>\n<meta property=\"og:image\" content=\"https:\/\/telemme.mmsh.fr\/wp-content\/uploads\/2025\/01\/153107_couverture_Hres_0.jpg\" \/>\n\t<meta property=\"og:image:width\" content=\"498\" \/>\n\t<meta property=\"og:image:height\" content=\"600\" \/>\n\t<meta property=\"og:image:type\" content=\"image\/jpeg\" \/>\n<meta name=\"author\" content=\"Delphine Cavallo\" \/>\n<meta name=\"twitter:card\" content=\"summary_large_image\" \/>\n<meta name=\"twitter:label1\" content=\"\u00c9crit par\" \/>\n\t<meta name=\"twitter:data1\" content=\"Delphine Cavallo\" \/>\n\t<meta name=\"twitter:label2\" content=\"Dur\u00e9e de lecture estim\u00e9e\" \/>\n\t<meta name=\"twitter:data2\" content=\"1 minute\" \/>\n<script type=\"application\/ld+json\" class=\"yoast-schema-graph\">{\"@context\":\"https:\\\/\\\/schema.org\",\"@graph\":[{\"@type\":\"Article\",\"@id\":\"https:\\\/\\\/telemme.mmsh.fr\\\/?p=15204#article\",\"isPartOf\":{\"@id\":\"https:\\\/\\\/telemme.mmsh.fr\\\/?p=15204\"},\"author\":{\"name\":\"Delphine Cavallo\",\"@id\":\"https:\\\/\\\/telemme.mmsh.fr\\\/#\\\/schema\\\/person\\\/86a185da4836381586528ced48e263f5\"},\"headline\":\"Olympisme, une histoire du monde\",\"datePublished\":\"2024-03-13T17:03:01+00:00\",\"dateModified\":\"2025-01-28T17:10:05+00:00\",\"mainEntityOfPage\":{\"@id\":\"https:\\\/\\\/telemme.mmsh.fr\\\/?p=15204\"},\"wordCount\":253,\"publisher\":{\"@id\":\"https:\\\/\\\/telemme.mmsh.fr\\\/#organization\"},\"image\":{\"@id\":\"https:\\\/\\\/telemme.mmsh.fr\\\/?p=15204#primaryimage\"},\"thumbnailUrl\":\"https:\\\/\\\/telemme.mmsh.fr\\\/wp-content\\\/uploads\\\/2025\\\/01\\\/153107_couverture_Hres_0.jpg\",\"articleSection\":[\"Directions d'ouvrage\"],\"inLanguage\":\"fr-FR\"},{\"@type\":\"WebPage\",\"@id\":\"https:\\\/\\\/telemme.mmsh.fr\\\/?p=15204\",\"url\":\"https:\\\/\\\/telemme.mmsh.fr\\\/?p=15204\",\"name\":\"Olympisme, une histoire du monde - TELEMMe - Temps, espaces, langages, Europe m\u00e9ridionale, M\u00e9diterran\u00e9e\",\"isPartOf\":{\"@id\":\"https:\\\/\\\/telemme.mmsh.fr\\\/#website\"},\"primaryImageOfPage\":{\"@id\":\"https:\\\/\\\/telemme.mmsh.fr\\\/?p=15204#primaryimage\"},\"image\":{\"@id\":\"https:\\\/\\\/telemme.mmsh.fr\\\/?p=15204#primaryimage\"},\"thumbnailUrl\":\"https:\\\/\\\/telemme.mmsh.fr\\\/wp-content\\\/uploads\\\/2025\\\/01\\\/153107_couverture_Hres_0.jpg\",\"datePublished\":\"2024-03-13T17:03:01+00:00\",\"dateModified\":\"2025-01-28T17:10:05+00:00\",\"breadcrumb\":{\"@id\":\"https:\\\/\\\/telemme.mmsh.fr\\\/?p=15204#breadcrumb\"},\"inLanguage\":\"fr-FR\",\"potentialAction\":[{\"@type\":\"ReadAction\",\"target\":[\"https:\\\/\\\/telemme.mmsh.fr\\\/?p=15204\"]}]},{\"@type\":\"ImageObject\",\"inLanguage\":\"fr-FR\",\"@id\":\"https:\\\/\\\/telemme.mmsh.fr\\\/?p=15204#primaryimage\",\"url\":\"https:\\\/\\\/telemme.mmsh.fr\\\/wp-content\\\/uploads\\\/2025\\\/01\\\/153107_couverture_Hres_0.jpg\",\"contentUrl\":\"https:\\\/\\\/telemme.mmsh.fr\\\/wp-content\\\/uploads\\\/2025\\\/01\\\/153107_couverture_Hres_0.jpg\",\"width\":498,\"height\":600,\"caption\":\"Couverture de Olympisme, une histoire du monde\"},{\"@type\":\"BreadcrumbList\",\"@id\":\"https:\\\/\\\/telemme.mmsh.fr\\\/?p=15204#breadcrumb\",\"itemListElement\":[{\"@type\":\"ListItem\",\"position\":1,\"name\":\"Accueil\",\"item\":\"https:\\\/\\\/telemme.mmsh.fr\\\/\"},{\"@type\":\"ListItem\",\"position\":2,\"name\":\"Publications\",\"item\":\"https:\\\/\\\/telemme.mmsh.fr\\\/?cat=1738\"},{\"@type\":\"ListItem\",\"position\":3,\"name\":\"Directions d'ouvrage\",\"item\":\"https:\\\/\\\/telemme.mmsh.fr\\\/?cat=1742\"},{\"@type\":\"ListItem\",\"position\":4,\"name\":\"Olympisme, une histoire du monde\"}]},{\"@type\":\"WebSite\",\"@id\":\"https:\\\/\\\/telemme.mmsh.fr\\\/#website\",\"url\":\"https:\\\/\\\/telemme.mmsh.fr\\\/\",\"name\":\"TELEMMe - Temps, espaces, langages, Europe m\u00e9ridionale, M\u00e9diterran\u00e9e\",\"description\":\"\",\"publisher\":{\"@id\":\"https:\\\/\\\/telemme.mmsh.fr\\\/#organization\"},\"potentialAction\":[{\"@type\":\"SearchAction\",\"target\":{\"@type\":\"EntryPoint\",\"urlTemplate\":\"https:\\\/\\\/telemme.mmsh.fr\\\/?s={search_term_string}\"},\"query-input\":{\"@type\":\"PropertyValueSpecification\",\"valueRequired\":true,\"valueName\":\"search_term_string\"}}],\"inLanguage\":\"fr-FR\"},{\"@type\":\"Organization\",\"@id\":\"https:\\\/\\\/telemme.mmsh.fr\\\/#organization\",\"name\":\"TELEMMe\",\"url\":\"https:\\\/\\\/telemme.mmsh.fr\\\/\",\"logo\":{\"@type\":\"ImageObject\",\"inLanguage\":\"fr-FR\",\"@id\":\"https:\\\/\\\/telemme.mmsh.fr\\\/#\\\/schema\\\/logo\\\/image\\\/\",\"url\":\"https:\\\/\\\/telemme.mmsh.fr\\\/wp-content\\\/uploads\\\/2020\\\/03\\\/LogoTELEMMe-horizontal-fond-transparent.png\",\"contentUrl\":\"https:\\\/\\\/telemme.mmsh.fr\\\/wp-content\\\/uploads\\\/2020\\\/03\\\/LogoTELEMMe-horizontal-fond-transparent.png\",\"width\":1500,\"height\":437,\"caption\":\"TELEMMe\"},\"image\":{\"@id\":\"https:\\\/\\\/telemme.mmsh.fr\\\/#\\\/schema\\\/logo\\\/image\\\/\"}},{\"@type\":\"Person\",\"@id\":\"https:\\\/\\\/telemme.mmsh.fr\\\/#\\\/schema\\\/person\\\/86a185da4836381586528ced48e263f5\",\"name\":\"Delphine Cavallo\",\"url\":\"https:\\\/\\\/telemme.mmsh.fr\\\/?author=6\"}]}<\/script>\n<!-- \/ Yoast SEO plugin. -->","yoast_head_json":{"title":"Olympisme, une histoire du monde - TELEMMe - Temps, espaces, langages, Europe m\u00e9ridionale, M\u00e9diterran\u00e9e","robots":{"index":"index","follow":"follow","max-snippet":"max-snippet:-1","max-image-preview":"max-image-preview:large","max-video-preview":"max-video-preview:-1"},"canonical":"https:\/\/telemme.mmsh.fr\/?p=15204","og_locale":"fr_FR","og_type":"article","og_title":"Olympisme, une histoire du monde - TELEMMe - Temps, espaces, langages, Europe m\u00e9ridionale, M\u00e9diterran\u00e9e","og_description":"Olympisme, une histoire du monde. Des premiers Jeux Olympiques d&rsquo;Ath\u00e8nes 1896 aux Jeux Olympiques et Paralympiques de Paris 2024, Pascal Blanchard, Nicolas Bancel, Claude Boli, Daphn\u00e9 Bolz, Pascal Charitas, Sylv\u00e8re-Henry&hellip;&nbsp;Lire la suite &raquo;Olympisme, une histoire du monde","og_url":"https:\/\/telemme.mmsh.fr\/?p=15204","og_site_name":"TELEMMe - Temps, espaces, langages, Europe m\u00e9ridionale, M\u00e9diterran\u00e9e","article_published_time":"2024-03-13T17:03:01+00:00","article_modified_time":"2025-01-28T17:10:05+00:00","og_image":[{"width":498,"height":600,"url":"https:\/\/telemme.mmsh.fr\/wp-content\/uploads\/2025\/01\/153107_couverture_Hres_0.jpg","type":"image\/jpeg"}],"author":"Delphine Cavallo","twitter_card":"summary_large_image","twitter_misc":{"\u00c9crit par":"Delphine Cavallo","Dur\u00e9e de lecture estim\u00e9e":"1 minute"},"schema":{"@context":"https:\/\/schema.org","@graph":[{"@type":"Article","@id":"https:\/\/telemme.mmsh.fr\/?p=15204#article","isPartOf":{"@id":"https:\/\/telemme.mmsh.fr\/?p=15204"},"author":{"name":"Delphine Cavallo","@id":"https:\/\/telemme.mmsh.fr\/#\/schema\/person\/86a185da4836381586528ced48e263f5"},"headline":"Olympisme, une histoire du monde","datePublished":"2024-03-13T17:03:01+00:00","dateModified":"2025-01-28T17:10:05+00:00","mainEntityOfPage":{"@id":"https:\/\/telemme.mmsh.fr\/?p=15204"},"wordCount":253,"publisher":{"@id":"https:\/\/telemme.mmsh.fr\/#organization"},"image":{"@id":"https:\/\/telemme.mmsh.fr\/?p=15204#primaryimage"},"thumbnailUrl":"https:\/\/telemme.mmsh.fr\/wp-content\/uploads\/2025\/01\/153107_couverture_Hres_0.jpg","articleSection":["Directions d'ouvrage"],"inLanguage":"fr-FR"},{"@type":"WebPage","@id":"https:\/\/telemme.mmsh.fr\/?p=15204","url":"https:\/\/telemme.mmsh.fr\/?p=15204","name":"Olympisme, une histoire du monde - TELEMMe - Temps, espaces, langages, Europe m\u00e9ridionale, M\u00e9diterran\u00e9e","isPartOf":{"@id":"https:\/\/telemme.mmsh.fr\/#website"},"primaryImageOfPage":{"@id":"https:\/\/telemme.mmsh.fr\/?p=15204#primaryimage"},"image":{"@id":"https:\/\/telemme.mmsh.fr\/?p=15204#primaryimage"},"thumbnailUrl":"https:\/\/telemme.mmsh.fr\/wp-content\/uploads\/2025\/01\/153107_couverture_Hres_0.jpg","datePublished":"2024-03-13T17:03:01+00:00","dateModified":"2025-01-28T17:10:05+00:00","breadcrumb":{"@id":"https:\/\/telemme.mmsh.fr\/?p=15204#breadcrumb"},"inLanguage":"fr-FR","potentialAction":[{"@type":"ReadAction","target":["https:\/\/telemme.mmsh.fr\/?p=15204"]}]},{"@type":"ImageObject","inLanguage":"fr-FR","@id":"https:\/\/telemme.mmsh.fr\/?p=15204#primaryimage","url":"https:\/\/telemme.mmsh.fr\/wp-content\/uploads\/2025\/01\/153107_couverture_Hres_0.jpg","contentUrl":"https:\/\/telemme.mmsh.fr\/wp-content\/uploads\/2025\/01\/153107_couverture_Hres_0.jpg","width":498,"height":600,"caption":"Couverture de Olympisme, une histoire du monde"},{"@type":"BreadcrumbList","@id":"https:\/\/telemme.mmsh.fr\/?p=15204#breadcrumb","itemListElement":[{"@type":"ListItem","position":1,"name":"Accueil","item":"https:\/\/telemme.mmsh.fr\/"},{"@type":"ListItem","position":2,"name":"Publications","item":"https:\/\/telemme.mmsh.fr\/?cat=1738"},{"@type":"ListItem","position":3,"name":"Directions d'ouvrage","item":"https:\/\/telemme.mmsh.fr\/?cat=1742"},{"@type":"ListItem","position":4,"name":"Olympisme, une histoire du monde"}]},{"@type":"WebSite","@id":"https:\/\/telemme.mmsh.fr\/#website","url":"https:\/\/telemme.mmsh.fr\/","name":"TELEMMe - Temps, espaces, langages, Europe m\u00e9ridionale, M\u00e9diterran\u00e9e","description":"","publisher":{"@id":"https:\/\/telemme.mmsh.fr\/#organization"},"potentialAction":[{"@type":"SearchAction","target":{"@type":"EntryPoint","urlTemplate":"https:\/\/telemme.mmsh.fr\/?s={search_term_string}"},"query-input":{"@type":"PropertyValueSpecification","valueRequired":true,"valueName":"search_term_string"}}],"inLanguage":"fr-FR"},{"@type":"Organization","@id":"https:\/\/telemme.mmsh.fr\/#organization","name":"TELEMMe","url":"https:\/\/telemme.mmsh.fr\/","logo":{"@type":"ImageObject","inLanguage":"fr-FR","@id":"https:\/\/telemme.mmsh.fr\/#\/schema\/logo\/image\/","url":"https:\/\/telemme.mmsh.fr\/wp-content\/uploads\/2020\/03\/LogoTELEMMe-horizontal-fond-transparent.png","contentUrl":"https:\/\/telemme.mmsh.fr\/wp-content\/uploads\/2020\/03\/LogoTELEMMe-horizontal-fond-transparent.png","width":1500,"height":437,"caption":"TELEMMe"},"image":{"@id":"https:\/\/telemme.mmsh.fr\/#\/schema\/logo\/image\/"}},{"@type":"Person","@id":"https:\/\/telemme.mmsh.fr\/#\/schema\/person\/86a185da4836381586528ced48e263f5","name":"Delphine Cavallo","url":"https:\/\/telemme.mmsh.fr\/?author=6"}]}},"_links":{"self":[{"href":"https:\/\/telemme.mmsh.fr\/index.php?rest_route=\/wp\/v2\/posts\/15204","targetHints":{"allow":["GET"]}}],"collection":[{"href":"https:\/\/telemme.mmsh.fr\/index.php?rest_route=\/wp\/v2\/posts"}],"about":[{"href":"https:\/\/telemme.mmsh.fr\/index.php?rest_route=\/wp\/v2\/types\/post"}],"author":[{"embeddable":true,"href":"https:\/\/telemme.mmsh.fr\/index.php?rest_route=\/wp\/v2\/users\/6"}],"replies":[{"embeddable":true,"href":"https:\/\/telemme.mmsh.fr\/index.php?rest_route=%2Fwp%2Fv2%2Fcomments&post=15204"}],"version-history":[{"count":3,"href":"https:\/\/telemme.mmsh.fr\/index.php?rest_route=\/wp\/v2\/posts\/15204\/revisions"}],"predecessor-version":[{"id":15208,"href":"https:\/\/telemme.mmsh.fr\/index.php?rest_route=\/wp\/v2\/posts\/15204\/revisions\/15208"}],"wp:featuredmedia":[{"embeddable":true,"href":"https:\/\/telemme.mmsh.fr\/index.php?rest_route=\/wp\/v2\/media\/15205"}],"wp:attachment":[{"href":"https:\/\/telemme.mmsh.fr\/index.php?rest_route=%2Fwp%2Fv2%2Fmedia&parent=15204"}],"wp:term":[{"taxonomy":"category","embeddable":true,"href":"https:\/\/telemme.mmsh.fr\/index.php?rest_route=%2Fwp%2Fv2%2Fcategories&post=15204"},{"taxonomy":"post_tag","embeddable":true,"href":"https:\/\/telemme.mmsh.fr\/index.php?rest_route=%2Fwp%2Fv2%2Ftags&post=15204"}],"curies":[{"name":"wp","href":"https:\/\/api.w.org\/{rel}","templated":true}]}}