{"id":15200,"date":"2024-04-10T17:29:42","date_gmt":"2024-04-10T15:29:42","guid":{"rendered":"https:\/\/telemme.mmsh.fr\/?p=15200"},"modified":"2025-01-28T17:35:46","modified_gmt":"2025-01-28T16:35:46","slug":"olympisme-une-histoire-du-monde","status":"publish","type":"post","link":"https:\/\/telemme.mmsh.fr\/?p=15200","title":{"rendered":"Olympisme, une histoire du monde"},"content":{"rendered":"\n<p class=\"x_MsoNormal\"><strong>Palais de la Porte Dor\u00e9e (Paris), 26 avril-8 septembre 2024<\/strong><\/p>\n\n\n\n<p class=\"x_MsoNormal\">Une exposition qui retrace 33 olympiades et plus d\u2019un si\u00e8cle d\u2019histoire sociale et politique. La saga olympique est envisag\u00e9e \u00e0 travers les crises, les luttes, les exploits et les combats majeurs qui ont fa\u00e7onn\u00e9 notre monde contemporain. Alors que l\u2019ann\u00e9e 2024 marque l\u2019accueil en France des Jeux Olympiques et Paralympiques de Paris, une premi\u00e8re depuis 100 ans pour les Jeux d\u2019\u00e9t\u00e9, cette exposition in\u00e9dite en France rassemble 130 ans d\u2019images m\u00e9morables, d\u2019archives exceptionnelles et de portraits d\u2019athl\u00e8tes aux \u00e9tonnants destins.<\/p>\n\n\n\n<p>Raconter l\u2019histoire du monde, une autre histoire du monde, \u00e0 travers la saga des Jeux Olympiques d\u2019\u00e9t\u00e9, depuis ceux d\u2019Ath\u00e8nes en 1896 jusqu\u2019aux Jeux Olympiques et Paralympiques de Paris en 2024, telle est l\u2019ambition de cette<a href=\"https:\/\/www.palais-portedoree.fr\/olympisme-une-histoire-du-monde\"> exposition<\/a>. Depuis 130 ans, les Jeux Olympiques agissent comme une caisse de r\u00e9sonance de tous les combats, r\u00eaves et conflits politiques qui fondent les relations entre les nations. Les antagonismes majeurs et les bouleversements g\u00e9opolitiques y trouvent un \u00e9cho particulier, comme les enjeux li\u00e9s aux circulations, aux migrations, aux liens entre les individus et leur pays. Les mouvements sociaux, f\u00e9ministes, antiracistes et anticoloniaux s\u2019y invitent r\u00e9guli\u00e8rement. L\u2019\u00e9mergence des nationalismes au d\u00e9but du XXe si\u00e8cle, puis la Guerre froide, mais \u00e9galement la lutte contre l\u2019apartheid ou plus r\u00e9cemment les crises sanitaires ou climatiques font partie de l\u2019histoire des Jeux Olympiques.<\/p>\n\n\n\n<p>Des collectifs ou des communaut\u00e9s reprennent aussi le mod\u00e8le olympique pour revendiquer leurs droits. Longtemps exclues d\u2019une partie des \u00e9preuves, les femmes s\u2019en saisissent pour affirmer leur statut d\u2019athl\u00e8tes \u00e0 part enti\u00e8re. Parall\u00e8lement, le mouvement paralympique, d\u2019abord pens\u00e9 pour r\u00e9parer les corps, rend visibles aujourd\u2019hui des sportifs de haut niveau.&nbsp;<\/p>\n\n\n\n<p>L\u2019olympisme est aussi affaire d\u2019individus. Chaque athl\u00e8te porte, parfois malgr\u00e9 lui, les espoirs d\u2019une jeune nation ou les symboles d\u2019une dictature, les luttes des peuples discrimin\u00e9s et des minorit\u00e9s. Chaque ville qui accueille les Jeux Olympiques, \u00e9v\u00e9nement sportif le plus m\u00e9diatis\u00e9, devient provisoirement l\u2019\u00e9picentre du monde. Leur organisation s\u2019accompagne d\u00e9sormais d\u2019intenses d\u00e9bats soci\u00e9taux, \u00e9thiques, politiques, \u00e9conomiques et environnementaux. En suivant la chronologie des Olympiades modernes de 1896 \u00e0 2024, leur g\u00e9ographie qui sillonne dens\u00e9ment l\u2019Europe, l\u2019Am\u00e9rique du Nord et l\u2019Asie de l\u2019Est, effleure l\u2019Am\u00e9rique du Sud et l\u2019Oc\u00e9anie, et contourne encore l\u2019Afrique. C\u2019est \u00e0 une lecture de l\u2019histoire au pr\u00e9sent qu\u2019invitent les riches \u0153uvres, objets et documents rassembl\u00e9s pour la premi\u00e8re fois en France, au Palais de la Porte Dor\u00e9e. Le public est ici invit\u00e9 \u00e0 regarder autrement cette histoire mondiale, alors que la France re\u00e7oit en 2024, pour la troisi\u00e8me fois, les Jeux Olympiques et les Jeux Paralympiques d\u2019\u00e9t\u00e9.&nbsp;<\/p>\n\n\n\n<h2 class=\"wp-block-heading\">Commissariat de l&rsquo;exposition<\/h2>\n\n\n\n<ul class=\"wp-block-list\">\n<li><strong>Nicolas Bancel,\u00a0<\/strong>historien<\/li>\n\n\n\n<li><strong>Pascal Blanchard, <\/strong>historien<\/li>\n\n\n\n<li><strong><a href=\"https:\/\/telemme.mmsh.fr\/?membres=yvan-gastaut\">Yvan Gastaut<\/a>,<\/strong>, historien<\/li>\n\n\n\n<li><strong>S\u00e9bastien G\u00f6kalp,\u00a0<\/strong>conservateur en chef du patrimoine<\/li>\n\n\n\n<li><strong>\u00c9lisabeth Jolys-Shimells,\u00a0<\/strong>conservatrice en chef du patrimoine, cheffe du service des collections du Mus\u00e9e national de l\u2019histoire de l\u2019immigration.<\/li>\n\n\n\n<li><strong>Sandrine Lemaire,\u00a0<\/strong>historienne<\/li>\n\n\n\n<li><strong><a href=\"https:\/\/telemme.mmsh.fr\/?membres=stephane-mourlane\">St\u00e9phane Mourlane<\/a>,\u00a0<\/strong>historien<\/li>\n<\/ul>\n","protected":false},"excerpt":{"rendered":"<p>Palais de la Porte Dor\u00e9e (Paris), 26 avril-8 septembre 2024 Une exposition qui retrace 33 olympiades et plus d\u2019un si\u00e8cle d\u2019histoire sociale et politique. La saga olympique est envisag\u00e9e \u00e0&hellip;&nbsp;<a href=\"https:\/\/telemme.mmsh.fr\/?p=15200\" rel=\"bookmark\">Lire la suite &raquo;<span class=\"screen-reader-text\">Olympisme, une histoire du monde<\/span><\/a><\/p>\n","protected":false},"author":6,"featured_media":15201,"comment_status":"closed","ping_status":"closed","sticky":false,"template":"","format":"standard","meta":{"neve_meta_sidebar":"","neve_meta_container":"","neve_meta_enable_content_width":"off","neve_meta_content_width":70,"neve_meta_title_alignment":"","neve_meta_author_avatar":"","neve_post_elements_order":"","neve_meta_disable_header":"","neve_meta_disable_footer":"","neve_meta_disable_title":"","_tribe_events_control_status":"","_tribe_events_control_status_canceled_reason":"","_tribe_events_control_status_postponed_reason":"","_tribe_events_control_online":"","_tribe_events_control_online_url":"","footnotes":""},"categories":[1730],"tags":[2586],"class_list":["post-15200","post","type-post","status-publish","format-standard","has-post-thumbnail","hentry","category-expositions","tag-sports"],"yoast_head":"<!-- This site is optimized with the Yoast SEO plugin v27.4 - https:\/\/yoast.com\/product\/yoast-seo-wordpress\/ -->\n<title>Olympisme, une histoire du monde - TELEMMe - Temps, espaces, langages, Europe m\u00e9ridionale, M\u00e9diterran\u00e9e<\/title>\n<meta name=\"robots\" content=\"index, follow, max-snippet:-1, max-image-preview:large, max-video-preview:-1\" \/>\n<link rel=\"canonical\" href=\"https:\/\/telemme.mmsh.fr\/?p=15200\" \/>\n<meta property=\"og:locale\" content=\"fr_FR\" \/>\n<meta property=\"og:type\" content=\"article\" \/>\n<meta property=\"og:title\" content=\"Olympisme, une histoire du monde - TELEMMe - Temps, espaces, langages, Europe m\u00e9ridionale, M\u00e9diterran\u00e9e\" \/>\n<meta property=\"og:description\" content=\"Palais de la Porte Dor\u00e9e (Paris), 26 avril-8 septembre 2024 Une exposition qui retrace 33 olympiades et plus d\u2019un si\u00e8cle d\u2019histoire sociale et politique. La saga olympique est envisag\u00e9e \u00e0&hellip;&nbsp;Lire la suite &raquo;Olympisme, une histoire du monde\" \/>\n<meta property=\"og:url\" content=\"https:\/\/telemme.mmsh.fr\/?p=15200\" \/>\n<meta property=\"og:site_name\" content=\"TELEMMe - Temps, espaces, langages, Europe m\u00e9ridionale, M\u00e9diterran\u00e9e\" \/>\n<meta property=\"article:published_time\" content=\"2024-04-10T15:29:42+00:00\" \/>\n<meta property=\"article:modified_time\" content=\"2025-01-28T16:35:46+00:00\" \/>\n<meta property=\"og:image\" content=\"https:\/\/telemme.mmsh.fr\/wp-content\/uploads\/2025\/01\/affiche_exposition_olympisme_4x3.jpg\" \/>\n\t<meta property=\"og:image:width\" content=\"430\" \/>\n\t<meta property=\"og:image:height\" content=\"390\" \/>\n\t<meta property=\"og:image:type\" content=\"image\/jpeg\" \/>\n<meta name=\"author\" content=\"Delphine Cavallo\" \/>\n<meta name=\"twitter:card\" content=\"summary_large_image\" \/>\n<meta name=\"twitter:label1\" content=\"\u00c9crit par\" \/>\n\t<meta name=\"twitter:data1\" content=\"Delphine Cavallo\" \/>\n\t<meta name=\"twitter:label2\" content=\"Dur\u00e9e de lecture estim\u00e9e\" \/>\n\t<meta name=\"twitter:data2\" content=\"3 minutes\" \/>\n<script type=\"application\/ld+json\" class=\"yoast-schema-graph\">{\"@context\":\"https:\\\/\\\/schema.org\",\"@graph\":[{\"@type\":\"Article\",\"@id\":\"https:\\\/\\\/telemme.mmsh.fr\\\/?p=15200#article\",\"isPartOf\":{\"@id\":\"https:\\\/\\\/telemme.mmsh.fr\\\/?p=15200\"},\"author\":{\"name\":\"Delphine Cavallo\",\"@id\":\"https:\\\/\\\/telemme.mmsh.fr\\\/#\\\/schema\\\/person\\\/86a185da4836381586528ced48e263f5\"},\"headline\":\"Olympisme, une histoire du monde\",\"datePublished\":\"2024-04-10T15:29:42+00:00\",\"dateModified\":\"2025-01-28T16:35:46+00:00\",\"mainEntityOfPage\":{\"@id\":\"https:\\\/\\\/telemme.mmsh.fr\\\/?p=15200\"},\"wordCount\":550,\"publisher\":{\"@id\":\"https:\\\/\\\/telemme.mmsh.fr\\\/#organization\"},\"image\":{\"@id\":\"https:\\\/\\\/telemme.mmsh.fr\\\/?p=15200#primaryimage\"},\"thumbnailUrl\":\"https:\\\/\\\/telemme.mmsh.fr\\\/wp-content\\\/uploads\\\/2025\\\/01\\\/affiche_exposition_olympisme_4x3.jpg\",\"keywords\":[\"sports\"],\"articleSection\":[\"Expositions\"],\"inLanguage\":\"fr-FR\"},{\"@type\":\"WebPage\",\"@id\":\"https:\\\/\\\/telemme.mmsh.fr\\\/?p=15200\",\"url\":\"https:\\\/\\\/telemme.mmsh.fr\\\/?p=15200\",\"name\":\"Olympisme, une histoire du monde - TELEMMe - Temps, espaces, langages, Europe m\u00e9ridionale, M\u00e9diterran\u00e9e\",\"isPartOf\":{\"@id\":\"https:\\\/\\\/telemme.mmsh.fr\\\/#website\"},\"primaryImageOfPage\":{\"@id\":\"https:\\\/\\\/telemme.mmsh.fr\\\/?p=15200#primaryimage\"},\"image\":{\"@id\":\"https:\\\/\\\/telemme.mmsh.fr\\\/?p=15200#primaryimage\"},\"thumbnailUrl\":\"https:\\\/\\\/telemme.mmsh.fr\\\/wp-content\\\/uploads\\\/2025\\\/01\\\/affiche_exposition_olympisme_4x3.jpg\",\"datePublished\":\"2024-04-10T15:29:42+00:00\",\"dateModified\":\"2025-01-28T16:35:46+00:00\",\"breadcrumb\":{\"@id\":\"https:\\\/\\\/telemme.mmsh.fr\\\/?p=15200#breadcrumb\"},\"inLanguage\":\"fr-FR\",\"potentialAction\":[{\"@type\":\"ReadAction\",\"target\":[\"https:\\\/\\\/telemme.mmsh.fr\\\/?p=15200\"]}]},{\"@type\":\"ImageObject\",\"inLanguage\":\"fr-FR\",\"@id\":\"https:\\\/\\\/telemme.mmsh.fr\\\/?p=15200#primaryimage\",\"url\":\"https:\\\/\\\/telemme.mmsh.fr\\\/wp-content\\\/uploads\\\/2025\\\/01\\\/affiche_exposition_olympisme_4x3.jpg\",\"contentUrl\":\"https:\\\/\\\/telemme.mmsh.fr\\\/wp-content\\\/uploads\\\/2025\\\/01\\\/affiche_exposition_olympisme_4x3.jpg\",\"width\":430,\"height\":390,\"caption\":\"Affiche de Olympisme, une histoire du monde\"},{\"@type\":\"BreadcrumbList\",\"@id\":\"https:\\\/\\\/telemme.mmsh.fr\\\/?p=15200#breadcrumb\",\"itemListElement\":[{\"@type\":\"ListItem\",\"position\":1,\"name\":\"Accueil\",\"item\":\"https:\\\/\\\/telemme.mmsh.fr\\\/\"},{\"@type\":\"ListItem\",\"position\":2,\"name\":\"M\u00e9diation et diffusion\",\"item\":\"https:\\\/\\\/telemme.mmsh.fr\\\/?cat=1736\"},{\"@type\":\"ListItem\",\"position\":3,\"name\":\"Expositions\",\"item\":\"https:\\\/\\\/telemme.mmsh.fr\\\/?cat=1730\"},{\"@type\":\"ListItem\",\"position\":4,\"name\":\"Olympisme, une histoire du monde\"}]},{\"@type\":\"WebSite\",\"@id\":\"https:\\\/\\\/telemme.mmsh.fr\\\/#website\",\"url\":\"https:\\\/\\\/telemme.mmsh.fr\\\/\",\"name\":\"TELEMMe - Temps, espaces, langages, Europe m\u00e9ridionale, M\u00e9diterran\u00e9e\",\"description\":\"\",\"publisher\":{\"@id\":\"https:\\\/\\\/telemme.mmsh.fr\\\/#organization\"},\"potentialAction\":[{\"@type\":\"SearchAction\",\"target\":{\"@type\":\"EntryPoint\",\"urlTemplate\":\"https:\\\/\\\/telemme.mmsh.fr\\\/?s={search_term_string}\"},\"query-input\":{\"@type\":\"PropertyValueSpecification\",\"valueRequired\":true,\"valueName\":\"search_term_string\"}}],\"inLanguage\":\"fr-FR\"},{\"@type\":\"Organization\",\"@id\":\"https:\\\/\\\/telemme.mmsh.fr\\\/#organization\",\"name\":\"TELEMMe\",\"url\":\"https:\\\/\\\/telemme.mmsh.fr\\\/\",\"logo\":{\"@type\":\"ImageObject\",\"inLanguage\":\"fr-FR\",\"@id\":\"https:\\\/\\\/telemme.mmsh.fr\\\/#\\\/schema\\\/logo\\\/image\\\/\",\"url\":\"https:\\\/\\\/telemme.mmsh.fr\\\/wp-content\\\/uploads\\\/2020\\\/03\\\/LogoTELEMMe-horizontal-fond-transparent.png\",\"contentUrl\":\"https:\\\/\\\/telemme.mmsh.fr\\\/wp-content\\\/uploads\\\/2020\\\/03\\\/LogoTELEMMe-horizontal-fond-transparent.png\",\"width\":1500,\"height\":437,\"caption\":\"TELEMMe\"},\"image\":{\"@id\":\"https:\\\/\\\/telemme.mmsh.fr\\\/#\\\/schema\\\/logo\\\/image\\\/\"}},{\"@type\":\"Person\",\"@id\":\"https:\\\/\\\/telemme.mmsh.fr\\\/#\\\/schema\\\/person\\\/86a185da4836381586528ced48e263f5\",\"name\":\"Delphine Cavallo\",\"url\":\"https:\\\/\\\/telemme.mmsh.fr\\\/?author=6\"}]}<\/script>\n<!-- \/ Yoast SEO plugin. -->","yoast_head_json":{"title":"Olympisme, une histoire du monde - TELEMMe - Temps, espaces, langages, Europe m\u00e9ridionale, M\u00e9diterran\u00e9e","robots":{"index":"index","follow":"follow","max-snippet":"max-snippet:-1","max-image-preview":"max-image-preview:large","max-video-preview":"max-video-preview:-1"},"canonical":"https:\/\/telemme.mmsh.fr\/?p=15200","og_locale":"fr_FR","og_type":"article","og_title":"Olympisme, une histoire du monde - TELEMMe - Temps, espaces, langages, Europe m\u00e9ridionale, M\u00e9diterran\u00e9e","og_description":"Palais de la Porte Dor\u00e9e (Paris), 26 avril-8 septembre 2024 Une exposition qui retrace 33 olympiades et plus d\u2019un si\u00e8cle d\u2019histoire sociale et politique. La saga olympique est envisag\u00e9e \u00e0&hellip;&nbsp;Lire la suite &raquo;Olympisme, une histoire du monde","og_url":"https:\/\/telemme.mmsh.fr\/?p=15200","og_site_name":"TELEMMe - Temps, espaces, langages, Europe m\u00e9ridionale, M\u00e9diterran\u00e9e","article_published_time":"2024-04-10T15:29:42+00:00","article_modified_time":"2025-01-28T16:35:46+00:00","og_image":[{"width":430,"height":390,"url":"https:\/\/telemme.mmsh.fr\/wp-content\/uploads\/2025\/01\/affiche_exposition_olympisme_4x3.jpg","type":"image\/jpeg"}],"author":"Delphine Cavallo","twitter_card":"summary_large_image","twitter_misc":{"\u00c9crit par":"Delphine Cavallo","Dur\u00e9e de lecture estim\u00e9e":"3 minutes"},"schema":{"@context":"https:\/\/schema.org","@graph":[{"@type":"Article","@id":"https:\/\/telemme.mmsh.fr\/?p=15200#article","isPartOf":{"@id":"https:\/\/telemme.mmsh.fr\/?p=15200"},"author":{"name":"Delphine Cavallo","@id":"https:\/\/telemme.mmsh.fr\/#\/schema\/person\/86a185da4836381586528ced48e263f5"},"headline":"Olympisme, une histoire du monde","datePublished":"2024-04-10T15:29:42+00:00","dateModified":"2025-01-28T16:35:46+00:00","mainEntityOfPage":{"@id":"https:\/\/telemme.mmsh.fr\/?p=15200"},"wordCount":550,"publisher":{"@id":"https:\/\/telemme.mmsh.fr\/#organization"},"image":{"@id":"https:\/\/telemme.mmsh.fr\/?p=15200#primaryimage"},"thumbnailUrl":"https:\/\/telemme.mmsh.fr\/wp-content\/uploads\/2025\/01\/affiche_exposition_olympisme_4x3.jpg","keywords":["sports"],"articleSection":["Expositions"],"inLanguage":"fr-FR"},{"@type":"WebPage","@id":"https:\/\/telemme.mmsh.fr\/?p=15200","url":"https:\/\/telemme.mmsh.fr\/?p=15200","name":"Olympisme, une histoire du monde - TELEMMe - Temps, espaces, langages, Europe m\u00e9ridionale, M\u00e9diterran\u00e9e","isPartOf":{"@id":"https:\/\/telemme.mmsh.fr\/#website"},"primaryImageOfPage":{"@id":"https:\/\/telemme.mmsh.fr\/?p=15200#primaryimage"},"image":{"@id":"https:\/\/telemme.mmsh.fr\/?p=15200#primaryimage"},"thumbnailUrl":"https:\/\/telemme.mmsh.fr\/wp-content\/uploads\/2025\/01\/affiche_exposition_olympisme_4x3.jpg","datePublished":"2024-04-10T15:29:42+00:00","dateModified":"2025-01-28T16:35:46+00:00","breadcrumb":{"@id":"https:\/\/telemme.mmsh.fr\/?p=15200#breadcrumb"},"inLanguage":"fr-FR","potentialAction":[{"@type":"ReadAction","target":["https:\/\/telemme.mmsh.fr\/?p=15200"]}]},{"@type":"ImageObject","inLanguage":"fr-FR","@id":"https:\/\/telemme.mmsh.fr\/?p=15200#primaryimage","url":"https:\/\/telemme.mmsh.fr\/wp-content\/uploads\/2025\/01\/affiche_exposition_olympisme_4x3.jpg","contentUrl":"https:\/\/telemme.mmsh.fr\/wp-content\/uploads\/2025\/01\/affiche_exposition_olympisme_4x3.jpg","width":430,"height":390,"caption":"Affiche de Olympisme, une histoire du monde"},{"@type":"BreadcrumbList","@id":"https:\/\/telemme.mmsh.fr\/?p=15200#breadcrumb","itemListElement":[{"@type":"ListItem","position":1,"name":"Accueil","item":"https:\/\/telemme.mmsh.fr\/"},{"@type":"ListItem","position":2,"name":"M\u00e9diation et diffusion","item":"https:\/\/telemme.mmsh.fr\/?cat=1736"},{"@type":"ListItem","position":3,"name":"Expositions","item":"https:\/\/telemme.mmsh.fr\/?cat=1730"},{"@type":"ListItem","position":4,"name":"Olympisme, une histoire du monde"}]},{"@type":"WebSite","@id":"https:\/\/telemme.mmsh.fr\/#website","url":"https:\/\/telemme.mmsh.fr\/","name":"TELEMMe - Temps, espaces, langages, Europe m\u00e9ridionale, M\u00e9diterran\u00e9e","description":"","publisher":{"@id":"https:\/\/telemme.mmsh.fr\/#organization"},"potentialAction":[{"@type":"SearchAction","target":{"@type":"EntryPoint","urlTemplate":"https:\/\/telemme.mmsh.fr\/?s={search_term_string}"},"query-input":{"@type":"PropertyValueSpecification","valueRequired":true,"valueName":"search_term_string"}}],"inLanguage":"fr-FR"},{"@type":"Organization","@id":"https:\/\/telemme.mmsh.fr\/#organization","name":"TELEMMe","url":"https:\/\/telemme.mmsh.fr\/","logo":{"@type":"ImageObject","inLanguage":"fr-FR","@id":"https:\/\/telemme.mmsh.fr\/#\/schema\/logo\/image\/","url":"https:\/\/telemme.mmsh.fr\/wp-content\/uploads\/2020\/03\/LogoTELEMMe-horizontal-fond-transparent.png","contentUrl":"https:\/\/telemme.mmsh.fr\/wp-content\/uploads\/2020\/03\/LogoTELEMMe-horizontal-fond-transparent.png","width":1500,"height":437,"caption":"TELEMMe"},"image":{"@id":"https:\/\/telemme.mmsh.fr\/#\/schema\/logo\/image\/"}},{"@type":"Person","@id":"https:\/\/telemme.mmsh.fr\/#\/schema\/person\/86a185da4836381586528ced48e263f5","name":"Delphine Cavallo","url":"https:\/\/telemme.mmsh.fr\/?author=6"}]}},"_links":{"self":[{"href":"https:\/\/telemme.mmsh.fr\/index.php?rest_route=\/wp\/v2\/posts\/15200","targetHints":{"allow":["GET"]}}],"collection":[{"href":"https:\/\/telemme.mmsh.fr\/index.php?rest_route=\/wp\/v2\/posts"}],"about":[{"href":"https:\/\/telemme.mmsh.fr\/index.php?rest_route=\/wp\/v2\/types\/post"}],"author":[{"embeddable":true,"href":"https:\/\/telemme.mmsh.fr\/index.php?rest_route=\/wp\/v2\/users\/6"}],"replies":[{"embeddable":true,"href":"https:\/\/telemme.mmsh.fr\/index.php?rest_route=%2Fwp%2Fv2%2Fcomments&post=15200"}],"version-history":[{"count":2,"href":"https:\/\/telemme.mmsh.fr\/index.php?rest_route=\/wp\/v2\/posts\/15200\/revisions"}],"predecessor-version":[{"id":15203,"href":"https:\/\/telemme.mmsh.fr\/index.php?rest_route=\/wp\/v2\/posts\/15200\/revisions\/15203"}],"wp:featuredmedia":[{"embeddable":true,"href":"https:\/\/telemme.mmsh.fr\/index.php?rest_route=\/wp\/v2\/media\/15201"}],"wp:attachment":[{"href":"https:\/\/telemme.mmsh.fr\/index.php?rest_route=%2Fwp%2Fv2%2Fmedia&parent=15200"}],"wp:term":[{"taxonomy":"category","embeddable":true,"href":"https:\/\/telemme.mmsh.fr\/index.php?rest_route=%2Fwp%2Fv2%2Fcategories&post=15200"},{"taxonomy":"post_tag","embeddable":true,"href":"https:\/\/telemme.mmsh.fr\/index.php?rest_route=%2Fwp%2Fv2%2Ftags&post=15200"}],"curies":[{"name":"wp","href":"https:\/\/api.w.org\/{rel}","templated":true}]}}