{"id":15181,"date":"2024-01-24T10:56:00","date_gmt":"2024-01-24T09:56:00","guid":{"rendered":"https:\/\/telemme.mmsh.fr\/?p=15181"},"modified":"2025-01-24T11:00:01","modified_gmt":"2025-01-24T10:00:01","slug":"memorias-e-identidades-de-los-pieds-noirs-de-la-provincia-de-alicante","status":"publish","type":"post","link":"https:\/\/telemme.mmsh.fr\/?p=15181","title":{"rendered":"Memorias e identidades de los pieds-noirs de la provincia de Alicante"},"content":{"rendered":"\n<blockquote class=\"wp-block-quote is-layout-flow wp-block-quote-is-layout-flow\">\n<p><strong><em><a href=\"https:\/\/www.casadellibro.com\/libro-memorias-e-identidades-de-los-pieds-noirs-de-la-provincia-de-alicante\/9788411460194\/15824147?srsltid=AfmBOoqWIcYSLY8E_qeAhEQqvmDjaZxCApB5_TU4QPCSrZyMhzdT_j_p\">Memorias e identidades de los pieds-noirs de la provincia de Alicante<\/a><\/em><\/strong>, <a href=\"https:\/\/telemme.mmsh.fr\/?membres=mariana-dominguez-villaverde\">Mariana Dominguez Villaverde<\/a>, Instituto alicantino de cultura Juan Gil-Albert. 2023, 307 pages<\/p>\n<\/blockquote>\n\n\n\n<p>Este estudio es el resultado de un trabajo de investigaci\u00f3n realizado en el Marco de la tesis de doctorado del autora, titulada ser y estar. Los pieds-noirs de Alicante y de su regi\u00f3n, de una orilla a la otra del Mediterr\u00e1neo (1962-a\u00f1os 2000), defendida en 2019. El libro se centra en uno de los ejes tem\u00e1ticos tratados en la tesis: la memoria y la identidad de la comunidad Pied-Noir alicantina, es decir, los europeos de Argelia, que tuvieron que abandonar la colonia francesa en 1962, como consecuencia de la guerra de independencia Argelia y decidieron instalarse en la provincia de Alicante. Desde una perspectiva de historia, de las migraciones y de historia cultural, se privilegian dos cuestiones: las representaciones que la comunidad pied-Noir c\u00f3mo alicantina construye de s\u00ed misma y de su entorno, tanto a nivel individual como colectivo; y su relaci\u00f3n con el \u201cotro\u201c alicantino.<\/p>\n\n\n\n<p><\/p>\n","protected":false},"excerpt":{"rendered":"<p>Memorias e identidades de los pieds-noirs de la provincia de Alicante, Mariana Dominguez Villaverde, Instituto alicantino de cultura Juan Gil-Albert. 2023, 307 pages Este estudio es el resultado de un&hellip;&nbsp;<a href=\"https:\/\/telemme.mmsh.fr\/?p=15181\" rel=\"bookmark\">Lire la suite &raquo;<span class=\"screen-reader-text\">Memorias e identidades de los pieds-noirs de la provincia de Alicante<\/span><\/a><\/p>\n","protected":false},"author":6,"featured_media":15182,"comment_status":"closed","ping_status":"closed","sticky":false,"template":"","format":"standard","meta":{"neve_meta_sidebar":"","neve_meta_container":"","neve_meta_enable_content_width":"off","neve_meta_content_width":70,"neve_meta_title_alignment":"","neve_meta_author_avatar":"","neve_post_elements_order":"","neve_meta_disable_header":"","neve_meta_disable_footer":"","neve_meta_disable_title":"","_tribe_events_control_status":"","_tribe_events_control_status_canceled_reason":"","_tribe_events_control_status_postponed_reason":"","_tribe_events_control_online":"","_tribe_events_control_online_url":"","footnotes":""},"categories":[1740],"tags":[],"class_list":["post-15181","post","type-post","status-publish","format-standard","has-post-thumbnail","hentry","category-ouvrages"],"yoast_head":"<!-- This site is optimized with the Yoast SEO plugin v27.4 - https:\/\/yoast.com\/product\/yoast-seo-wordpress\/ -->\n<title>Memorias e identidades de los pieds-noirs de la provincia de Alicante - TELEMMe - Temps, espaces, langages, Europe m\u00e9ridionale, M\u00e9diterran\u00e9e<\/title>\n<meta name=\"robots\" content=\"index, follow, max-snippet:-1, max-image-preview:large, max-video-preview:-1\" \/>\n<link rel=\"canonical\" href=\"https:\/\/telemme.mmsh.fr\/?p=15181\" \/>\n<meta property=\"og:locale\" content=\"fr_FR\" \/>\n<meta property=\"og:type\" content=\"article\" \/>\n<meta property=\"og:title\" content=\"Memorias e identidades de los pieds-noirs de la provincia de Alicante - TELEMMe - Temps, espaces, langages, Europe m\u00e9ridionale, M\u00e9diterran\u00e9e\" \/>\n<meta property=\"og:description\" content=\"Memorias e identidades de los pieds-noirs de la provincia de Alicante, Mariana Dominguez Villaverde, Instituto alicantino de cultura Juan Gil-Albert. 2023, 307 pages Este estudio es el resultado de un&hellip;&nbsp;Lire la suite &raquo;Memorias e identidades de los pieds-noirs de la provincia de Alicante\" \/>\n<meta property=\"og:url\" content=\"https:\/\/telemme.mmsh.fr\/?p=15181\" \/>\n<meta property=\"og:site_name\" content=\"TELEMMe - Temps, espaces, langages, Europe m\u00e9ridionale, M\u00e9diterran\u00e9e\" \/>\n<meta property=\"article:published_time\" content=\"2024-01-24T09:56:00+00:00\" \/>\n<meta property=\"article:modified_time\" content=\"2025-01-24T10:00:01+00:00\" \/>\n<meta property=\"og:image\" content=\"https:\/\/telemme.mmsh.fr\/wp-content\/uploads\/2025\/01\/9788411460194.jpg\" \/>\n\t<meta property=\"og:image:width\" content=\"552\" \/>\n\t<meta property=\"og:image:height\" content=\"722\" \/>\n\t<meta property=\"og:image:type\" content=\"image\/jpeg\" \/>\n<meta name=\"author\" content=\"Delphine Cavallo\" \/>\n<meta name=\"twitter:card\" content=\"summary_large_image\" \/>\n<meta name=\"twitter:label1\" content=\"\u00c9crit par\" \/>\n\t<meta name=\"twitter:data1\" content=\"Delphine Cavallo\" \/>\n\t<meta name=\"twitter:label2\" content=\"Dur\u00e9e de lecture estim\u00e9e\" \/>\n\t<meta name=\"twitter:data2\" content=\"1 minute\" \/>\n<script type=\"application\/ld+json\" class=\"yoast-schema-graph\">{\"@context\":\"https:\\\/\\\/schema.org\",\"@graph\":[{\"@type\":\"Article\",\"@id\":\"https:\\\/\\\/telemme.mmsh.fr\\\/?p=15181#article\",\"isPartOf\":{\"@id\":\"https:\\\/\\\/telemme.mmsh.fr\\\/?p=15181\"},\"author\":{\"name\":\"Delphine Cavallo\",\"@id\":\"https:\\\/\\\/telemme.mmsh.fr\\\/#\\\/schema\\\/person\\\/86a185da4836381586528ced48e263f5\"},\"headline\":\"Memorias e identidades de los pieds-noirs de la provincia de Alicante\",\"datePublished\":\"2024-01-24T09:56:00+00:00\",\"dateModified\":\"2025-01-24T10:00:01+00:00\",\"mainEntityOfPage\":{\"@id\":\"https:\\\/\\\/telemme.mmsh.fr\\\/?p=15181\"},\"wordCount\":182,\"publisher\":{\"@id\":\"https:\\\/\\\/telemme.mmsh.fr\\\/#organization\"},\"image\":{\"@id\":\"https:\\\/\\\/telemme.mmsh.fr\\\/?p=15181#primaryimage\"},\"thumbnailUrl\":\"https:\\\/\\\/telemme.mmsh.fr\\\/wp-content\\\/uploads\\\/2025\\\/01\\\/9788411460194.jpg\",\"articleSection\":[\"Ouvrages\"],\"inLanguage\":\"fr-FR\"},{\"@type\":\"WebPage\",\"@id\":\"https:\\\/\\\/telemme.mmsh.fr\\\/?p=15181\",\"url\":\"https:\\\/\\\/telemme.mmsh.fr\\\/?p=15181\",\"name\":\"Memorias e identidades de los pieds-noirs de la provincia de Alicante - TELEMMe - Temps, espaces, langages, Europe m\u00e9ridionale, M\u00e9diterran\u00e9e\",\"isPartOf\":{\"@id\":\"https:\\\/\\\/telemme.mmsh.fr\\\/#website\"},\"primaryImageOfPage\":{\"@id\":\"https:\\\/\\\/telemme.mmsh.fr\\\/?p=15181#primaryimage\"},\"image\":{\"@id\":\"https:\\\/\\\/telemme.mmsh.fr\\\/?p=15181#primaryimage\"},\"thumbnailUrl\":\"https:\\\/\\\/telemme.mmsh.fr\\\/wp-content\\\/uploads\\\/2025\\\/01\\\/9788411460194.jpg\",\"datePublished\":\"2024-01-24T09:56:00+00:00\",\"dateModified\":\"2025-01-24T10:00:01+00:00\",\"breadcrumb\":{\"@id\":\"https:\\\/\\\/telemme.mmsh.fr\\\/?p=15181#breadcrumb\"},\"inLanguage\":\"fr-FR\",\"potentialAction\":[{\"@type\":\"ReadAction\",\"target\":[\"https:\\\/\\\/telemme.mmsh.fr\\\/?p=15181\"]}]},{\"@type\":\"ImageObject\",\"inLanguage\":\"fr-FR\",\"@id\":\"https:\\\/\\\/telemme.mmsh.fr\\\/?p=15181#primaryimage\",\"url\":\"https:\\\/\\\/telemme.mmsh.fr\\\/wp-content\\\/uploads\\\/2025\\\/01\\\/9788411460194.jpg\",\"contentUrl\":\"https:\\\/\\\/telemme.mmsh.fr\\\/wp-content\\\/uploads\\\/2025\\\/01\\\/9788411460194.jpg\",\"width\":552,\"height\":722,\"caption\":\"Couverture de Memorias e identidades de los pieds-noirs de la provincia de Alicante\"},{\"@type\":\"BreadcrumbList\",\"@id\":\"https:\\\/\\\/telemme.mmsh.fr\\\/?p=15181#breadcrumb\",\"itemListElement\":[{\"@type\":\"ListItem\",\"position\":1,\"name\":\"Accueil\",\"item\":\"https:\\\/\\\/telemme.mmsh.fr\\\/\"},{\"@type\":\"ListItem\",\"position\":2,\"name\":\"Publications\",\"item\":\"https:\\\/\\\/telemme.mmsh.fr\\\/?cat=1738\"},{\"@type\":\"ListItem\",\"position\":3,\"name\":\"Ouvrages\",\"item\":\"https:\\\/\\\/telemme.mmsh.fr\\\/?cat=1740\"},{\"@type\":\"ListItem\",\"position\":4,\"name\":\"Memorias e identidades de los pieds-noirs de la provincia de Alicante\"}]},{\"@type\":\"WebSite\",\"@id\":\"https:\\\/\\\/telemme.mmsh.fr\\\/#website\",\"url\":\"https:\\\/\\\/telemme.mmsh.fr\\\/\",\"name\":\"TELEMMe - Temps, espaces, langages, Europe m\u00e9ridionale, M\u00e9diterran\u00e9e\",\"description\":\"\",\"publisher\":{\"@id\":\"https:\\\/\\\/telemme.mmsh.fr\\\/#organization\"},\"potentialAction\":[{\"@type\":\"SearchAction\",\"target\":{\"@type\":\"EntryPoint\",\"urlTemplate\":\"https:\\\/\\\/telemme.mmsh.fr\\\/?s={search_term_string}\"},\"query-input\":{\"@type\":\"PropertyValueSpecification\",\"valueRequired\":true,\"valueName\":\"search_term_string\"}}],\"inLanguage\":\"fr-FR\"},{\"@type\":\"Organization\",\"@id\":\"https:\\\/\\\/telemme.mmsh.fr\\\/#organization\",\"name\":\"TELEMMe\",\"url\":\"https:\\\/\\\/telemme.mmsh.fr\\\/\",\"logo\":{\"@type\":\"ImageObject\",\"inLanguage\":\"fr-FR\",\"@id\":\"https:\\\/\\\/telemme.mmsh.fr\\\/#\\\/schema\\\/logo\\\/image\\\/\",\"url\":\"https:\\\/\\\/telemme.mmsh.fr\\\/wp-content\\\/uploads\\\/2020\\\/03\\\/LogoTELEMMe-horizontal-fond-transparent.png\",\"contentUrl\":\"https:\\\/\\\/telemme.mmsh.fr\\\/wp-content\\\/uploads\\\/2020\\\/03\\\/LogoTELEMMe-horizontal-fond-transparent.png\",\"width\":1500,\"height\":437,\"caption\":\"TELEMMe\"},\"image\":{\"@id\":\"https:\\\/\\\/telemme.mmsh.fr\\\/#\\\/schema\\\/logo\\\/image\\\/\"}},{\"@type\":\"Person\",\"@id\":\"https:\\\/\\\/telemme.mmsh.fr\\\/#\\\/schema\\\/person\\\/86a185da4836381586528ced48e263f5\",\"name\":\"Delphine Cavallo\",\"url\":\"https:\\\/\\\/telemme.mmsh.fr\\\/?author=6\"}]}<\/script>\n<!-- \/ Yoast SEO plugin. -->","yoast_head_json":{"title":"Memorias e identidades de los pieds-noirs de la provincia de Alicante - TELEMMe - Temps, espaces, langages, Europe m\u00e9ridionale, M\u00e9diterran\u00e9e","robots":{"index":"index","follow":"follow","max-snippet":"max-snippet:-1","max-image-preview":"max-image-preview:large","max-video-preview":"max-video-preview:-1"},"canonical":"https:\/\/telemme.mmsh.fr\/?p=15181","og_locale":"fr_FR","og_type":"article","og_title":"Memorias e identidades de los pieds-noirs de la provincia de Alicante - TELEMMe - Temps, espaces, langages, Europe m\u00e9ridionale, M\u00e9diterran\u00e9e","og_description":"Memorias e identidades de los pieds-noirs de la provincia de Alicante, Mariana Dominguez Villaverde, Instituto alicantino de cultura Juan Gil-Albert. 2023, 307 pages Este estudio es el resultado de un&hellip;&nbsp;Lire la suite &raquo;Memorias e identidades de los pieds-noirs de la provincia de Alicante","og_url":"https:\/\/telemme.mmsh.fr\/?p=15181","og_site_name":"TELEMMe - Temps, espaces, langages, Europe m\u00e9ridionale, M\u00e9diterran\u00e9e","article_published_time":"2024-01-24T09:56:00+00:00","article_modified_time":"2025-01-24T10:00:01+00:00","og_image":[{"width":552,"height":722,"url":"https:\/\/telemme.mmsh.fr\/wp-content\/uploads\/2025\/01\/9788411460194.jpg","type":"image\/jpeg"}],"author":"Delphine Cavallo","twitter_card":"summary_large_image","twitter_misc":{"\u00c9crit par":"Delphine Cavallo","Dur\u00e9e de lecture estim\u00e9e":"1 minute"},"schema":{"@context":"https:\/\/schema.org","@graph":[{"@type":"Article","@id":"https:\/\/telemme.mmsh.fr\/?p=15181#article","isPartOf":{"@id":"https:\/\/telemme.mmsh.fr\/?p=15181"},"author":{"name":"Delphine Cavallo","@id":"https:\/\/telemme.mmsh.fr\/#\/schema\/person\/86a185da4836381586528ced48e263f5"},"headline":"Memorias e identidades de los pieds-noirs de la provincia de Alicante","datePublished":"2024-01-24T09:56:00+00:00","dateModified":"2025-01-24T10:00:01+00:00","mainEntityOfPage":{"@id":"https:\/\/telemme.mmsh.fr\/?p=15181"},"wordCount":182,"publisher":{"@id":"https:\/\/telemme.mmsh.fr\/#organization"},"image":{"@id":"https:\/\/telemme.mmsh.fr\/?p=15181#primaryimage"},"thumbnailUrl":"https:\/\/telemme.mmsh.fr\/wp-content\/uploads\/2025\/01\/9788411460194.jpg","articleSection":["Ouvrages"],"inLanguage":"fr-FR"},{"@type":"WebPage","@id":"https:\/\/telemme.mmsh.fr\/?p=15181","url":"https:\/\/telemme.mmsh.fr\/?p=15181","name":"Memorias e identidades de los pieds-noirs de la provincia de Alicante - TELEMMe - Temps, espaces, langages, Europe m\u00e9ridionale, M\u00e9diterran\u00e9e","isPartOf":{"@id":"https:\/\/telemme.mmsh.fr\/#website"},"primaryImageOfPage":{"@id":"https:\/\/telemme.mmsh.fr\/?p=15181#primaryimage"},"image":{"@id":"https:\/\/telemme.mmsh.fr\/?p=15181#primaryimage"},"thumbnailUrl":"https:\/\/telemme.mmsh.fr\/wp-content\/uploads\/2025\/01\/9788411460194.jpg","datePublished":"2024-01-24T09:56:00+00:00","dateModified":"2025-01-24T10:00:01+00:00","breadcrumb":{"@id":"https:\/\/telemme.mmsh.fr\/?p=15181#breadcrumb"},"inLanguage":"fr-FR","potentialAction":[{"@type":"ReadAction","target":["https:\/\/telemme.mmsh.fr\/?p=15181"]}]},{"@type":"ImageObject","inLanguage":"fr-FR","@id":"https:\/\/telemme.mmsh.fr\/?p=15181#primaryimage","url":"https:\/\/telemme.mmsh.fr\/wp-content\/uploads\/2025\/01\/9788411460194.jpg","contentUrl":"https:\/\/telemme.mmsh.fr\/wp-content\/uploads\/2025\/01\/9788411460194.jpg","width":552,"height":722,"caption":"Couverture de Memorias e identidades de los pieds-noirs de la provincia de Alicante"},{"@type":"BreadcrumbList","@id":"https:\/\/telemme.mmsh.fr\/?p=15181#breadcrumb","itemListElement":[{"@type":"ListItem","position":1,"name":"Accueil","item":"https:\/\/telemme.mmsh.fr\/"},{"@type":"ListItem","position":2,"name":"Publications","item":"https:\/\/telemme.mmsh.fr\/?cat=1738"},{"@type":"ListItem","position":3,"name":"Ouvrages","item":"https:\/\/telemme.mmsh.fr\/?cat=1740"},{"@type":"ListItem","position":4,"name":"Memorias e identidades de los pieds-noirs de la provincia de Alicante"}]},{"@type":"WebSite","@id":"https:\/\/telemme.mmsh.fr\/#website","url":"https:\/\/telemme.mmsh.fr\/","name":"TELEMMe - Temps, espaces, langages, Europe m\u00e9ridionale, M\u00e9diterran\u00e9e","description":"","publisher":{"@id":"https:\/\/telemme.mmsh.fr\/#organization"},"potentialAction":[{"@type":"SearchAction","target":{"@type":"EntryPoint","urlTemplate":"https:\/\/telemme.mmsh.fr\/?s={search_term_string}"},"query-input":{"@type":"PropertyValueSpecification","valueRequired":true,"valueName":"search_term_string"}}],"inLanguage":"fr-FR"},{"@type":"Organization","@id":"https:\/\/telemme.mmsh.fr\/#organization","name":"TELEMMe","url":"https:\/\/telemme.mmsh.fr\/","logo":{"@type":"ImageObject","inLanguage":"fr-FR","@id":"https:\/\/telemme.mmsh.fr\/#\/schema\/logo\/image\/","url":"https:\/\/telemme.mmsh.fr\/wp-content\/uploads\/2020\/03\/LogoTELEMMe-horizontal-fond-transparent.png","contentUrl":"https:\/\/telemme.mmsh.fr\/wp-content\/uploads\/2020\/03\/LogoTELEMMe-horizontal-fond-transparent.png","width":1500,"height":437,"caption":"TELEMMe"},"image":{"@id":"https:\/\/telemme.mmsh.fr\/#\/schema\/logo\/image\/"}},{"@type":"Person","@id":"https:\/\/telemme.mmsh.fr\/#\/schema\/person\/86a185da4836381586528ced48e263f5","name":"Delphine Cavallo","url":"https:\/\/telemme.mmsh.fr\/?author=6"}]}},"_links":{"self":[{"href":"https:\/\/telemme.mmsh.fr\/index.php?rest_route=\/wp\/v2\/posts\/15181","targetHints":{"allow":["GET"]}}],"collection":[{"href":"https:\/\/telemme.mmsh.fr\/index.php?rest_route=\/wp\/v2\/posts"}],"about":[{"href":"https:\/\/telemme.mmsh.fr\/index.php?rest_route=\/wp\/v2\/types\/post"}],"author":[{"embeddable":true,"href":"https:\/\/telemme.mmsh.fr\/index.php?rest_route=\/wp\/v2\/users\/6"}],"replies":[{"embeddable":true,"href":"https:\/\/telemme.mmsh.fr\/index.php?rest_route=%2Fwp%2Fv2%2Fcomments&post=15181"}],"version-history":[{"count":2,"href":"https:\/\/telemme.mmsh.fr\/index.php?rest_route=\/wp\/v2\/posts\/15181\/revisions"}],"predecessor-version":[{"id":15184,"href":"https:\/\/telemme.mmsh.fr\/index.php?rest_route=\/wp\/v2\/posts\/15181\/revisions\/15184"}],"wp:featuredmedia":[{"embeddable":true,"href":"https:\/\/telemme.mmsh.fr\/index.php?rest_route=\/wp\/v2\/media\/15182"}],"wp:attachment":[{"href":"https:\/\/telemme.mmsh.fr\/index.php?rest_route=%2Fwp%2Fv2%2Fmedia&parent=15181"}],"wp:term":[{"taxonomy":"category","embeddable":true,"href":"https:\/\/telemme.mmsh.fr\/index.php?rest_route=%2Fwp%2Fv2%2Fcategories&post=15181"},{"taxonomy":"post_tag","embeddable":true,"href":"https:\/\/telemme.mmsh.fr\/index.php?rest_route=%2Fwp%2Fv2%2Ftags&post=15181"}],"curies":[{"name":"wp","href":"https:\/\/api.w.org\/{rel}","templated":true}]}}