{"id":15175,"date":"2024-05-15T15:33:38","date_gmt":"2024-05-15T13:33:38","guid":{"rendered":"https:\/\/telemme.mmsh.fr\/?p=15175"},"modified":"2025-01-23T15:45:09","modified_gmt":"2025-01-23T14:45:09","slug":"leau-les-tensions-dune-ressource","status":"publish","type":"post","link":"https:\/\/telemme.mmsh.fr\/?p=15175","title":{"rendered":"L\u2019eau : les tensions d\u2019une ressource"},"content":{"rendered":"\n<blockquote class=\"wp-block-quote is-layout-flow wp-block-quote-is-layout-flow\">\n<p><em><strong><a href=\"https:\/\/laviedesidees.fr\/L-eau-les-tensions-d-une-ressource\">L&rsquo;eau : les tensions d&rsquo;une ressource,<\/a><\/strong><\/em> <a href=\"https:\/\/telemme.mmsh.fr\/?membres=guena-pauline\">Pauline Gu\u00e9na<\/a> et Damien Larrouqu\u00e9  (dir.),<strong> <\/strong><em>La Vie des id\u00e9es<\/em>, 2024, en ligne<\/p>\n<\/blockquote>\n\n\n\n<p>Des s\u00e9cheresses plus longues aux inondations plus fr\u00e9quentes, l\u2019eau devient un sujet de pr\u00e9occupation majeur. Les perturbations croissantes du cycle de l\u2019eau mettent \u00e0 rude \u00e9preuve les modes de gestion actuels, aussi bien techniques que politiques, h\u00e9rit\u00e9s d\u2019une p\u00e9riode de moindre tension.<\/p>\n\n\n\n<p>La ressource hydrique, \u00ab<small>\u00a0<\/small>l\u2019or bleu<small>\u00a0<\/small>\u00bb, est une ressource \u00e0 part. Essentielle \u00e0 toute forme de vie, elle est aussi n\u00e9cessaire pour presque tous les secteurs de l\u2019activit\u00e9 humaine, de l\u2019agriculture \u00e0 l\u2019industrie. Les progr\u00e8s techniques l\u2019ont rendue disponible en grande quantit\u00e9 dans des villes construites au c\u0153ur des d\u00e9serts, de Phoenix \u00e0 Duba\u00ef, ou pour des agricultures fond\u00e9es sur une irrigation tr\u00e8s intensive, de l\u2019Espagne \u00e0 Isra\u00ebl. Une situation qui est loin d\u2019\u00eatre in\u00e9dite dans l\u2019histoire de l\u2019humanit\u00e9 \u2013 puisque les techniques d\u2019adduction d\u2019eau \u00e0 grande \u00e9chelle existent depuis plusieurs mill\u00e9naires \u2013 mais qui s\u2019est largement accentu\u00e9e et impos\u00e9e sur la surface du globe depuis le d\u00e9but du XIX<sup>e<\/sup> si\u00e8cle. Dans le m\u00eame temps, pr\u00e8s d\u2019un quart de l\u2019humanit\u00e9 n\u2019a pas acc\u00e8s \u00e0 l\u2019eau du robinet, et pr\u00e8s de 10% (des femmes pour l\u2019essentiel) doit encore parcourir un trajet de plus de 30 minutes aller-retour pour approvisionner leur famille en eau. (<a href=\"https:\/\/laviedesidees.fr\/L-eau-les-tensions-d-une-ressource\">lire la suite<\/a>)<\/p>\n","protected":false},"excerpt":{"rendered":"<p>L&rsquo;eau : les tensions d&rsquo;une ressource, Pauline Gu\u00e9na et Damien Larrouqu\u00e9 (dir.), La Vie des id\u00e9es, 2024, en ligne Des s\u00e9cheresses plus longues aux inondations plus fr\u00e9quentes, l\u2019eau devient un&hellip;&nbsp;<a href=\"https:\/\/telemme.mmsh.fr\/?p=15175\" rel=\"bookmark\">Lire la suite &raquo;<span class=\"screen-reader-text\">L\u2019eau : les tensions d\u2019une ressource<\/span><\/a><\/p>\n","protected":false},"author":6,"featured_media":15176,"comment_status":"closed","ping_status":"closed","sticky":false,"template":"","format":"standard","meta":{"neve_meta_sidebar":"","neve_meta_container":"","neve_meta_enable_content_width":"off","neve_meta_content_width":70,"neve_meta_title_alignment":"","neve_meta_author_avatar":"","neve_post_elements_order":"","neve_meta_disable_header":"","neve_meta_disable_footer":"","neve_meta_disable_title":"","_tribe_events_control_status":"","_tribe_events_control_status_canceled_reason":"","_tribe_events_control_status_postponed_reason":"","_tribe_events_control_online":"","_tribe_events_control_online_url":"","footnotes":""},"categories":[1744],"tags":[2920],"class_list":["post-15175","post","type-post","status-publish","format-standard","has-post-thumbnail","hentry","category-dir-num-revue","tag-eau"],"yoast_head":"<!-- This site is optimized with the Yoast SEO plugin v27.4 - https:\/\/yoast.com\/product\/yoast-seo-wordpress\/ -->\n<title>L\u2019eau : les tensions d\u2019une ressource - TELEMMe - Temps, espaces, langages, Europe m\u00e9ridionale, M\u00e9diterran\u00e9e<\/title>\n<meta name=\"robots\" content=\"index, follow, max-snippet:-1, max-image-preview:large, max-video-preview:-1\" \/>\n<link rel=\"canonical\" href=\"https:\/\/telemme.mmsh.fr\/?p=15175\" \/>\n<meta property=\"og:locale\" content=\"fr_FR\" \/>\n<meta property=\"og:type\" content=\"article\" \/>\n<meta property=\"og:title\" content=\"L\u2019eau : les tensions d\u2019une ressource - TELEMMe - Temps, espaces, langages, Europe m\u00e9ridionale, M\u00e9diterran\u00e9e\" \/>\n<meta property=\"og:description\" content=\"L&rsquo;eau : les tensions d&rsquo;une ressource, Pauline Gu\u00e9na et Damien Larrouqu\u00e9 (dir.), La Vie des id\u00e9es, 2024, en ligne Des s\u00e9cheresses plus longues aux inondations plus fr\u00e9quentes, l\u2019eau devient un&hellip;&nbsp;Lire la suite &raquo;L\u2019eau : les tensions d\u2019une ressource\" \/>\n<meta property=\"og:url\" content=\"https:\/\/telemme.mmsh.fr\/?p=15175\" \/>\n<meta property=\"og:site_name\" content=\"TELEMMe - Temps, espaces, langages, Europe m\u00e9ridionale, M\u00e9diterran\u00e9e\" \/>\n<meta property=\"article:published_time\" content=\"2024-05-15T13:33:38+00:00\" \/>\n<meta property=\"article:modified_time\" content=\"2025-01-23T14:45:09+00:00\" \/>\n<meta property=\"og:image\" content=\"https:\/\/telemme.mmsh.fr\/wp-content\/uploads\/2025\/01\/VieIdees_Eaux.png\" \/>\n\t<meta property=\"og:image:width\" content=\"700\" \/>\n\t<meta property=\"og:image:height\" content=\"458\" \/>\n\t<meta property=\"og:image:type\" content=\"image\/png\" \/>\n<meta name=\"author\" content=\"Delphine Cavallo\" \/>\n<meta name=\"twitter:card\" content=\"summary_large_image\" \/>\n<meta name=\"twitter:label1\" content=\"\u00c9crit par\" \/>\n\t<meta name=\"twitter:data1\" content=\"Delphine Cavallo\" \/>\n\t<meta name=\"twitter:label2\" content=\"Dur\u00e9e de lecture estim\u00e9e\" \/>\n\t<meta name=\"twitter:data2\" content=\"1 minute\" \/>\n<script type=\"application\/ld+json\" class=\"yoast-schema-graph\">{\"@context\":\"https:\\\/\\\/schema.org\",\"@graph\":[{\"@type\":\"Article\",\"@id\":\"https:\\\/\\\/telemme.mmsh.fr\\\/?p=15175#article\",\"isPartOf\":{\"@id\":\"https:\\\/\\\/telemme.mmsh.fr\\\/?p=15175\"},\"author\":{\"name\":\"Delphine Cavallo\",\"@id\":\"https:\\\/\\\/telemme.mmsh.fr\\\/#\\\/schema\\\/person\\\/86a185da4836381586528ced48e263f5\"},\"headline\":\"L\u2019eau : les tensions d\u2019une ressource\",\"datePublished\":\"2024-05-15T13:33:38+00:00\",\"dateModified\":\"2025-01-23T14:45:09+00:00\",\"mainEntityOfPage\":{\"@id\":\"https:\\\/\\\/telemme.mmsh.fr\\\/?p=15175\"},\"wordCount\":255,\"publisher\":{\"@id\":\"https:\\\/\\\/telemme.mmsh.fr\\\/#organization\"},\"image\":{\"@id\":\"https:\\\/\\\/telemme.mmsh.fr\\\/?p=15175#primaryimage\"},\"thumbnailUrl\":\"https:\\\/\\\/telemme.mmsh.fr\\\/wp-content\\\/uploads\\\/2025\\\/01\\\/VieIdees_Eaux.png\",\"keywords\":[\"eau\"],\"articleSection\":[\"Directions de num\u00e9ro de revue\"],\"inLanguage\":\"fr-FR\"},{\"@type\":\"WebPage\",\"@id\":\"https:\\\/\\\/telemme.mmsh.fr\\\/?p=15175\",\"url\":\"https:\\\/\\\/telemme.mmsh.fr\\\/?p=15175\",\"name\":\"L\u2019eau : les tensions d\u2019une ressource - TELEMMe - Temps, espaces, langages, Europe m\u00e9ridionale, M\u00e9diterran\u00e9e\",\"isPartOf\":{\"@id\":\"https:\\\/\\\/telemme.mmsh.fr\\\/#website\"},\"primaryImageOfPage\":{\"@id\":\"https:\\\/\\\/telemme.mmsh.fr\\\/?p=15175#primaryimage\"},\"image\":{\"@id\":\"https:\\\/\\\/telemme.mmsh.fr\\\/?p=15175#primaryimage\"},\"thumbnailUrl\":\"https:\\\/\\\/telemme.mmsh.fr\\\/wp-content\\\/uploads\\\/2025\\\/01\\\/VieIdees_Eaux.png\",\"datePublished\":\"2024-05-15T13:33:38+00:00\",\"dateModified\":\"2025-01-23T14:45:09+00:00\",\"breadcrumb\":{\"@id\":\"https:\\\/\\\/telemme.mmsh.fr\\\/?p=15175#breadcrumb\"},\"inLanguage\":\"fr-FR\",\"potentialAction\":[{\"@type\":\"ReadAction\",\"target\":[\"https:\\\/\\\/telemme.mmsh.fr\\\/?p=15175\"]}]},{\"@type\":\"ImageObject\",\"inLanguage\":\"fr-FR\",\"@id\":\"https:\\\/\\\/telemme.mmsh.fr\\\/?p=15175#primaryimage\",\"url\":\"https:\\\/\\\/telemme.mmsh.fr\\\/wp-content\\\/uploads\\\/2025\\\/01\\\/VieIdees_Eaux.png\",\"contentUrl\":\"https:\\\/\\\/telemme.mmsh.fr\\\/wp-content\\\/uploads\\\/2025\\\/01\\\/VieIdees_Eaux.png\",\"width\":700,\"height\":458,\"caption\":\"Couverture de L\u2019eau : les tensions d\u2019une ressource\"},{\"@type\":\"BreadcrumbList\",\"@id\":\"https:\\\/\\\/telemme.mmsh.fr\\\/?p=15175#breadcrumb\",\"itemListElement\":[{\"@type\":\"ListItem\",\"position\":1,\"name\":\"Accueil\",\"item\":\"https:\\\/\\\/telemme.mmsh.fr\\\/\"},{\"@type\":\"ListItem\",\"position\":2,\"name\":\"Publications\",\"item\":\"https:\\\/\\\/telemme.mmsh.fr\\\/?cat=1738\"},{\"@type\":\"ListItem\",\"position\":3,\"name\":\"Directions de num\u00e9ro de revue\",\"item\":\"https:\\\/\\\/telemme.mmsh.fr\\\/?cat=1744\"},{\"@type\":\"ListItem\",\"position\":4,\"name\":\"L\u2019eau : les tensions d\u2019une ressource\"}]},{\"@type\":\"WebSite\",\"@id\":\"https:\\\/\\\/telemme.mmsh.fr\\\/#website\",\"url\":\"https:\\\/\\\/telemme.mmsh.fr\\\/\",\"name\":\"TELEMMe - Temps, espaces, langages, Europe m\u00e9ridionale, M\u00e9diterran\u00e9e\",\"description\":\"\",\"publisher\":{\"@id\":\"https:\\\/\\\/telemme.mmsh.fr\\\/#organization\"},\"potentialAction\":[{\"@type\":\"SearchAction\",\"target\":{\"@type\":\"EntryPoint\",\"urlTemplate\":\"https:\\\/\\\/telemme.mmsh.fr\\\/?s={search_term_string}\"},\"query-input\":{\"@type\":\"PropertyValueSpecification\",\"valueRequired\":true,\"valueName\":\"search_term_string\"}}],\"inLanguage\":\"fr-FR\"},{\"@type\":\"Organization\",\"@id\":\"https:\\\/\\\/telemme.mmsh.fr\\\/#organization\",\"name\":\"TELEMMe\",\"url\":\"https:\\\/\\\/telemme.mmsh.fr\\\/\",\"logo\":{\"@type\":\"ImageObject\",\"inLanguage\":\"fr-FR\",\"@id\":\"https:\\\/\\\/telemme.mmsh.fr\\\/#\\\/schema\\\/logo\\\/image\\\/\",\"url\":\"https:\\\/\\\/telemme.mmsh.fr\\\/wp-content\\\/uploads\\\/2020\\\/03\\\/LogoTELEMMe-horizontal-fond-transparent.png\",\"contentUrl\":\"https:\\\/\\\/telemme.mmsh.fr\\\/wp-content\\\/uploads\\\/2020\\\/03\\\/LogoTELEMMe-horizontal-fond-transparent.png\",\"width\":1500,\"height\":437,\"caption\":\"TELEMMe\"},\"image\":{\"@id\":\"https:\\\/\\\/telemme.mmsh.fr\\\/#\\\/schema\\\/logo\\\/image\\\/\"}},{\"@type\":\"Person\",\"@id\":\"https:\\\/\\\/telemme.mmsh.fr\\\/#\\\/schema\\\/person\\\/86a185da4836381586528ced48e263f5\",\"name\":\"Delphine Cavallo\",\"url\":\"https:\\\/\\\/telemme.mmsh.fr\\\/?author=6\"}]}<\/script>\n<!-- \/ Yoast SEO plugin. -->","yoast_head_json":{"title":"L\u2019eau : les tensions d\u2019une ressource - TELEMMe - Temps, espaces, langages, Europe m\u00e9ridionale, M\u00e9diterran\u00e9e","robots":{"index":"index","follow":"follow","max-snippet":"max-snippet:-1","max-image-preview":"max-image-preview:large","max-video-preview":"max-video-preview:-1"},"canonical":"https:\/\/telemme.mmsh.fr\/?p=15175","og_locale":"fr_FR","og_type":"article","og_title":"L\u2019eau : les tensions d\u2019une ressource - TELEMMe - Temps, espaces, langages, Europe m\u00e9ridionale, M\u00e9diterran\u00e9e","og_description":"L&rsquo;eau : les tensions d&rsquo;une ressource, Pauline Gu\u00e9na et Damien Larrouqu\u00e9 (dir.), La Vie des id\u00e9es, 2024, en ligne Des s\u00e9cheresses plus longues aux inondations plus fr\u00e9quentes, l\u2019eau devient un&hellip;&nbsp;Lire la suite &raquo;L\u2019eau : les tensions d\u2019une ressource","og_url":"https:\/\/telemme.mmsh.fr\/?p=15175","og_site_name":"TELEMMe - Temps, espaces, langages, Europe m\u00e9ridionale, M\u00e9diterran\u00e9e","article_published_time":"2024-05-15T13:33:38+00:00","article_modified_time":"2025-01-23T14:45:09+00:00","og_image":[{"width":700,"height":458,"url":"https:\/\/telemme.mmsh.fr\/wp-content\/uploads\/2025\/01\/VieIdees_Eaux.png","type":"image\/png"}],"author":"Delphine Cavallo","twitter_card":"summary_large_image","twitter_misc":{"\u00c9crit par":"Delphine Cavallo","Dur\u00e9e de lecture estim\u00e9e":"1 minute"},"schema":{"@context":"https:\/\/schema.org","@graph":[{"@type":"Article","@id":"https:\/\/telemme.mmsh.fr\/?p=15175#article","isPartOf":{"@id":"https:\/\/telemme.mmsh.fr\/?p=15175"},"author":{"name":"Delphine Cavallo","@id":"https:\/\/telemme.mmsh.fr\/#\/schema\/person\/86a185da4836381586528ced48e263f5"},"headline":"L\u2019eau : les tensions d\u2019une ressource","datePublished":"2024-05-15T13:33:38+00:00","dateModified":"2025-01-23T14:45:09+00:00","mainEntityOfPage":{"@id":"https:\/\/telemme.mmsh.fr\/?p=15175"},"wordCount":255,"publisher":{"@id":"https:\/\/telemme.mmsh.fr\/#organization"},"image":{"@id":"https:\/\/telemme.mmsh.fr\/?p=15175#primaryimage"},"thumbnailUrl":"https:\/\/telemme.mmsh.fr\/wp-content\/uploads\/2025\/01\/VieIdees_Eaux.png","keywords":["eau"],"articleSection":["Directions de num\u00e9ro de revue"],"inLanguage":"fr-FR"},{"@type":"WebPage","@id":"https:\/\/telemme.mmsh.fr\/?p=15175","url":"https:\/\/telemme.mmsh.fr\/?p=15175","name":"L\u2019eau : les tensions d\u2019une ressource - TELEMMe - Temps, espaces, langages, Europe m\u00e9ridionale, M\u00e9diterran\u00e9e","isPartOf":{"@id":"https:\/\/telemme.mmsh.fr\/#website"},"primaryImageOfPage":{"@id":"https:\/\/telemme.mmsh.fr\/?p=15175#primaryimage"},"image":{"@id":"https:\/\/telemme.mmsh.fr\/?p=15175#primaryimage"},"thumbnailUrl":"https:\/\/telemme.mmsh.fr\/wp-content\/uploads\/2025\/01\/VieIdees_Eaux.png","datePublished":"2024-05-15T13:33:38+00:00","dateModified":"2025-01-23T14:45:09+00:00","breadcrumb":{"@id":"https:\/\/telemme.mmsh.fr\/?p=15175#breadcrumb"},"inLanguage":"fr-FR","potentialAction":[{"@type":"ReadAction","target":["https:\/\/telemme.mmsh.fr\/?p=15175"]}]},{"@type":"ImageObject","inLanguage":"fr-FR","@id":"https:\/\/telemme.mmsh.fr\/?p=15175#primaryimage","url":"https:\/\/telemme.mmsh.fr\/wp-content\/uploads\/2025\/01\/VieIdees_Eaux.png","contentUrl":"https:\/\/telemme.mmsh.fr\/wp-content\/uploads\/2025\/01\/VieIdees_Eaux.png","width":700,"height":458,"caption":"Couverture de L\u2019eau : les tensions d\u2019une ressource"},{"@type":"BreadcrumbList","@id":"https:\/\/telemme.mmsh.fr\/?p=15175#breadcrumb","itemListElement":[{"@type":"ListItem","position":1,"name":"Accueil","item":"https:\/\/telemme.mmsh.fr\/"},{"@type":"ListItem","position":2,"name":"Publications","item":"https:\/\/telemme.mmsh.fr\/?cat=1738"},{"@type":"ListItem","position":3,"name":"Directions de num\u00e9ro de revue","item":"https:\/\/telemme.mmsh.fr\/?cat=1744"},{"@type":"ListItem","position":4,"name":"L\u2019eau : les tensions d\u2019une ressource"}]},{"@type":"WebSite","@id":"https:\/\/telemme.mmsh.fr\/#website","url":"https:\/\/telemme.mmsh.fr\/","name":"TELEMMe - Temps, espaces, langages, Europe m\u00e9ridionale, M\u00e9diterran\u00e9e","description":"","publisher":{"@id":"https:\/\/telemme.mmsh.fr\/#organization"},"potentialAction":[{"@type":"SearchAction","target":{"@type":"EntryPoint","urlTemplate":"https:\/\/telemme.mmsh.fr\/?s={search_term_string}"},"query-input":{"@type":"PropertyValueSpecification","valueRequired":true,"valueName":"search_term_string"}}],"inLanguage":"fr-FR"},{"@type":"Organization","@id":"https:\/\/telemme.mmsh.fr\/#organization","name":"TELEMMe","url":"https:\/\/telemme.mmsh.fr\/","logo":{"@type":"ImageObject","inLanguage":"fr-FR","@id":"https:\/\/telemme.mmsh.fr\/#\/schema\/logo\/image\/","url":"https:\/\/telemme.mmsh.fr\/wp-content\/uploads\/2020\/03\/LogoTELEMMe-horizontal-fond-transparent.png","contentUrl":"https:\/\/telemme.mmsh.fr\/wp-content\/uploads\/2020\/03\/LogoTELEMMe-horizontal-fond-transparent.png","width":1500,"height":437,"caption":"TELEMMe"},"image":{"@id":"https:\/\/telemme.mmsh.fr\/#\/schema\/logo\/image\/"}},{"@type":"Person","@id":"https:\/\/telemme.mmsh.fr\/#\/schema\/person\/86a185da4836381586528ced48e263f5","name":"Delphine Cavallo","url":"https:\/\/telemme.mmsh.fr\/?author=6"}]}},"_links":{"self":[{"href":"https:\/\/telemme.mmsh.fr\/index.php?rest_route=\/wp\/v2\/posts\/15175","targetHints":{"allow":["GET"]}}],"collection":[{"href":"https:\/\/telemme.mmsh.fr\/index.php?rest_route=\/wp\/v2\/posts"}],"about":[{"href":"https:\/\/telemme.mmsh.fr\/index.php?rest_route=\/wp\/v2\/types\/post"}],"author":[{"embeddable":true,"href":"https:\/\/telemme.mmsh.fr\/index.php?rest_route=\/wp\/v2\/users\/6"}],"replies":[{"embeddable":true,"href":"https:\/\/telemme.mmsh.fr\/index.php?rest_route=%2Fwp%2Fv2%2Fcomments&post=15175"}],"version-history":[{"count":2,"href":"https:\/\/telemme.mmsh.fr\/index.php?rest_route=\/wp\/v2\/posts\/15175\/revisions"}],"predecessor-version":[{"id":15178,"href":"https:\/\/telemme.mmsh.fr\/index.php?rest_route=\/wp\/v2\/posts\/15175\/revisions\/15178"}],"wp:featuredmedia":[{"embeddable":true,"href":"https:\/\/telemme.mmsh.fr\/index.php?rest_route=\/wp\/v2\/media\/15176"}],"wp:attachment":[{"href":"https:\/\/telemme.mmsh.fr\/index.php?rest_route=%2Fwp%2Fv2%2Fmedia&parent=15175"}],"wp:term":[{"taxonomy":"category","embeddable":true,"href":"https:\/\/telemme.mmsh.fr\/index.php?rest_route=%2Fwp%2Fv2%2Fcategories&post=15175"},{"taxonomy":"post_tag","embeddable":true,"href":"https:\/\/telemme.mmsh.fr\/index.php?rest_route=%2Fwp%2Fv2%2Ftags&post=15175"}],"curies":[{"name":"wp","href":"https:\/\/api.w.org\/{rel}","templated":true}]}}