{"id":15170,"date":"2025-01-23T15:11:42","date_gmt":"2025-01-23T14:11:42","guid":{"rendered":"https:\/\/telemme.mmsh.fr\/?p=15170"},"modified":"2025-01-23T15:11:44","modified_gmt":"2025-01-23T14:11:44","slug":"habiter-se-loger-sabriter-le-pouvoir-dagir","status":"publish","type":"post","link":"https:\/\/telemme.mmsh.fr\/?p=15170","title":{"rendered":"Habiter, se loger, s\u2019abriter : le pouvoir d\u2019agir"},"content":{"rendered":"\n<blockquote class=\"wp-block-quote is-layout-flow wp-block-quote-is-layout-flow\">\n<p><strong><a href=\"https:\/\/www.editions-harmattan.fr\/catalogue\/livre\/habiter-se-loger-s-abriter-le-pouvoir-d-agir\/78030?srsltid=AfmBOopbxFHeXijNoj7ZMi7FLkcCt0xQqdpdsQziHrcs6m8Z1H-Vg7uG\"> <em>Habiter, se loger et s\u2019abriter : le pouvoir d\u2019agir<\/em><\/a><\/strong>, Lucie Bony, Laura Gu\u00e9rin, <a href=\"https:\/\/telemme.mmsh.fr\/?membres=beatrice-mesini\">B\u00e9atrice M\u00e9sini<\/a> (dir.), L&rsquo;Harmattan, 2025, 230 pages<\/p>\n<\/blockquote>\n\n\n\n<p>Malgr\u00e9 de fortes contraintes structurelles, notamment \u00e9conomiques, les individus et les m\u00e9nages ne subissent pas passivement les effets de la \u00ab crise du logement \u00bb : au sein d\u2019un syst\u00e8me contraint, ils peuvent (plus ou moins selon leurs ressources) adapter leurs logements, modifier leurs comportements et red\u00e9finir des formes de strat\u00e9gies r\u00e9sidentielles. Certains peuvent aussi s\u2019organiser et parfois ouvrir des fronts de r\u00e9sistance et de lutte face aux carences ou aux d\u00e9sajustements des politiques d\u2019habitat et d\u2019h\u00e9bergement. De plus, les \u00e9volutions r\u00e9centes de la production de logements g\u00e9n\u00e8rent de nouveaux modes de coop\u00e9ration et de liens parfois complexes entre ma\u00eetres d\u2019\u0153uvre, d\u2019ouvrage et d\u2019usage.<\/p>\n\n\n\n<p>Les contributions r\u00e9unies dans ce livre actualisent les relations que les op\u00e9rateurs sociaux-\u00e9conomiques et techniques entretiennent avec l\u2019urbanisme, l\u2019am\u00e9nagement, l\u2019architecture, le patrimoine et le paysage, justifiant les efforts de la recherche sur les mani\u00e8res dont les personnes habitent, se logent et s&rsquo;abritent. En questionnant le r\u00f4le des habitant.es, cet ouvrage cherche \u00e0 saisir et caract\u00e9riser les dynamiques \u2013 individuelles et collectives \u2013 de concertation, de participation, d'(auto)r\u00e9alisation, d\u2019incorporation des savoirs habiter les lieux et d\u2019appropriation de l\u2019espace.<\/p>\n","protected":false},"excerpt":{"rendered":"<p>Habiter, se loger et s\u2019abriter : le pouvoir d\u2019agir, Lucie Bony, Laura Gu\u00e9rin, B\u00e9atrice M\u00e9sini (dir.), L&rsquo;Harmattan, 2025, 230 pages Malgr\u00e9 de fortes contraintes structurelles, notamment \u00e9conomiques, les individus et&hellip;&nbsp;<a href=\"https:\/\/telemme.mmsh.fr\/?p=15170\" rel=\"bookmark\">Lire la suite &raquo;<span class=\"screen-reader-text\">Habiter, se loger, s\u2019abriter : le pouvoir d\u2019agir<\/span><\/a><\/p>\n","protected":false},"author":6,"featured_media":15172,"comment_status":"closed","ping_status":"closed","sticky":false,"template":"","format":"standard","meta":{"neve_meta_sidebar":"","neve_meta_container":"","neve_meta_enable_content_width":"off","neve_meta_content_width":70,"neve_meta_title_alignment":"","neve_meta_author_avatar":"","neve_post_elements_order":"","neve_meta_disable_header":"","neve_meta_disable_footer":"","neve_meta_disable_title":"","_tribe_events_control_status":"","_tribe_events_control_status_canceled_reason":"","_tribe_events_control_status_postponed_reason":"","_tribe_events_control_online":"","_tribe_events_control_online_url":"","footnotes":""},"categories":[1742],"tags":[1976],"class_list":["post-15170","post","type-post","status-publish","format-standard","has-post-thumbnail","hentry","category-dir-ouvrage","tag-habitat"],"yoast_head":"<!-- This site is optimized with the Yoast SEO plugin v27.4 - https:\/\/yoast.com\/product\/yoast-seo-wordpress\/ -->\n<title>Habiter, se loger, s\u2019abriter : le pouvoir d\u2019agir - TELEMMe - Temps, espaces, langages, Europe m\u00e9ridionale, M\u00e9diterran\u00e9e<\/title>\n<meta name=\"robots\" content=\"index, follow, max-snippet:-1, max-image-preview:large, max-video-preview:-1\" \/>\n<link rel=\"canonical\" href=\"https:\/\/telemme.mmsh.fr\/?p=15170\" \/>\n<meta property=\"og:locale\" content=\"fr_FR\" \/>\n<meta property=\"og:type\" content=\"article\" \/>\n<meta property=\"og:title\" content=\"Habiter, se loger, s\u2019abriter : le pouvoir d\u2019agir - TELEMMe - Temps, espaces, langages, Europe m\u00e9ridionale, M\u00e9diterran\u00e9e\" \/>\n<meta property=\"og:description\" content=\"Habiter, se loger et s\u2019abriter : le pouvoir d\u2019agir, Lucie Bony, Laura Gu\u00e9rin, B\u00e9atrice M\u00e9sini (dir.), L&rsquo;Harmattan, 2025, 230 pages Malgr\u00e9 de fortes contraintes structurelles, notamment \u00e9conomiques, les individus et&hellip;&nbsp;Lire la suite &raquo;Habiter, se loger, s\u2019abriter : le pouvoir d\u2019agir\" \/>\n<meta property=\"og:url\" content=\"https:\/\/telemme.mmsh.fr\/?p=15170\" \/>\n<meta property=\"og:site_name\" content=\"TELEMMe - Temps, espaces, langages, Europe m\u00e9ridionale, M\u00e9diterran\u00e9e\" \/>\n<meta property=\"article:published_time\" content=\"2025-01-23T14:11:42+00:00\" \/>\n<meta property=\"article:modified_time\" content=\"2025-01-23T14:11:44+00:00\" \/>\n<meta property=\"og:image\" content=\"https:\/\/telemme.mmsh.fr\/wp-content\/uploads\/2025\/01\/9782336493930r.jpg\" \/>\n\t<meta property=\"og:image:width\" content=\"500\" \/>\n\t<meta property=\"og:image:height\" content=\"774\" \/>\n\t<meta property=\"og:image:type\" content=\"image\/jpeg\" \/>\n<meta name=\"author\" content=\"Delphine Cavallo\" \/>\n<meta name=\"twitter:card\" content=\"summary_large_image\" \/>\n<meta name=\"twitter:label1\" content=\"\u00c9crit par\" \/>\n\t<meta name=\"twitter:data1\" content=\"Delphine Cavallo\" \/>\n\t<meta name=\"twitter:label2\" content=\"Dur\u00e9e de lecture estim\u00e9e\" \/>\n\t<meta name=\"twitter:data2\" content=\"1 minute\" \/>\n<script type=\"application\/ld+json\" class=\"yoast-schema-graph\">{\"@context\":\"https:\\\/\\\/schema.org\",\"@graph\":[{\"@type\":\"Article\",\"@id\":\"https:\\\/\\\/telemme.mmsh.fr\\\/?p=15170#article\",\"isPartOf\":{\"@id\":\"https:\\\/\\\/telemme.mmsh.fr\\\/?p=15170\"},\"author\":{\"name\":\"Delphine Cavallo\",\"@id\":\"https:\\\/\\\/telemme.mmsh.fr\\\/#\\\/schema\\\/person\\\/86a185da4836381586528ced48e263f5\"},\"headline\":\"Habiter, se loger, s\u2019abriter : le pouvoir d\u2019agir\",\"datePublished\":\"2025-01-23T14:11:42+00:00\",\"dateModified\":\"2025-01-23T14:11:44+00:00\",\"mainEntityOfPage\":{\"@id\":\"https:\\\/\\\/telemme.mmsh.fr\\\/?p=15170\"},\"wordCount\":245,\"publisher\":{\"@id\":\"https:\\\/\\\/telemme.mmsh.fr\\\/#organization\"},\"image\":{\"@id\":\"https:\\\/\\\/telemme.mmsh.fr\\\/?p=15170#primaryimage\"},\"thumbnailUrl\":\"https:\\\/\\\/telemme.mmsh.fr\\\/wp-content\\\/uploads\\\/2025\\\/01\\\/9782336493930r.jpg\",\"keywords\":[\"habitat\"],\"articleSection\":[\"Directions d'ouvrage\"],\"inLanguage\":\"fr-FR\"},{\"@type\":\"WebPage\",\"@id\":\"https:\\\/\\\/telemme.mmsh.fr\\\/?p=15170\",\"url\":\"https:\\\/\\\/telemme.mmsh.fr\\\/?p=15170\",\"name\":\"Habiter, se loger, s\u2019abriter : le pouvoir d\u2019agir - TELEMMe - Temps, espaces, langages, Europe m\u00e9ridionale, M\u00e9diterran\u00e9e\",\"isPartOf\":{\"@id\":\"https:\\\/\\\/telemme.mmsh.fr\\\/#website\"},\"primaryImageOfPage\":{\"@id\":\"https:\\\/\\\/telemme.mmsh.fr\\\/?p=15170#primaryimage\"},\"image\":{\"@id\":\"https:\\\/\\\/telemme.mmsh.fr\\\/?p=15170#primaryimage\"},\"thumbnailUrl\":\"https:\\\/\\\/telemme.mmsh.fr\\\/wp-content\\\/uploads\\\/2025\\\/01\\\/9782336493930r.jpg\",\"datePublished\":\"2025-01-23T14:11:42+00:00\",\"dateModified\":\"2025-01-23T14:11:44+00:00\",\"breadcrumb\":{\"@id\":\"https:\\\/\\\/telemme.mmsh.fr\\\/?p=15170#breadcrumb\"},\"inLanguage\":\"fr-FR\",\"potentialAction\":[{\"@type\":\"ReadAction\",\"target\":[\"https:\\\/\\\/telemme.mmsh.fr\\\/?p=15170\"]}]},{\"@type\":\"ImageObject\",\"inLanguage\":\"fr-FR\",\"@id\":\"https:\\\/\\\/telemme.mmsh.fr\\\/?p=15170#primaryimage\",\"url\":\"https:\\\/\\\/telemme.mmsh.fr\\\/wp-content\\\/uploads\\\/2025\\\/01\\\/9782336493930r.jpg\",\"contentUrl\":\"https:\\\/\\\/telemme.mmsh.fr\\\/wp-content\\\/uploads\\\/2025\\\/01\\\/9782336493930r.jpg\",\"width\":500,\"height\":774,\"caption\":\"Couverture de Habiter, se loger, s\u2019abriter : le pouvoir d\u2019agir\"},{\"@type\":\"BreadcrumbList\",\"@id\":\"https:\\\/\\\/telemme.mmsh.fr\\\/?p=15170#breadcrumb\",\"itemListElement\":[{\"@type\":\"ListItem\",\"position\":1,\"name\":\"Accueil\",\"item\":\"https:\\\/\\\/telemme.mmsh.fr\\\/\"},{\"@type\":\"ListItem\",\"position\":2,\"name\":\"Publications\",\"item\":\"https:\\\/\\\/telemme.mmsh.fr\\\/?cat=1738\"},{\"@type\":\"ListItem\",\"position\":3,\"name\":\"Directions d'ouvrage\",\"item\":\"https:\\\/\\\/telemme.mmsh.fr\\\/?cat=1742\"},{\"@type\":\"ListItem\",\"position\":4,\"name\":\"Habiter, se loger, s\u2019abriter : le pouvoir d\u2019agir\"}]},{\"@type\":\"WebSite\",\"@id\":\"https:\\\/\\\/telemme.mmsh.fr\\\/#website\",\"url\":\"https:\\\/\\\/telemme.mmsh.fr\\\/\",\"name\":\"TELEMMe - Temps, espaces, langages, Europe m\u00e9ridionale, M\u00e9diterran\u00e9e\",\"description\":\"\",\"publisher\":{\"@id\":\"https:\\\/\\\/telemme.mmsh.fr\\\/#organization\"},\"potentialAction\":[{\"@type\":\"SearchAction\",\"target\":{\"@type\":\"EntryPoint\",\"urlTemplate\":\"https:\\\/\\\/telemme.mmsh.fr\\\/?s={search_term_string}\"},\"query-input\":{\"@type\":\"PropertyValueSpecification\",\"valueRequired\":true,\"valueName\":\"search_term_string\"}}],\"inLanguage\":\"fr-FR\"},{\"@type\":\"Organization\",\"@id\":\"https:\\\/\\\/telemme.mmsh.fr\\\/#organization\",\"name\":\"TELEMMe\",\"url\":\"https:\\\/\\\/telemme.mmsh.fr\\\/\",\"logo\":{\"@type\":\"ImageObject\",\"inLanguage\":\"fr-FR\",\"@id\":\"https:\\\/\\\/telemme.mmsh.fr\\\/#\\\/schema\\\/logo\\\/image\\\/\",\"url\":\"https:\\\/\\\/telemme.mmsh.fr\\\/wp-content\\\/uploads\\\/2020\\\/03\\\/LogoTELEMMe-horizontal-fond-transparent.png\",\"contentUrl\":\"https:\\\/\\\/telemme.mmsh.fr\\\/wp-content\\\/uploads\\\/2020\\\/03\\\/LogoTELEMMe-horizontal-fond-transparent.png\",\"width\":1500,\"height\":437,\"caption\":\"TELEMMe\"},\"image\":{\"@id\":\"https:\\\/\\\/telemme.mmsh.fr\\\/#\\\/schema\\\/logo\\\/image\\\/\"}},{\"@type\":\"Person\",\"@id\":\"https:\\\/\\\/telemme.mmsh.fr\\\/#\\\/schema\\\/person\\\/86a185da4836381586528ced48e263f5\",\"name\":\"Delphine Cavallo\",\"url\":\"https:\\\/\\\/telemme.mmsh.fr\\\/?author=6\"}]}<\/script>\n<!-- \/ Yoast SEO plugin. -->","yoast_head_json":{"title":"Habiter, se loger, s\u2019abriter : le pouvoir d\u2019agir - TELEMMe - Temps, espaces, langages, Europe m\u00e9ridionale, M\u00e9diterran\u00e9e","robots":{"index":"index","follow":"follow","max-snippet":"max-snippet:-1","max-image-preview":"max-image-preview:large","max-video-preview":"max-video-preview:-1"},"canonical":"https:\/\/telemme.mmsh.fr\/?p=15170","og_locale":"fr_FR","og_type":"article","og_title":"Habiter, se loger, s\u2019abriter : le pouvoir d\u2019agir - TELEMMe - Temps, espaces, langages, Europe m\u00e9ridionale, M\u00e9diterran\u00e9e","og_description":"Habiter, se loger et s\u2019abriter : le pouvoir d\u2019agir, Lucie Bony, Laura Gu\u00e9rin, B\u00e9atrice M\u00e9sini (dir.), L&rsquo;Harmattan, 2025, 230 pages Malgr\u00e9 de fortes contraintes structurelles, notamment \u00e9conomiques, les individus et&hellip;&nbsp;Lire la suite &raquo;Habiter, se loger, s\u2019abriter : le pouvoir d\u2019agir","og_url":"https:\/\/telemme.mmsh.fr\/?p=15170","og_site_name":"TELEMMe - Temps, espaces, langages, Europe m\u00e9ridionale, M\u00e9diterran\u00e9e","article_published_time":"2025-01-23T14:11:42+00:00","article_modified_time":"2025-01-23T14:11:44+00:00","og_image":[{"width":500,"height":774,"url":"https:\/\/telemme.mmsh.fr\/wp-content\/uploads\/2025\/01\/9782336493930r.jpg","type":"image\/jpeg"}],"author":"Delphine Cavallo","twitter_card":"summary_large_image","twitter_misc":{"\u00c9crit par":"Delphine Cavallo","Dur\u00e9e de lecture estim\u00e9e":"1 minute"},"schema":{"@context":"https:\/\/schema.org","@graph":[{"@type":"Article","@id":"https:\/\/telemme.mmsh.fr\/?p=15170#article","isPartOf":{"@id":"https:\/\/telemme.mmsh.fr\/?p=15170"},"author":{"name":"Delphine Cavallo","@id":"https:\/\/telemme.mmsh.fr\/#\/schema\/person\/86a185da4836381586528ced48e263f5"},"headline":"Habiter, se loger, s\u2019abriter : le pouvoir d\u2019agir","datePublished":"2025-01-23T14:11:42+00:00","dateModified":"2025-01-23T14:11:44+00:00","mainEntityOfPage":{"@id":"https:\/\/telemme.mmsh.fr\/?p=15170"},"wordCount":245,"publisher":{"@id":"https:\/\/telemme.mmsh.fr\/#organization"},"image":{"@id":"https:\/\/telemme.mmsh.fr\/?p=15170#primaryimage"},"thumbnailUrl":"https:\/\/telemme.mmsh.fr\/wp-content\/uploads\/2025\/01\/9782336493930r.jpg","keywords":["habitat"],"articleSection":["Directions d'ouvrage"],"inLanguage":"fr-FR"},{"@type":"WebPage","@id":"https:\/\/telemme.mmsh.fr\/?p=15170","url":"https:\/\/telemme.mmsh.fr\/?p=15170","name":"Habiter, se loger, s\u2019abriter : le pouvoir d\u2019agir - TELEMMe - Temps, espaces, langages, Europe m\u00e9ridionale, M\u00e9diterran\u00e9e","isPartOf":{"@id":"https:\/\/telemme.mmsh.fr\/#website"},"primaryImageOfPage":{"@id":"https:\/\/telemme.mmsh.fr\/?p=15170#primaryimage"},"image":{"@id":"https:\/\/telemme.mmsh.fr\/?p=15170#primaryimage"},"thumbnailUrl":"https:\/\/telemme.mmsh.fr\/wp-content\/uploads\/2025\/01\/9782336493930r.jpg","datePublished":"2025-01-23T14:11:42+00:00","dateModified":"2025-01-23T14:11:44+00:00","breadcrumb":{"@id":"https:\/\/telemme.mmsh.fr\/?p=15170#breadcrumb"},"inLanguage":"fr-FR","potentialAction":[{"@type":"ReadAction","target":["https:\/\/telemme.mmsh.fr\/?p=15170"]}]},{"@type":"ImageObject","inLanguage":"fr-FR","@id":"https:\/\/telemme.mmsh.fr\/?p=15170#primaryimage","url":"https:\/\/telemme.mmsh.fr\/wp-content\/uploads\/2025\/01\/9782336493930r.jpg","contentUrl":"https:\/\/telemme.mmsh.fr\/wp-content\/uploads\/2025\/01\/9782336493930r.jpg","width":500,"height":774,"caption":"Couverture de Habiter, se loger, s\u2019abriter : le pouvoir d\u2019agir"},{"@type":"BreadcrumbList","@id":"https:\/\/telemme.mmsh.fr\/?p=15170#breadcrumb","itemListElement":[{"@type":"ListItem","position":1,"name":"Accueil","item":"https:\/\/telemme.mmsh.fr\/"},{"@type":"ListItem","position":2,"name":"Publications","item":"https:\/\/telemme.mmsh.fr\/?cat=1738"},{"@type":"ListItem","position":3,"name":"Directions d'ouvrage","item":"https:\/\/telemme.mmsh.fr\/?cat=1742"},{"@type":"ListItem","position":4,"name":"Habiter, se loger, s\u2019abriter : le pouvoir d\u2019agir"}]},{"@type":"WebSite","@id":"https:\/\/telemme.mmsh.fr\/#website","url":"https:\/\/telemme.mmsh.fr\/","name":"TELEMMe - Temps, espaces, langages, Europe m\u00e9ridionale, M\u00e9diterran\u00e9e","description":"","publisher":{"@id":"https:\/\/telemme.mmsh.fr\/#organization"},"potentialAction":[{"@type":"SearchAction","target":{"@type":"EntryPoint","urlTemplate":"https:\/\/telemme.mmsh.fr\/?s={search_term_string}"},"query-input":{"@type":"PropertyValueSpecification","valueRequired":true,"valueName":"search_term_string"}}],"inLanguage":"fr-FR"},{"@type":"Organization","@id":"https:\/\/telemme.mmsh.fr\/#organization","name":"TELEMMe","url":"https:\/\/telemme.mmsh.fr\/","logo":{"@type":"ImageObject","inLanguage":"fr-FR","@id":"https:\/\/telemme.mmsh.fr\/#\/schema\/logo\/image\/","url":"https:\/\/telemme.mmsh.fr\/wp-content\/uploads\/2020\/03\/LogoTELEMMe-horizontal-fond-transparent.png","contentUrl":"https:\/\/telemme.mmsh.fr\/wp-content\/uploads\/2020\/03\/LogoTELEMMe-horizontal-fond-transparent.png","width":1500,"height":437,"caption":"TELEMMe"},"image":{"@id":"https:\/\/telemme.mmsh.fr\/#\/schema\/logo\/image\/"}},{"@type":"Person","@id":"https:\/\/telemme.mmsh.fr\/#\/schema\/person\/86a185da4836381586528ced48e263f5","name":"Delphine Cavallo","url":"https:\/\/telemme.mmsh.fr\/?author=6"}]}},"_links":{"self":[{"href":"https:\/\/telemme.mmsh.fr\/index.php?rest_route=\/wp\/v2\/posts\/15170","targetHints":{"allow":["GET"]}}],"collection":[{"href":"https:\/\/telemme.mmsh.fr\/index.php?rest_route=\/wp\/v2\/posts"}],"about":[{"href":"https:\/\/telemme.mmsh.fr\/index.php?rest_route=\/wp\/v2\/types\/post"}],"author":[{"embeddable":true,"href":"https:\/\/telemme.mmsh.fr\/index.php?rest_route=\/wp\/v2\/users\/6"}],"replies":[{"embeddable":true,"href":"https:\/\/telemme.mmsh.fr\/index.php?rest_route=%2Fwp%2Fv2%2Fcomments&post=15170"}],"version-history":[{"count":2,"href":"https:\/\/telemme.mmsh.fr\/index.php?rest_route=\/wp\/v2\/posts\/15170\/revisions"}],"predecessor-version":[{"id":15174,"href":"https:\/\/telemme.mmsh.fr\/index.php?rest_route=\/wp\/v2\/posts\/15170\/revisions\/15174"}],"wp:featuredmedia":[{"embeddable":true,"href":"https:\/\/telemme.mmsh.fr\/index.php?rest_route=\/wp\/v2\/media\/15172"}],"wp:attachment":[{"href":"https:\/\/telemme.mmsh.fr\/index.php?rest_route=%2Fwp%2Fv2%2Fmedia&parent=15170"}],"wp:term":[{"taxonomy":"category","embeddable":true,"href":"https:\/\/telemme.mmsh.fr\/index.php?rest_route=%2Fwp%2Fv2%2Fcategories&post=15170"},{"taxonomy":"post_tag","embeddable":true,"href":"https:\/\/telemme.mmsh.fr\/index.php?rest_route=%2Fwp%2Fv2%2Ftags&post=15170"}],"curies":[{"name":"wp","href":"https:\/\/api.w.org\/{rel}","templated":true}]}}