{"id":15055,"date":"2025-01-17T12:00:12","date_gmt":"2025-01-17T11:00:12","guid":{"rendered":"https:\/\/telemme.mmsh.fr\/?p=15055"},"modified":"2025-01-17T12:02:08","modified_gmt":"2025-01-17T11:02:08","slug":"peches-de-jeunesse","status":"publish","type":"post","link":"https:\/\/telemme.mmsh.fr\/?p=15055","title":{"rendered":"P\u00e9ch\u00e9s de jeunesse"},"content":{"rendered":"\n<blockquote class=\"wp-block-quote is-layout-flow wp-block-quote-is-layout-flow\">\n<p><\/p>\n<\/blockquote>\n\n\n\n<blockquote class=\"wp-block-quote is-layout-flow wp-block-quote-is-layout-flow\">\n<p><em><strong><a href=\"https:\/\/pur-editions.fr\/product\/10074\/peches-de-jeunesse\">P\u00e9ch\u00e9s de jeunesse. D\u00e9viance, marginalit\u00e9 et r\u00e9\u00e9ducation dans l\u2019Espagne franquiste<\/a><\/strong><\/em>, Am\u00e9lie Nuq, Presses universitaires de Rennes, 2024, 252 pages<\/p>\n<\/blockquote>\n\n\n\n<p>Dans<em>\u00a0Los mares del Sur<\/em>\u00a0(1979), le d\u00e9tective Pepe Carvalho, h\u00e9ros des romans de l\u2019\u00e9crivain Manuel V\u00e1zquez Montalb\u00e1n, affirme faire partie de la g\u00e9n\u00e9ration de Barcelonais qui a grandi sous la menace d\u2019un internement \u00e0 l\u2019Asilo Dur\u00e1n. Si elle est encore pr\u00e9sente aujourd\u2019hui dans la m\u00e9moire collective barcelonaise, cette institution corrective est, comme celles qui \u00e9taient r\u00e9parties sur l\u2019ensemble du territoire espagnol depuis le d\u00e9but du xxe si\u00e8cle, tr\u00e8s peu connue des historiens. L\u2019ouvrage se propose de combler cette lacune et de documenter le sort des \u00ab voyous \u00bb et des \u00ab filles d\u00e9chues \u00bb intern\u00e9s durant la p\u00e9riode de la dictature franquiste (1939-1975) dans deux maisons de redressement, l\u2019Asilo Dur\u00e1n et la Colonia San Vicente Ferrer de Valence. Il s\u2019agit tout autant d\u2019en franchir les murs pour documenter, malgr\u00e9 les silences des archives, la vie quotidienne des pensionnaires, que d\u2019observer durant toute la dur\u00e9e de la dictature les rapports entre le pouvoir franquiste, l\u2019\u00c9glise catholique et les habitants des quartiers populaires et marginaux des grandes villes espagnoles.<\/p>\n\n\n\n<p>M\u00eame pendant la p\u00e9riode de l\u2019imm\u00e9diat apr\u00e8s-guerre civile, marqu\u00e9e par une r\u00e9pression impitoyable et par la volont\u00e9 d\u2019\u00e9craser les vaincus, les maisons de redressement ne constituent \u00e9tonnamment pas un lieu de r\u00e9pression politique dans lequel les enfants de \u00ab rouges \u00bb seraient surrepr\u00e9sent\u00e9s. En revanche, le caract\u00e8re profond\u00e9ment traditionnaliste et religieux de la prise en charge de la jeunesse dangereuse et en danger est tr\u00e8s clair, ce qui permet de caract\u00e9riser plus finement encore la nature d\u2019un r\u00e9gime qui ne cesse de poser question aux historiens.<\/p>\n\n\n\n<p><em>Avec le soutien du laboratoire LARHRA (Laboratoire de recherche historique Rh\u00f4ne-Alpes, UMR 5190) et de TELEMMe (Temps, espaces, langages, Europe m\u00e9ridionale, M\u00e9diterran\u00e9e, UMR 7303).<\/em><\/p>\n","protected":false},"excerpt":{"rendered":"<p>P\u00e9ch\u00e9s de jeunesse. D\u00e9viance, marginalit\u00e9 et r\u00e9\u00e9ducation dans l\u2019Espagne franquiste, Am\u00e9lie Nuq, Presses universitaires de Rennes, 2024, 252 pages Dans\u00a0Los mares del Sur\u00a0(1979), le d\u00e9tective Pepe Carvalho, h\u00e9ros des romans&hellip;&nbsp;<a href=\"https:\/\/telemme.mmsh.fr\/?p=15055\" rel=\"bookmark\">Lire la suite &raquo;<span class=\"screen-reader-text\">P\u00e9ch\u00e9s de jeunesse<\/span><\/a><\/p>\n","protected":false},"author":6,"featured_media":15056,"comment_status":"closed","ping_status":"closed","sticky":false,"template":"","format":"standard","meta":{"neve_meta_sidebar":"","neve_meta_container":"","neve_meta_enable_content_width":"off","neve_meta_content_width":70,"neve_meta_title_alignment":"","neve_meta_author_avatar":"","neve_post_elements_order":"","neve_meta_disable_header":"","neve_meta_disable_footer":"","neve_meta_disable_title":"","_tribe_events_control_status":"","_tribe_events_control_status_canceled_reason":"","_tribe_events_control_status_postponed_reason":"","_tribe_events_control_online":"","_tribe_events_control_online_url":"","footnotes":""},"categories":[1740],"tags":[],"class_list":["post-15055","post","type-post","status-publish","format-standard","has-post-thumbnail","hentry","category-ouvrages"],"yoast_head":"<!-- This site is optimized with the Yoast SEO plugin v27.4 - https:\/\/yoast.com\/product\/yoast-seo-wordpress\/ -->\n<title>P\u00e9ch\u00e9s de jeunesse - TELEMMe - Temps, espaces, langages, Europe m\u00e9ridionale, M\u00e9diterran\u00e9e<\/title>\n<meta name=\"robots\" content=\"index, follow, max-snippet:-1, max-image-preview:large, max-video-preview:-1\" \/>\n<link rel=\"canonical\" href=\"https:\/\/telemme.mmsh.fr\/?p=15055\" \/>\n<meta property=\"og:locale\" content=\"fr_FR\" \/>\n<meta property=\"og:type\" content=\"article\" \/>\n<meta property=\"og:title\" content=\"P\u00e9ch\u00e9s de jeunesse - TELEMMe - Temps, espaces, langages, Europe m\u00e9ridionale, M\u00e9diterran\u00e9e\" \/>\n<meta property=\"og:description\" content=\"P\u00e9ch\u00e9s de jeunesse. D\u00e9viance, marginalit\u00e9 et r\u00e9\u00e9ducation dans l\u2019Espagne franquiste, Am\u00e9lie Nuq, Presses universitaires de Rennes, 2024, 252 pages Dans\u00a0Los mares del Sur\u00a0(1979), le d\u00e9tective Pepe Carvalho, h\u00e9ros des romans&hellip;&nbsp;Lire la suite &raquo;P\u00e9ch\u00e9s de jeunesse\" \/>\n<meta property=\"og:url\" content=\"https:\/\/telemme.mmsh.fr\/?p=15055\" \/>\n<meta property=\"og:site_name\" content=\"TELEMMe - Temps, espaces, langages, Europe m\u00e9ridionale, M\u00e9diterran\u00e9e\" \/>\n<meta property=\"article:published_time\" content=\"2025-01-17T11:00:12+00:00\" \/>\n<meta property=\"article:modified_time\" content=\"2025-01-17T11:02:08+00:00\" \/>\n<meta property=\"og:image\" content=\"https:\/\/telemme.mmsh.fr\/wp-content\/uploads\/2025\/01\/10074_raw.jpg\" \/>\n\t<meta property=\"og:image:width\" content=\"300\" \/>\n\t<meta property=\"og:image:height\" content=\"468\" \/>\n\t<meta property=\"og:image:type\" content=\"image\/jpeg\" \/>\n<meta name=\"author\" content=\"Delphine Cavallo\" \/>\n<meta name=\"twitter:card\" content=\"summary_large_image\" \/>\n<meta name=\"twitter:label1\" content=\"\u00c9crit par\" \/>\n\t<meta name=\"twitter:data1\" content=\"Delphine Cavallo\" \/>\n\t<meta name=\"twitter:label2\" content=\"Dur\u00e9e de lecture estim\u00e9e\" \/>\n\t<meta name=\"twitter:data2\" content=\"2 minutes\" \/>\n<script type=\"application\/ld+json\" class=\"yoast-schema-graph\">{\"@context\":\"https:\\\/\\\/schema.org\",\"@graph\":[{\"@type\":\"Article\",\"@id\":\"https:\\\/\\\/telemme.mmsh.fr\\\/?p=15055#article\",\"isPartOf\":{\"@id\":\"https:\\\/\\\/telemme.mmsh.fr\\\/?p=15055\"},\"author\":{\"name\":\"Delphine Cavallo\",\"@id\":\"https:\\\/\\\/telemme.mmsh.fr\\\/#\\\/schema\\\/person\\\/86a185da4836381586528ced48e263f5\"},\"headline\":\"P\u00e9ch\u00e9s de jeunesse\",\"datePublished\":\"2025-01-17T11:00:12+00:00\",\"dateModified\":\"2025-01-17T11:02:08+00:00\",\"mainEntityOfPage\":{\"@id\":\"https:\\\/\\\/telemme.mmsh.fr\\\/?p=15055\"},\"wordCount\":346,\"publisher\":{\"@id\":\"https:\\\/\\\/telemme.mmsh.fr\\\/#organization\"},\"image\":{\"@id\":\"https:\\\/\\\/telemme.mmsh.fr\\\/?p=15055#primaryimage\"},\"thumbnailUrl\":\"https:\\\/\\\/telemme.mmsh.fr\\\/wp-content\\\/uploads\\\/2025\\\/01\\\/10074_raw.jpg\",\"articleSection\":[\"Ouvrages\"],\"inLanguage\":\"fr-FR\"},{\"@type\":\"WebPage\",\"@id\":\"https:\\\/\\\/telemme.mmsh.fr\\\/?p=15055\",\"url\":\"https:\\\/\\\/telemme.mmsh.fr\\\/?p=15055\",\"name\":\"P\u00e9ch\u00e9s de jeunesse - TELEMMe - Temps, espaces, langages, Europe m\u00e9ridionale, M\u00e9diterran\u00e9e\",\"isPartOf\":{\"@id\":\"https:\\\/\\\/telemme.mmsh.fr\\\/#website\"},\"primaryImageOfPage\":{\"@id\":\"https:\\\/\\\/telemme.mmsh.fr\\\/?p=15055#primaryimage\"},\"image\":{\"@id\":\"https:\\\/\\\/telemme.mmsh.fr\\\/?p=15055#primaryimage\"},\"thumbnailUrl\":\"https:\\\/\\\/telemme.mmsh.fr\\\/wp-content\\\/uploads\\\/2025\\\/01\\\/10074_raw.jpg\",\"datePublished\":\"2025-01-17T11:00:12+00:00\",\"dateModified\":\"2025-01-17T11:02:08+00:00\",\"breadcrumb\":{\"@id\":\"https:\\\/\\\/telemme.mmsh.fr\\\/?p=15055#breadcrumb\"},\"inLanguage\":\"fr-FR\",\"potentialAction\":[{\"@type\":\"ReadAction\",\"target\":[\"https:\\\/\\\/telemme.mmsh.fr\\\/?p=15055\"]}]},{\"@type\":\"ImageObject\",\"inLanguage\":\"fr-FR\",\"@id\":\"https:\\\/\\\/telemme.mmsh.fr\\\/?p=15055#primaryimage\",\"url\":\"https:\\\/\\\/telemme.mmsh.fr\\\/wp-content\\\/uploads\\\/2025\\\/01\\\/10074_raw.jpg\",\"contentUrl\":\"https:\\\/\\\/telemme.mmsh.fr\\\/wp-content\\\/uploads\\\/2025\\\/01\\\/10074_raw.jpg\",\"width\":300,\"height\":468,\"caption\":\"Couverture de P\u00e9ch\u00e9s de jeunesse\"},{\"@type\":\"BreadcrumbList\",\"@id\":\"https:\\\/\\\/telemme.mmsh.fr\\\/?p=15055#breadcrumb\",\"itemListElement\":[{\"@type\":\"ListItem\",\"position\":1,\"name\":\"Accueil\",\"item\":\"https:\\\/\\\/telemme.mmsh.fr\\\/\"},{\"@type\":\"ListItem\",\"position\":2,\"name\":\"Publications\",\"item\":\"https:\\\/\\\/telemme.mmsh.fr\\\/?cat=1738\"},{\"@type\":\"ListItem\",\"position\":3,\"name\":\"Ouvrages\",\"item\":\"https:\\\/\\\/telemme.mmsh.fr\\\/?cat=1740\"},{\"@type\":\"ListItem\",\"position\":4,\"name\":\"P\u00e9ch\u00e9s de jeunesse\"}]},{\"@type\":\"WebSite\",\"@id\":\"https:\\\/\\\/telemme.mmsh.fr\\\/#website\",\"url\":\"https:\\\/\\\/telemme.mmsh.fr\\\/\",\"name\":\"TELEMMe - Temps, espaces, langages, Europe m\u00e9ridionale, M\u00e9diterran\u00e9e\",\"description\":\"\",\"publisher\":{\"@id\":\"https:\\\/\\\/telemme.mmsh.fr\\\/#organization\"},\"potentialAction\":[{\"@type\":\"SearchAction\",\"target\":{\"@type\":\"EntryPoint\",\"urlTemplate\":\"https:\\\/\\\/telemme.mmsh.fr\\\/?s={search_term_string}\"},\"query-input\":{\"@type\":\"PropertyValueSpecification\",\"valueRequired\":true,\"valueName\":\"search_term_string\"}}],\"inLanguage\":\"fr-FR\"},{\"@type\":\"Organization\",\"@id\":\"https:\\\/\\\/telemme.mmsh.fr\\\/#organization\",\"name\":\"TELEMMe\",\"url\":\"https:\\\/\\\/telemme.mmsh.fr\\\/\",\"logo\":{\"@type\":\"ImageObject\",\"inLanguage\":\"fr-FR\",\"@id\":\"https:\\\/\\\/telemme.mmsh.fr\\\/#\\\/schema\\\/logo\\\/image\\\/\",\"url\":\"https:\\\/\\\/telemme.mmsh.fr\\\/wp-content\\\/uploads\\\/2020\\\/03\\\/LogoTELEMMe-horizontal-fond-transparent.png\",\"contentUrl\":\"https:\\\/\\\/telemme.mmsh.fr\\\/wp-content\\\/uploads\\\/2020\\\/03\\\/LogoTELEMMe-horizontal-fond-transparent.png\",\"width\":1500,\"height\":437,\"caption\":\"TELEMMe\"},\"image\":{\"@id\":\"https:\\\/\\\/telemme.mmsh.fr\\\/#\\\/schema\\\/logo\\\/image\\\/\"}},{\"@type\":\"Person\",\"@id\":\"https:\\\/\\\/telemme.mmsh.fr\\\/#\\\/schema\\\/person\\\/86a185da4836381586528ced48e263f5\",\"name\":\"Delphine Cavallo\",\"url\":\"https:\\\/\\\/telemme.mmsh.fr\\\/?author=6\"}]}<\/script>\n<!-- \/ Yoast SEO plugin. -->","yoast_head_json":{"title":"P\u00e9ch\u00e9s de jeunesse - TELEMMe - Temps, espaces, langages, Europe m\u00e9ridionale, M\u00e9diterran\u00e9e","robots":{"index":"index","follow":"follow","max-snippet":"max-snippet:-1","max-image-preview":"max-image-preview:large","max-video-preview":"max-video-preview:-1"},"canonical":"https:\/\/telemme.mmsh.fr\/?p=15055","og_locale":"fr_FR","og_type":"article","og_title":"P\u00e9ch\u00e9s de jeunesse - TELEMMe - Temps, espaces, langages, Europe m\u00e9ridionale, M\u00e9diterran\u00e9e","og_description":"P\u00e9ch\u00e9s de jeunesse. D\u00e9viance, marginalit\u00e9 et r\u00e9\u00e9ducation dans l\u2019Espagne franquiste, Am\u00e9lie Nuq, Presses universitaires de Rennes, 2024, 252 pages Dans\u00a0Los mares del Sur\u00a0(1979), le d\u00e9tective Pepe Carvalho, h\u00e9ros des romans&hellip;&nbsp;Lire la suite &raquo;P\u00e9ch\u00e9s de jeunesse","og_url":"https:\/\/telemme.mmsh.fr\/?p=15055","og_site_name":"TELEMMe - Temps, espaces, langages, Europe m\u00e9ridionale, M\u00e9diterran\u00e9e","article_published_time":"2025-01-17T11:00:12+00:00","article_modified_time":"2025-01-17T11:02:08+00:00","og_image":[{"width":300,"height":468,"url":"https:\/\/telemme.mmsh.fr\/wp-content\/uploads\/2025\/01\/10074_raw.jpg","type":"image\/jpeg"}],"author":"Delphine Cavallo","twitter_card":"summary_large_image","twitter_misc":{"\u00c9crit par":"Delphine Cavallo","Dur\u00e9e de lecture estim\u00e9e":"2 minutes"},"schema":{"@context":"https:\/\/schema.org","@graph":[{"@type":"Article","@id":"https:\/\/telemme.mmsh.fr\/?p=15055#article","isPartOf":{"@id":"https:\/\/telemme.mmsh.fr\/?p=15055"},"author":{"name":"Delphine Cavallo","@id":"https:\/\/telemme.mmsh.fr\/#\/schema\/person\/86a185da4836381586528ced48e263f5"},"headline":"P\u00e9ch\u00e9s de jeunesse","datePublished":"2025-01-17T11:00:12+00:00","dateModified":"2025-01-17T11:02:08+00:00","mainEntityOfPage":{"@id":"https:\/\/telemme.mmsh.fr\/?p=15055"},"wordCount":346,"publisher":{"@id":"https:\/\/telemme.mmsh.fr\/#organization"},"image":{"@id":"https:\/\/telemme.mmsh.fr\/?p=15055#primaryimage"},"thumbnailUrl":"https:\/\/telemme.mmsh.fr\/wp-content\/uploads\/2025\/01\/10074_raw.jpg","articleSection":["Ouvrages"],"inLanguage":"fr-FR"},{"@type":"WebPage","@id":"https:\/\/telemme.mmsh.fr\/?p=15055","url":"https:\/\/telemme.mmsh.fr\/?p=15055","name":"P\u00e9ch\u00e9s de jeunesse - TELEMMe - Temps, espaces, langages, Europe m\u00e9ridionale, M\u00e9diterran\u00e9e","isPartOf":{"@id":"https:\/\/telemme.mmsh.fr\/#website"},"primaryImageOfPage":{"@id":"https:\/\/telemme.mmsh.fr\/?p=15055#primaryimage"},"image":{"@id":"https:\/\/telemme.mmsh.fr\/?p=15055#primaryimage"},"thumbnailUrl":"https:\/\/telemme.mmsh.fr\/wp-content\/uploads\/2025\/01\/10074_raw.jpg","datePublished":"2025-01-17T11:00:12+00:00","dateModified":"2025-01-17T11:02:08+00:00","breadcrumb":{"@id":"https:\/\/telemme.mmsh.fr\/?p=15055#breadcrumb"},"inLanguage":"fr-FR","potentialAction":[{"@type":"ReadAction","target":["https:\/\/telemme.mmsh.fr\/?p=15055"]}]},{"@type":"ImageObject","inLanguage":"fr-FR","@id":"https:\/\/telemme.mmsh.fr\/?p=15055#primaryimage","url":"https:\/\/telemme.mmsh.fr\/wp-content\/uploads\/2025\/01\/10074_raw.jpg","contentUrl":"https:\/\/telemme.mmsh.fr\/wp-content\/uploads\/2025\/01\/10074_raw.jpg","width":300,"height":468,"caption":"Couverture de P\u00e9ch\u00e9s de jeunesse"},{"@type":"BreadcrumbList","@id":"https:\/\/telemme.mmsh.fr\/?p=15055#breadcrumb","itemListElement":[{"@type":"ListItem","position":1,"name":"Accueil","item":"https:\/\/telemme.mmsh.fr\/"},{"@type":"ListItem","position":2,"name":"Publications","item":"https:\/\/telemme.mmsh.fr\/?cat=1738"},{"@type":"ListItem","position":3,"name":"Ouvrages","item":"https:\/\/telemme.mmsh.fr\/?cat=1740"},{"@type":"ListItem","position":4,"name":"P\u00e9ch\u00e9s de jeunesse"}]},{"@type":"WebSite","@id":"https:\/\/telemme.mmsh.fr\/#website","url":"https:\/\/telemme.mmsh.fr\/","name":"TELEMMe - Temps, espaces, langages, Europe m\u00e9ridionale, M\u00e9diterran\u00e9e","description":"","publisher":{"@id":"https:\/\/telemme.mmsh.fr\/#organization"},"potentialAction":[{"@type":"SearchAction","target":{"@type":"EntryPoint","urlTemplate":"https:\/\/telemme.mmsh.fr\/?s={search_term_string}"},"query-input":{"@type":"PropertyValueSpecification","valueRequired":true,"valueName":"search_term_string"}}],"inLanguage":"fr-FR"},{"@type":"Organization","@id":"https:\/\/telemme.mmsh.fr\/#organization","name":"TELEMMe","url":"https:\/\/telemme.mmsh.fr\/","logo":{"@type":"ImageObject","inLanguage":"fr-FR","@id":"https:\/\/telemme.mmsh.fr\/#\/schema\/logo\/image\/","url":"https:\/\/telemme.mmsh.fr\/wp-content\/uploads\/2020\/03\/LogoTELEMMe-horizontal-fond-transparent.png","contentUrl":"https:\/\/telemme.mmsh.fr\/wp-content\/uploads\/2020\/03\/LogoTELEMMe-horizontal-fond-transparent.png","width":1500,"height":437,"caption":"TELEMMe"},"image":{"@id":"https:\/\/telemme.mmsh.fr\/#\/schema\/logo\/image\/"}},{"@type":"Person","@id":"https:\/\/telemme.mmsh.fr\/#\/schema\/person\/86a185da4836381586528ced48e263f5","name":"Delphine Cavallo","url":"https:\/\/telemme.mmsh.fr\/?author=6"}]}},"_links":{"self":[{"href":"https:\/\/telemme.mmsh.fr\/index.php?rest_route=\/wp\/v2\/posts\/15055","targetHints":{"allow":["GET"]}}],"collection":[{"href":"https:\/\/telemme.mmsh.fr\/index.php?rest_route=\/wp\/v2\/posts"}],"about":[{"href":"https:\/\/telemme.mmsh.fr\/index.php?rest_route=\/wp\/v2\/types\/post"}],"author":[{"embeddable":true,"href":"https:\/\/telemme.mmsh.fr\/index.php?rest_route=\/wp\/v2\/users\/6"}],"replies":[{"embeddable":true,"href":"https:\/\/telemme.mmsh.fr\/index.php?rest_route=%2Fwp%2Fv2%2Fcomments&post=15055"}],"version-history":[{"count":5,"href":"https:\/\/telemme.mmsh.fr\/index.php?rest_route=\/wp\/v2\/posts\/15055\/revisions"}],"predecessor-version":[{"id":15062,"href":"https:\/\/telemme.mmsh.fr\/index.php?rest_route=\/wp\/v2\/posts\/15055\/revisions\/15062"}],"wp:featuredmedia":[{"embeddable":true,"href":"https:\/\/telemme.mmsh.fr\/index.php?rest_route=\/wp\/v2\/media\/15056"}],"wp:attachment":[{"href":"https:\/\/telemme.mmsh.fr\/index.php?rest_route=%2Fwp%2Fv2%2Fmedia&parent=15055"}],"wp:term":[{"taxonomy":"category","embeddable":true,"href":"https:\/\/telemme.mmsh.fr\/index.php?rest_route=%2Fwp%2Fv2%2Fcategories&post=15055"},{"taxonomy":"post_tag","embeddable":true,"href":"https:\/\/telemme.mmsh.fr\/index.php?rest_route=%2Fwp%2Fv2%2Ftags&post=15055"}],"curies":[{"name":"wp","href":"https:\/\/api.w.org\/{rel}","templated":true}]}}