{"id":15001,"date":"2025-01-16T17:59:58","date_gmt":"2025-01-16T16:59:58","guid":{"rendered":"https:\/\/telemme.mmsh.fr\/?p=15001"},"modified":"2025-01-16T18:02:22","modified_gmt":"2025-01-16T17:02:22","slug":"la-memoire-est-selective-de-toute-facon","status":"publish","type":"post","link":"https:\/\/telemme.mmsh.fr\/?p=15001","title":{"rendered":"\u00ab La m\u00e9moire est s\u00e9lective de toute fa\u00e7on \u00bb"},"content":{"rendered":"\n<blockquote class=\"wp-block-quote is-layout-flow wp-block-quote-is-layout-flow\">\n<p><em><strong><a href=\"https:\/\/www.editions-harmattan.fr\/catalogue\/livre\/la-memoire-est-selective-de-toute-facon\/75959?srsltid=AfmBOopuNWCU_WPc-RSGDPV9G1FCkeLXJR0HRJJW628nceI4yD7JbL-C\">\u00ab La m\u00e9moire est s\u00e9lective de toute fa\u00e7on \u00bb. Transmission interg\u00e9n\u00e9rationnelle de la m\u00e9moire de la guerre d&rsquo;Alg\u00e9rie dans les familles fran\u00e7aises d&rsquo;origine alg\u00e9rienne<\/a><\/strong><\/em>, Louna Hassa\u00efni-Moussaoui, L&rsquo;Harmattan. 2024, 186 pages<\/p>\n<\/blockquote>\n\n\n\n<p>Depuis l\u2019ind\u00e9pendance de l\u2019Alg\u00e9rie, la m\u00e9moire de la guerre de lib\u00e9ration nationale n\u2019a cess\u00e9 de faire l\u2019objet d\u2019analyses en histoire et dans d\u2019autres disciplines des sciences sociales. Pourtant, pr\u00e8s de soixante ans apr\u00e8s les Accords d\u2019Evian, aucune \u00e9tude ne s\u2019int\u00e9resse \u00e0 la transmission de la m\u00e9moire de la guerre d\u2019Alg\u00e9rie au sein des familles.<br>C\u2019est ce constat qui est \u00e0 l\u2019origine de la recherche issue du pr\u00e9sent ouvrage. \u00c0 partir d\u2019une micro-enqu\u00eate dans le Nord de la France, il s\u2019agissait de r\u00e9habiliter la m\u00e9moire qui circule au sein des familles d\u2019ascendance alg\u00e9rienne afin de r\u00e9ins\u00e9rer les v\u00e9cus des immigr\u00e9\u00b7es alg\u00e9rien\u00b7nes dans une histoire plus globale et caract\u00e9riser la transmission de la m\u00e9moire d\u2019une guerre coloniale.<\/p>\n","protected":false},"excerpt":{"rendered":"<p>\u00ab La m\u00e9moire est s\u00e9lective de toute fa\u00e7on \u00bb. Transmission interg\u00e9n\u00e9rationnelle de la m\u00e9moire de la guerre d&rsquo;Alg\u00e9rie dans les familles fran\u00e7aises d&rsquo;origine alg\u00e9rienne, Louna Hassa\u00efni-Moussaoui, L&rsquo;Harmattan. 2024, 186 pages&hellip;&nbsp;<a href=\"https:\/\/telemme.mmsh.fr\/?p=15001\" rel=\"bookmark\">Lire la suite &raquo;<span class=\"screen-reader-text\">\u00ab La m\u00e9moire est s\u00e9lective de toute fa\u00e7on \u00bb<\/span><\/a><\/p>\n","protected":false},"author":6,"featured_media":15005,"comment_status":"closed","ping_status":"closed","sticky":false,"template":"","format":"standard","meta":{"neve_meta_sidebar":"","neve_meta_container":"","neve_meta_enable_content_width":"off","neve_meta_content_width":70,"neve_meta_title_alignment":"","neve_meta_author_avatar":"","neve_post_elements_order":"","neve_meta_disable_header":"","neve_meta_disable_footer":"","neve_meta_disable_title":"","_tribe_events_control_status":"","_tribe_events_control_status_canceled_reason":"","_tribe_events_control_status_postponed_reason":"","_tribe_events_control_online":"","_tribe_events_control_online_url":"","footnotes":""},"categories":[1740],"tags":[],"class_list":["post-15001","post","type-post","status-publish","format-standard","has-post-thumbnail","hentry","category-ouvrages"],"yoast_head":"<!-- This site is optimized with the Yoast SEO plugin v27.4 - https:\/\/yoast.com\/product\/yoast-seo-wordpress\/ -->\n<title>\u00ab La m\u00e9moire est s\u00e9lective de toute fa\u00e7on \u00bb - TELEMMe - Temps, espaces, langages, Europe m\u00e9ridionale, M\u00e9diterran\u00e9e<\/title>\n<meta name=\"robots\" content=\"index, follow, max-snippet:-1, max-image-preview:large, max-video-preview:-1\" \/>\n<link rel=\"canonical\" href=\"https:\/\/telemme.mmsh.fr\/?p=15001\" \/>\n<meta property=\"og:locale\" content=\"fr_FR\" \/>\n<meta property=\"og:type\" content=\"article\" \/>\n<meta property=\"og:title\" content=\"\u00ab La m\u00e9moire est s\u00e9lective de toute fa\u00e7on \u00bb - TELEMMe - Temps, espaces, langages, Europe m\u00e9ridionale, M\u00e9diterran\u00e9e\" \/>\n<meta property=\"og:description\" content=\"\u00ab La m\u00e9moire est s\u00e9lective de toute fa\u00e7on \u00bb. Transmission interg\u00e9n\u00e9rationnelle de la m\u00e9moire de la guerre d&rsquo;Alg\u00e9rie dans les familles fran\u00e7aises d&rsquo;origine alg\u00e9rienne, Louna Hassa\u00efni-Moussaoui, L&rsquo;Harmattan. 2024, 186 pages&hellip;&nbsp;Lire la suite &raquo;\u00ab La m\u00e9moire est s\u00e9lective de toute fa\u00e7on \u00bb\" \/>\n<meta property=\"og:url\" content=\"https:\/\/telemme.mmsh.fr\/?p=15001\" \/>\n<meta property=\"og:site_name\" content=\"TELEMMe - Temps, espaces, langages, Europe m\u00e9ridionale, M\u00e9diterran\u00e9e\" \/>\n<meta property=\"article:published_time\" content=\"2025-01-16T16:59:58+00:00\" \/>\n<meta property=\"article:modified_time\" content=\"2025-01-16T17:02:22+00:00\" \/>\n<meta property=\"og:image\" content=\"https:\/\/telemme.mmsh.fr\/wp-content\/uploads\/2025\/01\/9782336437637r-1.jpg\" \/>\n\t<meta property=\"og:image:width\" content=\"500\" \/>\n\t<meta property=\"og:image:height\" content=\"797\" \/>\n\t<meta property=\"og:image:type\" content=\"image\/jpeg\" \/>\n<meta name=\"author\" content=\"Delphine Cavallo\" \/>\n<meta name=\"twitter:card\" content=\"summary_large_image\" \/>\n<meta name=\"twitter:label1\" content=\"\u00c9crit par\" \/>\n\t<meta name=\"twitter:data1\" content=\"Delphine Cavallo\" \/>\n\t<meta name=\"twitter:label2\" content=\"Dur\u00e9e de lecture estim\u00e9e\" \/>\n\t<meta name=\"twitter:data2\" content=\"1 minute\" \/>\n<script type=\"application\/ld+json\" class=\"yoast-schema-graph\">{\"@context\":\"https:\\\/\\\/schema.org\",\"@graph\":[{\"@type\":\"Article\",\"@id\":\"https:\\\/\\\/telemme.mmsh.fr\\\/?p=15001#article\",\"isPartOf\":{\"@id\":\"https:\\\/\\\/telemme.mmsh.fr\\\/?p=15001\"},\"author\":{\"name\":\"Delphine Cavallo\",\"@id\":\"https:\\\/\\\/telemme.mmsh.fr\\\/#\\\/schema\\\/person\\\/86a185da4836381586528ced48e263f5\"},\"headline\":\"\u00ab La m\u00e9moire est s\u00e9lective de toute fa\u00e7on \u00bb\",\"datePublished\":\"2025-01-16T16:59:58+00:00\",\"dateModified\":\"2025-01-16T17:02:22+00:00\",\"mainEntityOfPage\":{\"@id\":\"https:\\\/\\\/telemme.mmsh.fr\\\/?p=15001\"},\"wordCount\":198,\"publisher\":{\"@id\":\"https:\\\/\\\/telemme.mmsh.fr\\\/#organization\"},\"image\":{\"@id\":\"https:\\\/\\\/telemme.mmsh.fr\\\/?p=15001#primaryimage\"},\"thumbnailUrl\":\"https:\\\/\\\/telemme.mmsh.fr\\\/wp-content\\\/uploads\\\/2025\\\/01\\\/9782336437637r-1.jpg\",\"articleSection\":[\"Ouvrages\"],\"inLanguage\":\"fr-FR\"},{\"@type\":\"WebPage\",\"@id\":\"https:\\\/\\\/telemme.mmsh.fr\\\/?p=15001\",\"url\":\"https:\\\/\\\/telemme.mmsh.fr\\\/?p=15001\",\"name\":\"\u00ab La m\u00e9moire est s\u00e9lective de toute fa\u00e7on \u00bb - TELEMMe - Temps, espaces, langages, Europe m\u00e9ridionale, M\u00e9diterran\u00e9e\",\"isPartOf\":{\"@id\":\"https:\\\/\\\/telemme.mmsh.fr\\\/#website\"},\"primaryImageOfPage\":{\"@id\":\"https:\\\/\\\/telemme.mmsh.fr\\\/?p=15001#primaryimage\"},\"image\":{\"@id\":\"https:\\\/\\\/telemme.mmsh.fr\\\/?p=15001#primaryimage\"},\"thumbnailUrl\":\"https:\\\/\\\/telemme.mmsh.fr\\\/wp-content\\\/uploads\\\/2025\\\/01\\\/9782336437637r-1.jpg\",\"datePublished\":\"2025-01-16T16:59:58+00:00\",\"dateModified\":\"2025-01-16T17:02:22+00:00\",\"breadcrumb\":{\"@id\":\"https:\\\/\\\/telemme.mmsh.fr\\\/?p=15001#breadcrumb\"},\"inLanguage\":\"fr-FR\",\"potentialAction\":[{\"@type\":\"ReadAction\",\"target\":[\"https:\\\/\\\/telemme.mmsh.fr\\\/?p=15001\"]}]},{\"@type\":\"ImageObject\",\"inLanguage\":\"fr-FR\",\"@id\":\"https:\\\/\\\/telemme.mmsh.fr\\\/?p=15001#primaryimage\",\"url\":\"https:\\\/\\\/telemme.mmsh.fr\\\/wp-content\\\/uploads\\\/2025\\\/01\\\/9782336437637r-1.jpg\",\"contentUrl\":\"https:\\\/\\\/telemme.mmsh.fr\\\/wp-content\\\/uploads\\\/2025\\\/01\\\/9782336437637r-1.jpg\",\"width\":500,\"height\":797,\"caption\":\"Couverture de \u00ab La m\u00e9moire est s\u00e9lective de toute fa\u00e7on \u00bb\"},{\"@type\":\"BreadcrumbList\",\"@id\":\"https:\\\/\\\/telemme.mmsh.fr\\\/?p=15001#breadcrumb\",\"itemListElement\":[{\"@type\":\"ListItem\",\"position\":1,\"name\":\"Accueil\",\"item\":\"https:\\\/\\\/telemme.mmsh.fr\\\/\"},{\"@type\":\"ListItem\",\"position\":2,\"name\":\"Publications\",\"item\":\"https:\\\/\\\/telemme.mmsh.fr\\\/?cat=1738\"},{\"@type\":\"ListItem\",\"position\":3,\"name\":\"Ouvrages\",\"item\":\"https:\\\/\\\/telemme.mmsh.fr\\\/?cat=1740\"},{\"@type\":\"ListItem\",\"position\":4,\"name\":\"\u00ab La m\u00e9moire est s\u00e9lective de toute fa\u00e7on \u00bb\"}]},{\"@type\":\"WebSite\",\"@id\":\"https:\\\/\\\/telemme.mmsh.fr\\\/#website\",\"url\":\"https:\\\/\\\/telemme.mmsh.fr\\\/\",\"name\":\"TELEMMe - Temps, espaces, langages, Europe m\u00e9ridionale, M\u00e9diterran\u00e9e\",\"description\":\"\",\"publisher\":{\"@id\":\"https:\\\/\\\/telemme.mmsh.fr\\\/#organization\"},\"potentialAction\":[{\"@type\":\"SearchAction\",\"target\":{\"@type\":\"EntryPoint\",\"urlTemplate\":\"https:\\\/\\\/telemme.mmsh.fr\\\/?s={search_term_string}\"},\"query-input\":{\"@type\":\"PropertyValueSpecification\",\"valueRequired\":true,\"valueName\":\"search_term_string\"}}],\"inLanguage\":\"fr-FR\"},{\"@type\":\"Organization\",\"@id\":\"https:\\\/\\\/telemme.mmsh.fr\\\/#organization\",\"name\":\"TELEMMe\",\"url\":\"https:\\\/\\\/telemme.mmsh.fr\\\/\",\"logo\":{\"@type\":\"ImageObject\",\"inLanguage\":\"fr-FR\",\"@id\":\"https:\\\/\\\/telemme.mmsh.fr\\\/#\\\/schema\\\/logo\\\/image\\\/\",\"url\":\"https:\\\/\\\/telemme.mmsh.fr\\\/wp-content\\\/uploads\\\/2020\\\/03\\\/LogoTELEMMe-horizontal-fond-transparent.png\",\"contentUrl\":\"https:\\\/\\\/telemme.mmsh.fr\\\/wp-content\\\/uploads\\\/2020\\\/03\\\/LogoTELEMMe-horizontal-fond-transparent.png\",\"width\":1500,\"height\":437,\"caption\":\"TELEMMe\"},\"image\":{\"@id\":\"https:\\\/\\\/telemme.mmsh.fr\\\/#\\\/schema\\\/logo\\\/image\\\/\"}},{\"@type\":\"Person\",\"@id\":\"https:\\\/\\\/telemme.mmsh.fr\\\/#\\\/schema\\\/person\\\/86a185da4836381586528ced48e263f5\",\"name\":\"Delphine Cavallo\",\"url\":\"https:\\\/\\\/telemme.mmsh.fr\\\/?author=6\"}]}<\/script>\n<!-- \/ Yoast SEO plugin. -->","yoast_head_json":{"title":"\u00ab La m\u00e9moire est s\u00e9lective de toute fa\u00e7on \u00bb - TELEMMe - Temps, espaces, langages, Europe m\u00e9ridionale, M\u00e9diterran\u00e9e","robots":{"index":"index","follow":"follow","max-snippet":"max-snippet:-1","max-image-preview":"max-image-preview:large","max-video-preview":"max-video-preview:-1"},"canonical":"https:\/\/telemme.mmsh.fr\/?p=15001","og_locale":"fr_FR","og_type":"article","og_title":"\u00ab La m\u00e9moire est s\u00e9lective de toute fa\u00e7on \u00bb - TELEMMe - Temps, espaces, langages, Europe m\u00e9ridionale, M\u00e9diterran\u00e9e","og_description":"\u00ab La m\u00e9moire est s\u00e9lective de toute fa\u00e7on \u00bb. Transmission interg\u00e9n\u00e9rationnelle de la m\u00e9moire de la guerre d&rsquo;Alg\u00e9rie dans les familles fran\u00e7aises d&rsquo;origine alg\u00e9rienne, Louna Hassa\u00efni-Moussaoui, L&rsquo;Harmattan. 2024, 186 pages&hellip;&nbsp;Lire la suite &raquo;\u00ab La m\u00e9moire est s\u00e9lective de toute fa\u00e7on \u00bb","og_url":"https:\/\/telemme.mmsh.fr\/?p=15001","og_site_name":"TELEMMe - Temps, espaces, langages, Europe m\u00e9ridionale, M\u00e9diterran\u00e9e","article_published_time":"2025-01-16T16:59:58+00:00","article_modified_time":"2025-01-16T17:02:22+00:00","og_image":[{"width":500,"height":797,"url":"https:\/\/telemme.mmsh.fr\/wp-content\/uploads\/2025\/01\/9782336437637r-1.jpg","type":"image\/jpeg"}],"author":"Delphine Cavallo","twitter_card":"summary_large_image","twitter_misc":{"\u00c9crit par":"Delphine Cavallo","Dur\u00e9e de lecture estim\u00e9e":"1 minute"},"schema":{"@context":"https:\/\/schema.org","@graph":[{"@type":"Article","@id":"https:\/\/telemme.mmsh.fr\/?p=15001#article","isPartOf":{"@id":"https:\/\/telemme.mmsh.fr\/?p=15001"},"author":{"name":"Delphine Cavallo","@id":"https:\/\/telemme.mmsh.fr\/#\/schema\/person\/86a185da4836381586528ced48e263f5"},"headline":"\u00ab La m\u00e9moire est s\u00e9lective de toute fa\u00e7on \u00bb","datePublished":"2025-01-16T16:59:58+00:00","dateModified":"2025-01-16T17:02:22+00:00","mainEntityOfPage":{"@id":"https:\/\/telemme.mmsh.fr\/?p=15001"},"wordCount":198,"publisher":{"@id":"https:\/\/telemme.mmsh.fr\/#organization"},"image":{"@id":"https:\/\/telemme.mmsh.fr\/?p=15001#primaryimage"},"thumbnailUrl":"https:\/\/telemme.mmsh.fr\/wp-content\/uploads\/2025\/01\/9782336437637r-1.jpg","articleSection":["Ouvrages"],"inLanguage":"fr-FR"},{"@type":"WebPage","@id":"https:\/\/telemme.mmsh.fr\/?p=15001","url":"https:\/\/telemme.mmsh.fr\/?p=15001","name":"\u00ab La m\u00e9moire est s\u00e9lective de toute fa\u00e7on \u00bb - TELEMMe - Temps, espaces, langages, Europe m\u00e9ridionale, M\u00e9diterran\u00e9e","isPartOf":{"@id":"https:\/\/telemme.mmsh.fr\/#website"},"primaryImageOfPage":{"@id":"https:\/\/telemme.mmsh.fr\/?p=15001#primaryimage"},"image":{"@id":"https:\/\/telemme.mmsh.fr\/?p=15001#primaryimage"},"thumbnailUrl":"https:\/\/telemme.mmsh.fr\/wp-content\/uploads\/2025\/01\/9782336437637r-1.jpg","datePublished":"2025-01-16T16:59:58+00:00","dateModified":"2025-01-16T17:02:22+00:00","breadcrumb":{"@id":"https:\/\/telemme.mmsh.fr\/?p=15001#breadcrumb"},"inLanguage":"fr-FR","potentialAction":[{"@type":"ReadAction","target":["https:\/\/telemme.mmsh.fr\/?p=15001"]}]},{"@type":"ImageObject","inLanguage":"fr-FR","@id":"https:\/\/telemme.mmsh.fr\/?p=15001#primaryimage","url":"https:\/\/telemme.mmsh.fr\/wp-content\/uploads\/2025\/01\/9782336437637r-1.jpg","contentUrl":"https:\/\/telemme.mmsh.fr\/wp-content\/uploads\/2025\/01\/9782336437637r-1.jpg","width":500,"height":797,"caption":"Couverture de \u00ab La m\u00e9moire est s\u00e9lective de toute fa\u00e7on \u00bb"},{"@type":"BreadcrumbList","@id":"https:\/\/telemme.mmsh.fr\/?p=15001#breadcrumb","itemListElement":[{"@type":"ListItem","position":1,"name":"Accueil","item":"https:\/\/telemme.mmsh.fr\/"},{"@type":"ListItem","position":2,"name":"Publications","item":"https:\/\/telemme.mmsh.fr\/?cat=1738"},{"@type":"ListItem","position":3,"name":"Ouvrages","item":"https:\/\/telemme.mmsh.fr\/?cat=1740"},{"@type":"ListItem","position":4,"name":"\u00ab La m\u00e9moire est s\u00e9lective de toute fa\u00e7on \u00bb"}]},{"@type":"WebSite","@id":"https:\/\/telemme.mmsh.fr\/#website","url":"https:\/\/telemme.mmsh.fr\/","name":"TELEMMe - Temps, espaces, langages, Europe m\u00e9ridionale, M\u00e9diterran\u00e9e","description":"","publisher":{"@id":"https:\/\/telemme.mmsh.fr\/#organization"},"potentialAction":[{"@type":"SearchAction","target":{"@type":"EntryPoint","urlTemplate":"https:\/\/telemme.mmsh.fr\/?s={search_term_string}"},"query-input":{"@type":"PropertyValueSpecification","valueRequired":true,"valueName":"search_term_string"}}],"inLanguage":"fr-FR"},{"@type":"Organization","@id":"https:\/\/telemme.mmsh.fr\/#organization","name":"TELEMMe","url":"https:\/\/telemme.mmsh.fr\/","logo":{"@type":"ImageObject","inLanguage":"fr-FR","@id":"https:\/\/telemme.mmsh.fr\/#\/schema\/logo\/image\/","url":"https:\/\/telemme.mmsh.fr\/wp-content\/uploads\/2020\/03\/LogoTELEMMe-horizontal-fond-transparent.png","contentUrl":"https:\/\/telemme.mmsh.fr\/wp-content\/uploads\/2020\/03\/LogoTELEMMe-horizontal-fond-transparent.png","width":1500,"height":437,"caption":"TELEMMe"},"image":{"@id":"https:\/\/telemme.mmsh.fr\/#\/schema\/logo\/image\/"}},{"@type":"Person","@id":"https:\/\/telemme.mmsh.fr\/#\/schema\/person\/86a185da4836381586528ced48e263f5","name":"Delphine Cavallo","url":"https:\/\/telemme.mmsh.fr\/?author=6"}]}},"_links":{"self":[{"href":"https:\/\/telemme.mmsh.fr\/index.php?rest_route=\/wp\/v2\/posts\/15001","targetHints":{"allow":["GET"]}}],"collection":[{"href":"https:\/\/telemme.mmsh.fr\/index.php?rest_route=\/wp\/v2\/posts"}],"about":[{"href":"https:\/\/telemme.mmsh.fr\/index.php?rest_route=\/wp\/v2\/types\/post"}],"author":[{"embeddable":true,"href":"https:\/\/telemme.mmsh.fr\/index.php?rest_route=\/wp\/v2\/users\/6"}],"replies":[{"embeddable":true,"href":"https:\/\/telemme.mmsh.fr\/index.php?rest_route=%2Fwp%2Fv2%2Fcomments&post=15001"}],"version-history":[{"count":2,"href":"https:\/\/telemme.mmsh.fr\/index.php?rest_route=\/wp\/v2\/posts\/15001\/revisions"}],"predecessor-version":[{"id":15004,"href":"https:\/\/telemme.mmsh.fr\/index.php?rest_route=\/wp\/v2\/posts\/15001\/revisions\/15004"}],"wp:featuredmedia":[{"embeddable":true,"href":"https:\/\/telemme.mmsh.fr\/index.php?rest_route=\/wp\/v2\/media\/15005"}],"wp:attachment":[{"href":"https:\/\/telemme.mmsh.fr\/index.php?rest_route=%2Fwp%2Fv2%2Fmedia&parent=15001"}],"wp:term":[{"taxonomy":"category","embeddable":true,"href":"https:\/\/telemme.mmsh.fr\/index.php?rest_route=%2Fwp%2Fv2%2Fcategories&post=15001"},{"taxonomy":"post_tag","embeddable":true,"href":"https:\/\/telemme.mmsh.fr\/index.php?rest_route=%2Fwp%2Fv2%2Ftags&post=15001"}],"curies":[{"name":"wp","href":"https:\/\/api.w.org\/{rel}","templated":true}]}}