{"id":14997,"date":"2025-01-16T17:51:46","date_gmt":"2025-01-16T16:51:46","guid":{"rendered":"https:\/\/telemme.mmsh.fr\/?p=14997"},"modified":"2025-01-20T11:46:48","modified_gmt":"2025-01-20T10:46:48","slug":"160-ans-de-collections-les-tresors-du-musee-des-tissus-et-des-arts-decoratifs-de-lyon","status":"publish","type":"post","link":"https:\/\/telemme.mmsh.fr\/?p=14997","title":{"rendered":"160 ans de collections. Les tr\u00e9sors du mus\u00e9e des Tissus et des Arts d\u00e9coratifs de Lyon"},"content":{"rendered":"\n<blockquote class=\"wp-block-quote is-layout-flow wp-block-quote-is-layout-flow\">\n<p><strong><em><a href=\"https:\/\/www.lienarteditions.com\/product-page\/160-ans-de-collection-les-tr%C3%A9sors-du-mus%C3%A9e-des-tissus-et-des-arts-d%C3%A9coratifs\">160 ans de collections. Les tr\u00e9sors du mus\u00e9e des Tissus et des Arts d\u00e9coratifs de Lyon<\/a><\/em><\/strong>. <a href=\"https:\/\/telemme.mmsh.fr\/?membres=aziza-gril-mariotte\">Aziza Gril-Mariotte,<\/a> Marion Falaise (Dir), Lienart, 2024, 360 pages<\/p>\n<\/blockquote>\n\n\n\n<p>Il y a 160 ans, le mus\u00e9e d\u2019Art et d\u2019Industrie ouvrait ses portes \u00e0 Lyon, inaugurant en France le concept de mus\u00e9e d\u2019art d\u00e9coratif, avant de devenir, en 1891, le mus\u00e9e historique des Tissus, puis d\u2019\u00eatre compl\u00e9t\u00e9, en 1925, par un second mus\u00e9e, d\u00e9di\u00e9 aux arts d\u00e9coratifs. Depuis, ces collections n\u2019ont cess\u00e9 de se diversifier, en s\u2019enrichissant des plus belles \u00e9toffes de l\u2019Orient et de l\u2019Occident, des soieries de Lyon, et plus r\u00e9cemment de pi\u00e8ces contemporaines. Cet anniversaire est l\u2019occasion de renouveler notre regard sur la plus grande collection de tissus dans le monde et la deuxi\u00e8me plus importante collection d\u2019art d\u00e9coratif avec un ouvrage bilingue dans lequel pr\u00e8s de quatre-vingts auteurs et experts dans leur domaine ont r\u00e9dig\u00e9 cent soixante notices qui sont autant de d\u00e9couvertes port\u00e9es \u00e0 la connaissance du public. La s\u00e9lection repose sur des \u0153uvres embl\u00e9matiques, des red\u00e9couvertes lors du d\u00e9m\u00e9nagement, des coups de c\u0153ur que l\u2019\u00e9quipe du mus\u00e9e a souhait\u00e9 partager, ainsi que des propositions des sp\u00e9cialistes qui ont r\u00e9dig\u00e9 les notices. Le r\u00e9sultat pourra provoquer \u00e9tonnement, admiration et int\u00e9r\u00eat, mais ne pr\u00e9tend pas \u00e0 l\u2019exhaustivit\u00e9. Pour red\u00e9couvrir ces collections, il faudra patienter jusqu\u2019\u00e0 l\u2019aboutissement de l\u2019ambitieux projet de renaissance, port\u00e9 par la r\u00e9gion Auvergne-Rh\u00f4ne-Alpes, et la r\u00e9ouverture du mus\u00e9e. En attendant, gr\u00e2ce aux nombreux auteurs ayant particip\u00e9 avec enthousiasme \u00e0 ce projet \u00e9ditorial, les 160 ans du mus\u00e9e sont l\u2019occasion d\u2019offrir au public un aper\u00e7u de l\u2019incroyable richesse et de la grande diversit\u00e9 des collections.<\/p>\n","protected":false},"excerpt":{"rendered":"<p>160 ans de collections. Les tr\u00e9sors du mus\u00e9e des Tissus et des Arts d\u00e9coratifs de Lyon. Aziza Gril-Mariotte, Marion Falaise (Dir), Lienart, 2024, 360 pages Il y a 160 ans,&hellip;&nbsp;<a href=\"https:\/\/telemme.mmsh.fr\/?p=14997\" rel=\"bookmark\">Lire la suite &raquo;<span class=\"screen-reader-text\">160 ans de collections. Les tr\u00e9sors du mus\u00e9e des Tissus et des Arts d\u00e9coratifs de Lyon<\/span><\/a><\/p>\n","protected":false},"author":6,"featured_media":14998,"comment_status":"closed","ping_status":"closed","sticky":false,"template":"","format":"standard","meta":{"neve_meta_sidebar":"","neve_meta_container":"","neve_meta_enable_content_width":"off","neve_meta_content_width":70,"neve_meta_title_alignment":"","neve_meta_author_avatar":"","neve_post_elements_order":"","neve_meta_disable_header":"","neve_meta_disable_footer":"","neve_meta_disable_title":"","_tribe_events_control_status":"","_tribe_events_control_status_canceled_reason":"","_tribe_events_control_status_postponed_reason":"","_tribe_events_control_online":"","_tribe_events_control_online_url":"","footnotes":""},"categories":[1742],"tags":[],"class_list":["post-14997","post","type-post","status-publish","format-standard","has-post-thumbnail","hentry","category-dir-ouvrage"],"yoast_head":"<!-- This site is optimized with the Yoast SEO plugin v27.4 - https:\/\/yoast.com\/product\/yoast-seo-wordpress\/ -->\n<title>160 ans de collections. Les tr\u00e9sors du mus\u00e9e des Tissus et des Arts d\u00e9coratifs de Lyon - TELEMMe - Temps, espaces, langages, Europe m\u00e9ridionale, M\u00e9diterran\u00e9e<\/title>\n<meta name=\"robots\" content=\"index, follow, max-snippet:-1, max-image-preview:large, max-video-preview:-1\" \/>\n<link rel=\"canonical\" href=\"https:\/\/telemme.mmsh.fr\/?p=14997\" \/>\n<meta property=\"og:locale\" content=\"fr_FR\" \/>\n<meta property=\"og:type\" content=\"article\" \/>\n<meta property=\"og:title\" content=\"160 ans de collections. Les tr\u00e9sors du mus\u00e9e des Tissus et des Arts d\u00e9coratifs de Lyon - TELEMMe - Temps, espaces, langages, Europe m\u00e9ridionale, M\u00e9diterran\u00e9e\" \/>\n<meta property=\"og:description\" content=\"160 ans de collections. Les tr\u00e9sors du mus\u00e9e des Tissus et des Arts d\u00e9coratifs de Lyon. Aziza Gril-Mariotte, Marion Falaise (Dir), Lienart, 2024, 360 pages Il y a 160 ans,&hellip;&nbsp;Lire la suite &raquo;160 ans de collections. Les tr\u00e9sors du mus\u00e9e des Tissus et des Arts d\u00e9coratifs de Lyon\" \/>\n<meta property=\"og:url\" content=\"https:\/\/telemme.mmsh.fr\/?p=14997\" \/>\n<meta property=\"og:site_name\" content=\"TELEMMe - Temps, espaces, langages, Europe m\u00e9ridionale, M\u00e9diterran\u00e9e\" \/>\n<meta property=\"article:published_time\" content=\"2025-01-16T16:51:46+00:00\" \/>\n<meta property=\"article:modified_time\" content=\"2025-01-20T10:46:48+00:00\" \/>\n<meta property=\"og:image\" content=\"https:\/\/telemme.mmsh.fr\/wp-content\/uploads\/2025\/01\/b6908b_2fea11e3d3aa46a587f0c40bdfff998bmv2.webp\" \/>\n\t<meta property=\"og:image:width\" content=\"500\" \/>\n\t<meta property=\"og:image:height\" content=\"500\" \/>\n\t<meta property=\"og:image:type\" content=\"image\/webp\" \/>\n<meta name=\"author\" content=\"Delphine Cavallo\" \/>\n<meta name=\"twitter:card\" content=\"summary_large_image\" \/>\n<meta name=\"twitter:label1\" content=\"\u00c9crit par\" \/>\n\t<meta name=\"twitter:data1\" content=\"Delphine Cavallo\" \/>\n\t<meta name=\"twitter:label2\" content=\"Dur\u00e9e de lecture estim\u00e9e\" \/>\n\t<meta name=\"twitter:data2\" content=\"2 minutes\" \/>\n<script type=\"application\/ld+json\" class=\"yoast-schema-graph\">{\"@context\":\"https:\\\/\\\/schema.org\",\"@graph\":[{\"@type\":\"Article\",\"@id\":\"https:\\\/\\\/telemme.mmsh.fr\\\/?p=14997#article\",\"isPartOf\":{\"@id\":\"https:\\\/\\\/telemme.mmsh.fr\\\/?p=14997\"},\"author\":{\"name\":\"Delphine Cavallo\",\"@id\":\"https:\\\/\\\/telemme.mmsh.fr\\\/#\\\/schema\\\/person\\\/86a185da4836381586528ced48e263f5\"},\"headline\":\"160 ans de collections. Les tr\u00e9sors du mus\u00e9e des Tissus et des Arts d\u00e9coratifs de Lyon\",\"datePublished\":\"2025-01-16T16:51:46+00:00\",\"dateModified\":\"2025-01-20T10:46:48+00:00\",\"mainEntityOfPage\":{\"@id\":\"https:\\\/\\\/telemme.mmsh.fr\\\/?p=14997\"},\"wordCount\":330,\"publisher\":{\"@id\":\"https:\\\/\\\/telemme.mmsh.fr\\\/#organization\"},\"image\":{\"@id\":\"https:\\\/\\\/telemme.mmsh.fr\\\/?p=14997#primaryimage\"},\"thumbnailUrl\":\"https:\\\/\\\/telemme.mmsh.fr\\\/wp-content\\\/uploads\\\/2025\\\/01\\\/b6908b_2fea11e3d3aa46a587f0c40bdfff998bmv2.webp\",\"articleSection\":[\"Directions d'ouvrage\"],\"inLanguage\":\"fr-FR\"},{\"@type\":\"WebPage\",\"@id\":\"https:\\\/\\\/telemme.mmsh.fr\\\/?p=14997\",\"url\":\"https:\\\/\\\/telemme.mmsh.fr\\\/?p=14997\",\"name\":\"160 ans de collections. Les tr\u00e9sors du mus\u00e9e des Tissus et des Arts d\u00e9coratifs de Lyon - TELEMMe - Temps, espaces, langages, Europe m\u00e9ridionale, M\u00e9diterran\u00e9e\",\"isPartOf\":{\"@id\":\"https:\\\/\\\/telemme.mmsh.fr\\\/#website\"},\"primaryImageOfPage\":{\"@id\":\"https:\\\/\\\/telemme.mmsh.fr\\\/?p=14997#primaryimage\"},\"image\":{\"@id\":\"https:\\\/\\\/telemme.mmsh.fr\\\/?p=14997#primaryimage\"},\"thumbnailUrl\":\"https:\\\/\\\/telemme.mmsh.fr\\\/wp-content\\\/uploads\\\/2025\\\/01\\\/b6908b_2fea11e3d3aa46a587f0c40bdfff998bmv2.webp\",\"datePublished\":\"2025-01-16T16:51:46+00:00\",\"dateModified\":\"2025-01-20T10:46:48+00:00\",\"breadcrumb\":{\"@id\":\"https:\\\/\\\/telemme.mmsh.fr\\\/?p=14997#breadcrumb\"},\"inLanguage\":\"fr-FR\",\"potentialAction\":[{\"@type\":\"ReadAction\",\"target\":[\"https:\\\/\\\/telemme.mmsh.fr\\\/?p=14997\"]}]},{\"@type\":\"ImageObject\",\"inLanguage\":\"fr-FR\",\"@id\":\"https:\\\/\\\/telemme.mmsh.fr\\\/?p=14997#primaryimage\",\"url\":\"https:\\\/\\\/telemme.mmsh.fr\\\/wp-content\\\/uploads\\\/2025\\\/01\\\/b6908b_2fea11e3d3aa46a587f0c40bdfff998bmv2.webp\",\"contentUrl\":\"https:\\\/\\\/telemme.mmsh.fr\\\/wp-content\\\/uploads\\\/2025\\\/01\\\/b6908b_2fea11e3d3aa46a587f0c40bdfff998bmv2.webp\",\"width\":500,\"height\":500,\"caption\":\"Couverture de 160 ans de collections. Les tr\u00e9sors du mus\u00e9e des Tissus et des Arts d\u00e9coratifs de Lyon\"},{\"@type\":\"BreadcrumbList\",\"@id\":\"https:\\\/\\\/telemme.mmsh.fr\\\/?p=14997#breadcrumb\",\"itemListElement\":[{\"@type\":\"ListItem\",\"position\":1,\"name\":\"Accueil\",\"item\":\"https:\\\/\\\/telemme.mmsh.fr\\\/\"},{\"@type\":\"ListItem\",\"position\":2,\"name\":\"Publications\",\"item\":\"https:\\\/\\\/telemme.mmsh.fr\\\/?cat=1738\"},{\"@type\":\"ListItem\",\"position\":3,\"name\":\"Directions d'ouvrage\",\"item\":\"https:\\\/\\\/telemme.mmsh.fr\\\/?cat=1742\"},{\"@type\":\"ListItem\",\"position\":4,\"name\":\"160 ans de collections. Les tr\u00e9sors du mus\u00e9e des Tissus et des Arts d\u00e9coratifs de Lyon\"}]},{\"@type\":\"WebSite\",\"@id\":\"https:\\\/\\\/telemme.mmsh.fr\\\/#website\",\"url\":\"https:\\\/\\\/telemme.mmsh.fr\\\/\",\"name\":\"TELEMMe - Temps, espaces, langages, Europe m\u00e9ridionale, M\u00e9diterran\u00e9e\",\"description\":\"\",\"publisher\":{\"@id\":\"https:\\\/\\\/telemme.mmsh.fr\\\/#organization\"},\"potentialAction\":[{\"@type\":\"SearchAction\",\"target\":{\"@type\":\"EntryPoint\",\"urlTemplate\":\"https:\\\/\\\/telemme.mmsh.fr\\\/?s={search_term_string}\"},\"query-input\":{\"@type\":\"PropertyValueSpecification\",\"valueRequired\":true,\"valueName\":\"search_term_string\"}}],\"inLanguage\":\"fr-FR\"},{\"@type\":\"Organization\",\"@id\":\"https:\\\/\\\/telemme.mmsh.fr\\\/#organization\",\"name\":\"TELEMMe\",\"url\":\"https:\\\/\\\/telemme.mmsh.fr\\\/\",\"logo\":{\"@type\":\"ImageObject\",\"inLanguage\":\"fr-FR\",\"@id\":\"https:\\\/\\\/telemme.mmsh.fr\\\/#\\\/schema\\\/logo\\\/image\\\/\",\"url\":\"https:\\\/\\\/telemme.mmsh.fr\\\/wp-content\\\/uploads\\\/2020\\\/03\\\/LogoTELEMMe-horizontal-fond-transparent.png\",\"contentUrl\":\"https:\\\/\\\/telemme.mmsh.fr\\\/wp-content\\\/uploads\\\/2020\\\/03\\\/LogoTELEMMe-horizontal-fond-transparent.png\",\"width\":1500,\"height\":437,\"caption\":\"TELEMMe\"},\"image\":{\"@id\":\"https:\\\/\\\/telemme.mmsh.fr\\\/#\\\/schema\\\/logo\\\/image\\\/\"}},{\"@type\":\"Person\",\"@id\":\"https:\\\/\\\/telemme.mmsh.fr\\\/#\\\/schema\\\/person\\\/86a185da4836381586528ced48e263f5\",\"name\":\"Delphine Cavallo\",\"url\":\"https:\\\/\\\/telemme.mmsh.fr\\\/?author=6\"}]}<\/script>\n<!-- \/ Yoast SEO plugin. -->","yoast_head_json":{"title":"160 ans de collections. Les tr\u00e9sors du mus\u00e9e des Tissus et des Arts d\u00e9coratifs de Lyon - TELEMMe - Temps, espaces, langages, Europe m\u00e9ridionale, M\u00e9diterran\u00e9e","robots":{"index":"index","follow":"follow","max-snippet":"max-snippet:-1","max-image-preview":"max-image-preview:large","max-video-preview":"max-video-preview:-1"},"canonical":"https:\/\/telemme.mmsh.fr\/?p=14997","og_locale":"fr_FR","og_type":"article","og_title":"160 ans de collections. Les tr\u00e9sors du mus\u00e9e des Tissus et des Arts d\u00e9coratifs de Lyon - TELEMMe - Temps, espaces, langages, Europe m\u00e9ridionale, M\u00e9diterran\u00e9e","og_description":"160 ans de collections. Les tr\u00e9sors du mus\u00e9e des Tissus et des Arts d\u00e9coratifs de Lyon. Aziza Gril-Mariotte, Marion Falaise (Dir), Lienart, 2024, 360 pages Il y a 160 ans,&hellip;&nbsp;Lire la suite &raquo;160 ans de collections. Les tr\u00e9sors du mus\u00e9e des Tissus et des Arts d\u00e9coratifs de Lyon","og_url":"https:\/\/telemme.mmsh.fr\/?p=14997","og_site_name":"TELEMMe - Temps, espaces, langages, Europe m\u00e9ridionale, M\u00e9diterran\u00e9e","article_published_time":"2025-01-16T16:51:46+00:00","article_modified_time":"2025-01-20T10:46:48+00:00","og_image":[{"width":500,"height":500,"url":"https:\/\/telemme.mmsh.fr\/wp-content\/uploads\/2025\/01\/b6908b_2fea11e3d3aa46a587f0c40bdfff998bmv2.webp","type":"image\/webp"}],"author":"Delphine Cavallo","twitter_card":"summary_large_image","twitter_misc":{"\u00c9crit par":"Delphine Cavallo","Dur\u00e9e de lecture estim\u00e9e":"2 minutes"},"schema":{"@context":"https:\/\/schema.org","@graph":[{"@type":"Article","@id":"https:\/\/telemme.mmsh.fr\/?p=14997#article","isPartOf":{"@id":"https:\/\/telemme.mmsh.fr\/?p=14997"},"author":{"name":"Delphine Cavallo","@id":"https:\/\/telemme.mmsh.fr\/#\/schema\/person\/86a185da4836381586528ced48e263f5"},"headline":"160 ans de collections. Les tr\u00e9sors du mus\u00e9e des Tissus et des Arts d\u00e9coratifs de Lyon","datePublished":"2025-01-16T16:51:46+00:00","dateModified":"2025-01-20T10:46:48+00:00","mainEntityOfPage":{"@id":"https:\/\/telemme.mmsh.fr\/?p=14997"},"wordCount":330,"publisher":{"@id":"https:\/\/telemme.mmsh.fr\/#organization"},"image":{"@id":"https:\/\/telemme.mmsh.fr\/?p=14997#primaryimage"},"thumbnailUrl":"https:\/\/telemme.mmsh.fr\/wp-content\/uploads\/2025\/01\/b6908b_2fea11e3d3aa46a587f0c40bdfff998bmv2.webp","articleSection":["Directions d'ouvrage"],"inLanguage":"fr-FR"},{"@type":"WebPage","@id":"https:\/\/telemme.mmsh.fr\/?p=14997","url":"https:\/\/telemme.mmsh.fr\/?p=14997","name":"160 ans de collections. Les tr\u00e9sors du mus\u00e9e des Tissus et des Arts d\u00e9coratifs de Lyon - TELEMMe - Temps, espaces, langages, Europe m\u00e9ridionale, M\u00e9diterran\u00e9e","isPartOf":{"@id":"https:\/\/telemme.mmsh.fr\/#website"},"primaryImageOfPage":{"@id":"https:\/\/telemme.mmsh.fr\/?p=14997#primaryimage"},"image":{"@id":"https:\/\/telemme.mmsh.fr\/?p=14997#primaryimage"},"thumbnailUrl":"https:\/\/telemme.mmsh.fr\/wp-content\/uploads\/2025\/01\/b6908b_2fea11e3d3aa46a587f0c40bdfff998bmv2.webp","datePublished":"2025-01-16T16:51:46+00:00","dateModified":"2025-01-20T10:46:48+00:00","breadcrumb":{"@id":"https:\/\/telemme.mmsh.fr\/?p=14997#breadcrumb"},"inLanguage":"fr-FR","potentialAction":[{"@type":"ReadAction","target":["https:\/\/telemme.mmsh.fr\/?p=14997"]}]},{"@type":"ImageObject","inLanguage":"fr-FR","@id":"https:\/\/telemme.mmsh.fr\/?p=14997#primaryimage","url":"https:\/\/telemme.mmsh.fr\/wp-content\/uploads\/2025\/01\/b6908b_2fea11e3d3aa46a587f0c40bdfff998bmv2.webp","contentUrl":"https:\/\/telemme.mmsh.fr\/wp-content\/uploads\/2025\/01\/b6908b_2fea11e3d3aa46a587f0c40bdfff998bmv2.webp","width":500,"height":500,"caption":"Couverture de 160 ans de collections. Les tr\u00e9sors du mus\u00e9e des Tissus et des Arts d\u00e9coratifs de Lyon"},{"@type":"BreadcrumbList","@id":"https:\/\/telemme.mmsh.fr\/?p=14997#breadcrumb","itemListElement":[{"@type":"ListItem","position":1,"name":"Accueil","item":"https:\/\/telemme.mmsh.fr\/"},{"@type":"ListItem","position":2,"name":"Publications","item":"https:\/\/telemme.mmsh.fr\/?cat=1738"},{"@type":"ListItem","position":3,"name":"Directions d'ouvrage","item":"https:\/\/telemme.mmsh.fr\/?cat=1742"},{"@type":"ListItem","position":4,"name":"160 ans de collections. Les tr\u00e9sors du mus\u00e9e des Tissus et des Arts d\u00e9coratifs de Lyon"}]},{"@type":"WebSite","@id":"https:\/\/telemme.mmsh.fr\/#website","url":"https:\/\/telemme.mmsh.fr\/","name":"TELEMMe - Temps, espaces, langages, Europe m\u00e9ridionale, M\u00e9diterran\u00e9e","description":"","publisher":{"@id":"https:\/\/telemme.mmsh.fr\/#organization"},"potentialAction":[{"@type":"SearchAction","target":{"@type":"EntryPoint","urlTemplate":"https:\/\/telemme.mmsh.fr\/?s={search_term_string}"},"query-input":{"@type":"PropertyValueSpecification","valueRequired":true,"valueName":"search_term_string"}}],"inLanguage":"fr-FR"},{"@type":"Organization","@id":"https:\/\/telemme.mmsh.fr\/#organization","name":"TELEMMe","url":"https:\/\/telemme.mmsh.fr\/","logo":{"@type":"ImageObject","inLanguage":"fr-FR","@id":"https:\/\/telemme.mmsh.fr\/#\/schema\/logo\/image\/","url":"https:\/\/telemme.mmsh.fr\/wp-content\/uploads\/2020\/03\/LogoTELEMMe-horizontal-fond-transparent.png","contentUrl":"https:\/\/telemme.mmsh.fr\/wp-content\/uploads\/2020\/03\/LogoTELEMMe-horizontal-fond-transparent.png","width":1500,"height":437,"caption":"TELEMMe"},"image":{"@id":"https:\/\/telemme.mmsh.fr\/#\/schema\/logo\/image\/"}},{"@type":"Person","@id":"https:\/\/telemme.mmsh.fr\/#\/schema\/person\/86a185da4836381586528ced48e263f5","name":"Delphine Cavallo","url":"https:\/\/telemme.mmsh.fr\/?author=6"}]}},"_links":{"self":[{"href":"https:\/\/telemme.mmsh.fr\/index.php?rest_route=\/wp\/v2\/posts\/14997","targetHints":{"allow":["GET"]}}],"collection":[{"href":"https:\/\/telemme.mmsh.fr\/index.php?rest_route=\/wp\/v2\/posts"}],"about":[{"href":"https:\/\/telemme.mmsh.fr\/index.php?rest_route=\/wp\/v2\/types\/post"}],"author":[{"embeddable":true,"href":"https:\/\/telemme.mmsh.fr\/index.php?rest_route=\/wp\/v2\/users\/6"}],"replies":[{"embeddable":true,"href":"https:\/\/telemme.mmsh.fr\/index.php?rest_route=%2Fwp%2Fv2%2Fcomments&post=14997"}],"version-history":[{"count":2,"href":"https:\/\/telemme.mmsh.fr\/index.php?rest_route=\/wp\/v2\/posts\/14997\/revisions"}],"predecessor-version":[{"id":15000,"href":"https:\/\/telemme.mmsh.fr\/index.php?rest_route=\/wp\/v2\/posts\/14997\/revisions\/15000"}],"wp:featuredmedia":[{"embeddable":true,"href":"https:\/\/telemme.mmsh.fr\/index.php?rest_route=\/wp\/v2\/media\/14998"}],"wp:attachment":[{"href":"https:\/\/telemme.mmsh.fr\/index.php?rest_route=%2Fwp%2Fv2%2Fmedia&parent=14997"}],"wp:term":[{"taxonomy":"category","embeddable":true,"href":"https:\/\/telemme.mmsh.fr\/index.php?rest_route=%2Fwp%2Fv2%2Fcategories&post=14997"},{"taxonomy":"post_tag","embeddable":true,"href":"https:\/\/telemme.mmsh.fr\/index.php?rest_route=%2Fwp%2Fv2%2Ftags&post=14997"}],"curies":[{"name":"wp","href":"https:\/\/api.w.org\/{rel}","templated":true}]}}