{"id":14990,"date":"2025-01-16T14:24:00","date_gmt":"2025-01-16T13:24:00","guid":{"rendered":"https:\/\/telemme.mmsh.fr\/?p=14990"},"modified":"2025-01-16T14:24:39","modified_gmt":"2025-01-16T13:24:39","slug":"villes-communs-et-transitions-perspectives-altermetropolitaines","status":"publish","type":"post","link":"https:\/\/telemme.mmsh.fr\/?p=14990","title":{"rendered":"Villes, communs et transitions : perspectives alterm\u00e9tropolitaines"},"content":{"rendered":"\n<blockquote class=\"wp-block-quote is-layout-flow wp-block-quote-is-layout-flow\">\n<p><em><strong><a href=\"https:\/\/journals.openedition.org\/bagf\/12118\">Villes, communs et transitions\u00a0: perspectives alterm\u00e9tropolitaines<\/a><\/strong><\/em>, dirig\u00e9 par <a href=\"https:\/\/telemme.mmsh.fr\/?membres=alexandre-grondeau\">Alexandre Grondeau<\/a>, <em><a href=\"https:\/\/journals.openedition.org\/bagf\/\">Bulletin de l&rsquo;Association des g\u00e9o<\/a><\/em><a href=\"https:\/\/journals.openedition.org\/bhce\/\"><em>graphes fran\u00e7ais <\/em><\/a>, 2024, 101-1, Association AGF<\/p>\n<\/blockquote>\n\n\n\n<h3 class=\"wp-block-heading\">Introduction<\/h3>\n\n\n\n<p>\u00c0 une \u00e9poque o\u00f9 les crises sanitaires, climatiques, g\u00e9opolitiques, \u00e9conomiques et identitaires remettent en question des mod\u00e8les de d\u00e9veloppements \u00e9conomique et urbain qui paraissaient inamovibles, l\u2019alterm\u00e9tropolisation est d\u00e9finie comme un processus d\u2019urbanisation impliquant \u00ab&nbsp;<em>l\u2019ensemble des actions et des territoires produisant de l\u2019innovation sociale et constituant <\/em>de facto<em> une autre mani\u00e8re de produire et de fabriquer la ville<\/em>&nbsp;\u00bb [Grondeau 2022]. Les am\u00e9nagements urbains \u00e9taient en effet, depuis une cinquantaine d\u2019ann\u00e9es, mus par des injonctions \u00e0 la comp\u00e9titivit\u00e9, \u00e0 l\u2019attractivit\u00e9, \u00e0 l\u2019innovation technologique, port\u00e9s par des logiques territoriales n\u00e9olib\u00e9rales et entrepreneuriales, et relay\u00e9s et\/ou encadr\u00e9s par les pouvoirs publics, que diff\u00e9rents collectifs ou individus tentent aujourd\u2019hui d\u2019hybrider ou de d\u00e9passer en proposant des alternatives sociales, urbaines, \u00e9cologiques ou architecturales.<\/p>\n\n\n\n<p>Ce num\u00e9ro du <em>Bulletin de l\u2019Association de G\u00e9ographes Fran\u00e7ais<\/em> (BAGF), intitul\u00e9 \u00ab\u00a0Villes, communs et transition\u00a0: perspectives alterm\u00e9tropolitaines\u00a0\u00bb interrogera principalement deux processus constitutifs de ces mutations urbaines que l\u2019on observe au Nord comme au Sud, dans des villes de toutes tailles\u00a0(<a href=\"https:\/\/journals.openedition.org\/bagf\/12232\">lire la suite<\/a>)<\/p>\n\n\n\n<h3 class=\"wp-block-heading\">Table des mati\u00e8res<\/h3>\n\n\n\n<ul class=\"wp-block-list\">\n<li><strong>\u00c9dith Fagnoni<\/strong> <br><a href=\"https:\/\/journals.openedition.org\/bagf\/12128\">Remerciements \u00e0 Monique Leprette, secr\u00e9taire de l\u2019AGF<\/a> [Texte int\u00e9gral]<\/li>\n\n\n\n<li><strong>Villes, communs et transitions\u00a0: perspectives alterm\u00e9tropolitaines <br><em>Cities, commons and transition: altermetropolitan perspectives<\/em><\/strong>\n<ul class=\"wp-block-list\">\n<li><strong>Alexandre Grondeau<\/strong> <br><a href=\"https:\/\/journals.openedition.org\/bagf\/12232\">Villes, communs et transitions\u00a0: perspectives alterm\u00e9tropolitaines<\/a> <br>Introduction Cities, commons and transition: altermetropolitan perspectives<\/li>\n\n\n\n<li><strong>Alexandre Grondeau et Gw\u00e9na\u00eblle Dourthe<\/strong> <br><a href=\"https:\/\/journals.openedition.org\/bagf\/12133\">Ub\u00e9risation et alterm\u00e9tropolisation\u00a0: trajectoires compar\u00e9es d\u2019Airbnb \u00e0 Marseille, Lisbonne et Barcelone<\/a> <br>Uberization and altermetropolization\u00a0: a comparison of Airbnb trajectories in Marseilles, Lisbon and Barcelona<\/li>\n\n\n\n<li><strong>Maxime Schirrer<\/strong> <br><a href=\"https:\/\/journals.openedition.org\/bagf\/12190\">\u00c9conomie circulaire, mines urbaines et alterm\u00e9tropolisation\u00a0: une exp\u00e9rience fran\u00e7aise<\/a><br>Circular economy, urban mines and altermetropolization: a French experience<\/li>\n\n\n\n<li><strong>Sylvie Daviet et Sascha Perroux<\/strong> <br><a href=\"https:\/\/journals.openedition.org\/bagf\/12237\">Transition bas-carbone\u00a0: vers une hybridation des mod\u00e8les\u00a0? Enjeux et territoires dans la m\u00e9tropole d\u2019Aix-Marseille<\/a><br>Low-carbon transition: towards a hybridization of models? Issues and territories in the Aix-Marseille metropolis<\/li>\n\n\n\n<li><strong>\u00c9lodie Texier<\/strong> <br><a href=\"https:\/\/journals.openedition.org\/bagf\/12293\">L\u2019action publique urbaine des petites villes au d\u00e9fi de l\u2019alterm\u00e9tropolisation<\/a> <br>Urban public action in small towns facing the challenge of altermetropolization<\/li>\n\n\n\n<li><strong>L\u00e9na Aparis\u00a0Jutard<\/strong> <br><a href=\"https:\/\/journals.openedition.org\/bagf\/12347\">La cr\u00e9ation dans l\u2019espace public, laboratoire artistique de pratiques alterm\u00e9tropolitaines<\/a> <br>Creation in public space, an artistic laboratory of altermetropolitan practices<\/li>\n\n\n\n<li><strong>Guy Burgel<\/strong> <br><a href=\"https:\/\/journals.openedition.org\/bagf\/12378\">Crises urbaines et alterm\u00e9tropolisations<\/a> <br>Urban crises and altermetropolizations<\/li>\n\n\n\n<li><strong>Alexandre Grondeau<\/strong> <br><a href=\"https:\/\/journals.openedition.org\/bagf\/12410\">Villes, communs et transitions\u00a0: perspectives alterm\u00e9tropolitaines<\/a> <br>Conclusion Cities, commons and transition: altermetropolitan perspectives<\/li>\n<\/ul>\n<\/li>\n<\/ul>\n","protected":false},"excerpt":{"rendered":"<p>Villes, communs et transitions\u00a0: perspectives alterm\u00e9tropolitaines, dirig\u00e9 par Alexandre Grondeau, Bulletin de l&rsquo;Association des g\u00e9ographes fran\u00e7ais , 2024, 101-1, Association AGF Introduction \u00c0 une \u00e9poque o\u00f9 les crises sanitaires, climatiques,&hellip;&nbsp;<a href=\"https:\/\/telemme.mmsh.fr\/?p=14990\" rel=\"bookmark\">Lire la suite &raquo;<span class=\"screen-reader-text\">Villes, communs et transitions : perspectives alterm\u00e9tropolitaines<\/span><\/a><\/p>\n","protected":false},"author":6,"featured_media":14993,"comment_status":"closed","ping_status":"closed","sticky":false,"template":"","format":"standard","meta":{"neve_meta_sidebar":"","neve_meta_container":"","neve_meta_enable_content_width":"off","neve_meta_content_width":70,"neve_meta_title_alignment":"","neve_meta_author_avatar":"","neve_post_elements_order":"","neve_meta_disable_header":"","neve_meta_disable_footer":"","neve_meta_disable_title":"","_tribe_events_control_status":"","_tribe_events_control_status_canceled_reason":"","_tribe_events_control_status_postponed_reason":"","_tribe_events_control_online":"","_tribe_events_control_online_url":"","footnotes":""},"categories":[1744],"tags":[],"class_list":["post-14990","post","type-post","status-publish","format-standard","has-post-thumbnail","hentry","category-dir-num-revue"],"yoast_head":"<!-- This site is optimized with the Yoast SEO plugin v27.4 - https:\/\/yoast.com\/product\/yoast-seo-wordpress\/ -->\n<title>Villes, communs et transitions : perspectives alterm\u00e9tropolitaines - TELEMMe - Temps, espaces, langages, Europe m\u00e9ridionale, M\u00e9diterran\u00e9e<\/title>\n<meta name=\"robots\" content=\"index, follow, max-snippet:-1, max-image-preview:large, max-video-preview:-1\" \/>\n<link rel=\"canonical\" href=\"https:\/\/telemme.mmsh.fr\/?p=14990\" \/>\n<meta property=\"og:locale\" content=\"fr_FR\" \/>\n<meta property=\"og:type\" content=\"article\" \/>\n<meta property=\"og:title\" content=\"Villes, communs et transitions : perspectives alterm\u00e9tropolitaines - TELEMMe - Temps, espaces, langages, Europe m\u00e9ridionale, M\u00e9diterran\u00e9e\" \/>\n<meta property=\"og:description\" content=\"Villes, communs et transitions\u00a0: perspectives alterm\u00e9tropolitaines, dirig\u00e9 par Alexandre Grondeau, Bulletin de l&rsquo;Association des g\u00e9ographes fran\u00e7ais , 2024, 101-1, Association AGF Introduction \u00c0 une \u00e9poque o\u00f9 les crises sanitaires, climatiques,&hellip;&nbsp;Lire la suite &raquo;Villes, communs et transitions : perspectives alterm\u00e9tropolitaines\" \/>\n<meta property=\"og:url\" content=\"https:\/\/telemme.mmsh.fr\/?p=14990\" \/>\n<meta property=\"og:site_name\" content=\"TELEMMe - Temps, espaces, langages, Europe m\u00e9ridionale, M\u00e9diterran\u00e9e\" \/>\n<meta property=\"article:published_time\" content=\"2025-01-16T13:24:00+00:00\" \/>\n<meta property=\"article:modified_time\" content=\"2025-01-16T13:24:39+00:00\" \/>\n<meta property=\"og:image\" content=\"https:\/\/telemme.mmsh.fr\/wp-content\/uploads\/2025\/01\/bagf_2024_1-small480.png\" \/>\n\t<meta property=\"og:image:width\" content=\"320\" \/>\n\t<meta property=\"og:image:height\" content=\"480\" \/>\n\t<meta property=\"og:image:type\" content=\"image\/png\" \/>\n<meta name=\"author\" content=\"Delphine Cavallo\" \/>\n<meta name=\"twitter:card\" content=\"summary_large_image\" \/>\n<meta name=\"twitter:label1\" content=\"\u00c9crit par\" \/>\n\t<meta name=\"twitter:data1\" content=\"Delphine Cavallo\" \/>\n\t<meta name=\"twitter:label2\" content=\"Dur\u00e9e de lecture estim\u00e9e\" \/>\n\t<meta name=\"twitter:data2\" content=\"2 minutes\" \/>\n<script type=\"application\/ld+json\" class=\"yoast-schema-graph\">{\"@context\":\"https:\\\/\\\/schema.org\",\"@graph\":[{\"@type\":\"Article\",\"@id\":\"https:\\\/\\\/telemme.mmsh.fr\\\/?p=14990#article\",\"isPartOf\":{\"@id\":\"https:\\\/\\\/telemme.mmsh.fr\\\/?p=14990\"},\"author\":{\"name\":\"Delphine Cavallo\",\"@id\":\"https:\\\/\\\/telemme.mmsh.fr\\\/#\\\/schema\\\/person\\\/86a185da4836381586528ced48e263f5\"},\"headline\":\"Villes, communs et transitions : perspectives alterm\u00e9tropolitaines\",\"datePublished\":\"2025-01-16T13:24:00+00:00\",\"dateModified\":\"2025-01-16T13:24:39+00:00\",\"mainEntityOfPage\":{\"@id\":\"https:\\\/\\\/telemme.mmsh.fr\\\/?p=14990\"},\"wordCount\":441,\"publisher\":{\"@id\":\"https:\\\/\\\/telemme.mmsh.fr\\\/#organization\"},\"image\":{\"@id\":\"https:\\\/\\\/telemme.mmsh.fr\\\/?p=14990#primaryimage\"},\"thumbnailUrl\":\"https:\\\/\\\/telemme.mmsh.fr\\\/wp-content\\\/uploads\\\/2025\\\/01\\\/bagf_2024_1-small480.png\",\"articleSection\":[\"Directions de num\u00e9ro de revue\"],\"inLanguage\":\"fr-FR\"},{\"@type\":\"WebPage\",\"@id\":\"https:\\\/\\\/telemme.mmsh.fr\\\/?p=14990\",\"url\":\"https:\\\/\\\/telemme.mmsh.fr\\\/?p=14990\",\"name\":\"Villes, communs et transitions : perspectives alterm\u00e9tropolitaines - TELEMMe - Temps, espaces, langages, Europe m\u00e9ridionale, M\u00e9diterran\u00e9e\",\"isPartOf\":{\"@id\":\"https:\\\/\\\/telemme.mmsh.fr\\\/#website\"},\"primaryImageOfPage\":{\"@id\":\"https:\\\/\\\/telemme.mmsh.fr\\\/?p=14990#primaryimage\"},\"image\":{\"@id\":\"https:\\\/\\\/telemme.mmsh.fr\\\/?p=14990#primaryimage\"},\"thumbnailUrl\":\"https:\\\/\\\/telemme.mmsh.fr\\\/wp-content\\\/uploads\\\/2025\\\/01\\\/bagf_2024_1-small480.png\",\"datePublished\":\"2025-01-16T13:24:00+00:00\",\"dateModified\":\"2025-01-16T13:24:39+00:00\",\"breadcrumb\":{\"@id\":\"https:\\\/\\\/telemme.mmsh.fr\\\/?p=14990#breadcrumb\"},\"inLanguage\":\"fr-FR\",\"potentialAction\":[{\"@type\":\"ReadAction\",\"target\":[\"https:\\\/\\\/telemme.mmsh.fr\\\/?p=14990\"]}]},{\"@type\":\"ImageObject\",\"inLanguage\":\"fr-FR\",\"@id\":\"https:\\\/\\\/telemme.mmsh.fr\\\/?p=14990#primaryimage\",\"url\":\"https:\\\/\\\/telemme.mmsh.fr\\\/wp-content\\\/uploads\\\/2025\\\/01\\\/bagf_2024_1-small480.png\",\"contentUrl\":\"https:\\\/\\\/telemme.mmsh.fr\\\/wp-content\\\/uploads\\\/2025\\\/01\\\/bagf_2024_1-small480.png\",\"width\":320,\"height\":480,\"caption\":\"Couverture de Villes, communs et transitions : perspectives alterm\u00e9tropolitaines\"},{\"@type\":\"BreadcrumbList\",\"@id\":\"https:\\\/\\\/telemme.mmsh.fr\\\/?p=14990#breadcrumb\",\"itemListElement\":[{\"@type\":\"ListItem\",\"position\":1,\"name\":\"Accueil\",\"item\":\"https:\\\/\\\/telemme.mmsh.fr\\\/\"},{\"@type\":\"ListItem\",\"position\":2,\"name\":\"Publications\",\"item\":\"https:\\\/\\\/telemme.mmsh.fr\\\/?cat=1738\"},{\"@type\":\"ListItem\",\"position\":3,\"name\":\"Directions de num\u00e9ro de revue\",\"item\":\"https:\\\/\\\/telemme.mmsh.fr\\\/?cat=1744\"},{\"@type\":\"ListItem\",\"position\":4,\"name\":\"Villes, communs et transitions : perspectives alterm\u00e9tropolitaines\"}]},{\"@type\":\"WebSite\",\"@id\":\"https:\\\/\\\/telemme.mmsh.fr\\\/#website\",\"url\":\"https:\\\/\\\/telemme.mmsh.fr\\\/\",\"name\":\"TELEMMe - Temps, espaces, langages, Europe m\u00e9ridionale, M\u00e9diterran\u00e9e\",\"description\":\"\",\"publisher\":{\"@id\":\"https:\\\/\\\/telemme.mmsh.fr\\\/#organization\"},\"potentialAction\":[{\"@type\":\"SearchAction\",\"target\":{\"@type\":\"EntryPoint\",\"urlTemplate\":\"https:\\\/\\\/telemme.mmsh.fr\\\/?s={search_term_string}\"},\"query-input\":{\"@type\":\"PropertyValueSpecification\",\"valueRequired\":true,\"valueName\":\"search_term_string\"}}],\"inLanguage\":\"fr-FR\"},{\"@type\":\"Organization\",\"@id\":\"https:\\\/\\\/telemme.mmsh.fr\\\/#organization\",\"name\":\"TELEMMe\",\"url\":\"https:\\\/\\\/telemme.mmsh.fr\\\/\",\"logo\":{\"@type\":\"ImageObject\",\"inLanguage\":\"fr-FR\",\"@id\":\"https:\\\/\\\/telemme.mmsh.fr\\\/#\\\/schema\\\/logo\\\/image\\\/\",\"url\":\"https:\\\/\\\/telemme.mmsh.fr\\\/wp-content\\\/uploads\\\/2020\\\/03\\\/LogoTELEMMe-horizontal-fond-transparent.png\",\"contentUrl\":\"https:\\\/\\\/telemme.mmsh.fr\\\/wp-content\\\/uploads\\\/2020\\\/03\\\/LogoTELEMMe-horizontal-fond-transparent.png\",\"width\":1500,\"height\":437,\"caption\":\"TELEMMe\"},\"image\":{\"@id\":\"https:\\\/\\\/telemme.mmsh.fr\\\/#\\\/schema\\\/logo\\\/image\\\/\"}},{\"@type\":\"Person\",\"@id\":\"https:\\\/\\\/telemme.mmsh.fr\\\/#\\\/schema\\\/person\\\/86a185da4836381586528ced48e263f5\",\"name\":\"Delphine Cavallo\",\"url\":\"https:\\\/\\\/telemme.mmsh.fr\\\/?author=6\"}]}<\/script>\n<!-- \/ Yoast SEO plugin. -->","yoast_head_json":{"title":"Villes, communs et transitions : perspectives alterm\u00e9tropolitaines - TELEMMe - Temps, espaces, langages, Europe m\u00e9ridionale, M\u00e9diterran\u00e9e","robots":{"index":"index","follow":"follow","max-snippet":"max-snippet:-1","max-image-preview":"max-image-preview:large","max-video-preview":"max-video-preview:-1"},"canonical":"https:\/\/telemme.mmsh.fr\/?p=14990","og_locale":"fr_FR","og_type":"article","og_title":"Villes, communs et transitions : perspectives alterm\u00e9tropolitaines - TELEMMe - Temps, espaces, langages, Europe m\u00e9ridionale, M\u00e9diterran\u00e9e","og_description":"Villes, communs et transitions\u00a0: perspectives alterm\u00e9tropolitaines, dirig\u00e9 par Alexandre Grondeau, Bulletin de l&rsquo;Association des g\u00e9ographes fran\u00e7ais , 2024, 101-1, Association AGF Introduction \u00c0 une \u00e9poque o\u00f9 les crises sanitaires, climatiques,&hellip;&nbsp;Lire la suite &raquo;Villes, communs et transitions : perspectives alterm\u00e9tropolitaines","og_url":"https:\/\/telemme.mmsh.fr\/?p=14990","og_site_name":"TELEMMe - Temps, espaces, langages, Europe m\u00e9ridionale, M\u00e9diterran\u00e9e","article_published_time":"2025-01-16T13:24:00+00:00","article_modified_time":"2025-01-16T13:24:39+00:00","og_image":[{"width":320,"height":480,"url":"https:\/\/telemme.mmsh.fr\/wp-content\/uploads\/2025\/01\/bagf_2024_1-small480.png","type":"image\/png"}],"author":"Delphine Cavallo","twitter_card":"summary_large_image","twitter_misc":{"\u00c9crit par":"Delphine Cavallo","Dur\u00e9e de lecture estim\u00e9e":"2 minutes"},"schema":{"@context":"https:\/\/schema.org","@graph":[{"@type":"Article","@id":"https:\/\/telemme.mmsh.fr\/?p=14990#article","isPartOf":{"@id":"https:\/\/telemme.mmsh.fr\/?p=14990"},"author":{"name":"Delphine Cavallo","@id":"https:\/\/telemme.mmsh.fr\/#\/schema\/person\/86a185da4836381586528ced48e263f5"},"headline":"Villes, communs et transitions : perspectives alterm\u00e9tropolitaines","datePublished":"2025-01-16T13:24:00+00:00","dateModified":"2025-01-16T13:24:39+00:00","mainEntityOfPage":{"@id":"https:\/\/telemme.mmsh.fr\/?p=14990"},"wordCount":441,"publisher":{"@id":"https:\/\/telemme.mmsh.fr\/#organization"},"image":{"@id":"https:\/\/telemme.mmsh.fr\/?p=14990#primaryimage"},"thumbnailUrl":"https:\/\/telemme.mmsh.fr\/wp-content\/uploads\/2025\/01\/bagf_2024_1-small480.png","articleSection":["Directions de num\u00e9ro de revue"],"inLanguage":"fr-FR"},{"@type":"WebPage","@id":"https:\/\/telemme.mmsh.fr\/?p=14990","url":"https:\/\/telemme.mmsh.fr\/?p=14990","name":"Villes, communs et transitions : perspectives alterm\u00e9tropolitaines - TELEMMe - Temps, espaces, langages, Europe m\u00e9ridionale, M\u00e9diterran\u00e9e","isPartOf":{"@id":"https:\/\/telemme.mmsh.fr\/#website"},"primaryImageOfPage":{"@id":"https:\/\/telemme.mmsh.fr\/?p=14990#primaryimage"},"image":{"@id":"https:\/\/telemme.mmsh.fr\/?p=14990#primaryimage"},"thumbnailUrl":"https:\/\/telemme.mmsh.fr\/wp-content\/uploads\/2025\/01\/bagf_2024_1-small480.png","datePublished":"2025-01-16T13:24:00+00:00","dateModified":"2025-01-16T13:24:39+00:00","breadcrumb":{"@id":"https:\/\/telemme.mmsh.fr\/?p=14990#breadcrumb"},"inLanguage":"fr-FR","potentialAction":[{"@type":"ReadAction","target":["https:\/\/telemme.mmsh.fr\/?p=14990"]}]},{"@type":"ImageObject","inLanguage":"fr-FR","@id":"https:\/\/telemme.mmsh.fr\/?p=14990#primaryimage","url":"https:\/\/telemme.mmsh.fr\/wp-content\/uploads\/2025\/01\/bagf_2024_1-small480.png","contentUrl":"https:\/\/telemme.mmsh.fr\/wp-content\/uploads\/2025\/01\/bagf_2024_1-small480.png","width":320,"height":480,"caption":"Couverture de Villes, communs et transitions : perspectives alterm\u00e9tropolitaines"},{"@type":"BreadcrumbList","@id":"https:\/\/telemme.mmsh.fr\/?p=14990#breadcrumb","itemListElement":[{"@type":"ListItem","position":1,"name":"Accueil","item":"https:\/\/telemme.mmsh.fr\/"},{"@type":"ListItem","position":2,"name":"Publications","item":"https:\/\/telemme.mmsh.fr\/?cat=1738"},{"@type":"ListItem","position":3,"name":"Directions de num\u00e9ro de revue","item":"https:\/\/telemme.mmsh.fr\/?cat=1744"},{"@type":"ListItem","position":4,"name":"Villes, communs et transitions : perspectives alterm\u00e9tropolitaines"}]},{"@type":"WebSite","@id":"https:\/\/telemme.mmsh.fr\/#website","url":"https:\/\/telemme.mmsh.fr\/","name":"TELEMMe - Temps, espaces, langages, Europe m\u00e9ridionale, M\u00e9diterran\u00e9e","description":"","publisher":{"@id":"https:\/\/telemme.mmsh.fr\/#organization"},"potentialAction":[{"@type":"SearchAction","target":{"@type":"EntryPoint","urlTemplate":"https:\/\/telemme.mmsh.fr\/?s={search_term_string}"},"query-input":{"@type":"PropertyValueSpecification","valueRequired":true,"valueName":"search_term_string"}}],"inLanguage":"fr-FR"},{"@type":"Organization","@id":"https:\/\/telemme.mmsh.fr\/#organization","name":"TELEMMe","url":"https:\/\/telemme.mmsh.fr\/","logo":{"@type":"ImageObject","inLanguage":"fr-FR","@id":"https:\/\/telemme.mmsh.fr\/#\/schema\/logo\/image\/","url":"https:\/\/telemme.mmsh.fr\/wp-content\/uploads\/2020\/03\/LogoTELEMMe-horizontal-fond-transparent.png","contentUrl":"https:\/\/telemme.mmsh.fr\/wp-content\/uploads\/2020\/03\/LogoTELEMMe-horizontal-fond-transparent.png","width":1500,"height":437,"caption":"TELEMMe"},"image":{"@id":"https:\/\/telemme.mmsh.fr\/#\/schema\/logo\/image\/"}},{"@type":"Person","@id":"https:\/\/telemme.mmsh.fr\/#\/schema\/person\/86a185da4836381586528ced48e263f5","name":"Delphine Cavallo","url":"https:\/\/telemme.mmsh.fr\/?author=6"}]}},"_links":{"self":[{"href":"https:\/\/telemme.mmsh.fr\/index.php?rest_route=\/wp\/v2\/posts\/14990","targetHints":{"allow":["GET"]}}],"collection":[{"href":"https:\/\/telemme.mmsh.fr\/index.php?rest_route=\/wp\/v2\/posts"}],"about":[{"href":"https:\/\/telemme.mmsh.fr\/index.php?rest_route=\/wp\/v2\/types\/post"}],"author":[{"embeddable":true,"href":"https:\/\/telemme.mmsh.fr\/index.php?rest_route=\/wp\/v2\/users\/6"}],"replies":[{"embeddable":true,"href":"https:\/\/telemme.mmsh.fr\/index.php?rest_route=%2Fwp%2Fv2%2Fcomments&post=14990"}],"version-history":[{"count":4,"href":"https:\/\/telemme.mmsh.fr\/index.php?rest_route=\/wp\/v2\/posts\/14990\/revisions"}],"predecessor-version":[{"id":14996,"href":"https:\/\/telemme.mmsh.fr\/index.php?rest_route=\/wp\/v2\/posts\/14990\/revisions\/14996"}],"wp:featuredmedia":[{"embeddable":true,"href":"https:\/\/telemme.mmsh.fr\/index.php?rest_route=\/wp\/v2\/media\/14993"}],"wp:attachment":[{"href":"https:\/\/telemme.mmsh.fr\/index.php?rest_route=%2Fwp%2Fv2%2Fmedia&parent=14990"}],"wp:term":[{"taxonomy":"category","embeddable":true,"href":"https:\/\/telemme.mmsh.fr\/index.php?rest_route=%2Fwp%2Fv2%2Fcategories&post=14990"},{"taxonomy":"post_tag","embeddable":true,"href":"https:\/\/telemme.mmsh.fr\/index.php?rest_route=%2Fwp%2Fv2%2Ftags&post=14990"}],"curies":[{"name":"wp","href":"https:\/\/api.w.org\/{rel}","templated":true}]}}