{"id":14986,"date":"2025-01-16T13:42:03","date_gmt":"2025-01-16T12:42:03","guid":{"rendered":"https:\/\/telemme.mmsh.fr\/?p=14986"},"modified":"2025-01-16T13:42:05","modified_gmt":"2025-01-16T12:42:05","slug":"fascisme-et-italiens-de-marseille-la-casa-ditalia","status":"publish","type":"post","link":"https:\/\/telemme.mmsh.fr\/?p=14986","title":{"rendered":"Fascisme et Italiens de Marseille. La Casa d\u2019Italia"},"content":{"rendered":"\n<blockquote class=\"wp-block-quote is-layout-flow wp-block-quote-is-layout-flow\">\n<p><strong><em>Fascisme et Italiens de Marseille. La Casa d\u2019Italia,<\/em><\/strong> <a href=\"https:\/\/telemme.mmsh.fr\/?membres=stephane-mourlane\">St\u00e9phane Mourlane<\/a>, Aix-en-Provence, Presses universitaires de Provence, 2024, 320 pages<\/p>\n<\/blockquote>\n\n\n\n<p><strong>Ce livre ouvre les portes de la <em>Casa d\u2019Italia<\/em> de Marseille afin de p\u00e9n\u00e9trer dans les arcanes du fascisme italien. Il donne \u00e0 voir et entendre la propagande men\u00e9e par les chemises noires aupr\u00e8s de la plus importante communaut\u00e9 immigr\u00e9e de la ville.<\/strong><\/p>\n\n\n\n<p>Marseille a pu \u00eatre consid\u00e9r\u00e9e comme une ville italienne au regard de la pr\u00e9sence importante et longtemps majoritaire des immigr\u00e9s transalpins parmi les \u00e9trangers. La <em>Casa d\u2019Italia<\/em> de Marseille est fond\u00e9e au cours de l\u2019entre-deux-guerres par le r\u00e9gime fasciste \u00e0 des fins de propagande et d\u2019encadrement de ces Italiens. Cette histoire m\u00e9connue est au centre de cet ouvrage qui, \u00e0 partir d\u2019un vaste corpus de sources vari\u00e9es, italiennes et fran\u00e7aises, examine comment cette \u00ab maison \u00bb, dirig\u00e9e par le consul, a \u00e9t\u00e9 habit\u00e9e d\u2019une italianit\u00e9 id\u00e9ologis\u00e9e. Il s\u2019agit d\u2019abord de revenir sur les conditions de structuration du mouvement fasciste \u00e0 Marseille avant de porter attention \u00e0 une architecture unique en France et \u00e0 l\u2019am\u00e9nagement des locaux de la <em>Casa d\u2019Italia<\/em>, aux organisations mobilis\u00e9es qui y sont abrit\u00e9es, aux c\u00e9l\u00e9brations patriotiques et politiques qui s\u2019y d\u00e9roulent, aux actions sociales qui y sont men\u00e9es ainsi qu\u2019aux activit\u00e9s culturelles, \u00e9ducatives et cultuelles d\u00e9velopp\u00e9es \u00e0 destination des adultes et des plus jeunes. Le lieu, dont la r\u00e9putation souffre de la d\u00e9gradation des relations franco-italiennes \u00e0 la fin des ann\u00e9es 1930, connait des mutations d\u00e8s la Seconde Guerre mondiale, ainsi qu\u2019apr\u00e8s la chute du r\u00e9gime mussolinien. L\u2019empreinte du fascisme conduit enfin \u00e0 s\u2019interroger sur la dissonance de ce patrimoine qui, aujourd\u2019hui, accueille le Consulat g\u00e9n\u00e9ral d\u2019Italie et l\u2019Institut culturel italien de Marseille.<\/p>\n\n\n\n<p><\/p>\n","protected":false},"excerpt":{"rendered":"<p>Fascisme et Italiens de Marseille. La Casa d\u2019Italia, St\u00e9phane Mourlane, Aix-en-Provence, Presses universitaires de Provence, 2024, 320 pages Ce livre ouvre les portes de la Casa d\u2019Italia de Marseille afin&hellip;&nbsp;<a href=\"https:\/\/telemme.mmsh.fr\/?p=14986\" rel=\"bookmark\">Lire la suite &raquo;<span class=\"screen-reader-text\">Fascisme et Italiens de Marseille. La Casa d\u2019Italia<\/span><\/a><\/p>\n","protected":false},"author":6,"featured_media":14988,"comment_status":"closed","ping_status":"closed","sticky":false,"template":"","format":"standard","meta":{"neve_meta_sidebar":"","neve_meta_container":"","neve_meta_enable_content_width":"off","neve_meta_content_width":70,"neve_meta_title_alignment":"","neve_meta_author_avatar":"","neve_post_elements_order":"","neve_meta_disable_header":"","neve_meta_disable_footer":"","neve_meta_disable_title":"","_tribe_events_control_status":"","_tribe_events_control_status_canceled_reason":"","_tribe_events_control_status_postponed_reason":"","_tribe_events_control_online":"","_tribe_events_control_online_url":"","footnotes":""},"categories":[1740],"tags":[],"class_list":["post-14986","post","type-post","status-publish","format-standard","has-post-thumbnail","hentry","category-ouvrages"],"yoast_head":"<!-- This site is optimized with the Yoast SEO plugin v27.4 - https:\/\/yoast.com\/product\/yoast-seo-wordpress\/ -->\n<title>Fascisme et Italiens de Marseille. La Casa d\u2019Italia - TELEMMe - Temps, espaces, langages, Europe m\u00e9ridionale, M\u00e9diterran\u00e9e<\/title>\n<meta name=\"robots\" content=\"index, follow, max-snippet:-1, max-image-preview:large, max-video-preview:-1\" \/>\n<link rel=\"canonical\" href=\"https:\/\/telemme.mmsh.fr\/?p=14986\" \/>\n<meta property=\"og:locale\" content=\"fr_FR\" \/>\n<meta property=\"og:type\" content=\"article\" \/>\n<meta property=\"og:title\" content=\"Fascisme et Italiens de Marseille. La Casa d\u2019Italia - TELEMMe - Temps, espaces, langages, Europe m\u00e9ridionale, M\u00e9diterran\u00e9e\" \/>\n<meta property=\"og:description\" content=\"Fascisme et Italiens de Marseille. La Casa d\u2019Italia, St\u00e9phane Mourlane, Aix-en-Provence, Presses universitaires de Provence, 2024, 320 pages Ce livre ouvre les portes de la Casa d\u2019Italia de Marseille afin&hellip;&nbsp;Lire la suite &raquo;Fascisme et Italiens de Marseille. La Casa d\u2019Italia\" \/>\n<meta property=\"og:url\" content=\"https:\/\/telemme.mmsh.fr\/?p=14986\" \/>\n<meta property=\"og:site_name\" content=\"TELEMMe - Temps, espaces, langages, Europe m\u00e9ridionale, M\u00e9diterran\u00e9e\" \/>\n<meta property=\"article:published_time\" content=\"2025-01-16T12:42:03+00:00\" \/>\n<meta property=\"article:modified_time\" content=\"2025-01-16T12:42:05+00:00\" \/>\n<meta property=\"og:image\" content=\"https:\/\/telemme.mmsh.fr\/wp-content\/uploads\/2025\/01\/Fascisme-et-Italiens-de-Marseille.jpg\" \/>\n\t<meta property=\"og:image:width\" content=\"400\" \/>\n\t<meta property=\"og:image:height\" content=\"599\" \/>\n\t<meta property=\"og:image:type\" content=\"image\/jpeg\" \/>\n<meta name=\"author\" content=\"Delphine Cavallo\" \/>\n<meta name=\"twitter:card\" content=\"summary_large_image\" \/>\n<meta name=\"twitter:label1\" content=\"\u00c9crit par\" \/>\n\t<meta name=\"twitter:data1\" content=\"Delphine Cavallo\" \/>\n\t<meta name=\"twitter:label2\" content=\"Dur\u00e9e de lecture estim\u00e9e\" \/>\n\t<meta name=\"twitter:data2\" content=\"2 minutes\" \/>\n<script type=\"application\/ld+json\" class=\"yoast-schema-graph\">{\"@context\":\"https:\\\/\\\/schema.org\",\"@graph\":[{\"@type\":\"Article\",\"@id\":\"https:\\\/\\\/telemme.mmsh.fr\\\/?p=14986#article\",\"isPartOf\":{\"@id\":\"https:\\\/\\\/telemme.mmsh.fr\\\/?p=14986\"},\"author\":{\"name\":\"Delphine Cavallo\",\"@id\":\"https:\\\/\\\/telemme.mmsh.fr\\\/#\\\/schema\\\/person\\\/86a185da4836381586528ced48e263f5\"},\"headline\":\"Fascisme et Italiens de Marseille. La Casa d\u2019Italia\",\"datePublished\":\"2025-01-16T12:42:03+00:00\",\"dateModified\":\"2025-01-16T12:42:05+00:00\",\"mainEntityOfPage\":{\"@id\":\"https:\\\/\\\/telemme.mmsh.fr\\\/?p=14986\"},\"wordCount\":329,\"publisher\":{\"@id\":\"https:\\\/\\\/telemme.mmsh.fr\\\/#organization\"},\"image\":{\"@id\":\"https:\\\/\\\/telemme.mmsh.fr\\\/?p=14986#primaryimage\"},\"thumbnailUrl\":\"https:\\\/\\\/telemme.mmsh.fr\\\/wp-content\\\/uploads\\\/2025\\\/01\\\/Fascisme-et-Italiens-de-Marseille.jpg\",\"articleSection\":[\"Ouvrages\"],\"inLanguage\":\"fr-FR\"},{\"@type\":\"WebPage\",\"@id\":\"https:\\\/\\\/telemme.mmsh.fr\\\/?p=14986\",\"url\":\"https:\\\/\\\/telemme.mmsh.fr\\\/?p=14986\",\"name\":\"Fascisme et Italiens de Marseille. La Casa d\u2019Italia - TELEMMe - Temps, espaces, langages, Europe m\u00e9ridionale, M\u00e9diterran\u00e9e\",\"isPartOf\":{\"@id\":\"https:\\\/\\\/telemme.mmsh.fr\\\/#website\"},\"primaryImageOfPage\":{\"@id\":\"https:\\\/\\\/telemme.mmsh.fr\\\/?p=14986#primaryimage\"},\"image\":{\"@id\":\"https:\\\/\\\/telemme.mmsh.fr\\\/?p=14986#primaryimage\"},\"thumbnailUrl\":\"https:\\\/\\\/telemme.mmsh.fr\\\/wp-content\\\/uploads\\\/2025\\\/01\\\/Fascisme-et-Italiens-de-Marseille.jpg\",\"datePublished\":\"2025-01-16T12:42:03+00:00\",\"dateModified\":\"2025-01-16T12:42:05+00:00\",\"breadcrumb\":{\"@id\":\"https:\\\/\\\/telemme.mmsh.fr\\\/?p=14986#breadcrumb\"},\"inLanguage\":\"fr-FR\",\"potentialAction\":[{\"@type\":\"ReadAction\",\"target\":[\"https:\\\/\\\/telemme.mmsh.fr\\\/?p=14986\"]}]},{\"@type\":\"ImageObject\",\"inLanguage\":\"fr-FR\",\"@id\":\"https:\\\/\\\/telemme.mmsh.fr\\\/?p=14986#primaryimage\",\"url\":\"https:\\\/\\\/telemme.mmsh.fr\\\/wp-content\\\/uploads\\\/2025\\\/01\\\/Fascisme-et-Italiens-de-Marseille.jpg\",\"contentUrl\":\"https:\\\/\\\/telemme.mmsh.fr\\\/wp-content\\\/uploads\\\/2025\\\/01\\\/Fascisme-et-Italiens-de-Marseille.jpg\",\"width\":400,\"height\":599,\"caption\":\"Couverture de Fascisme et Italiens de Marseille\"},{\"@type\":\"BreadcrumbList\",\"@id\":\"https:\\\/\\\/telemme.mmsh.fr\\\/?p=14986#breadcrumb\",\"itemListElement\":[{\"@type\":\"ListItem\",\"position\":1,\"name\":\"Accueil\",\"item\":\"https:\\\/\\\/telemme.mmsh.fr\\\/\"},{\"@type\":\"ListItem\",\"position\":2,\"name\":\"Publications\",\"item\":\"https:\\\/\\\/telemme.mmsh.fr\\\/?cat=1738\"},{\"@type\":\"ListItem\",\"position\":3,\"name\":\"Ouvrages\",\"item\":\"https:\\\/\\\/telemme.mmsh.fr\\\/?cat=1740\"},{\"@type\":\"ListItem\",\"position\":4,\"name\":\"Fascisme et Italiens de Marseille. La Casa d\u2019Italia\"}]},{\"@type\":\"WebSite\",\"@id\":\"https:\\\/\\\/telemme.mmsh.fr\\\/#website\",\"url\":\"https:\\\/\\\/telemme.mmsh.fr\\\/\",\"name\":\"TELEMMe - Temps, espaces, langages, Europe m\u00e9ridionale, M\u00e9diterran\u00e9e\",\"description\":\"\",\"publisher\":{\"@id\":\"https:\\\/\\\/telemme.mmsh.fr\\\/#organization\"},\"potentialAction\":[{\"@type\":\"SearchAction\",\"target\":{\"@type\":\"EntryPoint\",\"urlTemplate\":\"https:\\\/\\\/telemme.mmsh.fr\\\/?s={search_term_string}\"},\"query-input\":{\"@type\":\"PropertyValueSpecification\",\"valueRequired\":true,\"valueName\":\"search_term_string\"}}],\"inLanguage\":\"fr-FR\"},{\"@type\":\"Organization\",\"@id\":\"https:\\\/\\\/telemme.mmsh.fr\\\/#organization\",\"name\":\"TELEMMe\",\"url\":\"https:\\\/\\\/telemme.mmsh.fr\\\/\",\"logo\":{\"@type\":\"ImageObject\",\"inLanguage\":\"fr-FR\",\"@id\":\"https:\\\/\\\/telemme.mmsh.fr\\\/#\\\/schema\\\/logo\\\/image\\\/\",\"url\":\"https:\\\/\\\/telemme.mmsh.fr\\\/wp-content\\\/uploads\\\/2020\\\/03\\\/LogoTELEMMe-horizontal-fond-transparent.png\",\"contentUrl\":\"https:\\\/\\\/telemme.mmsh.fr\\\/wp-content\\\/uploads\\\/2020\\\/03\\\/LogoTELEMMe-horizontal-fond-transparent.png\",\"width\":1500,\"height\":437,\"caption\":\"TELEMMe\"},\"image\":{\"@id\":\"https:\\\/\\\/telemme.mmsh.fr\\\/#\\\/schema\\\/logo\\\/image\\\/\"}},{\"@type\":\"Person\",\"@id\":\"https:\\\/\\\/telemme.mmsh.fr\\\/#\\\/schema\\\/person\\\/86a185da4836381586528ced48e263f5\",\"name\":\"Delphine Cavallo\",\"url\":\"https:\\\/\\\/telemme.mmsh.fr\\\/?author=6\"}]}<\/script>\n<!-- \/ Yoast SEO plugin. -->","yoast_head_json":{"title":"Fascisme et Italiens de Marseille. La Casa d\u2019Italia - TELEMMe - Temps, espaces, langages, Europe m\u00e9ridionale, M\u00e9diterran\u00e9e","robots":{"index":"index","follow":"follow","max-snippet":"max-snippet:-1","max-image-preview":"max-image-preview:large","max-video-preview":"max-video-preview:-1"},"canonical":"https:\/\/telemme.mmsh.fr\/?p=14986","og_locale":"fr_FR","og_type":"article","og_title":"Fascisme et Italiens de Marseille. La Casa d\u2019Italia - TELEMMe - Temps, espaces, langages, Europe m\u00e9ridionale, M\u00e9diterran\u00e9e","og_description":"Fascisme et Italiens de Marseille. La Casa d\u2019Italia, St\u00e9phane Mourlane, Aix-en-Provence, Presses universitaires de Provence, 2024, 320 pages Ce livre ouvre les portes de la Casa d\u2019Italia de Marseille afin&hellip;&nbsp;Lire la suite &raquo;Fascisme et Italiens de Marseille. La Casa d\u2019Italia","og_url":"https:\/\/telemme.mmsh.fr\/?p=14986","og_site_name":"TELEMMe - Temps, espaces, langages, Europe m\u00e9ridionale, M\u00e9diterran\u00e9e","article_published_time":"2025-01-16T12:42:03+00:00","article_modified_time":"2025-01-16T12:42:05+00:00","og_image":[{"width":400,"height":599,"url":"https:\/\/telemme.mmsh.fr\/wp-content\/uploads\/2025\/01\/Fascisme-et-Italiens-de-Marseille.jpg","type":"image\/jpeg"}],"author":"Delphine Cavallo","twitter_card":"summary_large_image","twitter_misc":{"\u00c9crit par":"Delphine Cavallo","Dur\u00e9e de lecture estim\u00e9e":"2 minutes"},"schema":{"@context":"https:\/\/schema.org","@graph":[{"@type":"Article","@id":"https:\/\/telemme.mmsh.fr\/?p=14986#article","isPartOf":{"@id":"https:\/\/telemme.mmsh.fr\/?p=14986"},"author":{"name":"Delphine Cavallo","@id":"https:\/\/telemme.mmsh.fr\/#\/schema\/person\/86a185da4836381586528ced48e263f5"},"headline":"Fascisme et Italiens de Marseille. La Casa d\u2019Italia","datePublished":"2025-01-16T12:42:03+00:00","dateModified":"2025-01-16T12:42:05+00:00","mainEntityOfPage":{"@id":"https:\/\/telemme.mmsh.fr\/?p=14986"},"wordCount":329,"publisher":{"@id":"https:\/\/telemme.mmsh.fr\/#organization"},"image":{"@id":"https:\/\/telemme.mmsh.fr\/?p=14986#primaryimage"},"thumbnailUrl":"https:\/\/telemme.mmsh.fr\/wp-content\/uploads\/2025\/01\/Fascisme-et-Italiens-de-Marseille.jpg","articleSection":["Ouvrages"],"inLanguage":"fr-FR"},{"@type":"WebPage","@id":"https:\/\/telemme.mmsh.fr\/?p=14986","url":"https:\/\/telemme.mmsh.fr\/?p=14986","name":"Fascisme et Italiens de Marseille. La Casa d\u2019Italia - TELEMMe - Temps, espaces, langages, Europe m\u00e9ridionale, M\u00e9diterran\u00e9e","isPartOf":{"@id":"https:\/\/telemme.mmsh.fr\/#website"},"primaryImageOfPage":{"@id":"https:\/\/telemme.mmsh.fr\/?p=14986#primaryimage"},"image":{"@id":"https:\/\/telemme.mmsh.fr\/?p=14986#primaryimage"},"thumbnailUrl":"https:\/\/telemme.mmsh.fr\/wp-content\/uploads\/2025\/01\/Fascisme-et-Italiens-de-Marseille.jpg","datePublished":"2025-01-16T12:42:03+00:00","dateModified":"2025-01-16T12:42:05+00:00","breadcrumb":{"@id":"https:\/\/telemme.mmsh.fr\/?p=14986#breadcrumb"},"inLanguage":"fr-FR","potentialAction":[{"@type":"ReadAction","target":["https:\/\/telemme.mmsh.fr\/?p=14986"]}]},{"@type":"ImageObject","inLanguage":"fr-FR","@id":"https:\/\/telemme.mmsh.fr\/?p=14986#primaryimage","url":"https:\/\/telemme.mmsh.fr\/wp-content\/uploads\/2025\/01\/Fascisme-et-Italiens-de-Marseille.jpg","contentUrl":"https:\/\/telemme.mmsh.fr\/wp-content\/uploads\/2025\/01\/Fascisme-et-Italiens-de-Marseille.jpg","width":400,"height":599,"caption":"Couverture de Fascisme et Italiens de Marseille"},{"@type":"BreadcrumbList","@id":"https:\/\/telemme.mmsh.fr\/?p=14986#breadcrumb","itemListElement":[{"@type":"ListItem","position":1,"name":"Accueil","item":"https:\/\/telemme.mmsh.fr\/"},{"@type":"ListItem","position":2,"name":"Publications","item":"https:\/\/telemme.mmsh.fr\/?cat=1738"},{"@type":"ListItem","position":3,"name":"Ouvrages","item":"https:\/\/telemme.mmsh.fr\/?cat=1740"},{"@type":"ListItem","position":4,"name":"Fascisme et Italiens de Marseille. La Casa d\u2019Italia"}]},{"@type":"WebSite","@id":"https:\/\/telemme.mmsh.fr\/#website","url":"https:\/\/telemme.mmsh.fr\/","name":"TELEMMe - Temps, espaces, langages, Europe m\u00e9ridionale, M\u00e9diterran\u00e9e","description":"","publisher":{"@id":"https:\/\/telemme.mmsh.fr\/#organization"},"potentialAction":[{"@type":"SearchAction","target":{"@type":"EntryPoint","urlTemplate":"https:\/\/telemme.mmsh.fr\/?s={search_term_string}"},"query-input":{"@type":"PropertyValueSpecification","valueRequired":true,"valueName":"search_term_string"}}],"inLanguage":"fr-FR"},{"@type":"Organization","@id":"https:\/\/telemme.mmsh.fr\/#organization","name":"TELEMMe","url":"https:\/\/telemme.mmsh.fr\/","logo":{"@type":"ImageObject","inLanguage":"fr-FR","@id":"https:\/\/telemme.mmsh.fr\/#\/schema\/logo\/image\/","url":"https:\/\/telemme.mmsh.fr\/wp-content\/uploads\/2020\/03\/LogoTELEMMe-horizontal-fond-transparent.png","contentUrl":"https:\/\/telemme.mmsh.fr\/wp-content\/uploads\/2020\/03\/LogoTELEMMe-horizontal-fond-transparent.png","width":1500,"height":437,"caption":"TELEMMe"},"image":{"@id":"https:\/\/telemme.mmsh.fr\/#\/schema\/logo\/image\/"}},{"@type":"Person","@id":"https:\/\/telemme.mmsh.fr\/#\/schema\/person\/86a185da4836381586528ced48e263f5","name":"Delphine Cavallo","url":"https:\/\/telemme.mmsh.fr\/?author=6"}]}},"_links":{"self":[{"href":"https:\/\/telemme.mmsh.fr\/index.php?rest_route=\/wp\/v2\/posts\/14986","targetHints":{"allow":["GET"]}}],"collection":[{"href":"https:\/\/telemme.mmsh.fr\/index.php?rest_route=\/wp\/v2\/posts"}],"about":[{"href":"https:\/\/telemme.mmsh.fr\/index.php?rest_route=\/wp\/v2\/types\/post"}],"author":[{"embeddable":true,"href":"https:\/\/telemme.mmsh.fr\/index.php?rest_route=\/wp\/v2\/users\/6"}],"replies":[{"embeddable":true,"href":"https:\/\/telemme.mmsh.fr\/index.php?rest_route=%2Fwp%2Fv2%2Fcomments&post=14986"}],"version-history":[{"count":2,"href":"https:\/\/telemme.mmsh.fr\/index.php?rest_route=\/wp\/v2\/posts\/14986\/revisions"}],"predecessor-version":[{"id":14989,"href":"https:\/\/telemme.mmsh.fr\/index.php?rest_route=\/wp\/v2\/posts\/14986\/revisions\/14989"}],"wp:featuredmedia":[{"embeddable":true,"href":"https:\/\/telemme.mmsh.fr\/index.php?rest_route=\/wp\/v2\/media\/14988"}],"wp:attachment":[{"href":"https:\/\/telemme.mmsh.fr\/index.php?rest_route=%2Fwp%2Fv2%2Fmedia&parent=14986"}],"wp:term":[{"taxonomy":"category","embeddable":true,"href":"https:\/\/telemme.mmsh.fr\/index.php?rest_route=%2Fwp%2Fv2%2Fcategories&post=14986"},{"taxonomy":"post_tag","embeddable":true,"href":"https:\/\/telemme.mmsh.fr\/index.php?rest_route=%2Fwp%2Fv2%2Ftags&post=14986"}],"curies":[{"name":"wp","href":"https:\/\/api.w.org\/{rel}","templated":true}]}}