{"id":14941,"date":"2025-01-14T18:35:34","date_gmt":"2025-01-14T17:35:34","guid":{"rendered":"https:\/\/telemme.mmsh.fr\/?p=14941"},"modified":"2025-01-20T11:51:56","modified_gmt":"2025-01-20T10:51:56","slug":"les-mondes-de-leconomie-xviiie-xxie-siecle","status":"publish","type":"post","link":"https:\/\/telemme.mmsh.fr\/?p=14941","title":{"rendered":"Les mondes de l\u2019\u00e9conomie (XVIIIe-XXIe si\u00e8cle)"},"content":{"rendered":"\n<blockquote class=\"wp-block-quote is-layout-flow wp-block-quote-is-layout-flow\">\n<p><em><strong><a href=\"https:\/\/shs.hal.science\/halshs-04750518v1\">Les mondes de l\u2019\u00e9conomie (XVIIIe-XXIe si\u00e8cle). Arpenter l\u2019histoire avec Xavier Daumalin<\/a><\/strong><\/em>, <a href=\"https:\/\/telemme.mmsh.fr\/?membres=fabien-bartolotti\">Fabien Bartolotti<\/a>, <a href=\"https:\/\/telemme.mmsh.fr\/?membres=olivier-lambert\">Olivier Lambert<\/a>, <a href=\"https:\/\/telemme.mmsh.fr\/?membres=olivier-raveux\">Olivier Raveux<\/a> (dir.), Presses universitaires de Provence, 2024, 325 pages<\/p>\n<\/blockquote>\n\n\n\n<p>Questionner la physionomie et les ressorts des mondes \u00e9conomiques du pass\u00e9 pour fournir des cl\u00e9s de compr\u00e9hension pour ceux d\u2019aujourd\u2019hui\u2009: telle est l\u2019ambition que s\u2019est fix\u00e9e Xavier Daumalin depuis plus d\u2019une trentaine d\u2019ann\u00e9es. Auteur d\u2019une \u0153uvre qui s\u2019est toujours d\u00e9velopp\u00e9e sur les fronts pionniers de l\u2019historiographie, il n\u2019a cess\u00e9 d\u2019ouvrir de nouveaux chantiers de recherche en prise avec les enjeux de la soci\u00e9t\u00e9 contemporaine, y compris en initiant un dialogue avec les sph\u00e8res extra-universitaires. Cet ouvrage entend lui rendre hommage en arpentant, \u00e0 partir d\u2019une grande vari\u00e9t\u00e9 d\u2019\u00e9tudes de cas, depuis les pr\u00e9mices de la R\u00e9volution industrielle jusqu\u2019\u00e0 nos jours, depuis la Provence jusqu\u2019\u00e0 l\u2019Asie, les grandes th\u00e9matiques qui ont \u00e9t\u00e9 les siennes\u2009: les trajectoires, les transitions et les hybridations \u00e9nerg\u00e9tiques, les mobilisations environnementales ou encore la mesure, la d\u00e9mesure et l\u2019envers de la croissance industrielle. Les travaux rassembl\u00e9s dans ce volume t\u00e9moignent de la vitalit\u00e9 actuelle de la recherche sur ces sujets et prolongent les approches m\u00e9thodologiques que Xavier Daumalin a d\u00e9velopp\u00e9es. Ils s\u2019inscrivent dans son sillage caract\u00e9ris\u00e9 par une qu\u00eate insatiable d\u2019archives in\u00e9dites, une attention port\u00e9e \u00e0 la dimension sociale, politique mais aussi culturelle de l\u2019\u00e9conomie, une lecture du progr\u00e8s technique exempte de toute simplification et la volont\u00e9 de toujours profiter des apports d\u2019autres disciplines, depuis les sciences \u00e9conomiques jusqu\u2019\u00e0 l\u2019\u00e9cologie.<\/p>\n","protected":false},"excerpt":{"rendered":"<p>Les mondes de l\u2019\u00e9conomie (XVIIIe-XXIe si\u00e8cle). Arpenter l\u2019histoire avec Xavier Daumalin, Fabien Bartolotti, Olivier Lambert, Olivier Raveux (dir.), Presses universitaires de Provence, 2024, 325 pages Questionner la physionomie et les&hellip;&nbsp;<a href=\"https:\/\/telemme.mmsh.fr\/?p=14941\" rel=\"bookmark\">Lire la suite &raquo;<span class=\"screen-reader-text\">Les mondes de l\u2019\u00e9conomie (XVIIIe-XXIe si\u00e8cle)<\/span><\/a><\/p>\n","protected":false},"author":6,"featured_media":14942,"comment_status":"closed","ping_status":"closed","sticky":false,"template":"","format":"standard","meta":{"neve_meta_sidebar":"","neve_meta_container":"","neve_meta_enable_content_width":"off","neve_meta_content_width":70,"neve_meta_title_alignment":"","neve_meta_author_avatar":"","neve_post_elements_order":"","neve_meta_disable_header":"","neve_meta_disable_footer":"","neve_meta_disable_title":"","_tribe_events_control_status":"","_tribe_events_control_status_canceled_reason":"","_tribe_events_control_status_postponed_reason":"","_tribe_events_control_online":"","_tribe_events_control_online_url":"","footnotes":""},"categories":[1742],"tags":[],"class_list":["post-14941","post","type-post","status-publish","format-standard","has-post-thumbnail","hentry","category-dir-ouvrage"],"yoast_head":"<!-- This site is optimized with the Yoast SEO plugin v27.4 - https:\/\/yoast.com\/product\/yoast-seo-wordpress\/ -->\n<title>Les mondes de l\u2019\u00e9conomie (XVIIIe-XXIe si\u00e8cle) - TELEMMe - Temps, espaces, langages, Europe m\u00e9ridionale, M\u00e9diterran\u00e9e<\/title>\n<meta name=\"robots\" content=\"index, follow, max-snippet:-1, max-image-preview:large, max-video-preview:-1\" \/>\n<link rel=\"canonical\" href=\"https:\/\/telemme.mmsh.fr\/?p=14941\" \/>\n<meta property=\"og:locale\" content=\"fr_FR\" \/>\n<meta property=\"og:type\" content=\"article\" \/>\n<meta property=\"og:title\" content=\"Les mondes de l\u2019\u00e9conomie (XVIIIe-XXIe si\u00e8cle) - TELEMMe - Temps, espaces, langages, Europe m\u00e9ridionale, M\u00e9diterran\u00e9e\" \/>\n<meta property=\"og:description\" content=\"Les mondes de l\u2019\u00e9conomie (XVIIIe-XXIe si\u00e8cle). Arpenter l\u2019histoire avec Xavier Daumalin, Fabien Bartolotti, Olivier Lambert, Olivier Raveux (dir.), Presses universitaires de Provence, 2024, 325 pages Questionner la physionomie et les&hellip;&nbsp;Lire la suite &raquo;Les mondes de l\u2019\u00e9conomie (XVIIIe-XXIe si\u00e8cle)\" \/>\n<meta property=\"og:url\" content=\"https:\/\/telemme.mmsh.fr\/?p=14941\" \/>\n<meta property=\"og:site_name\" content=\"TELEMMe - Temps, espaces, langages, Europe m\u00e9ridionale, M\u00e9diterran\u00e9e\" \/>\n<meta property=\"article:published_time\" content=\"2025-01-14T17:35:34+00:00\" \/>\n<meta property=\"article:modified_time\" content=\"2025-01-20T10:51:56+00:00\" \/>\n<meta property=\"og:image\" content=\"https:\/\/telemme.mmsh.fr\/wp-content\/uploads\/2025\/01\/image.jpeg\" \/>\n\t<meta property=\"og:image:width\" content=\"454\" \/>\n\t<meta property=\"og:image:height\" content=\"680\" \/>\n\t<meta property=\"og:image:type\" content=\"image\/jpeg\" \/>\n<meta name=\"author\" content=\"Delphine Cavallo\" \/>\n<meta name=\"twitter:card\" content=\"summary_large_image\" \/>\n<meta name=\"twitter:label1\" content=\"\u00c9crit par\" \/>\n\t<meta name=\"twitter:data1\" content=\"Delphine Cavallo\" \/>\n\t<meta name=\"twitter:label2\" content=\"Dur\u00e9e de lecture estim\u00e9e\" \/>\n\t<meta name=\"twitter:data2\" content=\"1 minute\" \/>\n<script type=\"application\/ld+json\" class=\"yoast-schema-graph\">{\"@context\":\"https:\\\/\\\/schema.org\",\"@graph\":[{\"@type\":\"Article\",\"@id\":\"https:\\\/\\\/telemme.mmsh.fr\\\/?p=14941#article\",\"isPartOf\":{\"@id\":\"https:\\\/\\\/telemme.mmsh.fr\\\/?p=14941\"},\"author\":{\"name\":\"Delphine Cavallo\",\"@id\":\"https:\\\/\\\/telemme.mmsh.fr\\\/#\\\/schema\\\/person\\\/86a185da4836381586528ced48e263f5\"},\"headline\":\"Les mondes de l\u2019\u00e9conomie (XVIIIe-XXIe si\u00e8cle)\",\"datePublished\":\"2025-01-14T17:35:34+00:00\",\"dateModified\":\"2025-01-20T10:51:56+00:00\",\"mainEntityOfPage\":{\"@id\":\"https:\\\/\\\/telemme.mmsh.fr\\\/?p=14941\"},\"wordCount\":289,\"publisher\":{\"@id\":\"https:\\\/\\\/telemme.mmsh.fr\\\/#organization\"},\"image\":{\"@id\":\"https:\\\/\\\/telemme.mmsh.fr\\\/?p=14941#primaryimage\"},\"thumbnailUrl\":\"https:\\\/\\\/telemme.mmsh.fr\\\/wp-content\\\/uploads\\\/2025\\\/01\\\/image.jpeg\",\"articleSection\":[\"Directions d'ouvrage\"],\"inLanguage\":\"fr-FR\"},{\"@type\":\"WebPage\",\"@id\":\"https:\\\/\\\/telemme.mmsh.fr\\\/?p=14941\",\"url\":\"https:\\\/\\\/telemme.mmsh.fr\\\/?p=14941\",\"name\":\"Les mondes de l\u2019\u00e9conomie (XVIIIe-XXIe si\u00e8cle) - TELEMMe - Temps, espaces, langages, Europe m\u00e9ridionale, M\u00e9diterran\u00e9e\",\"isPartOf\":{\"@id\":\"https:\\\/\\\/telemme.mmsh.fr\\\/#website\"},\"primaryImageOfPage\":{\"@id\":\"https:\\\/\\\/telemme.mmsh.fr\\\/?p=14941#primaryimage\"},\"image\":{\"@id\":\"https:\\\/\\\/telemme.mmsh.fr\\\/?p=14941#primaryimage\"},\"thumbnailUrl\":\"https:\\\/\\\/telemme.mmsh.fr\\\/wp-content\\\/uploads\\\/2025\\\/01\\\/image.jpeg\",\"datePublished\":\"2025-01-14T17:35:34+00:00\",\"dateModified\":\"2025-01-20T10:51:56+00:00\",\"breadcrumb\":{\"@id\":\"https:\\\/\\\/telemme.mmsh.fr\\\/?p=14941#breadcrumb\"},\"inLanguage\":\"fr-FR\",\"potentialAction\":[{\"@type\":\"ReadAction\",\"target\":[\"https:\\\/\\\/telemme.mmsh.fr\\\/?p=14941\"]}]},{\"@type\":\"ImageObject\",\"inLanguage\":\"fr-FR\",\"@id\":\"https:\\\/\\\/telemme.mmsh.fr\\\/?p=14941#primaryimage\",\"url\":\"https:\\\/\\\/telemme.mmsh.fr\\\/wp-content\\\/uploads\\\/2025\\\/01\\\/image.jpeg\",\"contentUrl\":\"https:\\\/\\\/telemme.mmsh.fr\\\/wp-content\\\/uploads\\\/2025\\\/01\\\/image.jpeg\",\"width\":454,\"height\":680,\"caption\":\"Couverture de Les mondes de l\u2019\u00e9conomie, XVIIIe-XXIe si\u00e8cle : Arpenter l\u2019histoire avec Xavier Daumalin\"},{\"@type\":\"BreadcrumbList\",\"@id\":\"https:\\\/\\\/telemme.mmsh.fr\\\/?p=14941#breadcrumb\",\"itemListElement\":[{\"@type\":\"ListItem\",\"position\":1,\"name\":\"Accueil\",\"item\":\"https:\\\/\\\/telemme.mmsh.fr\\\/\"},{\"@type\":\"ListItem\",\"position\":2,\"name\":\"Publications\",\"item\":\"https:\\\/\\\/telemme.mmsh.fr\\\/?cat=1738\"},{\"@type\":\"ListItem\",\"position\":3,\"name\":\"Directions d'ouvrage\",\"item\":\"https:\\\/\\\/telemme.mmsh.fr\\\/?cat=1742\"},{\"@type\":\"ListItem\",\"position\":4,\"name\":\"Les mondes de l\u2019\u00e9conomie (XVIIIe-XXIe si\u00e8cle)\"}]},{\"@type\":\"WebSite\",\"@id\":\"https:\\\/\\\/telemme.mmsh.fr\\\/#website\",\"url\":\"https:\\\/\\\/telemme.mmsh.fr\\\/\",\"name\":\"TELEMMe - Temps, espaces, langages, Europe m\u00e9ridionale, M\u00e9diterran\u00e9e\",\"description\":\"\",\"publisher\":{\"@id\":\"https:\\\/\\\/telemme.mmsh.fr\\\/#organization\"},\"potentialAction\":[{\"@type\":\"SearchAction\",\"target\":{\"@type\":\"EntryPoint\",\"urlTemplate\":\"https:\\\/\\\/telemme.mmsh.fr\\\/?s={search_term_string}\"},\"query-input\":{\"@type\":\"PropertyValueSpecification\",\"valueRequired\":true,\"valueName\":\"search_term_string\"}}],\"inLanguage\":\"fr-FR\"},{\"@type\":\"Organization\",\"@id\":\"https:\\\/\\\/telemme.mmsh.fr\\\/#organization\",\"name\":\"TELEMMe\",\"url\":\"https:\\\/\\\/telemme.mmsh.fr\\\/\",\"logo\":{\"@type\":\"ImageObject\",\"inLanguage\":\"fr-FR\",\"@id\":\"https:\\\/\\\/telemme.mmsh.fr\\\/#\\\/schema\\\/logo\\\/image\\\/\",\"url\":\"https:\\\/\\\/telemme.mmsh.fr\\\/wp-content\\\/uploads\\\/2020\\\/03\\\/LogoTELEMMe-horizontal-fond-transparent.png\",\"contentUrl\":\"https:\\\/\\\/telemme.mmsh.fr\\\/wp-content\\\/uploads\\\/2020\\\/03\\\/LogoTELEMMe-horizontal-fond-transparent.png\",\"width\":1500,\"height\":437,\"caption\":\"TELEMMe\"},\"image\":{\"@id\":\"https:\\\/\\\/telemme.mmsh.fr\\\/#\\\/schema\\\/logo\\\/image\\\/\"}},{\"@type\":\"Person\",\"@id\":\"https:\\\/\\\/telemme.mmsh.fr\\\/#\\\/schema\\\/person\\\/86a185da4836381586528ced48e263f5\",\"name\":\"Delphine Cavallo\",\"url\":\"https:\\\/\\\/telemme.mmsh.fr\\\/?author=6\"}]}<\/script>\n<!-- \/ Yoast SEO plugin. -->","yoast_head_json":{"title":"Les mondes de l\u2019\u00e9conomie (XVIIIe-XXIe si\u00e8cle) - TELEMMe - Temps, espaces, langages, Europe m\u00e9ridionale, M\u00e9diterran\u00e9e","robots":{"index":"index","follow":"follow","max-snippet":"max-snippet:-1","max-image-preview":"max-image-preview:large","max-video-preview":"max-video-preview:-1"},"canonical":"https:\/\/telemme.mmsh.fr\/?p=14941","og_locale":"fr_FR","og_type":"article","og_title":"Les mondes de l\u2019\u00e9conomie (XVIIIe-XXIe si\u00e8cle) - TELEMMe - Temps, espaces, langages, Europe m\u00e9ridionale, M\u00e9diterran\u00e9e","og_description":"Les mondes de l\u2019\u00e9conomie (XVIIIe-XXIe si\u00e8cle). Arpenter l\u2019histoire avec Xavier Daumalin, Fabien Bartolotti, Olivier Lambert, Olivier Raveux (dir.), Presses universitaires de Provence, 2024, 325 pages Questionner la physionomie et les&hellip;&nbsp;Lire la suite &raquo;Les mondes de l\u2019\u00e9conomie (XVIIIe-XXIe si\u00e8cle)","og_url":"https:\/\/telemme.mmsh.fr\/?p=14941","og_site_name":"TELEMMe - Temps, espaces, langages, Europe m\u00e9ridionale, M\u00e9diterran\u00e9e","article_published_time":"2025-01-14T17:35:34+00:00","article_modified_time":"2025-01-20T10:51:56+00:00","og_image":[{"width":454,"height":680,"url":"https:\/\/telemme.mmsh.fr\/wp-content\/uploads\/2025\/01\/image.jpeg","type":"image\/jpeg"}],"author":"Delphine Cavallo","twitter_card":"summary_large_image","twitter_misc":{"\u00c9crit par":"Delphine Cavallo","Dur\u00e9e de lecture estim\u00e9e":"1 minute"},"schema":{"@context":"https:\/\/schema.org","@graph":[{"@type":"Article","@id":"https:\/\/telemme.mmsh.fr\/?p=14941#article","isPartOf":{"@id":"https:\/\/telemme.mmsh.fr\/?p=14941"},"author":{"name":"Delphine Cavallo","@id":"https:\/\/telemme.mmsh.fr\/#\/schema\/person\/86a185da4836381586528ced48e263f5"},"headline":"Les mondes de l\u2019\u00e9conomie (XVIIIe-XXIe si\u00e8cle)","datePublished":"2025-01-14T17:35:34+00:00","dateModified":"2025-01-20T10:51:56+00:00","mainEntityOfPage":{"@id":"https:\/\/telemme.mmsh.fr\/?p=14941"},"wordCount":289,"publisher":{"@id":"https:\/\/telemme.mmsh.fr\/#organization"},"image":{"@id":"https:\/\/telemme.mmsh.fr\/?p=14941#primaryimage"},"thumbnailUrl":"https:\/\/telemme.mmsh.fr\/wp-content\/uploads\/2025\/01\/image.jpeg","articleSection":["Directions d'ouvrage"],"inLanguage":"fr-FR"},{"@type":"WebPage","@id":"https:\/\/telemme.mmsh.fr\/?p=14941","url":"https:\/\/telemme.mmsh.fr\/?p=14941","name":"Les mondes de l\u2019\u00e9conomie (XVIIIe-XXIe si\u00e8cle) - TELEMMe - Temps, espaces, langages, Europe m\u00e9ridionale, M\u00e9diterran\u00e9e","isPartOf":{"@id":"https:\/\/telemme.mmsh.fr\/#website"},"primaryImageOfPage":{"@id":"https:\/\/telemme.mmsh.fr\/?p=14941#primaryimage"},"image":{"@id":"https:\/\/telemme.mmsh.fr\/?p=14941#primaryimage"},"thumbnailUrl":"https:\/\/telemme.mmsh.fr\/wp-content\/uploads\/2025\/01\/image.jpeg","datePublished":"2025-01-14T17:35:34+00:00","dateModified":"2025-01-20T10:51:56+00:00","breadcrumb":{"@id":"https:\/\/telemme.mmsh.fr\/?p=14941#breadcrumb"},"inLanguage":"fr-FR","potentialAction":[{"@type":"ReadAction","target":["https:\/\/telemme.mmsh.fr\/?p=14941"]}]},{"@type":"ImageObject","inLanguage":"fr-FR","@id":"https:\/\/telemme.mmsh.fr\/?p=14941#primaryimage","url":"https:\/\/telemme.mmsh.fr\/wp-content\/uploads\/2025\/01\/image.jpeg","contentUrl":"https:\/\/telemme.mmsh.fr\/wp-content\/uploads\/2025\/01\/image.jpeg","width":454,"height":680,"caption":"Couverture de Les mondes de l\u2019\u00e9conomie, XVIIIe-XXIe si\u00e8cle : Arpenter l\u2019histoire avec Xavier Daumalin"},{"@type":"BreadcrumbList","@id":"https:\/\/telemme.mmsh.fr\/?p=14941#breadcrumb","itemListElement":[{"@type":"ListItem","position":1,"name":"Accueil","item":"https:\/\/telemme.mmsh.fr\/"},{"@type":"ListItem","position":2,"name":"Publications","item":"https:\/\/telemme.mmsh.fr\/?cat=1738"},{"@type":"ListItem","position":3,"name":"Directions d'ouvrage","item":"https:\/\/telemme.mmsh.fr\/?cat=1742"},{"@type":"ListItem","position":4,"name":"Les mondes de l\u2019\u00e9conomie (XVIIIe-XXIe si\u00e8cle)"}]},{"@type":"WebSite","@id":"https:\/\/telemme.mmsh.fr\/#website","url":"https:\/\/telemme.mmsh.fr\/","name":"TELEMMe - Temps, espaces, langages, Europe m\u00e9ridionale, M\u00e9diterran\u00e9e","description":"","publisher":{"@id":"https:\/\/telemme.mmsh.fr\/#organization"},"potentialAction":[{"@type":"SearchAction","target":{"@type":"EntryPoint","urlTemplate":"https:\/\/telemme.mmsh.fr\/?s={search_term_string}"},"query-input":{"@type":"PropertyValueSpecification","valueRequired":true,"valueName":"search_term_string"}}],"inLanguage":"fr-FR"},{"@type":"Organization","@id":"https:\/\/telemme.mmsh.fr\/#organization","name":"TELEMMe","url":"https:\/\/telemme.mmsh.fr\/","logo":{"@type":"ImageObject","inLanguage":"fr-FR","@id":"https:\/\/telemme.mmsh.fr\/#\/schema\/logo\/image\/","url":"https:\/\/telemme.mmsh.fr\/wp-content\/uploads\/2020\/03\/LogoTELEMMe-horizontal-fond-transparent.png","contentUrl":"https:\/\/telemme.mmsh.fr\/wp-content\/uploads\/2020\/03\/LogoTELEMMe-horizontal-fond-transparent.png","width":1500,"height":437,"caption":"TELEMMe"},"image":{"@id":"https:\/\/telemme.mmsh.fr\/#\/schema\/logo\/image\/"}},{"@type":"Person","@id":"https:\/\/telemme.mmsh.fr\/#\/schema\/person\/86a185da4836381586528ced48e263f5","name":"Delphine Cavallo","url":"https:\/\/telemme.mmsh.fr\/?author=6"}]}},"_links":{"self":[{"href":"https:\/\/telemme.mmsh.fr\/index.php?rest_route=\/wp\/v2\/posts\/14941","targetHints":{"allow":["GET"]}}],"collection":[{"href":"https:\/\/telemme.mmsh.fr\/index.php?rest_route=\/wp\/v2\/posts"}],"about":[{"href":"https:\/\/telemme.mmsh.fr\/index.php?rest_route=\/wp\/v2\/types\/post"}],"author":[{"embeddable":true,"href":"https:\/\/telemme.mmsh.fr\/index.php?rest_route=\/wp\/v2\/users\/6"}],"replies":[{"embeddable":true,"href":"https:\/\/telemme.mmsh.fr\/index.php?rest_route=%2Fwp%2Fv2%2Fcomments&post=14941"}],"version-history":[{"count":5,"href":"https:\/\/telemme.mmsh.fr\/index.php?rest_route=\/wp\/v2\/posts\/14941\/revisions"}],"predecessor-version":[{"id":15089,"href":"https:\/\/telemme.mmsh.fr\/index.php?rest_route=\/wp\/v2\/posts\/14941\/revisions\/15089"}],"wp:featuredmedia":[{"embeddable":true,"href":"https:\/\/telemme.mmsh.fr\/index.php?rest_route=\/wp\/v2\/media\/14942"}],"wp:attachment":[{"href":"https:\/\/telemme.mmsh.fr\/index.php?rest_route=%2Fwp%2Fv2%2Fmedia&parent=14941"}],"wp:term":[{"taxonomy":"category","embeddable":true,"href":"https:\/\/telemme.mmsh.fr\/index.php?rest_route=%2Fwp%2Fv2%2Fcategories&post=14941"},{"taxonomy":"post_tag","embeddable":true,"href":"https:\/\/telemme.mmsh.fr\/index.php?rest_route=%2Fwp%2Fv2%2Ftags&post=14941"}],"curies":[{"name":"wp","href":"https:\/\/api.w.org\/{rel}","templated":true}]}}