{"id":14919,"date":"2025-01-14T16:10:10","date_gmt":"2025-01-14T15:10:10","guid":{"rendered":"https:\/\/telemme.mmsh.fr\/?p=14919"},"modified":"2025-01-20T12:03:05","modified_gmt":"2025-01-20T11:03:05","slug":"marseille-dhier-historiens-daujourdhui","status":"publish","type":"post","link":"https:\/\/telemme.mmsh.fr\/?p=14919","title":{"rendered":"Marseille d\u2019hier, historiens d\u2019aujourd\u2019hui"},"content":{"rendered":"\n<blockquote class=\"wp-block-quote is-layout-flow wp-block-quote-is-layout-flow\">\n<p><br><strong><a href=\"https:\/\/www.academie-sla-marseille.fr\/pages\/membres-1\/page.html\"><em>Marseille d\u2019hier, historiens d\u2019aujourd\u2019hui<\/em>,<\/a><\/strong> Jean-No\u00ebl Bret et <a href=\"https:\/\/telemme.mmsh.fr\/?membres=regis-bertrand\">R\u00e9gis Bertrand<\/a> ( dir.), Marseille, Acad\u00e9mie des sciences, lettres et arts de Marseille, 2024, 374 pages<\/p>\n<\/blockquote>\n\n\n\n<p>Ce nouveau livre est la synth\u00e8se des textes de&nbsp;quatorze arche\u0301ologues et historiens qui proposent chacun une e\u0301tude sur l\u2019histoire de Marseille.<\/p>\n\n\n\n<p>D. Pralon expose la question de l\u2019e\u0301tymologie de Massalia. M. Moliner reconstitue le paysage urbain de Massilia. J. Guyon pre\u0301cise les connaissances sur le premier groupe e\u0301piscopal. C. Dureuil-Bourachau propose un bilan du patrimoine arche\u0301ologique et examine sa valorisation aupre\u0300s d\u2019un large public. Th. Pe\u0301cout montre que les livres liturgiques me\u0301die\u0301vaux peuvent e\u0302tre objet d\u2019histoire. G. Buti restitue l\u2019ampleur de la flotte au service de Marseille au XVIIIe sie\u0300cle. R. Bertrand retrace l\u2019e\u0301volution du cimetie\u0300re Saint-Pierre. X. Daumalin de\u0301crit le renouvellement re\u0301cent de l\u2019histoire e\u0301conomique de Marseille. P. Boulanger reconstitue les gou\u0302ts gastronomiques du Marseillais Adolphe Thiers. E\u0301. Richard retrace son itine\u0301raire d\u2019historienne. J.-Y. Le Naour revient sur la \u00ab mauvaise re\u0301putation \u00bb des Marseillais pendant la guerre de 1914-1918. R.Menche\u0301rini e\u0301tudie l\u2019Occupation et le ro\u0302le de la Re\u0301sistance dans la ville et R. Dray-Bensoussan, l\u2019histoire des juifs de Marseille au XXe sie\u0300cle. A. Ramie\u0300re de Fortanier, e\u0301voque l\u2019essor des archives et de leur e\u0301tude entre 1968 et 1984. Autant d\u2019analyses originales et souvent tre\u0300s personnelles du riche passe\u0301 de la plus ancienne cite\u0301 franc\u0327aise.<\/p>\n\n\n\n<p><strong>Sous la direction de :<\/strong><\/p>\n\n\n\n<ul class=\"wp-block-list\">\n<li>Jean-Noe\u0308l Bret, diplo\u0302me\u0301 en histoire et histoire de l\u2019art, ancien galeriste a\u0300 Paris puis Marseille, professeur aux Beaux-Arts de Marseille, cre\u0301ateur des colloques L\u2019histoire de l\u2019art en question(s), pr\u00e9sident de l\u2019Acade\u0301mie en 2021, membre d\u2019honneur de l\u2019association Arkaeos.<\/li>\n<\/ul>\n\n\n\n<ul class=\"wp-block-list\">\n<li>et de Re\u0301gis Bertrand, docteur en histoire d\u2019AMU et docteur d\u2019E\u0301tat es-lettres de la Sorbonne, professeur e\u0301me\u0301rite d\u2019Histoire moderne d\u2019Aix-Marseille univ, chercheur a\u0300 l\u2019UMR Telemme, membre de l\u2019Acade\u0301mie, auteur de nombreuses e\u0301tudes sur l\u2019histoire et le patrimoine de Marseille.<\/li>\n<\/ul>\n\n\n\n<p>Collection Libre Format de l&rsquo;Acad\u00e9mie de Macon,<\/p>\n\n\n\n<p>En partenariat avec le Laboratoire TELEMMe, le CNRS Universit\u00e9 d&rsquo;Aix-Marseille, Association ACC et les Amis de l&rsquo;Acad\u00e9mie de Marseille.<\/p>\n","protected":false},"excerpt":{"rendered":"<p>Marseille d\u2019hier, historiens d\u2019aujourd\u2019hui, Jean-No\u00ebl Bret et R\u00e9gis Bertrand ( dir.), Marseille, Acad\u00e9mie des sciences, lettres et arts de Marseille, 2024, 374 pages Ce nouveau livre est la synth\u00e8se des&hellip;&nbsp;<a href=\"https:\/\/telemme.mmsh.fr\/?p=14919\" rel=\"bookmark\">Lire la suite &raquo;<span class=\"screen-reader-text\">Marseille d\u2019hier, historiens d\u2019aujourd\u2019hui<\/span><\/a><\/p>\n","protected":false},"author":6,"featured_media":14924,"comment_status":"closed","ping_status":"closed","sticky":false,"template":"","format":"standard","meta":{"neve_meta_sidebar":"","neve_meta_container":"","neve_meta_enable_content_width":"off","neve_meta_content_width":70,"neve_meta_title_alignment":"","neve_meta_author_avatar":"","neve_post_elements_order":"","neve_meta_disable_header":"","neve_meta_disable_footer":"","neve_meta_disable_title":"","_tribe_events_control_status":"","_tribe_events_control_status_canceled_reason":"","_tribe_events_control_status_postponed_reason":"","_tribe_events_control_online":"","_tribe_events_control_online_url":"","footnotes":""},"categories":[1742],"tags":[],"class_list":["post-14919","post","type-post","status-publish","format-standard","has-post-thumbnail","hentry","category-dir-ouvrage"],"yoast_head":"<!-- This site is optimized with the Yoast SEO plugin v27.4 - https:\/\/yoast.com\/product\/yoast-seo-wordpress\/ -->\n<title>Marseille d\u2019hier, historiens d\u2019aujourd\u2019hui - TELEMMe - Temps, espaces, langages, Europe m\u00e9ridionale, M\u00e9diterran\u00e9e<\/title>\n<meta name=\"robots\" content=\"index, follow, max-snippet:-1, max-image-preview:large, max-video-preview:-1\" \/>\n<link rel=\"canonical\" href=\"https:\/\/telemme.mmsh.fr\/?p=14919\" \/>\n<meta property=\"og:locale\" content=\"fr_FR\" \/>\n<meta property=\"og:type\" content=\"article\" \/>\n<meta property=\"og:title\" content=\"Marseille d\u2019hier, historiens d\u2019aujourd\u2019hui - TELEMMe - Temps, espaces, langages, Europe m\u00e9ridionale, M\u00e9diterran\u00e9e\" \/>\n<meta property=\"og:description\" content=\"Marseille d\u2019hier, historiens d\u2019aujourd\u2019hui, Jean-No\u00ebl Bret et R\u00e9gis Bertrand ( dir.), Marseille, Acad\u00e9mie des sciences, lettres et arts de Marseille, 2024, 374 pages Ce nouveau livre est la synth\u00e8se des&hellip;&nbsp;Lire la suite &raquo;Marseille d\u2019hier, historiens d\u2019aujourd\u2019hui\" \/>\n<meta property=\"og:url\" content=\"https:\/\/telemme.mmsh.fr\/?p=14919\" \/>\n<meta property=\"og:site_name\" content=\"TELEMMe - Temps, espaces, langages, Europe m\u00e9ridionale, M\u00e9diterran\u00e9e\" \/>\n<meta property=\"article:published_time\" content=\"2025-01-14T15:10:10+00:00\" \/>\n<meta property=\"article:modified_time\" content=\"2025-01-20T11:03:05+00:00\" \/>\n<meta property=\"og:image\" content=\"https:\/\/telemme.mmsh.fr\/wp-content\/uploads\/2025\/01\/couverture-mhha.jpg\" \/>\n\t<meta property=\"og:image:width\" content=\"500\" \/>\n\t<meta property=\"og:image:height\" content=\"665\" \/>\n\t<meta property=\"og:image:type\" content=\"image\/jpeg\" \/>\n<meta name=\"author\" content=\"Delphine Cavallo\" \/>\n<meta name=\"twitter:card\" content=\"summary_large_image\" \/>\n<meta name=\"twitter:label1\" content=\"\u00c9crit par\" \/>\n\t<meta name=\"twitter:data1\" content=\"Delphine Cavallo\" \/>\n\t<meta name=\"twitter:label2\" content=\"Dur\u00e9e de lecture estim\u00e9e\" \/>\n\t<meta name=\"twitter:data2\" content=\"2 minutes\" \/>\n<script type=\"application\/ld+json\" class=\"yoast-schema-graph\">{\"@context\":\"https:\\\/\\\/schema.org\",\"@graph\":[{\"@type\":\"Article\",\"@id\":\"https:\\\/\\\/telemme.mmsh.fr\\\/?p=14919#article\",\"isPartOf\":{\"@id\":\"https:\\\/\\\/telemme.mmsh.fr\\\/?p=14919\"},\"author\":{\"name\":\"Delphine Cavallo\",\"@id\":\"https:\\\/\\\/telemme.mmsh.fr\\\/#\\\/schema\\\/person\\\/86a185da4836381586528ced48e263f5\"},\"headline\":\"Marseille d\u2019hier, historiens d\u2019aujourd\u2019hui\",\"datePublished\":\"2025-01-14T15:10:10+00:00\",\"dateModified\":\"2025-01-20T11:03:05+00:00\",\"mainEntityOfPage\":{\"@id\":\"https:\\\/\\\/telemme.mmsh.fr\\\/?p=14919\"},\"wordCount\":408,\"publisher\":{\"@id\":\"https:\\\/\\\/telemme.mmsh.fr\\\/#organization\"},\"image\":{\"@id\":\"https:\\\/\\\/telemme.mmsh.fr\\\/?p=14919#primaryimage\"},\"thumbnailUrl\":\"https:\\\/\\\/telemme.mmsh.fr\\\/wp-content\\\/uploads\\\/2025\\\/01\\\/couverture-mhha.jpg\",\"articleSection\":[\"Directions d'ouvrage\"],\"inLanguage\":\"fr-FR\"},{\"@type\":\"WebPage\",\"@id\":\"https:\\\/\\\/telemme.mmsh.fr\\\/?p=14919\",\"url\":\"https:\\\/\\\/telemme.mmsh.fr\\\/?p=14919\",\"name\":\"Marseille d\u2019hier, historiens d\u2019aujourd\u2019hui - TELEMMe - Temps, espaces, langages, Europe m\u00e9ridionale, M\u00e9diterran\u00e9e\",\"isPartOf\":{\"@id\":\"https:\\\/\\\/telemme.mmsh.fr\\\/#website\"},\"primaryImageOfPage\":{\"@id\":\"https:\\\/\\\/telemme.mmsh.fr\\\/?p=14919#primaryimage\"},\"image\":{\"@id\":\"https:\\\/\\\/telemme.mmsh.fr\\\/?p=14919#primaryimage\"},\"thumbnailUrl\":\"https:\\\/\\\/telemme.mmsh.fr\\\/wp-content\\\/uploads\\\/2025\\\/01\\\/couverture-mhha.jpg\",\"datePublished\":\"2025-01-14T15:10:10+00:00\",\"dateModified\":\"2025-01-20T11:03:05+00:00\",\"breadcrumb\":{\"@id\":\"https:\\\/\\\/telemme.mmsh.fr\\\/?p=14919#breadcrumb\"},\"inLanguage\":\"fr-FR\",\"potentialAction\":[{\"@type\":\"ReadAction\",\"target\":[\"https:\\\/\\\/telemme.mmsh.fr\\\/?p=14919\"]}]},{\"@type\":\"ImageObject\",\"inLanguage\":\"fr-FR\",\"@id\":\"https:\\\/\\\/telemme.mmsh.fr\\\/?p=14919#primaryimage\",\"url\":\"https:\\\/\\\/telemme.mmsh.fr\\\/wp-content\\\/uploads\\\/2025\\\/01\\\/couverture-mhha.jpg\",\"contentUrl\":\"https:\\\/\\\/telemme.mmsh.fr\\\/wp-content\\\/uploads\\\/2025\\\/01\\\/couverture-mhha.jpg\",\"width\":500,\"height\":665,\"caption\":\"Couverture de l'ouvrage Marseille d\u2019hier, historiens d\u2019aujourd\u2019hui\"},{\"@type\":\"BreadcrumbList\",\"@id\":\"https:\\\/\\\/telemme.mmsh.fr\\\/?p=14919#breadcrumb\",\"itemListElement\":[{\"@type\":\"ListItem\",\"position\":1,\"name\":\"Accueil\",\"item\":\"https:\\\/\\\/telemme.mmsh.fr\\\/\"},{\"@type\":\"ListItem\",\"position\":2,\"name\":\"Publications\",\"item\":\"https:\\\/\\\/telemme.mmsh.fr\\\/?cat=1738\"},{\"@type\":\"ListItem\",\"position\":3,\"name\":\"Directions d'ouvrage\",\"item\":\"https:\\\/\\\/telemme.mmsh.fr\\\/?cat=1742\"},{\"@type\":\"ListItem\",\"position\":4,\"name\":\"Marseille d\u2019hier, historiens d\u2019aujourd\u2019hui\"}]},{\"@type\":\"WebSite\",\"@id\":\"https:\\\/\\\/telemme.mmsh.fr\\\/#website\",\"url\":\"https:\\\/\\\/telemme.mmsh.fr\\\/\",\"name\":\"TELEMMe - Temps, espaces, langages, Europe m\u00e9ridionale, M\u00e9diterran\u00e9e\",\"description\":\"\",\"publisher\":{\"@id\":\"https:\\\/\\\/telemme.mmsh.fr\\\/#organization\"},\"potentialAction\":[{\"@type\":\"SearchAction\",\"target\":{\"@type\":\"EntryPoint\",\"urlTemplate\":\"https:\\\/\\\/telemme.mmsh.fr\\\/?s={search_term_string}\"},\"query-input\":{\"@type\":\"PropertyValueSpecification\",\"valueRequired\":true,\"valueName\":\"search_term_string\"}}],\"inLanguage\":\"fr-FR\"},{\"@type\":\"Organization\",\"@id\":\"https:\\\/\\\/telemme.mmsh.fr\\\/#organization\",\"name\":\"TELEMMe\",\"url\":\"https:\\\/\\\/telemme.mmsh.fr\\\/\",\"logo\":{\"@type\":\"ImageObject\",\"inLanguage\":\"fr-FR\",\"@id\":\"https:\\\/\\\/telemme.mmsh.fr\\\/#\\\/schema\\\/logo\\\/image\\\/\",\"url\":\"https:\\\/\\\/telemme.mmsh.fr\\\/wp-content\\\/uploads\\\/2020\\\/03\\\/LogoTELEMMe-horizontal-fond-transparent.png\",\"contentUrl\":\"https:\\\/\\\/telemme.mmsh.fr\\\/wp-content\\\/uploads\\\/2020\\\/03\\\/LogoTELEMMe-horizontal-fond-transparent.png\",\"width\":1500,\"height\":437,\"caption\":\"TELEMMe\"},\"image\":{\"@id\":\"https:\\\/\\\/telemme.mmsh.fr\\\/#\\\/schema\\\/logo\\\/image\\\/\"}},{\"@type\":\"Person\",\"@id\":\"https:\\\/\\\/telemme.mmsh.fr\\\/#\\\/schema\\\/person\\\/86a185da4836381586528ced48e263f5\",\"name\":\"Delphine Cavallo\",\"url\":\"https:\\\/\\\/telemme.mmsh.fr\\\/?author=6\"}]}<\/script>\n<!-- \/ Yoast SEO plugin. -->","yoast_head_json":{"title":"Marseille d\u2019hier, historiens d\u2019aujourd\u2019hui - TELEMMe - Temps, espaces, langages, Europe m\u00e9ridionale, M\u00e9diterran\u00e9e","robots":{"index":"index","follow":"follow","max-snippet":"max-snippet:-1","max-image-preview":"max-image-preview:large","max-video-preview":"max-video-preview:-1"},"canonical":"https:\/\/telemme.mmsh.fr\/?p=14919","og_locale":"fr_FR","og_type":"article","og_title":"Marseille d\u2019hier, historiens d\u2019aujourd\u2019hui - TELEMMe - Temps, espaces, langages, Europe m\u00e9ridionale, M\u00e9diterran\u00e9e","og_description":"Marseille d\u2019hier, historiens d\u2019aujourd\u2019hui, Jean-No\u00ebl Bret et R\u00e9gis Bertrand ( dir.), Marseille, Acad\u00e9mie des sciences, lettres et arts de Marseille, 2024, 374 pages Ce nouveau livre est la synth\u00e8se des&hellip;&nbsp;Lire la suite &raquo;Marseille d\u2019hier, historiens d\u2019aujourd\u2019hui","og_url":"https:\/\/telemme.mmsh.fr\/?p=14919","og_site_name":"TELEMMe - Temps, espaces, langages, Europe m\u00e9ridionale, M\u00e9diterran\u00e9e","article_published_time":"2025-01-14T15:10:10+00:00","article_modified_time":"2025-01-20T11:03:05+00:00","og_image":[{"width":500,"height":665,"url":"https:\/\/telemme.mmsh.fr\/wp-content\/uploads\/2025\/01\/couverture-mhha.jpg","type":"image\/jpeg"}],"author":"Delphine Cavallo","twitter_card":"summary_large_image","twitter_misc":{"\u00c9crit par":"Delphine Cavallo","Dur\u00e9e de lecture estim\u00e9e":"2 minutes"},"schema":{"@context":"https:\/\/schema.org","@graph":[{"@type":"Article","@id":"https:\/\/telemme.mmsh.fr\/?p=14919#article","isPartOf":{"@id":"https:\/\/telemme.mmsh.fr\/?p=14919"},"author":{"name":"Delphine Cavallo","@id":"https:\/\/telemme.mmsh.fr\/#\/schema\/person\/86a185da4836381586528ced48e263f5"},"headline":"Marseille d\u2019hier, historiens d\u2019aujourd\u2019hui","datePublished":"2025-01-14T15:10:10+00:00","dateModified":"2025-01-20T11:03:05+00:00","mainEntityOfPage":{"@id":"https:\/\/telemme.mmsh.fr\/?p=14919"},"wordCount":408,"publisher":{"@id":"https:\/\/telemme.mmsh.fr\/#organization"},"image":{"@id":"https:\/\/telemme.mmsh.fr\/?p=14919#primaryimage"},"thumbnailUrl":"https:\/\/telemme.mmsh.fr\/wp-content\/uploads\/2025\/01\/couverture-mhha.jpg","articleSection":["Directions d'ouvrage"],"inLanguage":"fr-FR"},{"@type":"WebPage","@id":"https:\/\/telemme.mmsh.fr\/?p=14919","url":"https:\/\/telemme.mmsh.fr\/?p=14919","name":"Marseille d\u2019hier, historiens d\u2019aujourd\u2019hui - TELEMMe - Temps, espaces, langages, Europe m\u00e9ridionale, M\u00e9diterran\u00e9e","isPartOf":{"@id":"https:\/\/telemme.mmsh.fr\/#website"},"primaryImageOfPage":{"@id":"https:\/\/telemme.mmsh.fr\/?p=14919#primaryimage"},"image":{"@id":"https:\/\/telemme.mmsh.fr\/?p=14919#primaryimage"},"thumbnailUrl":"https:\/\/telemme.mmsh.fr\/wp-content\/uploads\/2025\/01\/couverture-mhha.jpg","datePublished":"2025-01-14T15:10:10+00:00","dateModified":"2025-01-20T11:03:05+00:00","breadcrumb":{"@id":"https:\/\/telemme.mmsh.fr\/?p=14919#breadcrumb"},"inLanguage":"fr-FR","potentialAction":[{"@type":"ReadAction","target":["https:\/\/telemme.mmsh.fr\/?p=14919"]}]},{"@type":"ImageObject","inLanguage":"fr-FR","@id":"https:\/\/telemme.mmsh.fr\/?p=14919#primaryimage","url":"https:\/\/telemme.mmsh.fr\/wp-content\/uploads\/2025\/01\/couverture-mhha.jpg","contentUrl":"https:\/\/telemme.mmsh.fr\/wp-content\/uploads\/2025\/01\/couverture-mhha.jpg","width":500,"height":665,"caption":"Couverture de l'ouvrage Marseille d\u2019hier, historiens d\u2019aujourd\u2019hui"},{"@type":"BreadcrumbList","@id":"https:\/\/telemme.mmsh.fr\/?p=14919#breadcrumb","itemListElement":[{"@type":"ListItem","position":1,"name":"Accueil","item":"https:\/\/telemme.mmsh.fr\/"},{"@type":"ListItem","position":2,"name":"Publications","item":"https:\/\/telemme.mmsh.fr\/?cat=1738"},{"@type":"ListItem","position":3,"name":"Directions d'ouvrage","item":"https:\/\/telemme.mmsh.fr\/?cat=1742"},{"@type":"ListItem","position":4,"name":"Marseille d\u2019hier, historiens d\u2019aujourd\u2019hui"}]},{"@type":"WebSite","@id":"https:\/\/telemme.mmsh.fr\/#website","url":"https:\/\/telemme.mmsh.fr\/","name":"TELEMMe - Temps, espaces, langages, Europe m\u00e9ridionale, M\u00e9diterran\u00e9e","description":"","publisher":{"@id":"https:\/\/telemme.mmsh.fr\/#organization"},"potentialAction":[{"@type":"SearchAction","target":{"@type":"EntryPoint","urlTemplate":"https:\/\/telemme.mmsh.fr\/?s={search_term_string}"},"query-input":{"@type":"PropertyValueSpecification","valueRequired":true,"valueName":"search_term_string"}}],"inLanguage":"fr-FR"},{"@type":"Organization","@id":"https:\/\/telemme.mmsh.fr\/#organization","name":"TELEMMe","url":"https:\/\/telemme.mmsh.fr\/","logo":{"@type":"ImageObject","inLanguage":"fr-FR","@id":"https:\/\/telemme.mmsh.fr\/#\/schema\/logo\/image\/","url":"https:\/\/telemme.mmsh.fr\/wp-content\/uploads\/2020\/03\/LogoTELEMMe-horizontal-fond-transparent.png","contentUrl":"https:\/\/telemme.mmsh.fr\/wp-content\/uploads\/2020\/03\/LogoTELEMMe-horizontal-fond-transparent.png","width":1500,"height":437,"caption":"TELEMMe"},"image":{"@id":"https:\/\/telemme.mmsh.fr\/#\/schema\/logo\/image\/"}},{"@type":"Person","@id":"https:\/\/telemme.mmsh.fr\/#\/schema\/person\/86a185da4836381586528ced48e263f5","name":"Delphine Cavallo","url":"https:\/\/telemme.mmsh.fr\/?author=6"}]}},"_links":{"self":[{"href":"https:\/\/telemme.mmsh.fr\/index.php?rest_route=\/wp\/v2\/posts\/14919","targetHints":{"allow":["GET"]}}],"collection":[{"href":"https:\/\/telemme.mmsh.fr\/index.php?rest_route=\/wp\/v2\/posts"}],"about":[{"href":"https:\/\/telemme.mmsh.fr\/index.php?rest_route=\/wp\/v2\/types\/post"}],"author":[{"embeddable":true,"href":"https:\/\/telemme.mmsh.fr\/index.php?rest_route=\/wp\/v2\/users\/6"}],"replies":[{"embeddable":true,"href":"https:\/\/telemme.mmsh.fr\/index.php?rest_route=%2Fwp%2Fv2%2Fcomments&post=14919"}],"version-history":[{"count":3,"href":"https:\/\/telemme.mmsh.fr\/index.php?rest_route=\/wp\/v2\/posts\/14919\/revisions"}],"predecessor-version":[{"id":15092,"href":"https:\/\/telemme.mmsh.fr\/index.php?rest_route=\/wp\/v2\/posts\/14919\/revisions\/15092"}],"wp:featuredmedia":[{"embeddable":true,"href":"https:\/\/telemme.mmsh.fr\/index.php?rest_route=\/wp\/v2\/media\/14924"}],"wp:attachment":[{"href":"https:\/\/telemme.mmsh.fr\/index.php?rest_route=%2Fwp%2Fv2%2Fmedia&parent=14919"}],"wp:term":[{"taxonomy":"category","embeddable":true,"href":"https:\/\/telemme.mmsh.fr\/index.php?rest_route=%2Fwp%2Fv2%2Fcategories&post=14919"},{"taxonomy":"post_tag","embeddable":true,"href":"https:\/\/telemme.mmsh.fr\/index.php?rest_route=%2Fwp%2Fv2%2Ftags&post=14919"}],"curies":[{"name":"wp","href":"https:\/\/api.w.org\/{rel}","templated":true}]}}