{"id":14870,"date":"2025-01-10T11:51:32","date_gmt":"2025-01-10T10:51:32","guid":{"rendered":"https:\/\/telemme.mmsh.fr\/?p=14870"},"modified":"2025-01-10T11:51:32","modified_gmt":"2025-01-10T10:51:32","slug":"hdr-pierre-pinchon-la-litterature-artistique-a-loeuvre","status":"publish","type":"post","link":"https:\/\/telemme.mmsh.fr\/?p=14870","title":{"rendered":"[HDR] Pierre Pinchon : La litt\u00e9rature artistique \u00e0 l\u2019\u0153uvre"},"content":{"rendered":"<p><strong>Pierre Pinchon <\/strong>a le plaisir de vous convier \u00e0 la soutenance de son <strong>Habilitation \u00e0 diriger des recherches<\/strong>\u00a0en histoire de l\u2019art contemporain, pr\u00e9par\u00e9e \u00e0 l\u2019Universit\u00e9 Paris 1 Panth\u00e9on-Sorbonne<\/p>\n<p>Garant : M. Pierre Wat<\/p>\n<p><em>La litt\u00e9rature artistique \u00e0 l\u2019\u0153uvre<br \/>\n<\/em><em>Choses vues, choses lues en histoire de l\u2019art de la p\u00e9riode contemporaine<\/em><\/p>\n<p>Comprenant un m\u00e9moire in\u00e9dit intitul\u00e9<\/p>\n<p><em>\u00c0 chacun sa chim\u00e8re<br \/>\n<\/em><em>Peinture d\u2019histoire, arts d\u00e9coratifs et litt\u00e9rature\u00a0<\/em><em>dans l\u2019\u0153uvre de Gustave Moreau (1826-1898)<\/em><\/p>\n<h4><strong>Jury<\/strong><\/h4>\n<ul>\n<li><strong>Mme Luisa\u00a0Capodieci<\/strong>, Professeure d\u2019histoire de l\u2019art moderne, Universit\u00e9 de Lorraine<\/li>\n<li><strong>Mme\u00a0Rossella\u00a0Froissart<\/strong>, Directrice d\u2019\u00e9tudes, \u00c9cole pratique des Hautes \u00c9tudes<\/li>\n<li><strong>Dario\u00a0Gamboni<\/strong>, Professeur \u00e9m\u00e9rite en histoire de l\u2019art, Universit\u00e9 de Gen\u00e8ve<\/li>\n<li><strong>Jean-Nicolas\u00a0Illouz<\/strong>, Professeur de litt\u00e9rature fran\u00e7aise, Universit\u00e9 Paris 8<\/li>\n<li><strong>Bertrand Tillier<\/strong>, Professeur d\u2019histoire de l\u2019art contemporain, Universit\u00e9 Paris 1<\/li>\n<li><strong>Charles Villeneuve de\u00a0Janti<\/strong>, Directeur de l\u2019\u00e9tablissement public du mus\u00e9e national Jean-Jacques Henner et du mus\u00e9e national Gustave Moreau<\/li>\n<li><strong>Pierre Wat<\/strong>, Professeur d\u2019histoire de l\u2019art contemporain, Universit\u00e9 Paris 1<\/li>\n<\/ul>\n<p><strong>Le jeudi 23 janvier 2025 \u00e0 14h<\/strong>\u00a0\u00e0 l\u2019Institut national d\u2019histoire de l\u2019art (Galerie Colbert, 2 rue Vivienne, 75002 Paris) en\u00a0<strong>salle\u00a0Demargne<\/strong>. La soutenance sera suivie d\u2019un pot amical.<\/p>\n<p>Merci de confirmer votre pr\u00e9sence \u00e0\u00a0<u><a href=\"mailto:ppinchon@gmail.com\">ppinchon@gmail.com<\/a><\/u><\/p>\n<p>&nbsp;<\/p>\n","protected":false},"excerpt":{"rendered":"<p>Pierre Pinchon a le plaisir de vous convier \u00e0 la soutenance de son Habilitation \u00e0 diriger des recherches\u00a0en histoire de l\u2019art contemporain, pr\u00e9par\u00e9e \u00e0 l\u2019Universit\u00e9 Paris 1 Panth\u00e9on-Sorbonne Garant :&hellip;&nbsp;<a href=\"https:\/\/telemme.mmsh.fr\/?p=14870\" rel=\"bookmark\">Lire la suite &raquo;<span class=\"screen-reader-text\">[HDR] Pierre Pinchon : La litt\u00e9rature artistique \u00e0 l\u2019\u0153uvre<\/span><\/a><\/p>\n","protected":false},"author":6,"featured_media":14871,"comment_status":"closed","ping_status":"closed","sticky":false,"template":"","format":"standard","meta":{"neve_meta_sidebar":"","neve_meta_container":"","neve_meta_enable_content_width":"off","neve_meta_content_width":70,"neve_meta_title_alignment":"","neve_meta_author_avatar":"","neve_post_elements_order":"","neve_meta_disable_header":"","neve_meta_disable_footer":"","neve_meta_disable_title":"","_tribe_events_control_status":"","_tribe_events_control_status_canceled_reason":"","_tribe_events_control_status_postponed_reason":"","_tribe_events_control_online":"","_tribe_events_control_online_url":"","footnotes":""},"categories":[2001],"tags":[2876,2783,2875],"class_list":["post-14870","post","type-post","status-publish","format-standard","has-post-thumbnail","hentry","category-soutenance-hdr","tag-arts-decoratifs","tag-histoire-de-lart-2","tag-litterature-artistique"],"yoast_head":"<!-- This site is optimized with the Yoast SEO plugin v27.4 - https:\/\/yoast.com\/product\/yoast-seo-wordpress\/ -->\n<title>[HDR] Pierre Pinchon : La litt\u00e9rature artistique \u00e0 l\u2019\u0153uvre - TELEMMe - Temps, espaces, langages, Europe m\u00e9ridionale, M\u00e9diterran\u00e9e<\/title>\n<meta name=\"robots\" content=\"index, follow, max-snippet:-1, max-image-preview:large, max-video-preview:-1\" \/>\n<link rel=\"canonical\" href=\"https:\/\/telemme.mmsh.fr\/?p=14870\" \/>\n<meta property=\"og:locale\" content=\"fr_FR\" \/>\n<meta property=\"og:type\" content=\"article\" \/>\n<meta property=\"og:title\" content=\"[HDR] Pierre Pinchon : La litt\u00e9rature artistique \u00e0 l\u2019\u0153uvre - TELEMMe - Temps, espaces, langages, Europe m\u00e9ridionale, M\u00e9diterran\u00e9e\" \/>\n<meta property=\"og:description\" content=\"Pierre Pinchon a le plaisir de vous convier \u00e0 la soutenance de son Habilitation \u00e0 diriger des recherches\u00a0en histoire de l\u2019art contemporain, pr\u00e9par\u00e9e \u00e0 l\u2019Universit\u00e9 Paris 1 Panth\u00e9on-Sorbonne Garant :&hellip;&nbsp;Lire la suite &raquo;[HDR] Pierre Pinchon : La litt\u00e9rature artistique \u00e0 l\u2019\u0153uvre\" \/>\n<meta property=\"og:url\" content=\"https:\/\/telemme.mmsh.fr\/?p=14870\" \/>\n<meta property=\"og:site_name\" content=\"TELEMMe - Temps, espaces, langages, Europe m\u00e9ridionale, M\u00e9diterran\u00e9e\" \/>\n<meta property=\"article:published_time\" content=\"2025-01-10T10:51:32+00:00\" \/>\n<meta property=\"og:image\" content=\"https:\/\/telemme.mmsh.fr\/wp-content\/uploads\/2025\/01\/Pinchon_Soutenance_HDR.jpg\" \/>\n\t<meta property=\"og:image:width\" content=\"974\" \/>\n\t<meta property=\"og:image:height\" content=\"1198\" \/>\n\t<meta property=\"og:image:type\" content=\"image\/jpeg\" \/>\n<meta name=\"author\" content=\"Delphine Cavallo\" \/>\n<meta name=\"twitter:card\" content=\"summary_large_image\" \/>\n<meta name=\"twitter:label1\" content=\"\u00c9crit par\" \/>\n\t<meta name=\"twitter:data1\" content=\"Delphine Cavallo\" \/>\n\t<meta name=\"twitter:label2\" content=\"Dur\u00e9e de lecture estim\u00e9e\" \/>\n\t<meta name=\"twitter:data2\" content=\"1 minute\" \/>\n<script type=\"application\/ld+json\" class=\"yoast-schema-graph\">{\"@context\":\"https:\\\/\\\/schema.org\",\"@graph\":[{\"@type\":\"Article\",\"@id\":\"https:\\\/\\\/telemme.mmsh.fr\\\/?p=14870#article\",\"isPartOf\":{\"@id\":\"https:\\\/\\\/telemme.mmsh.fr\\\/?p=14870\"},\"author\":{\"name\":\"Delphine Cavallo\",\"@id\":\"https:\\\/\\\/telemme.mmsh.fr\\\/#\\\/schema\\\/person\\\/86a185da4836381586528ced48e263f5\"},\"headline\":\"[HDR] Pierre Pinchon : La litt\u00e9rature artistique \u00e0 l\u2019\u0153uvre\",\"datePublished\":\"2025-01-10T10:51:32+00:00\",\"mainEntityOfPage\":{\"@id\":\"https:\\\/\\\/telemme.mmsh.fr\\\/?p=14870\"},\"wordCount\":221,\"publisher\":{\"@id\":\"https:\\\/\\\/telemme.mmsh.fr\\\/#organization\"},\"image\":{\"@id\":\"https:\\\/\\\/telemme.mmsh.fr\\\/?p=14870#primaryimage\"},\"thumbnailUrl\":\"https:\\\/\\\/telemme.mmsh.fr\\\/wp-content\\\/uploads\\\/2025\\\/01\\\/Pinchon_Soutenance_HDR.jpg\",\"keywords\":[\"arts d\u00e9coratifs\",\"histoire de l'art\",\"litt\u00e9rature artistique\"],\"articleSection\":[\"Soutenances d'HDR\"],\"inLanguage\":\"fr-FR\"},{\"@type\":\"WebPage\",\"@id\":\"https:\\\/\\\/telemme.mmsh.fr\\\/?p=14870\",\"url\":\"https:\\\/\\\/telemme.mmsh.fr\\\/?p=14870\",\"name\":\"[HDR] Pierre Pinchon : La litt\u00e9rature artistique \u00e0 l\u2019\u0153uvre - TELEMMe - Temps, espaces, langages, Europe m\u00e9ridionale, M\u00e9diterran\u00e9e\",\"isPartOf\":{\"@id\":\"https:\\\/\\\/telemme.mmsh.fr\\\/#website\"},\"primaryImageOfPage\":{\"@id\":\"https:\\\/\\\/telemme.mmsh.fr\\\/?p=14870#primaryimage\"},\"image\":{\"@id\":\"https:\\\/\\\/telemme.mmsh.fr\\\/?p=14870#primaryimage\"},\"thumbnailUrl\":\"https:\\\/\\\/telemme.mmsh.fr\\\/wp-content\\\/uploads\\\/2025\\\/01\\\/Pinchon_Soutenance_HDR.jpg\",\"datePublished\":\"2025-01-10T10:51:32+00:00\",\"breadcrumb\":{\"@id\":\"https:\\\/\\\/telemme.mmsh.fr\\\/?p=14870#breadcrumb\"},\"inLanguage\":\"fr-FR\",\"potentialAction\":[{\"@type\":\"ReadAction\",\"target\":[\"https:\\\/\\\/telemme.mmsh.fr\\\/?p=14870\"]}]},{\"@type\":\"ImageObject\",\"inLanguage\":\"fr-FR\",\"@id\":\"https:\\\/\\\/telemme.mmsh.fr\\\/?p=14870#primaryimage\",\"url\":\"https:\\\/\\\/telemme.mmsh.fr\\\/wp-content\\\/uploads\\\/2025\\\/01\\\/Pinchon_Soutenance_HDR.jpg\",\"contentUrl\":\"https:\\\/\\\/telemme.mmsh.fr\\\/wp-content\\\/uploads\\\/2025\\\/01\\\/Pinchon_Soutenance_HDR.jpg\",\"width\":974,\"height\":1198,\"caption\":\"Gustave Moreau, La Chim\u00e8re, 1867, Harvard Art Museums\\\/Fogg Museum, Domaine public\"},{\"@type\":\"BreadcrumbList\",\"@id\":\"https:\\\/\\\/telemme.mmsh.fr\\\/?p=14870#breadcrumb\",\"itemListElement\":[{\"@type\":\"ListItem\",\"position\":1,\"name\":\"Accueil\",\"item\":\"https:\\\/\\\/telemme.mmsh.fr\\\/\"},{\"@type\":\"ListItem\",\"position\":2,\"name\":\"Actualit\u00e9s\",\"item\":\"https:\\\/\\\/telemme.mmsh.fr\\\/?cat=1995\"},{\"@type\":\"ListItem\",\"position\":3,\"name\":\"Soutenances d'HDR\",\"item\":\"https:\\\/\\\/telemme.mmsh.fr\\\/?cat=2001\"},{\"@type\":\"ListItem\",\"position\":4,\"name\":\"[HDR] Pierre Pinchon : La litt\u00e9rature artistique \u00e0 l\u2019\u0153uvre\"}]},{\"@type\":\"WebSite\",\"@id\":\"https:\\\/\\\/telemme.mmsh.fr\\\/#website\",\"url\":\"https:\\\/\\\/telemme.mmsh.fr\\\/\",\"name\":\"TELEMMe - Temps, espaces, langages, Europe m\u00e9ridionale, M\u00e9diterran\u00e9e\",\"description\":\"\",\"publisher\":{\"@id\":\"https:\\\/\\\/telemme.mmsh.fr\\\/#organization\"},\"potentialAction\":[{\"@type\":\"SearchAction\",\"target\":{\"@type\":\"EntryPoint\",\"urlTemplate\":\"https:\\\/\\\/telemme.mmsh.fr\\\/?s={search_term_string}\"},\"query-input\":{\"@type\":\"PropertyValueSpecification\",\"valueRequired\":true,\"valueName\":\"search_term_string\"}}],\"inLanguage\":\"fr-FR\"},{\"@type\":\"Organization\",\"@id\":\"https:\\\/\\\/telemme.mmsh.fr\\\/#organization\",\"name\":\"TELEMMe\",\"url\":\"https:\\\/\\\/telemme.mmsh.fr\\\/\",\"logo\":{\"@type\":\"ImageObject\",\"inLanguage\":\"fr-FR\",\"@id\":\"https:\\\/\\\/telemme.mmsh.fr\\\/#\\\/schema\\\/logo\\\/image\\\/\",\"url\":\"https:\\\/\\\/telemme.mmsh.fr\\\/wp-content\\\/uploads\\\/2020\\\/03\\\/LogoTELEMMe-horizontal-fond-transparent.png\",\"contentUrl\":\"https:\\\/\\\/telemme.mmsh.fr\\\/wp-content\\\/uploads\\\/2020\\\/03\\\/LogoTELEMMe-horizontal-fond-transparent.png\",\"width\":1500,\"height\":437,\"caption\":\"TELEMMe\"},\"image\":{\"@id\":\"https:\\\/\\\/telemme.mmsh.fr\\\/#\\\/schema\\\/logo\\\/image\\\/\"}},{\"@type\":\"Person\",\"@id\":\"https:\\\/\\\/telemme.mmsh.fr\\\/#\\\/schema\\\/person\\\/86a185da4836381586528ced48e263f5\",\"name\":\"Delphine Cavallo\",\"url\":\"https:\\\/\\\/telemme.mmsh.fr\\\/?author=6\"}]}<\/script>\n<!-- \/ Yoast SEO plugin. -->","yoast_head_json":{"title":"[HDR] Pierre Pinchon : La litt\u00e9rature artistique \u00e0 l\u2019\u0153uvre - TELEMMe - Temps, espaces, langages, Europe m\u00e9ridionale, M\u00e9diterran\u00e9e","robots":{"index":"index","follow":"follow","max-snippet":"max-snippet:-1","max-image-preview":"max-image-preview:large","max-video-preview":"max-video-preview:-1"},"canonical":"https:\/\/telemme.mmsh.fr\/?p=14870","og_locale":"fr_FR","og_type":"article","og_title":"[HDR] Pierre Pinchon : La litt\u00e9rature artistique \u00e0 l\u2019\u0153uvre - TELEMMe - Temps, espaces, langages, Europe m\u00e9ridionale, M\u00e9diterran\u00e9e","og_description":"Pierre Pinchon a le plaisir de vous convier \u00e0 la soutenance de son Habilitation \u00e0 diriger des recherches\u00a0en histoire de l\u2019art contemporain, pr\u00e9par\u00e9e \u00e0 l\u2019Universit\u00e9 Paris 1 Panth\u00e9on-Sorbonne Garant :&hellip;&nbsp;Lire la suite &raquo;[HDR] Pierre Pinchon : La litt\u00e9rature artistique \u00e0 l\u2019\u0153uvre","og_url":"https:\/\/telemme.mmsh.fr\/?p=14870","og_site_name":"TELEMMe - Temps, espaces, langages, Europe m\u00e9ridionale, M\u00e9diterran\u00e9e","article_published_time":"2025-01-10T10:51:32+00:00","og_image":[{"width":974,"height":1198,"url":"https:\/\/telemme.mmsh.fr\/wp-content\/uploads\/2025\/01\/Pinchon_Soutenance_HDR.jpg","type":"image\/jpeg"}],"author":"Delphine Cavallo","twitter_card":"summary_large_image","twitter_misc":{"\u00c9crit par":"Delphine Cavallo","Dur\u00e9e de lecture estim\u00e9e":"1 minute"},"schema":{"@context":"https:\/\/schema.org","@graph":[{"@type":"Article","@id":"https:\/\/telemme.mmsh.fr\/?p=14870#article","isPartOf":{"@id":"https:\/\/telemme.mmsh.fr\/?p=14870"},"author":{"name":"Delphine Cavallo","@id":"https:\/\/telemme.mmsh.fr\/#\/schema\/person\/86a185da4836381586528ced48e263f5"},"headline":"[HDR] Pierre Pinchon : La litt\u00e9rature artistique \u00e0 l\u2019\u0153uvre","datePublished":"2025-01-10T10:51:32+00:00","mainEntityOfPage":{"@id":"https:\/\/telemme.mmsh.fr\/?p=14870"},"wordCount":221,"publisher":{"@id":"https:\/\/telemme.mmsh.fr\/#organization"},"image":{"@id":"https:\/\/telemme.mmsh.fr\/?p=14870#primaryimage"},"thumbnailUrl":"https:\/\/telemme.mmsh.fr\/wp-content\/uploads\/2025\/01\/Pinchon_Soutenance_HDR.jpg","keywords":["arts d\u00e9coratifs","histoire de l'art","litt\u00e9rature artistique"],"articleSection":["Soutenances d'HDR"],"inLanguage":"fr-FR"},{"@type":"WebPage","@id":"https:\/\/telemme.mmsh.fr\/?p=14870","url":"https:\/\/telemme.mmsh.fr\/?p=14870","name":"[HDR] Pierre Pinchon : La litt\u00e9rature artistique \u00e0 l\u2019\u0153uvre - TELEMMe - Temps, espaces, langages, Europe m\u00e9ridionale, M\u00e9diterran\u00e9e","isPartOf":{"@id":"https:\/\/telemme.mmsh.fr\/#website"},"primaryImageOfPage":{"@id":"https:\/\/telemme.mmsh.fr\/?p=14870#primaryimage"},"image":{"@id":"https:\/\/telemme.mmsh.fr\/?p=14870#primaryimage"},"thumbnailUrl":"https:\/\/telemme.mmsh.fr\/wp-content\/uploads\/2025\/01\/Pinchon_Soutenance_HDR.jpg","datePublished":"2025-01-10T10:51:32+00:00","breadcrumb":{"@id":"https:\/\/telemme.mmsh.fr\/?p=14870#breadcrumb"},"inLanguage":"fr-FR","potentialAction":[{"@type":"ReadAction","target":["https:\/\/telemme.mmsh.fr\/?p=14870"]}]},{"@type":"ImageObject","inLanguage":"fr-FR","@id":"https:\/\/telemme.mmsh.fr\/?p=14870#primaryimage","url":"https:\/\/telemme.mmsh.fr\/wp-content\/uploads\/2025\/01\/Pinchon_Soutenance_HDR.jpg","contentUrl":"https:\/\/telemme.mmsh.fr\/wp-content\/uploads\/2025\/01\/Pinchon_Soutenance_HDR.jpg","width":974,"height":1198,"caption":"Gustave Moreau, La Chim\u00e8re, 1867, Harvard Art Museums\/Fogg Museum, Domaine public"},{"@type":"BreadcrumbList","@id":"https:\/\/telemme.mmsh.fr\/?p=14870#breadcrumb","itemListElement":[{"@type":"ListItem","position":1,"name":"Accueil","item":"https:\/\/telemme.mmsh.fr\/"},{"@type":"ListItem","position":2,"name":"Actualit\u00e9s","item":"https:\/\/telemme.mmsh.fr\/?cat=1995"},{"@type":"ListItem","position":3,"name":"Soutenances d'HDR","item":"https:\/\/telemme.mmsh.fr\/?cat=2001"},{"@type":"ListItem","position":4,"name":"[HDR] Pierre Pinchon : La litt\u00e9rature artistique \u00e0 l\u2019\u0153uvre"}]},{"@type":"WebSite","@id":"https:\/\/telemme.mmsh.fr\/#website","url":"https:\/\/telemme.mmsh.fr\/","name":"TELEMMe - Temps, espaces, langages, Europe m\u00e9ridionale, M\u00e9diterran\u00e9e","description":"","publisher":{"@id":"https:\/\/telemme.mmsh.fr\/#organization"},"potentialAction":[{"@type":"SearchAction","target":{"@type":"EntryPoint","urlTemplate":"https:\/\/telemme.mmsh.fr\/?s={search_term_string}"},"query-input":{"@type":"PropertyValueSpecification","valueRequired":true,"valueName":"search_term_string"}}],"inLanguage":"fr-FR"},{"@type":"Organization","@id":"https:\/\/telemme.mmsh.fr\/#organization","name":"TELEMMe","url":"https:\/\/telemme.mmsh.fr\/","logo":{"@type":"ImageObject","inLanguage":"fr-FR","@id":"https:\/\/telemme.mmsh.fr\/#\/schema\/logo\/image\/","url":"https:\/\/telemme.mmsh.fr\/wp-content\/uploads\/2020\/03\/LogoTELEMMe-horizontal-fond-transparent.png","contentUrl":"https:\/\/telemme.mmsh.fr\/wp-content\/uploads\/2020\/03\/LogoTELEMMe-horizontal-fond-transparent.png","width":1500,"height":437,"caption":"TELEMMe"},"image":{"@id":"https:\/\/telemme.mmsh.fr\/#\/schema\/logo\/image\/"}},{"@type":"Person","@id":"https:\/\/telemme.mmsh.fr\/#\/schema\/person\/86a185da4836381586528ced48e263f5","name":"Delphine Cavallo","url":"https:\/\/telemme.mmsh.fr\/?author=6"}]}},"_links":{"self":[{"href":"https:\/\/telemme.mmsh.fr\/index.php?rest_route=\/wp\/v2\/posts\/14870","targetHints":{"allow":["GET"]}}],"collection":[{"href":"https:\/\/telemme.mmsh.fr\/index.php?rest_route=\/wp\/v2\/posts"}],"about":[{"href":"https:\/\/telemme.mmsh.fr\/index.php?rest_route=\/wp\/v2\/types\/post"}],"author":[{"embeddable":true,"href":"https:\/\/telemme.mmsh.fr\/index.php?rest_route=\/wp\/v2\/users\/6"}],"replies":[{"embeddable":true,"href":"https:\/\/telemme.mmsh.fr\/index.php?rest_route=%2Fwp%2Fv2%2Fcomments&post=14870"}],"version-history":[{"count":2,"href":"https:\/\/telemme.mmsh.fr\/index.php?rest_route=\/wp\/v2\/posts\/14870\/revisions"}],"predecessor-version":[{"id":14873,"href":"https:\/\/telemme.mmsh.fr\/index.php?rest_route=\/wp\/v2\/posts\/14870\/revisions\/14873"}],"wp:featuredmedia":[{"embeddable":true,"href":"https:\/\/telemme.mmsh.fr\/index.php?rest_route=\/wp\/v2\/media\/14871"}],"wp:attachment":[{"href":"https:\/\/telemme.mmsh.fr\/index.php?rest_route=%2Fwp%2Fv2%2Fmedia&parent=14870"}],"wp:term":[{"taxonomy":"category","embeddable":true,"href":"https:\/\/telemme.mmsh.fr\/index.php?rest_route=%2Fwp%2Fv2%2Fcategories&post=14870"},{"taxonomy":"post_tag","embeddable":true,"href":"https:\/\/telemme.mmsh.fr\/index.php?rest_route=%2Fwp%2Fv2%2Ftags&post=14870"}],"curies":[{"name":"wp","href":"https:\/\/api.w.org\/{rel}","templated":true}]}}