{"id":14712,"date":"2024-12-06T17:53:12","date_gmt":"2024-12-06T16:53:12","guid":{"rendered":"https:\/\/telemme.mmsh.fr\/?p=14712"},"modified":"2024-12-06T17:53:12","modified_gmt":"2024-12-06T16:53:12","slug":"de-larret-a-la-reconversion-les-centrales-a-charbon-en-france-et-leurs-trajectoires-de-transition-energetique-et-industrielle","status":"publish","type":"post","link":"https:\/\/telemme.mmsh.fr\/?p=14712","title":{"rendered":"De l&rsquo;arr\u00eat \u00e0 la reconversion. Les centrales \u00e0 charbon en France et leurs trajectoires de transition \u00e9nerg\u00e9tique et industrielle"},"content":{"rendered":"<p>Bonjour \u00e0 toutes et \u00e0 tous,<\/p>\n<p>J&rsquo;ai le plaisir de vous annoncer la soutenance prochaine de ma th\u00e8se de doctorat en g\u00e9ographie, intitul\u00e9e :<\/p>\n<p><strong>De l&rsquo;arr\u00eat \u00e0 la reconversion. Les centrales \u00e0 charbon en France et leurs trajectoires de transition \u00e9nerg\u00e9tique et industrielle.<\/strong><\/p>\n<ul>\n<li>Vendredi 13 d\u00e9cembre \u00e0 9h<\/li>\n<li>Lieu : Salle Duby, Maison M\u00e9diterran\u00e9enne des Sciences de l&rsquo;Homme,<br \/>\n5 rue du Ch\u00e2teau de l&rsquo;Horloge, 13 090 Aix-en-Provence.<\/li>\n<\/ul>\n<p>Cette th\u00e8se a \u00e9t\u00e9 r\u00e9alis\u00e9e sous la direction de Sylvie Daviet, professeure \u00e9m\u00e9rite \u00e0 l&rsquo;Universit\u00e9 d&rsquo;Aix-Marseille, au sein du laboratoire TELEMMe \u00e0 Aix-en-Provence.<\/p>\n<h2><strong>Le jury est compos\u00e9 de :<\/strong><\/h2>\n<ul>\n<li>Christian Schulz, Professeur \u00e0 l&rsquo;Universit\u00e9 du Luxembourg<\/li>\n<li>Florian Weber, Professeur junior \u00e0 l&rsquo;Universit\u00e9 de la Sarre<\/li>\n<li>Xavier Arnauld de Sartre, Directeur de recherche au CNRS \u00e0 l&rsquo;Universit\u00e9 de Pau<\/li>\n<li>J\u00e9r\u00f4me Dubois, Professeur \u00e0 l&rsquo;Universit\u00e9 d&rsquo;Aix-Marseille<\/li>\n<li>Fran\u00e7ois Bost, Professeur \u00e0 l&rsquo;Universit\u00e9 de Reims<\/li>\n<li>Samira Kherrouf, Direction ex\u00e9cutive, prospective et recherche de l&rsquo;ADEME<\/li>\n<li>Sylvie Daviet, Professeure \u00e9m\u00e9rite \u00e0 l&rsquo;Universit\u00e9 d&rsquo;Aix-Marseille (directrice de th\u00e8se)<\/li>\n<\/ul>\n<h2><u>R\u00e9sum\u00e9 de la th\u00e8se<\/u> :<\/h2>\n<p>Les pr\u00e9occupations environnementales et la s\u00e9curit\u00e9 d\u2019approvisionnement \u00e9nerg\u00e9tique figurent parmi les grandes probl\u00e9matiques auxquelles les pays du monde entier sont d\u00e9sormais confront\u00e9s. Dans ce contexte, certains fixent des objectifs de d\u00e9carbonation de leur syst\u00e8me \u00e9nerg\u00e9tique et entreprennent une transformation de leurs modes de production. En France, la loi Energie-Climat de novembre 2019 \u00e9tablit ainsi la fermeture des quatre derni\u00e8res centrales \u00e0 charbon pour 2022 (Le Havre, Cordemais, Saint-Avold, Gardanne-Meyreuil). Cette d\u00e9cision, qui doit contribuer \u00e0 l\u2019atteinte de la neutralit\u00e9 carbone d\u2019ici 2050, pose cependant la question du devenir des sites, de leurs salari\u00e9s et de leur territoire. Les r\u00e9flexions qu\u2019engagent les acteurs locaux, les industriels et les repr\u00e9sentants de l\u2019\u00c9tat dans le cadre des Pactes de territoire contribuent \u00e0 d\u00e9finir de nouvelles trajectoires de transition. Sur chaque site, des projets de reconversion industrielle et \u00e9nerg\u00e9tique mobilisent de nouvelles ressources, proposent de nouveaux produits \u00e9nerg\u00e9tiques et \u00e9tablissent de nouveaux rapports socio-\u00e9conomiques avec les territoires. Les trajectoires de transition qui se dessinent rencontrent cependant de nombreux obstacles, traduisant les t\u00e2tonnements d\u2019une transition en train de se faire. Dans ce travail de recherche, nous nous int\u00e9ressons \u00e0 la nature de ces trajectoires de transition ainsi qu\u2019\u00e0 l\u2019identification des facteurs territoriaux qui les influencent. \u00c0 partir d\u2019observations sur les terrains, d\u2019entretiens semi-directifs et d\u2019analyse de la presse, nous mettons en \u00e9vidence comment la transition \u00e9nerg\u00e9tique appelle \u00e0 une red\u00e9finition des rapports entre \u00e9nergie, industrie et territoire.<\/p>\n<p>G\u00e9ographiquement v\u00f4tre,<\/p>\n<p>Sascha Perroux<\/p>\n","protected":false},"excerpt":{"rendered":"<p>Bonjour \u00e0 toutes et \u00e0 tous, J&rsquo;ai le plaisir de vous annoncer la soutenance prochaine de ma th\u00e8se de doctorat en g\u00e9ographie, intitul\u00e9e : De l&rsquo;arr\u00eat \u00e0 la reconversion. Les&hellip;&nbsp;<a href=\"https:\/\/telemme.mmsh.fr\/?p=14712\" rel=\"bookmark\">Lire la suite &raquo;<span class=\"screen-reader-text\">De l&rsquo;arr\u00eat \u00e0 la reconversion. Les centrales \u00e0 charbon en France et leurs trajectoires de transition \u00e9nerg\u00e9tique et industrielle<\/span><\/a><\/p>\n","protected":false},"author":6,"featured_media":14713,"comment_status":"closed","ping_status":"closed","sticky":false,"template":"","format":"standard","meta":{"neve_meta_sidebar":"","neve_meta_container":"","neve_meta_enable_content_width":"off","neve_meta_content_width":70,"neve_meta_title_alignment":"","neve_meta_author_avatar":"","neve_post_elements_order":"","neve_meta_disable_header":"","neve_meta_disable_footer":"","neve_meta_disable_title":"","_tribe_events_control_status":"","_tribe_events_control_status_canceled_reason":"","_tribe_events_control_status_postponed_reason":"","_tribe_events_control_online":"","_tribe_events_control_online_url":"","footnotes":""},"categories":[1999],"tags":[2364],"class_list":["post-14712","post","type-post","status-publish","format-standard","has-post-thumbnail","hentry","category-soutenance-these","tag-geographie"],"yoast_head":"<!-- This site is optimized with the Yoast SEO plugin v27.4 - https:\/\/yoast.com\/product\/yoast-seo-wordpress\/ -->\n<title>De l&#039;arr\u00eat \u00e0 la reconversion. Les centrales \u00e0 charbon en France et leurs trajectoires de transition \u00e9nerg\u00e9tique et industrielle - TELEMMe - Temps, espaces, langages, Europe m\u00e9ridionale, M\u00e9diterran\u00e9e<\/title>\n<meta name=\"description\" content=\"Les pr\u00e9occupations environnementales et la s\u00e9curit\u00e9 d\u2019approvisionnement \u00e9nerg\u00e9tique figurent parmi les grandes probl\u00e9matiques auxquelles les pays du monde entier sont d\u00e9sormais confront\u00e9s. Dans ce contexte, certains fixent des objectifs de d\u00e9carbonation de leur syst\u00e8me \u00e9nerg\u00e9tique et entreprennent une transformation de leurs modes de production. En France, la loi Energie-Climat de novembre 2019 \u00e9tablit ainsi la fermeture des quatre derni\u00e8res centrales \u00e0 charbon pour 2022 (Le Havre, Cordemais, Saint-Avold, Gardanne-Meyreuil). Cette d\u00e9cision, qui doit contribuer \u00e0 l\u2019atteinte de la neutralit\u00e9 carbone d\u2019ici 2050, pose cependant la question du devenir des sites, de leurs salari\u00e9s et de leur territoire. Les r\u00e9flexions qu\u2019engagent les acteurs locaux, les industriels et les repr\u00e9sentants de l\u2019\u00c9tat dans le cadre des Pactes de territoire contribuent \u00e0 d\u00e9finir de nouvelles trajectoires de transition. Sur chaque site, des projets de reconversion industrielle et \u00e9nerg\u00e9tique mobilisent de nouvelles ressources, proposent de nouveaux produits \u00e9nerg\u00e9tiques et \u00e9tablissent de nouveaux rapports socio-\u00e9conomiques avec les territoires. Les trajectoires de transition qui se dessinent rencontrent cependant de nombreux obstacles, traduisant les t\u00e2tonnements d\u2019une transition en train de se faire. Dans ce travail de recherche, nous nous int\u00e9ressons \u00e0 la nature de ces trajectoires de transition ainsi qu\u2019\u00e0 l\u2019identification des facteurs territoriaux qui les influencent. \u00c0 partir d\u2019observations sur les terrains, d\u2019entretiens semi-directifs et d\u2019analyse de la presse, nous mettons en \u00e9vidence comment la transition \u00e9nerg\u00e9tique appelle \u00e0 une red\u00e9finition des rapports entre \u00e9nergie, industrie et territoire.\" \/>\n<meta name=\"robots\" content=\"index, follow, max-snippet:-1, max-image-preview:large, max-video-preview:-1\" \/>\n<link rel=\"canonical\" href=\"https:\/\/telemme.mmsh.fr\/?p=14712\" \/>\n<meta property=\"og:locale\" content=\"fr_FR\" \/>\n<meta property=\"og:type\" content=\"article\" \/>\n<meta property=\"og:title\" content=\"De l&#039;arr\u00eat \u00e0 la reconversion. Les centrales \u00e0 charbon en France et leurs trajectoires de transition \u00e9nerg\u00e9tique et industrielle - TELEMMe - Temps, espaces, langages, Europe m\u00e9ridionale, M\u00e9diterran\u00e9e\" \/>\n<meta property=\"og:description\" content=\"Les pr\u00e9occupations environnementales et la s\u00e9curit\u00e9 d\u2019approvisionnement \u00e9nerg\u00e9tique figurent parmi les grandes probl\u00e9matiques auxquelles les pays du monde entier sont d\u00e9sormais confront\u00e9s. Dans ce contexte, certains fixent des objectifs de d\u00e9carbonation de leur syst\u00e8me \u00e9nerg\u00e9tique et entreprennent une transformation de leurs modes de production. En France, la loi Energie-Climat de novembre 2019 \u00e9tablit ainsi la fermeture des quatre derni\u00e8res centrales \u00e0 charbon pour 2022 (Le Havre, Cordemais, Saint-Avold, Gardanne-Meyreuil). Cette d\u00e9cision, qui doit contribuer \u00e0 l\u2019atteinte de la neutralit\u00e9 carbone d\u2019ici 2050, pose cependant la question du devenir des sites, de leurs salari\u00e9s et de leur territoire. Les r\u00e9flexions qu\u2019engagent les acteurs locaux, les industriels et les repr\u00e9sentants de l\u2019\u00c9tat dans le cadre des Pactes de territoire contribuent \u00e0 d\u00e9finir de nouvelles trajectoires de transition. Sur chaque site, des projets de reconversion industrielle et \u00e9nerg\u00e9tique mobilisent de nouvelles ressources, proposent de nouveaux produits \u00e9nerg\u00e9tiques et \u00e9tablissent de nouveaux rapports socio-\u00e9conomiques avec les territoires. Les trajectoires de transition qui se dessinent rencontrent cependant de nombreux obstacles, traduisant les t\u00e2tonnements d\u2019une transition en train de se faire. Dans ce travail de recherche, nous nous int\u00e9ressons \u00e0 la nature de ces trajectoires de transition ainsi qu\u2019\u00e0 l\u2019identification des facteurs territoriaux qui les influencent. \u00c0 partir d\u2019observations sur les terrains, d\u2019entretiens semi-directifs et d\u2019analyse de la presse, nous mettons en \u00e9vidence comment la transition \u00e9nerg\u00e9tique appelle \u00e0 une red\u00e9finition des rapports entre \u00e9nergie, industrie et territoire.\" \/>\n<meta property=\"og:url\" content=\"https:\/\/telemme.mmsh.fr\/?p=14712\" \/>\n<meta property=\"og:site_name\" content=\"TELEMMe - Temps, espaces, langages, Europe m\u00e9ridionale, M\u00e9diterran\u00e9e\" \/>\n<meta property=\"article:published_time\" content=\"2024-12-06T16:53:12+00:00\" \/>\n<meta property=\"og:image\" content=\"https:\/\/telemme.mmsh.fr\/wp-content\/uploads\/2024\/12\/2024_Perroux.jpg\" \/>\n\t<meta property=\"og:image:width\" content=\"1000\" \/>\n\t<meta property=\"og:image:height\" content=\"750\" \/>\n\t<meta property=\"og:image:type\" content=\"image\/jpeg\" \/>\n<meta name=\"author\" content=\"Delphine Cavallo\" \/>\n<meta name=\"twitter:card\" content=\"summary_large_image\" \/>\n<meta name=\"twitter:label1\" content=\"\u00c9crit par\" \/>\n\t<meta name=\"twitter:data1\" content=\"Delphine Cavallo\" \/>\n\t<meta name=\"twitter:label2\" content=\"Dur\u00e9e de lecture estim\u00e9e\" \/>\n\t<meta name=\"twitter:data2\" content=\"2 minutes\" \/>\n<script type=\"application\/ld+json\" class=\"yoast-schema-graph\">{\"@context\":\"https:\\\/\\\/schema.org\",\"@graph\":[{\"@type\":\"Article\",\"@id\":\"https:\\\/\\\/telemme.mmsh.fr\\\/?p=14712#article\",\"isPartOf\":{\"@id\":\"https:\\\/\\\/telemme.mmsh.fr\\\/?p=14712\"},\"author\":{\"name\":\"Delphine Cavallo\",\"@id\":\"https:\\\/\\\/telemme.mmsh.fr\\\/#\\\/schema\\\/person\\\/86a185da4836381586528ced48e263f5\"},\"headline\":\"De l&rsquo;arr\u00eat \u00e0 la reconversion. Les centrales \u00e0 charbon en France et leurs trajectoires de transition \u00e9nerg\u00e9tique et industrielle\",\"datePublished\":\"2024-12-06T16:53:12+00:00\",\"mainEntityOfPage\":{\"@id\":\"https:\\\/\\\/telemme.mmsh.fr\\\/?p=14712\"},\"wordCount\":458,\"publisher\":{\"@id\":\"https:\\\/\\\/telemme.mmsh.fr\\\/#organization\"},\"image\":{\"@id\":\"https:\\\/\\\/telemme.mmsh.fr\\\/?p=14712#primaryimage\"},\"thumbnailUrl\":\"https:\\\/\\\/telemme.mmsh.fr\\\/wp-content\\\/uploads\\\/2024\\\/12\\\/2024_Perroux.jpg\",\"keywords\":[\"g\u00e9ographie\"],\"articleSection\":[\"Soutenances de th\u00e8se\"],\"inLanguage\":\"fr-FR\"},{\"@type\":\"WebPage\",\"@id\":\"https:\\\/\\\/telemme.mmsh.fr\\\/?p=14712\",\"url\":\"https:\\\/\\\/telemme.mmsh.fr\\\/?p=14712\",\"name\":\"De l'arr\u00eat \u00e0 la reconversion. Les centrales \u00e0 charbon en France et leurs trajectoires de transition \u00e9nerg\u00e9tique et industrielle - TELEMMe - Temps, espaces, langages, Europe m\u00e9ridionale, M\u00e9diterran\u00e9e\",\"isPartOf\":{\"@id\":\"https:\\\/\\\/telemme.mmsh.fr\\\/#website\"},\"primaryImageOfPage\":{\"@id\":\"https:\\\/\\\/telemme.mmsh.fr\\\/?p=14712#primaryimage\"},\"image\":{\"@id\":\"https:\\\/\\\/telemme.mmsh.fr\\\/?p=14712#primaryimage\"},\"thumbnailUrl\":\"https:\\\/\\\/telemme.mmsh.fr\\\/wp-content\\\/uploads\\\/2024\\\/12\\\/2024_Perroux.jpg\",\"datePublished\":\"2024-12-06T16:53:12+00:00\",\"description\":\"Les pr\u00e9occupations environnementales et la s\u00e9curit\u00e9 d\u2019approvisionnement \u00e9nerg\u00e9tique figurent parmi les grandes probl\u00e9matiques auxquelles les pays du monde entier sont d\u00e9sormais confront\u00e9s. Dans ce contexte, certains fixent des objectifs de d\u00e9carbonation de leur syst\u00e8me \u00e9nerg\u00e9tique et entreprennent une transformation de leurs modes de production. En France, la loi Energie-Climat de novembre 2019 \u00e9tablit ainsi la fermeture des quatre derni\u00e8res centrales \u00e0 charbon pour 2022 (Le Havre, Cordemais, Saint-Avold, Gardanne-Meyreuil). Cette d\u00e9cision, qui doit contribuer \u00e0 l\u2019atteinte de la neutralit\u00e9 carbone d\u2019ici 2050, pose cependant la question du devenir des sites, de leurs salari\u00e9s et de leur territoire. Les r\u00e9flexions qu\u2019engagent les acteurs locaux, les industriels et les repr\u00e9sentants de l\u2019\u00c9tat dans le cadre des Pactes de territoire contribuent \u00e0 d\u00e9finir de nouvelles trajectoires de transition. Sur chaque site, des projets de reconversion industrielle et \u00e9nerg\u00e9tique mobilisent de nouvelles ressources, proposent de nouveaux produits \u00e9nerg\u00e9tiques et \u00e9tablissent de nouveaux rapports socio-\u00e9conomiques avec les territoires. Les trajectoires de transition qui se dessinent rencontrent cependant de nombreux obstacles, traduisant les t\u00e2tonnements d\u2019une transition en train de se faire. Dans ce travail de recherche, nous nous int\u00e9ressons \u00e0 la nature de ces trajectoires de transition ainsi qu\u2019\u00e0 l\u2019identification des facteurs territoriaux qui les influencent. \u00c0 partir d\u2019observations sur les terrains, d\u2019entretiens semi-directifs et d\u2019analyse de la presse, nous mettons en \u00e9vidence comment la transition \u00e9nerg\u00e9tique appelle \u00e0 une red\u00e9finition des rapports entre \u00e9nergie, industrie et territoire.\",\"breadcrumb\":{\"@id\":\"https:\\\/\\\/telemme.mmsh.fr\\\/?p=14712#breadcrumb\"},\"inLanguage\":\"fr-FR\",\"potentialAction\":[{\"@type\":\"ReadAction\",\"target\":[\"https:\\\/\\\/telemme.mmsh.fr\\\/?p=14712\"]}]},{\"@type\":\"ImageObject\",\"inLanguage\":\"fr-FR\",\"@id\":\"https:\\\/\\\/telemme.mmsh.fr\\\/?p=14712#primaryimage\",\"url\":\"https:\\\/\\\/telemme.mmsh.fr\\\/wp-content\\\/uploads\\\/2024\\\/12\\\/2024_Perroux.jpg\",\"contentUrl\":\"https:\\\/\\\/telemme.mmsh.fr\\\/wp-content\\\/uploads\\\/2024\\\/12\\\/2024_Perroux.jpg\",\"width\":1000,\"height\":750,\"caption\":\"Centrale thermique de Cordemais, Loire-Atlantique, 27 juin 2022. Photographie : Sascha Perroux\"},{\"@type\":\"BreadcrumbList\",\"@id\":\"https:\\\/\\\/telemme.mmsh.fr\\\/?p=14712#breadcrumb\",\"itemListElement\":[{\"@type\":\"ListItem\",\"position\":1,\"name\":\"Accueil\",\"item\":\"https:\\\/\\\/telemme.mmsh.fr\\\/\"},{\"@type\":\"ListItem\",\"position\":2,\"name\":\"Actualit\u00e9s\",\"item\":\"https:\\\/\\\/telemme.mmsh.fr\\\/?cat=1995\"},{\"@type\":\"ListItem\",\"position\":3,\"name\":\"Soutenances de th\u00e8se\",\"item\":\"https:\\\/\\\/telemme.mmsh.fr\\\/?cat=1999\"},{\"@type\":\"ListItem\",\"position\":4,\"name\":\"De l&rsquo;arr\u00eat \u00e0 la reconversion. Les centrales \u00e0 charbon en France et leurs trajectoires de transition \u00e9nerg\u00e9tique et industrielle\"}]},{\"@type\":\"WebSite\",\"@id\":\"https:\\\/\\\/telemme.mmsh.fr\\\/#website\",\"url\":\"https:\\\/\\\/telemme.mmsh.fr\\\/\",\"name\":\"TELEMMe - Temps, espaces, langages, Europe m\u00e9ridionale, M\u00e9diterran\u00e9e\",\"description\":\"\",\"publisher\":{\"@id\":\"https:\\\/\\\/telemme.mmsh.fr\\\/#organization\"},\"potentialAction\":[{\"@type\":\"SearchAction\",\"target\":{\"@type\":\"EntryPoint\",\"urlTemplate\":\"https:\\\/\\\/telemme.mmsh.fr\\\/?s={search_term_string}\"},\"query-input\":{\"@type\":\"PropertyValueSpecification\",\"valueRequired\":true,\"valueName\":\"search_term_string\"}}],\"inLanguage\":\"fr-FR\"},{\"@type\":\"Organization\",\"@id\":\"https:\\\/\\\/telemme.mmsh.fr\\\/#organization\",\"name\":\"TELEMMe\",\"url\":\"https:\\\/\\\/telemme.mmsh.fr\\\/\",\"logo\":{\"@type\":\"ImageObject\",\"inLanguage\":\"fr-FR\",\"@id\":\"https:\\\/\\\/telemme.mmsh.fr\\\/#\\\/schema\\\/logo\\\/image\\\/\",\"url\":\"https:\\\/\\\/telemme.mmsh.fr\\\/wp-content\\\/uploads\\\/2020\\\/03\\\/LogoTELEMMe-horizontal-fond-transparent.png\",\"contentUrl\":\"https:\\\/\\\/telemme.mmsh.fr\\\/wp-content\\\/uploads\\\/2020\\\/03\\\/LogoTELEMMe-horizontal-fond-transparent.png\",\"width\":1500,\"height\":437,\"caption\":\"TELEMMe\"},\"image\":{\"@id\":\"https:\\\/\\\/telemme.mmsh.fr\\\/#\\\/schema\\\/logo\\\/image\\\/\"}},{\"@type\":\"Person\",\"@id\":\"https:\\\/\\\/telemme.mmsh.fr\\\/#\\\/schema\\\/person\\\/86a185da4836381586528ced48e263f5\",\"name\":\"Delphine Cavallo\",\"url\":\"https:\\\/\\\/telemme.mmsh.fr\\\/?author=6\"}]}<\/script>\n<!-- \/ Yoast SEO plugin. -->","yoast_head_json":{"title":"De l'arr\u00eat \u00e0 la reconversion. Les centrales \u00e0 charbon en France et leurs trajectoires de transition \u00e9nerg\u00e9tique et industrielle - TELEMMe - Temps, espaces, langages, Europe m\u00e9ridionale, M\u00e9diterran\u00e9e","description":"Les pr\u00e9occupations environnementales et la s\u00e9curit\u00e9 d\u2019approvisionnement \u00e9nerg\u00e9tique figurent parmi les grandes probl\u00e9matiques auxquelles les pays du monde entier sont d\u00e9sormais confront\u00e9s. Dans ce contexte, certains fixent des objectifs de d\u00e9carbonation de leur syst\u00e8me \u00e9nerg\u00e9tique et entreprennent une transformation de leurs modes de production. En France, la loi Energie-Climat de novembre 2019 \u00e9tablit ainsi la fermeture des quatre derni\u00e8res centrales \u00e0 charbon pour 2022 (Le Havre, Cordemais, Saint-Avold, Gardanne-Meyreuil). Cette d\u00e9cision, qui doit contribuer \u00e0 l\u2019atteinte de la neutralit\u00e9 carbone d\u2019ici 2050, pose cependant la question du devenir des sites, de leurs salari\u00e9s et de leur territoire. Les r\u00e9flexions qu\u2019engagent les acteurs locaux, les industriels et les repr\u00e9sentants de l\u2019\u00c9tat dans le cadre des Pactes de territoire contribuent \u00e0 d\u00e9finir de nouvelles trajectoires de transition. Sur chaque site, des projets de reconversion industrielle et \u00e9nerg\u00e9tique mobilisent de nouvelles ressources, proposent de nouveaux produits \u00e9nerg\u00e9tiques et \u00e9tablissent de nouveaux rapports socio-\u00e9conomiques avec les territoires. Les trajectoires de transition qui se dessinent rencontrent cependant de nombreux obstacles, traduisant les t\u00e2tonnements d\u2019une transition en train de se faire. Dans ce travail de recherche, nous nous int\u00e9ressons \u00e0 la nature de ces trajectoires de transition ainsi qu\u2019\u00e0 l\u2019identification des facteurs territoriaux qui les influencent. \u00c0 partir d\u2019observations sur les terrains, d\u2019entretiens semi-directifs et d\u2019analyse de la presse, nous mettons en \u00e9vidence comment la transition \u00e9nerg\u00e9tique appelle \u00e0 une red\u00e9finition des rapports entre \u00e9nergie, industrie et territoire.","robots":{"index":"index","follow":"follow","max-snippet":"max-snippet:-1","max-image-preview":"max-image-preview:large","max-video-preview":"max-video-preview:-1"},"canonical":"https:\/\/telemme.mmsh.fr\/?p=14712","og_locale":"fr_FR","og_type":"article","og_title":"De l'arr\u00eat \u00e0 la reconversion. Les centrales \u00e0 charbon en France et leurs trajectoires de transition \u00e9nerg\u00e9tique et industrielle - TELEMMe - Temps, espaces, langages, Europe m\u00e9ridionale, M\u00e9diterran\u00e9e","og_description":"Les pr\u00e9occupations environnementales et la s\u00e9curit\u00e9 d\u2019approvisionnement \u00e9nerg\u00e9tique figurent parmi les grandes probl\u00e9matiques auxquelles les pays du monde entier sont d\u00e9sormais confront\u00e9s. Dans ce contexte, certains fixent des objectifs de d\u00e9carbonation de leur syst\u00e8me \u00e9nerg\u00e9tique et entreprennent une transformation de leurs modes de production. En France, la loi Energie-Climat de novembre 2019 \u00e9tablit ainsi la fermeture des quatre derni\u00e8res centrales \u00e0 charbon pour 2022 (Le Havre, Cordemais, Saint-Avold, Gardanne-Meyreuil). Cette d\u00e9cision, qui doit contribuer \u00e0 l\u2019atteinte de la neutralit\u00e9 carbone d\u2019ici 2050, pose cependant la question du devenir des sites, de leurs salari\u00e9s et de leur territoire. Les r\u00e9flexions qu\u2019engagent les acteurs locaux, les industriels et les repr\u00e9sentants de l\u2019\u00c9tat dans le cadre des Pactes de territoire contribuent \u00e0 d\u00e9finir de nouvelles trajectoires de transition. Sur chaque site, des projets de reconversion industrielle et \u00e9nerg\u00e9tique mobilisent de nouvelles ressources, proposent de nouveaux produits \u00e9nerg\u00e9tiques et \u00e9tablissent de nouveaux rapports socio-\u00e9conomiques avec les territoires. Les trajectoires de transition qui se dessinent rencontrent cependant de nombreux obstacles, traduisant les t\u00e2tonnements d\u2019une transition en train de se faire. Dans ce travail de recherche, nous nous int\u00e9ressons \u00e0 la nature de ces trajectoires de transition ainsi qu\u2019\u00e0 l\u2019identification des facteurs territoriaux qui les influencent. \u00c0 partir d\u2019observations sur les terrains, d\u2019entretiens semi-directifs et d\u2019analyse de la presse, nous mettons en \u00e9vidence comment la transition \u00e9nerg\u00e9tique appelle \u00e0 une red\u00e9finition des rapports entre \u00e9nergie, industrie et territoire.","og_url":"https:\/\/telemme.mmsh.fr\/?p=14712","og_site_name":"TELEMMe - Temps, espaces, langages, Europe m\u00e9ridionale, M\u00e9diterran\u00e9e","article_published_time":"2024-12-06T16:53:12+00:00","og_image":[{"width":1000,"height":750,"url":"https:\/\/telemme.mmsh.fr\/wp-content\/uploads\/2024\/12\/2024_Perroux.jpg","type":"image\/jpeg"}],"author":"Delphine Cavallo","twitter_card":"summary_large_image","twitter_misc":{"\u00c9crit par":"Delphine Cavallo","Dur\u00e9e de lecture estim\u00e9e":"2 minutes"},"schema":{"@context":"https:\/\/schema.org","@graph":[{"@type":"Article","@id":"https:\/\/telemme.mmsh.fr\/?p=14712#article","isPartOf":{"@id":"https:\/\/telemme.mmsh.fr\/?p=14712"},"author":{"name":"Delphine Cavallo","@id":"https:\/\/telemme.mmsh.fr\/#\/schema\/person\/86a185da4836381586528ced48e263f5"},"headline":"De l&rsquo;arr\u00eat \u00e0 la reconversion. Les centrales \u00e0 charbon en France et leurs trajectoires de transition \u00e9nerg\u00e9tique et industrielle","datePublished":"2024-12-06T16:53:12+00:00","mainEntityOfPage":{"@id":"https:\/\/telemme.mmsh.fr\/?p=14712"},"wordCount":458,"publisher":{"@id":"https:\/\/telemme.mmsh.fr\/#organization"},"image":{"@id":"https:\/\/telemme.mmsh.fr\/?p=14712#primaryimage"},"thumbnailUrl":"https:\/\/telemme.mmsh.fr\/wp-content\/uploads\/2024\/12\/2024_Perroux.jpg","keywords":["g\u00e9ographie"],"articleSection":["Soutenances de th\u00e8se"],"inLanguage":"fr-FR"},{"@type":"WebPage","@id":"https:\/\/telemme.mmsh.fr\/?p=14712","url":"https:\/\/telemme.mmsh.fr\/?p=14712","name":"De l'arr\u00eat \u00e0 la reconversion. Les centrales \u00e0 charbon en France et leurs trajectoires de transition \u00e9nerg\u00e9tique et industrielle - TELEMMe - Temps, espaces, langages, Europe m\u00e9ridionale, M\u00e9diterran\u00e9e","isPartOf":{"@id":"https:\/\/telemme.mmsh.fr\/#website"},"primaryImageOfPage":{"@id":"https:\/\/telemme.mmsh.fr\/?p=14712#primaryimage"},"image":{"@id":"https:\/\/telemme.mmsh.fr\/?p=14712#primaryimage"},"thumbnailUrl":"https:\/\/telemme.mmsh.fr\/wp-content\/uploads\/2024\/12\/2024_Perroux.jpg","datePublished":"2024-12-06T16:53:12+00:00","description":"Les pr\u00e9occupations environnementales et la s\u00e9curit\u00e9 d\u2019approvisionnement \u00e9nerg\u00e9tique figurent parmi les grandes probl\u00e9matiques auxquelles les pays du monde entier sont d\u00e9sormais confront\u00e9s. Dans ce contexte, certains fixent des objectifs de d\u00e9carbonation de leur syst\u00e8me \u00e9nerg\u00e9tique et entreprennent une transformation de leurs modes de production. En France, la loi Energie-Climat de novembre 2019 \u00e9tablit ainsi la fermeture des quatre derni\u00e8res centrales \u00e0 charbon pour 2022 (Le Havre, Cordemais, Saint-Avold, Gardanne-Meyreuil). Cette d\u00e9cision, qui doit contribuer \u00e0 l\u2019atteinte de la neutralit\u00e9 carbone d\u2019ici 2050, pose cependant la question du devenir des sites, de leurs salari\u00e9s et de leur territoire. Les r\u00e9flexions qu\u2019engagent les acteurs locaux, les industriels et les repr\u00e9sentants de l\u2019\u00c9tat dans le cadre des Pactes de territoire contribuent \u00e0 d\u00e9finir de nouvelles trajectoires de transition. Sur chaque site, des projets de reconversion industrielle et \u00e9nerg\u00e9tique mobilisent de nouvelles ressources, proposent de nouveaux produits \u00e9nerg\u00e9tiques et \u00e9tablissent de nouveaux rapports socio-\u00e9conomiques avec les territoires. Les trajectoires de transition qui se dessinent rencontrent cependant de nombreux obstacles, traduisant les t\u00e2tonnements d\u2019une transition en train de se faire. Dans ce travail de recherche, nous nous int\u00e9ressons \u00e0 la nature de ces trajectoires de transition ainsi qu\u2019\u00e0 l\u2019identification des facteurs territoriaux qui les influencent. \u00c0 partir d\u2019observations sur les terrains, d\u2019entretiens semi-directifs et d\u2019analyse de la presse, nous mettons en \u00e9vidence comment la transition \u00e9nerg\u00e9tique appelle \u00e0 une red\u00e9finition des rapports entre \u00e9nergie, industrie et territoire.","breadcrumb":{"@id":"https:\/\/telemme.mmsh.fr\/?p=14712#breadcrumb"},"inLanguage":"fr-FR","potentialAction":[{"@type":"ReadAction","target":["https:\/\/telemme.mmsh.fr\/?p=14712"]}]},{"@type":"ImageObject","inLanguage":"fr-FR","@id":"https:\/\/telemme.mmsh.fr\/?p=14712#primaryimage","url":"https:\/\/telemme.mmsh.fr\/wp-content\/uploads\/2024\/12\/2024_Perroux.jpg","contentUrl":"https:\/\/telemme.mmsh.fr\/wp-content\/uploads\/2024\/12\/2024_Perroux.jpg","width":1000,"height":750,"caption":"Centrale thermique de Cordemais, Loire-Atlantique, 27 juin 2022. Photographie : Sascha Perroux"},{"@type":"BreadcrumbList","@id":"https:\/\/telemme.mmsh.fr\/?p=14712#breadcrumb","itemListElement":[{"@type":"ListItem","position":1,"name":"Accueil","item":"https:\/\/telemme.mmsh.fr\/"},{"@type":"ListItem","position":2,"name":"Actualit\u00e9s","item":"https:\/\/telemme.mmsh.fr\/?cat=1995"},{"@type":"ListItem","position":3,"name":"Soutenances de th\u00e8se","item":"https:\/\/telemme.mmsh.fr\/?cat=1999"},{"@type":"ListItem","position":4,"name":"De l&rsquo;arr\u00eat \u00e0 la reconversion. Les centrales \u00e0 charbon en France et leurs trajectoires de transition \u00e9nerg\u00e9tique et industrielle"}]},{"@type":"WebSite","@id":"https:\/\/telemme.mmsh.fr\/#website","url":"https:\/\/telemme.mmsh.fr\/","name":"TELEMMe - Temps, espaces, langages, Europe m\u00e9ridionale, M\u00e9diterran\u00e9e","description":"","publisher":{"@id":"https:\/\/telemme.mmsh.fr\/#organization"},"potentialAction":[{"@type":"SearchAction","target":{"@type":"EntryPoint","urlTemplate":"https:\/\/telemme.mmsh.fr\/?s={search_term_string}"},"query-input":{"@type":"PropertyValueSpecification","valueRequired":true,"valueName":"search_term_string"}}],"inLanguage":"fr-FR"},{"@type":"Organization","@id":"https:\/\/telemme.mmsh.fr\/#organization","name":"TELEMMe","url":"https:\/\/telemme.mmsh.fr\/","logo":{"@type":"ImageObject","inLanguage":"fr-FR","@id":"https:\/\/telemme.mmsh.fr\/#\/schema\/logo\/image\/","url":"https:\/\/telemme.mmsh.fr\/wp-content\/uploads\/2020\/03\/LogoTELEMMe-horizontal-fond-transparent.png","contentUrl":"https:\/\/telemme.mmsh.fr\/wp-content\/uploads\/2020\/03\/LogoTELEMMe-horizontal-fond-transparent.png","width":1500,"height":437,"caption":"TELEMMe"},"image":{"@id":"https:\/\/telemme.mmsh.fr\/#\/schema\/logo\/image\/"}},{"@type":"Person","@id":"https:\/\/telemme.mmsh.fr\/#\/schema\/person\/86a185da4836381586528ced48e263f5","name":"Delphine Cavallo","url":"https:\/\/telemme.mmsh.fr\/?author=6"}]}},"_links":{"self":[{"href":"https:\/\/telemme.mmsh.fr\/index.php?rest_route=\/wp\/v2\/posts\/14712","targetHints":{"allow":["GET"]}}],"collection":[{"href":"https:\/\/telemme.mmsh.fr\/index.php?rest_route=\/wp\/v2\/posts"}],"about":[{"href":"https:\/\/telemme.mmsh.fr\/index.php?rest_route=\/wp\/v2\/types\/post"}],"author":[{"embeddable":true,"href":"https:\/\/telemme.mmsh.fr\/index.php?rest_route=\/wp\/v2\/users\/6"}],"replies":[{"embeddable":true,"href":"https:\/\/telemme.mmsh.fr\/index.php?rest_route=%2Fwp%2Fv2%2Fcomments&post=14712"}],"version-history":[{"count":2,"href":"https:\/\/telemme.mmsh.fr\/index.php?rest_route=\/wp\/v2\/posts\/14712\/revisions"}],"predecessor-version":[{"id":14715,"href":"https:\/\/telemme.mmsh.fr\/index.php?rest_route=\/wp\/v2\/posts\/14712\/revisions\/14715"}],"wp:featuredmedia":[{"embeddable":true,"href":"https:\/\/telemme.mmsh.fr\/index.php?rest_route=\/wp\/v2\/media\/14713"}],"wp:attachment":[{"href":"https:\/\/telemme.mmsh.fr\/index.php?rest_route=%2Fwp%2Fv2%2Fmedia&parent=14712"}],"wp:term":[{"taxonomy":"category","embeddable":true,"href":"https:\/\/telemme.mmsh.fr\/index.php?rest_route=%2Fwp%2Fv2%2Fcategories&post=14712"},{"taxonomy":"post_tag","embeddable":true,"href":"https:\/\/telemme.mmsh.fr\/index.php?rest_route=%2Fwp%2Fv2%2Ftags&post=14712"}],"curies":[{"name":"wp","href":"https:\/\/api.w.org\/{rel}","templated":true}]}}