{"id":14688,"date":"2024-11-27T16:39:19","date_gmt":"2024-11-27T15:39:19","guid":{"rendered":"https:\/\/telemme.mmsh.fr\/?p=14688"},"modified":"2024-11-28T11:05:29","modified_gmt":"2024-11-28T10:05:29","slug":"telemme-au-business-meeting-de-fos-sur-mer","status":"publish","type":"post","link":"https:\/\/telemme.mmsh.fr\/?p=14688","title":{"rendered":"TELEMMe au Business meeting de Fos-sur-Mer"},"content":{"rendered":"\n<p><strong>Rencontrez les \u00e9quipes de TELEMMe au Business meeting de la ville de Fos-sur-Mer !<\/strong><\/p>\n\n\n\n<p>Les \u00e9quipes du laboratoire TELEMMe seront pr\u00e9sentes le<strong> jeudi 28 novembre 2024<\/strong> pour la deuxi\u00e8me \u00e9dition du Business Meeting de Fos-sur-Mer. L\u2019\u00e9v\u00e8nement r\u00e9unit plus de 500 porteurs de projets et acteurs \u00e9conomiques et industriels d\u2019un territoire au c\u0153ur des strat\u00e9gies de transition \u00e9nerg\u00e9tique et environnementale puisque 12 milliards d\u2019euros d\u2019investissements industriels et plus de 10 000 emplois nouveaux sont annonc\u00e9s pour la zone industrialo-portuaire (ZIP) et la ville de Fos-sur-Mer.<\/p>\n\n\n\n<p>\u00c0 l\u2019avant-garde des questions scientifiques li\u00e9es aux transitions urbaines, sociales et environnementales en mati\u00e8re de sciences humaines et sociales, TELEMMe participera  \u00e0 cette journ\u00e9e pour pr\u00e9senter un certain nombre des travaux men\u00e9s par ses \u00e9quipes en lien avec les territoires : ANR R\u00e9industrialisation et transition (<a href=\"https:\/\/telemme.mmsh.fr\/?projets=iretra\">IRETRA<\/a>), <a href=\"https:\/\/fos200ans.fr\/\">webdocumentaire sur l&rsquo;histoire<\/a> industrielle et environnementale de Fos-sur-Mer, publications sur l\u2019histoire industrielle et la g\u00e9ographie de la r\u00e9industrialisation de la r\u00e9gion Sud-Paca et des Bouches-du-Rh\u00f4ne.<\/p>\n\n\n\n<h2 class=\"wp-block-heading\"><a href=\"https:\/\/www.fossurmer.fr\/actualite\/business-meeting%C2%B2-le-rendez-vous-avec-les-industries-et-emplois-de-demain\/\">Business Meeting 2024<\/a>, le rendez-vous avec les industries et emplois de demain<\/h2>\n\n\n\n<p><em>Depuis plusieurs mois, Fos-sur-Mer et sa zone industrialo-portuaire sont au c\u0153ur d&rsquo;enjeux majeurs li\u00e9s \u00e0 la transition \u00e9nerg\u00e9tique. Avec 12 milliards d&rsquo;euros d&rsquo;investissements et la cr\u00e9ation de plus de 10 000 emplois \u00e0 la cl\u00e9, les projets industriels visant la d\u00e9carbonation de l&rsquo;industrie suscitent un grand int\u00e9r\u00eat. Le Business Meeting, dont la deuxi\u00e8me \u00e9dition se tiendra le 28 novembre 2024, ambitionne de favoriser les \u00e9changes entre ces porteurs de projets et les acteurs \u00e9conomiques du territoire. Une journ\u00e9e qui s\u2019ouvrira aux entreprises le matin, et se poursuivra l\u2019apr\u00e8s-midi avec les jeunes, invit\u00e9s \u00e0 d\u00e9couvrir les m\u00e9tiers de demain.<\/em><\/p>\n\n\n\n<p>Depuis quelques mois, la ville de Fos-sur-Mer et sa zone industrialo portuaire (ZIP) sont au c\u0153ur d\u2019enjeux in\u00e9dits li\u00e9s \u00e0 la transition \u00e9nerg\u00e9tique. Les futures implantations de projets industriels garants d\u2019une industrie d\u00e9carbon\u00e9e annoncent 12 milliards d\u2019euros d\u2019investissements et plus de 10 000 emplois nouveaux.<\/p>\n\n\n\n<div class=\"wp-block-media-text is-stacked-on-mobile\" style=\"grid-template-columns:34% auto\"><figure class=\"wp-block-media-text__media\"><img loading=\"lazy\" decoding=\"async\" width=\"700\" height=\"1002\" src=\"https:\/\/telemme.mmsh.fr\/wp-content\/uploads\/2024\/11\/Affiche.png\" alt=\"Affiche Business meeting Fos-sur-Mer, 28 novembre 2024\" class=\"wp-image-14689 size-full\" srcset=\"https:\/\/telemme.mmsh.fr\/wp-content\/uploads\/2024\/11\/Affiche.png 700w, https:\/\/telemme.mmsh.fr\/wp-content\/uploads\/2024\/11\/Affiche-210x300.png 210w\" sizes=\"auto, (max-width: 700px) 100vw, 700px\" \/><\/figure><div class=\"wp-block-media-text__content\">\n<p>&nbsp;Carbon, H2V, GravitHY, N\u00e9ocarb, DEOS, GF Chemical, Arcelor-Mittal, Marcegaclia, Elengy-Tonkin et d\u2019autres acteurs \u00e9conomiques ont r\u00e9pondu pr\u00e9sents pour d\u2019une part exposer leur projet mais aussi pour rencontrer les industriels, chefs d\u2019entreprise et artisans et de discuter ensemble de la synergie possible entre l\u2019activit\u00e9 \u00e9conomique actuelle et future.<\/p>\n\n\n\n<p>Le Business Meeting a cette ambition de faciliter les \u00e9changes entre les porteurs de projets et les acteurs \u00e9conomiques et industriels de notre territoire. Lors de la 1e \u00e9dition, en 2023, plus de 500 participants ont pu rencontrer les grands porteurs de projets qui vont permettre \u00e0 notre territoire de devenir le d\u00e9monstrateur mondial de la d\u00e9carbonation et de la transition \u00e9nerg\u00e9tique. \u00ab Le Business Meeting est une invitation \u00e0 tous les acteurs \u00e9conomiques du territoire pour faire du lien. C\u2019est aussi faire en sorte que les projets soient les plus circulaires possibles et profitent \u00e0 l\u2019\u00e9conomie locale.\u00bb, souligne Ren\u00e9 Raimondi, Maire de Fos-sur-Mer.<\/p>\n<\/div><\/div>\n\n\n\n<p>Pour cette 2e \u00e9dition, le Business Meeting prend de l\u2019ampleur et s\u2019articule autour de deux rendez-vous, le matin d\u00e9di\u00e9, comme en 2023, aux entreprises et l\u2019apr\u00e8s-midi r\u00e9serv\u00e9e aux jeunes de 15 \u00e0 25 ans, coll\u00e9giens, lyc\u00e9ens, \u00e9tudiants, demandeurs d\u2019emploi. L\u2019occasion pour la jeunesse de ce territoire de rencontrer les porteurs de projets et de d\u00e9couvrir les m\u00e9tiers qui feront l\u2019industrie de demain. D\u2019autant plus que les projets pr\u00e9sent\u00e9s rentrent en r\u00e9sonance avec le programme de nombreuses mati\u00e8res enseign\u00e9es au lyc\u00e9e ou \u00e0 l\u2019universit\u00e9. Une initiative annonc\u00e9e par le Maire de Fos-sur-Mer le 10 octobre 2023 lors de la 1e \u00e9dition du Business Meeting, visant \u00e0 permettre \u00e0 la jeunesse d\u2019envisager un avenir inscrit dans l\u2019innovation des nouveaux process, mais aussi et surtout dans la lutte contre le r\u00e9chauffement climatique.<\/p>\n\n\n\n<p><strong>2e \u00e9dition du Business Meeting, jeudi 28 novembre, de 9h \u00e0 17h, halle polyvalente du complexe Parsemain. Un rendez-vous avec l\u2019industrie et les emplois de demain \u00e0 inscrire dans vos agendas.<\/strong><\/p>\n\n\n\n<p>&nbsp;<\/p>\n","protected":false},"excerpt":{"rendered":"<p>Rencontrez les \u00e9quipes de TELEMMe au Business meeting de la ville de Fos-sur-Mer ! Les \u00e9quipes du laboratoire TELEMMe seront pr\u00e9sentes le jeudi 28 novembre 2024 pour la deuxi\u00e8me \u00e9dition&hellip;&nbsp;<a href=\"https:\/\/telemme.mmsh.fr\/?p=14688\" rel=\"bookmark\">Lire la suite &raquo;<span class=\"screen-reader-text\">TELEMMe au Business meeting de Fos-sur-Mer<\/span><\/a><\/p>\n","protected":false},"author":6,"featured_media":14690,"comment_status":"closed","ping_status":"closed","sticky":false,"template":"","format":"standard","meta":{"neve_meta_sidebar":"","neve_meta_container":"","neve_meta_enable_content_width":"off","neve_meta_content_width":70,"neve_meta_title_alignment":"","neve_meta_author_avatar":"","neve_post_elements_order":"","neve_meta_disable_header":"","neve_meta_disable_footer":"","neve_meta_disable_title":"","_tribe_events_control_status":"","_tribe_events_control_status_canceled_reason":"","_tribe_events_control_status_postponed_reason":"","_tribe_events_control_online":"","_tribe_events_control_online_url":"","footnotes":""},"categories":[1992],"tags":[1959],"class_list":["post-14688","post","type-post","status-publish","format-standard","has-post-thumbnail","hentry","category-rencontres","tag-fos"],"yoast_head":"<!-- This site is optimized with the Yoast SEO plugin v27.4 - https:\/\/yoast.com\/product\/yoast-seo-wordpress\/ -->\n<title>TELEMMe au Business meeting de Fos-sur-Mer - TELEMMe - Temps, espaces, langages, Europe m\u00e9ridionale, M\u00e9diterran\u00e9e<\/title>\n<meta name=\"description\" content=\"Les \u00e9quipes du laboratoire TELEMMe seront pr\u00e9sentes le jeudi 28 novembre 2024 pour la deuxi\u00e8me \u00e9dition du Business Meeting de Fos-sur-Mer. L\u2019\u00e9v\u00e8nement r\u00e9unit plus de 500 porteurs de projets et acteurs \u00e9conomiques et industriels d\u2019un territoire au c\u0153ur des strat\u00e9gies de transition \u00e9nerg\u00e9tique et environnementale puisque 12 milliards d\u2019euros d\u2019investissements industriels et plus de 10 000 emplois nouveaux sont annonc\u00e9s pour la zone industrialo-portuaire (ZIP) et la ville de Fos-sur-Mer.\" \/>\n<meta name=\"robots\" content=\"index, follow, max-snippet:-1, max-image-preview:large, max-video-preview:-1\" \/>\n<link rel=\"canonical\" href=\"https:\/\/telemme.mmsh.fr\/?p=14688\" \/>\n<meta property=\"og:locale\" content=\"fr_FR\" \/>\n<meta property=\"og:type\" content=\"article\" \/>\n<meta property=\"og:title\" content=\"TELEMMe au Business meeting de Fos-sur-Mer - TELEMMe - Temps, espaces, langages, Europe m\u00e9ridionale, M\u00e9diterran\u00e9e\" \/>\n<meta property=\"og:description\" content=\"Les \u00e9quipes du laboratoire TELEMMe seront pr\u00e9sentes le jeudi 28 novembre 2024 pour la deuxi\u00e8me \u00e9dition du Business Meeting de Fos-sur-Mer. L\u2019\u00e9v\u00e8nement r\u00e9unit plus de 500 porteurs de projets et acteurs \u00e9conomiques et industriels d\u2019un territoire au c\u0153ur des strat\u00e9gies de transition \u00e9nerg\u00e9tique et environnementale puisque 12 milliards d\u2019euros d\u2019investissements industriels et plus de 10 000 emplois nouveaux sont annonc\u00e9s pour la zone industrialo-portuaire (ZIP) et la ville de Fos-sur-Mer.\" \/>\n<meta property=\"og:url\" content=\"https:\/\/telemme.mmsh.fr\/?p=14688\" \/>\n<meta property=\"og:site_name\" content=\"TELEMMe - Temps, espaces, langages, Europe m\u00e9ridionale, M\u00e9diterran\u00e9e\" \/>\n<meta property=\"article:published_time\" content=\"2024-11-27T15:39:19+00:00\" \/>\n<meta property=\"article:modified_time\" content=\"2024-11-28T10:05:29+00:00\" \/>\n<meta property=\"og:image\" content=\"https:\/\/telemme.mmsh.fr\/wp-content\/uploads\/2024\/11\/Article-995x663-1-408x272-1.jpg\" \/>\n\t<meta property=\"og:image:width\" content=\"408\" \/>\n\t<meta property=\"og:image:height\" content=\"272\" \/>\n\t<meta property=\"og:image:type\" content=\"image\/jpeg\" \/>\n<meta name=\"author\" content=\"Delphine Cavallo\" \/>\n<meta name=\"twitter:card\" content=\"summary_large_image\" \/>\n<meta name=\"twitter:label1\" content=\"\u00c9crit par\" \/>\n\t<meta name=\"twitter:data1\" content=\"Delphine Cavallo\" \/>\n\t<meta name=\"twitter:label2\" content=\"Dur\u00e9e de lecture estim\u00e9e\" \/>\n\t<meta name=\"twitter:data2\" content=\"3 minutes\" \/>\n<script type=\"application\/ld+json\" class=\"yoast-schema-graph\">{\"@context\":\"https:\\\/\\\/schema.org\",\"@graph\":[{\"@type\":\"Article\",\"@id\":\"https:\\\/\\\/telemme.mmsh.fr\\\/?p=14688#article\",\"isPartOf\":{\"@id\":\"https:\\\/\\\/telemme.mmsh.fr\\\/?p=14688\"},\"author\":{\"name\":\"Delphine Cavallo\",\"@id\":\"https:\\\/\\\/telemme.mmsh.fr\\\/#\\\/schema\\\/person\\\/86a185da4836381586528ced48e263f5\"},\"headline\":\"TELEMMe au Business meeting de Fos-sur-Mer\",\"datePublished\":\"2024-11-27T15:39:19+00:00\",\"dateModified\":\"2024-11-28T10:05:29+00:00\",\"mainEntityOfPage\":{\"@id\":\"https:\\\/\\\/telemme.mmsh.fr\\\/?p=14688\"},\"wordCount\":682,\"publisher\":{\"@id\":\"https:\\\/\\\/telemme.mmsh.fr\\\/#organization\"},\"image\":{\"@id\":\"https:\\\/\\\/telemme.mmsh.fr\\\/?p=14688#primaryimage\"},\"thumbnailUrl\":\"https:\\\/\\\/telemme.mmsh.fr\\\/wp-content\\\/uploads\\\/2024\\\/11\\\/Article-995x663-1-408x272-1.jpg\",\"keywords\":[\"Fos\"],\"articleSection\":[\"Rencontres\"],\"inLanguage\":\"fr-FR\"},{\"@type\":\"WebPage\",\"@id\":\"https:\\\/\\\/telemme.mmsh.fr\\\/?p=14688\",\"url\":\"https:\\\/\\\/telemme.mmsh.fr\\\/?p=14688\",\"name\":\"TELEMMe au Business meeting de Fos-sur-Mer - TELEMMe - Temps, espaces, langages, Europe m\u00e9ridionale, M\u00e9diterran\u00e9e\",\"isPartOf\":{\"@id\":\"https:\\\/\\\/telemme.mmsh.fr\\\/#website\"},\"primaryImageOfPage\":{\"@id\":\"https:\\\/\\\/telemme.mmsh.fr\\\/?p=14688#primaryimage\"},\"image\":{\"@id\":\"https:\\\/\\\/telemme.mmsh.fr\\\/?p=14688#primaryimage\"},\"thumbnailUrl\":\"https:\\\/\\\/telemme.mmsh.fr\\\/wp-content\\\/uploads\\\/2024\\\/11\\\/Article-995x663-1-408x272-1.jpg\",\"datePublished\":\"2024-11-27T15:39:19+00:00\",\"dateModified\":\"2024-11-28T10:05:29+00:00\",\"description\":\"Les \u00e9quipes du laboratoire TELEMMe seront pr\u00e9sentes le jeudi 28 novembre 2024 pour la deuxi\u00e8me \u00e9dition du Business Meeting de Fos-sur-Mer. L\u2019\u00e9v\u00e8nement r\u00e9unit plus de 500 porteurs de projets et acteurs \u00e9conomiques et industriels d\u2019un territoire au c\u0153ur des strat\u00e9gies de transition \u00e9nerg\u00e9tique et environnementale puisque 12 milliards d\u2019euros d\u2019investissements industriels et plus de 10 000 emplois nouveaux sont annonc\u00e9s pour la zone industrialo-portuaire (ZIP) et la ville de Fos-sur-Mer.\",\"breadcrumb\":{\"@id\":\"https:\\\/\\\/telemme.mmsh.fr\\\/?p=14688#breadcrumb\"},\"inLanguage\":\"fr-FR\",\"potentialAction\":[{\"@type\":\"ReadAction\",\"target\":[\"https:\\\/\\\/telemme.mmsh.fr\\\/?p=14688\"]}]},{\"@type\":\"ImageObject\",\"inLanguage\":\"fr-FR\",\"@id\":\"https:\\\/\\\/telemme.mmsh.fr\\\/?p=14688#primaryimage\",\"url\":\"https:\\\/\\\/telemme.mmsh.fr\\\/wp-content\\\/uploads\\\/2024\\\/11\\\/Article-995x663-1-408x272-1.jpg\",\"contentUrl\":\"https:\\\/\\\/telemme.mmsh.fr\\\/wp-content\\\/uploads\\\/2024\\\/11\\\/Article-995x663-1-408x272-1.jpg\",\"width\":408,\"height\":272,\"caption\":\"Banni\u00e8re Business meeting Fos-sur-Mer, 28 novembre 2024\"},{\"@type\":\"BreadcrumbList\",\"@id\":\"https:\\\/\\\/telemme.mmsh.fr\\\/?p=14688#breadcrumb\",\"itemListElement\":[{\"@type\":\"ListItem\",\"position\":1,\"name\":\"Accueil\",\"item\":\"https:\\\/\\\/telemme.mmsh.fr\\\/\"},{\"@type\":\"ListItem\",\"position\":2,\"name\":\"Actualit\u00e9s\",\"item\":\"https:\\\/\\\/telemme.mmsh.fr\\\/?cat=1995\"},{\"@type\":\"ListItem\",\"position\":3,\"name\":\"Rencontres\",\"item\":\"https:\\\/\\\/telemme.mmsh.fr\\\/?cat=1992\"},{\"@type\":\"ListItem\",\"position\":4,\"name\":\"TELEMMe au Business meeting de Fos-sur-Mer\"}]},{\"@type\":\"WebSite\",\"@id\":\"https:\\\/\\\/telemme.mmsh.fr\\\/#website\",\"url\":\"https:\\\/\\\/telemme.mmsh.fr\\\/\",\"name\":\"TELEMMe - Temps, espaces, langages, Europe m\u00e9ridionale, M\u00e9diterran\u00e9e\",\"description\":\"\",\"publisher\":{\"@id\":\"https:\\\/\\\/telemme.mmsh.fr\\\/#organization\"},\"potentialAction\":[{\"@type\":\"SearchAction\",\"target\":{\"@type\":\"EntryPoint\",\"urlTemplate\":\"https:\\\/\\\/telemme.mmsh.fr\\\/?s={search_term_string}\"},\"query-input\":{\"@type\":\"PropertyValueSpecification\",\"valueRequired\":true,\"valueName\":\"search_term_string\"}}],\"inLanguage\":\"fr-FR\"},{\"@type\":\"Organization\",\"@id\":\"https:\\\/\\\/telemme.mmsh.fr\\\/#organization\",\"name\":\"TELEMMe\",\"url\":\"https:\\\/\\\/telemme.mmsh.fr\\\/\",\"logo\":{\"@type\":\"ImageObject\",\"inLanguage\":\"fr-FR\",\"@id\":\"https:\\\/\\\/telemme.mmsh.fr\\\/#\\\/schema\\\/logo\\\/image\\\/\",\"url\":\"https:\\\/\\\/telemme.mmsh.fr\\\/wp-content\\\/uploads\\\/2020\\\/03\\\/LogoTELEMMe-horizontal-fond-transparent.png\",\"contentUrl\":\"https:\\\/\\\/telemme.mmsh.fr\\\/wp-content\\\/uploads\\\/2020\\\/03\\\/LogoTELEMMe-horizontal-fond-transparent.png\",\"width\":1500,\"height\":437,\"caption\":\"TELEMMe\"},\"image\":{\"@id\":\"https:\\\/\\\/telemme.mmsh.fr\\\/#\\\/schema\\\/logo\\\/image\\\/\"}},{\"@type\":\"Person\",\"@id\":\"https:\\\/\\\/telemme.mmsh.fr\\\/#\\\/schema\\\/person\\\/86a185da4836381586528ced48e263f5\",\"name\":\"Delphine Cavallo\",\"url\":\"https:\\\/\\\/telemme.mmsh.fr\\\/?author=6\"}]}<\/script>\n<!-- \/ Yoast SEO plugin. -->","yoast_head_json":{"title":"TELEMMe au Business meeting de Fos-sur-Mer - TELEMMe - Temps, espaces, langages, Europe m\u00e9ridionale, M\u00e9diterran\u00e9e","description":"Les \u00e9quipes du laboratoire TELEMMe seront pr\u00e9sentes le jeudi 28 novembre 2024 pour la deuxi\u00e8me \u00e9dition du Business Meeting de Fos-sur-Mer. L\u2019\u00e9v\u00e8nement r\u00e9unit plus de 500 porteurs de projets et acteurs \u00e9conomiques et industriels d\u2019un territoire au c\u0153ur des strat\u00e9gies de transition \u00e9nerg\u00e9tique et environnementale puisque 12 milliards d\u2019euros d\u2019investissements industriels et plus de 10 000 emplois nouveaux sont annonc\u00e9s pour la zone industrialo-portuaire (ZIP) et la ville de Fos-sur-Mer.","robots":{"index":"index","follow":"follow","max-snippet":"max-snippet:-1","max-image-preview":"max-image-preview:large","max-video-preview":"max-video-preview:-1"},"canonical":"https:\/\/telemme.mmsh.fr\/?p=14688","og_locale":"fr_FR","og_type":"article","og_title":"TELEMMe au Business meeting de Fos-sur-Mer - TELEMMe - Temps, espaces, langages, Europe m\u00e9ridionale, M\u00e9diterran\u00e9e","og_description":"Les \u00e9quipes du laboratoire TELEMMe seront pr\u00e9sentes le jeudi 28 novembre 2024 pour la deuxi\u00e8me \u00e9dition du Business Meeting de Fos-sur-Mer. L\u2019\u00e9v\u00e8nement r\u00e9unit plus de 500 porteurs de projets et acteurs \u00e9conomiques et industriels d\u2019un territoire au c\u0153ur des strat\u00e9gies de transition \u00e9nerg\u00e9tique et environnementale puisque 12 milliards d\u2019euros d\u2019investissements industriels et plus de 10 000 emplois nouveaux sont annonc\u00e9s pour la zone industrialo-portuaire (ZIP) et la ville de Fos-sur-Mer.","og_url":"https:\/\/telemme.mmsh.fr\/?p=14688","og_site_name":"TELEMMe - Temps, espaces, langages, Europe m\u00e9ridionale, M\u00e9diterran\u00e9e","article_published_time":"2024-11-27T15:39:19+00:00","article_modified_time":"2024-11-28T10:05:29+00:00","og_image":[{"width":408,"height":272,"url":"https:\/\/telemme.mmsh.fr\/wp-content\/uploads\/2024\/11\/Article-995x663-1-408x272-1.jpg","type":"image\/jpeg"}],"author":"Delphine Cavallo","twitter_card":"summary_large_image","twitter_misc":{"\u00c9crit par":"Delphine Cavallo","Dur\u00e9e de lecture estim\u00e9e":"3 minutes"},"schema":{"@context":"https:\/\/schema.org","@graph":[{"@type":"Article","@id":"https:\/\/telemme.mmsh.fr\/?p=14688#article","isPartOf":{"@id":"https:\/\/telemme.mmsh.fr\/?p=14688"},"author":{"name":"Delphine Cavallo","@id":"https:\/\/telemme.mmsh.fr\/#\/schema\/person\/86a185da4836381586528ced48e263f5"},"headline":"TELEMMe au Business meeting de Fos-sur-Mer","datePublished":"2024-11-27T15:39:19+00:00","dateModified":"2024-11-28T10:05:29+00:00","mainEntityOfPage":{"@id":"https:\/\/telemme.mmsh.fr\/?p=14688"},"wordCount":682,"publisher":{"@id":"https:\/\/telemme.mmsh.fr\/#organization"},"image":{"@id":"https:\/\/telemme.mmsh.fr\/?p=14688#primaryimage"},"thumbnailUrl":"https:\/\/telemme.mmsh.fr\/wp-content\/uploads\/2024\/11\/Article-995x663-1-408x272-1.jpg","keywords":["Fos"],"articleSection":["Rencontres"],"inLanguage":"fr-FR"},{"@type":"WebPage","@id":"https:\/\/telemme.mmsh.fr\/?p=14688","url":"https:\/\/telemme.mmsh.fr\/?p=14688","name":"TELEMMe au Business meeting de Fos-sur-Mer - TELEMMe - Temps, espaces, langages, Europe m\u00e9ridionale, M\u00e9diterran\u00e9e","isPartOf":{"@id":"https:\/\/telemme.mmsh.fr\/#website"},"primaryImageOfPage":{"@id":"https:\/\/telemme.mmsh.fr\/?p=14688#primaryimage"},"image":{"@id":"https:\/\/telemme.mmsh.fr\/?p=14688#primaryimage"},"thumbnailUrl":"https:\/\/telemme.mmsh.fr\/wp-content\/uploads\/2024\/11\/Article-995x663-1-408x272-1.jpg","datePublished":"2024-11-27T15:39:19+00:00","dateModified":"2024-11-28T10:05:29+00:00","description":"Les \u00e9quipes du laboratoire TELEMMe seront pr\u00e9sentes le jeudi 28 novembre 2024 pour la deuxi\u00e8me \u00e9dition du Business Meeting de Fos-sur-Mer. L\u2019\u00e9v\u00e8nement r\u00e9unit plus de 500 porteurs de projets et acteurs \u00e9conomiques et industriels d\u2019un territoire au c\u0153ur des strat\u00e9gies de transition \u00e9nerg\u00e9tique et environnementale puisque 12 milliards d\u2019euros d\u2019investissements industriels et plus de 10 000 emplois nouveaux sont annonc\u00e9s pour la zone industrialo-portuaire (ZIP) et la ville de Fos-sur-Mer.","breadcrumb":{"@id":"https:\/\/telemme.mmsh.fr\/?p=14688#breadcrumb"},"inLanguage":"fr-FR","potentialAction":[{"@type":"ReadAction","target":["https:\/\/telemme.mmsh.fr\/?p=14688"]}]},{"@type":"ImageObject","inLanguage":"fr-FR","@id":"https:\/\/telemme.mmsh.fr\/?p=14688#primaryimage","url":"https:\/\/telemme.mmsh.fr\/wp-content\/uploads\/2024\/11\/Article-995x663-1-408x272-1.jpg","contentUrl":"https:\/\/telemme.mmsh.fr\/wp-content\/uploads\/2024\/11\/Article-995x663-1-408x272-1.jpg","width":408,"height":272,"caption":"Banni\u00e8re Business meeting Fos-sur-Mer, 28 novembre 2024"},{"@type":"BreadcrumbList","@id":"https:\/\/telemme.mmsh.fr\/?p=14688#breadcrumb","itemListElement":[{"@type":"ListItem","position":1,"name":"Accueil","item":"https:\/\/telemme.mmsh.fr\/"},{"@type":"ListItem","position":2,"name":"Actualit\u00e9s","item":"https:\/\/telemme.mmsh.fr\/?cat=1995"},{"@type":"ListItem","position":3,"name":"Rencontres","item":"https:\/\/telemme.mmsh.fr\/?cat=1992"},{"@type":"ListItem","position":4,"name":"TELEMMe au Business meeting de Fos-sur-Mer"}]},{"@type":"WebSite","@id":"https:\/\/telemme.mmsh.fr\/#website","url":"https:\/\/telemme.mmsh.fr\/","name":"TELEMMe - Temps, espaces, langages, Europe m\u00e9ridionale, M\u00e9diterran\u00e9e","description":"","publisher":{"@id":"https:\/\/telemme.mmsh.fr\/#organization"},"potentialAction":[{"@type":"SearchAction","target":{"@type":"EntryPoint","urlTemplate":"https:\/\/telemme.mmsh.fr\/?s={search_term_string}"},"query-input":{"@type":"PropertyValueSpecification","valueRequired":true,"valueName":"search_term_string"}}],"inLanguage":"fr-FR"},{"@type":"Organization","@id":"https:\/\/telemme.mmsh.fr\/#organization","name":"TELEMMe","url":"https:\/\/telemme.mmsh.fr\/","logo":{"@type":"ImageObject","inLanguage":"fr-FR","@id":"https:\/\/telemme.mmsh.fr\/#\/schema\/logo\/image\/","url":"https:\/\/telemme.mmsh.fr\/wp-content\/uploads\/2020\/03\/LogoTELEMMe-horizontal-fond-transparent.png","contentUrl":"https:\/\/telemme.mmsh.fr\/wp-content\/uploads\/2020\/03\/LogoTELEMMe-horizontal-fond-transparent.png","width":1500,"height":437,"caption":"TELEMMe"},"image":{"@id":"https:\/\/telemme.mmsh.fr\/#\/schema\/logo\/image\/"}},{"@type":"Person","@id":"https:\/\/telemme.mmsh.fr\/#\/schema\/person\/86a185da4836381586528ced48e263f5","name":"Delphine Cavallo","url":"https:\/\/telemme.mmsh.fr\/?author=6"}]}},"_links":{"self":[{"href":"https:\/\/telemme.mmsh.fr\/index.php?rest_route=\/wp\/v2\/posts\/14688","targetHints":{"allow":["GET"]}}],"collection":[{"href":"https:\/\/telemme.mmsh.fr\/index.php?rest_route=\/wp\/v2\/posts"}],"about":[{"href":"https:\/\/telemme.mmsh.fr\/index.php?rest_route=\/wp\/v2\/types\/post"}],"author":[{"embeddable":true,"href":"https:\/\/telemme.mmsh.fr\/index.php?rest_route=\/wp\/v2\/users\/6"}],"replies":[{"embeddable":true,"href":"https:\/\/telemme.mmsh.fr\/index.php?rest_route=%2Fwp%2Fv2%2Fcomments&post=14688"}],"version-history":[{"count":5,"href":"https:\/\/telemme.mmsh.fr\/index.php?rest_route=\/wp\/v2\/posts\/14688\/revisions"}],"predecessor-version":[{"id":14697,"href":"https:\/\/telemme.mmsh.fr\/index.php?rest_route=\/wp\/v2\/posts\/14688\/revisions\/14697"}],"wp:featuredmedia":[{"embeddable":true,"href":"https:\/\/telemme.mmsh.fr\/index.php?rest_route=\/wp\/v2\/media\/14690"}],"wp:attachment":[{"href":"https:\/\/telemme.mmsh.fr\/index.php?rest_route=%2Fwp%2Fv2%2Fmedia&parent=14688"}],"wp:term":[{"taxonomy":"category","embeddable":true,"href":"https:\/\/telemme.mmsh.fr\/index.php?rest_route=%2Fwp%2Fv2%2Fcategories&post=14688"},{"taxonomy":"post_tag","embeddable":true,"href":"https:\/\/telemme.mmsh.fr\/index.php?rest_route=%2Fwp%2Fv2%2Ftags&post=14688"}],"curies":[{"name":"wp","href":"https:\/\/api.w.org\/{rel}","templated":true}]}}