{"id":14512,"date":"2024-09-18T12:12:21","date_gmt":"2024-09-18T10:12:21","guid":{"rendered":"https:\/\/telemme.mmsh.fr\/?p=14512"},"modified":"2024-09-18T12:12:22","modified_gmt":"2024-09-18T10:12:22","slug":"la-provence-au-carrefour-des-trajectoires-artistiques-au-xviie-siecle-production-marches-circulations","status":"publish","type":"post","link":"https:\/\/telemme.mmsh.fr\/?p=14512","title":{"rendered":"La Provence au carrefour des trajectoires artistiques au XVIIe si\u00e8cle. Production, march\u00e9s, circulations"},"content":{"rendered":"<h3>COLLOQUE INTERNATIONAL<\/h3>\n<p><strong>26-28 SEPTEMBRE 2024<\/strong><br \/>\n<strong>AIX-EN-PROVENCE &#8211; MUS\u00c9E GRANET et BIBLIOTH\u00c8QUE PATRIMONIALE MICHEL VOVELLE<\/strong><\/p>\n<p>Par sa position g\u00e9ographique, la Provence, comprise ici de Nice \u00e0 Montpellier jusqu&rsquo;au Comtat Venaissin, appara\u00eet comme un creuset privil\u00e9gi\u00e9 pour r\u00e9fl\u00e9chir \u00e0 la pluralit\u00e9 des circulations artistiques. Ouverte sur la M\u00e9diterran\u00e9e, forte d&rsquo;un actif commerce maritime, la Provence est la derni\u00e8re \u00e9tape fran\u00e7aise sur le chemin de l&rsquo;Italie, \u00e0 une \u00e9poque o\u00f9 le voyage \u00e0 Rome demeure indispensable \u00e0 la formation des artistes. Alors que l&rsquo;\u00e9tude des circulations et des mobilit\u00e9s, n\u00e9cessaire \u00e0 la compr\u00e9hension de l&rsquo;\u00e9volution des formes et de la diffusion des mod\u00e8les s&rsquo;est impos\u00e9e comme un champ de recherche fondamental en histoire et en histoire de l&rsquo;art depuis une quarantaine d&rsquo;ann\u00e9es, l&rsquo;analyse des interactions interculturelles et des transferts qu&rsquo;elle induit n&rsquo;a toutefois pas \u00e9t\u00e9 men\u00e9e pour le cas particulier de la Provence au XVIIe si\u00e8cle.<\/p>\n<p>L&rsquo;objet du colloque est d&rsquo;appr\u00e9hender ce territoire singulier comme un carrefour, \u00e0 la fois g\u00e9ographique et social, o\u00f9 se croisent et se nouent des trajectoires artistiques diverses. Organis\u00e9 en cinq sessions, il questionnera la sp\u00e9cificit\u00e9 des principaux centres qui contribu\u00e8rent \u00e0 son attractivit\u00e9 &#8211; session 1 et 2 &#8211; et s&rsquo;int\u00e9ressera \u00e0 la circulation des artistes, des mod\u00e8les et des \u0153uvres entre le nord et l&rsquo;Italie &#8211; session 3 et 4. La derni\u00e8re session sera consacr\u00e9e \u00e0 la mani\u00e8re dont les \u0153uvres ou artistes proven\u00e7aux ont pu eux aussi s&rsquo;imposer comme des sources d&rsquo;inspirations.<\/p>\n<h4>COMIT\u00c9 D&rsquo;ORGANISATION<\/h4>\n<ul>\n<li><strong>Delphine Bastet<\/strong> (Ville d&rsquo;Aix-en-Provence, direction Patrimoine)<\/li>\n<li><strong>Pamela Grimaud<\/strong> (Ville d&rsquo;Aix-en-Provence, mus\u00e9e Granet)<\/li>\n<li><strong>Jane MacAvock<\/strong> (Historienne de l&rsquo;art)<\/li>\n<li><strong>Fabienne Sartre<\/strong> (Universit\u00e9 Paul-Val\u00e9ry Montpellier 3, IRCL)<\/li>\n<li><strong>Micka\u00ebl Szanto<\/strong> (Sorbonne Universit\u00e9, Centre Andr\u00e9 Chastel)<\/li>\n<li><strong>Magali Th\u00e9ron<\/strong> (Aix-Marseille Universit\u00e9, Telemme)<\/li>\n<\/ul>\n<h4>ASSIST\u00c9S PAR<\/h4>\n<ul>\n<li>Aix-Marseille Universit\u00e9, <strong>Agn\u00e8s Rabion<\/strong> et <strong>Caroline Chagniot<\/strong> (TELEMMe);<\/li>\n<li><strong>Sarah Zingraff<\/strong> et <strong>Anne-Lise Santiquet<\/strong> (Mus\u00e9e Granet) ; <strong>Jo\u00eblle Benazech<\/strong> et <strong>Christine Milin<\/strong> (Direction du patrimoine de la ville d&rsquo;Aix-en-Provence):<\/li>\n<li><strong>R\u00e9za Kettouche<\/strong> et <strong>Marie Planchon<\/strong> (Centre Andr\u00e9 Chastel)<\/li>\n<\/ul>\n<h4>LIEUX<\/h4>\n<ul>\n<li><strong>Mus\u00e9e Granet<\/strong><br \/>\nPlace Saint Jean de Malte<br \/>\n13100 Aix-en-Provence<\/li>\n<li><strong>BIBLIOTH\u00c8QUE PATRIMONIALE MICHEL VOVELLE<\/strong><br \/>\n25, all\u00e9e de Philadelphie \u2013 13100 Aix-en-Provence<\/li>\n<\/ul>\n<h2>LE PROGRAMME<\/h2>\n<h3>JEUDI 26 SEPTEMBRE 2024<\/h3>\n<p>AUDITORIUM DU MUS\u00c9E GRANET<\/p>\n<h4>9H30-12H30 LES CONDITIONS DE PRODUCTION<\/h4>\n<p>9H30 Accueil caf\u00e9<\/p>\n<p>10H00 <strong>R\u00e9gis Bertrand<\/strong>, Aix-Marseille-Universit\u00e9 &#8211; CNRS &#8211; TELEMMe<br \/>\n<em>Introduction et pr\u00e9sidence de s\u00e9ance<\/em><\/p>\n<p>10H20 <strong>Micka\u00ebl Szanto<\/strong>, Universit\u00e9 Paris-Sorbonne &#8211; Cnrs &#8211; Centre Andr\u00e9 Chastel<br \/>\n<em>Du luxe pour tous. Un projet de loterie \u00e0 Aix-en-Provence en 1623<\/em><\/p>\n<p>10H40 <strong>Claire Smyth<\/strong>, doctorante en histoire de l&rsquo;art<br \/>\n<em>La trajectoire de Jean de Saillant, peintre et moine augustin, au c\u0153ur des circulations artistiques proven\u00e7ales. 1630-1640<\/em><\/p>\n<p><strong>11H00 DISCUSSION &#8211; PAUSE CAF\u00c9<\/strong><\/p>\n<p>11H20 <strong>Moana Weil-Curiel<\/strong>, Docteur en histoire de l&rsquo;art<br \/>\n<em>Un relev\u00e9 officiel des Antiques du Midi en 1642. Sublet des Noyers encore pr\u00e9curseur de Colbert ?<\/em><\/p>\n<p>11H40<strong> Luc Thevenon<\/strong>, conservateur en chef du patrimoine (Alpes-Maritimes)<br \/>\n<em>Peinture du Comt\u00e9 de Nice au XVIle si\u00e8cle : le temps des copies<\/em><\/p>\n<p><strong>12H00 DISCUSSION &#8211; PAUSE D\u00c9JEUNER<\/strong><\/p>\n<h4>14H -16H30 ATTRACTIVIT\u00c9 ET COMPL\u00c9MENTARIT\u00c9 DES VILLES<\/h4>\n<p>14H00 <strong>Delphine Bastet<\/strong>, direction du patrimoine de la ville d&rsquo;Aix-en-Provence<br \/>\n<em>Introduction et pr\u00e9sidence de s\u00e9ance<\/em><\/p>\n<p>14H20 <strong>Anna Orlando<\/strong>, Comune di Genova, patrimonio culturale<br \/>\n<em>Pittori nordici del Seicento a Genova. Quali scambi con la vicina Provenza ?<\/em><\/p>\n<p>14H40 <strong>Magali Th\u00e9ron<\/strong>, Aix-Marseille-Universit\u00e9 &#8211; CNRS &#8211; TELEMMe<br \/>\n<em>La population des artistes \u00e9trangers \u00e0 Marseille au XVIIe si\u00e8cle<\/em><\/p>\n<p><strong>15H00 DISCUSSION<\/strong><\/p>\n<p>15H10 <strong>Genevi\u00e8ve Bresc-Bautier,<\/strong> conservateur g\u00e9n\u00e9ral honoraire du patrimoine<br \/>\n<em>Les sculpteurs \u00e0 Toulon sous Louis XIV\u00a0: ville-creuset, ville-\u00e9tape<\/em><\/p>\n<p>15H40 <strong>C\u00e9line Bonnot-Diconne,<\/strong> conservatrice-restauratrice de cuir. directrice du 2CRC, <strong>Mil\u00e8ne Cuvillier<\/strong>, conservatrice du patrimoine, responsable du Mus\u00e9e du Vieil Aix, Jean-Pierre Fournet, historien de l&rsquo;art ind\u00e9pendant<br \/>\n<em>Les tapissiers en cuirs dor\u00e9s : la production de \u00ab cuirs de Cordoue \u00bb en Provence<\/em><\/p>\n<p><strong>16H00 DISCUSSION<\/strong><\/p>\n<p><strong>17H00 Visite de l&rsquo;exposition Aix au Grand Si\u00e8cle au Mus\u00e9e du Vieil Aix<br \/>\n<\/strong>Visite de l&rsquo;escalier de l&rsquo;h\u00f4tel de Ch\u00e2teaurenard<\/p>\n<h3>VENDREDI 27 SEPTEMBRE 2024<\/h3>\n<p>AUDITORIUM DU MUS\u00c9E GRANET<\/p>\n<h4>9H30-12H AUTOUR DE JEAN DARET<\/h4>\n<p>9H30 <strong>Pam\u00e9la Grimaud<\/strong>, conseill\u00e8re mus\u00e9es, DRAC PACA<br \/>\n<em>Introduction et pr\u00e9sidence de s\u00e9ance<\/em><\/p>\n<p>9H50<strong> Jane MacAvock<\/strong>, chercheur ind\u00e9pendant<br \/>\n<em>Jean Daret, peintre du roi en Provence, le\u00e7ons d&rsquo;une exposition<\/em><\/p>\n<p>10H10 <strong>Sarah Boularand, Maxence Mosseron, Fanny Bauchau, Ludovic Antonelli, Emilie Hubert-Joly, Dominique Vingtain<\/strong>, CICRP, Centre interdisciplinaire de conservation et de restauration du patrimoine, Marseille\/<br \/>\n<em>Jean Daret. Mat\u00e9riaux et technique d&rsquo;un peintre flamand en Provence au XVIle si\u00e8cle<\/em><\/p>\n<p><strong>10H30 DISCUSSION &#8211; PAUSE CAF\u00c9<\/strong><\/p>\n<p>10H50 <strong>Lucille Calderini,<\/strong> Paris 1 Panth\u00e9on-Sorbonne, UCO Angers<br \/>\n<em>Jean Daret, d\u00e9corateur : dessins d&rsquo;ornement et transferts de mod\u00e8les entre Paris et la Provence<\/em><\/p>\n<p>11H10 <strong>Franck Guillaume,<\/strong> Mus\u00e9e municipal Calvet, Avignon<br \/>\n<em>Les sources et influences italiennes dans l&rsquo;\u0153uvre de Nicolas Mignard (Troyes, 1606- Paris, 1668) \u00e0 Avignon et en Provence au XVII si\u00e8cle<\/em><\/p>\n<p>11H30<strong> Yves Di Domenico,<\/strong> Universit\u00e9 de Paris 1 Panth\u00e9on-Sorbonne\/\u00c9cole du Louvre<br \/>\n<em>R\u00e9flexions sur la r\u00e9ception des mod\u00e8les italiens chez Reynaud Levieux (1613-1699)<\/em><\/p>\n<p><strong>12H00 DISCUSSION &#8211; PAUSE D\u00c9JEUNER<\/strong><\/p>\n<h4>14H-17H CIRCULATIONS DES ARTISTES ET DES \u0152UVRES<\/h4>\n<p>14H00 <strong>Fabienne Sartre<\/strong>, Universit\u00e9 Paul Val\u00e9ry-Montpellier 3 &#8211; Cnrs \u2013 IRCL<br \/>\n<em>Introduction et pr\u00e9sidence de s\u00e9ance<\/em><\/p>\n<p>14H20 <strong>Pascal Julien<\/strong>, Universit\u00e9 Toulouse Jean-Jaur\u00e8s &#8211; Cnrs \u2013 Framespa<br \/>\n<em>La Piet\u00e0 sculpt\u00e9e des P\u00e9nitents d&rsquo;Aix-en-Provence \u00e0 la Renaissance : fortune et diffusion d&rsquo;un mod\u00e8le de Michel-Ange<\/em><\/p>\n<p>14H40 <strong>Francesca Fabbri<\/strong>, historienne de l&rsquo;art<br \/>\n<em>D\u00e9votion religieuse, pouvoir politique et \u00e9changes artistiques en Provence au XVII si\u00e8cle. Le r\u00f4le du marbre blanc et du commerce avec la Ligurie<\/em><\/p>\n<p><strong>15H DISCUSSION &#8211; PAUSE CAF\u00c9<\/strong><\/p>\n<p>15H20 <strong>\u00c9milie Roffidal<\/strong>, CNRS \u2013 Framespa<br \/>\n<em>Mod\u00e8les et modulations. La r\u00e9ception d&rsquo;Alessandro Algardi en Provence, XVIIe-XVIlle si\u00e8cles<\/em><\/p>\n<p>15H40 <strong>Pierrick Rodriguez<\/strong>, Conservateur des monuments historiques, CRMH DRAC PACA<br \/>\n<em>Un tableau de Gimignani \u00e0 la cath\u00e9drale d&rsquo;Aix<\/em><\/p>\n<p>16H00 <strong>Vincenzo Mancuso<\/strong>, Universit\u00e9 Paul Val\u00e9ry-Montpellier 3<br \/>\n<em>Un tableau de l\u2019\u00e9cole de Maratti dans la cath\u00e9drale de Fr\u00e9jus<\/em><\/p>\n<p><strong>16H20 DISCUSSION<\/strong><\/p>\n<p><strong>16H30 Visite de l&rsquo;exposition<em> Jean Daret, peintre du roi en Provence,<\/em> Mus\u00e9e Granet<\/strong><\/p>\n<h3>SAMEDI 28 SEPTEMBRE 2024<\/h3>\n<p>BIBLIOTH\u00c8QUE PATRIMONIALE MICHEL VOVELLE<\/p>\n<h4>9H30-12H30 TRAJECTOIRE DES ARTISTES ET DIFFUSION DES MOD\u00c8LES<\/h4>\n<p>9H30<strong> Olivier Raveux,<\/strong> CNRS\u2013 TELEMMe<br \/>\n<em>Introduction et pr\u00e9sidence de s\u00e9ance<\/em><\/p>\n<p>9H50 <strong>Sabine du Crest<\/strong>, Universit\u00e9 Bordeaux Montaigne &#8211; CRHA-F.-G. Pariset<br \/>\n<em>Les yogis et autres raret\u00e9s de Peiresc<\/em><\/p>\n<p>10H10 <strong>In\u00e8s Castaldo<\/strong>, historienne de l&rsquo;art<br \/>\n<em>Le couvent des Minimes de Mane (Alpes de Haute-Provence)<\/em><\/p>\n<p>10H30 DISCUSSION &#8211; PAUSE CAF\u00c9<\/p>\n<p>10H50 <strong>Marie-Claude L\u00e9onelli<\/strong> historienne de l&rsquo;art<br \/>\n<em>La carri\u00e8re d&rsquo;un \u00e9b\u00e9niste d&rsquo;Apt de la seconde moiti\u00e9 du XVIIe si\u00e8cle<\/em><\/p>\n<p>11H10 <strong>Laetitia Pierre-Henry,<\/strong> CNRS \u2013 LARHRA<br \/>\n<em>\u00ab A la gloire du Puget \u00bb : le cycle peint de l&rsquo;\u00e9glise abbatiale de Saint-Antoine-en-Viennois par son \u00e9l\u00e8ve lyonnais Marc Chabry (1660-1727)<\/em><\/p>\n<p>11H30 <strong>Marion Schaack-Millet<\/strong>, coordinatrice scientifique, Biblioth\u00e8que municipale de Versailles, doctorante en histoire de l&rsquo;art, Universit\u00e9 Paris | Panth\u00e9on-Sorbonne<br \/>\n<em>Le portrait grav\u00e9 au XVIle si\u00e8cle en Provence, des foyers, des influences, une histoire<\/em><\/p>\n<h4>12H00 DISCUSSION ET CL\u00d4TURE<\/h4>\n<p><strong>Une visite optionnelle du parcours Daret hors-les-murs sera propos\u00e9e l&rsquo;apr\u00e8s-midi.<\/strong><\/p>\n","protected":false},"excerpt":{"rendered":"<p>COLLOQUE INTERNATIONAL 26-28 SEPTEMBRE 2024 AIX-EN-PROVENCE &#8211; MUS\u00c9E GRANET et BIBLIOTH\u00c8QUE PATRIMONIALE MICHEL VOVELLE Par sa position g\u00e9ographique, la Provence, comprise ici de Nice \u00e0 Montpellier jusqu&rsquo;au Comtat Venaissin, appara\u00eet&hellip;&nbsp;<a href=\"https:\/\/telemme.mmsh.fr\/?p=14512\" rel=\"bookmark\">Lire la suite &raquo;<span class=\"screen-reader-text\">La Provence au carrefour des trajectoires artistiques au XVIIe si\u00e8cle. Production, march\u00e9s, circulations<\/span><\/a><\/p>\n","protected":false},"author":6,"featured_media":14515,"comment_status":"closed","ping_status":"closed","sticky":false,"template":"","format":"standard","meta":{"neve_meta_sidebar":"","neve_meta_container":"","neve_meta_enable_content_width":"","neve_meta_content_width":0,"neve_meta_title_alignment":"","neve_meta_author_avatar":"","neve_post_elements_order":"","neve_meta_disable_header":"","neve_meta_disable_footer":"","neve_meta_disable_title":"","_tribe_events_control_status":"","_tribe_events_control_status_canceled_reason":"","_tribe_events_control_status_postponed_reason":"","_tribe_events_control_online":"","_tribe_events_control_online_url":"","footnotes":""},"categories":[1992],"tags":[2037,2311],"class_list":["post-14512","post","type-post","status-publish","format-standard","has-post-thumbnail","hentry","category-rencontres","tag-histoire-de-lart","tag-provence"],"yoast_head":"<!-- This site is optimized with the Yoast SEO plugin v27.4 - https:\/\/yoast.com\/product\/yoast-seo-wordpress\/ -->\n<title>La Provence au carrefour des trajectoires artistiques au XVIIe si\u00e8cle. Production, march\u00e9s, circulations - TELEMMe - Temps, espaces, langages, Europe m\u00e9ridionale, M\u00e9diterran\u00e9e<\/title>\n<meta name=\"description\" content=\"L&#039;objet du colloque est d&#039;appr\u00e9hender ce territoire singulier comme un carrefour, \u00e0 la fois g\u00e9ographique et social, o\u00f9 se croisent et se nouent des trajectoires artistiques diverses. Organis\u00e9 en cinq sessions, il questionnera la sp\u00e9cificit\u00e9 des principaux centres qui contribu\u00e8rent \u00e0 son attractivit\u00e9 - session 1 et 2 - et s&#039;int\u00e9ressera \u00e0 la circulation des artistes, des mod\u00e8les et des \u0153uvres entre le nord et l&#039;Italie - session 3 et 4. La derni\u00e8re session sera consacr\u00e9e \u00e0 la mani\u00e8re dont les \u0153uvres ou artistes proven\u00e7aux ont pu eux aussi s&#039;imposer comme des sources d&#039;inspirations.\" \/>\n<meta name=\"robots\" content=\"index, follow, max-snippet:-1, max-image-preview:large, max-video-preview:-1\" \/>\n<link rel=\"canonical\" href=\"https:\/\/telemme.mmsh.fr\/?p=14512\" \/>\n<meta property=\"og:locale\" content=\"fr_FR\" \/>\n<meta property=\"og:type\" content=\"article\" \/>\n<meta property=\"og:title\" content=\"La Provence au carrefour des trajectoires artistiques au XVIIe si\u00e8cle. Production, march\u00e9s, circulations - TELEMMe - Temps, espaces, langages, Europe m\u00e9ridionale, M\u00e9diterran\u00e9e\" \/>\n<meta property=\"og:description\" content=\"L&#039;objet du colloque est d&#039;appr\u00e9hender ce territoire singulier comme un carrefour, \u00e0 la fois g\u00e9ographique et social, o\u00f9 se croisent et se nouent des trajectoires artistiques diverses. Organis\u00e9 en cinq sessions, il questionnera la sp\u00e9cificit\u00e9 des principaux centres qui contribu\u00e8rent \u00e0 son attractivit\u00e9 - session 1 et 2 - et s&#039;int\u00e9ressera \u00e0 la circulation des artistes, des mod\u00e8les et des \u0153uvres entre le nord et l&#039;Italie - session 3 et 4. La derni\u00e8re session sera consacr\u00e9e \u00e0 la mani\u00e8re dont les \u0153uvres ou artistes proven\u00e7aux ont pu eux aussi s&#039;imposer comme des sources d&#039;inspirations.\" \/>\n<meta property=\"og:url\" content=\"https:\/\/telemme.mmsh.fr\/?p=14512\" \/>\n<meta property=\"og:site_name\" content=\"TELEMMe - Temps, espaces, langages, Europe m\u00e9ridionale, M\u00e9diterran\u00e9e\" \/>\n<meta property=\"article:published_time\" content=\"2024-09-18T10:12:21+00:00\" \/>\n<meta property=\"article:modified_time\" content=\"2024-09-18T10:12:22+00:00\" \/>\n<meta property=\"og:image\" content=\"https:\/\/telemme.mmsh.fr\/wp-content\/uploads\/2024\/09\/2024.09.26_ProvenceArt.png\" \/>\n\t<meta property=\"og:image:width\" content=\"500\" \/>\n\t<meta property=\"og:image:height\" content=\"707\" \/>\n\t<meta property=\"og:image:type\" content=\"image\/png\" \/>\n<meta name=\"author\" content=\"Delphine Cavallo\" \/>\n<meta name=\"twitter:card\" content=\"summary_large_image\" \/>\n<meta name=\"twitter:label1\" content=\"\u00c9crit par\" \/>\n\t<meta name=\"twitter:data1\" content=\"Delphine Cavallo\" \/>\n\t<meta name=\"twitter:label2\" content=\"Dur\u00e9e de lecture estim\u00e9e\" \/>\n\t<meta name=\"twitter:data2\" content=\"6 minutes\" \/>\n<script type=\"application\/ld+json\" class=\"yoast-schema-graph\">{\"@context\":\"https:\\\/\\\/schema.org\",\"@graph\":[{\"@type\":\"Article\",\"@id\":\"https:\\\/\\\/telemme.mmsh.fr\\\/?p=14512#article\",\"isPartOf\":{\"@id\":\"https:\\\/\\\/telemme.mmsh.fr\\\/?p=14512\"},\"author\":{\"name\":\"Delphine Cavallo\",\"@id\":\"https:\\\/\\\/telemme.mmsh.fr\\\/#\\\/schema\\\/person\\\/86a185da4836381586528ced48e263f5\"},\"headline\":\"La Provence au carrefour des trajectoires artistiques au XVIIe si\u00e8cle. Production, march\u00e9s, circulations\",\"datePublished\":\"2024-09-18T10:12:21+00:00\",\"dateModified\":\"2024-09-18T10:12:22+00:00\",\"mainEntityOfPage\":{\"@id\":\"https:\\\/\\\/telemme.mmsh.fr\\\/?p=14512\"},\"wordCount\":1223,\"publisher\":{\"@id\":\"https:\\\/\\\/telemme.mmsh.fr\\\/#organization\"},\"image\":{\"@id\":\"https:\\\/\\\/telemme.mmsh.fr\\\/?p=14512#primaryimage\"},\"thumbnailUrl\":\"https:\\\/\\\/telemme.mmsh.fr\\\/wp-content\\\/uploads\\\/2024\\\/09\\\/2024.09.26_ProvenceArt.png\",\"keywords\":[\"histoire de l&#039;art\",\"Provence\"],\"articleSection\":[\"Rencontres\"],\"inLanguage\":\"fr-FR\"},{\"@type\":\"WebPage\",\"@id\":\"https:\\\/\\\/telemme.mmsh.fr\\\/?p=14512\",\"url\":\"https:\\\/\\\/telemme.mmsh.fr\\\/?p=14512\",\"name\":\"La Provence au carrefour des trajectoires artistiques au XVIIe si\u00e8cle. Production, march\u00e9s, circulations - TELEMMe - Temps, espaces, langages, Europe m\u00e9ridionale, M\u00e9diterran\u00e9e\",\"isPartOf\":{\"@id\":\"https:\\\/\\\/telemme.mmsh.fr\\\/#website\"},\"primaryImageOfPage\":{\"@id\":\"https:\\\/\\\/telemme.mmsh.fr\\\/?p=14512#primaryimage\"},\"image\":{\"@id\":\"https:\\\/\\\/telemme.mmsh.fr\\\/?p=14512#primaryimage\"},\"thumbnailUrl\":\"https:\\\/\\\/telemme.mmsh.fr\\\/wp-content\\\/uploads\\\/2024\\\/09\\\/2024.09.26_ProvenceArt.png\",\"datePublished\":\"2024-09-18T10:12:21+00:00\",\"dateModified\":\"2024-09-18T10:12:22+00:00\",\"description\":\"L'objet du colloque est d'appr\u00e9hender ce territoire singulier comme un carrefour, \u00e0 la fois g\u00e9ographique et social, o\u00f9 se croisent et se nouent des trajectoires artistiques diverses. Organis\u00e9 en cinq sessions, il questionnera la sp\u00e9cificit\u00e9 des principaux centres qui contribu\u00e8rent \u00e0 son attractivit\u00e9 - session 1 et 2 - et s'int\u00e9ressera \u00e0 la circulation des artistes, des mod\u00e8les et des \u0153uvres entre le nord et l'Italie - session 3 et 4. La derni\u00e8re session sera consacr\u00e9e \u00e0 la mani\u00e8re dont les \u0153uvres ou artistes proven\u00e7aux ont pu eux aussi s'imposer comme des sources d'inspirations.\",\"breadcrumb\":{\"@id\":\"https:\\\/\\\/telemme.mmsh.fr\\\/?p=14512#breadcrumb\"},\"inLanguage\":\"fr-FR\",\"potentialAction\":[{\"@type\":\"ReadAction\",\"target\":[\"https:\\\/\\\/telemme.mmsh.fr\\\/?p=14512\"]}]},{\"@type\":\"ImageObject\",\"inLanguage\":\"fr-FR\",\"@id\":\"https:\\\/\\\/telemme.mmsh.fr\\\/?p=14512#primaryimage\",\"url\":\"https:\\\/\\\/telemme.mmsh.fr\\\/wp-content\\\/uploads\\\/2024\\\/09\\\/2024.09.26_ProvenceArt.png\",\"contentUrl\":\"https:\\\/\\\/telemme.mmsh.fr\\\/wp-content\\\/uploads\\\/2024\\\/09\\\/2024.09.26_ProvenceArt.png\",\"width\":500,\"height\":707,\"caption\":\"Affiche du colloque international La Provence au carrefour des trajectoires artistiques au XVIIe si\u00e8cle. Production, march\u00e9s, circulations\"},{\"@type\":\"BreadcrumbList\",\"@id\":\"https:\\\/\\\/telemme.mmsh.fr\\\/?p=14512#breadcrumb\",\"itemListElement\":[{\"@type\":\"ListItem\",\"position\":1,\"name\":\"Accueil\",\"item\":\"https:\\\/\\\/telemme.mmsh.fr\\\/\"},{\"@type\":\"ListItem\",\"position\":2,\"name\":\"Actualit\u00e9s\",\"item\":\"https:\\\/\\\/telemme.mmsh.fr\\\/?cat=1995\"},{\"@type\":\"ListItem\",\"position\":3,\"name\":\"Rencontres\",\"item\":\"https:\\\/\\\/telemme.mmsh.fr\\\/?cat=1992\"},{\"@type\":\"ListItem\",\"position\":4,\"name\":\"La Provence au carrefour des trajectoires artistiques au XVIIe si\u00e8cle. Production, march\u00e9s, circulations\"}]},{\"@type\":\"WebSite\",\"@id\":\"https:\\\/\\\/telemme.mmsh.fr\\\/#website\",\"url\":\"https:\\\/\\\/telemme.mmsh.fr\\\/\",\"name\":\"TELEMMe - Temps, espaces, langages, Europe m\u00e9ridionale, M\u00e9diterran\u00e9e\",\"description\":\"\",\"publisher\":{\"@id\":\"https:\\\/\\\/telemme.mmsh.fr\\\/#organization\"},\"potentialAction\":[{\"@type\":\"SearchAction\",\"target\":{\"@type\":\"EntryPoint\",\"urlTemplate\":\"https:\\\/\\\/telemme.mmsh.fr\\\/?s={search_term_string}\"},\"query-input\":{\"@type\":\"PropertyValueSpecification\",\"valueRequired\":true,\"valueName\":\"search_term_string\"}}],\"inLanguage\":\"fr-FR\"},{\"@type\":\"Organization\",\"@id\":\"https:\\\/\\\/telemme.mmsh.fr\\\/#organization\",\"name\":\"TELEMMe\",\"url\":\"https:\\\/\\\/telemme.mmsh.fr\\\/\",\"logo\":{\"@type\":\"ImageObject\",\"inLanguage\":\"fr-FR\",\"@id\":\"https:\\\/\\\/telemme.mmsh.fr\\\/#\\\/schema\\\/logo\\\/image\\\/\",\"url\":\"https:\\\/\\\/telemme.mmsh.fr\\\/wp-content\\\/uploads\\\/2020\\\/03\\\/LogoTELEMMe-horizontal-fond-transparent.png\",\"contentUrl\":\"https:\\\/\\\/telemme.mmsh.fr\\\/wp-content\\\/uploads\\\/2020\\\/03\\\/LogoTELEMMe-horizontal-fond-transparent.png\",\"width\":1500,\"height\":437,\"caption\":\"TELEMMe\"},\"image\":{\"@id\":\"https:\\\/\\\/telemme.mmsh.fr\\\/#\\\/schema\\\/logo\\\/image\\\/\"}},{\"@type\":\"Person\",\"@id\":\"https:\\\/\\\/telemme.mmsh.fr\\\/#\\\/schema\\\/person\\\/86a185da4836381586528ced48e263f5\",\"name\":\"Delphine Cavallo\",\"url\":\"https:\\\/\\\/telemme.mmsh.fr\\\/?author=6\"}]}<\/script>\n<!-- \/ Yoast SEO plugin. -->","yoast_head_json":{"title":"La Provence au carrefour des trajectoires artistiques au XVIIe si\u00e8cle. Production, march\u00e9s, circulations - TELEMMe - Temps, espaces, langages, Europe m\u00e9ridionale, M\u00e9diterran\u00e9e","description":"L'objet du colloque est d'appr\u00e9hender ce territoire singulier comme un carrefour, \u00e0 la fois g\u00e9ographique et social, o\u00f9 se croisent et se nouent des trajectoires artistiques diverses. Organis\u00e9 en cinq sessions, il questionnera la sp\u00e9cificit\u00e9 des principaux centres qui contribu\u00e8rent \u00e0 son attractivit\u00e9 - session 1 et 2 - et s'int\u00e9ressera \u00e0 la circulation des artistes, des mod\u00e8les et des \u0153uvres entre le nord et l'Italie - session 3 et 4. La derni\u00e8re session sera consacr\u00e9e \u00e0 la mani\u00e8re dont les \u0153uvres ou artistes proven\u00e7aux ont pu eux aussi s'imposer comme des sources d'inspirations.","robots":{"index":"index","follow":"follow","max-snippet":"max-snippet:-1","max-image-preview":"max-image-preview:large","max-video-preview":"max-video-preview:-1"},"canonical":"https:\/\/telemme.mmsh.fr\/?p=14512","og_locale":"fr_FR","og_type":"article","og_title":"La Provence au carrefour des trajectoires artistiques au XVIIe si\u00e8cle. Production, march\u00e9s, circulations - TELEMMe - Temps, espaces, langages, Europe m\u00e9ridionale, M\u00e9diterran\u00e9e","og_description":"L'objet du colloque est d'appr\u00e9hender ce territoire singulier comme un carrefour, \u00e0 la fois g\u00e9ographique et social, o\u00f9 se croisent et se nouent des trajectoires artistiques diverses. Organis\u00e9 en cinq sessions, il questionnera la sp\u00e9cificit\u00e9 des principaux centres qui contribu\u00e8rent \u00e0 son attractivit\u00e9 - session 1 et 2 - et s'int\u00e9ressera \u00e0 la circulation des artistes, des mod\u00e8les et des \u0153uvres entre le nord et l'Italie - session 3 et 4. La derni\u00e8re session sera consacr\u00e9e \u00e0 la mani\u00e8re dont les \u0153uvres ou artistes proven\u00e7aux ont pu eux aussi s'imposer comme des sources d'inspirations.","og_url":"https:\/\/telemme.mmsh.fr\/?p=14512","og_site_name":"TELEMMe - Temps, espaces, langages, Europe m\u00e9ridionale, M\u00e9diterran\u00e9e","article_published_time":"2024-09-18T10:12:21+00:00","article_modified_time":"2024-09-18T10:12:22+00:00","og_image":[{"width":500,"height":707,"url":"https:\/\/telemme.mmsh.fr\/wp-content\/uploads\/2024\/09\/2024.09.26_ProvenceArt.png","type":"image\/png"}],"author":"Delphine Cavallo","twitter_card":"summary_large_image","twitter_misc":{"\u00c9crit par":"Delphine Cavallo","Dur\u00e9e de lecture estim\u00e9e":"6 minutes"},"schema":{"@context":"https:\/\/schema.org","@graph":[{"@type":"Article","@id":"https:\/\/telemme.mmsh.fr\/?p=14512#article","isPartOf":{"@id":"https:\/\/telemme.mmsh.fr\/?p=14512"},"author":{"name":"Delphine Cavallo","@id":"https:\/\/telemme.mmsh.fr\/#\/schema\/person\/86a185da4836381586528ced48e263f5"},"headline":"La Provence au carrefour des trajectoires artistiques au XVIIe si\u00e8cle. Production, march\u00e9s, circulations","datePublished":"2024-09-18T10:12:21+00:00","dateModified":"2024-09-18T10:12:22+00:00","mainEntityOfPage":{"@id":"https:\/\/telemme.mmsh.fr\/?p=14512"},"wordCount":1223,"publisher":{"@id":"https:\/\/telemme.mmsh.fr\/#organization"},"image":{"@id":"https:\/\/telemme.mmsh.fr\/?p=14512#primaryimage"},"thumbnailUrl":"https:\/\/telemme.mmsh.fr\/wp-content\/uploads\/2024\/09\/2024.09.26_ProvenceArt.png","keywords":["histoire de l&#039;art","Provence"],"articleSection":["Rencontres"],"inLanguage":"fr-FR"},{"@type":"WebPage","@id":"https:\/\/telemme.mmsh.fr\/?p=14512","url":"https:\/\/telemme.mmsh.fr\/?p=14512","name":"La Provence au carrefour des trajectoires artistiques au XVIIe si\u00e8cle. Production, march\u00e9s, circulations - TELEMMe - Temps, espaces, langages, Europe m\u00e9ridionale, M\u00e9diterran\u00e9e","isPartOf":{"@id":"https:\/\/telemme.mmsh.fr\/#website"},"primaryImageOfPage":{"@id":"https:\/\/telemme.mmsh.fr\/?p=14512#primaryimage"},"image":{"@id":"https:\/\/telemme.mmsh.fr\/?p=14512#primaryimage"},"thumbnailUrl":"https:\/\/telemme.mmsh.fr\/wp-content\/uploads\/2024\/09\/2024.09.26_ProvenceArt.png","datePublished":"2024-09-18T10:12:21+00:00","dateModified":"2024-09-18T10:12:22+00:00","description":"L'objet du colloque est d'appr\u00e9hender ce territoire singulier comme un carrefour, \u00e0 la fois g\u00e9ographique et social, o\u00f9 se croisent et se nouent des trajectoires artistiques diverses. Organis\u00e9 en cinq sessions, il questionnera la sp\u00e9cificit\u00e9 des principaux centres qui contribu\u00e8rent \u00e0 son attractivit\u00e9 - session 1 et 2 - et s'int\u00e9ressera \u00e0 la circulation des artistes, des mod\u00e8les et des \u0153uvres entre le nord et l'Italie - session 3 et 4. La derni\u00e8re session sera consacr\u00e9e \u00e0 la mani\u00e8re dont les \u0153uvres ou artistes proven\u00e7aux ont pu eux aussi s'imposer comme des sources d'inspirations.","breadcrumb":{"@id":"https:\/\/telemme.mmsh.fr\/?p=14512#breadcrumb"},"inLanguage":"fr-FR","potentialAction":[{"@type":"ReadAction","target":["https:\/\/telemme.mmsh.fr\/?p=14512"]}]},{"@type":"ImageObject","inLanguage":"fr-FR","@id":"https:\/\/telemme.mmsh.fr\/?p=14512#primaryimage","url":"https:\/\/telemme.mmsh.fr\/wp-content\/uploads\/2024\/09\/2024.09.26_ProvenceArt.png","contentUrl":"https:\/\/telemme.mmsh.fr\/wp-content\/uploads\/2024\/09\/2024.09.26_ProvenceArt.png","width":500,"height":707,"caption":"Affiche du colloque international La Provence au carrefour des trajectoires artistiques au XVIIe si\u00e8cle. Production, march\u00e9s, circulations"},{"@type":"BreadcrumbList","@id":"https:\/\/telemme.mmsh.fr\/?p=14512#breadcrumb","itemListElement":[{"@type":"ListItem","position":1,"name":"Accueil","item":"https:\/\/telemme.mmsh.fr\/"},{"@type":"ListItem","position":2,"name":"Actualit\u00e9s","item":"https:\/\/telemme.mmsh.fr\/?cat=1995"},{"@type":"ListItem","position":3,"name":"Rencontres","item":"https:\/\/telemme.mmsh.fr\/?cat=1992"},{"@type":"ListItem","position":4,"name":"La Provence au carrefour des trajectoires artistiques au XVIIe si\u00e8cle. Production, march\u00e9s, circulations"}]},{"@type":"WebSite","@id":"https:\/\/telemme.mmsh.fr\/#website","url":"https:\/\/telemme.mmsh.fr\/","name":"TELEMMe - Temps, espaces, langages, Europe m\u00e9ridionale, M\u00e9diterran\u00e9e","description":"","publisher":{"@id":"https:\/\/telemme.mmsh.fr\/#organization"},"potentialAction":[{"@type":"SearchAction","target":{"@type":"EntryPoint","urlTemplate":"https:\/\/telemme.mmsh.fr\/?s={search_term_string}"},"query-input":{"@type":"PropertyValueSpecification","valueRequired":true,"valueName":"search_term_string"}}],"inLanguage":"fr-FR"},{"@type":"Organization","@id":"https:\/\/telemme.mmsh.fr\/#organization","name":"TELEMMe","url":"https:\/\/telemme.mmsh.fr\/","logo":{"@type":"ImageObject","inLanguage":"fr-FR","@id":"https:\/\/telemme.mmsh.fr\/#\/schema\/logo\/image\/","url":"https:\/\/telemme.mmsh.fr\/wp-content\/uploads\/2020\/03\/LogoTELEMMe-horizontal-fond-transparent.png","contentUrl":"https:\/\/telemme.mmsh.fr\/wp-content\/uploads\/2020\/03\/LogoTELEMMe-horizontal-fond-transparent.png","width":1500,"height":437,"caption":"TELEMMe"},"image":{"@id":"https:\/\/telemme.mmsh.fr\/#\/schema\/logo\/image\/"}},{"@type":"Person","@id":"https:\/\/telemme.mmsh.fr\/#\/schema\/person\/86a185da4836381586528ced48e263f5","name":"Delphine Cavallo","url":"https:\/\/telemme.mmsh.fr\/?author=6"}]}},"_links":{"self":[{"href":"https:\/\/telemme.mmsh.fr\/index.php?rest_route=\/wp\/v2\/posts\/14512","targetHints":{"allow":["GET"]}}],"collection":[{"href":"https:\/\/telemme.mmsh.fr\/index.php?rest_route=\/wp\/v2\/posts"}],"about":[{"href":"https:\/\/telemme.mmsh.fr\/index.php?rest_route=\/wp\/v2\/types\/post"}],"author":[{"embeddable":true,"href":"https:\/\/telemme.mmsh.fr\/index.php?rest_route=\/wp\/v2\/users\/6"}],"replies":[{"embeddable":true,"href":"https:\/\/telemme.mmsh.fr\/index.php?rest_route=%2Fwp%2Fv2%2Fcomments&post=14512"}],"version-history":[{"count":3,"href":"https:\/\/telemme.mmsh.fr\/index.php?rest_route=\/wp\/v2\/posts\/14512\/revisions"}],"predecessor-version":[{"id":14516,"href":"https:\/\/telemme.mmsh.fr\/index.php?rest_route=\/wp\/v2\/posts\/14512\/revisions\/14516"}],"wp:featuredmedia":[{"embeddable":true,"href":"https:\/\/telemme.mmsh.fr\/index.php?rest_route=\/wp\/v2\/media\/14515"}],"wp:attachment":[{"href":"https:\/\/telemme.mmsh.fr\/index.php?rest_route=%2Fwp%2Fv2%2Fmedia&parent=14512"}],"wp:term":[{"taxonomy":"category","embeddable":true,"href":"https:\/\/telemme.mmsh.fr\/index.php?rest_route=%2Fwp%2Fv2%2Fcategories&post=14512"},{"taxonomy":"post_tag","embeddable":true,"href":"https:\/\/telemme.mmsh.fr\/index.php?rest_route=%2Fwp%2Fv2%2Ftags&post=14512"}],"curies":[{"name":"wp","href":"https:\/\/api.w.org\/{rel}","templated":true}]}}