{"id":14507,"date":"2024-09-10T13:19:21","date_gmt":"2024-09-10T11:19:21","guid":{"rendered":"https:\/\/telemme.mmsh.fr\/?p=14507"},"modified":"2024-09-10T13:19:23","modified_gmt":"2024-09-10T11:19:23","slug":"une-experience-communale-societe-et-culture-politique-a-marseille-entre-xiie-et-xiiie-siecle","status":"publish","type":"post","link":"https:\/\/telemme.mmsh.fr\/?p=14507","title":{"rendered":"Une exp\u00e9rience communale. Soci\u00e9t\u00e9 et culture politique \u00e0 Marseille entre XIIe et XIIIe si\u00e8cle"},"content":{"rendered":"<p class=\"x_MsoNormal\" style=\"text-align: left;\" align=\"center\"><b>Soutenance de th\u00e8se de Giovanni Ziggiotto<\/b><\/p>\n<p class=\"x_MsoNormal\" style=\"text-align: left;\" align=\"center\">\u00ab\u00a0Une exp\u00e9rience communale. Soci\u00e9t\u00e9 et culture politique \u00e0 Marseille entre XIIe et XIIIe si\u00e8cle\u00a0\u00bb<\/p>\n<p class=\"x_MsoNormal\" style=\"text-align: left;\"><b>Samedi 14 septembre 2024<\/b>, 14 heures, Aix-en-Provence (MMSH, salle G. Duby).<\/p>\n<h2 class=\"x_MsoNormal\"><b>Jury<\/b><\/h2>\n<ul>\n<li class=\"x_MsoNormal\">Pierre CHASTANG \u00a0 \u00a0 \u00a0Rapporteur (PR, Universit\u00e9 Versailles Saint-Quentin)<\/li>\n<li class=\"x_MsoNormal\">Lorenzo TANZINI \u00a0 \u00a0 \u00a0 \u00a0Rapporteur (Pr. Ordinario, Universit\u00e0 degli Studi di Cagliari)<\/li>\n<li class=\"x_MsoNormal\">Alma POLONI \u00a0 \u00a0 \u00a0 \u00a0 \u00a0 \u00a0 Examinatrice (Pr. Associato, Universit\u00e0 degli Studi di Pisa)<\/li>\n<li class=\"x_MsoNormal\">Fran\u00e7ois OTCHAKOVSKY-LAURENS \u00a0 \u00a0 \u00a0Examinateur (MCF, Aix-Marseille Universit\u00e9)<\/li>\n<li class=\"x_MsoNormal\">Simone BALOSSINO \u00a0 \u00a0 \u00a0 \u00a0Examinateur (Pr. Associato, Universit\u00e0 degli studi di Verona)<\/li>\n<li class=\"x_MsoNormal\">Florian MAZEL \u00a0 \u00a0 \u00a0 \u00a0 \u00a0 \u00a0Pr\u00e9sident du jury (PR, Universit\u00e9 Paris I Panth\u00e9on Sorbonne)<\/li>\n<li class=\"x_MsoNormal\">Laure VERDON \u00a0 \u00a0 \u00a0 \u00a0 \u00a0Directrice de th\u00e8se (PR, Aix-Marseille Universit\u00e9)<\/li>\n<li class=\"x_MsoNormal\">Paolo GRILLO \u00a0 \u00a0 \u00a0 \u00a0 \u00a0 \u00a0Co-directeur de th\u00e8se (Pr. Ordinario, Universit\u00e0 degli studi di Milano)<\/li>\n<\/ul>\n<h2 class=\"x_MsoNormal\"><b>R\u00e9sum\u00e9 de la th\u00e8se<\/b><\/h2>\n<p class=\"x_MsoNormal\">L&rsquo;historiographie des Communes m\u00e9di\u00e9vales a pein\u00e9, jusqu&rsquo;\u00e0 une \u00e9poque r\u00e9cente, \u00e0 s&rsquo;affirmer en dehors du cadre d&rsquo;analyse de l&rsquo;Italie centro-septentrionale des XIIe et XIIIe si\u00e8cles. Pourtant, durant ces deux si\u00e8cles la Provence urbaine constitua un espace g\u00e9ographique et un horizon culturel particuli\u00e8rement propice \u00e0 un plein d\u00e9veloppement et \u00e0 un usage conscient des institutions politiques et des langages sociaux qui furent propres \u00e0 la civilisation communale m\u00e9di\u00e9vale. \u00c0 partir du cas d&rsquo;\u00e9tude de Marseille, la plus importante ville proven\u00e7ale d&rsquo;\u00e9poque m\u00e9di\u00e9vale et l&rsquo;un des ports m\u00e9diterran\u00e9ens les plus dynamiques du XIIIe si\u00e8cle, l&rsquo;objet de cette recherche est de poser \u00e0 nouveaux frais\u00a0la question des structures socio-politiques des Communes m\u00e9di\u00e9vales, en pla\u00e7ant au centre de la d\u00e9marche l&rsquo;\u00e9tude de la soci\u00e9t\u00e9 citadine en elle-m\u00eame ainsi que celle de la culture politique que cette soci\u00e9t\u00e9 promut. Se d\u00e9marquant de l&rsquo;ancienne tradition interpr\u00e9tative visant \u00e0 r\u00e9duire l&rsquo;importance des villes, dans le contexte du Moyen \u00c2ge fran\u00e7ais, au profit du prestige accord\u00e9 \u00e0 la formation de l&rsquo;\u00c9tat central, une nouvelle approche de \u00ab l&rsquo;exp\u00e9rience communale \u00bb marseillaise se trouve ainsi propos\u00e9e, r\u00e9\u00e9valuant en particulier la culture politique originale qui sous-tendit cette exp\u00e9rience. Cela souligne l&rsquo;importance des dynamiques socio-institutionnelles et socio-politiques pour comprendre la nature, les adaptations locales et l&rsquo;\u00e9volution historique de la matrice culturelle des Communes m\u00e9di\u00e9vales.<\/p>\n<p><em>Un pot suivra \u00e0 l&rsquo;issue de la soutenance dans la salle VIP de la MMSH, auquel vous \u00eates cordialement invit\u00e9s. Pour des raisons logistiques, merci de bien vouloir confirmer votre pr\u00e9sence avant le 10 septembre \u00e0 cette adresse :\u00a0<a href=\"mailto:giovanni.ZIGGIOTTO@univ-amu.fr\" target=\"_blank\" rel=\"noopener noreferrer\">giovanni.ZIGGIOTTO@univ-amu.fr<\/a><\/em><\/p>\n<ul>\n<li class=\"x_MsoNormal\">ED 355 &#8211; Espaces, Cultures, Soci\u00e9t\u00e9s, Aix-Marseille Universit\u00e9.<\/li>\n<li class=\"x_MsoNormal\">Laboratoires : UMR 7303 TELEMMe ; Dipartimento di Studi Storici (Universit\u00e0 degli Studi di Milano).<\/li>\n<\/ul>\n","protected":false},"excerpt":{"rendered":"<p>Soutenance de th\u00e8se de Giovanni Ziggiotto \u00ab\u00a0Une exp\u00e9rience communale. Soci\u00e9t\u00e9 et culture politique \u00e0 Marseille entre XIIe et XIIIe si\u00e8cle\u00a0\u00bb Samedi 14 septembre 2024, 14 heures, Aix-en-Provence (MMSH, salle G.&hellip;&nbsp;<a href=\"https:\/\/telemme.mmsh.fr\/?p=14507\" rel=\"bookmark\">Lire la suite &raquo;<span class=\"screen-reader-text\">Une exp\u00e9rience communale. Soci\u00e9t\u00e9 et culture politique \u00e0 Marseille entre XIIe et XIIIe si\u00e8cle<\/span><\/a><\/p>\n","protected":false},"author":6,"featured_media":13518,"comment_status":"closed","ping_status":"closed","sticky":false,"template":"","format":"standard","meta":{"neve_meta_sidebar":"","neve_meta_container":"","neve_meta_enable_content_width":"off","neve_meta_content_width":70,"neve_meta_title_alignment":"","neve_meta_author_avatar":"","neve_post_elements_order":"","neve_meta_disable_header":"","neve_meta_disable_footer":"","neve_meta_disable_title":"","_tribe_events_control_status":"","_tribe_events_control_status_canceled_reason":"","_tribe_events_control_status_postponed_reason":"","_tribe_events_control_online":"","_tribe_events_control_online_url":"","footnotes":""},"categories":[1999],"tags":[2409,2840,1926],"class_list":["post-14507","post","type-post","status-publish","format-standard","has-post-thumbnail","hentry","category-soutenance-these","tag-histoire","tag-histoire-medievale","tag-marseille"],"yoast_head":"<!-- This site is optimized with the Yoast SEO plugin v27.4 - https:\/\/yoast.com\/product\/yoast-seo-wordpress\/ -->\n<title>Une exp\u00e9rience communale. Soci\u00e9t\u00e9 et culture politique \u00e0 Marseille entre XIIe et XIIIe si\u00e8cle - TELEMMe - Temps, espaces, langages, Europe m\u00e9ridionale, M\u00e9diterran\u00e9e<\/title>\n<meta name=\"robots\" content=\"index, follow, max-snippet:-1, max-image-preview:large, max-video-preview:-1\" \/>\n<link rel=\"canonical\" href=\"https:\/\/telemme.mmsh.fr\/?p=14507\" \/>\n<meta property=\"og:locale\" content=\"fr_FR\" \/>\n<meta property=\"og:type\" content=\"article\" \/>\n<meta property=\"og:title\" content=\"Une exp\u00e9rience communale. Soci\u00e9t\u00e9 et culture politique \u00e0 Marseille entre XIIe et XIIIe si\u00e8cle - TELEMMe - Temps, espaces, langages, Europe m\u00e9ridionale, M\u00e9diterran\u00e9e\" \/>\n<meta property=\"og:description\" content=\"Soutenance de th\u00e8se de Giovanni Ziggiotto \u00ab\u00a0Une exp\u00e9rience communale. Soci\u00e9t\u00e9 et culture politique \u00e0 Marseille entre XIIe et XIIIe si\u00e8cle\u00a0\u00bb Samedi 14 septembre 2024, 14 heures, Aix-en-Provence (MMSH, salle G.&hellip;&nbsp;Lire la suite &raquo;Une exp\u00e9rience communale. Soci\u00e9t\u00e9 et culture politique \u00e0 Marseille entre XIIe et XIIIe si\u00e8cle\" \/>\n<meta property=\"og:url\" content=\"https:\/\/telemme.mmsh.fr\/?p=14507\" \/>\n<meta property=\"og:site_name\" content=\"TELEMMe - Temps, espaces, langages, Europe m\u00e9ridionale, M\u00e9diterran\u00e9e\" \/>\n<meta property=\"article:published_time\" content=\"2024-09-10T11:19:21+00:00\" \/>\n<meta property=\"article:modified_time\" content=\"2024-09-10T11:19:23+00:00\" \/>\n<meta property=\"og:image\" content=\"https:\/\/telemme.mmsh.fr\/wp-content\/uploads\/2023\/11\/avis-soutenance.jpg\" \/>\n\t<meta property=\"og:image:width\" content=\"135\" \/>\n\t<meta property=\"og:image:height\" content=\"135\" \/>\n\t<meta property=\"og:image:type\" content=\"image\/jpeg\" \/>\n<meta name=\"author\" content=\"Delphine Cavallo\" \/>\n<meta name=\"twitter:card\" content=\"summary_large_image\" \/>\n<meta name=\"twitter:label1\" content=\"\u00c9crit par\" \/>\n\t<meta name=\"twitter:data1\" content=\"Delphine Cavallo\" \/>\n\t<meta name=\"twitter:label2\" content=\"Dur\u00e9e de lecture estim\u00e9e\" \/>\n\t<meta name=\"twitter:data2\" content=\"2 minutes\" \/>\n<script type=\"application\/ld+json\" class=\"yoast-schema-graph\">{\"@context\":\"https:\\\/\\\/schema.org\",\"@graph\":[{\"@type\":\"Article\",\"@id\":\"https:\\\/\\\/telemme.mmsh.fr\\\/?p=14507#article\",\"isPartOf\":{\"@id\":\"https:\\\/\\\/telemme.mmsh.fr\\\/?p=14507\"},\"author\":{\"name\":\"Delphine Cavallo\",\"@id\":\"https:\\\/\\\/telemme.mmsh.fr\\\/#\\\/schema\\\/person\\\/86a185da4836381586528ced48e263f5\"},\"headline\":\"Une exp\u00e9rience communale. Soci\u00e9t\u00e9 et culture politique \u00e0 Marseille entre XIIe et XIIIe si\u00e8cle\",\"datePublished\":\"2024-09-10T11:19:21+00:00\",\"dateModified\":\"2024-09-10T11:19:23+00:00\",\"mainEntityOfPage\":{\"@id\":\"https:\\\/\\\/telemme.mmsh.fr\\\/?p=14507\"},\"wordCount\":448,\"publisher\":{\"@id\":\"https:\\\/\\\/telemme.mmsh.fr\\\/#organization\"},\"image\":{\"@id\":\"https:\\\/\\\/telemme.mmsh.fr\\\/?p=14507#primaryimage\"},\"thumbnailUrl\":\"https:\\\/\\\/telemme.mmsh.fr\\\/wp-content\\\/uploads\\\/2023\\\/11\\\/avis-soutenance.jpg\",\"keywords\":[\"histoire\",\"histoire m\u00e9di\u00e9vale\",\"Marseille\"],\"articleSection\":[\"Soutenances de th\u00e8se\"],\"inLanguage\":\"fr-FR\"},{\"@type\":\"WebPage\",\"@id\":\"https:\\\/\\\/telemme.mmsh.fr\\\/?p=14507\",\"url\":\"https:\\\/\\\/telemme.mmsh.fr\\\/?p=14507\",\"name\":\"Une exp\u00e9rience communale. Soci\u00e9t\u00e9 et culture politique \u00e0 Marseille entre XIIe et XIIIe si\u00e8cle - TELEMMe - Temps, espaces, langages, Europe m\u00e9ridionale, M\u00e9diterran\u00e9e\",\"isPartOf\":{\"@id\":\"https:\\\/\\\/telemme.mmsh.fr\\\/#website\"},\"primaryImageOfPage\":{\"@id\":\"https:\\\/\\\/telemme.mmsh.fr\\\/?p=14507#primaryimage\"},\"image\":{\"@id\":\"https:\\\/\\\/telemme.mmsh.fr\\\/?p=14507#primaryimage\"},\"thumbnailUrl\":\"https:\\\/\\\/telemme.mmsh.fr\\\/wp-content\\\/uploads\\\/2023\\\/11\\\/avis-soutenance.jpg\",\"datePublished\":\"2024-09-10T11:19:21+00:00\",\"dateModified\":\"2024-09-10T11:19:23+00:00\",\"breadcrumb\":{\"@id\":\"https:\\\/\\\/telemme.mmsh.fr\\\/?p=14507#breadcrumb\"},\"inLanguage\":\"fr-FR\",\"potentialAction\":[{\"@type\":\"ReadAction\",\"target\":[\"https:\\\/\\\/telemme.mmsh.fr\\\/?p=14507\"]}]},{\"@type\":\"ImageObject\",\"inLanguage\":\"fr-FR\",\"@id\":\"https:\\\/\\\/telemme.mmsh.fr\\\/?p=14507#primaryimage\",\"url\":\"https:\\\/\\\/telemme.mmsh.fr\\\/wp-content\\\/uploads\\\/2023\\\/11\\\/avis-soutenance.jpg\",\"contentUrl\":\"https:\\\/\\\/telemme.mmsh.fr\\\/wp-content\\\/uploads\\\/2023\\\/11\\\/avis-soutenance.jpg\",\"width\":135,\"height\":135,\"caption\":\"Illustration avis de soutenance de th\u00e8se\"},{\"@type\":\"BreadcrumbList\",\"@id\":\"https:\\\/\\\/telemme.mmsh.fr\\\/?p=14507#breadcrumb\",\"itemListElement\":[{\"@type\":\"ListItem\",\"position\":1,\"name\":\"Accueil\",\"item\":\"https:\\\/\\\/telemme.mmsh.fr\\\/\"},{\"@type\":\"ListItem\",\"position\":2,\"name\":\"Actualit\u00e9s\",\"item\":\"https:\\\/\\\/telemme.mmsh.fr\\\/?cat=1995\"},{\"@type\":\"ListItem\",\"position\":3,\"name\":\"Soutenances de th\u00e8se\",\"item\":\"https:\\\/\\\/telemme.mmsh.fr\\\/?cat=1999\"},{\"@type\":\"ListItem\",\"position\":4,\"name\":\"Une exp\u00e9rience communale. Soci\u00e9t\u00e9 et culture politique \u00e0 Marseille entre XIIe et XIIIe si\u00e8cle\"}]},{\"@type\":\"WebSite\",\"@id\":\"https:\\\/\\\/telemme.mmsh.fr\\\/#website\",\"url\":\"https:\\\/\\\/telemme.mmsh.fr\\\/\",\"name\":\"TELEMMe - Temps, espaces, langages, Europe m\u00e9ridionale, M\u00e9diterran\u00e9e\",\"description\":\"\",\"publisher\":{\"@id\":\"https:\\\/\\\/telemme.mmsh.fr\\\/#organization\"},\"potentialAction\":[{\"@type\":\"SearchAction\",\"target\":{\"@type\":\"EntryPoint\",\"urlTemplate\":\"https:\\\/\\\/telemme.mmsh.fr\\\/?s={search_term_string}\"},\"query-input\":{\"@type\":\"PropertyValueSpecification\",\"valueRequired\":true,\"valueName\":\"search_term_string\"}}],\"inLanguage\":\"fr-FR\"},{\"@type\":\"Organization\",\"@id\":\"https:\\\/\\\/telemme.mmsh.fr\\\/#organization\",\"name\":\"TELEMMe\",\"url\":\"https:\\\/\\\/telemme.mmsh.fr\\\/\",\"logo\":{\"@type\":\"ImageObject\",\"inLanguage\":\"fr-FR\",\"@id\":\"https:\\\/\\\/telemme.mmsh.fr\\\/#\\\/schema\\\/logo\\\/image\\\/\",\"url\":\"https:\\\/\\\/telemme.mmsh.fr\\\/wp-content\\\/uploads\\\/2020\\\/03\\\/LogoTELEMMe-horizontal-fond-transparent.png\",\"contentUrl\":\"https:\\\/\\\/telemme.mmsh.fr\\\/wp-content\\\/uploads\\\/2020\\\/03\\\/LogoTELEMMe-horizontal-fond-transparent.png\",\"width\":1500,\"height\":437,\"caption\":\"TELEMMe\"},\"image\":{\"@id\":\"https:\\\/\\\/telemme.mmsh.fr\\\/#\\\/schema\\\/logo\\\/image\\\/\"}},{\"@type\":\"Person\",\"@id\":\"https:\\\/\\\/telemme.mmsh.fr\\\/#\\\/schema\\\/person\\\/86a185da4836381586528ced48e263f5\",\"name\":\"Delphine Cavallo\",\"url\":\"https:\\\/\\\/telemme.mmsh.fr\\\/?author=6\"}]}<\/script>\n<!-- \/ Yoast SEO plugin. -->","yoast_head_json":{"title":"Une exp\u00e9rience communale. Soci\u00e9t\u00e9 et culture politique \u00e0 Marseille entre XIIe et XIIIe si\u00e8cle - TELEMMe - Temps, espaces, langages, Europe m\u00e9ridionale, M\u00e9diterran\u00e9e","robots":{"index":"index","follow":"follow","max-snippet":"max-snippet:-1","max-image-preview":"max-image-preview:large","max-video-preview":"max-video-preview:-1"},"canonical":"https:\/\/telemme.mmsh.fr\/?p=14507","og_locale":"fr_FR","og_type":"article","og_title":"Une exp\u00e9rience communale. Soci\u00e9t\u00e9 et culture politique \u00e0 Marseille entre XIIe et XIIIe si\u00e8cle - TELEMMe - Temps, espaces, langages, Europe m\u00e9ridionale, M\u00e9diterran\u00e9e","og_description":"Soutenance de th\u00e8se de Giovanni Ziggiotto \u00ab\u00a0Une exp\u00e9rience communale. Soci\u00e9t\u00e9 et culture politique \u00e0 Marseille entre XIIe et XIIIe si\u00e8cle\u00a0\u00bb Samedi 14 septembre 2024, 14 heures, Aix-en-Provence (MMSH, salle G.&hellip;&nbsp;Lire la suite &raquo;Une exp\u00e9rience communale. Soci\u00e9t\u00e9 et culture politique \u00e0 Marseille entre XIIe et XIIIe si\u00e8cle","og_url":"https:\/\/telemme.mmsh.fr\/?p=14507","og_site_name":"TELEMMe - Temps, espaces, langages, Europe m\u00e9ridionale, M\u00e9diterran\u00e9e","article_published_time":"2024-09-10T11:19:21+00:00","article_modified_time":"2024-09-10T11:19:23+00:00","og_image":[{"width":135,"height":135,"url":"https:\/\/telemme.mmsh.fr\/wp-content\/uploads\/2023\/11\/avis-soutenance.jpg","type":"image\/jpeg"}],"author":"Delphine Cavallo","twitter_card":"summary_large_image","twitter_misc":{"\u00c9crit par":"Delphine Cavallo","Dur\u00e9e de lecture estim\u00e9e":"2 minutes"},"schema":{"@context":"https:\/\/schema.org","@graph":[{"@type":"Article","@id":"https:\/\/telemme.mmsh.fr\/?p=14507#article","isPartOf":{"@id":"https:\/\/telemme.mmsh.fr\/?p=14507"},"author":{"name":"Delphine Cavallo","@id":"https:\/\/telemme.mmsh.fr\/#\/schema\/person\/86a185da4836381586528ced48e263f5"},"headline":"Une exp\u00e9rience communale. Soci\u00e9t\u00e9 et culture politique \u00e0 Marseille entre XIIe et XIIIe si\u00e8cle","datePublished":"2024-09-10T11:19:21+00:00","dateModified":"2024-09-10T11:19:23+00:00","mainEntityOfPage":{"@id":"https:\/\/telemme.mmsh.fr\/?p=14507"},"wordCount":448,"publisher":{"@id":"https:\/\/telemme.mmsh.fr\/#organization"},"image":{"@id":"https:\/\/telemme.mmsh.fr\/?p=14507#primaryimage"},"thumbnailUrl":"https:\/\/telemme.mmsh.fr\/wp-content\/uploads\/2023\/11\/avis-soutenance.jpg","keywords":["histoire","histoire m\u00e9di\u00e9vale","Marseille"],"articleSection":["Soutenances de th\u00e8se"],"inLanguage":"fr-FR"},{"@type":"WebPage","@id":"https:\/\/telemme.mmsh.fr\/?p=14507","url":"https:\/\/telemme.mmsh.fr\/?p=14507","name":"Une exp\u00e9rience communale. Soci\u00e9t\u00e9 et culture politique \u00e0 Marseille entre XIIe et XIIIe si\u00e8cle - TELEMMe - Temps, espaces, langages, Europe m\u00e9ridionale, M\u00e9diterran\u00e9e","isPartOf":{"@id":"https:\/\/telemme.mmsh.fr\/#website"},"primaryImageOfPage":{"@id":"https:\/\/telemme.mmsh.fr\/?p=14507#primaryimage"},"image":{"@id":"https:\/\/telemme.mmsh.fr\/?p=14507#primaryimage"},"thumbnailUrl":"https:\/\/telemme.mmsh.fr\/wp-content\/uploads\/2023\/11\/avis-soutenance.jpg","datePublished":"2024-09-10T11:19:21+00:00","dateModified":"2024-09-10T11:19:23+00:00","breadcrumb":{"@id":"https:\/\/telemme.mmsh.fr\/?p=14507#breadcrumb"},"inLanguage":"fr-FR","potentialAction":[{"@type":"ReadAction","target":["https:\/\/telemme.mmsh.fr\/?p=14507"]}]},{"@type":"ImageObject","inLanguage":"fr-FR","@id":"https:\/\/telemme.mmsh.fr\/?p=14507#primaryimage","url":"https:\/\/telemme.mmsh.fr\/wp-content\/uploads\/2023\/11\/avis-soutenance.jpg","contentUrl":"https:\/\/telemme.mmsh.fr\/wp-content\/uploads\/2023\/11\/avis-soutenance.jpg","width":135,"height":135,"caption":"Illustration avis de soutenance de th\u00e8se"},{"@type":"BreadcrumbList","@id":"https:\/\/telemme.mmsh.fr\/?p=14507#breadcrumb","itemListElement":[{"@type":"ListItem","position":1,"name":"Accueil","item":"https:\/\/telemme.mmsh.fr\/"},{"@type":"ListItem","position":2,"name":"Actualit\u00e9s","item":"https:\/\/telemme.mmsh.fr\/?cat=1995"},{"@type":"ListItem","position":3,"name":"Soutenances de th\u00e8se","item":"https:\/\/telemme.mmsh.fr\/?cat=1999"},{"@type":"ListItem","position":4,"name":"Une exp\u00e9rience communale. Soci\u00e9t\u00e9 et culture politique \u00e0 Marseille entre XIIe et XIIIe si\u00e8cle"}]},{"@type":"WebSite","@id":"https:\/\/telemme.mmsh.fr\/#website","url":"https:\/\/telemme.mmsh.fr\/","name":"TELEMMe - Temps, espaces, langages, Europe m\u00e9ridionale, M\u00e9diterran\u00e9e","description":"","publisher":{"@id":"https:\/\/telemme.mmsh.fr\/#organization"},"potentialAction":[{"@type":"SearchAction","target":{"@type":"EntryPoint","urlTemplate":"https:\/\/telemme.mmsh.fr\/?s={search_term_string}"},"query-input":{"@type":"PropertyValueSpecification","valueRequired":true,"valueName":"search_term_string"}}],"inLanguage":"fr-FR"},{"@type":"Organization","@id":"https:\/\/telemme.mmsh.fr\/#organization","name":"TELEMMe","url":"https:\/\/telemme.mmsh.fr\/","logo":{"@type":"ImageObject","inLanguage":"fr-FR","@id":"https:\/\/telemme.mmsh.fr\/#\/schema\/logo\/image\/","url":"https:\/\/telemme.mmsh.fr\/wp-content\/uploads\/2020\/03\/LogoTELEMMe-horizontal-fond-transparent.png","contentUrl":"https:\/\/telemme.mmsh.fr\/wp-content\/uploads\/2020\/03\/LogoTELEMMe-horizontal-fond-transparent.png","width":1500,"height":437,"caption":"TELEMMe"},"image":{"@id":"https:\/\/telemme.mmsh.fr\/#\/schema\/logo\/image\/"}},{"@type":"Person","@id":"https:\/\/telemme.mmsh.fr\/#\/schema\/person\/86a185da4836381586528ced48e263f5","name":"Delphine Cavallo","url":"https:\/\/telemme.mmsh.fr\/?author=6"}]}},"_links":{"self":[{"href":"https:\/\/telemme.mmsh.fr\/index.php?rest_route=\/wp\/v2\/posts\/14507","targetHints":{"allow":["GET"]}}],"collection":[{"href":"https:\/\/telemme.mmsh.fr\/index.php?rest_route=\/wp\/v2\/posts"}],"about":[{"href":"https:\/\/telemme.mmsh.fr\/index.php?rest_route=\/wp\/v2\/types\/post"}],"author":[{"embeddable":true,"href":"https:\/\/telemme.mmsh.fr\/index.php?rest_route=\/wp\/v2\/users\/6"}],"replies":[{"embeddable":true,"href":"https:\/\/telemme.mmsh.fr\/index.php?rest_route=%2Fwp%2Fv2%2Fcomments&post=14507"}],"version-history":[{"count":2,"href":"https:\/\/telemme.mmsh.fr\/index.php?rest_route=\/wp\/v2\/posts\/14507\/revisions"}],"predecessor-version":[{"id":14509,"href":"https:\/\/telemme.mmsh.fr\/index.php?rest_route=\/wp\/v2\/posts\/14507\/revisions\/14509"}],"wp:featuredmedia":[{"embeddable":true,"href":"https:\/\/telemme.mmsh.fr\/index.php?rest_route=\/wp\/v2\/media\/13518"}],"wp:attachment":[{"href":"https:\/\/telemme.mmsh.fr\/index.php?rest_route=%2Fwp%2Fv2%2Fmedia&parent=14507"}],"wp:term":[{"taxonomy":"category","embeddable":true,"href":"https:\/\/telemme.mmsh.fr\/index.php?rest_route=%2Fwp%2Fv2%2Fcategories&post=14507"},{"taxonomy":"post_tag","embeddable":true,"href":"https:\/\/telemme.mmsh.fr\/index.php?rest_route=%2Fwp%2Fv2%2Ftags&post=14507"}],"curies":[{"name":"wp","href":"https:\/\/api.w.org\/{rel}","templated":true}]}}