{"id":14474,"date":"2024-07-18T17:00:26","date_gmt":"2024-07-18T15:00:26","guid":{"rendered":"https:\/\/telemme.mmsh.fr\/?p=14474"},"modified":"2024-07-18T17:02:01","modified_gmt":"2024-07-18T15:02:01","slug":"offre-demploi-mission-expertise-archives-audiovisuelles","status":"publish","type":"post","link":"https:\/\/telemme.mmsh.fr\/?p=14474","title":{"rendered":"[Offre d&#8217;emploi] Mission expertise archives audiovisuelles du Festival international d\u2019art lyrique d\u2019Aix-en-Provence"},"content":{"rendered":"\n<h2 class=\"wp-block-heading western\"><span style=\"font-family: Arial, serif;\">Emploi-type&nbsp;:<\/span><\/h2>\n\n\n\n<p><b>D2C43 &#8211; Ing\u00e9nieur-e d\u2019\u00e9tudes en analyses des sources historiques et culturelles\u00a0: <\/b><span style=\"color: #0563c1;\"><u><a href=\"https:\/\/data.enseignementsup-recherche.gouv.fr\/pages\/fiche_emploi_type_referens_iii_itrf\/?refine.referens_id=D1C43\" target=\"https:\/\/data.enseignementsup-recherche.gouv.fr\/pages\/fiche_emploi_type_referens_iii_itrf\/?refine.referens_id=D1C43\" rel=\"noopener\">https:\/\/data.enseignementsup-recherche.gouv.fr\/pages\/fiche_emploi_type_referens_iii_itrf\/?refine.referens_id=D2C43<\/a><\/u><\/span><\/p>\n\n\n\n<h2 class=\"wp-block-heading western\"><span style=\"font-family: Arial, serif;\">Informations g\u00e9n\u00e9rales<\/span><\/h2>\n\n\n\n<ul class=\"wp-block-list\">\n<li><b>R\u00e9f\u00e9rence<\/b> : UMR TELEMMe 7303<\/li>\n\n\n\n<li><b>Lieu de travail <\/b>:&nbsp;MARSEILLE (PRISM, Campus Joseph Aiguier)<\/li>\n\n\n\n<li><b>Type de contrat<\/b> :&nbsp;CDD<\/li>\n\n\n\n<li><b>Dur\u00e9e du contrat<\/b> : 12 mois<\/li>\n\n\n\n<li><b>Date d\u2019embauche pr\u00e9vue <\/b>: 01\/11\/2024<\/li>\n\n\n\n<li><b>Quotit\u00e9 de travail <\/b>:&nbsp;Temps plein<\/li>\n\n\n\n<li><b>R\u00e9mun\u00e9ration<\/b> :&nbsp;entre 1609.67 \u00e0 1821.57\u20ac nets <\/li>\n\n\n\n<li><b>Niveau d\u2019\u00e9tudes souhait\u00e9<\/b> :&nbsp;Licence professionnelle archive, sp\u00e9cialisation audiovisuel (minimum, master accept\u00e9)<\/li>\n\n\n\n<li><b>Exp\u00e9rience souhait\u00e9e<\/b> :&nbsp;1 \u00e0 4 ann\u00e9es<\/li>\n<\/ul>\n\n\n\n<p><span style=\"color: #000000;\"><\/span><\/p>\n\n\n\n<h2 class=\"wp-block-heading\"><b>Modalit\u00e9s de candidature<\/b><\/h2>\n\n\n\n<p>Envoyer un <b>CV synth\u00e9tique <\/b>et&nbsp;une <b>lettre de motivation<\/b> \u00e0 :<\/p>\n\n\n\n<ul class=\"wp-block-list\">\n<li><strong>Aziza Gril-Mariotte <\/strong>: aziza.gril-mariotte[at]univ-amu.fr ET<\/li>\n\n\n\n<li><strong>Jos\u00e9phine Simmonot\u00a0<\/strong>: josephine.simmonot[at]univ-amu.fr<\/li>\n<\/ul>\n\n\n\n<p><b>Date limite de candidature<\/b> : 09\/09\/2024<\/p>\n\n\n\n<p>Auditions la semaine du 16\/09\/2024<\/p>\n\n\n\n<h2 class=\"wp-block-heading\"><b>Contexte<\/b><\/h2>\n\n\n\n<p>L\u2019emploi d\u2019archiviste ou d\u2019une(e) sp\u00e9cialiste de l\u2019analyse de sources historiques musicales et sonores pour 1 an s\u2019inscrit au c\u0153ur du programme interdisciplinaire AixOPERA retenu dans le cadre de l\u2019AAP Transfert 2023 d\u2019Amidex.<\/p>\n\n\n\n<p>Le projet AixOPERA rassemble plusieurs UMR &#8211; TELEMMe, PRISM, IRHIM, SAPRAT \u2013, la Maison m\u00e9diterran\u00e9enne des sciences de l\u2019homme (MMSH), l\u2019Institut d\u2019\u00e9tablissement Soci\u00e9t\u00e9s et mutations en M\u00e9diterran\u00e9e (SoMuM), le Festival International d\u2019art lyrique d\u2019Aix-en-Provence (FIAL), la Ville d\u2019Aix-en-Provence, le Mus\u00e9e Granet, le Mus\u00e9e des Tapisseries, les Archives municipales d\u2019Aix-en-Provence, la Cit\u00e9 de la musique (Philharmonie de Paris) et le Centre national du costume de sc\u00e8ne de Moulins.<\/p>\n\n\n\n<p>Le projet AixOPERA a pour ambition d\u2019\u00e9tudier l\u2019histoire des arts de la sc\u00e8ne en s\u2019appuyant sur une institution culturelle majeure : le Festival International d\u2019art lyrique d\u2019Aix-en-Provence (FIAL). Les riches collections du FIAL (d\u00e9cors de grands peintres et plasticiens, costumes de sc\u00e8ne, photographies, archives audiovisuelles de spectacles, maquettes sc\u00e9niques, contrats d\u2019artistes, programmes de spectacles), n\u2019ont encore jamais fait l\u2019objet de travaux transversaux d\u2019ampleur, malgr\u00e9 la place centrale du Festival dans l\u2019histoire locale et internationale. Par une approche interdisciplinaire m\u00ealant histoire culturelle et du spectacle vivant, musicologie, humanit\u00e9s num\u00e9riques et histoire de l\u2019art, AixOPERA contribuera \u00e0 l\u2019\u00e9mergence de nouvelles connaissances en musique, danse, sc\u00e9nographie, esth\u00e9tique, \u00e9conomie du spectacle et histoire de la sc\u00e8ne lyrique. Les produits des travaux scientifiques co-construits avec le FIAL nourriront les activit\u00e9s de m\u00e9diation des savoirs d\u2019AMU comme celles du Festival d\u2019Aix en Provence. Webdocumentaire, base de donn\u00e9es, reconstitutions virtuelles, exposition num\u00e9rique, parcours de m\u00e9diation scientifique &amp; culturelle en r\u00e9alit\u00e9 virtuelle et organisation de manifestations scientifiques.<\/p>\n\n\n\n<p>Dans ce cadre, l\u2019archiviste musicologue devra r\u00e9aliser une mission d\u2019expertise sur les archives sonores et audiovisuelles du Festival, qui restent \u00e0 inventorier, \u00e0 d\u00e9crire et \u00e0 valoriser.<\/p>\n\n\n\n<h2 class=\"wp-block-heading\"><b>Activit\u00e9s<\/b><\/h2>\n\n\n\n<p>Les missions du \/ de l\u2019archiviste\/analyste s\u2019exerceront dans le cadre du Work Package 2 (Capturer et enregistrer le spectacle vivant : de l\u2019audiovisuel \u00e0 la base de donn\u00e9es \/ PRISM), en \u00e9troite collaboration avec le Work Package 6 (Plateforme documentaire \/ TELEMMe) et avec l\u2019ensemble de l\u2019\u00e9quipe du projet. Il\/elle sera recrut\u00e9\u00b7e \u00e0 compter du 1<sup>er<\/sup> novembre 2024 pour une dur\u00e9e d\u2019un an.<\/p>\n\n\n\n<p>Le WP2 port\u00e9 par le laboratoire PRISM se propose d\u2019am\u00e9liorer la visibilit\u00e9 et l\u2019interconnexion des archives sonores et audiovisuelles du Festival d\u2019Art Lyrique d\u2019Aix-en-Provence d\u2019une part en r\u00e9alisant une expertise dont l\u2019enjeu est, \u00e0 plus long terme, la cr\u00e9ation d\u2019un centre de ressources sur les archives du Festival accessible \u00e0 diff\u00e9rents publics et d\u2019autre part la conception de balades sonores (\u00e0 partir des archives du Festival) dans diff\u00e9rents sites li\u00e9s au festival comme le Th\u00e9\u00e2tre de l\u2019Archev\u00each\u00e9 ou les ateliers de Venelles.<\/p>\n\n\n\n<p><b>Profil recherch\u00e9&nbsp;: <\/b>archiviste\/analyste niveau ing\u00e9nieur d\u2019\u00e9tudes, sp\u00e9cialisation en arts du spectacle ou en histoire de l\u2019art, musicologie. Sp\u00e9cialisation dans les outils num\u00e9riques n\u00e9cessaire, ma\u00eetrise des diff\u00e9rents formats audiovisuels existants.<\/p>\n\n\n\n<ul class=\"wp-block-list\">\n<li>Archivistique et techniques documentaires<\/li>\n\n\n\n<li>Musicologie (connaissance de la musique classique et lyrique)<\/li>\n\n\n\n<li>Connaissance de la propri\u00e9t\u00e9 intellectuelle des \u0153uvres culturelles<\/li>\n\n\n\n<li>Connaissance des logiciels de gestion documentaire et archivistique<\/li>\n\n\n\n<li>Connaissance approfondie des formats audio et audiovisuels<\/li>\n<\/ul>\n\n\n\n<h2 class=\"wp-block-heading\"><b>Missions&nbsp;:<\/b><\/h2>\n\n\n\n<ul class=\"wp-block-list\">\n<li>R\u00e9aliser un inventaire et une analyse des fonds audiovisuels du Festival \u00e0 partir des diff\u00e9rents fonds et des diff\u00e9rentes ressources existantes, en partenariat avec les responsables du laboratoire PRISM (livrable 2) dans le but de constituer une base de donn\u00e9es sur les captations AV compatible avec la base de donn\u00e9es g\u00e9n\u00e9rale sur Omeka S<\/li>\n\n\n\n<li>\u00c9tablir les diff\u00e9rents mod\u00e8les de donn\u00e9es n\u00e9cessaires \u00e0 la description scientifiquement pertinente des oeuvres et des personnes, en respectant les usages en vigueur (Joconde, Data-BnF, Opentheso&#8230;) et en pr\u00e9voyant la connexion avec les autres objets num\u00e9riques (affiche, programme, costumes, d\u00e9cors,&#8230;)<\/li>\n\n\n\n<li>Travail en collaboration avec les responsables du traitement des donn\u00e9es et des concepteurs de la plateforme pour r\u00e9pondre au mieux aux crit\u00e8res de recherche des utilisateurs (d\u00e9finition de la granularit\u00e9 de la description musicale, sc\u00e9nographique et audiovisuelle)<\/li>\n\n\n\n<li>Impl\u00e9menter les donn\u00e9es produites \u00e0 partir d\u2019un jeu de donn\u00e9es repr\u00e9sentatif dans la plateforme documentaire con\u00e7ue en collaboration avec Delphine Cavallo et le d\u00e9veloppeur web (livrable 6). Cet import permettra de valider la conception de la base de donn\u00e9es g\u00e9n\u00e9rale et de ses fonctionnalit\u00e9s (interface web)<\/li>\n<\/ul>\n\n\n\n<h3 class=\"wp-block-heading\"><b>D\u00e9tail des missions :<\/b><\/h3>\n\n\n\n<ul class=\"wp-block-list\">\n<li>Inventaire des supports, fichiers et listing disponibles au sein des membres du consortium (Mus\u00e9e des Tapisseries, Festival international d\u2019art lyrique d\u2019Aix-en-Provence)<\/li>\n\n\n\n<li>Pr\u00e9paration de la num\u00e9risation (volum\u00e9trie, description physique, plan de nommage&#8230;)<\/li>\n\n\n\n<li>\u00c9tat des lieux des statuts juridiques et s\u00e9lection d\u2019un jeu de donn\u00e9es disponible \u00e0 la consultation pour \u00e9tablir les priorit\u00e9s de traitement (environ 15 op\u00e9ras, concerts 1991-1994)<\/li>\n\n\n\n<li>Constitution d\u2019un catalogue structur\u00e9&nbsp;: <\/li>\n<\/ul>\n\n\n\n<ol class=\"wp-block-list\">\n<li>Proposer des mod\u00e8les de donn\u00e9es adapt\u00e9s pour chaque concept<\/li>\n\n\n\n<li>Constituer les listes de vocabulaires particuli\u00e8res \u00e0 l\u2019AV et contribuer aux listes g\u00e9n\u00e9rales de la base de donn\u00e9es (lieux, entit\u00e9s diverses, &#8230;). Tenir \u00e0 jour les documents partag\u00e9s pour les notices communes aux autres donn\u00e9es (spectacles, compositeurs, lieux, directeurs musicaux, &#8230;)<\/li>\n\n\n\n<li>S\u00e9lectionner et compiler les notices existantes en ligne <\/li>\n\n\n\n<li>Traitement des m\u00e9tadonn\u00e9es en tableau pour validation musicologique<\/li>\n\n\n\n<li>Mise en ligne des m\u00e9dias sur le serveur avec les m\u00e9tadonn\u00e9es correspondantes (\u00e0 pr\u00e9ciser&nbsp;: Huma-Num\/Nakala\/MMSH), export des identifiants, DOI<\/li>\n\n\n\n<li>Saisie dans Omeka S d\u2019un jeu de donn\u00e9es repr\u00e9sentatif et prioritaire<\/li>\n\n\n\n<li>Gestion des identifiants des items communs en collaboration avec l\u2019autre CDD<\/li>\n<\/ol>\n\n\n\n<ul class=\"wp-block-list\">\n<li>Faire des points d\u2019\u00e9tapes tous les mois pour le suivi du travail et des d\u00e9cisions collectives<\/li>\n<\/ul>\n\n\n\n<h2 class=\"wp-block-heading\"><b>Comp\u00e9tences<\/b><\/h2>\n\n\n\n<ul class=\"wp-block-list\">\n<li>Archivistique\/documentation (connaissance approfondie)&nbsp;<\/li>\n\n\n\n<li>M\u00e9thodes de prospection et d&rsquo;inventaire des sources historiques et culturelles, particuli\u00e8rement audiovisuelle (connaissance approfondie)&nbsp;<\/li>\n\n\n\n<li>Formats audios et audiovisuels (connaissance approfondie)<\/li>\n\n\n\n<li>Connaissance g\u00e9n\u00e9rale du domaine de la musique classique (si possible l\u2019op\u00e9ra)<\/li>\n\n\n\n<li>Cadre l\u00e9gal et d\u00e9ontologique (connaissance approfondie), dont droit de la propri\u00e9t\u00e9 intellectuelle<\/li>\n\n\n\n<li>Techniques audiovisuelles et syst\u00e8mes d&rsquo;information documentaires<\/li>\n<\/ul>\n\n\n\n<ul class=\"wp-block-list\">\n<li>Savoir formaliser les besoins et les contraintes pour l&rsquo;\u00e9laboration des outils de traitement des donn\u00e9es&nbsp;<\/li>\n\n\n\n<li>Utiliser les m\u00e9thodes, outils de r\u00e9f\u00e9rencements et nomenclatures du champ d&rsquo;\u00e9tude (arts du spectacle, musique)<\/li>\n\n\n\n<li>Applications m\u00e9tiers&nbsp;<\/li>\n<\/ul>\n\n\n\n<ul class=\"wp-block-list\">\n<li>Culture du domaine&nbsp;<\/li>\n\n\n\n<li>Utiliser les logiciels sp\u00e9cifiques \u00e0 l&rsquo;activit\u00e9 (bonne ma\u00eetrise des tableurs et plateforme documentaire type Omeka)<\/li>\n\n\n\n<li>Langue anglaise : B2 \u00e0 C1 (cadre europ\u00e9en commun de r\u00e9f\u00e9rence pour les langues)&nbsp;<\/li>\n<\/ul>\n\n\n\n<h2 class=\"wp-block-heading\"><b>Environnement de travail<\/b><\/h2>\n\n\n\n<p>TELEMMe \u2013 Temps, espaces, langages, Europe m\u00e9ridionale, M\u00e9diterran\u00e9e \u2013 est une unit\u00e9 mixte de recherche de l\u2019Universit\u00e9 d\u2019Aix-Marseille et du CNRS, compos\u00e9e d\u2019historiens, d\u2019hispanistes et de g\u00e9ographes. C\u2019est par le nombre de chercheurs et de doctorants le plus important laboratoire de la MMSH.<\/p>\n\n\n\n<p>L\u2019UAR 3125 (MMSH) est un campus de recherche et de formation en sciences humaines et sociales, sp\u00e9cialis\u00e9 sur le monde m\u00e9diterran\u00e9en situ\u00e9 \u00e0 Aix en Provence. La Maison m\u00e9diterran\u00e9enne des sciences de l\u2019homme (MMSH) est une composante d\u2019Aix-Marseille Universit\u00e9. Membre du Groupement d\u2019Int\u00e9r\u00eat Scientifique \u00ab R\u00e9seau National des Maisons des Sciences de l\u2019Homme \u00bb (GIS \u2013 RNMSH), elle regroupe 10 unit\u00e9s mixtes et l\u2019\u00c9cole doctorale 355 \u00ab Espaces, Cultures, Soci\u00e9t\u00e9s \u00bb. Elle appuie les activit\u00e9s scientifiques de ses unit\u00e9s associ\u00e9es par la mise \u00e0 disposition d\u2019\u00e9quipements communs et d\u2019outils mutualis\u00e9s. Aix-Marseille Universit\u00e9 (AMU) dispose de 5 grands campus aux standards internationaux. Sa Fondation universitaire A*Midex, qui porte l\u2019IDEX p\u00e9rennis\u00e9e, contribue au d\u00e9veloppement d\u2019un p\u00f4le interdisciplinaire d\u2019enseignement et de recherche qualifi\u00e9 \u00ab d\u2019universit\u00e9 de recherche intensive \u00bb.<\/p>\n\n\n\n<p>La MMSH accueille depuis 2020 les Instituts d\u2019\u00e9tablissement d\u2019AMU Arkaia (Institut arch\u00e9ologie m\u00e9diterran\u00e9enne) et SOMUM (Institut soci\u00e9t\u00e9s en mutation en M\u00e9diterran\u00e9e) afin d\u2019associer enseignement et recherche de haut niveau, d\u00e9livrant une formation d\u2019excellence.<\/p>\n\n\n\n<p>C\u2019est dans cet environnement de travail et en interaction avec les autres laboratoire et partenaires du projet que l\u2019activit\u00e9 du\/de la d\u00e9veloppeur\/euse web s\u2019exercera. Le programme est constitu\u00e9 de 3 workpackages clairement identifi\u00e9s et dispose d\u2019un budget courant de 77 000\u20ac sur trois ans (hors masse salariale).<\/p>\n\n\n\n<p>L\u2019UMR PRISM est une \u00e9quipe de recherche pluridisciplinaire dans les domaines de la perception et la repr\u00e9sentation de l\u2019image, du son et de la musique. L\u2019alliage entre sciences fondamentales, sciences humaines et cr\u00e9ations artistiques (musique, cin\u00e9ma, arts sonores et plastiques) qui est au c\u0153ur du projet scientifique de PRISM permet d\u2019aborder ces questions en y int\u00e9grant diff\u00e9rentes disciplines balayant les domaines de la physique et du traitement du signal, des sciences de l\u2019art et esth\u00e9tique, et de la m\u00e9decine et des neurosciences.<\/p>\n\n\n\n<h2 class=\"wp-block-heading\"><b>Contraintes et risques<\/b><\/h2>\n\n\n\n<p>Des d\u00e9placements \u00e0 Aix-en-Provence aupr\u00e8s des membres du consortium sont \u00e0 pr\u00e9voir. Manipulation des archives.<\/p>\n\n\n\n<h2 class=\"wp-block-heading\"><b>Informations compl\u00e9mentaires<\/b><\/h2>\n\n\n\n<p>La mission sera r\u00e9alis\u00e9e en \u00e9troite collaboration avec les services du Festival international d\u2019art lyrique d\u2019Aix-en-Provence et ceux des r\u00e9seaux d\u2019archives et mus\u00e9es de la Ville d\u2019Aix-en-Provence&nbsp;: le Mus\u00e9e des Tapisseries (direction des mus\u00e9es d\u2019art et d\u2019histoire) et les Archives municipales (direction de la lecture publique et du patrimoine \u00e9crit).<\/p>\n\n\n\n<p><\/p>\n\n\n\n<p>Pour plus d\u2019informations sur le projet, voir : <a href=\"https:\/\/medias.festival-aix.com\/sites\/default\/files\/uploads\/documents\/Communique%CC%81%20de%20presse_AixOP%C3%89RA.pdf\">https:\/\/medias.festival-aix.c om\/sites\/default\/files\/uploads\/documents\/Communique%CC%81%20de%20presse_AixOP%C3%89RA.pdf<\/a><\/p>\n\n\n\n<div data-wp-interactive=\"core\/file\" class=\"wp-block-file\"><object data-wp-bind--hidden=\"!state.hasPdfPreview\" hidden class=\"wp-block-file__embed\" data=\"https:\/\/telemme.mmsh.fr\/wp-content\/uploads\/2024\/07\/AixOpera_recrutement_ExpertiseArchivesAudiovisuelles_FicheDePoste.pdf\" type=\"application\/pdf\" style=\"width:100%;height:600px\" aria-label=\"Contenu embarqu\u00e9 AixOpera_recrutement_ExpertiseArchivesAudiovisuelles_FicheDePoste.\"><\/object><a id=\"wp-block-file--media-af5c9dd7-0213-4ad7-abb2-bb874b21524f\" href=\"https:\/\/telemme.mmsh.fr\/wp-content\/uploads\/2024\/07\/AixOpera_recrutement_ExpertiseArchivesAudiovisuelles_FicheDePoste.pdf\">AixOpera_recrutement_ExpertiseArchivesAudiovisuelles_FicheDePoste<\/a><a href=\"https:\/\/telemme.mmsh.fr\/wp-content\/uploads\/2024\/07\/AixOpera_recrutement_ExpertiseArchivesAudiovisuelles_FicheDePoste.pdf\" class=\"wp-block-file__button wp-element-button\" download aria-describedby=\"wp-block-file--media-af5c9dd7-0213-4ad7-abb2-bb874b21524f\">T\u00e9l\u00e9charger<\/a><\/div>\n\n\n\n<p>&nbsp;<\/p>\n","protected":false},"excerpt":{"rendered":"<p>L\u2019emploi d\u2019archiviste ou d\u2019une(e) sp\u00e9cialiste de l\u2019analyse de sources historiques musicales et sonores pour 1 an s\u2019inscrit au c\u0153ur du programme interdisciplinaire AixOPERA retenu dans le cadre de l\u2019AAP Transfert 2023 d\u2019Amidex.<\/p>\n","protected":false},"author":6,"featured_media":14467,"comment_status":"closed","ping_status":"closed","sticky":false,"template":"","format":"standard","meta":{"neve_meta_sidebar":"","neve_meta_container":"","neve_meta_enable_content_width":"off","neve_meta_content_width":70,"neve_meta_title_alignment":"","neve_meta_author_avatar":"","neve_post_elements_order":"","neve_meta_disable_header":"","neve_meta_disable_footer":"","neve_meta_disable_title":"","_tribe_events_control_status":"","_tribe_events_control_status_canceled_reason":"","_tribe_events_control_status_postponed_reason":"","_tribe_events_control_online":"","_tribe_events_control_online_url":"","footnotes":""},"categories":[2026],"tags":[2838,2626],"class_list":["post-14474","post","type-post","status-publish","format-standard","has-post-thumbnail","hentry","category-appels-a-candidature","tag-aixopera","tag-festival-daix"],"yoast_head":"<!-- This site is optimized with the Yoast SEO plugin v27.4 - https:\/\/yoast.com\/product\/yoast-seo-wordpress\/ -->\n<title>[Offre d&#039;emploi] Mission expertise archives audiovisuelles du Festival international d\u2019art lyrique d\u2019Aix-en-Provence - TELEMMe - Temps, espaces, langages, Europe m\u00e9ridionale, M\u00e9diterran\u00e9e<\/title>\n<meta name=\"description\" content=\"L\u2019emploi d\u2019archiviste ou d\u2019une(e) sp\u00e9cialiste de l\u2019analyse de sources historiques musicales et sonores pour 1 an s\u2019inscrit au c\u0153ur du programme interdisciplinaire AixOPERA retenu dans le cadre de l\u2019AAP Transfert 2023 d\u2019Amidex.\" \/>\n<meta name=\"robots\" content=\"index, follow, max-snippet:-1, max-image-preview:large, max-video-preview:-1\" \/>\n<link rel=\"canonical\" href=\"https:\/\/telemme.mmsh.fr\/?p=14474\" \/>\n<meta property=\"og:locale\" content=\"fr_FR\" \/>\n<meta property=\"og:type\" content=\"article\" \/>\n<meta property=\"og:title\" content=\"[Offre d&#039;emploi] Mission expertise archives audiovisuelles du Festival international d\u2019art lyrique d\u2019Aix-en-Provence - TELEMMe - Temps, espaces, langages, Europe m\u00e9ridionale, M\u00e9diterran\u00e9e\" \/>\n<meta property=\"og:description\" content=\"L\u2019emploi d\u2019archiviste ou d\u2019une(e) sp\u00e9cialiste de l\u2019analyse de sources historiques musicales et sonores pour 1 an s\u2019inscrit au c\u0153ur du programme interdisciplinaire AixOPERA retenu dans le cadre de l\u2019AAP Transfert 2023 d\u2019Amidex.\" \/>\n<meta property=\"og:url\" content=\"https:\/\/telemme.mmsh.fr\/?p=14474\" \/>\n<meta property=\"og:site_name\" content=\"TELEMMe - Temps, espaces, langages, Europe m\u00e9ridionale, M\u00e9diterran\u00e9e\" \/>\n<meta property=\"article:published_time\" content=\"2024-07-18T15:00:26+00:00\" \/>\n<meta property=\"article:modified_time\" content=\"2024-07-18T15:02:01+00:00\" \/>\n<meta property=\"og:image\" content=\"https:\/\/telemme.mmsh.fr\/wp-content\/uploads\/2024\/07\/AixOPERA_Logo_small.jpg\" \/>\n\t<meta property=\"og:image:width\" content=\"300\" \/>\n\t<meta property=\"og:image:height\" content=\"248\" \/>\n\t<meta property=\"og:image:type\" content=\"image\/jpeg\" \/>\n<meta name=\"author\" content=\"Delphine Cavallo\" \/>\n<meta name=\"twitter:card\" content=\"summary_large_image\" \/>\n<meta name=\"twitter:label1\" content=\"\u00c9crit par\" \/>\n\t<meta name=\"twitter:data1\" content=\"Delphine Cavallo\" \/>\n\t<meta name=\"twitter:label2\" content=\"Dur\u00e9e de lecture estim\u00e9e\" \/>\n\t<meta name=\"twitter:data2\" content=\"9 minutes\" \/>\n<script type=\"application\/ld+json\" class=\"yoast-schema-graph\">{\"@context\":\"https:\\\/\\\/schema.org\",\"@graph\":[{\"@type\":\"Article\",\"@id\":\"https:\\\/\\\/telemme.mmsh.fr\\\/?p=14474#article\",\"isPartOf\":{\"@id\":\"https:\\\/\\\/telemme.mmsh.fr\\\/?p=14474\"},\"author\":{\"name\":\"Delphine Cavallo\",\"@id\":\"https:\\\/\\\/telemme.mmsh.fr\\\/#\\\/schema\\\/person\\\/86a185da4836381586528ced48e263f5\"},\"headline\":\"[Offre d&#8217;emploi] Mission expertise archives audiovisuelles du Festival international d\u2019art lyrique d\u2019Aix-en-Provence\",\"datePublished\":\"2024-07-18T15:00:26+00:00\",\"dateModified\":\"2024-07-18T15:02:01+00:00\",\"mainEntityOfPage\":{\"@id\":\"https:\\\/\\\/telemme.mmsh.fr\\\/?p=14474\"},\"wordCount\":1812,\"publisher\":{\"@id\":\"https:\\\/\\\/telemme.mmsh.fr\\\/#organization\"},\"image\":{\"@id\":\"https:\\\/\\\/telemme.mmsh.fr\\\/?p=14474#primaryimage\"},\"thumbnailUrl\":\"https:\\\/\\\/telemme.mmsh.fr\\\/wp-content\\\/uploads\\\/2024\\\/07\\\/AixOPERA_Logo_small.jpg\",\"keywords\":[\"AixOPERA\",\"Festival d'Aix\"],\"articleSection\":[\"Appels \u00e0 candidature\"],\"inLanguage\":\"fr-FR\"},{\"@type\":\"WebPage\",\"@id\":\"https:\\\/\\\/telemme.mmsh.fr\\\/?p=14474\",\"url\":\"https:\\\/\\\/telemme.mmsh.fr\\\/?p=14474\",\"name\":\"[Offre d'emploi] Mission expertise archives audiovisuelles du Festival international d\u2019art lyrique d\u2019Aix-en-Provence - TELEMMe - Temps, espaces, langages, Europe m\u00e9ridionale, M\u00e9diterran\u00e9e\",\"isPartOf\":{\"@id\":\"https:\\\/\\\/telemme.mmsh.fr\\\/#website\"},\"primaryImageOfPage\":{\"@id\":\"https:\\\/\\\/telemme.mmsh.fr\\\/?p=14474#primaryimage\"},\"image\":{\"@id\":\"https:\\\/\\\/telemme.mmsh.fr\\\/?p=14474#primaryimage\"},\"thumbnailUrl\":\"https:\\\/\\\/telemme.mmsh.fr\\\/wp-content\\\/uploads\\\/2024\\\/07\\\/AixOPERA_Logo_small.jpg\",\"datePublished\":\"2024-07-18T15:00:26+00:00\",\"dateModified\":\"2024-07-18T15:02:01+00:00\",\"description\":\"L\u2019emploi d\u2019archiviste ou d\u2019une(e) sp\u00e9cialiste de l\u2019analyse de sources historiques musicales et sonores pour 1 an s\u2019inscrit au c\u0153ur du programme interdisciplinaire AixOPERA retenu dans le cadre de l\u2019AAP Transfert 2023 d\u2019Amidex.\",\"breadcrumb\":{\"@id\":\"https:\\\/\\\/telemme.mmsh.fr\\\/?p=14474#breadcrumb\"},\"inLanguage\":\"fr-FR\",\"potentialAction\":[{\"@type\":\"ReadAction\",\"target\":[\"https:\\\/\\\/telemme.mmsh.fr\\\/?p=14474\"]}]},{\"@type\":\"ImageObject\",\"inLanguage\":\"fr-FR\",\"@id\":\"https:\\\/\\\/telemme.mmsh.fr\\\/?p=14474#primaryimage\",\"url\":\"https:\\\/\\\/telemme.mmsh.fr\\\/wp-content\\\/uploads\\\/2024\\\/07\\\/AixOPERA_Logo_small.jpg\",\"contentUrl\":\"https:\\\/\\\/telemme.mmsh.fr\\\/wp-content\\\/uploads\\\/2024\\\/07\\\/AixOPERA_Logo_small.jpg\",\"width\":300,\"height\":248,\"caption\":\"Logo d'AixOPERA (version r\u00e9duite)\"},{\"@type\":\"BreadcrumbList\",\"@id\":\"https:\\\/\\\/telemme.mmsh.fr\\\/?p=14474#breadcrumb\",\"itemListElement\":[{\"@type\":\"ListItem\",\"position\":1,\"name\":\"Accueil\",\"item\":\"https:\\\/\\\/telemme.mmsh.fr\\\/\"},{\"@type\":\"ListItem\",\"position\":2,\"name\":\"Actualit\u00e9s\",\"item\":\"https:\\\/\\\/telemme.mmsh.fr\\\/?cat=1995\"},{\"@type\":\"ListItem\",\"position\":3,\"name\":\"Appels \u00e0 candidature\",\"item\":\"https:\\\/\\\/telemme.mmsh.fr\\\/?cat=2026\"},{\"@type\":\"ListItem\",\"position\":4,\"name\":\"[Offre d&#8217;emploi] Mission expertise archives audiovisuelles du Festival international d\u2019art lyrique d\u2019Aix-en-Provence\"}]},{\"@type\":\"WebSite\",\"@id\":\"https:\\\/\\\/telemme.mmsh.fr\\\/#website\",\"url\":\"https:\\\/\\\/telemme.mmsh.fr\\\/\",\"name\":\"TELEMMe - Temps, espaces, langages, Europe m\u00e9ridionale, M\u00e9diterran\u00e9e\",\"description\":\"\",\"publisher\":{\"@id\":\"https:\\\/\\\/telemme.mmsh.fr\\\/#organization\"},\"potentialAction\":[{\"@type\":\"SearchAction\",\"target\":{\"@type\":\"EntryPoint\",\"urlTemplate\":\"https:\\\/\\\/telemme.mmsh.fr\\\/?s={search_term_string}\"},\"query-input\":{\"@type\":\"PropertyValueSpecification\",\"valueRequired\":true,\"valueName\":\"search_term_string\"}}],\"inLanguage\":\"fr-FR\"},{\"@type\":\"Organization\",\"@id\":\"https:\\\/\\\/telemme.mmsh.fr\\\/#organization\",\"name\":\"TELEMMe\",\"url\":\"https:\\\/\\\/telemme.mmsh.fr\\\/\",\"logo\":{\"@type\":\"ImageObject\",\"inLanguage\":\"fr-FR\",\"@id\":\"https:\\\/\\\/telemme.mmsh.fr\\\/#\\\/schema\\\/logo\\\/image\\\/\",\"url\":\"https:\\\/\\\/telemme.mmsh.fr\\\/wp-content\\\/uploads\\\/2020\\\/03\\\/LogoTELEMMe-horizontal-fond-transparent.png\",\"contentUrl\":\"https:\\\/\\\/telemme.mmsh.fr\\\/wp-content\\\/uploads\\\/2020\\\/03\\\/LogoTELEMMe-horizontal-fond-transparent.png\",\"width\":1500,\"height\":437,\"caption\":\"TELEMMe\"},\"image\":{\"@id\":\"https:\\\/\\\/telemme.mmsh.fr\\\/#\\\/schema\\\/logo\\\/image\\\/\"}},{\"@type\":\"Person\",\"@id\":\"https:\\\/\\\/telemme.mmsh.fr\\\/#\\\/schema\\\/person\\\/86a185da4836381586528ced48e263f5\",\"name\":\"Delphine Cavallo\",\"url\":\"https:\\\/\\\/telemme.mmsh.fr\\\/?author=6\"}]}<\/script>\n<!-- \/ Yoast SEO plugin. -->","yoast_head_json":{"title":"[Offre d'emploi] Mission expertise archives audiovisuelles du Festival international d\u2019art lyrique d\u2019Aix-en-Provence - TELEMMe - Temps, espaces, langages, Europe m\u00e9ridionale, M\u00e9diterran\u00e9e","description":"L\u2019emploi d\u2019archiviste ou d\u2019une(e) sp\u00e9cialiste de l\u2019analyse de sources historiques musicales et sonores pour 1 an s\u2019inscrit au c\u0153ur du programme interdisciplinaire AixOPERA retenu dans le cadre de l\u2019AAP Transfert 2023 d\u2019Amidex.","robots":{"index":"index","follow":"follow","max-snippet":"max-snippet:-1","max-image-preview":"max-image-preview:large","max-video-preview":"max-video-preview:-1"},"canonical":"https:\/\/telemme.mmsh.fr\/?p=14474","og_locale":"fr_FR","og_type":"article","og_title":"[Offre d'emploi] Mission expertise archives audiovisuelles du Festival international d\u2019art lyrique d\u2019Aix-en-Provence - TELEMMe - Temps, espaces, langages, Europe m\u00e9ridionale, M\u00e9diterran\u00e9e","og_description":"L\u2019emploi d\u2019archiviste ou d\u2019une(e) sp\u00e9cialiste de l\u2019analyse de sources historiques musicales et sonores pour 1 an s\u2019inscrit au c\u0153ur du programme interdisciplinaire AixOPERA retenu dans le cadre de l\u2019AAP Transfert 2023 d\u2019Amidex.","og_url":"https:\/\/telemme.mmsh.fr\/?p=14474","og_site_name":"TELEMMe - Temps, espaces, langages, Europe m\u00e9ridionale, M\u00e9diterran\u00e9e","article_published_time":"2024-07-18T15:00:26+00:00","article_modified_time":"2024-07-18T15:02:01+00:00","og_image":[{"width":300,"height":248,"url":"https:\/\/telemme.mmsh.fr\/wp-content\/uploads\/2024\/07\/AixOPERA_Logo_small.jpg","type":"image\/jpeg"}],"author":"Delphine Cavallo","twitter_card":"summary_large_image","twitter_misc":{"\u00c9crit par":"Delphine Cavallo","Dur\u00e9e de lecture estim\u00e9e":"9 minutes"},"schema":{"@context":"https:\/\/schema.org","@graph":[{"@type":"Article","@id":"https:\/\/telemme.mmsh.fr\/?p=14474#article","isPartOf":{"@id":"https:\/\/telemme.mmsh.fr\/?p=14474"},"author":{"name":"Delphine Cavallo","@id":"https:\/\/telemme.mmsh.fr\/#\/schema\/person\/86a185da4836381586528ced48e263f5"},"headline":"[Offre d&#8217;emploi] Mission expertise archives audiovisuelles du Festival international d\u2019art lyrique d\u2019Aix-en-Provence","datePublished":"2024-07-18T15:00:26+00:00","dateModified":"2024-07-18T15:02:01+00:00","mainEntityOfPage":{"@id":"https:\/\/telemme.mmsh.fr\/?p=14474"},"wordCount":1812,"publisher":{"@id":"https:\/\/telemme.mmsh.fr\/#organization"},"image":{"@id":"https:\/\/telemme.mmsh.fr\/?p=14474#primaryimage"},"thumbnailUrl":"https:\/\/telemme.mmsh.fr\/wp-content\/uploads\/2024\/07\/AixOPERA_Logo_small.jpg","keywords":["AixOPERA","Festival d'Aix"],"articleSection":["Appels \u00e0 candidature"],"inLanguage":"fr-FR"},{"@type":"WebPage","@id":"https:\/\/telemme.mmsh.fr\/?p=14474","url":"https:\/\/telemme.mmsh.fr\/?p=14474","name":"[Offre d'emploi] Mission expertise archives audiovisuelles du Festival international d\u2019art lyrique d\u2019Aix-en-Provence - TELEMMe - Temps, espaces, langages, Europe m\u00e9ridionale, M\u00e9diterran\u00e9e","isPartOf":{"@id":"https:\/\/telemme.mmsh.fr\/#website"},"primaryImageOfPage":{"@id":"https:\/\/telemme.mmsh.fr\/?p=14474#primaryimage"},"image":{"@id":"https:\/\/telemme.mmsh.fr\/?p=14474#primaryimage"},"thumbnailUrl":"https:\/\/telemme.mmsh.fr\/wp-content\/uploads\/2024\/07\/AixOPERA_Logo_small.jpg","datePublished":"2024-07-18T15:00:26+00:00","dateModified":"2024-07-18T15:02:01+00:00","description":"L\u2019emploi d\u2019archiviste ou d\u2019une(e) sp\u00e9cialiste de l\u2019analyse de sources historiques musicales et sonores pour 1 an s\u2019inscrit au c\u0153ur du programme interdisciplinaire AixOPERA retenu dans le cadre de l\u2019AAP Transfert 2023 d\u2019Amidex.","breadcrumb":{"@id":"https:\/\/telemme.mmsh.fr\/?p=14474#breadcrumb"},"inLanguage":"fr-FR","potentialAction":[{"@type":"ReadAction","target":["https:\/\/telemme.mmsh.fr\/?p=14474"]}]},{"@type":"ImageObject","inLanguage":"fr-FR","@id":"https:\/\/telemme.mmsh.fr\/?p=14474#primaryimage","url":"https:\/\/telemme.mmsh.fr\/wp-content\/uploads\/2024\/07\/AixOPERA_Logo_small.jpg","contentUrl":"https:\/\/telemme.mmsh.fr\/wp-content\/uploads\/2024\/07\/AixOPERA_Logo_small.jpg","width":300,"height":248,"caption":"Logo d'AixOPERA (version r\u00e9duite)"},{"@type":"BreadcrumbList","@id":"https:\/\/telemme.mmsh.fr\/?p=14474#breadcrumb","itemListElement":[{"@type":"ListItem","position":1,"name":"Accueil","item":"https:\/\/telemme.mmsh.fr\/"},{"@type":"ListItem","position":2,"name":"Actualit\u00e9s","item":"https:\/\/telemme.mmsh.fr\/?cat=1995"},{"@type":"ListItem","position":3,"name":"Appels \u00e0 candidature","item":"https:\/\/telemme.mmsh.fr\/?cat=2026"},{"@type":"ListItem","position":4,"name":"[Offre d&#8217;emploi] Mission expertise archives audiovisuelles du Festival international d\u2019art lyrique d\u2019Aix-en-Provence"}]},{"@type":"WebSite","@id":"https:\/\/telemme.mmsh.fr\/#website","url":"https:\/\/telemme.mmsh.fr\/","name":"TELEMMe - Temps, espaces, langages, Europe m\u00e9ridionale, M\u00e9diterran\u00e9e","description":"","publisher":{"@id":"https:\/\/telemme.mmsh.fr\/#organization"},"potentialAction":[{"@type":"SearchAction","target":{"@type":"EntryPoint","urlTemplate":"https:\/\/telemme.mmsh.fr\/?s={search_term_string}"},"query-input":{"@type":"PropertyValueSpecification","valueRequired":true,"valueName":"search_term_string"}}],"inLanguage":"fr-FR"},{"@type":"Organization","@id":"https:\/\/telemme.mmsh.fr\/#organization","name":"TELEMMe","url":"https:\/\/telemme.mmsh.fr\/","logo":{"@type":"ImageObject","inLanguage":"fr-FR","@id":"https:\/\/telemme.mmsh.fr\/#\/schema\/logo\/image\/","url":"https:\/\/telemme.mmsh.fr\/wp-content\/uploads\/2020\/03\/LogoTELEMMe-horizontal-fond-transparent.png","contentUrl":"https:\/\/telemme.mmsh.fr\/wp-content\/uploads\/2020\/03\/LogoTELEMMe-horizontal-fond-transparent.png","width":1500,"height":437,"caption":"TELEMMe"},"image":{"@id":"https:\/\/telemme.mmsh.fr\/#\/schema\/logo\/image\/"}},{"@type":"Person","@id":"https:\/\/telemme.mmsh.fr\/#\/schema\/person\/86a185da4836381586528ced48e263f5","name":"Delphine Cavallo","url":"https:\/\/telemme.mmsh.fr\/?author=6"}]}},"_links":{"self":[{"href":"https:\/\/telemme.mmsh.fr\/index.php?rest_route=\/wp\/v2\/posts\/14474","targetHints":{"allow":["GET"]}}],"collection":[{"href":"https:\/\/telemme.mmsh.fr\/index.php?rest_route=\/wp\/v2\/posts"}],"about":[{"href":"https:\/\/telemme.mmsh.fr\/index.php?rest_route=\/wp\/v2\/types\/post"}],"author":[{"embeddable":true,"href":"https:\/\/telemme.mmsh.fr\/index.php?rest_route=\/wp\/v2\/users\/6"}],"replies":[{"embeddable":true,"href":"https:\/\/telemme.mmsh.fr\/index.php?rest_route=%2Fwp%2Fv2%2Fcomments&post=14474"}],"version-history":[{"count":5,"href":"https:\/\/telemme.mmsh.fr\/index.php?rest_route=\/wp\/v2\/posts\/14474\/revisions"}],"predecessor-version":[{"id":14480,"href":"https:\/\/telemme.mmsh.fr\/index.php?rest_route=\/wp\/v2\/posts\/14474\/revisions\/14480"}],"wp:featuredmedia":[{"embeddable":true,"href":"https:\/\/telemme.mmsh.fr\/index.php?rest_route=\/wp\/v2\/media\/14467"}],"wp:attachment":[{"href":"https:\/\/telemme.mmsh.fr\/index.php?rest_route=%2Fwp%2Fv2%2Fmedia&parent=14474"}],"wp:term":[{"taxonomy":"category","embeddable":true,"href":"https:\/\/telemme.mmsh.fr\/index.php?rest_route=%2Fwp%2Fv2%2Fcategories&post=14474"},{"taxonomy":"post_tag","embeddable":true,"href":"https:\/\/telemme.mmsh.fr\/index.php?rest_route=%2Fwp%2Fv2%2Ftags&post=14474"}],"curies":[{"name":"wp","href":"https:\/\/api.w.org\/{rel}","templated":true}]}}