{"id":14461,"date":"2024-07-16T17:13:35","date_gmt":"2024-07-16T15:13:35","guid":{"rendered":"https:\/\/telemme.mmsh.fr\/?p=14461"},"modified":"2024-07-18T16:10:57","modified_gmt":"2024-07-18T14:10:57","slug":"offre-demploi-mission-expertise-inventaire-des-collections-du-festival-international-dart-lyrique-daix-en-provence","status":"publish","type":"post","link":"https:\/\/telemme.mmsh.fr\/?p=14461","title":{"rendered":"[Offre d&#8217;emploi] Mission expertise Inventaire des collections du Festival international d\u2019art lyrique d\u2019Aix-en-Provence"},"content":{"rendered":"\n<p><strong>Mission expertise Inventaire des collections du Festival international d\u2019art lyrique d\u2019Aix-en-Provence<br><\/strong><strong>Ing\u00e9nieur\u00b7e d\u2019\u00e9tudes, charg\u00e9\u00b7e de collections mus\u00e9ales<\/strong><\/p>\n\n\n\n<h2 class=\"wp-block-heading\">Informations g\u00e9n\u00e9rales<\/h2>\n\n\n\n<ul class=\"wp-block-list\">\n<li><strong>R\u00e9f\u00e9rence<\/strong> : UMR TELEMMe 7303<\/li>\n\n\n\n<li><strong>Lieu de travail <\/strong>:&nbsp;AIX-EN-PROVENCE (TELEMMe, MMSH) et ext\u00e9rieurs<\/li>\n\n\n\n<li><strong>Type de contrat<\/strong> :&nbsp;CDD<\/li>\n\n\n\n<li><strong>Dur\u00e9e du contrat<\/strong> : 12 mois<\/li>\n\n\n\n<li><strong>Date d\u2019embauche pr\u00e9vue <\/strong>: 01\/11\/2024<\/li>\n\n\n\n<li><strong>Quotit\u00e9 de travail <\/strong>:&nbsp;Temps plein<\/li>\n\n\n\n<li><strong>R\u00e9mun\u00e9ration<\/strong> :&nbsp;Entre 1609,00 et 1911,00 euros net en fonction de l\u2019exp\u00e9rience<\/li>\n\n\n\n<li><strong>Niveau d\u2019\u00e9tudes souhait\u00e9<\/strong> :&nbsp;Licence pro archive ou patrimoine et mus\u00e9ologie (minimum, master accept\u00e9)<\/li>\n\n\n\n<li><strong>Exp\u00e9rience souhait\u00e9e<\/strong> :&nbsp;&nbsp;Exp\u00e9rience souhait\u00e9e sur au moins un chantier des collections de nature similaire, d\u2019une dur\u00e9e comprise entre 6 mois et 1 an<\/li>\n<\/ul>\n\n\n\n<h2 class=\"wp-block-heading\"><strong>Modalit\u00e9s de candidature<\/strong><\/h2>\n\n\n\n<p>Envoyer un <strong>CV synth\u00e9tique <\/strong>et&nbsp;une <strong>lettre de motivation<\/strong> aux trois adresses suivantes :<\/p>\n\n\n\n<ul class=\"wp-block-list\">\n<li>Aziza Gril-Mariotte : aziza.gril-mariotte [at]univ-amu.fr<\/li>\n\n\n\n<li>Pierre Pinchon : pierre.pinchon [at]univ-amu.fr<\/li>\n\n\n\n<li>Delphine Cavallo : delphine.cavallo [at]univ-amu.fr<\/li>\n<\/ul>\n\n\n\n<p><strong>Date limite de candidature<\/strong> : 09\/09\/2024<\/p>\n\n\n\n<p><strong>Auditions <\/strong>la semaine du 16\/09\/2024<\/p>\n\n\n\n<h2 class=\"wp-block-heading\"><strong>Contexte<\/strong><\/h2>\n\n\n\n<p>L\u2019emploi de charg\u00e9-e de collections mus\u00e9ales pour 1 an s\u2019inscrit au c\u0153ur du programme interdisciplinaire AixOPERA retenu dans le cadre de l\u2019AAP Transfert 2023 d\u2019Amidex.<\/p>\n\n\n\n<p>Le projet AixOPERA rassemble plusieurs UMR &#8211; TELEMMe, PRISM, IRHIM, SAPRAT \u2013, la Maison m\u00e9diterran\u00e9enne des sciences de l\u2019homme (MMSH), l\u2019Institut d\u2019\u00e9tablissement Soci\u00e9t\u00e9s et mutations en M\u00e9diterran\u00e9e (SoMuM), le Festival International d\u2019art lyrique d\u2019Aix-en-Provence (FIAL), la Ville d\u2019Aix-en-Provence (Mus\u00e9e Granet, le Mus\u00e9e des Tapisseries\/Direction des Mus\u00e9es d\u2019Art et d\u2019histoire, les Archives municipales d\u2019Aix-en-Provence) la Cit\u00e9 de la musique (Philharmonie de Paris) et le Centre national du costume de sc\u00e8ne de Moulins.<\/p>\n\n\n\n<p>Le projet AixOPERA a pour ambition d\u2019\u00e9tudier l\u2019histoire des arts de la sc\u00e8ne en s\u2019appuyant sur une manifestation culturelle majeure : le Festival International d\u2019art lyrique d\u2019Aix-en-Provence. Les riches collections du Festival, dont les archives sont aujourd\u2019hui organis\u00e9es en deux corpus distincts&nbsp;: l\u2019un appartenant \u00e0 la Ville d\u2019Aix-en-Provence, h\u00e9riti\u00e8re des structures de production de 1948 \u00e0 1996, et l\u2019autre \u00e0 l\u2019actuelle structure organisatrice (1997 \u00e0 nos jours). Aujourd\u2019hui, elles constituent le Fonds du Festival international d\u2019art lyrique d\u2019Aix-en-Provence. Elles sont compos\u00e9es de d\u00e9cors de grands peintres et plasticiens, costumes de sc\u00e8ne, photographies, archives audiovisuelles de spectacles, maquettes sc\u00e9niques, contrats d\u2019artistes, programmes de spectacles, elles n\u2019ont encore jamais fait l\u2019objet de travaux transversaux d\u2019ampleur, malgr\u00e9 la place centrale du Festival dans l\u2019histoire locale et internationale.<\/p>\n\n\n\n<p>Par une approche interdisciplinaire m\u00ealant histoire culturelle et du spectacle vivant, musicologie, humanit\u00e9s num\u00e9riques et histoire de l\u2019art, AixOPERA contribuera \u00e0 l\u2019\u00e9mergence de nouvelles connaissances en musique, danse, sc\u00e9nographie, esth\u00e9tique, \u00e9conomie du spectacle et histoire de la sc\u00e8ne lyrique. Les produits des travaux scientifiques nourriront les activit\u00e9s de m\u00e9diation des savoirs d\u2019AMU comme celles du Festival et de la Ville d\u2019Aix. Webdocumentaire, base de donn\u00e9es, reconstitutions virtuelles, exposition num\u00e9rique, parcours de m\u00e9diation scientifique &amp; culturelle en r\u00e9alit\u00e9 virtuelle et organisation de manifestations scientifiques.<\/p>\n\n\n\n<p>Dans ce cadre, la ou le charg\u00e9-e de collections mus\u00e9ales devra r\u00e9aliser un \u00e9tat des lieux des inventaires pour proposer une s\u00e9lection d\u2019\u0153uvres pertinentes \u00e0 partir des collections de d\u00e9cors et de mat\u00e9riel de la sc\u00e8ne issus de la tenue du Festival d\u2019Aix depuis sa cr\u00e9ation (livrable 1), sous la supervision de Pierre Pinchon, en lien avec la Direction des Mus\u00e9es d\u2019Art et d\u2019histoire de la Ville d\u2019Aix et la direction de l\u2019Association pour le Festival international d\u2019art lyrique d\u2019Aix-en-Provence.<\/p>\n\n\n\n<h2 class=\"wp-block-heading\"><strong>Activit\u00e9s<\/strong><\/h2>\n\n\n\n<p>Les missions du \/ de la charg\u00e9\u00b7e de collections mus\u00e9ales s\u2019exerceront dans le cadre d\u2019un des groupes de travail du projet AixOPERA (Workpackage 1&nbsp;: Nouvelles approches de la documentation de la sc\u00e8ne lyrique&nbsp;: le patrimoine et la mus\u00e9ographie \u00e0 l\u2019\u00e8re du num\u00e9rique \/ TELEMMe), en \u00e9troite collaboration avec le Workpackage 6 (Plateforme documentaire \/ TELEMMe) et avec l\u2019ensemble de l\u2019\u00e9quipe du projet. Il\/elle sera recrut\u00e9\u00b7e \u00e0 compter du 1<sup>er<\/sup> novembre 2024 pour une dur\u00e9e d\u2019un an.<\/p>\n\n\n\n<p>Le WP1 port\u00e9 par le laboratoire TELEMMe qui pilote le programme a pour objectif de participer \u00e0 la valorisation des archives et du patrimoine mat\u00e9riel du festival international d\u2019art lyrique. Une premi\u00e8re \u00e9tape consiste \u00e0 \u00e9tablir un \u00e9tat des lieux des diff\u00e9rents fonds conserv\u00e9s par le Mus\u00e9e des Tapisseries, le mus\u00e9e Granet et l\u2019Association pour le Festival international d\u2019art lyrique d\u2019Aix-en-Provence dans la perspective de cr\u00e9er \u00e0 terme un portail de ressources sur l\u2019op\u00e9ra, l\u2019art lyrique et les arts de la sc\u00e8ne. La r\u00e9alisation de cette s\u00e9lection a pour but d\u2019\u00e9tudier les tr\u00e9sors du festival en s\u00e9lectionnant parmi les diff\u00e9rents fonds identifi\u00e9s \u2013 photographies, \u00e9l\u00e9ments de d\u00e9cors, \u00e9l\u00e9ments de costumes, maquettes de costumes et d\u00e9cors \u2013 des objets embl\u00e9matiques pour les \u00e9tudier et les publier sur une plateforme documentaire.<\/p>\n\n\n\n<p><strong>Profil recherch\u00e9&nbsp;: <\/strong>niveau ing\u00e9nieur d\u2019\u00e9tudes, Licence pro archive ou patrimoine et mus\u00e9ologie minimum, master souhait\u00e9, sp\u00e9cialisation en arts du spectacle ou en histoire de l\u2019art. Une culture dans le domaine du spectacle vivant est n\u00e9cessaire, ainsi qu\u2019une sensibilisation aux questions de propri\u00e9t\u00e9 intellectuelle. Connaissances des outils num\u00e9riques de bases de donn\u00e9es attendues.<\/p>\n\n\n\n<h2 class=\"wp-block-heading\"><strong>Missions&nbsp;:<\/strong><\/h2>\n\n\n\n<p>Sa mission consistera \u00e0&nbsp;:<\/p>\n\n\n\n<ul class=\"wp-block-list\">\n<li>R\u00e9aliser un \u00e9tat des lieux des collections<\/li>\n\n\n\n<li>Proposer une s\u00e9lection de pi\u00e8ces \u00e0 l\u2019\u00e9tude documentaire en lien avec l\u2019\u00e9quipe de recherche<\/li>\n\n\n\n<li>\u00c9tablir un protocole de saisie de fiche documentaire pour accompagner chaque objet<\/li>\n\n\n\n<li>\u00c9tablir une recherche sur les droits de propri\u00e9t\u00e9 intellectuelle aff\u00e9rant \u00e0 chaque objet<\/li>\n\n\n\n<li>Participer aux recherches documentaires sur les diff\u00e9rents objets de la s\u00e9lection<\/li>\n\n\n\n<li>Participer aux r\u00e9flexions sur la structuration des donn\u00e9es pour la base de donn\u00e9es avec les diff\u00e9rent\u00b7es chercheur\u00b7euses et expert\u00b7es du projet (sp\u00e9cificit\u00e9 des objets d\u00e9crits, harmonisation avec les centres de ressources nationaux de r\u00e9f\u00e9rence)<\/li>\n<\/ul>\n\n\n\n<h2 class=\"wp-block-heading\"><strong>Comp\u00e9tences<\/strong><\/h2>\n\n\n\n<ul class=\"wp-block-list\">\n<li>Mus\u00e9ologie<\/li>\n\n\n\n<li>M\u00e9thodes de prospection et d&rsquo;inventaire des sources historiques et culturelles, particuli\u00e8rement d\u2019arts de spectacle (connaissance approfondie)<\/li>\n\n\n\n<li>Connaissance g\u00e9n\u00e9rale du domaine de l\u2019op\u00e9ra<\/li>\n\n\n\n<li>Cadre l\u00e9gal et d\u00e9ontologique (connaissance approfondie), dont droit de la propri\u00e9t\u00e9 intellectuelle<\/li>\n\n\n\n<li>Techniques et syst\u00e8mes d&rsquo;information documentaires<\/li>\n\n\n\n<li>Syst\u00e8mes de bases de donn\u00e9es mus\u00e9ologiques (connaissance approfondie)<\/li>\n\n\n\n<li>Connaissances des logiciels sp\u00e9cifiques \u00e0 la gestion de collections (Omeka&nbsp;; WebMuseo)<\/li>\n\n\n\n<li>Savoir formaliser les besoins et les contraintes pour l&rsquo;\u00e9laboration des outils de traitement des donn\u00e9es<\/li>\n\n\n\n<li>Utiliser les m\u00e9thodes, outils de r\u00e9f\u00e9rencements et nomenclatures du champ d&rsquo;\u00e9tude (op\u00e9ra)<\/li>\n\n\n\n<li>Langue anglaise : B2 \u00e0 C1 (cadre europ\u00e9en commun de r\u00e9f\u00e9rence pour les langues)<\/li>\n<\/ul>\n\n\n\n<h2 class=\"wp-block-heading\"><strong>Environnement de travail<\/strong><\/h2>\n\n\n\n<p>Le\u00b7a charg\u00e9\u00b7e de collections mus\u00e9ales est recrut\u00e9 par TELEMMe \u2013 Temps, espaces, langages, Europe m\u00e9ridionale, M\u00e9diterran\u00e9e -, qui lui fournit son poste de travail.<\/p>\n\n\n\n<p>TELEMMe est une unit\u00e9 mixte de recherche de l\u2019Universit\u00e9 d\u2019Aix-Marseille et du CNRS, compos\u00e9e d\u2019historiens, d\u2019hispanistes et de g\u00e9ographes. C\u2019est par le nombre de chercheurs et de doctorants le plus important laboratoire de la MMSH.<\/p>\n\n\n\n<p>Le\u00b7a charg\u00e9\u00b7e de collections mus\u00e9ales exercera son activit\u00e9 en \u00e9troite collaboration avec les services de la Ville d&rsquo;Aix-en-Provence et en particulier le Mus\u00e9e des Tapisseries, gestionnaire du fonds Festival International d&rsquo;art lyrique au sein de la Direction des Mus\u00e9es d&rsquo;art et d&rsquo;histoire, et de l\u2019Association pour le Festival International d&rsquo;art lyrique.<\/p>\n\n\n\n<p>Dans ce contexte, le\u00b7a charg\u00e9\u00b7e de collections mus\u00e9ales sera amen\u00e9 \u00e0 se d\u00e9placer dans les diff\u00e9rents sites de conservation des fonds, sous la responsabilit\u00e9 de leurs gestionnaires respectifs.<\/p>\n\n\n\n<h2 class=\"wp-block-heading\"><strong>Contraintes et risques<\/strong><\/h2>\n\n\n\n<p>Poste bas\u00e9 \u00e0 Aix-en-Provence, avec plusieurs d\u00e9placements \u00e0 pr\u00e9voir (chantier des collections n\u00e9cessitant de se rendre dans les r\u00e9serves et entrep\u00f4ts des diff\u00e9rentes structures participant au projet).<\/p>\n\n\n\n<p>Certains lieux de travail sont situ\u00e9s au 1er \u00e9tage d\u2019un b\u00e2timent d\u00e9pourvu d\u2019ascenseur.<br>Il s\u2019agit d\u2019un poste de travail avec station debout partielle (pour la partie chantier des collections).<\/p>\n\n\n\n<p><\/p>\n\n\n\n<p>Pour plus d\u2019informations sur le projet, voir : <a href=\"https:\/\/medias.festival-aix.com\/sites\/default\/files\/uploads\/documents\/Communique%CC%81%20de%20presse_AixOP%C3%89RA.pdf\">https:\/\/medias.festival-aix.c om\/sites\/default\/files\/uploads\/documents\/Communique%CC%81%20de%20presse_AixOP%C3%89RA.pdf<\/a><\/p>\n\n\n\n<div data-wp-interactive=\"core\/file\" class=\"wp-block-file\"><object data-wp-bind--hidden=\"!state.hasPdfPreview\" hidden class=\"wp-block-file__embed\" data=\"https:\/\/telemme.mmsh.fr\/wp-content\/uploads\/2024\/07\/2024.07.05.AixOpera_recrutement-mission-expertise-collections_WP1.pdf\" type=\"application\/pdf\" style=\"width:100%;height:600px\" aria-label=\"Contenu embarqu\u00e9 2024.07.05.AixOpera_recrutement-mission-expertise-collections_WP1.\"><\/object><a id=\"wp-block-file--media-97b9cc77-0298-478f-9bab-e76ec547df95\" href=\"https:\/\/telemme.mmsh.fr\/wp-content\/uploads\/2024\/07\/2024.07.05.AixOpera_recrutement-mission-expertise-collections_WP1.pdf\">2024.07.05.AixOpera_recrutement-mission-expertise-collections_WP1<\/a><a href=\"https:\/\/telemme.mmsh.fr\/wp-content\/uploads\/2024\/07\/2024.07.05.AixOpera_recrutement-mission-expertise-collections_WP1.pdf\" class=\"wp-block-file__button wp-element-button\" download aria-describedby=\"wp-block-file--media-97b9cc77-0298-478f-9bab-e76ec547df95\">T\u00e9l\u00e9charger<\/a><\/div>\n","protected":false},"excerpt":{"rendered":"<p>L\u2019emploi de charg\u00e9-e de collections mus\u00e9ales pour 1 an s\u2019inscrit au c\u0153ur du programme interdisciplinaire AixOPERA retenu dans le cadre de l\u2019AAP Transfert 2023 d\u2019Amidex.<\/p>\n","protected":false},"author":6,"featured_media":14467,"comment_status":"closed","ping_status":"closed","sticky":false,"template":"","format":"standard","meta":{"neve_meta_sidebar":"","neve_meta_container":"","neve_meta_enable_content_width":"off","neve_meta_content_width":70,"neve_meta_title_alignment":"","neve_meta_author_avatar":"","neve_post_elements_order":"","neve_meta_disable_header":"","neve_meta_disable_footer":"","neve_meta_disable_title":"","_tribe_events_control_status":"","_tribe_events_control_status_canceled_reason":"","_tribe_events_control_status_postponed_reason":"","_tribe_events_control_online":"","_tribe_events_control_online_url":"","footnotes":""},"categories":[2026],"tags":[2838,2626],"class_list":["post-14461","post","type-post","status-publish","format-standard","has-post-thumbnail","hentry","category-appels-a-candidature","tag-aixopera","tag-festival-daix"],"yoast_head":"<!-- This site is optimized with the Yoast SEO plugin v27.4 - https:\/\/yoast.com\/product\/yoast-seo-wordpress\/ -->\n<title>[Offre d&#039;emploi] Mission expertise Inventaire des collections du Festival international d\u2019art lyrique d\u2019Aix-en-Provence - TELEMMe - Temps, espaces, langages, Europe m\u00e9ridionale, M\u00e9diterran\u00e9e<\/title>\n<meta name=\"description\" content=\"L\u2019emploi de charg\u00e9-e de collections mus\u00e9ales pour 1 an s\u2019inscrit au c\u0153ur du programme interdisciplinaire AixOPERA retenu dans le cadre de l\u2019AAP Transfert 2023 d\u2019Amidex.\" \/>\n<meta name=\"robots\" content=\"index, follow, max-snippet:-1, max-image-preview:large, max-video-preview:-1\" \/>\n<link rel=\"canonical\" href=\"https:\/\/telemme.mmsh.fr\/?p=14461\" \/>\n<meta property=\"og:locale\" content=\"fr_FR\" \/>\n<meta property=\"og:type\" content=\"article\" \/>\n<meta property=\"og:title\" content=\"[Offre d&#039;emploi] Mission expertise Inventaire des collections du Festival international d\u2019art lyrique d\u2019Aix-en-Provence - TELEMMe - Temps, espaces, langages, Europe m\u00e9ridionale, M\u00e9diterran\u00e9e\" \/>\n<meta property=\"og:description\" content=\"L\u2019emploi de charg\u00e9-e de collections mus\u00e9ales pour 1 an s\u2019inscrit au c\u0153ur du programme interdisciplinaire AixOPERA retenu dans le cadre de l\u2019AAP Transfert 2023 d\u2019Amidex.\" \/>\n<meta property=\"og:url\" content=\"https:\/\/telemme.mmsh.fr\/?p=14461\" \/>\n<meta property=\"og:site_name\" content=\"TELEMMe - Temps, espaces, langages, Europe m\u00e9ridionale, M\u00e9diterran\u00e9e\" \/>\n<meta property=\"article:published_time\" content=\"2024-07-16T15:13:35+00:00\" \/>\n<meta property=\"article:modified_time\" content=\"2024-07-18T14:10:57+00:00\" \/>\n<meta property=\"og:image\" content=\"https:\/\/telemme.mmsh.fr\/wp-content\/uploads\/2024\/07\/AixOPERA_Logo_small.jpg\" \/>\n\t<meta property=\"og:image:width\" content=\"300\" \/>\n\t<meta property=\"og:image:height\" content=\"248\" \/>\n\t<meta property=\"og:image:type\" content=\"image\/jpeg\" \/>\n<meta name=\"author\" content=\"Delphine Cavallo\" \/>\n<meta name=\"twitter:card\" content=\"summary_large_image\" \/>\n<meta name=\"twitter:label1\" content=\"\u00c9crit par\" \/>\n\t<meta name=\"twitter:data1\" content=\"Delphine Cavallo\" \/>\n\t<meta name=\"twitter:label2\" content=\"Dur\u00e9e de lecture estim\u00e9e\" \/>\n\t<meta name=\"twitter:data2\" content=\"7 minutes\" \/>\n<script type=\"application\/ld+json\" class=\"yoast-schema-graph\">{\"@context\":\"https:\\\/\\\/schema.org\",\"@graph\":[{\"@type\":\"Article\",\"@id\":\"https:\\\/\\\/telemme.mmsh.fr\\\/?p=14461#article\",\"isPartOf\":{\"@id\":\"https:\\\/\\\/telemme.mmsh.fr\\\/?p=14461\"},\"author\":{\"name\":\"Delphine Cavallo\",\"@id\":\"https:\\\/\\\/telemme.mmsh.fr\\\/#\\\/schema\\\/person\\\/86a185da4836381586528ced48e263f5\"},\"headline\":\"[Offre d&#8217;emploi] Mission expertise Inventaire des collections du Festival international d\u2019art lyrique d\u2019Aix-en-Provence\",\"datePublished\":\"2024-07-16T15:13:35+00:00\",\"dateModified\":\"2024-07-18T14:10:57+00:00\",\"mainEntityOfPage\":{\"@id\":\"https:\\\/\\\/telemme.mmsh.fr\\\/?p=14461\"},\"wordCount\":1457,\"publisher\":{\"@id\":\"https:\\\/\\\/telemme.mmsh.fr\\\/#organization\"},\"image\":{\"@id\":\"https:\\\/\\\/telemme.mmsh.fr\\\/?p=14461#primaryimage\"},\"thumbnailUrl\":\"https:\\\/\\\/telemme.mmsh.fr\\\/wp-content\\\/uploads\\\/2024\\\/07\\\/AixOPERA_Logo_small.jpg\",\"keywords\":[\"AixOPERA\",\"Festival d'Aix\"],\"articleSection\":[\"Appels \u00e0 candidature\"],\"inLanguage\":\"fr-FR\"},{\"@type\":\"WebPage\",\"@id\":\"https:\\\/\\\/telemme.mmsh.fr\\\/?p=14461\",\"url\":\"https:\\\/\\\/telemme.mmsh.fr\\\/?p=14461\",\"name\":\"[Offre d'emploi] Mission expertise Inventaire des collections du Festival international d\u2019art lyrique d\u2019Aix-en-Provence - TELEMMe - Temps, espaces, langages, Europe m\u00e9ridionale, M\u00e9diterran\u00e9e\",\"isPartOf\":{\"@id\":\"https:\\\/\\\/telemme.mmsh.fr\\\/#website\"},\"primaryImageOfPage\":{\"@id\":\"https:\\\/\\\/telemme.mmsh.fr\\\/?p=14461#primaryimage\"},\"image\":{\"@id\":\"https:\\\/\\\/telemme.mmsh.fr\\\/?p=14461#primaryimage\"},\"thumbnailUrl\":\"https:\\\/\\\/telemme.mmsh.fr\\\/wp-content\\\/uploads\\\/2024\\\/07\\\/AixOPERA_Logo_small.jpg\",\"datePublished\":\"2024-07-16T15:13:35+00:00\",\"dateModified\":\"2024-07-18T14:10:57+00:00\",\"description\":\"L\u2019emploi de charg\u00e9-e de collections mus\u00e9ales pour 1 an s\u2019inscrit au c\u0153ur du programme interdisciplinaire AixOPERA retenu dans le cadre de l\u2019AAP Transfert 2023 d\u2019Amidex.\",\"breadcrumb\":{\"@id\":\"https:\\\/\\\/telemme.mmsh.fr\\\/?p=14461#breadcrumb\"},\"inLanguage\":\"fr-FR\",\"potentialAction\":[{\"@type\":\"ReadAction\",\"target\":[\"https:\\\/\\\/telemme.mmsh.fr\\\/?p=14461\"]}]},{\"@type\":\"ImageObject\",\"inLanguage\":\"fr-FR\",\"@id\":\"https:\\\/\\\/telemme.mmsh.fr\\\/?p=14461#primaryimage\",\"url\":\"https:\\\/\\\/telemme.mmsh.fr\\\/wp-content\\\/uploads\\\/2024\\\/07\\\/AixOPERA_Logo_small.jpg\",\"contentUrl\":\"https:\\\/\\\/telemme.mmsh.fr\\\/wp-content\\\/uploads\\\/2024\\\/07\\\/AixOPERA_Logo_small.jpg\",\"width\":300,\"height\":248,\"caption\":\"Logo d'AixOPERA (version r\u00e9duite)\"},{\"@type\":\"BreadcrumbList\",\"@id\":\"https:\\\/\\\/telemme.mmsh.fr\\\/?p=14461#breadcrumb\",\"itemListElement\":[{\"@type\":\"ListItem\",\"position\":1,\"name\":\"Accueil\",\"item\":\"https:\\\/\\\/telemme.mmsh.fr\\\/\"},{\"@type\":\"ListItem\",\"position\":2,\"name\":\"Actualit\u00e9s\",\"item\":\"https:\\\/\\\/telemme.mmsh.fr\\\/?cat=1995\"},{\"@type\":\"ListItem\",\"position\":3,\"name\":\"Appels \u00e0 candidature\",\"item\":\"https:\\\/\\\/telemme.mmsh.fr\\\/?cat=2026\"},{\"@type\":\"ListItem\",\"position\":4,\"name\":\"[Offre d&#8217;emploi] Mission expertise Inventaire des collections du Festival international d\u2019art lyrique d\u2019Aix-en-Provence\"}]},{\"@type\":\"WebSite\",\"@id\":\"https:\\\/\\\/telemme.mmsh.fr\\\/#website\",\"url\":\"https:\\\/\\\/telemme.mmsh.fr\\\/\",\"name\":\"TELEMMe - Temps, espaces, langages, Europe m\u00e9ridionale, M\u00e9diterran\u00e9e\",\"description\":\"\",\"publisher\":{\"@id\":\"https:\\\/\\\/telemme.mmsh.fr\\\/#organization\"},\"potentialAction\":[{\"@type\":\"SearchAction\",\"target\":{\"@type\":\"EntryPoint\",\"urlTemplate\":\"https:\\\/\\\/telemme.mmsh.fr\\\/?s={search_term_string}\"},\"query-input\":{\"@type\":\"PropertyValueSpecification\",\"valueRequired\":true,\"valueName\":\"search_term_string\"}}],\"inLanguage\":\"fr-FR\"},{\"@type\":\"Organization\",\"@id\":\"https:\\\/\\\/telemme.mmsh.fr\\\/#organization\",\"name\":\"TELEMMe\",\"url\":\"https:\\\/\\\/telemme.mmsh.fr\\\/\",\"logo\":{\"@type\":\"ImageObject\",\"inLanguage\":\"fr-FR\",\"@id\":\"https:\\\/\\\/telemme.mmsh.fr\\\/#\\\/schema\\\/logo\\\/image\\\/\",\"url\":\"https:\\\/\\\/telemme.mmsh.fr\\\/wp-content\\\/uploads\\\/2020\\\/03\\\/LogoTELEMMe-horizontal-fond-transparent.png\",\"contentUrl\":\"https:\\\/\\\/telemme.mmsh.fr\\\/wp-content\\\/uploads\\\/2020\\\/03\\\/LogoTELEMMe-horizontal-fond-transparent.png\",\"width\":1500,\"height\":437,\"caption\":\"TELEMMe\"},\"image\":{\"@id\":\"https:\\\/\\\/telemme.mmsh.fr\\\/#\\\/schema\\\/logo\\\/image\\\/\"}},{\"@type\":\"Person\",\"@id\":\"https:\\\/\\\/telemme.mmsh.fr\\\/#\\\/schema\\\/person\\\/86a185da4836381586528ced48e263f5\",\"name\":\"Delphine Cavallo\",\"url\":\"https:\\\/\\\/telemme.mmsh.fr\\\/?author=6\"}]}<\/script>\n<!-- \/ Yoast SEO plugin. -->","yoast_head_json":{"title":"[Offre d'emploi] Mission expertise Inventaire des collections du Festival international d\u2019art lyrique d\u2019Aix-en-Provence - TELEMMe - Temps, espaces, langages, Europe m\u00e9ridionale, M\u00e9diterran\u00e9e","description":"L\u2019emploi de charg\u00e9-e de collections mus\u00e9ales pour 1 an s\u2019inscrit au c\u0153ur du programme interdisciplinaire AixOPERA retenu dans le cadre de l\u2019AAP Transfert 2023 d\u2019Amidex.","robots":{"index":"index","follow":"follow","max-snippet":"max-snippet:-1","max-image-preview":"max-image-preview:large","max-video-preview":"max-video-preview:-1"},"canonical":"https:\/\/telemme.mmsh.fr\/?p=14461","og_locale":"fr_FR","og_type":"article","og_title":"[Offre d'emploi] Mission expertise Inventaire des collections du Festival international d\u2019art lyrique d\u2019Aix-en-Provence - TELEMMe - Temps, espaces, langages, Europe m\u00e9ridionale, M\u00e9diterran\u00e9e","og_description":"L\u2019emploi de charg\u00e9-e de collections mus\u00e9ales pour 1 an s\u2019inscrit au c\u0153ur du programme interdisciplinaire AixOPERA retenu dans le cadre de l\u2019AAP Transfert 2023 d\u2019Amidex.","og_url":"https:\/\/telemme.mmsh.fr\/?p=14461","og_site_name":"TELEMMe - Temps, espaces, langages, Europe m\u00e9ridionale, M\u00e9diterran\u00e9e","article_published_time":"2024-07-16T15:13:35+00:00","article_modified_time":"2024-07-18T14:10:57+00:00","og_image":[{"width":300,"height":248,"url":"https:\/\/telemme.mmsh.fr\/wp-content\/uploads\/2024\/07\/AixOPERA_Logo_small.jpg","type":"image\/jpeg"}],"author":"Delphine Cavallo","twitter_card":"summary_large_image","twitter_misc":{"\u00c9crit par":"Delphine Cavallo","Dur\u00e9e de lecture estim\u00e9e":"7 minutes"},"schema":{"@context":"https:\/\/schema.org","@graph":[{"@type":"Article","@id":"https:\/\/telemme.mmsh.fr\/?p=14461#article","isPartOf":{"@id":"https:\/\/telemme.mmsh.fr\/?p=14461"},"author":{"name":"Delphine Cavallo","@id":"https:\/\/telemme.mmsh.fr\/#\/schema\/person\/86a185da4836381586528ced48e263f5"},"headline":"[Offre d&#8217;emploi] Mission expertise Inventaire des collections du Festival international d\u2019art lyrique d\u2019Aix-en-Provence","datePublished":"2024-07-16T15:13:35+00:00","dateModified":"2024-07-18T14:10:57+00:00","mainEntityOfPage":{"@id":"https:\/\/telemme.mmsh.fr\/?p=14461"},"wordCount":1457,"publisher":{"@id":"https:\/\/telemme.mmsh.fr\/#organization"},"image":{"@id":"https:\/\/telemme.mmsh.fr\/?p=14461#primaryimage"},"thumbnailUrl":"https:\/\/telemme.mmsh.fr\/wp-content\/uploads\/2024\/07\/AixOPERA_Logo_small.jpg","keywords":["AixOPERA","Festival d'Aix"],"articleSection":["Appels \u00e0 candidature"],"inLanguage":"fr-FR"},{"@type":"WebPage","@id":"https:\/\/telemme.mmsh.fr\/?p=14461","url":"https:\/\/telemme.mmsh.fr\/?p=14461","name":"[Offre d'emploi] Mission expertise Inventaire des collections du Festival international d\u2019art lyrique d\u2019Aix-en-Provence - TELEMMe - Temps, espaces, langages, Europe m\u00e9ridionale, M\u00e9diterran\u00e9e","isPartOf":{"@id":"https:\/\/telemme.mmsh.fr\/#website"},"primaryImageOfPage":{"@id":"https:\/\/telemme.mmsh.fr\/?p=14461#primaryimage"},"image":{"@id":"https:\/\/telemme.mmsh.fr\/?p=14461#primaryimage"},"thumbnailUrl":"https:\/\/telemme.mmsh.fr\/wp-content\/uploads\/2024\/07\/AixOPERA_Logo_small.jpg","datePublished":"2024-07-16T15:13:35+00:00","dateModified":"2024-07-18T14:10:57+00:00","description":"L\u2019emploi de charg\u00e9-e de collections mus\u00e9ales pour 1 an s\u2019inscrit au c\u0153ur du programme interdisciplinaire AixOPERA retenu dans le cadre de l\u2019AAP Transfert 2023 d\u2019Amidex.","breadcrumb":{"@id":"https:\/\/telemme.mmsh.fr\/?p=14461#breadcrumb"},"inLanguage":"fr-FR","potentialAction":[{"@type":"ReadAction","target":["https:\/\/telemme.mmsh.fr\/?p=14461"]}]},{"@type":"ImageObject","inLanguage":"fr-FR","@id":"https:\/\/telemme.mmsh.fr\/?p=14461#primaryimage","url":"https:\/\/telemme.mmsh.fr\/wp-content\/uploads\/2024\/07\/AixOPERA_Logo_small.jpg","contentUrl":"https:\/\/telemme.mmsh.fr\/wp-content\/uploads\/2024\/07\/AixOPERA_Logo_small.jpg","width":300,"height":248,"caption":"Logo d'AixOPERA (version r\u00e9duite)"},{"@type":"BreadcrumbList","@id":"https:\/\/telemme.mmsh.fr\/?p=14461#breadcrumb","itemListElement":[{"@type":"ListItem","position":1,"name":"Accueil","item":"https:\/\/telemme.mmsh.fr\/"},{"@type":"ListItem","position":2,"name":"Actualit\u00e9s","item":"https:\/\/telemme.mmsh.fr\/?cat=1995"},{"@type":"ListItem","position":3,"name":"Appels \u00e0 candidature","item":"https:\/\/telemme.mmsh.fr\/?cat=2026"},{"@type":"ListItem","position":4,"name":"[Offre d&#8217;emploi] Mission expertise Inventaire des collections du Festival international d\u2019art lyrique d\u2019Aix-en-Provence"}]},{"@type":"WebSite","@id":"https:\/\/telemme.mmsh.fr\/#website","url":"https:\/\/telemme.mmsh.fr\/","name":"TELEMMe - Temps, espaces, langages, Europe m\u00e9ridionale, M\u00e9diterran\u00e9e","description":"","publisher":{"@id":"https:\/\/telemme.mmsh.fr\/#organization"},"potentialAction":[{"@type":"SearchAction","target":{"@type":"EntryPoint","urlTemplate":"https:\/\/telemme.mmsh.fr\/?s={search_term_string}"},"query-input":{"@type":"PropertyValueSpecification","valueRequired":true,"valueName":"search_term_string"}}],"inLanguage":"fr-FR"},{"@type":"Organization","@id":"https:\/\/telemme.mmsh.fr\/#organization","name":"TELEMMe","url":"https:\/\/telemme.mmsh.fr\/","logo":{"@type":"ImageObject","inLanguage":"fr-FR","@id":"https:\/\/telemme.mmsh.fr\/#\/schema\/logo\/image\/","url":"https:\/\/telemme.mmsh.fr\/wp-content\/uploads\/2020\/03\/LogoTELEMMe-horizontal-fond-transparent.png","contentUrl":"https:\/\/telemme.mmsh.fr\/wp-content\/uploads\/2020\/03\/LogoTELEMMe-horizontal-fond-transparent.png","width":1500,"height":437,"caption":"TELEMMe"},"image":{"@id":"https:\/\/telemme.mmsh.fr\/#\/schema\/logo\/image\/"}},{"@type":"Person","@id":"https:\/\/telemme.mmsh.fr\/#\/schema\/person\/86a185da4836381586528ced48e263f5","name":"Delphine Cavallo","url":"https:\/\/telemme.mmsh.fr\/?author=6"}]}},"_links":{"self":[{"href":"https:\/\/telemme.mmsh.fr\/index.php?rest_route=\/wp\/v2\/posts\/14461","targetHints":{"allow":["GET"]}}],"collection":[{"href":"https:\/\/telemme.mmsh.fr\/index.php?rest_route=\/wp\/v2\/posts"}],"about":[{"href":"https:\/\/telemme.mmsh.fr\/index.php?rest_route=\/wp\/v2\/types\/post"}],"author":[{"embeddable":true,"href":"https:\/\/telemme.mmsh.fr\/index.php?rest_route=\/wp\/v2\/users\/6"}],"replies":[{"embeddable":true,"href":"https:\/\/telemme.mmsh.fr\/index.php?rest_route=%2Fwp%2Fv2%2Fcomments&post=14461"}],"version-history":[{"count":4,"href":"https:\/\/telemme.mmsh.fr\/index.php?rest_route=\/wp\/v2\/posts\/14461\/revisions"}],"predecessor-version":[{"id":14466,"href":"https:\/\/telemme.mmsh.fr\/index.php?rest_route=\/wp\/v2\/posts\/14461\/revisions\/14466"}],"wp:featuredmedia":[{"embeddable":true,"href":"https:\/\/telemme.mmsh.fr\/index.php?rest_route=\/wp\/v2\/media\/14467"}],"wp:attachment":[{"href":"https:\/\/telemme.mmsh.fr\/index.php?rest_route=%2Fwp%2Fv2%2Fmedia&parent=14461"}],"wp:term":[{"taxonomy":"category","embeddable":true,"href":"https:\/\/telemme.mmsh.fr\/index.php?rest_route=%2Fwp%2Fv2%2Fcategories&post=14461"},{"taxonomy":"post_tag","embeddable":true,"href":"https:\/\/telemme.mmsh.fr\/index.php?rest_route=%2Fwp%2Fv2%2Ftags&post=14461"}],"curies":[{"name":"wp","href":"https:\/\/api.w.org\/{rel}","templated":true}]}}