{"id":14415,"date":"2024-07-08T12:04:47","date_gmt":"2024-07-08T10:04:47","guid":{"rendered":"https:\/\/telemme.mmsh.fr\/?p=14415"},"modified":"2025-01-28T14:31:04","modified_gmt":"2025-01-28T13:31:04","slug":"avis-de-soutenance-dhdr-de-stephane-mourlane","status":"publish","type":"post","link":"https:\/\/telemme.mmsh.fr\/?p=14415","title":{"rendered":"Avis de soutenance d\u2019HDR de St\u00e9phane Mourlane"},"content":{"rendered":"<p>Chers coll\u00e8gues,<\/p>\n<p>&nbsp;<\/p>\n<p>J\u2019ai le plaisir de vous informer de la soutenance de mon dossier d\u2019habilitation \u00e0 diriger des recherches le 20 juin \u00e0 13h30 \u00e0 CY Cergy Paris Universit\u00e9 -\u00c9cole Pratique de Service Social \u2013<\/p>\n<p>Salle Chagall &#8211; 92 rue Notre-Dame-des-Champs 75006 Paris 75006.<\/p>\n<p>Il est possible de suivre la soutenance \u00e0 distance\u00a0:\u00a0<a href=\"https:\/\/univ-amu-fr.zoom.us\/j\/86870360437?pwd=QzAzampSMVZ5cjFuOVlwZ25Pa0Ftdz09\">https:\/\/univ-amu-fr.zoom.us\/j\/86870360437?pwd=QzAzampSMVZ5cjFuOVlwZ25Pa0Ftdz09<\/a><\/p>\n<p>&nbsp;<\/p>\n<p>Le dossier est intitul\u00e9 \u00ab\u00a0Histoires d\u2019italianit\u00e9 \u00e0 l\u2019\u00e9tranger. Politiques, cultures et migrations au XX<sup>e<\/sup>\u00a0si\u00e8cle\u00a0\u00bb.<\/p>\n<p>Il se compose de trois volumes : un m\u00e9moire de recherche in\u00e9dit (310 p.), une synth\u00e8se du parcours scientifique (161 p.) et un recueil de travaux (390 p.).<\/p>\n<p>Le m\u00e9moire s\u2019inscrit dans le prolongement de plus de vingt ans de recherches consacr\u00e9es, depuis la th\u00e8se, \u00e0 une r\u00e9flexion sur l\u2019italianit\u00e9 hors d\u2019Italie. Celle-ci s\u2019est d\u2019abord d\u00e9ploy\u00e9e au travers l\u2019\u00e9tude des rapports franco-italiens, avec un regard particulier port\u00e9 sur la question migratoire. Les modalit\u00e9s du rayonnement de l\u2019Italie dans l\u2019espace m\u00e9diterran\u00e9en ont ensuite constitu\u00e9 un terrain d\u2019analyse, tandis que la projection et la perception de cette italianit\u00e9 ont aussi \u00e9t\u00e9 saisies dans le cadre sportif.<\/p>\n<p>Le m\u00e9moire in\u00e9dit propose une \u00e9tude qui offre un pr\u00e9cipit\u00e9 de th\u00e8mes et de probl\u00e9matiques muries lors de ce parcours. Il porte sur la\u00a0<em>Casa d\u2019Italia\u00a0<\/em>de Marseille fond\u00e9e au cours de l\u2019entre-deux-guerres par le r\u00e9gime fasciste \u00e0 des fins de propagande et d\u2019encadrement des \u00e9migr\u00e9s italiens. L\u2019\u00e9tude, qui s\u2019appuie sur un vaste corpus de sources vari\u00e9es, italiennes et fran\u00e7aises, vise, \u00e0 travers une approche monographique, \u00e0 analyser comment cette \u00ab maison \u00bb, dirig\u00e9e par le consul, a \u00e9t\u00e9 habit\u00e9e d\u2019une italianit\u00e9 id\u00e9ologis\u00e9e. Dans cette perspective, le m\u00e9moire examine d\u2019abord les conditions de structuration du mouvement fasciste \u00e0 Marseille avant de porter attention \u00e0 l\u2019architecture et \u00e0 l\u2019am\u00e9nagement des locaux de la\u00a0<em>Casa d\u2019Italia<\/em>, aux organisations mobilis\u00e9es qui y sont abrit\u00e9es, aux c\u00e9l\u00e9brations patriotiques et politiques qui s\u2019y d\u00e9roulent, aux actions sociales qui y sont men\u00e9es ainsi qu\u2019aux activit\u00e9s culturelles, \u00e9ducatives et culturelles d\u00e9velopp\u00e9es \u00e0 destination des adultes et de la jeunesse. Le lieu connait des \u00ab mutations \u00bb d\u00e8s la Seconde Guerre mondiale, ainsi qu\u2019apr\u00e8s la chute du r\u00e9gime fasciste. L\u2019empreinte du fascisme conduit \u00e0 s\u2019interroger sur la dissonance de ce patrimoine qui, aujourd\u2019hui, accueille le Consulat g\u00e9n\u00e9ral d\u2019Italie et l\u2019Institut culturel italien.<\/p>\n<p>&nbsp;<\/p>\n<p>Le jury est compos\u00e9 de<\/p>\n<ol>\n<li>\u00c9ric VIAL Professeur, CY Cergy Paris Universit\u00e9 (Garant)<\/li>\n<li>Fr\u00e9d\u00e9ric ATTAL Professeur, Universit\u00e9 Polytechnique des Hauts de France (Rapporteur)<\/li>\n<\/ol>\n<p>Mme Dominique REILL Professeure, Universit\u00e9 de Miami, USA (Rapporteure)<\/p>\n<ol>\n<li>Fabrice JESN\u00c9, Maitre de conf\u00e9rences HDR, Universit\u00e9 de Nantes (Rapporteur)<\/li>\n<li>Alessandro GIACONE Professeur associ\u00e9 HDR, Universit\u00e9 de Bologne, Italie (Examinateur)<\/li>\n<\/ol>\n<p>Mme Manuela MARTINI Professeure Universit\u00e9 Lumi\u00e8re Lyon 2 (Examinatrice)<\/p>\n<p>Mme Marie-Anne MATARD-BONUCCI Professeure Universit\u00e9 Paris 8 (Examinatrice)<\/p>\n<p>Bien cordialement.<\/p>\n<p>St\u00e9phane Mourlane<\/p>\n<p>&nbsp;<\/p>\n","protected":false},"excerpt":{"rendered":"<p>Chers coll\u00e8gues, &nbsp; J\u2019ai le plaisir de vous informer de la soutenance de mon dossier d\u2019habilitation \u00e0 diriger des recherches le 20 juin \u00e0 13h30 \u00e0 CY Cergy Paris Universit\u00e9&hellip;&nbsp;<a href=\"https:\/\/telemme.mmsh.fr\/?p=14415\" rel=\"bookmark\">Lire la suite &raquo;<span class=\"screen-reader-text\">Avis de soutenance d\u2019HDR de St\u00e9phane Mourlane<\/span><\/a><\/p>\n","protected":false},"author":175,"featured_media":13172,"comment_status":"closed","ping_status":"closed","sticky":false,"template":"","format":"standard","meta":{"neve_meta_sidebar":"","neve_meta_container":"","neve_meta_enable_content_width":"off","neve_meta_content_width":70,"neve_meta_title_alignment":"","neve_meta_author_avatar":"","neve_post_elements_order":"","neve_meta_disable_header":"","neve_meta_disable_footer":"","neve_meta_disable_title":"","_tribe_events_control_status":"","_tribe_events_control_status_canceled_reason":"","_tribe_events_control_status_postponed_reason":"","_tribe_events_control_online":"","_tribe_events_control_online_url":"","footnotes":""},"categories":[2001],"tags":[],"class_list":["post-14415","post","type-post","status-publish","format-standard","has-post-thumbnail","hentry","category-soutenance-hdr"],"yoast_head":"<!-- This site is optimized with the Yoast SEO plugin v27.4 - https:\/\/yoast.com\/product\/yoast-seo-wordpress\/ -->\n<title>Avis de soutenance d\u2019HDR de St\u00e9phane Mourlane - TELEMMe - Temps, espaces, langages, Europe m\u00e9ridionale, M\u00e9diterran\u00e9e<\/title>\n<meta name=\"robots\" content=\"index, follow, max-snippet:-1, max-image-preview:large, max-video-preview:-1\" \/>\n<link rel=\"canonical\" href=\"https:\/\/telemme.mmsh.fr\/?p=14415\" \/>\n<meta property=\"og:locale\" content=\"fr_FR\" \/>\n<meta property=\"og:type\" content=\"article\" \/>\n<meta property=\"og:title\" content=\"Avis de soutenance d\u2019HDR de St\u00e9phane Mourlane - TELEMMe - Temps, espaces, langages, Europe m\u00e9ridionale, M\u00e9diterran\u00e9e\" \/>\n<meta property=\"og:description\" content=\"Chers coll\u00e8gues, &nbsp; J\u2019ai le plaisir de vous informer de la soutenance de mon dossier d\u2019habilitation \u00e0 diriger des recherches le 20 juin \u00e0 13h30 \u00e0 CY Cergy Paris Universit\u00e9&hellip;&nbsp;Lire la suite &raquo;Avis de soutenance d\u2019HDR de St\u00e9phane Mourlane\" \/>\n<meta property=\"og:url\" content=\"https:\/\/telemme.mmsh.fr\/?p=14415\" \/>\n<meta property=\"og:site_name\" content=\"TELEMMe - Temps, espaces, langages, Europe m\u00e9ridionale, M\u00e9diterran\u00e9e\" \/>\n<meta property=\"article:published_time\" content=\"2024-07-08T10:04:47+00:00\" \/>\n<meta property=\"article:modified_time\" content=\"2025-01-28T13:31:04+00:00\" \/>\n<meta property=\"og:image\" content=\"https:\/\/telemme.mmsh.fr\/wp-content\/uploads\/2023\/09\/Stephane-Mourlane-edited.jpg\" \/>\n\t<meta property=\"og:image:width\" content=\"667\" \/>\n\t<meta property=\"og:image:height\" content=\"667\" \/>\n\t<meta property=\"og:image:type\" content=\"image\/jpeg\" \/>\n<meta name=\"author\" content=\"Maja Mellet\" \/>\n<meta name=\"twitter:card\" content=\"summary_large_image\" \/>\n<meta name=\"twitter:label1\" content=\"\u00c9crit par\" \/>\n\t<meta name=\"twitter:data1\" content=\"Maja Mellet\" \/>\n\t<meta name=\"twitter:label2\" content=\"Dur\u00e9e de lecture estim\u00e9e\" \/>\n\t<meta name=\"twitter:data2\" content=\"3 minutes\" \/>\n<script type=\"application\/ld+json\" class=\"yoast-schema-graph\">{\"@context\":\"https:\\\/\\\/schema.org\",\"@graph\":[{\"@type\":\"Article\",\"@id\":\"https:\\\/\\\/telemme.mmsh.fr\\\/?p=14415#article\",\"isPartOf\":{\"@id\":\"https:\\\/\\\/telemme.mmsh.fr\\\/?p=14415\"},\"author\":{\"name\":\"Maja Mellet\",\"@id\":\"https:\\\/\\\/telemme.mmsh.fr\\\/#\\\/schema\\\/person\\\/c433e5fd025c00718f715ba73f040691\"},\"headline\":\"Avis de soutenance d\u2019HDR de St\u00e9phane Mourlane\",\"datePublished\":\"2024-07-08T10:04:47+00:00\",\"dateModified\":\"2025-01-28T13:31:04+00:00\",\"mainEntityOfPage\":{\"@id\":\"https:\\\/\\\/telemme.mmsh.fr\\\/?p=14415\"},\"wordCount\":514,\"publisher\":{\"@id\":\"https:\\\/\\\/telemme.mmsh.fr\\\/#organization\"},\"image\":{\"@id\":\"https:\\\/\\\/telemme.mmsh.fr\\\/?p=14415#primaryimage\"},\"thumbnailUrl\":\"https:\\\/\\\/telemme.mmsh.fr\\\/wp-content\\\/uploads\\\/2023\\\/09\\\/Stephane-Mourlane-edited.jpg\",\"articleSection\":[\"Soutenances d'HDR\"],\"inLanguage\":\"fr-FR\"},{\"@type\":\"WebPage\",\"@id\":\"https:\\\/\\\/telemme.mmsh.fr\\\/?p=14415\",\"url\":\"https:\\\/\\\/telemme.mmsh.fr\\\/?p=14415\",\"name\":\"Avis de soutenance d\u2019HDR de St\u00e9phane Mourlane - TELEMMe - Temps, espaces, langages, Europe m\u00e9ridionale, M\u00e9diterran\u00e9e\",\"isPartOf\":{\"@id\":\"https:\\\/\\\/telemme.mmsh.fr\\\/#website\"},\"primaryImageOfPage\":{\"@id\":\"https:\\\/\\\/telemme.mmsh.fr\\\/?p=14415#primaryimage\"},\"image\":{\"@id\":\"https:\\\/\\\/telemme.mmsh.fr\\\/?p=14415#primaryimage\"},\"thumbnailUrl\":\"https:\\\/\\\/telemme.mmsh.fr\\\/wp-content\\\/uploads\\\/2023\\\/09\\\/Stephane-Mourlane-edited.jpg\",\"datePublished\":\"2024-07-08T10:04:47+00:00\",\"dateModified\":\"2025-01-28T13:31:04+00:00\",\"breadcrumb\":{\"@id\":\"https:\\\/\\\/telemme.mmsh.fr\\\/?p=14415#breadcrumb\"},\"inLanguage\":\"fr-FR\",\"potentialAction\":[{\"@type\":\"ReadAction\",\"target\":[\"https:\\\/\\\/telemme.mmsh.fr\\\/?p=14415\"]}]},{\"@type\":\"ImageObject\",\"inLanguage\":\"fr-FR\",\"@id\":\"https:\\\/\\\/telemme.mmsh.fr\\\/?p=14415#primaryimage\",\"url\":\"https:\\\/\\\/telemme.mmsh.fr\\\/wp-content\\\/uploads\\\/2023\\\/09\\\/Stephane-Mourlane-edited.jpg\",\"contentUrl\":\"https:\\\/\\\/telemme.mmsh.fr\\\/wp-content\\\/uploads\\\/2023\\\/09\\\/Stephane-Mourlane-edited.jpg\",\"width\":667,\"height\":667,\"caption\":\"St\u00e9phane Mourlane (TELEMMe, AMU-CNRS)\"},{\"@type\":\"BreadcrumbList\",\"@id\":\"https:\\\/\\\/telemme.mmsh.fr\\\/?p=14415#breadcrumb\",\"itemListElement\":[{\"@type\":\"ListItem\",\"position\":1,\"name\":\"Accueil\",\"item\":\"https:\\\/\\\/telemme.mmsh.fr\\\/\"},{\"@type\":\"ListItem\",\"position\":2,\"name\":\"Actualit\u00e9s\",\"item\":\"https:\\\/\\\/telemme.mmsh.fr\\\/?cat=1995\"},{\"@type\":\"ListItem\",\"position\":3,\"name\":\"Soutenances d'HDR\",\"item\":\"https:\\\/\\\/telemme.mmsh.fr\\\/?cat=2001\"},{\"@type\":\"ListItem\",\"position\":4,\"name\":\"Avis de soutenance d\u2019HDR de St\u00e9phane Mourlane\"}]},{\"@type\":\"WebSite\",\"@id\":\"https:\\\/\\\/telemme.mmsh.fr\\\/#website\",\"url\":\"https:\\\/\\\/telemme.mmsh.fr\\\/\",\"name\":\"TELEMMe - Temps, espaces, langages, Europe m\u00e9ridionale, M\u00e9diterran\u00e9e\",\"description\":\"\",\"publisher\":{\"@id\":\"https:\\\/\\\/telemme.mmsh.fr\\\/#organization\"},\"potentialAction\":[{\"@type\":\"SearchAction\",\"target\":{\"@type\":\"EntryPoint\",\"urlTemplate\":\"https:\\\/\\\/telemme.mmsh.fr\\\/?s={search_term_string}\"},\"query-input\":{\"@type\":\"PropertyValueSpecification\",\"valueRequired\":true,\"valueName\":\"search_term_string\"}}],\"inLanguage\":\"fr-FR\"},{\"@type\":\"Organization\",\"@id\":\"https:\\\/\\\/telemme.mmsh.fr\\\/#organization\",\"name\":\"TELEMMe\",\"url\":\"https:\\\/\\\/telemme.mmsh.fr\\\/\",\"logo\":{\"@type\":\"ImageObject\",\"inLanguage\":\"fr-FR\",\"@id\":\"https:\\\/\\\/telemme.mmsh.fr\\\/#\\\/schema\\\/logo\\\/image\\\/\",\"url\":\"https:\\\/\\\/telemme.mmsh.fr\\\/wp-content\\\/uploads\\\/2020\\\/03\\\/LogoTELEMMe-horizontal-fond-transparent.png\",\"contentUrl\":\"https:\\\/\\\/telemme.mmsh.fr\\\/wp-content\\\/uploads\\\/2020\\\/03\\\/LogoTELEMMe-horizontal-fond-transparent.png\",\"width\":1500,\"height\":437,\"caption\":\"TELEMMe\"},\"image\":{\"@id\":\"https:\\\/\\\/telemme.mmsh.fr\\\/#\\\/schema\\\/logo\\\/image\\\/\"}},{\"@type\":\"Person\",\"@id\":\"https:\\\/\\\/telemme.mmsh.fr\\\/#\\\/schema\\\/person\\\/c433e5fd025c00718f715ba73f040691\",\"name\":\"Maja Mellet\",\"url\":\"https:\\\/\\\/telemme.mmsh.fr\\\/?author=175\"}]}<\/script>\n<!-- \/ Yoast SEO plugin. -->","yoast_head_json":{"title":"Avis de soutenance d\u2019HDR de St\u00e9phane Mourlane - TELEMMe - Temps, espaces, langages, Europe m\u00e9ridionale, M\u00e9diterran\u00e9e","robots":{"index":"index","follow":"follow","max-snippet":"max-snippet:-1","max-image-preview":"max-image-preview:large","max-video-preview":"max-video-preview:-1"},"canonical":"https:\/\/telemme.mmsh.fr\/?p=14415","og_locale":"fr_FR","og_type":"article","og_title":"Avis de soutenance d\u2019HDR de St\u00e9phane Mourlane - TELEMMe - Temps, espaces, langages, Europe m\u00e9ridionale, M\u00e9diterran\u00e9e","og_description":"Chers coll\u00e8gues, &nbsp; J\u2019ai le plaisir de vous informer de la soutenance de mon dossier d\u2019habilitation \u00e0 diriger des recherches le 20 juin \u00e0 13h30 \u00e0 CY Cergy Paris Universit\u00e9&hellip;&nbsp;Lire la suite &raquo;Avis de soutenance d\u2019HDR de St\u00e9phane Mourlane","og_url":"https:\/\/telemme.mmsh.fr\/?p=14415","og_site_name":"TELEMMe - Temps, espaces, langages, Europe m\u00e9ridionale, M\u00e9diterran\u00e9e","article_published_time":"2024-07-08T10:04:47+00:00","article_modified_time":"2025-01-28T13:31:04+00:00","og_image":[{"width":667,"height":667,"url":"https:\/\/telemme.mmsh.fr\/wp-content\/uploads\/2023\/09\/Stephane-Mourlane-edited.jpg","type":"image\/jpeg"}],"author":"Maja Mellet","twitter_card":"summary_large_image","twitter_misc":{"\u00c9crit par":"Maja Mellet","Dur\u00e9e de lecture estim\u00e9e":"3 minutes"},"schema":{"@context":"https:\/\/schema.org","@graph":[{"@type":"Article","@id":"https:\/\/telemme.mmsh.fr\/?p=14415#article","isPartOf":{"@id":"https:\/\/telemme.mmsh.fr\/?p=14415"},"author":{"name":"Maja Mellet","@id":"https:\/\/telemme.mmsh.fr\/#\/schema\/person\/c433e5fd025c00718f715ba73f040691"},"headline":"Avis de soutenance d\u2019HDR de St\u00e9phane Mourlane","datePublished":"2024-07-08T10:04:47+00:00","dateModified":"2025-01-28T13:31:04+00:00","mainEntityOfPage":{"@id":"https:\/\/telemme.mmsh.fr\/?p=14415"},"wordCount":514,"publisher":{"@id":"https:\/\/telemme.mmsh.fr\/#organization"},"image":{"@id":"https:\/\/telemme.mmsh.fr\/?p=14415#primaryimage"},"thumbnailUrl":"https:\/\/telemme.mmsh.fr\/wp-content\/uploads\/2023\/09\/Stephane-Mourlane-edited.jpg","articleSection":["Soutenances d'HDR"],"inLanguage":"fr-FR"},{"@type":"WebPage","@id":"https:\/\/telemme.mmsh.fr\/?p=14415","url":"https:\/\/telemme.mmsh.fr\/?p=14415","name":"Avis de soutenance d\u2019HDR de St\u00e9phane Mourlane - TELEMMe - Temps, espaces, langages, Europe m\u00e9ridionale, M\u00e9diterran\u00e9e","isPartOf":{"@id":"https:\/\/telemme.mmsh.fr\/#website"},"primaryImageOfPage":{"@id":"https:\/\/telemme.mmsh.fr\/?p=14415#primaryimage"},"image":{"@id":"https:\/\/telemme.mmsh.fr\/?p=14415#primaryimage"},"thumbnailUrl":"https:\/\/telemme.mmsh.fr\/wp-content\/uploads\/2023\/09\/Stephane-Mourlane-edited.jpg","datePublished":"2024-07-08T10:04:47+00:00","dateModified":"2025-01-28T13:31:04+00:00","breadcrumb":{"@id":"https:\/\/telemme.mmsh.fr\/?p=14415#breadcrumb"},"inLanguage":"fr-FR","potentialAction":[{"@type":"ReadAction","target":["https:\/\/telemme.mmsh.fr\/?p=14415"]}]},{"@type":"ImageObject","inLanguage":"fr-FR","@id":"https:\/\/telemme.mmsh.fr\/?p=14415#primaryimage","url":"https:\/\/telemme.mmsh.fr\/wp-content\/uploads\/2023\/09\/Stephane-Mourlane-edited.jpg","contentUrl":"https:\/\/telemme.mmsh.fr\/wp-content\/uploads\/2023\/09\/Stephane-Mourlane-edited.jpg","width":667,"height":667,"caption":"St\u00e9phane Mourlane (TELEMMe, AMU-CNRS)"},{"@type":"BreadcrumbList","@id":"https:\/\/telemme.mmsh.fr\/?p=14415#breadcrumb","itemListElement":[{"@type":"ListItem","position":1,"name":"Accueil","item":"https:\/\/telemme.mmsh.fr\/"},{"@type":"ListItem","position":2,"name":"Actualit\u00e9s","item":"https:\/\/telemme.mmsh.fr\/?cat=1995"},{"@type":"ListItem","position":3,"name":"Soutenances d'HDR","item":"https:\/\/telemme.mmsh.fr\/?cat=2001"},{"@type":"ListItem","position":4,"name":"Avis de soutenance d\u2019HDR de St\u00e9phane Mourlane"}]},{"@type":"WebSite","@id":"https:\/\/telemme.mmsh.fr\/#website","url":"https:\/\/telemme.mmsh.fr\/","name":"TELEMMe - Temps, espaces, langages, Europe m\u00e9ridionale, M\u00e9diterran\u00e9e","description":"","publisher":{"@id":"https:\/\/telemme.mmsh.fr\/#organization"},"potentialAction":[{"@type":"SearchAction","target":{"@type":"EntryPoint","urlTemplate":"https:\/\/telemme.mmsh.fr\/?s={search_term_string}"},"query-input":{"@type":"PropertyValueSpecification","valueRequired":true,"valueName":"search_term_string"}}],"inLanguage":"fr-FR"},{"@type":"Organization","@id":"https:\/\/telemme.mmsh.fr\/#organization","name":"TELEMMe","url":"https:\/\/telemme.mmsh.fr\/","logo":{"@type":"ImageObject","inLanguage":"fr-FR","@id":"https:\/\/telemme.mmsh.fr\/#\/schema\/logo\/image\/","url":"https:\/\/telemme.mmsh.fr\/wp-content\/uploads\/2020\/03\/LogoTELEMMe-horizontal-fond-transparent.png","contentUrl":"https:\/\/telemme.mmsh.fr\/wp-content\/uploads\/2020\/03\/LogoTELEMMe-horizontal-fond-transparent.png","width":1500,"height":437,"caption":"TELEMMe"},"image":{"@id":"https:\/\/telemme.mmsh.fr\/#\/schema\/logo\/image\/"}},{"@type":"Person","@id":"https:\/\/telemme.mmsh.fr\/#\/schema\/person\/c433e5fd025c00718f715ba73f040691","name":"Maja Mellet","url":"https:\/\/telemme.mmsh.fr\/?author=175"}]}},"_links":{"self":[{"href":"https:\/\/telemme.mmsh.fr\/index.php?rest_route=\/wp\/v2\/posts\/14415","targetHints":{"allow":["GET"]}}],"collection":[{"href":"https:\/\/telemme.mmsh.fr\/index.php?rest_route=\/wp\/v2\/posts"}],"about":[{"href":"https:\/\/telemme.mmsh.fr\/index.php?rest_route=\/wp\/v2\/types\/post"}],"author":[{"embeddable":true,"href":"https:\/\/telemme.mmsh.fr\/index.php?rest_route=\/wp\/v2\/users\/175"}],"replies":[{"embeddable":true,"href":"https:\/\/telemme.mmsh.fr\/index.php?rest_route=%2Fwp%2Fv2%2Fcomments&post=14415"}],"version-history":[{"count":1,"href":"https:\/\/telemme.mmsh.fr\/index.php?rest_route=\/wp\/v2\/posts\/14415\/revisions"}],"predecessor-version":[{"id":14416,"href":"https:\/\/telemme.mmsh.fr\/index.php?rest_route=\/wp\/v2\/posts\/14415\/revisions\/14416"}],"wp:featuredmedia":[{"embeddable":true,"href":"https:\/\/telemme.mmsh.fr\/index.php?rest_route=\/wp\/v2\/media\/13172"}],"wp:attachment":[{"href":"https:\/\/telemme.mmsh.fr\/index.php?rest_route=%2Fwp%2Fv2%2Fmedia&parent=14415"}],"wp:term":[{"taxonomy":"category","embeddable":true,"href":"https:\/\/telemme.mmsh.fr\/index.php?rest_route=%2Fwp%2Fv2%2Fcategories&post=14415"},{"taxonomy":"post_tag","embeddable":true,"href":"https:\/\/telemme.mmsh.fr\/index.php?rest_route=%2Fwp%2Fv2%2Ftags&post=14415"}],"curies":[{"name":"wp","href":"https:\/\/api.w.org\/{rel}","templated":true}]}}