{"id":14409,"date":"2024-07-05T15:17:14","date_gmt":"2024-07-05T13:17:14","guid":{"rendered":"https:\/\/telemme.mmsh.fr\/?p=14409"},"modified":"2025-03-19T11:40:19","modified_gmt":"2025-03-19T10:40:19","slug":"telemme-accueille-mme-ambra-zambernardi","status":"publish","type":"post","link":"https:\/\/telemme.mmsh.fr\/?p=14409","title":{"rendered":"TELEMMe accueille Ambra Zambernardi"},"content":{"rendered":"<p>L\u2019UMR TELEMMe accueille Mme <strong>Ambra Zambernardi<\/strong>, anthropologue rattach\u00e9e \u00e0 l\u2019Universit\u00e9 de Turin.<\/p>\n<p>Doctorante invit\u00e9e au sein de notre unit\u00e9 en 2016, Mme Zambernardi a poursuivi ses collaborations avec TELEMMe en liaison avec ses travaux qui portent sur la p\u00eache au thon en M\u00e9diterran\u00e9e qu\u2019elle aborde dans une perspective d\u2019anthropologie culturelle et d\u2019ethnologie. Ses recherches interrogent la rar\u00e9faction des ressources halieutiques en M\u00e9diterran\u00e9e, l\u2019adaptation des techniques de p\u00eache traditionnelles aux d\u00e9fis d\u2019une gestion durable, les conflits d\u2019usages ainsi que les repr\u00e9sentations du vivant. Sa d\u00e9marche de recherche s\u2019attache \u00e0 faire dialoguer arts et sciences et elle s\u2019est engag\u00e9e dans la r\u00e9alisation de performances artistiques qui viennent nourrir sa r\u00e9flexion scientifique en l\u2019adossant \u00e0 la pratique de la danse.<\/p>\n<p>Le s\u00e9jour \u00e0 TELEMMe d\u2019Ambra Zambernardi prend place dans le cadre de l\u2019appel lanc\u00e9 par la Fondation Maison des Sciences de l\u2019Homme\u00a0et par la\u00a0<em>Fondazione Luigi Einaudi onlus<\/em> dans le cadre du Programme ATLAS d\u2019aide \u00e0 la mobilit\u00e9 de l\u2019Italie vers la France. Ce s\u00e9jour de deux mois dans notre laboratoire sera suivi \u00e0 partir du 1<sup>er<\/sup> septembre 2024 par une r\u00e9sidence d\u2019un an (septembre 2024 &#8211; juillet 2025) \u00e0 l&rsquo;IMERA\u00a0 en tant que titulaire de la chaire \u00ab\u00a0Germaine-Tillion &#8211; R\u00e9gion Sud\u00a0\u00bb du programme \u00ab\u00a0M\u00e9diterran\u00e9e\u00a0\u00bb. Elle y d\u00e9veloppera un projet intitul\u00e9 <em>Sel-thon-corail : la triade maritime m\u00e9diterran\u00e9enne.<\/em><\/p>\n","protected":false},"excerpt":{"rendered":"<p>L\u2019UMR TELEMMe accueille Mme Ambra Zambernardi, anthropologue rattach\u00e9e \u00e0 l\u2019Universit\u00e9 de Turin. Doctorante invit\u00e9e au sein de notre unit\u00e9 en 2016, Mme Zambernardi a poursuivi ses collaborations avec TELEMMe en&hellip;&nbsp;<a href=\"https:\/\/telemme.mmsh.fr\/?p=14409\" rel=\"bookmark\">Lire la suite &raquo;<span class=\"screen-reader-text\">TELEMMe accueille Ambra Zambernardi<\/span><\/a><\/p>\n","protected":false},"author":175,"featured_media":14412,"comment_status":"closed","ping_status":"closed","sticky":false,"template":"","format":"standard","meta":{"neve_meta_sidebar":"","neve_meta_container":"","neve_meta_enable_content_width":"off","neve_meta_content_width":70,"neve_meta_title_alignment":"","neve_meta_author_avatar":"","neve_post_elements_order":"","neve_meta_disable_header":"","neve_meta_disable_footer":"","neve_meta_disable_title":"","_tribe_events_control_status":"","_tribe_events_control_status_canceled_reason":"","_tribe_events_control_status_postponed_reason":"","_tribe_events_control_online":"","_tribe_events_control_online_url":"","footnotes":""},"categories":[2007],"tags":[],"class_list":["post-14409","post","type-post","status-publish","format-standard","has-post-thumbnail","hentry","category-informations"],"yoast_head":"<!-- This site is optimized with the Yoast SEO plugin v27.4 - https:\/\/yoast.com\/product\/yoast-seo-wordpress\/ -->\n<title>TELEMMe accueille Ambra Zambernardi - TELEMMe - Temps, espaces, langages, Europe m\u00e9ridionale, M\u00e9diterran\u00e9e<\/title>\n<meta name=\"robots\" content=\"index, follow, max-snippet:-1, max-image-preview:large, max-video-preview:-1\" \/>\n<link rel=\"canonical\" href=\"https:\/\/telemme.mmsh.fr\/?p=14409\" \/>\n<meta property=\"og:locale\" content=\"fr_FR\" \/>\n<meta property=\"og:type\" content=\"article\" \/>\n<meta property=\"og:title\" content=\"TELEMMe accueille Ambra Zambernardi - TELEMMe - Temps, espaces, langages, Europe m\u00e9ridionale, M\u00e9diterran\u00e9e\" \/>\n<meta property=\"og:description\" content=\"L\u2019UMR TELEMMe accueille Mme Ambra Zambernardi, anthropologue rattach\u00e9e \u00e0 l\u2019Universit\u00e9 de Turin. Doctorante invit\u00e9e au sein de notre unit\u00e9 en 2016, Mme Zambernardi a poursuivi ses collaborations avec TELEMMe en&hellip;&nbsp;Lire la suite &raquo;TELEMMe accueille Ambra Zambernardi\" \/>\n<meta property=\"og:url\" content=\"https:\/\/telemme.mmsh.fr\/?p=14409\" \/>\n<meta property=\"og:site_name\" content=\"TELEMMe - Temps, espaces, langages, Europe m\u00e9ridionale, M\u00e9diterran\u00e9e\" \/>\n<meta property=\"article:published_time\" content=\"2024-07-05T13:17:14+00:00\" \/>\n<meta property=\"article:modified_time\" content=\"2025-03-19T10:40:19+00:00\" \/>\n<meta property=\"og:image\" content=\"https:\/\/telemme.mmsh.fr\/wp-content\/uploads\/2024\/07\/Zambernardi-Ambra-300x300-1.jpg\" \/>\n\t<meta property=\"og:image:width\" content=\"300\" \/>\n\t<meta property=\"og:image:height\" content=\"300\" \/>\n\t<meta property=\"og:image:type\" content=\"image\/jpeg\" \/>\n<meta name=\"author\" content=\"Maja Mellet\" \/>\n<meta name=\"twitter:card\" content=\"summary_large_image\" \/>\n<meta name=\"twitter:label1\" content=\"\u00c9crit par\" \/>\n\t<meta name=\"twitter:data1\" content=\"Maja Mellet\" \/>\n\t<meta name=\"twitter:label2\" content=\"Dur\u00e9e de lecture estim\u00e9e\" \/>\n\t<meta name=\"twitter:data2\" content=\"1 minute\" \/>\n<script type=\"application\/ld+json\" class=\"yoast-schema-graph\">{\"@context\":\"https:\\\/\\\/schema.org\",\"@graph\":[{\"@type\":\"Article\",\"@id\":\"https:\\\/\\\/telemme.mmsh.fr\\\/?p=14409#article\",\"isPartOf\":{\"@id\":\"https:\\\/\\\/telemme.mmsh.fr\\\/?p=14409\"},\"author\":{\"name\":\"Maja Mellet\",\"@id\":\"https:\\\/\\\/telemme.mmsh.fr\\\/#\\\/schema\\\/person\\\/c433e5fd025c00718f715ba73f040691\"},\"headline\":\"TELEMMe accueille Ambra Zambernardi\",\"datePublished\":\"2024-07-05T13:17:14+00:00\",\"dateModified\":\"2025-03-19T10:40:19+00:00\",\"mainEntityOfPage\":{\"@id\":\"https:\\\/\\\/telemme.mmsh.fr\\\/?p=14409\"},\"wordCount\":249,\"publisher\":{\"@id\":\"https:\\\/\\\/telemme.mmsh.fr\\\/#organization\"},\"image\":{\"@id\":\"https:\\\/\\\/telemme.mmsh.fr\\\/?p=14409#primaryimage\"},\"thumbnailUrl\":\"https:\\\/\\\/telemme.mmsh.fr\\\/wp-content\\\/uploads\\\/2024\\\/07\\\/Zambernardi-Ambra-300x300-1.jpg\",\"articleSection\":[\"Informations\"],\"inLanguage\":\"fr-FR\"},{\"@type\":\"WebPage\",\"@id\":\"https:\\\/\\\/telemme.mmsh.fr\\\/?p=14409\",\"url\":\"https:\\\/\\\/telemme.mmsh.fr\\\/?p=14409\",\"name\":\"TELEMMe accueille Ambra Zambernardi - TELEMMe - Temps, espaces, langages, Europe m\u00e9ridionale, M\u00e9diterran\u00e9e\",\"isPartOf\":{\"@id\":\"https:\\\/\\\/telemme.mmsh.fr\\\/#website\"},\"primaryImageOfPage\":{\"@id\":\"https:\\\/\\\/telemme.mmsh.fr\\\/?p=14409#primaryimage\"},\"image\":{\"@id\":\"https:\\\/\\\/telemme.mmsh.fr\\\/?p=14409#primaryimage\"},\"thumbnailUrl\":\"https:\\\/\\\/telemme.mmsh.fr\\\/wp-content\\\/uploads\\\/2024\\\/07\\\/Zambernardi-Ambra-300x300-1.jpg\",\"datePublished\":\"2024-07-05T13:17:14+00:00\",\"dateModified\":\"2025-03-19T10:40:19+00:00\",\"breadcrumb\":{\"@id\":\"https:\\\/\\\/telemme.mmsh.fr\\\/?p=14409#breadcrumb\"},\"inLanguage\":\"fr-FR\",\"potentialAction\":[{\"@type\":\"ReadAction\",\"target\":[\"https:\\\/\\\/telemme.mmsh.fr\\\/?p=14409\"]}]},{\"@type\":\"ImageObject\",\"inLanguage\":\"fr-FR\",\"@id\":\"https:\\\/\\\/telemme.mmsh.fr\\\/?p=14409#primaryimage\",\"url\":\"https:\\\/\\\/telemme.mmsh.fr\\\/wp-content\\\/uploads\\\/2024\\\/07\\\/Zambernardi-Ambra-300x300-1.jpg\",\"contentUrl\":\"https:\\\/\\\/telemme.mmsh.fr\\\/wp-content\\\/uploads\\\/2024\\\/07\\\/Zambernardi-Ambra-300x300-1.jpg\",\"width\":300,\"height\":300},{\"@type\":\"BreadcrumbList\",\"@id\":\"https:\\\/\\\/telemme.mmsh.fr\\\/?p=14409#breadcrumb\",\"itemListElement\":[{\"@type\":\"ListItem\",\"position\":1,\"name\":\"Accueil\",\"item\":\"https:\\\/\\\/telemme.mmsh.fr\\\/\"},{\"@type\":\"ListItem\",\"position\":2,\"name\":\"Actualit\u00e9s\",\"item\":\"https:\\\/\\\/telemme.mmsh.fr\\\/?cat=1995\"},{\"@type\":\"ListItem\",\"position\":3,\"name\":\"Informations\",\"item\":\"https:\\\/\\\/telemme.mmsh.fr\\\/?cat=2007\"},{\"@type\":\"ListItem\",\"position\":4,\"name\":\"TELEMMe accueille Ambra Zambernardi\"}]},{\"@type\":\"WebSite\",\"@id\":\"https:\\\/\\\/telemme.mmsh.fr\\\/#website\",\"url\":\"https:\\\/\\\/telemme.mmsh.fr\\\/\",\"name\":\"TELEMMe - Temps, espaces, langages, Europe m\u00e9ridionale, M\u00e9diterran\u00e9e\",\"description\":\"\",\"publisher\":{\"@id\":\"https:\\\/\\\/telemme.mmsh.fr\\\/#organization\"},\"potentialAction\":[{\"@type\":\"SearchAction\",\"target\":{\"@type\":\"EntryPoint\",\"urlTemplate\":\"https:\\\/\\\/telemme.mmsh.fr\\\/?s={search_term_string}\"},\"query-input\":{\"@type\":\"PropertyValueSpecification\",\"valueRequired\":true,\"valueName\":\"search_term_string\"}}],\"inLanguage\":\"fr-FR\"},{\"@type\":\"Organization\",\"@id\":\"https:\\\/\\\/telemme.mmsh.fr\\\/#organization\",\"name\":\"TELEMMe\",\"url\":\"https:\\\/\\\/telemme.mmsh.fr\\\/\",\"logo\":{\"@type\":\"ImageObject\",\"inLanguage\":\"fr-FR\",\"@id\":\"https:\\\/\\\/telemme.mmsh.fr\\\/#\\\/schema\\\/logo\\\/image\\\/\",\"url\":\"https:\\\/\\\/telemme.mmsh.fr\\\/wp-content\\\/uploads\\\/2020\\\/03\\\/LogoTELEMMe-horizontal-fond-transparent.png\",\"contentUrl\":\"https:\\\/\\\/telemme.mmsh.fr\\\/wp-content\\\/uploads\\\/2020\\\/03\\\/LogoTELEMMe-horizontal-fond-transparent.png\",\"width\":1500,\"height\":437,\"caption\":\"TELEMMe\"},\"image\":{\"@id\":\"https:\\\/\\\/telemme.mmsh.fr\\\/#\\\/schema\\\/logo\\\/image\\\/\"}},{\"@type\":\"Person\",\"@id\":\"https:\\\/\\\/telemme.mmsh.fr\\\/#\\\/schema\\\/person\\\/c433e5fd025c00718f715ba73f040691\",\"name\":\"Maja Mellet\",\"url\":\"https:\\\/\\\/telemme.mmsh.fr\\\/?author=175\"}]}<\/script>\n<!-- \/ Yoast SEO plugin. -->","yoast_head_json":{"title":"TELEMMe accueille Ambra Zambernardi - TELEMMe - Temps, espaces, langages, Europe m\u00e9ridionale, M\u00e9diterran\u00e9e","robots":{"index":"index","follow":"follow","max-snippet":"max-snippet:-1","max-image-preview":"max-image-preview:large","max-video-preview":"max-video-preview:-1"},"canonical":"https:\/\/telemme.mmsh.fr\/?p=14409","og_locale":"fr_FR","og_type":"article","og_title":"TELEMMe accueille Ambra Zambernardi - TELEMMe - Temps, espaces, langages, Europe m\u00e9ridionale, M\u00e9diterran\u00e9e","og_description":"L\u2019UMR TELEMMe accueille Mme Ambra Zambernardi, anthropologue rattach\u00e9e \u00e0 l\u2019Universit\u00e9 de Turin. Doctorante invit\u00e9e au sein de notre unit\u00e9 en 2016, Mme Zambernardi a poursuivi ses collaborations avec TELEMMe en&hellip;&nbsp;Lire la suite &raquo;TELEMMe accueille Ambra Zambernardi","og_url":"https:\/\/telemme.mmsh.fr\/?p=14409","og_site_name":"TELEMMe - Temps, espaces, langages, Europe m\u00e9ridionale, M\u00e9diterran\u00e9e","article_published_time":"2024-07-05T13:17:14+00:00","article_modified_time":"2025-03-19T10:40:19+00:00","og_image":[{"width":300,"height":300,"url":"https:\/\/telemme.mmsh.fr\/wp-content\/uploads\/2024\/07\/Zambernardi-Ambra-300x300-1.jpg","type":"image\/jpeg"}],"author":"Maja Mellet","twitter_card":"summary_large_image","twitter_misc":{"\u00c9crit par":"Maja Mellet","Dur\u00e9e de lecture estim\u00e9e":"1 minute"},"schema":{"@context":"https:\/\/schema.org","@graph":[{"@type":"Article","@id":"https:\/\/telemme.mmsh.fr\/?p=14409#article","isPartOf":{"@id":"https:\/\/telemme.mmsh.fr\/?p=14409"},"author":{"name":"Maja Mellet","@id":"https:\/\/telemme.mmsh.fr\/#\/schema\/person\/c433e5fd025c00718f715ba73f040691"},"headline":"TELEMMe accueille Ambra Zambernardi","datePublished":"2024-07-05T13:17:14+00:00","dateModified":"2025-03-19T10:40:19+00:00","mainEntityOfPage":{"@id":"https:\/\/telemme.mmsh.fr\/?p=14409"},"wordCount":249,"publisher":{"@id":"https:\/\/telemme.mmsh.fr\/#organization"},"image":{"@id":"https:\/\/telemme.mmsh.fr\/?p=14409#primaryimage"},"thumbnailUrl":"https:\/\/telemme.mmsh.fr\/wp-content\/uploads\/2024\/07\/Zambernardi-Ambra-300x300-1.jpg","articleSection":["Informations"],"inLanguage":"fr-FR"},{"@type":"WebPage","@id":"https:\/\/telemme.mmsh.fr\/?p=14409","url":"https:\/\/telemme.mmsh.fr\/?p=14409","name":"TELEMMe accueille Ambra Zambernardi - TELEMMe - Temps, espaces, langages, Europe m\u00e9ridionale, M\u00e9diterran\u00e9e","isPartOf":{"@id":"https:\/\/telemme.mmsh.fr\/#website"},"primaryImageOfPage":{"@id":"https:\/\/telemme.mmsh.fr\/?p=14409#primaryimage"},"image":{"@id":"https:\/\/telemme.mmsh.fr\/?p=14409#primaryimage"},"thumbnailUrl":"https:\/\/telemme.mmsh.fr\/wp-content\/uploads\/2024\/07\/Zambernardi-Ambra-300x300-1.jpg","datePublished":"2024-07-05T13:17:14+00:00","dateModified":"2025-03-19T10:40:19+00:00","breadcrumb":{"@id":"https:\/\/telemme.mmsh.fr\/?p=14409#breadcrumb"},"inLanguage":"fr-FR","potentialAction":[{"@type":"ReadAction","target":["https:\/\/telemme.mmsh.fr\/?p=14409"]}]},{"@type":"ImageObject","inLanguage":"fr-FR","@id":"https:\/\/telemme.mmsh.fr\/?p=14409#primaryimage","url":"https:\/\/telemme.mmsh.fr\/wp-content\/uploads\/2024\/07\/Zambernardi-Ambra-300x300-1.jpg","contentUrl":"https:\/\/telemme.mmsh.fr\/wp-content\/uploads\/2024\/07\/Zambernardi-Ambra-300x300-1.jpg","width":300,"height":300},{"@type":"BreadcrumbList","@id":"https:\/\/telemme.mmsh.fr\/?p=14409#breadcrumb","itemListElement":[{"@type":"ListItem","position":1,"name":"Accueil","item":"https:\/\/telemme.mmsh.fr\/"},{"@type":"ListItem","position":2,"name":"Actualit\u00e9s","item":"https:\/\/telemme.mmsh.fr\/?cat=1995"},{"@type":"ListItem","position":3,"name":"Informations","item":"https:\/\/telemme.mmsh.fr\/?cat=2007"},{"@type":"ListItem","position":4,"name":"TELEMMe accueille Ambra Zambernardi"}]},{"@type":"WebSite","@id":"https:\/\/telemme.mmsh.fr\/#website","url":"https:\/\/telemme.mmsh.fr\/","name":"TELEMMe - Temps, espaces, langages, Europe m\u00e9ridionale, M\u00e9diterran\u00e9e","description":"","publisher":{"@id":"https:\/\/telemme.mmsh.fr\/#organization"},"potentialAction":[{"@type":"SearchAction","target":{"@type":"EntryPoint","urlTemplate":"https:\/\/telemme.mmsh.fr\/?s={search_term_string}"},"query-input":{"@type":"PropertyValueSpecification","valueRequired":true,"valueName":"search_term_string"}}],"inLanguage":"fr-FR"},{"@type":"Organization","@id":"https:\/\/telemme.mmsh.fr\/#organization","name":"TELEMMe","url":"https:\/\/telemme.mmsh.fr\/","logo":{"@type":"ImageObject","inLanguage":"fr-FR","@id":"https:\/\/telemme.mmsh.fr\/#\/schema\/logo\/image\/","url":"https:\/\/telemme.mmsh.fr\/wp-content\/uploads\/2020\/03\/LogoTELEMMe-horizontal-fond-transparent.png","contentUrl":"https:\/\/telemme.mmsh.fr\/wp-content\/uploads\/2020\/03\/LogoTELEMMe-horizontal-fond-transparent.png","width":1500,"height":437,"caption":"TELEMMe"},"image":{"@id":"https:\/\/telemme.mmsh.fr\/#\/schema\/logo\/image\/"}},{"@type":"Person","@id":"https:\/\/telemme.mmsh.fr\/#\/schema\/person\/c433e5fd025c00718f715ba73f040691","name":"Maja Mellet","url":"https:\/\/telemme.mmsh.fr\/?author=175"}]}},"_links":{"self":[{"href":"https:\/\/telemme.mmsh.fr\/index.php?rest_route=\/wp\/v2\/posts\/14409","targetHints":{"allow":["GET"]}}],"collection":[{"href":"https:\/\/telemme.mmsh.fr\/index.php?rest_route=\/wp\/v2\/posts"}],"about":[{"href":"https:\/\/telemme.mmsh.fr\/index.php?rest_route=\/wp\/v2\/types\/post"}],"author":[{"embeddable":true,"href":"https:\/\/telemme.mmsh.fr\/index.php?rest_route=\/wp\/v2\/users\/175"}],"replies":[{"embeddable":true,"href":"https:\/\/telemme.mmsh.fr\/index.php?rest_route=%2Fwp%2Fv2%2Fcomments&post=14409"}],"version-history":[{"count":3,"href":"https:\/\/telemme.mmsh.fr\/index.php?rest_route=\/wp\/v2\/posts\/14409\/revisions"}],"predecessor-version":[{"id":14414,"href":"https:\/\/telemme.mmsh.fr\/index.php?rest_route=\/wp\/v2\/posts\/14409\/revisions\/14414"}],"wp:featuredmedia":[{"embeddable":true,"href":"https:\/\/telemme.mmsh.fr\/index.php?rest_route=\/wp\/v2\/media\/14412"}],"wp:attachment":[{"href":"https:\/\/telemme.mmsh.fr\/index.php?rest_route=%2Fwp%2Fv2%2Fmedia&parent=14409"}],"wp:term":[{"taxonomy":"category","embeddable":true,"href":"https:\/\/telemme.mmsh.fr\/index.php?rest_route=%2Fwp%2Fv2%2Fcategories&post=14409"},{"taxonomy":"post_tag","embeddable":true,"href":"https:\/\/telemme.mmsh.fr\/index.php?rest_route=%2Fwp%2Fv2%2Ftags&post=14409"}],"curies":[{"name":"wp","href":"https:\/\/api.w.org\/{rel}","templated":true}]}}