{"id":14326,"date":"2024-05-27T14:52:59","date_gmt":"2024-05-27T12:52:59","guid":{"rendered":"https:\/\/telemme.mmsh.fr\/?p=14326"},"modified":"2025-01-20T12:13:45","modified_gmt":"2025-01-20T11:13:45","slug":"la-cite-des-choses-une-nouvelle-histoire-de-la-citoyennete","status":"publish","type":"post","link":"https:\/\/telemme.mmsh.fr\/?p=14326","title":{"rendered":"La Cit\u00e9 des choses. Une nouvelle histoire de la citoyennet\u00e9"},"content":{"rendered":"<blockquote>\n<p class=\"grand_titre couleur_5\"><em><strong><a href=\"http:\/\/www.editions-anacharsis.com\/La-Cite-des-choses\">La Cit\u00e9 des choses. Une nouvelle histoire de la citoyennet\u00e9<\/a><\/strong><\/em>, Simona Cerutti, <a href=\"https:\/\/telemme.mmsh.fr\/?membres=thomas-glesener\">Thomas Glesener<\/a> et Isabelle Grangaud (dir.), \u00e9dition Anacharsis, 2024, 480 pages<\/p>\n<\/blockquote>\n<div class=\"chapo\">\n<p>\u00c0 partir d\u2019une pluralit\u00e9 d\u2019enqu\u00eates ancr\u00e9es sur les deux rives de la M\u00e9diterran\u00e9e, du XVIe si\u00e8cle \u00e0 nos jours, cet ouvrage entreprend de remettre en perspective l\u2019histoire de la citoyennet\u00e9.<\/p>\n<\/div>\n<div class=\"texte\">\n<p>Situant les \u00ab\u00a0choses\u00a0\u00bb au c\u0153ur de l\u2019investigation \u2013 qu\u2019il s\u2019agisse d\u2019une barque \u00e0 Antibes, d\u2019un coffre \u00e0 Alger, d\u2019un h\u00f4tel squatt\u00e9 \u00e0 Turin, d\u2019une mosqu\u00e9e \u00e0 Tunis, de terres collectives \u00e0 Naples, d\u2019un mulet abandonn\u00e9 en Espagne \u2013, il d\u00e9voile comment les prises en charge des biens distribuent les hi\u00e9rarchies sociales et les statuts politiques. Ce livre r\u00e9v\u00e8le ainsi le pouvoir instituant des actions et des pratiques, par lesquelles les individus construisent leurs appartenances.<br class=\"autobr\" \/>D\u00e8s lors, <i>La Cit\u00e9 des choses<\/i> s\u2019affranchit des seuls mod\u00e8les politiques occidentaux pour mieux penser la citoyennet\u00e9 comme un ensemble de droits forg\u00e9s par des processus localis\u00e9s \u00e9chappant \u00e0 tout d\u00e9terminisme culturaliste\u00a0: un enjeu d\u2019une port\u00e9e politique actuelle \u00e9vidente.<\/p>\n<\/div>\n","protected":false},"excerpt":{"rendered":"<p>La Cit\u00e9 des choses. Une nouvelle histoire de la citoyennet\u00e9, Simona Cerutti, Thomas Glesener et Isabelle Grangaud (dir.), \u00e9dition Anacharsis, 2024, 480 pages \u00c0 partir d\u2019une pluralit\u00e9 d\u2019enqu\u00eates ancr\u00e9es sur&hellip;&nbsp;<a href=\"https:\/\/telemme.mmsh.fr\/?p=14326\" rel=\"bookmark\">Lire la suite &raquo;<span class=\"screen-reader-text\">La Cit\u00e9 des choses. Une nouvelle histoire de la citoyennet\u00e9<\/span><\/a><\/p>\n","protected":false},"author":175,"featured_media":15028,"comment_status":"closed","ping_status":"closed","sticky":false,"template":"","format":"standard","meta":{"neve_meta_sidebar":"","neve_meta_container":"","neve_meta_enable_content_width":"off","neve_meta_content_width":70,"neve_meta_title_alignment":"","neve_meta_author_avatar":"","neve_post_elements_order":"","neve_meta_disable_header":"","neve_meta_disable_footer":"","neve_meta_disable_title":"","_tribe_events_control_status":"","_tribe_events_control_status_canceled_reason":"","_tribe_events_control_status_postponed_reason":"","_tribe_events_control_online":"","_tribe_events_control_online_url":"","footnotes":""},"categories":[1742],"tags":[],"class_list":["post-14326","post","type-post","status-publish","format-standard","has-post-thumbnail","hentry","category-dir-ouvrage"],"yoast_head":"<!-- This site is optimized with the Yoast SEO plugin v27.4 - https:\/\/yoast.com\/product\/yoast-seo-wordpress\/ -->\n<title>La Cit\u00e9 des choses. Une nouvelle histoire de la citoyennet\u00e9 - TELEMMe - Temps, espaces, langages, Europe m\u00e9ridionale, M\u00e9diterran\u00e9e<\/title>\n<meta name=\"robots\" content=\"index, follow, max-snippet:-1, max-image-preview:large, max-video-preview:-1\" \/>\n<link rel=\"canonical\" href=\"https:\/\/telemme.mmsh.fr\/?p=14326\" \/>\n<meta property=\"og:locale\" content=\"fr_FR\" \/>\n<meta property=\"og:type\" content=\"article\" \/>\n<meta property=\"og:title\" content=\"La Cit\u00e9 des choses. Une nouvelle histoire de la citoyennet\u00e9 - TELEMMe - Temps, espaces, langages, Europe m\u00e9ridionale, M\u00e9diterran\u00e9e\" \/>\n<meta property=\"og:description\" content=\"La Cit\u00e9 des choses. Une nouvelle histoire de la citoyennet\u00e9, Simona Cerutti, Thomas Glesener et Isabelle Grangaud (dir.), \u00e9dition Anacharsis, 2024, 480 pages \u00c0 partir d\u2019une pluralit\u00e9 d\u2019enqu\u00eates ancr\u00e9es sur&hellip;&nbsp;Lire la suite &raquo;La Cit\u00e9 des choses. Une nouvelle histoire de la citoyennet\u00e9\" \/>\n<meta property=\"og:url\" content=\"https:\/\/telemme.mmsh.fr\/?p=14326\" \/>\n<meta property=\"og:site_name\" content=\"TELEMMe - Temps, espaces, langages, Europe m\u00e9ridionale, M\u00e9diterran\u00e9e\" \/>\n<meta property=\"article:published_time\" content=\"2024-05-27T12:52:59+00:00\" \/>\n<meta property=\"article:modified_time\" content=\"2025-01-20T11:13:45+00:00\" \/>\n<meta property=\"og:image\" content=\"https:\/\/telemme.mmsh.fr\/wp-content\/uploads\/2025\/01\/La-Cite-des-choses-Une-nouvelle-histoire-de-la-citoyennete.jpg\" \/>\n\t<meta property=\"og:image:width\" content=\"400\" \/>\n\t<meta property=\"og:image:height\" content=\"607\" \/>\n\t<meta property=\"og:image:type\" content=\"image\/jpeg\" \/>\n<meta name=\"author\" content=\"Maja Mellet\" \/>\n<meta name=\"twitter:card\" content=\"summary_large_image\" \/>\n<meta name=\"twitter:label1\" content=\"\u00c9crit par\" \/>\n\t<meta name=\"twitter:data1\" content=\"Maja Mellet\" \/>\n\t<meta name=\"twitter:label2\" content=\"Dur\u00e9e de lecture estim\u00e9e\" \/>\n\t<meta name=\"twitter:data2\" content=\"1 minute\" \/>\n<script type=\"application\/ld+json\" class=\"yoast-schema-graph\">{\"@context\":\"https:\\\/\\\/schema.org\",\"@graph\":[{\"@type\":\"Article\",\"@id\":\"https:\\\/\\\/telemme.mmsh.fr\\\/?p=14326#article\",\"isPartOf\":{\"@id\":\"https:\\\/\\\/telemme.mmsh.fr\\\/?p=14326\"},\"author\":{\"name\":\"Maja Mellet\",\"@id\":\"https:\\\/\\\/telemme.mmsh.fr\\\/#\\\/schema\\\/person\\\/c433e5fd025c00718f715ba73f040691\"},\"headline\":\"La Cit\u00e9 des choses. Une nouvelle histoire de la citoyennet\u00e9\",\"datePublished\":\"2024-05-27T12:52:59+00:00\",\"dateModified\":\"2025-01-20T11:13:45+00:00\",\"mainEntityOfPage\":{\"@id\":\"https:\\\/\\\/telemme.mmsh.fr\\\/?p=14326\"},\"wordCount\":195,\"publisher\":{\"@id\":\"https:\\\/\\\/telemme.mmsh.fr\\\/#organization\"},\"image\":{\"@id\":\"https:\\\/\\\/telemme.mmsh.fr\\\/?p=14326#primaryimage\"},\"thumbnailUrl\":\"https:\\\/\\\/telemme.mmsh.fr\\\/wp-content\\\/uploads\\\/2025\\\/01\\\/La-Cite-des-choses-Une-nouvelle-histoire-de-la-citoyennete.jpg\",\"articleSection\":[\"Directions d'ouvrage\"],\"inLanguage\":\"fr-FR\"},{\"@type\":\"WebPage\",\"@id\":\"https:\\\/\\\/telemme.mmsh.fr\\\/?p=14326\",\"url\":\"https:\\\/\\\/telemme.mmsh.fr\\\/?p=14326\",\"name\":\"La Cit\u00e9 des choses. Une nouvelle histoire de la citoyennet\u00e9 - TELEMMe - Temps, espaces, langages, Europe m\u00e9ridionale, M\u00e9diterran\u00e9e\",\"isPartOf\":{\"@id\":\"https:\\\/\\\/telemme.mmsh.fr\\\/#website\"},\"primaryImageOfPage\":{\"@id\":\"https:\\\/\\\/telemme.mmsh.fr\\\/?p=14326#primaryimage\"},\"image\":{\"@id\":\"https:\\\/\\\/telemme.mmsh.fr\\\/?p=14326#primaryimage\"},\"thumbnailUrl\":\"https:\\\/\\\/telemme.mmsh.fr\\\/wp-content\\\/uploads\\\/2025\\\/01\\\/La-Cite-des-choses-Une-nouvelle-histoire-de-la-citoyennete.jpg\",\"datePublished\":\"2024-05-27T12:52:59+00:00\",\"dateModified\":\"2025-01-20T11:13:45+00:00\",\"breadcrumb\":{\"@id\":\"https:\\\/\\\/telemme.mmsh.fr\\\/?p=14326#breadcrumb\"},\"inLanguage\":\"fr-FR\",\"potentialAction\":[{\"@type\":\"ReadAction\",\"target\":[\"https:\\\/\\\/telemme.mmsh.fr\\\/?p=14326\"]}]},{\"@type\":\"ImageObject\",\"inLanguage\":\"fr-FR\",\"@id\":\"https:\\\/\\\/telemme.mmsh.fr\\\/?p=14326#primaryimage\",\"url\":\"https:\\\/\\\/telemme.mmsh.fr\\\/wp-content\\\/uploads\\\/2025\\\/01\\\/La-Cite-des-choses-Une-nouvelle-histoire-de-la-citoyennete.jpg\",\"contentUrl\":\"https:\\\/\\\/telemme.mmsh.fr\\\/wp-content\\\/uploads\\\/2025\\\/01\\\/La-Cite-des-choses-Une-nouvelle-histoire-de-la-citoyennete.jpg\",\"width\":400,\"height\":607,\"caption\":\"Couverture de La Cit\u00e9 des Choses : une nouvelle histoire de la citoyennet\u00e9\"},{\"@type\":\"BreadcrumbList\",\"@id\":\"https:\\\/\\\/telemme.mmsh.fr\\\/?p=14326#breadcrumb\",\"itemListElement\":[{\"@type\":\"ListItem\",\"position\":1,\"name\":\"Accueil\",\"item\":\"https:\\\/\\\/telemme.mmsh.fr\\\/\"},{\"@type\":\"ListItem\",\"position\":2,\"name\":\"Publications\",\"item\":\"https:\\\/\\\/telemme.mmsh.fr\\\/?cat=1738\"},{\"@type\":\"ListItem\",\"position\":3,\"name\":\"Directions d'ouvrage\",\"item\":\"https:\\\/\\\/telemme.mmsh.fr\\\/?cat=1742\"},{\"@type\":\"ListItem\",\"position\":4,\"name\":\"La Cit\u00e9 des choses. Une nouvelle histoire de la citoyennet\u00e9\"}]},{\"@type\":\"WebSite\",\"@id\":\"https:\\\/\\\/telemme.mmsh.fr\\\/#website\",\"url\":\"https:\\\/\\\/telemme.mmsh.fr\\\/\",\"name\":\"TELEMMe - Temps, espaces, langages, Europe m\u00e9ridionale, M\u00e9diterran\u00e9e\",\"description\":\"\",\"publisher\":{\"@id\":\"https:\\\/\\\/telemme.mmsh.fr\\\/#organization\"},\"potentialAction\":[{\"@type\":\"SearchAction\",\"target\":{\"@type\":\"EntryPoint\",\"urlTemplate\":\"https:\\\/\\\/telemme.mmsh.fr\\\/?s={search_term_string}\"},\"query-input\":{\"@type\":\"PropertyValueSpecification\",\"valueRequired\":true,\"valueName\":\"search_term_string\"}}],\"inLanguage\":\"fr-FR\"},{\"@type\":\"Organization\",\"@id\":\"https:\\\/\\\/telemme.mmsh.fr\\\/#organization\",\"name\":\"TELEMMe\",\"url\":\"https:\\\/\\\/telemme.mmsh.fr\\\/\",\"logo\":{\"@type\":\"ImageObject\",\"inLanguage\":\"fr-FR\",\"@id\":\"https:\\\/\\\/telemme.mmsh.fr\\\/#\\\/schema\\\/logo\\\/image\\\/\",\"url\":\"https:\\\/\\\/telemme.mmsh.fr\\\/wp-content\\\/uploads\\\/2020\\\/03\\\/LogoTELEMMe-horizontal-fond-transparent.png\",\"contentUrl\":\"https:\\\/\\\/telemme.mmsh.fr\\\/wp-content\\\/uploads\\\/2020\\\/03\\\/LogoTELEMMe-horizontal-fond-transparent.png\",\"width\":1500,\"height\":437,\"caption\":\"TELEMMe\"},\"image\":{\"@id\":\"https:\\\/\\\/telemme.mmsh.fr\\\/#\\\/schema\\\/logo\\\/image\\\/\"}},{\"@type\":\"Person\",\"@id\":\"https:\\\/\\\/telemme.mmsh.fr\\\/#\\\/schema\\\/person\\\/c433e5fd025c00718f715ba73f040691\",\"name\":\"Maja Mellet\",\"url\":\"https:\\\/\\\/telemme.mmsh.fr\\\/?author=175\"}]}<\/script>\n<!-- \/ Yoast SEO plugin. -->","yoast_head_json":{"title":"La Cit\u00e9 des choses. Une nouvelle histoire de la citoyennet\u00e9 - TELEMMe - Temps, espaces, langages, Europe m\u00e9ridionale, M\u00e9diterran\u00e9e","robots":{"index":"index","follow":"follow","max-snippet":"max-snippet:-1","max-image-preview":"max-image-preview:large","max-video-preview":"max-video-preview:-1"},"canonical":"https:\/\/telemme.mmsh.fr\/?p=14326","og_locale":"fr_FR","og_type":"article","og_title":"La Cit\u00e9 des choses. Une nouvelle histoire de la citoyennet\u00e9 - TELEMMe - Temps, espaces, langages, Europe m\u00e9ridionale, M\u00e9diterran\u00e9e","og_description":"La Cit\u00e9 des choses. Une nouvelle histoire de la citoyennet\u00e9, Simona Cerutti, Thomas Glesener et Isabelle Grangaud (dir.), \u00e9dition Anacharsis, 2024, 480 pages \u00c0 partir d\u2019une pluralit\u00e9 d\u2019enqu\u00eates ancr\u00e9es sur&hellip;&nbsp;Lire la suite &raquo;La Cit\u00e9 des choses. Une nouvelle histoire de la citoyennet\u00e9","og_url":"https:\/\/telemme.mmsh.fr\/?p=14326","og_site_name":"TELEMMe - Temps, espaces, langages, Europe m\u00e9ridionale, M\u00e9diterran\u00e9e","article_published_time":"2024-05-27T12:52:59+00:00","article_modified_time":"2025-01-20T11:13:45+00:00","og_image":[{"width":400,"height":607,"url":"https:\/\/telemme.mmsh.fr\/wp-content\/uploads\/2025\/01\/La-Cite-des-choses-Une-nouvelle-histoire-de-la-citoyennete.jpg","type":"image\/jpeg"}],"author":"Maja Mellet","twitter_card":"summary_large_image","twitter_misc":{"\u00c9crit par":"Maja Mellet","Dur\u00e9e de lecture estim\u00e9e":"1 minute"},"schema":{"@context":"https:\/\/schema.org","@graph":[{"@type":"Article","@id":"https:\/\/telemme.mmsh.fr\/?p=14326#article","isPartOf":{"@id":"https:\/\/telemme.mmsh.fr\/?p=14326"},"author":{"name":"Maja Mellet","@id":"https:\/\/telemme.mmsh.fr\/#\/schema\/person\/c433e5fd025c00718f715ba73f040691"},"headline":"La Cit\u00e9 des choses. Une nouvelle histoire de la citoyennet\u00e9","datePublished":"2024-05-27T12:52:59+00:00","dateModified":"2025-01-20T11:13:45+00:00","mainEntityOfPage":{"@id":"https:\/\/telemme.mmsh.fr\/?p=14326"},"wordCount":195,"publisher":{"@id":"https:\/\/telemme.mmsh.fr\/#organization"},"image":{"@id":"https:\/\/telemme.mmsh.fr\/?p=14326#primaryimage"},"thumbnailUrl":"https:\/\/telemme.mmsh.fr\/wp-content\/uploads\/2025\/01\/La-Cite-des-choses-Une-nouvelle-histoire-de-la-citoyennete.jpg","articleSection":["Directions d'ouvrage"],"inLanguage":"fr-FR"},{"@type":"WebPage","@id":"https:\/\/telemme.mmsh.fr\/?p=14326","url":"https:\/\/telemme.mmsh.fr\/?p=14326","name":"La Cit\u00e9 des choses. Une nouvelle histoire de la citoyennet\u00e9 - TELEMMe - Temps, espaces, langages, Europe m\u00e9ridionale, M\u00e9diterran\u00e9e","isPartOf":{"@id":"https:\/\/telemme.mmsh.fr\/#website"},"primaryImageOfPage":{"@id":"https:\/\/telemme.mmsh.fr\/?p=14326#primaryimage"},"image":{"@id":"https:\/\/telemme.mmsh.fr\/?p=14326#primaryimage"},"thumbnailUrl":"https:\/\/telemme.mmsh.fr\/wp-content\/uploads\/2025\/01\/La-Cite-des-choses-Une-nouvelle-histoire-de-la-citoyennete.jpg","datePublished":"2024-05-27T12:52:59+00:00","dateModified":"2025-01-20T11:13:45+00:00","breadcrumb":{"@id":"https:\/\/telemme.mmsh.fr\/?p=14326#breadcrumb"},"inLanguage":"fr-FR","potentialAction":[{"@type":"ReadAction","target":["https:\/\/telemme.mmsh.fr\/?p=14326"]}]},{"@type":"ImageObject","inLanguage":"fr-FR","@id":"https:\/\/telemme.mmsh.fr\/?p=14326#primaryimage","url":"https:\/\/telemme.mmsh.fr\/wp-content\/uploads\/2025\/01\/La-Cite-des-choses-Une-nouvelle-histoire-de-la-citoyennete.jpg","contentUrl":"https:\/\/telemme.mmsh.fr\/wp-content\/uploads\/2025\/01\/La-Cite-des-choses-Une-nouvelle-histoire-de-la-citoyennete.jpg","width":400,"height":607,"caption":"Couverture de La Cit\u00e9 des Choses : une nouvelle histoire de la citoyennet\u00e9"},{"@type":"BreadcrumbList","@id":"https:\/\/telemme.mmsh.fr\/?p=14326#breadcrumb","itemListElement":[{"@type":"ListItem","position":1,"name":"Accueil","item":"https:\/\/telemme.mmsh.fr\/"},{"@type":"ListItem","position":2,"name":"Publications","item":"https:\/\/telemme.mmsh.fr\/?cat=1738"},{"@type":"ListItem","position":3,"name":"Directions d'ouvrage","item":"https:\/\/telemme.mmsh.fr\/?cat=1742"},{"@type":"ListItem","position":4,"name":"La Cit\u00e9 des choses. Une nouvelle histoire de la citoyennet\u00e9"}]},{"@type":"WebSite","@id":"https:\/\/telemme.mmsh.fr\/#website","url":"https:\/\/telemme.mmsh.fr\/","name":"TELEMMe - Temps, espaces, langages, Europe m\u00e9ridionale, M\u00e9diterran\u00e9e","description":"","publisher":{"@id":"https:\/\/telemme.mmsh.fr\/#organization"},"potentialAction":[{"@type":"SearchAction","target":{"@type":"EntryPoint","urlTemplate":"https:\/\/telemme.mmsh.fr\/?s={search_term_string}"},"query-input":{"@type":"PropertyValueSpecification","valueRequired":true,"valueName":"search_term_string"}}],"inLanguage":"fr-FR"},{"@type":"Organization","@id":"https:\/\/telemme.mmsh.fr\/#organization","name":"TELEMMe","url":"https:\/\/telemme.mmsh.fr\/","logo":{"@type":"ImageObject","inLanguage":"fr-FR","@id":"https:\/\/telemme.mmsh.fr\/#\/schema\/logo\/image\/","url":"https:\/\/telemme.mmsh.fr\/wp-content\/uploads\/2020\/03\/LogoTELEMMe-horizontal-fond-transparent.png","contentUrl":"https:\/\/telemme.mmsh.fr\/wp-content\/uploads\/2020\/03\/LogoTELEMMe-horizontal-fond-transparent.png","width":1500,"height":437,"caption":"TELEMMe"},"image":{"@id":"https:\/\/telemme.mmsh.fr\/#\/schema\/logo\/image\/"}},{"@type":"Person","@id":"https:\/\/telemme.mmsh.fr\/#\/schema\/person\/c433e5fd025c00718f715ba73f040691","name":"Maja Mellet","url":"https:\/\/telemme.mmsh.fr\/?author=175"}]}},"_links":{"self":[{"href":"https:\/\/telemme.mmsh.fr\/index.php?rest_route=\/wp\/v2\/posts\/14326","targetHints":{"allow":["GET"]}}],"collection":[{"href":"https:\/\/telemme.mmsh.fr\/index.php?rest_route=\/wp\/v2\/posts"}],"about":[{"href":"https:\/\/telemme.mmsh.fr\/index.php?rest_route=\/wp\/v2\/types\/post"}],"author":[{"embeddable":true,"href":"https:\/\/telemme.mmsh.fr\/index.php?rest_route=\/wp\/v2\/users\/175"}],"replies":[{"embeddable":true,"href":"https:\/\/telemme.mmsh.fr\/index.php?rest_route=%2Fwp%2Fv2%2Fcomments&post=14326"}],"version-history":[{"count":5,"href":"https:\/\/telemme.mmsh.fr\/index.php?rest_route=\/wp\/v2\/posts\/14326\/revisions"}],"predecessor-version":[{"id":15096,"href":"https:\/\/telemme.mmsh.fr\/index.php?rest_route=\/wp\/v2\/posts\/14326\/revisions\/15096"}],"wp:featuredmedia":[{"embeddable":true,"href":"https:\/\/telemme.mmsh.fr\/index.php?rest_route=\/wp\/v2\/media\/15028"}],"wp:attachment":[{"href":"https:\/\/telemme.mmsh.fr\/index.php?rest_route=%2Fwp%2Fv2%2Fmedia&parent=14326"}],"wp:term":[{"taxonomy":"category","embeddable":true,"href":"https:\/\/telemme.mmsh.fr\/index.php?rest_route=%2Fwp%2Fv2%2Fcategories&post=14326"},{"taxonomy":"post_tag","embeddable":true,"href":"https:\/\/telemme.mmsh.fr\/index.php?rest_route=%2Fwp%2Fv2%2Ftags&post=14326"}],"curies":[{"name":"wp","href":"https:\/\/api.w.org\/{rel}","templated":true}]}}