{"id":14318,"date":"2024-05-27T12:11:47","date_gmt":"2024-05-27T10:11:47","guid":{"rendered":"https:\/\/telemme.mmsh.fr\/?p=14318"},"modified":"2024-09-03T14:53:29","modified_gmt":"2024-09-03T12:53:29","slug":"14318","status":"publish","type":"post","link":"https:\/\/telemme.mmsh.fr\/?p=14318","title":{"rendered":"Prouver et \u00e9prouver l\u2019ethnicit\u00e9. R\u00e9fugi\u00e9s d\u2019origine africaine en Jordanie\u00a0"},"content":{"rendered":"<p>Cher.es coll\u00e8gues,<\/p>\n<p>J\u2019ai le plaisir de vous annoncer ma soutenance de th\u00e8se, intitul\u00e9e\u00a0:<\/p>\n<p><strong>\u00ab\u00a0Prouver et \u00e9prouver l\u2019ethnicit\u00e9. R\u00e9fugi\u00e9s d\u2019origine africaine en Jordanie\u00a0\u00bb<\/strong>.<\/p>\n<p>Elle se tiendra \u00e0 la MMSH d\u2019Aix-en-Provence, 5 rue Ch\u00e2teau de l\u2019Horloge, <strong>salle Duby, le 28 mai 2024 \u00e0 11h<\/strong>.<\/p>\n<p>Si vous souhaitez assister \u00e0 la soutenance \u00e0 distance, je vous prie de bien m\u2019\u00e9crire \u00e0 l\u2019adresse suivante\u00a0: <a href=\"mailto:almajali.solenn@gmail.com\">almajali.solenn@gmail.com<\/a> .<\/p>\n<p>Le jury sera compos\u00e9 de\u00a0:<\/p>\n<ul>\n<li>Karima DIR\u00c8CHE, Directrice de recherche au CNRS (TELEMMe), Directrice de th\u00e8se<\/li>\n<li>St\u00e9phanie LATTE ABDALLAH, Directrice de recherche au CNRS (C\u00e9sor\/EHESS), Co-directrice de th\u00e8se<\/li>\n<li>H\u00e9l\u00e8ne BERTHELEU, Professeure des universit\u00e9s, Universit\u00e9 de Tours, Rapporteure et Pr\u00e9sidente du jury<\/li>\n<li>Riadh BEN KHALIFA, Ma\u00eetre de conf\u00e9rence (HDR), Universit\u00e9 de Tunis, Rapporteur<\/li>\n<li>H\u00e9l\u00e8ne THIOLLET, Charg\u00e9e de recherche au CNRS (CERI), Examinatrice<\/li>\n<li>Nicolas PUIG, Directeur de recherche \u00e0 l\u2019IRD, Examinateur<\/li>\n<li>Iris SERI-HERSCH, Ma\u00eetresse de conf\u00e9rence, Universit\u00e9 Aix-Marseille, Examinatrice<\/li>\n<li>Assaf DAHDAH, Charg\u00e9 de recherche au CNRS (LEST), Examinateur<\/li>\n<\/ul>\n<h3>R\u00e9sum\u00e9 :<\/h3>\n<p>La th\u00e8se se penche sur les interactions multi-scalaires de deux groupes de r\u00e9fugi\u00e9s, somaliens et y\u00e9m\u00e9nites m\u00e9tis, avec leur environnement humanitaire et leurs r\u00e9seaux de sociabilit\u00e9 en Jordanie. Ces deux groupes sont imbriqu\u00e9s dans la \u00ab n\u00e9buleuse du \u2018syst\u00e8me r\u00e9fugi\u00e9\u2019 \u00bb constitu\u00e9e, \u00e0 diff\u00e9rents niveaux, par les acteurs humanitaires, les autres groupes de r\u00e9fugi\u00e9s et les populations locales. En adoptant une approche par les relations interethniques, cette recherche vise \u00e0 mettre en \u00e9vidence l\u2019\u00e9paisseur de ces interactions \u00e0 l\u2019aune des trajectoires migratoires des r\u00e9fugi\u00e9s, des cat\u00e9gorisations ethniques et raciales qui s\u2019ensuivent, des repr\u00e9sentations et des imaginaires sociaux de chacun des groupes. Ainsi, au sein du faisceau d\u2019acteurs avec lesquels les r\u00e9fugi\u00e9s somaliens et y\u00e9m\u00e9nites interagissent, dans quelle mesure le rapport d\u2019ethnicit\u00e9 influence-t-il leurs relations du quotidien ? Au croisement d\u2019une anthropologie des relations interethniques, de la racialisation et de la migration, cette recherche propose une analyse processuelle et dynamique des rapports entre les groupes de r\u00e9fugi\u00e9s somaliens et y\u00e9m\u00e9nites m\u00e9tis, avec les populations locales, le statut de r\u00e9fugi\u00e9 et les ethnicit\u00e9s multiples. Quartier populaire situ\u00e9 au c\u0153ur historique et politique d\u2019Amman, Hayy al-Masarwah appara\u00eet comme la sc\u00e8ne principale des relations interethniques au quotidien. Il est le th\u00e9\u00e2tre des vies ordinaires de familles jordaniennes, des r\u00e9fugi\u00e9s somaliens, y\u00e9m\u00e9nites m\u00e9tis et soudanais, d\u2019ouvriers \u00e9gyptiens, des travailleuses philippines, bangladaises, et \u00e9thiopiennes. \u00c0 travers une \u00e9tude des interactions quotidiennes dans les caf\u00e9s du quartier, sur les terrains de football informel, dans les espaces nocturnes et festifs d\u2019Amman, j\u2019explore les fronti\u00e8res ethniques et les relations interethniques en tant qu\u2019elles font \u00e9clore des processus de racialisation mais aussi de nouvelles sociabilit\u00e9s. Afin d\u2019appr\u00e9hender les reconfigurations identitaires et culturelles en jeu, une \u00e9tude par les relations interethniques n\u00e9cessite de penser la pr\u00e9sence des r\u00e9fugi\u00e9s en symbiose avec la pr\u00e9sence d\u2019autres groupes ethniques. Ce travail est le fruit d\u2019une longue ethnographie, principalement aupr\u00e8s de jeunes r\u00e9fugi\u00e9s. Elle conjugue \u00e0 la fois une reconstitution des r\u00e9cits de vie et des participations associatives observantes. La th\u00e8se repose sur trois grandes parties articulant les parcours migratoires fragment\u00e9s des r\u00e9fugi\u00e9s, aux processus de cat\u00e9gorisations ethniques et raciales en cours, et enfin \u00e0 la fabrique des fronti\u00e8res ethniques et des sociabilit\u00e9s dans le Hayy (quartier).<\/p>\n<p>Bien cordialement,<\/p>\n<p>Solenn Al Majali<\/p>\n","protected":false},"excerpt":{"rendered":"<p>Cher.es coll\u00e8gues, J\u2019ai le plaisir de vous annoncer ma soutenance de th\u00e8se, intitul\u00e9e\u00a0: \u00ab\u00a0Prouver et \u00e9prouver l\u2019ethnicit\u00e9. R\u00e9fugi\u00e9s d\u2019origine africaine en Jordanie\u00a0\u00bb. Elle se tiendra \u00e0 la MMSH d\u2019Aix-en-Provence, 5&hellip;&nbsp;<a href=\"https:\/\/telemme.mmsh.fr\/?p=14318\" rel=\"bookmark\">Lire la suite &raquo;<span class=\"screen-reader-text\">Prouver et \u00e9prouver l\u2019ethnicit\u00e9. R\u00e9fugi\u00e9s d\u2019origine africaine en Jordanie\u00a0<\/span><\/a><\/p>\n","protected":false},"author":175,"featured_media":14319,"comment_status":"closed","ping_status":"closed","sticky":false,"template":"","format":"standard","meta":{"neve_meta_sidebar":"","neve_meta_container":"","neve_meta_enable_content_width":"off","neve_meta_content_width":70,"neve_meta_title_alignment":"","neve_meta_author_avatar":"","neve_post_elements_order":"","neve_meta_disable_header":"","neve_meta_disable_footer":"","neve_meta_disable_title":"","_tribe_events_control_status":"","_tribe_events_control_status_canceled_reason":"","_tribe_events_control_status_postponed_reason":"","_tribe_events_control_online":"","_tribe_events_control_online_url":"","footnotes":""},"categories":[1999],"tags":[],"class_list":["post-14318","post","type-post","status-publish","format-standard","has-post-thumbnail","hentry","category-soutenance-these"],"yoast_head":"<!-- This site is optimized with the Yoast SEO plugin v27.4 - https:\/\/yoast.com\/product\/yoast-seo-wordpress\/ -->\n<title>Prouver et \u00e9prouver l\u2019ethnicit\u00e9. R\u00e9fugi\u00e9s d\u2019origine africaine en Jordanie\u00a0 - TELEMMe - Temps, espaces, langages, Europe m\u00e9ridionale, M\u00e9diterran\u00e9e<\/title>\n<meta name=\"robots\" content=\"index, follow, max-snippet:-1, max-image-preview:large, max-video-preview:-1\" \/>\n<link rel=\"canonical\" href=\"https:\/\/telemme.mmsh.fr\/?p=14318\" \/>\n<meta property=\"og:locale\" content=\"fr_FR\" \/>\n<meta property=\"og:type\" content=\"article\" \/>\n<meta property=\"og:title\" content=\"Prouver et \u00e9prouver l\u2019ethnicit\u00e9. R\u00e9fugi\u00e9s d\u2019origine africaine en Jordanie\u00a0 - TELEMMe - Temps, espaces, langages, Europe m\u00e9ridionale, M\u00e9diterran\u00e9e\" \/>\n<meta property=\"og:description\" content=\"Cher.es coll\u00e8gues, J\u2019ai le plaisir de vous annoncer ma soutenance de th\u00e8se, intitul\u00e9e\u00a0: \u00ab\u00a0Prouver et \u00e9prouver l\u2019ethnicit\u00e9. R\u00e9fugi\u00e9s d\u2019origine africaine en Jordanie\u00a0\u00bb. Elle se tiendra \u00e0 la MMSH d\u2019Aix-en-Provence, 5&hellip;&nbsp;Lire la suite &raquo;Prouver et \u00e9prouver l\u2019ethnicit\u00e9. R\u00e9fugi\u00e9s d\u2019origine africaine en Jordanie\u00a0\" \/>\n<meta property=\"og:url\" content=\"https:\/\/telemme.mmsh.fr\/?p=14318\" \/>\n<meta property=\"og:site_name\" content=\"TELEMMe - Temps, espaces, langages, Europe m\u00e9ridionale, M\u00e9diterran\u00e9e\" \/>\n<meta property=\"article:published_time\" content=\"2024-05-27T10:11:47+00:00\" \/>\n<meta property=\"article:modified_time\" content=\"2024-09-03T12:53:29+00:00\" \/>\n<meta property=\"og:image\" content=\"https:\/\/telemme.mmsh.fr\/wp-content\/uploads\/2024\/05\/solenn.jpg\" \/>\n\t<meta property=\"og:image:width\" content=\"280\" \/>\n\t<meta property=\"og:image:height\" content=\"210\" \/>\n\t<meta property=\"og:image:type\" content=\"image\/jpeg\" \/>\n<meta name=\"author\" content=\"Maja Mellet\" \/>\n<meta name=\"twitter:card\" content=\"summary_large_image\" \/>\n<meta name=\"twitter:label1\" content=\"\u00c9crit par\" \/>\n\t<meta name=\"twitter:data1\" content=\"Maja Mellet\" \/>\n\t<meta name=\"twitter:label2\" content=\"Dur\u00e9e de lecture estim\u00e9e\" \/>\n\t<meta name=\"twitter:data2\" content=\"3 minutes\" \/>\n<script type=\"application\/ld+json\" class=\"yoast-schema-graph\">{\"@context\":\"https:\\\/\\\/schema.org\",\"@graph\":[{\"@type\":\"Article\",\"@id\":\"https:\\\/\\\/telemme.mmsh.fr\\\/?p=14318#article\",\"isPartOf\":{\"@id\":\"https:\\\/\\\/telemme.mmsh.fr\\\/?p=14318\"},\"author\":{\"name\":\"Maja Mellet\",\"@id\":\"https:\\\/\\\/telemme.mmsh.fr\\\/#\\\/schema\\\/person\\\/c433e5fd025c00718f715ba73f040691\"},\"headline\":\"Prouver et \u00e9prouver l\u2019ethnicit\u00e9. R\u00e9fugi\u00e9s d\u2019origine africaine en Jordanie\u00a0\",\"datePublished\":\"2024-05-27T10:11:47+00:00\",\"dateModified\":\"2024-09-03T12:53:29+00:00\",\"mainEntityOfPage\":{\"@id\":\"https:\\\/\\\/telemme.mmsh.fr\\\/?p=14318\"},\"wordCount\":619,\"publisher\":{\"@id\":\"https:\\\/\\\/telemme.mmsh.fr\\\/#organization\"},\"image\":{\"@id\":\"https:\\\/\\\/telemme.mmsh.fr\\\/?p=14318#primaryimage\"},\"thumbnailUrl\":\"https:\\\/\\\/telemme.mmsh.fr\\\/wp-content\\\/uploads\\\/2024\\\/05\\\/solenn.jpg\",\"articleSection\":[\"Soutenances de th\u00e8se\"],\"inLanguage\":\"fr-FR\"},{\"@type\":\"WebPage\",\"@id\":\"https:\\\/\\\/telemme.mmsh.fr\\\/?p=14318\",\"url\":\"https:\\\/\\\/telemme.mmsh.fr\\\/?p=14318\",\"name\":\"Prouver et \u00e9prouver l\u2019ethnicit\u00e9. R\u00e9fugi\u00e9s d\u2019origine africaine en Jordanie\u00a0 - TELEMMe - Temps, espaces, langages, Europe m\u00e9ridionale, M\u00e9diterran\u00e9e\",\"isPartOf\":{\"@id\":\"https:\\\/\\\/telemme.mmsh.fr\\\/#website\"},\"primaryImageOfPage\":{\"@id\":\"https:\\\/\\\/telemme.mmsh.fr\\\/?p=14318#primaryimage\"},\"image\":{\"@id\":\"https:\\\/\\\/telemme.mmsh.fr\\\/?p=14318#primaryimage\"},\"thumbnailUrl\":\"https:\\\/\\\/telemme.mmsh.fr\\\/wp-content\\\/uploads\\\/2024\\\/05\\\/solenn.jpg\",\"datePublished\":\"2024-05-27T10:11:47+00:00\",\"dateModified\":\"2024-09-03T12:53:29+00:00\",\"breadcrumb\":{\"@id\":\"https:\\\/\\\/telemme.mmsh.fr\\\/?p=14318#breadcrumb\"},\"inLanguage\":\"fr-FR\",\"potentialAction\":[{\"@type\":\"ReadAction\",\"target\":[\"https:\\\/\\\/telemme.mmsh.fr\\\/?p=14318\"]}]},{\"@type\":\"ImageObject\",\"inLanguage\":\"fr-FR\",\"@id\":\"https:\\\/\\\/telemme.mmsh.fr\\\/?p=14318#primaryimage\",\"url\":\"https:\\\/\\\/telemme.mmsh.fr\\\/wp-content\\\/uploads\\\/2024\\\/05\\\/solenn.jpg\",\"contentUrl\":\"https:\\\/\\\/telemme.mmsh.fr\\\/wp-content\\\/uploads\\\/2024\\\/05\\\/solenn.jpg\",\"width\":280,\"height\":210,\"caption\":\"Solenn Al Majali, 2019\"},{\"@type\":\"BreadcrumbList\",\"@id\":\"https:\\\/\\\/telemme.mmsh.fr\\\/?p=14318#breadcrumb\",\"itemListElement\":[{\"@type\":\"ListItem\",\"position\":1,\"name\":\"Accueil\",\"item\":\"https:\\\/\\\/telemme.mmsh.fr\\\/\"},{\"@type\":\"ListItem\",\"position\":2,\"name\":\"Actualit\u00e9s\",\"item\":\"https:\\\/\\\/telemme.mmsh.fr\\\/?cat=1995\"},{\"@type\":\"ListItem\",\"position\":3,\"name\":\"Soutenances de th\u00e8se\",\"item\":\"https:\\\/\\\/telemme.mmsh.fr\\\/?cat=1999\"},{\"@type\":\"ListItem\",\"position\":4,\"name\":\"Prouver et \u00e9prouver l\u2019ethnicit\u00e9. R\u00e9fugi\u00e9s d\u2019origine africaine en Jordanie\u00a0\"}]},{\"@type\":\"WebSite\",\"@id\":\"https:\\\/\\\/telemme.mmsh.fr\\\/#website\",\"url\":\"https:\\\/\\\/telemme.mmsh.fr\\\/\",\"name\":\"TELEMMe - Temps, espaces, langages, Europe m\u00e9ridionale, M\u00e9diterran\u00e9e\",\"description\":\"\",\"publisher\":{\"@id\":\"https:\\\/\\\/telemme.mmsh.fr\\\/#organization\"},\"potentialAction\":[{\"@type\":\"SearchAction\",\"target\":{\"@type\":\"EntryPoint\",\"urlTemplate\":\"https:\\\/\\\/telemme.mmsh.fr\\\/?s={search_term_string}\"},\"query-input\":{\"@type\":\"PropertyValueSpecification\",\"valueRequired\":true,\"valueName\":\"search_term_string\"}}],\"inLanguage\":\"fr-FR\"},{\"@type\":\"Organization\",\"@id\":\"https:\\\/\\\/telemme.mmsh.fr\\\/#organization\",\"name\":\"TELEMMe\",\"url\":\"https:\\\/\\\/telemme.mmsh.fr\\\/\",\"logo\":{\"@type\":\"ImageObject\",\"inLanguage\":\"fr-FR\",\"@id\":\"https:\\\/\\\/telemme.mmsh.fr\\\/#\\\/schema\\\/logo\\\/image\\\/\",\"url\":\"https:\\\/\\\/telemme.mmsh.fr\\\/wp-content\\\/uploads\\\/2020\\\/03\\\/LogoTELEMMe-horizontal-fond-transparent.png\",\"contentUrl\":\"https:\\\/\\\/telemme.mmsh.fr\\\/wp-content\\\/uploads\\\/2020\\\/03\\\/LogoTELEMMe-horizontal-fond-transparent.png\",\"width\":1500,\"height\":437,\"caption\":\"TELEMMe\"},\"image\":{\"@id\":\"https:\\\/\\\/telemme.mmsh.fr\\\/#\\\/schema\\\/logo\\\/image\\\/\"}},{\"@type\":\"Person\",\"@id\":\"https:\\\/\\\/telemme.mmsh.fr\\\/#\\\/schema\\\/person\\\/c433e5fd025c00718f715ba73f040691\",\"name\":\"Maja Mellet\",\"url\":\"https:\\\/\\\/telemme.mmsh.fr\\\/?author=175\"}]}<\/script>\n<!-- \/ Yoast SEO plugin. -->","yoast_head_json":{"title":"Prouver et \u00e9prouver l\u2019ethnicit\u00e9. R\u00e9fugi\u00e9s d\u2019origine africaine en Jordanie\u00a0 - TELEMMe - Temps, espaces, langages, Europe m\u00e9ridionale, M\u00e9diterran\u00e9e","robots":{"index":"index","follow":"follow","max-snippet":"max-snippet:-1","max-image-preview":"max-image-preview:large","max-video-preview":"max-video-preview:-1"},"canonical":"https:\/\/telemme.mmsh.fr\/?p=14318","og_locale":"fr_FR","og_type":"article","og_title":"Prouver et \u00e9prouver l\u2019ethnicit\u00e9. R\u00e9fugi\u00e9s d\u2019origine africaine en Jordanie\u00a0 - TELEMMe - Temps, espaces, langages, Europe m\u00e9ridionale, M\u00e9diterran\u00e9e","og_description":"Cher.es coll\u00e8gues, J\u2019ai le plaisir de vous annoncer ma soutenance de th\u00e8se, intitul\u00e9e\u00a0: \u00ab\u00a0Prouver et \u00e9prouver l\u2019ethnicit\u00e9. R\u00e9fugi\u00e9s d\u2019origine africaine en Jordanie\u00a0\u00bb. Elle se tiendra \u00e0 la MMSH d\u2019Aix-en-Provence, 5&hellip;&nbsp;Lire la suite &raquo;Prouver et \u00e9prouver l\u2019ethnicit\u00e9. R\u00e9fugi\u00e9s d\u2019origine africaine en Jordanie\u00a0","og_url":"https:\/\/telemme.mmsh.fr\/?p=14318","og_site_name":"TELEMMe - Temps, espaces, langages, Europe m\u00e9ridionale, M\u00e9diterran\u00e9e","article_published_time":"2024-05-27T10:11:47+00:00","article_modified_time":"2024-09-03T12:53:29+00:00","og_image":[{"width":280,"height":210,"url":"https:\/\/telemme.mmsh.fr\/wp-content\/uploads\/2024\/05\/solenn.jpg","type":"image\/jpeg"}],"author":"Maja Mellet","twitter_card":"summary_large_image","twitter_misc":{"\u00c9crit par":"Maja Mellet","Dur\u00e9e de lecture estim\u00e9e":"3 minutes"},"schema":{"@context":"https:\/\/schema.org","@graph":[{"@type":"Article","@id":"https:\/\/telemme.mmsh.fr\/?p=14318#article","isPartOf":{"@id":"https:\/\/telemme.mmsh.fr\/?p=14318"},"author":{"name":"Maja Mellet","@id":"https:\/\/telemme.mmsh.fr\/#\/schema\/person\/c433e5fd025c00718f715ba73f040691"},"headline":"Prouver et \u00e9prouver l\u2019ethnicit\u00e9. R\u00e9fugi\u00e9s d\u2019origine africaine en Jordanie\u00a0","datePublished":"2024-05-27T10:11:47+00:00","dateModified":"2024-09-03T12:53:29+00:00","mainEntityOfPage":{"@id":"https:\/\/telemme.mmsh.fr\/?p=14318"},"wordCount":619,"publisher":{"@id":"https:\/\/telemme.mmsh.fr\/#organization"},"image":{"@id":"https:\/\/telemme.mmsh.fr\/?p=14318#primaryimage"},"thumbnailUrl":"https:\/\/telemme.mmsh.fr\/wp-content\/uploads\/2024\/05\/solenn.jpg","articleSection":["Soutenances de th\u00e8se"],"inLanguage":"fr-FR"},{"@type":"WebPage","@id":"https:\/\/telemme.mmsh.fr\/?p=14318","url":"https:\/\/telemme.mmsh.fr\/?p=14318","name":"Prouver et \u00e9prouver l\u2019ethnicit\u00e9. R\u00e9fugi\u00e9s d\u2019origine africaine en Jordanie\u00a0 - TELEMMe - Temps, espaces, langages, Europe m\u00e9ridionale, M\u00e9diterran\u00e9e","isPartOf":{"@id":"https:\/\/telemme.mmsh.fr\/#website"},"primaryImageOfPage":{"@id":"https:\/\/telemme.mmsh.fr\/?p=14318#primaryimage"},"image":{"@id":"https:\/\/telemme.mmsh.fr\/?p=14318#primaryimage"},"thumbnailUrl":"https:\/\/telemme.mmsh.fr\/wp-content\/uploads\/2024\/05\/solenn.jpg","datePublished":"2024-05-27T10:11:47+00:00","dateModified":"2024-09-03T12:53:29+00:00","breadcrumb":{"@id":"https:\/\/telemme.mmsh.fr\/?p=14318#breadcrumb"},"inLanguage":"fr-FR","potentialAction":[{"@type":"ReadAction","target":["https:\/\/telemme.mmsh.fr\/?p=14318"]}]},{"@type":"ImageObject","inLanguage":"fr-FR","@id":"https:\/\/telemme.mmsh.fr\/?p=14318#primaryimage","url":"https:\/\/telemme.mmsh.fr\/wp-content\/uploads\/2024\/05\/solenn.jpg","contentUrl":"https:\/\/telemme.mmsh.fr\/wp-content\/uploads\/2024\/05\/solenn.jpg","width":280,"height":210,"caption":"Solenn Al Majali, 2019"},{"@type":"BreadcrumbList","@id":"https:\/\/telemme.mmsh.fr\/?p=14318#breadcrumb","itemListElement":[{"@type":"ListItem","position":1,"name":"Accueil","item":"https:\/\/telemme.mmsh.fr\/"},{"@type":"ListItem","position":2,"name":"Actualit\u00e9s","item":"https:\/\/telemme.mmsh.fr\/?cat=1995"},{"@type":"ListItem","position":3,"name":"Soutenances de th\u00e8se","item":"https:\/\/telemme.mmsh.fr\/?cat=1999"},{"@type":"ListItem","position":4,"name":"Prouver et \u00e9prouver l\u2019ethnicit\u00e9. R\u00e9fugi\u00e9s d\u2019origine africaine en Jordanie\u00a0"}]},{"@type":"WebSite","@id":"https:\/\/telemme.mmsh.fr\/#website","url":"https:\/\/telemme.mmsh.fr\/","name":"TELEMMe - Temps, espaces, langages, Europe m\u00e9ridionale, M\u00e9diterran\u00e9e","description":"","publisher":{"@id":"https:\/\/telemme.mmsh.fr\/#organization"},"potentialAction":[{"@type":"SearchAction","target":{"@type":"EntryPoint","urlTemplate":"https:\/\/telemme.mmsh.fr\/?s={search_term_string}"},"query-input":{"@type":"PropertyValueSpecification","valueRequired":true,"valueName":"search_term_string"}}],"inLanguage":"fr-FR"},{"@type":"Organization","@id":"https:\/\/telemme.mmsh.fr\/#organization","name":"TELEMMe","url":"https:\/\/telemme.mmsh.fr\/","logo":{"@type":"ImageObject","inLanguage":"fr-FR","@id":"https:\/\/telemme.mmsh.fr\/#\/schema\/logo\/image\/","url":"https:\/\/telemme.mmsh.fr\/wp-content\/uploads\/2020\/03\/LogoTELEMMe-horizontal-fond-transparent.png","contentUrl":"https:\/\/telemme.mmsh.fr\/wp-content\/uploads\/2020\/03\/LogoTELEMMe-horizontal-fond-transparent.png","width":1500,"height":437,"caption":"TELEMMe"},"image":{"@id":"https:\/\/telemme.mmsh.fr\/#\/schema\/logo\/image\/"}},{"@type":"Person","@id":"https:\/\/telemme.mmsh.fr\/#\/schema\/person\/c433e5fd025c00718f715ba73f040691","name":"Maja Mellet","url":"https:\/\/telemme.mmsh.fr\/?author=175"}]}},"_links":{"self":[{"href":"https:\/\/telemme.mmsh.fr\/index.php?rest_route=\/wp\/v2\/posts\/14318","targetHints":{"allow":["GET"]}}],"collection":[{"href":"https:\/\/telemme.mmsh.fr\/index.php?rest_route=\/wp\/v2\/posts"}],"about":[{"href":"https:\/\/telemme.mmsh.fr\/index.php?rest_route=\/wp\/v2\/types\/post"}],"author":[{"embeddable":true,"href":"https:\/\/telemme.mmsh.fr\/index.php?rest_route=\/wp\/v2\/users\/175"}],"replies":[{"embeddable":true,"href":"https:\/\/telemme.mmsh.fr\/index.php?rest_route=%2Fwp%2Fv2%2Fcomments&post=14318"}],"version-history":[{"count":3,"href":"https:\/\/telemme.mmsh.fr\/index.php?rest_route=\/wp\/v2\/posts\/14318\/revisions"}],"predecessor-version":[{"id":14492,"href":"https:\/\/telemme.mmsh.fr\/index.php?rest_route=\/wp\/v2\/posts\/14318\/revisions\/14492"}],"wp:featuredmedia":[{"embeddable":true,"href":"https:\/\/telemme.mmsh.fr\/index.php?rest_route=\/wp\/v2\/media\/14319"}],"wp:attachment":[{"href":"https:\/\/telemme.mmsh.fr\/index.php?rest_route=%2Fwp%2Fv2%2Fmedia&parent=14318"}],"wp:term":[{"taxonomy":"category","embeddable":true,"href":"https:\/\/telemme.mmsh.fr\/index.php?rest_route=%2Fwp%2Fv2%2Fcategories&post=14318"},{"taxonomy":"post_tag","embeddable":true,"href":"https:\/\/telemme.mmsh.fr\/index.php?rest_route=%2Fwp%2Fv2%2Ftags&post=14318"}],"curies":[{"name":"wp","href":"https:\/\/api.w.org\/{rel}","templated":true}]}}