{"id":14275,"date":"2024-05-13T14:21:58","date_gmt":"2024-05-13T12:21:58","guid":{"rendered":"https:\/\/telemme.mmsh.fr\/?p=14275"},"modified":"2025-01-20T14:52:59","modified_gmt":"2025-01-20T13:52:59","slug":"les-aires-marines-protegees-vaines-promesses-et-vrais-enjeux-acceptations-conflits-ruptures","status":"publish","type":"post","link":"https:\/\/telemme.mmsh.fr\/?p=14275","title":{"rendered":"Les Aires marines prot\u00e9g\u00e9es, vaines promesses et vrais enjeux"},"content":{"rendered":"<blockquote><p><em><strong><a href=\"https:\/\/pur-editions.fr\/product\/9811\/les-aires-marines-protegees-vaines-promesses-et-vrais-enjeux\">Les Aires marines prot\u00e9g\u00e9es, vaines promesses et vrais enjeux. Acceptations, conflits, ruptures<\/a><\/strong><\/em>, Jean-Eudes Beuret et <a href=\"_wp_link_placeholder\" data-wplink-edit=\"true\">Anne Cadoret<\/a>,\u00a0<span class=\"x193iq5w xeuugli x13faqbe x1vvkbs x1xmvt09 x1lliihq x1s928wv xhkezso x1gmr53x x1cpjm7i x1fgarty x1943h6x xudqn12 x3x7a5m x6prxxf xvq8zen xo1l8bm xzsf02u x1yc453h\" dir=\"auto\"> Presses universitaires de Rennes, 2024, 382 pages<\/span><\/p><\/blockquote>\n<p>Promesse de conservation des oc\u00e9ans, objet d\u2019une v\u00e9ritable surench\u00e8re quantitative, les Aires marines prot\u00e9g\u00e9es (AMP) sont au c\u0153ur des politiques de conservation de la biodiversit\u00e9 marine. \u00c0 partir de l\u2019\u00e9tude de 13 AMP sur 5 continents, il s\u2019agit ici de d\u00e9m\u00ealer le vrai du faux : que vaut le classement en aire prot\u00e9g\u00e9e? Faut-il plus de r\u00e8glementations, comment sont-elles utilis\u00e9es ? Comment stimuler des politiques efficaces ? Sur le terrain, la vie des AMP est jalonn\u00e9e de conflits riches d\u2019enseignements : ils \u00e9clairent des insatisfactions, inefficacit\u00e9s, points de vue \u00e0 concilier, possibles compromis. Leur analyse r\u00e9v\u00e8le l\u2019existence d\u2019un mod\u00e8le g\u00e9n\u00e9rique appliqu\u00e9 partout, souvent incompris, moteur de conflits possibles. Associant la g\u00e9ographie des conflits, l\u2019\u00e9conomie des institutions et la <i>political ecology<\/i>, cet ouvrage permet de tracer des pistes op\u00e9rationnelles pour des aires marines prot\u00e9g\u00e9es mieux accept\u00e9es et plus efficaces. Il s\u2019adresse aux chercheurs, d\u00e9cideurs, gestionnaires d\u2019aires prot\u00e9g\u00e9es, mais aussi \u00e0 tous ceux qui sont interpell\u00e9s par l\u2019\u00e9rosion de la biodiversit\u00e9 et l\u2019urgence d\u2019une action de conservation efficace.<\/p>\n<p>La vid\u00e9o de Anne Cadoret et Jean-Eudes Beuret par <a href=\"https:\/\/www.facebook.com\/anne.cadoret.18\/videos\/2323892161289541\">ici.<\/a><\/p>\n","protected":false},"excerpt":{"rendered":"<p>Les Aires marines prot\u00e9g\u00e9es, vaines promesses et vrais enjeux. Acceptations, conflits, ruptures, Jean-Eudes Beuret et Anne Cadoret,\u00a0 Presses universitaires de Rennes, 2024, 382 pages Promesse de conservation des oc\u00e9ans, objet&hellip;&nbsp;<a href=\"https:\/\/telemme.mmsh.fr\/?p=14275\" rel=\"bookmark\">Lire la suite &raquo;<span class=\"screen-reader-text\">Les Aires marines prot\u00e9g\u00e9es, vaines promesses et vrais enjeux<\/span><\/a><\/p>\n","protected":false},"author":175,"featured_media":14276,"comment_status":"closed","ping_status":"closed","sticky":false,"template":"","format":"standard","meta":{"neve_meta_sidebar":"","neve_meta_container":"","neve_meta_enable_content_width":"off","neve_meta_content_width":70,"neve_meta_title_alignment":"","neve_meta_author_avatar":"","neve_post_elements_order":"","neve_meta_disable_header":"","neve_meta_disable_footer":"","neve_meta_disable_title":"","_tribe_events_control_status":"","_tribe_events_control_status_canceled_reason":"","_tribe_events_control_status_postponed_reason":"","_tribe_events_control_online":"","_tribe_events_control_online_url":"","footnotes":""},"categories":[1740],"tags":[],"class_list":["post-14275","post","type-post","status-publish","format-standard","has-post-thumbnail","hentry","category-ouvrages"],"yoast_head":"<!-- This site is optimized with the Yoast SEO plugin v27.4 - https:\/\/yoast.com\/product\/yoast-seo-wordpress\/ -->\n<title>Les Aires marines prot\u00e9g\u00e9es, vaines promesses et vrais enjeux - TELEMMe - Temps, espaces, langages, Europe m\u00e9ridionale, M\u00e9diterran\u00e9e<\/title>\n<meta name=\"robots\" content=\"index, follow, max-snippet:-1, max-image-preview:large, max-video-preview:-1\" \/>\n<link rel=\"canonical\" href=\"https:\/\/telemme.mmsh.fr\/?p=14275\" \/>\n<meta property=\"og:locale\" content=\"fr_FR\" \/>\n<meta property=\"og:type\" content=\"article\" \/>\n<meta property=\"og:title\" content=\"Les Aires marines prot\u00e9g\u00e9es, vaines promesses et vrais enjeux - TELEMMe - Temps, espaces, langages, Europe m\u00e9ridionale, M\u00e9diterran\u00e9e\" \/>\n<meta property=\"og:description\" content=\"Les Aires marines prot\u00e9g\u00e9es, vaines promesses et vrais enjeux. Acceptations, conflits, ruptures, Jean-Eudes Beuret et Anne Cadoret,\u00a0 Presses universitaires de Rennes, 2024, 382 pages Promesse de conservation des oc\u00e9ans, objet&hellip;&nbsp;Lire la suite &raquo;Les Aires marines prot\u00e9g\u00e9es, vaines promesses et vrais enjeux\" \/>\n<meta property=\"og:url\" content=\"https:\/\/telemme.mmsh.fr\/?p=14275\" \/>\n<meta property=\"og:site_name\" content=\"TELEMMe - Temps, espaces, langages, Europe m\u00e9ridionale, M\u00e9diterran\u00e9e\" \/>\n<meta property=\"article:published_time\" content=\"2024-05-13T12:21:58+00:00\" \/>\n<meta property=\"article:modified_time\" content=\"2025-01-20T13:52:59+00:00\" \/>\n<meta property=\"og:image\" content=\"https:\/\/telemme.mmsh.fr\/wp-content\/uploads\/2024\/05\/9811_raw.jpg\" \/>\n\t<meta property=\"og:image:width\" content=\"300\" \/>\n\t<meta property=\"og:image:height\" content=\"427\" \/>\n\t<meta property=\"og:image:type\" content=\"image\/jpeg\" \/>\n<meta name=\"author\" content=\"Maja Mellet\" \/>\n<meta name=\"twitter:card\" content=\"summary_large_image\" \/>\n<meta name=\"twitter:label1\" content=\"\u00c9crit par\" \/>\n\t<meta name=\"twitter:data1\" content=\"Maja Mellet\" \/>\n\t<meta name=\"twitter:label2\" content=\"Dur\u00e9e de lecture estim\u00e9e\" \/>\n\t<meta name=\"twitter:data2\" content=\"1 minute\" \/>\n<script type=\"application\/ld+json\" class=\"yoast-schema-graph\">{\"@context\":\"https:\\\/\\\/schema.org\",\"@graph\":[{\"@type\":\"Article\",\"@id\":\"https:\\\/\\\/telemme.mmsh.fr\\\/?p=14275#article\",\"isPartOf\":{\"@id\":\"https:\\\/\\\/telemme.mmsh.fr\\\/?p=14275\"},\"author\":{\"name\":\"Maja Mellet\",\"@id\":\"https:\\\/\\\/telemme.mmsh.fr\\\/#\\\/schema\\\/person\\\/c433e5fd025c00718f715ba73f040691\"},\"headline\":\"Les Aires marines prot\u00e9g\u00e9es, vaines promesses et vrais enjeux\",\"datePublished\":\"2024-05-13T12:21:58+00:00\",\"dateModified\":\"2025-01-20T13:52:59+00:00\",\"mainEntityOfPage\":{\"@id\":\"https:\\\/\\\/telemme.mmsh.fr\\\/?p=14275\"},\"wordCount\":243,\"publisher\":{\"@id\":\"https:\\\/\\\/telemme.mmsh.fr\\\/#organization\"},\"image\":{\"@id\":\"https:\\\/\\\/telemme.mmsh.fr\\\/?p=14275#primaryimage\"},\"thumbnailUrl\":\"https:\\\/\\\/telemme.mmsh.fr\\\/wp-content\\\/uploads\\\/2024\\\/05\\\/9811_raw.jpg\",\"articleSection\":[\"Ouvrages\"],\"inLanguage\":\"fr-FR\"},{\"@type\":\"WebPage\",\"@id\":\"https:\\\/\\\/telemme.mmsh.fr\\\/?p=14275\",\"url\":\"https:\\\/\\\/telemme.mmsh.fr\\\/?p=14275\",\"name\":\"Les Aires marines prot\u00e9g\u00e9es, vaines promesses et vrais enjeux - TELEMMe - Temps, espaces, langages, Europe m\u00e9ridionale, M\u00e9diterran\u00e9e\",\"isPartOf\":{\"@id\":\"https:\\\/\\\/telemme.mmsh.fr\\\/#website\"},\"primaryImageOfPage\":{\"@id\":\"https:\\\/\\\/telemme.mmsh.fr\\\/?p=14275#primaryimage\"},\"image\":{\"@id\":\"https:\\\/\\\/telemme.mmsh.fr\\\/?p=14275#primaryimage\"},\"thumbnailUrl\":\"https:\\\/\\\/telemme.mmsh.fr\\\/wp-content\\\/uploads\\\/2024\\\/05\\\/9811_raw.jpg\",\"datePublished\":\"2024-05-13T12:21:58+00:00\",\"dateModified\":\"2025-01-20T13:52:59+00:00\",\"breadcrumb\":{\"@id\":\"https:\\\/\\\/telemme.mmsh.fr\\\/?p=14275#breadcrumb\"},\"inLanguage\":\"fr-FR\",\"potentialAction\":[{\"@type\":\"ReadAction\",\"target\":[\"https:\\\/\\\/telemme.mmsh.fr\\\/?p=14275\"]}]},{\"@type\":\"ImageObject\",\"inLanguage\":\"fr-FR\",\"@id\":\"https:\\\/\\\/telemme.mmsh.fr\\\/?p=14275#primaryimage\",\"url\":\"https:\\\/\\\/telemme.mmsh.fr\\\/wp-content\\\/uploads\\\/2024\\\/05\\\/9811_raw.jpg\",\"contentUrl\":\"https:\\\/\\\/telemme.mmsh.fr\\\/wp-content\\\/uploads\\\/2024\\\/05\\\/9811_raw.jpg\",\"width\":300,\"height\":427},{\"@type\":\"BreadcrumbList\",\"@id\":\"https:\\\/\\\/telemme.mmsh.fr\\\/?p=14275#breadcrumb\",\"itemListElement\":[{\"@type\":\"ListItem\",\"position\":1,\"name\":\"Accueil\",\"item\":\"https:\\\/\\\/telemme.mmsh.fr\\\/\"},{\"@type\":\"ListItem\",\"position\":2,\"name\":\"Publications\",\"item\":\"https:\\\/\\\/telemme.mmsh.fr\\\/?cat=1738\"},{\"@type\":\"ListItem\",\"position\":3,\"name\":\"Ouvrages\",\"item\":\"https:\\\/\\\/telemme.mmsh.fr\\\/?cat=1740\"},{\"@type\":\"ListItem\",\"position\":4,\"name\":\"Les Aires marines prot\u00e9g\u00e9es, vaines promesses et vrais enjeux\"}]},{\"@type\":\"WebSite\",\"@id\":\"https:\\\/\\\/telemme.mmsh.fr\\\/#website\",\"url\":\"https:\\\/\\\/telemme.mmsh.fr\\\/\",\"name\":\"TELEMMe - Temps, espaces, langages, Europe m\u00e9ridionale, M\u00e9diterran\u00e9e\",\"description\":\"\",\"publisher\":{\"@id\":\"https:\\\/\\\/telemme.mmsh.fr\\\/#organization\"},\"potentialAction\":[{\"@type\":\"SearchAction\",\"target\":{\"@type\":\"EntryPoint\",\"urlTemplate\":\"https:\\\/\\\/telemme.mmsh.fr\\\/?s={search_term_string}\"},\"query-input\":{\"@type\":\"PropertyValueSpecification\",\"valueRequired\":true,\"valueName\":\"search_term_string\"}}],\"inLanguage\":\"fr-FR\"},{\"@type\":\"Organization\",\"@id\":\"https:\\\/\\\/telemme.mmsh.fr\\\/#organization\",\"name\":\"TELEMMe\",\"url\":\"https:\\\/\\\/telemme.mmsh.fr\\\/\",\"logo\":{\"@type\":\"ImageObject\",\"inLanguage\":\"fr-FR\",\"@id\":\"https:\\\/\\\/telemme.mmsh.fr\\\/#\\\/schema\\\/logo\\\/image\\\/\",\"url\":\"https:\\\/\\\/telemme.mmsh.fr\\\/wp-content\\\/uploads\\\/2020\\\/03\\\/LogoTELEMMe-horizontal-fond-transparent.png\",\"contentUrl\":\"https:\\\/\\\/telemme.mmsh.fr\\\/wp-content\\\/uploads\\\/2020\\\/03\\\/LogoTELEMMe-horizontal-fond-transparent.png\",\"width\":1500,\"height\":437,\"caption\":\"TELEMMe\"},\"image\":{\"@id\":\"https:\\\/\\\/telemme.mmsh.fr\\\/#\\\/schema\\\/logo\\\/image\\\/\"}},{\"@type\":\"Person\",\"@id\":\"https:\\\/\\\/telemme.mmsh.fr\\\/#\\\/schema\\\/person\\\/c433e5fd025c00718f715ba73f040691\",\"name\":\"Maja Mellet\",\"url\":\"https:\\\/\\\/telemme.mmsh.fr\\\/?author=175\"}]}<\/script>\n<!-- \/ Yoast SEO plugin. -->","yoast_head_json":{"title":"Les Aires marines prot\u00e9g\u00e9es, vaines promesses et vrais enjeux - TELEMMe - Temps, espaces, langages, Europe m\u00e9ridionale, M\u00e9diterran\u00e9e","robots":{"index":"index","follow":"follow","max-snippet":"max-snippet:-1","max-image-preview":"max-image-preview:large","max-video-preview":"max-video-preview:-1"},"canonical":"https:\/\/telemme.mmsh.fr\/?p=14275","og_locale":"fr_FR","og_type":"article","og_title":"Les Aires marines prot\u00e9g\u00e9es, vaines promesses et vrais enjeux - TELEMMe - Temps, espaces, langages, Europe m\u00e9ridionale, M\u00e9diterran\u00e9e","og_description":"Les Aires marines prot\u00e9g\u00e9es, vaines promesses et vrais enjeux. Acceptations, conflits, ruptures, Jean-Eudes Beuret et Anne Cadoret,\u00a0 Presses universitaires de Rennes, 2024, 382 pages Promesse de conservation des oc\u00e9ans, objet&hellip;&nbsp;Lire la suite &raquo;Les Aires marines prot\u00e9g\u00e9es, vaines promesses et vrais enjeux","og_url":"https:\/\/telemme.mmsh.fr\/?p=14275","og_site_name":"TELEMMe - Temps, espaces, langages, Europe m\u00e9ridionale, M\u00e9diterran\u00e9e","article_published_time":"2024-05-13T12:21:58+00:00","article_modified_time":"2025-01-20T13:52:59+00:00","og_image":[{"width":300,"height":427,"url":"https:\/\/telemme.mmsh.fr\/wp-content\/uploads\/2024\/05\/9811_raw.jpg","type":"image\/jpeg"}],"author":"Maja Mellet","twitter_card":"summary_large_image","twitter_misc":{"\u00c9crit par":"Maja Mellet","Dur\u00e9e de lecture estim\u00e9e":"1 minute"},"schema":{"@context":"https:\/\/schema.org","@graph":[{"@type":"Article","@id":"https:\/\/telemme.mmsh.fr\/?p=14275#article","isPartOf":{"@id":"https:\/\/telemme.mmsh.fr\/?p=14275"},"author":{"name":"Maja Mellet","@id":"https:\/\/telemme.mmsh.fr\/#\/schema\/person\/c433e5fd025c00718f715ba73f040691"},"headline":"Les Aires marines prot\u00e9g\u00e9es, vaines promesses et vrais enjeux","datePublished":"2024-05-13T12:21:58+00:00","dateModified":"2025-01-20T13:52:59+00:00","mainEntityOfPage":{"@id":"https:\/\/telemme.mmsh.fr\/?p=14275"},"wordCount":243,"publisher":{"@id":"https:\/\/telemme.mmsh.fr\/#organization"},"image":{"@id":"https:\/\/telemme.mmsh.fr\/?p=14275#primaryimage"},"thumbnailUrl":"https:\/\/telemme.mmsh.fr\/wp-content\/uploads\/2024\/05\/9811_raw.jpg","articleSection":["Ouvrages"],"inLanguage":"fr-FR"},{"@type":"WebPage","@id":"https:\/\/telemme.mmsh.fr\/?p=14275","url":"https:\/\/telemme.mmsh.fr\/?p=14275","name":"Les Aires marines prot\u00e9g\u00e9es, vaines promesses et vrais enjeux - TELEMMe - Temps, espaces, langages, Europe m\u00e9ridionale, M\u00e9diterran\u00e9e","isPartOf":{"@id":"https:\/\/telemme.mmsh.fr\/#website"},"primaryImageOfPage":{"@id":"https:\/\/telemme.mmsh.fr\/?p=14275#primaryimage"},"image":{"@id":"https:\/\/telemme.mmsh.fr\/?p=14275#primaryimage"},"thumbnailUrl":"https:\/\/telemme.mmsh.fr\/wp-content\/uploads\/2024\/05\/9811_raw.jpg","datePublished":"2024-05-13T12:21:58+00:00","dateModified":"2025-01-20T13:52:59+00:00","breadcrumb":{"@id":"https:\/\/telemme.mmsh.fr\/?p=14275#breadcrumb"},"inLanguage":"fr-FR","potentialAction":[{"@type":"ReadAction","target":["https:\/\/telemme.mmsh.fr\/?p=14275"]}]},{"@type":"ImageObject","inLanguage":"fr-FR","@id":"https:\/\/telemme.mmsh.fr\/?p=14275#primaryimage","url":"https:\/\/telemme.mmsh.fr\/wp-content\/uploads\/2024\/05\/9811_raw.jpg","contentUrl":"https:\/\/telemme.mmsh.fr\/wp-content\/uploads\/2024\/05\/9811_raw.jpg","width":300,"height":427},{"@type":"BreadcrumbList","@id":"https:\/\/telemme.mmsh.fr\/?p=14275#breadcrumb","itemListElement":[{"@type":"ListItem","position":1,"name":"Accueil","item":"https:\/\/telemme.mmsh.fr\/"},{"@type":"ListItem","position":2,"name":"Publications","item":"https:\/\/telemme.mmsh.fr\/?cat=1738"},{"@type":"ListItem","position":3,"name":"Ouvrages","item":"https:\/\/telemme.mmsh.fr\/?cat=1740"},{"@type":"ListItem","position":4,"name":"Les Aires marines prot\u00e9g\u00e9es, vaines promesses et vrais enjeux"}]},{"@type":"WebSite","@id":"https:\/\/telemme.mmsh.fr\/#website","url":"https:\/\/telemme.mmsh.fr\/","name":"TELEMMe - Temps, espaces, langages, Europe m\u00e9ridionale, M\u00e9diterran\u00e9e","description":"","publisher":{"@id":"https:\/\/telemme.mmsh.fr\/#organization"},"potentialAction":[{"@type":"SearchAction","target":{"@type":"EntryPoint","urlTemplate":"https:\/\/telemme.mmsh.fr\/?s={search_term_string}"},"query-input":{"@type":"PropertyValueSpecification","valueRequired":true,"valueName":"search_term_string"}}],"inLanguage":"fr-FR"},{"@type":"Organization","@id":"https:\/\/telemme.mmsh.fr\/#organization","name":"TELEMMe","url":"https:\/\/telemme.mmsh.fr\/","logo":{"@type":"ImageObject","inLanguage":"fr-FR","@id":"https:\/\/telemme.mmsh.fr\/#\/schema\/logo\/image\/","url":"https:\/\/telemme.mmsh.fr\/wp-content\/uploads\/2020\/03\/LogoTELEMMe-horizontal-fond-transparent.png","contentUrl":"https:\/\/telemme.mmsh.fr\/wp-content\/uploads\/2020\/03\/LogoTELEMMe-horizontal-fond-transparent.png","width":1500,"height":437,"caption":"TELEMMe"},"image":{"@id":"https:\/\/telemme.mmsh.fr\/#\/schema\/logo\/image\/"}},{"@type":"Person","@id":"https:\/\/telemme.mmsh.fr\/#\/schema\/person\/c433e5fd025c00718f715ba73f040691","name":"Maja Mellet","url":"https:\/\/telemme.mmsh.fr\/?author=175"}]}},"_links":{"self":[{"href":"https:\/\/telemme.mmsh.fr\/index.php?rest_route=\/wp\/v2\/posts\/14275","targetHints":{"allow":["GET"]}}],"collection":[{"href":"https:\/\/telemme.mmsh.fr\/index.php?rest_route=\/wp\/v2\/posts"}],"about":[{"href":"https:\/\/telemme.mmsh.fr\/index.php?rest_route=\/wp\/v2\/types\/post"}],"author":[{"embeddable":true,"href":"https:\/\/telemme.mmsh.fr\/index.php?rest_route=\/wp\/v2\/users\/175"}],"replies":[{"embeddable":true,"href":"https:\/\/telemme.mmsh.fr\/index.php?rest_route=%2Fwp%2Fv2%2Fcomments&post=14275"}],"version-history":[{"count":6,"href":"https:\/\/telemme.mmsh.fr\/index.php?rest_route=\/wp\/v2\/posts\/14275\/revisions"}],"predecessor-version":[{"id":15107,"href":"https:\/\/telemme.mmsh.fr\/index.php?rest_route=\/wp\/v2\/posts\/14275\/revisions\/15107"}],"wp:featuredmedia":[{"embeddable":true,"href":"https:\/\/telemme.mmsh.fr\/index.php?rest_route=\/wp\/v2\/media\/14276"}],"wp:attachment":[{"href":"https:\/\/telemme.mmsh.fr\/index.php?rest_route=%2Fwp%2Fv2%2Fmedia&parent=14275"}],"wp:term":[{"taxonomy":"category","embeddable":true,"href":"https:\/\/telemme.mmsh.fr\/index.php?rest_route=%2Fwp%2Fv2%2Fcategories&post=14275"},{"taxonomy":"post_tag","embeddable":true,"href":"https:\/\/telemme.mmsh.fr\/index.php?rest_route=%2Fwp%2Fv2%2Ftags&post=14275"}],"curies":[{"name":"wp","href":"https:\/\/api.w.org\/{rel}","templated":true}]}}