{"id":14133,"date":"2024-04-04T10:27:25","date_gmt":"2024-04-04T08:27:25","guid":{"rendered":"https:\/\/telemme.mmsh.fr\/?p=14133"},"modified":"2025-01-16T20:17:04","modified_gmt":"2025-01-16T19:17:04","slug":"14133","status":"publish","type":"post","link":"https:\/\/telemme.mmsh.fr\/?p=14133","title":{"rendered":"La vie dans les papiers, Jean-Fran\u00e7ois S\u00e9guier (1703\u20131784)"},"content":{"rendered":"<div class=\"w22 w-left-1 lw18 lw-left-3 product-detail-tabs-content\" data-tabcontent-for=\"1\">\n<div class=\"product-detail-tabs-content-description\">\n<blockquote><p><a href=\"https:\/\/schwabe.ch\/emmanuelle-chapron-la-vie-dans-les-papiers-978-3-7965-5056-0#bibliographical-data\"><em><strong>La vie dans les papiers, Jean-Fran\u00e7ois S\u00e9guier (1703\u20131784)<\/strong><\/em><\/a> , <a href=\"https:\/\/telemme.mmsh.fr\/?membres=emmanuelle-chapron\">Emmanuelle Chapron<\/a>, \u00e9dition Schwabe Verlag, collection Heuristiques, 2024, 272 pages<\/p><\/blockquote>\n<p>Jean-Fran\u00e7ois S\u00e9guier (1703\u20131784), antiquaire et botaniste qui partagea sa vie entre N\u00eemes et V\u00e9rone, a laiss\u00e9 derri\u00e8re lui une masse consid\u00e9rable de papiers. Plus qu\u2019une biographie intellectuelle, ce livre est d\u2019abord une histoire de ses mani\u00e8res de travailler, de l\u2019invention d\u2019instruments de papier et de leur dialogue avec les objets de savoir. Mais notes, carnets et registres ne sont pas seulement de dociles outils de connaissance. Leur incroyable diversit\u00e9, leur dimension souvent chaotique et inefficace invitent \u00e0 penser ce qui se joue entre l\u2019\u00e9criture et la vie. Chez S\u00e9guier, savant total, la doublure des papiers est, au sens musical du terme, une autre mani\u00e8re de vivre, de ressentir et d\u2019enregistrer les moments marquants de son existence.<\/p>\n<\/div>\n<div class=\"x11i5rnm xat24cr x1mh8g0r x1vvkbs xtlvy1s x126k92a\">\n<div dir=\"auto\"><strong>VENDREDI 19 AVRIL &#8211; 17H<\/strong> Pr\u00e9sentation de l\u2019ouvrage et de la collection <em>Heuristiques <\/em><\/div>\n<div dir=\"auto\">avec Emmanuelle Chapron et Jean-Fran\u00e7ois Bert, Universit\u00e9 de Lausanne, \u00c9cole polytechnique f\u00e9d\u00e9rale de Lausanne.<\/div>\n<div dir=\"auto\">Lieu : <a class=\"x1i10hfl xjbqb8w x1ejq31n xd10rxx x1sy0etr x17r0tee x972fbf xcfux6l x1qhh985 xm0m39n x9f619 x1ypdohk xt0psk2 xe8uvvx xdj266r x11i5rnm xat24cr x1mh8g0r xexx8yu x4uap5 x18d9i69 xkhd6sd x16tdsg8 x1hl2dhg xggy1nq x1a2a7pz xt0b8zv x1fey0fg xo1l8bm\" tabindex=\"0\" role=\"link\" href=\"https:\/\/www.facebook.com\/bulshamu?__cft__[0]=AZUYqYPqIAD2cUNYib3bmgntpHkK_4BV-GjfPNIJv2SBK2Ef_xOrxegHTqhrsY6S6Res76qzvJIKScOquZbVWnYXbUEIh2iWZ_j4YQOud66BV40n436ShZih3LvmEcclLrA&amp;__tn__=-]K-R\"><span class=\"xt0psk2\">Biblioth\u00e8ques LSH Aix Marseille Universit\u00e9<\/span><\/a> (BU Fenouill\u00e8res 2e \u00e9tage)<\/div>\n<\/div>\n<\/div>\n","protected":false},"excerpt":{"rendered":"<p>La vie dans les papiers, Jean-Fran\u00e7ois S\u00e9guier (1703\u20131784) , Emmanuelle Chapron, \u00e9dition Schwabe Verlag, collection Heuristiques, 2024, 272 pages Jean-Fran\u00e7ois S\u00e9guier (1703\u20131784), antiquaire et botaniste qui partagea sa vie entre&hellip;&nbsp;<a href=\"https:\/\/telemme.mmsh.fr\/?p=14133\" rel=\"bookmark\">Lire la suite &raquo;<span class=\"screen-reader-text\">La vie dans les papiers, Jean-Fran\u00e7ois S\u00e9guier (1703\u20131784)<\/span><\/a><\/p>\n","protected":false},"author":175,"featured_media":14134,"comment_status":"closed","ping_status":"closed","sticky":false,"template":"","format":"standard","meta":{"neve_meta_sidebar":"","neve_meta_container":"","neve_meta_enable_content_width":"off","neve_meta_content_width":70,"neve_meta_title_alignment":"","neve_meta_author_avatar":"","neve_post_elements_order":"","neve_meta_disable_header":"","neve_meta_disable_footer":"","neve_meta_disable_title":"","_tribe_events_control_status":"","_tribe_events_control_status_canceled_reason":"","_tribe_events_control_status_postponed_reason":"","_tribe_events_control_online":"","_tribe_events_control_online_url":"","footnotes":""},"categories":[1740],"tags":[],"class_list":["post-14133","post","type-post","status-publish","format-standard","has-post-thumbnail","hentry","category-ouvrages"],"yoast_head":"<!-- This site is optimized with the Yoast SEO plugin v27.4 - https:\/\/yoast.com\/product\/yoast-seo-wordpress\/ -->\n<title>La vie dans les papiers, Jean-Fran\u00e7ois S\u00e9guier (1703\u20131784) - TELEMMe - Temps, espaces, langages, Europe m\u00e9ridionale, M\u00e9diterran\u00e9e<\/title>\n<meta name=\"robots\" content=\"index, follow, max-snippet:-1, max-image-preview:large, max-video-preview:-1\" \/>\n<link rel=\"canonical\" href=\"https:\/\/telemme.mmsh.fr\/?p=14133\" \/>\n<meta property=\"og:locale\" content=\"fr_FR\" \/>\n<meta property=\"og:type\" content=\"article\" \/>\n<meta property=\"og:title\" content=\"La vie dans les papiers, Jean-Fran\u00e7ois S\u00e9guier (1703\u20131784) - TELEMMe - Temps, espaces, langages, Europe m\u00e9ridionale, M\u00e9diterran\u00e9e\" \/>\n<meta property=\"og:description\" content=\"La vie dans les papiers, Jean-Fran\u00e7ois S\u00e9guier (1703\u20131784) , Emmanuelle Chapron, \u00e9dition Schwabe Verlag, collection Heuristiques, 2024, 272 pages Jean-Fran\u00e7ois S\u00e9guier (1703\u20131784), antiquaire et botaniste qui partagea sa vie entre&hellip;&nbsp;Lire la suite &raquo;La vie dans les papiers, Jean-Fran\u00e7ois S\u00e9guier (1703\u20131784)\" \/>\n<meta property=\"og:url\" content=\"https:\/\/telemme.mmsh.fr\/?p=14133\" \/>\n<meta property=\"og:site_name\" content=\"TELEMMe - Temps, espaces, langages, Europe m\u00e9ridionale, M\u00e9diterran\u00e9e\" \/>\n<meta property=\"article:published_time\" content=\"2024-04-04T08:27:25+00:00\" \/>\n<meta property=\"article:modified_time\" content=\"2025-01-16T19:17:04+00:00\" \/>\n<meta property=\"og:image\" content=\"https:\/\/telemme.mmsh.fr\/wp-content\/uploads\/2024\/04\/Sans-titre-2.jpg\" \/>\n\t<meta property=\"og:image:width\" content=\"1476\" \/>\n\t<meta property=\"og:image:height\" content=\"2137\" \/>\n\t<meta property=\"og:image:type\" content=\"image\/jpeg\" \/>\n<meta name=\"author\" content=\"Maja Mellet\" \/>\n<meta name=\"twitter:card\" content=\"summary_large_image\" \/>\n<meta name=\"twitter:label1\" content=\"\u00c9crit par\" \/>\n\t<meta name=\"twitter:data1\" content=\"Maja Mellet\" \/>\n\t<meta name=\"twitter:label2\" content=\"Dur\u00e9e de lecture estim\u00e9e\" \/>\n\t<meta name=\"twitter:data2\" content=\"1 minute\" \/>\n<script type=\"application\/ld+json\" class=\"yoast-schema-graph\">{\"@context\":\"https:\\\/\\\/schema.org\",\"@graph\":[{\"@type\":\"Article\",\"@id\":\"https:\\\/\\\/telemme.mmsh.fr\\\/?p=14133#article\",\"isPartOf\":{\"@id\":\"https:\\\/\\\/telemme.mmsh.fr\\\/?p=14133\"},\"author\":{\"name\":\"Maja Mellet\",\"@id\":\"https:\\\/\\\/telemme.mmsh.fr\\\/#\\\/schema\\\/person\\\/c433e5fd025c00718f715ba73f040691\"},\"headline\":\"La vie dans les papiers, Jean-Fran\u00e7ois S\u00e9guier (1703\u20131784)\",\"datePublished\":\"2024-04-04T08:27:25+00:00\",\"dateModified\":\"2025-01-16T19:17:04+00:00\",\"mainEntityOfPage\":{\"@id\":\"https:\\\/\\\/telemme.mmsh.fr\\\/?p=14133\"},\"wordCount\":198,\"publisher\":{\"@id\":\"https:\\\/\\\/telemme.mmsh.fr\\\/#organization\"},\"image\":{\"@id\":\"https:\\\/\\\/telemme.mmsh.fr\\\/?p=14133#primaryimage\"},\"thumbnailUrl\":\"https:\\\/\\\/telemme.mmsh.fr\\\/wp-content\\\/uploads\\\/2024\\\/04\\\/Sans-titre-2.jpg\",\"articleSection\":[\"Ouvrages\"],\"inLanguage\":\"fr-FR\"},{\"@type\":\"WebPage\",\"@id\":\"https:\\\/\\\/telemme.mmsh.fr\\\/?p=14133\",\"url\":\"https:\\\/\\\/telemme.mmsh.fr\\\/?p=14133\",\"name\":\"La vie dans les papiers, Jean-Fran\u00e7ois S\u00e9guier (1703\u20131784) - TELEMMe - Temps, espaces, langages, Europe m\u00e9ridionale, M\u00e9diterran\u00e9e\",\"isPartOf\":{\"@id\":\"https:\\\/\\\/telemme.mmsh.fr\\\/#website\"},\"primaryImageOfPage\":{\"@id\":\"https:\\\/\\\/telemme.mmsh.fr\\\/?p=14133#primaryimage\"},\"image\":{\"@id\":\"https:\\\/\\\/telemme.mmsh.fr\\\/?p=14133#primaryimage\"},\"thumbnailUrl\":\"https:\\\/\\\/telemme.mmsh.fr\\\/wp-content\\\/uploads\\\/2024\\\/04\\\/Sans-titre-2.jpg\",\"datePublished\":\"2024-04-04T08:27:25+00:00\",\"dateModified\":\"2025-01-16T19:17:04+00:00\",\"breadcrumb\":{\"@id\":\"https:\\\/\\\/telemme.mmsh.fr\\\/?p=14133#breadcrumb\"},\"inLanguage\":\"fr-FR\",\"potentialAction\":[{\"@type\":\"ReadAction\",\"target\":[\"https:\\\/\\\/telemme.mmsh.fr\\\/?p=14133\"]}]},{\"@type\":\"ImageObject\",\"inLanguage\":\"fr-FR\",\"@id\":\"https:\\\/\\\/telemme.mmsh.fr\\\/?p=14133#primaryimage\",\"url\":\"https:\\\/\\\/telemme.mmsh.fr\\\/wp-content\\\/uploads\\\/2024\\\/04\\\/Sans-titre-2.jpg\",\"contentUrl\":\"https:\\\/\\\/telemme.mmsh.fr\\\/wp-content\\\/uploads\\\/2024\\\/04\\\/Sans-titre-2.jpg\",\"width\":1476,\"height\":2137,\"caption\":\"La vie dans les papiers\"},{\"@type\":\"BreadcrumbList\",\"@id\":\"https:\\\/\\\/telemme.mmsh.fr\\\/?p=14133#breadcrumb\",\"itemListElement\":[{\"@type\":\"ListItem\",\"position\":1,\"name\":\"Accueil\",\"item\":\"https:\\\/\\\/telemme.mmsh.fr\\\/\"},{\"@type\":\"ListItem\",\"position\":2,\"name\":\"Publications\",\"item\":\"https:\\\/\\\/telemme.mmsh.fr\\\/?cat=1738\"},{\"@type\":\"ListItem\",\"position\":3,\"name\":\"La vie dans les papiers, Jean-Fran\u00e7ois S\u00e9guier (1703\u20131784)\"}]},{\"@type\":\"WebSite\",\"@id\":\"https:\\\/\\\/telemme.mmsh.fr\\\/#website\",\"url\":\"https:\\\/\\\/telemme.mmsh.fr\\\/\",\"name\":\"TELEMMe - Temps, espaces, langages, Europe m\u00e9ridionale, M\u00e9diterran\u00e9e\",\"description\":\"\",\"publisher\":{\"@id\":\"https:\\\/\\\/telemme.mmsh.fr\\\/#organization\"},\"potentialAction\":[{\"@type\":\"SearchAction\",\"target\":{\"@type\":\"EntryPoint\",\"urlTemplate\":\"https:\\\/\\\/telemme.mmsh.fr\\\/?s={search_term_string}\"},\"query-input\":{\"@type\":\"PropertyValueSpecification\",\"valueRequired\":true,\"valueName\":\"search_term_string\"}}],\"inLanguage\":\"fr-FR\"},{\"@type\":\"Organization\",\"@id\":\"https:\\\/\\\/telemme.mmsh.fr\\\/#organization\",\"name\":\"TELEMMe\",\"url\":\"https:\\\/\\\/telemme.mmsh.fr\\\/\",\"logo\":{\"@type\":\"ImageObject\",\"inLanguage\":\"fr-FR\",\"@id\":\"https:\\\/\\\/telemme.mmsh.fr\\\/#\\\/schema\\\/logo\\\/image\\\/\",\"url\":\"https:\\\/\\\/telemme.mmsh.fr\\\/wp-content\\\/uploads\\\/2020\\\/03\\\/LogoTELEMMe-horizontal-fond-transparent.png\",\"contentUrl\":\"https:\\\/\\\/telemme.mmsh.fr\\\/wp-content\\\/uploads\\\/2020\\\/03\\\/LogoTELEMMe-horizontal-fond-transparent.png\",\"width\":1500,\"height\":437,\"caption\":\"TELEMMe\"},\"image\":{\"@id\":\"https:\\\/\\\/telemme.mmsh.fr\\\/#\\\/schema\\\/logo\\\/image\\\/\"}},{\"@type\":\"Person\",\"@id\":\"https:\\\/\\\/telemme.mmsh.fr\\\/#\\\/schema\\\/person\\\/c433e5fd025c00718f715ba73f040691\",\"name\":\"Maja Mellet\",\"url\":\"https:\\\/\\\/telemme.mmsh.fr\\\/?author=175\"}]}<\/script>\n<!-- \/ Yoast SEO plugin. -->","yoast_head_json":{"title":"La vie dans les papiers, Jean-Fran\u00e7ois S\u00e9guier (1703\u20131784) - TELEMMe - Temps, espaces, langages, Europe m\u00e9ridionale, M\u00e9diterran\u00e9e","robots":{"index":"index","follow":"follow","max-snippet":"max-snippet:-1","max-image-preview":"max-image-preview:large","max-video-preview":"max-video-preview:-1"},"canonical":"https:\/\/telemme.mmsh.fr\/?p=14133","og_locale":"fr_FR","og_type":"article","og_title":"La vie dans les papiers, Jean-Fran\u00e7ois S\u00e9guier (1703\u20131784) - TELEMMe - Temps, espaces, langages, Europe m\u00e9ridionale, M\u00e9diterran\u00e9e","og_description":"La vie dans les papiers, Jean-Fran\u00e7ois S\u00e9guier (1703\u20131784) , Emmanuelle Chapron, \u00e9dition Schwabe Verlag, collection Heuristiques, 2024, 272 pages Jean-Fran\u00e7ois S\u00e9guier (1703\u20131784), antiquaire et botaniste qui partagea sa vie entre&hellip;&nbsp;Lire la suite &raquo;La vie dans les papiers, Jean-Fran\u00e7ois S\u00e9guier (1703\u20131784)","og_url":"https:\/\/telemme.mmsh.fr\/?p=14133","og_site_name":"TELEMMe - Temps, espaces, langages, Europe m\u00e9ridionale, M\u00e9diterran\u00e9e","article_published_time":"2024-04-04T08:27:25+00:00","article_modified_time":"2025-01-16T19:17:04+00:00","og_image":[{"width":1476,"height":2137,"url":"https:\/\/telemme.mmsh.fr\/wp-content\/uploads\/2024\/04\/Sans-titre-2.jpg","type":"image\/jpeg"}],"author":"Maja Mellet","twitter_card":"summary_large_image","twitter_misc":{"\u00c9crit par":"Maja Mellet","Dur\u00e9e de lecture estim\u00e9e":"1 minute"},"schema":{"@context":"https:\/\/schema.org","@graph":[{"@type":"Article","@id":"https:\/\/telemme.mmsh.fr\/?p=14133#article","isPartOf":{"@id":"https:\/\/telemme.mmsh.fr\/?p=14133"},"author":{"name":"Maja Mellet","@id":"https:\/\/telemme.mmsh.fr\/#\/schema\/person\/c433e5fd025c00718f715ba73f040691"},"headline":"La vie dans les papiers, Jean-Fran\u00e7ois S\u00e9guier (1703\u20131784)","datePublished":"2024-04-04T08:27:25+00:00","dateModified":"2025-01-16T19:17:04+00:00","mainEntityOfPage":{"@id":"https:\/\/telemme.mmsh.fr\/?p=14133"},"wordCount":198,"publisher":{"@id":"https:\/\/telemme.mmsh.fr\/#organization"},"image":{"@id":"https:\/\/telemme.mmsh.fr\/?p=14133#primaryimage"},"thumbnailUrl":"https:\/\/telemme.mmsh.fr\/wp-content\/uploads\/2024\/04\/Sans-titre-2.jpg","articleSection":["Ouvrages"],"inLanguage":"fr-FR"},{"@type":"WebPage","@id":"https:\/\/telemme.mmsh.fr\/?p=14133","url":"https:\/\/telemme.mmsh.fr\/?p=14133","name":"La vie dans les papiers, Jean-Fran\u00e7ois S\u00e9guier (1703\u20131784) - TELEMMe - Temps, espaces, langages, Europe m\u00e9ridionale, M\u00e9diterran\u00e9e","isPartOf":{"@id":"https:\/\/telemme.mmsh.fr\/#website"},"primaryImageOfPage":{"@id":"https:\/\/telemme.mmsh.fr\/?p=14133#primaryimage"},"image":{"@id":"https:\/\/telemme.mmsh.fr\/?p=14133#primaryimage"},"thumbnailUrl":"https:\/\/telemme.mmsh.fr\/wp-content\/uploads\/2024\/04\/Sans-titre-2.jpg","datePublished":"2024-04-04T08:27:25+00:00","dateModified":"2025-01-16T19:17:04+00:00","breadcrumb":{"@id":"https:\/\/telemme.mmsh.fr\/?p=14133#breadcrumb"},"inLanguage":"fr-FR","potentialAction":[{"@type":"ReadAction","target":["https:\/\/telemme.mmsh.fr\/?p=14133"]}]},{"@type":"ImageObject","inLanguage":"fr-FR","@id":"https:\/\/telemme.mmsh.fr\/?p=14133#primaryimage","url":"https:\/\/telemme.mmsh.fr\/wp-content\/uploads\/2024\/04\/Sans-titre-2.jpg","contentUrl":"https:\/\/telemme.mmsh.fr\/wp-content\/uploads\/2024\/04\/Sans-titre-2.jpg","width":1476,"height":2137,"caption":"La vie dans les papiers"},{"@type":"BreadcrumbList","@id":"https:\/\/telemme.mmsh.fr\/?p=14133#breadcrumb","itemListElement":[{"@type":"ListItem","position":1,"name":"Accueil","item":"https:\/\/telemme.mmsh.fr\/"},{"@type":"ListItem","position":2,"name":"Publications","item":"https:\/\/telemme.mmsh.fr\/?cat=1738"},{"@type":"ListItem","position":3,"name":"La vie dans les papiers, Jean-Fran\u00e7ois S\u00e9guier (1703\u20131784)"}]},{"@type":"WebSite","@id":"https:\/\/telemme.mmsh.fr\/#website","url":"https:\/\/telemme.mmsh.fr\/","name":"TELEMMe - Temps, espaces, langages, Europe m\u00e9ridionale, M\u00e9diterran\u00e9e","description":"","publisher":{"@id":"https:\/\/telemme.mmsh.fr\/#organization"},"potentialAction":[{"@type":"SearchAction","target":{"@type":"EntryPoint","urlTemplate":"https:\/\/telemme.mmsh.fr\/?s={search_term_string}"},"query-input":{"@type":"PropertyValueSpecification","valueRequired":true,"valueName":"search_term_string"}}],"inLanguage":"fr-FR"},{"@type":"Organization","@id":"https:\/\/telemme.mmsh.fr\/#organization","name":"TELEMMe","url":"https:\/\/telemme.mmsh.fr\/","logo":{"@type":"ImageObject","inLanguage":"fr-FR","@id":"https:\/\/telemme.mmsh.fr\/#\/schema\/logo\/image\/","url":"https:\/\/telemme.mmsh.fr\/wp-content\/uploads\/2020\/03\/LogoTELEMMe-horizontal-fond-transparent.png","contentUrl":"https:\/\/telemme.mmsh.fr\/wp-content\/uploads\/2020\/03\/LogoTELEMMe-horizontal-fond-transparent.png","width":1500,"height":437,"caption":"TELEMMe"},"image":{"@id":"https:\/\/telemme.mmsh.fr\/#\/schema\/logo\/image\/"}},{"@type":"Person","@id":"https:\/\/telemme.mmsh.fr\/#\/schema\/person\/c433e5fd025c00718f715ba73f040691","name":"Maja Mellet","url":"https:\/\/telemme.mmsh.fr\/?author=175"}]}},"_links":{"self":[{"href":"https:\/\/telemme.mmsh.fr\/index.php?rest_route=\/wp\/v2\/posts\/14133","targetHints":{"allow":["GET"]}}],"collection":[{"href":"https:\/\/telemme.mmsh.fr\/index.php?rest_route=\/wp\/v2\/posts"}],"about":[{"href":"https:\/\/telemme.mmsh.fr\/index.php?rest_route=\/wp\/v2\/types\/post"}],"author":[{"embeddable":true,"href":"https:\/\/telemme.mmsh.fr\/index.php?rest_route=\/wp\/v2\/users\/175"}],"replies":[{"embeddable":true,"href":"https:\/\/telemme.mmsh.fr\/index.php?rest_route=%2Fwp%2Fv2%2Fcomments&post=14133"}],"version-history":[{"count":4,"href":"https:\/\/telemme.mmsh.fr\/index.php?rest_route=\/wp\/v2\/posts\/14133\/revisions"}],"predecessor-version":[{"id":15039,"href":"https:\/\/telemme.mmsh.fr\/index.php?rest_route=\/wp\/v2\/posts\/14133\/revisions\/15039"}],"wp:featuredmedia":[{"embeddable":true,"href":"https:\/\/telemme.mmsh.fr\/index.php?rest_route=\/wp\/v2\/media\/14134"}],"wp:attachment":[{"href":"https:\/\/telemme.mmsh.fr\/index.php?rest_route=%2Fwp%2Fv2%2Fmedia&parent=14133"}],"wp:term":[{"taxonomy":"category","embeddable":true,"href":"https:\/\/telemme.mmsh.fr\/index.php?rest_route=%2Fwp%2Fv2%2Fcategories&post=14133"},{"taxonomy":"post_tag","embeddable":true,"href":"https:\/\/telemme.mmsh.fr\/index.php?rest_route=%2Fwp%2Fv2%2Ftags&post=14133"}],"curies":[{"name":"wp","href":"https:\/\/api.w.org\/{rel}","templated":true}]}}