{"id":14039,"date":"2024-03-05T11:44:39","date_gmt":"2024-03-05T10:44:39","guid":{"rendered":"https:\/\/telemme.mmsh.fr\/?p=14039"},"modified":"2025-03-19T11:40:57","modified_gmt":"2025-03-19T10:40:57","slug":"telemme-accueille-deux-nouveaux-post-doctorants","status":"publish","type":"post","link":"https:\/\/telemme.mmsh.fr\/?p=14039","title":{"rendered":"TELEMMe accueille deux nouveaux post-doctorants"},"content":{"rendered":"<p><strong>TELEMMe est heureux d\u2019accueillir Ana Devic et Leonardo Scavino <\/strong><\/p>\n<p style=\"text-align: justify;\"><span style=\"font-size: 12.0pt; color: black;\"><strong><img loading=\"lazy\" decoding=\"async\" class=\" wp-image-14040 alignleft\" src=\"https:\/\/telemme.mmsh.fr\/wp-content\/uploads\/2024\/03\/devic-291x300.png\" alt=\"\" width=\"143\" height=\"147\" srcset=\"https:\/\/telemme.mmsh.fr\/wp-content\/uploads\/2024\/03\/devic-291x300.png 291w, https:\/\/telemme.mmsh.fr\/wp-content\/uploads\/2024\/03\/devic-993x1024.png 993w, https:\/\/telemme.mmsh.fr\/wp-content\/uploads\/2024\/03\/devic-768x792.png 768w, https:\/\/telemme.mmsh.fr\/wp-content\/uploads\/2024\/03\/devic.png 1066w\" sizes=\"auto, (max-width: 143px) 100vw, 143px\" \/>Ana Devic<\/strong> est docteure en sociologie historique de l&rsquo;universit\u00e9 de Californie de San Diego. Elle a pr\u00e9c\u00e9demment travaill\u00e9 comme professeur associ\u00e9 de sociologie et d&rsquo;anthropologie \u00e0 l&rsquo;universit\u00e9 de Glasgow, \u00e0 l&rsquo;universit\u00e9 d&rsquo;Aarhus et \u00e0 l&rsquo;universit\u00e9 de Fatih en Turquie. Elle a \u00e9t\u00e9 professeur adjoint \u00e0 l&rsquo;universit\u00e9 de Bologne. Au cours des vingt derni\u00e8res ann\u00e9es, elle a obtenu plusieurs bourses de recherche, notamment une bourse Marie Sklodowska-Curie et une bourse CELSA (Central European Leuven Association), qui lui ont permis de travailler \u00e0 partir de 2018 \u00e0 la KU Leuven sur deux projets de recherche.\u00a0 Ana Devic est sp\u00e9cialis\u00e9e dans l\u2019\u00e9tude du nationalisme, des mouvements sociaux, des arts et de l&rsquo;activisme, du f\u00e9minisme et des politiques de la m\u00e9moire. Ses publications r\u00e9centes comprennent \u00ab\u00a0Artefacts of national subversion : the flag as a critical presence or a disturbing absence\u00a0\u00bb (2023) &lsquo;\u00a0\u00bbClass, Conflict, and Power between Hegemony and Critical Knowledge\u00a0\u00bb (2022), et \u00ab\u00a0Hijacked Feminism of the New Right\u00a0\u00bb (2021). Gr\u00e2ce \u00e0 la bourse CIVIS3i d\u2019Aix-Marseille Universit\u00e9 qu&rsquo;elle a r\u00e9cemment obtenue, elle rejoint TELEMMe pour deux ans (2024\/2025). <span style=\"background: white;\">Son projet porte sur les comm\u00e9morations non nationalistes des atrocit\u00e9s de masse dans l&rsquo;espace post-yougoslave et s\u2019int\u00e9resse particuli\u00e8rement au potentiel comparatif que r<\/span><\/span>ec\u00e8le l\u2019approche artistique dans le champ de l\u2019activisme afin de r\u00e9soudre les conflits de m\u00e9moire li\u00e9s aux processus de gestion d\u2019un pass\u00e9 violent. Son r\u00e9f\u00e9rent au sein du laboratoire est Pierre Sint\u00e8s.<\/p>\n<p>&nbsp;<\/p>\n<p><strong><img loading=\"lazy\" decoding=\"async\" class=\" wp-image-14041 alignleft\" src=\"https:\/\/telemme.mmsh.fr\/wp-content\/uploads\/2024\/03\/scavino-round-298x300.png\" alt=\"\" width=\"145\" height=\"146\" srcset=\"https:\/\/telemme.mmsh.fr\/wp-content\/uploads\/2024\/03\/scavino-round-298x300.png 298w, https:\/\/telemme.mmsh.fr\/wp-content\/uploads\/2024\/03\/scavino-round-1018x1024.png 1018w, https:\/\/telemme.mmsh.fr\/wp-content\/uploads\/2024\/03\/scavino-round-150x150.png 150w, https:\/\/telemme.mmsh.fr\/wp-content\/uploads\/2024\/03\/scavino-round-768x772.png 768w, https:\/\/telemme.mmsh.fr\/wp-content\/uploads\/2024\/03\/scavino-round-100x100.png 100w, https:\/\/telemme.mmsh.fr\/wp-content\/uploads\/2024\/03\/scavino-round-1320x1327.png 1320w, https:\/\/telemme.mmsh.fr\/wp-content\/uploads\/2024\/03\/scavino-round.png 1462w\" sizes=\"auto, (max-width: 145px) 100vw, 145px\" \/>Leonardo Scavino<\/strong> est actuellement post-doctorant \u00e0 TELEMMe dans le cadre du projet POMMAR financ\u00e9 par la fondation A*MIDEX. Avant de rejoindre Aix-en-Provence, il a \u00e9tudi\u00e9 et travaill\u00e9 \u00e0 l&rsquo;Universit\u00e9 de G\u00eanes, sous la direction du professeur Luca Lo Basso, au sein du Laboratoire d&rsquo;Histoire Maritime et Navale.<\/p>\n<p>En 2020, il a obtenu son doctorat dans le cadre du projet ERC SeaLiT, en soutenant une th\u00e8se intitul\u00e9e \u00ab\u00a0The Mediterranean maritime community of Camogli: evolution and transformation in the age of transition from sail to steam (1850s-1910s)\u00a0\u00bb. Ce travail doctoral en Histoire Maritime a \u00e9t\u00e9 publi\u00e9 sous le titre\u00a0Sailing Shipping and Maritime Labor in Camogli (1815-1914). Floating Communities in the Global World, aux Editions Brill en 2022.<\/p>\n<p>Ses centres de recherche gravitent principalement autour de l&rsquo;histoire maritime et du travail maritime au XIXe si\u00e8cle, en croisant l&rsquo;histoire de la technologie, l&rsquo;histoire portuaire et l&rsquo;histoire globale. R\u00e9cemment, il s&rsquo;est pench\u00e9 sur les liens entre l&rsquo;histoire maritime et l&rsquo;histoire environnementale, en se concentrant notamment sur la pollution caus\u00e9e par les navires \u00e0 vapeur en ce qui concerne la qualit\u00e9 de l&rsquo;air et l&rsquo;impact environnemental dans les villes portuaires et \u00e0 bord des navires. Ce nouveau chantier lui a valu l\u2019obtention d\u2019une bourse ERA (Marie Curie post-doctoral fellowship framework) intitul\u00e9e \u00ab\u00a0Polluting Steamships: Environment and Technology in the 19th-century maritime world\u00a0\u00bb, dont il b\u00e9n\u00e9ficiera \u00e0 partir du printemps 2025.<\/p>\n<p>Au sein de TELEMMe, il participe au projet POMMAR (Eco-historical approach of marine harbor communities in the Mediterranean \u2013 cordonn\u00e9 par Christophe Lejeusne (IMBE-AMU) et Daniel Faget-, o\u00f9 il approfondit les interactions entre l&rsquo;histoire maritime et les sciences environnementales. Son travail consiste \u00e0 examiner les impacts de la pollution et du trafic maritime sur la pr\u00e9sence et la dynamique de population des esp\u00e8ces introduites dans les ports de Marseille, Naples, Rhodes et Gibraltar. Son r\u00e9f\u00e9rent au laboratoire est Daniel Faget.<\/p>\n","protected":false},"excerpt":{"rendered":"<p>TELEMMe est heureux d\u2019accueillir Ana Devic et Leonardo Scavino Ana Devic est docteure en sociologie historique de l&rsquo;universit\u00e9 de Californie de San Diego. Elle a pr\u00e9c\u00e9demment travaill\u00e9 comme professeur associ\u00e9&hellip;&nbsp;<a href=\"https:\/\/telemme.mmsh.fr\/?p=14039\" rel=\"bookmark\">Lire la suite &raquo;<span class=\"screen-reader-text\">TELEMMe accueille deux nouveaux post-doctorants<\/span><\/a><\/p>\n","protected":false},"author":175,"featured_media":0,"comment_status":"closed","ping_status":"closed","sticky":false,"template":"","format":"standard","meta":{"neve_meta_sidebar":"","neve_meta_container":"","neve_meta_enable_content_width":"off","neve_meta_content_width":70,"neve_meta_title_alignment":"","neve_meta_author_avatar":"","neve_post_elements_order":"","neve_meta_disable_header":"","neve_meta_disable_footer":"","neve_meta_disable_title":"","_tribe_events_control_status":"","_tribe_events_control_status_canceled_reason":"","_tribe_events_control_status_postponed_reason":"","_tribe_events_control_online":"","_tribe_events_control_online_url":"","footnotes":""},"categories":[2007],"tags":[],"class_list":["post-14039","post","type-post","status-publish","format-standard","hentry","category-informations"],"yoast_head":"<!-- This site is optimized with the Yoast SEO plugin v27.4 - https:\/\/yoast.com\/product\/yoast-seo-wordpress\/ -->\n<title>TELEMMe accueille deux nouveaux post-doctorants - TELEMMe - Temps, espaces, langages, Europe m\u00e9ridionale, M\u00e9diterran\u00e9e<\/title>\n<meta name=\"robots\" content=\"index, follow, max-snippet:-1, max-image-preview:large, max-video-preview:-1\" \/>\n<link rel=\"canonical\" href=\"https:\/\/telemme.mmsh.fr\/?p=14039\" \/>\n<meta property=\"og:locale\" content=\"fr_FR\" \/>\n<meta property=\"og:type\" content=\"article\" \/>\n<meta property=\"og:title\" content=\"TELEMMe accueille deux nouveaux post-doctorants - TELEMMe - Temps, espaces, langages, Europe m\u00e9ridionale, M\u00e9diterran\u00e9e\" \/>\n<meta property=\"og:description\" content=\"TELEMMe est heureux d\u2019accueillir Ana Devic et Leonardo Scavino Ana Devic est docteure en sociologie historique de l&rsquo;universit\u00e9 de Californie de San Diego. Elle a pr\u00e9c\u00e9demment travaill\u00e9 comme professeur associ\u00e9&hellip;&nbsp;Lire la suite &raquo;TELEMMe accueille deux nouveaux post-doctorants\" \/>\n<meta property=\"og:url\" content=\"https:\/\/telemme.mmsh.fr\/?p=14039\" \/>\n<meta property=\"og:site_name\" content=\"TELEMMe - Temps, espaces, langages, Europe m\u00e9ridionale, M\u00e9diterran\u00e9e\" \/>\n<meta property=\"article:published_time\" content=\"2024-03-05T10:44:39+00:00\" \/>\n<meta property=\"article:modified_time\" content=\"2025-03-19T10:40:57+00:00\" \/>\n<meta property=\"og:image\" content=\"https:\/\/telemme.mmsh.fr\/wp-content\/uploads\/2024\/03\/devic.png\" \/>\n\t<meta property=\"og:image:width\" content=\"1066\" \/>\n\t<meta property=\"og:image:height\" content=\"1099\" \/>\n\t<meta property=\"og:image:type\" content=\"image\/png\" \/>\n<meta name=\"author\" content=\"Maja Mellet\" \/>\n<meta name=\"twitter:card\" content=\"summary_large_image\" \/>\n<meta name=\"twitter:label1\" content=\"\u00c9crit par\" \/>\n\t<meta name=\"twitter:data1\" content=\"Maja Mellet\" \/>\n\t<meta name=\"twitter:label2\" content=\"Dur\u00e9e de lecture estim\u00e9e\" \/>\n\t<meta name=\"twitter:data2\" content=\"3 minutes\" \/>\n<script type=\"application\/ld+json\" class=\"yoast-schema-graph\">{\"@context\":\"https:\\\/\\\/schema.org\",\"@graph\":[{\"@type\":\"Article\",\"@id\":\"https:\\\/\\\/telemme.mmsh.fr\\\/?p=14039#article\",\"isPartOf\":{\"@id\":\"https:\\\/\\\/telemme.mmsh.fr\\\/?p=14039\"},\"author\":{\"name\":\"Maja Mellet\",\"@id\":\"https:\\\/\\\/telemme.mmsh.fr\\\/#\\\/schema\\\/person\\\/c433e5fd025c00718f715ba73f040691\"},\"headline\":\"TELEMMe accueille deux nouveaux post-doctorants\",\"datePublished\":\"2024-03-05T10:44:39+00:00\",\"dateModified\":\"2025-03-19T10:40:57+00:00\",\"mainEntityOfPage\":{\"@id\":\"https:\\\/\\\/telemme.mmsh.fr\\\/?p=14039\"},\"wordCount\":593,\"publisher\":{\"@id\":\"https:\\\/\\\/telemme.mmsh.fr\\\/#organization\"},\"image\":{\"@id\":\"https:\\\/\\\/telemme.mmsh.fr\\\/?p=14039#primaryimage\"},\"thumbnailUrl\":\"https:\\\/\\\/telemme.mmsh.fr\\\/wp-content\\\/uploads\\\/2024\\\/03\\\/devic-291x300.png\",\"articleSection\":[\"Informations\"],\"inLanguage\":\"fr-FR\"},{\"@type\":\"WebPage\",\"@id\":\"https:\\\/\\\/telemme.mmsh.fr\\\/?p=14039\",\"url\":\"https:\\\/\\\/telemme.mmsh.fr\\\/?p=14039\",\"name\":\"TELEMMe accueille deux nouveaux post-doctorants - TELEMMe - Temps, espaces, langages, Europe m\u00e9ridionale, M\u00e9diterran\u00e9e\",\"isPartOf\":{\"@id\":\"https:\\\/\\\/telemme.mmsh.fr\\\/#website\"},\"primaryImageOfPage\":{\"@id\":\"https:\\\/\\\/telemme.mmsh.fr\\\/?p=14039#primaryimage\"},\"image\":{\"@id\":\"https:\\\/\\\/telemme.mmsh.fr\\\/?p=14039#primaryimage\"},\"thumbnailUrl\":\"https:\\\/\\\/telemme.mmsh.fr\\\/wp-content\\\/uploads\\\/2024\\\/03\\\/devic-291x300.png\",\"datePublished\":\"2024-03-05T10:44:39+00:00\",\"dateModified\":\"2025-03-19T10:40:57+00:00\",\"breadcrumb\":{\"@id\":\"https:\\\/\\\/telemme.mmsh.fr\\\/?p=14039#breadcrumb\"},\"inLanguage\":\"fr-FR\",\"potentialAction\":[{\"@type\":\"ReadAction\",\"target\":[\"https:\\\/\\\/telemme.mmsh.fr\\\/?p=14039\"]}]},{\"@type\":\"ImageObject\",\"inLanguage\":\"fr-FR\",\"@id\":\"https:\\\/\\\/telemme.mmsh.fr\\\/?p=14039#primaryimage\",\"url\":\"https:\\\/\\\/telemme.mmsh.fr\\\/wp-content\\\/uploads\\\/2024\\\/03\\\/devic.png\",\"contentUrl\":\"https:\\\/\\\/telemme.mmsh.fr\\\/wp-content\\\/uploads\\\/2024\\\/03\\\/devic.png\",\"width\":1066,\"height\":1099},{\"@type\":\"BreadcrumbList\",\"@id\":\"https:\\\/\\\/telemme.mmsh.fr\\\/?p=14039#breadcrumb\",\"itemListElement\":[{\"@type\":\"ListItem\",\"position\":1,\"name\":\"Accueil\",\"item\":\"https:\\\/\\\/telemme.mmsh.fr\\\/\"},{\"@type\":\"ListItem\",\"position\":2,\"name\":\"Actualit\u00e9s\",\"item\":\"https:\\\/\\\/telemme.mmsh.fr\\\/?cat=1995\"},{\"@type\":\"ListItem\",\"position\":3,\"name\":\"Informations\",\"item\":\"https:\\\/\\\/telemme.mmsh.fr\\\/?cat=2007\"},{\"@type\":\"ListItem\",\"position\":4,\"name\":\"TELEMMe accueille deux nouveaux post-doctorants\"}]},{\"@type\":\"WebSite\",\"@id\":\"https:\\\/\\\/telemme.mmsh.fr\\\/#website\",\"url\":\"https:\\\/\\\/telemme.mmsh.fr\\\/\",\"name\":\"TELEMMe - Temps, espaces, langages, Europe m\u00e9ridionale, M\u00e9diterran\u00e9e\",\"description\":\"\",\"publisher\":{\"@id\":\"https:\\\/\\\/telemme.mmsh.fr\\\/#organization\"},\"potentialAction\":[{\"@type\":\"SearchAction\",\"target\":{\"@type\":\"EntryPoint\",\"urlTemplate\":\"https:\\\/\\\/telemme.mmsh.fr\\\/?s={search_term_string}\"},\"query-input\":{\"@type\":\"PropertyValueSpecification\",\"valueRequired\":true,\"valueName\":\"search_term_string\"}}],\"inLanguage\":\"fr-FR\"},{\"@type\":\"Organization\",\"@id\":\"https:\\\/\\\/telemme.mmsh.fr\\\/#organization\",\"name\":\"TELEMMe\",\"url\":\"https:\\\/\\\/telemme.mmsh.fr\\\/\",\"logo\":{\"@type\":\"ImageObject\",\"inLanguage\":\"fr-FR\",\"@id\":\"https:\\\/\\\/telemme.mmsh.fr\\\/#\\\/schema\\\/logo\\\/image\\\/\",\"url\":\"https:\\\/\\\/telemme.mmsh.fr\\\/wp-content\\\/uploads\\\/2020\\\/03\\\/LogoTELEMMe-horizontal-fond-transparent.png\",\"contentUrl\":\"https:\\\/\\\/telemme.mmsh.fr\\\/wp-content\\\/uploads\\\/2020\\\/03\\\/LogoTELEMMe-horizontal-fond-transparent.png\",\"width\":1500,\"height\":437,\"caption\":\"TELEMMe\"},\"image\":{\"@id\":\"https:\\\/\\\/telemme.mmsh.fr\\\/#\\\/schema\\\/logo\\\/image\\\/\"}},{\"@type\":\"Person\",\"@id\":\"https:\\\/\\\/telemme.mmsh.fr\\\/#\\\/schema\\\/person\\\/c433e5fd025c00718f715ba73f040691\",\"name\":\"Maja Mellet\",\"url\":\"https:\\\/\\\/telemme.mmsh.fr\\\/?author=175\"}]}<\/script>\n<!-- \/ Yoast SEO plugin. -->","yoast_head_json":{"title":"TELEMMe accueille deux nouveaux post-doctorants - TELEMMe - Temps, espaces, langages, Europe m\u00e9ridionale, M\u00e9diterran\u00e9e","robots":{"index":"index","follow":"follow","max-snippet":"max-snippet:-1","max-image-preview":"max-image-preview:large","max-video-preview":"max-video-preview:-1"},"canonical":"https:\/\/telemme.mmsh.fr\/?p=14039","og_locale":"fr_FR","og_type":"article","og_title":"TELEMMe accueille deux nouveaux post-doctorants - TELEMMe - Temps, espaces, langages, Europe m\u00e9ridionale, M\u00e9diterran\u00e9e","og_description":"TELEMMe est heureux d\u2019accueillir Ana Devic et Leonardo Scavino Ana Devic est docteure en sociologie historique de l&rsquo;universit\u00e9 de Californie de San Diego. Elle a pr\u00e9c\u00e9demment travaill\u00e9 comme professeur associ\u00e9&hellip;&nbsp;Lire la suite &raquo;TELEMMe accueille deux nouveaux post-doctorants","og_url":"https:\/\/telemme.mmsh.fr\/?p=14039","og_site_name":"TELEMMe - Temps, espaces, langages, Europe m\u00e9ridionale, M\u00e9diterran\u00e9e","article_published_time":"2024-03-05T10:44:39+00:00","article_modified_time":"2025-03-19T10:40:57+00:00","og_image":[{"width":1066,"height":1099,"url":"https:\/\/telemme.mmsh.fr\/wp-content\/uploads\/2024\/03\/devic.png","type":"image\/png"}],"author":"Maja Mellet","twitter_card":"summary_large_image","twitter_misc":{"\u00c9crit par":"Maja Mellet","Dur\u00e9e de lecture estim\u00e9e":"3 minutes"},"schema":{"@context":"https:\/\/schema.org","@graph":[{"@type":"Article","@id":"https:\/\/telemme.mmsh.fr\/?p=14039#article","isPartOf":{"@id":"https:\/\/telemme.mmsh.fr\/?p=14039"},"author":{"name":"Maja Mellet","@id":"https:\/\/telemme.mmsh.fr\/#\/schema\/person\/c433e5fd025c00718f715ba73f040691"},"headline":"TELEMMe accueille deux nouveaux post-doctorants","datePublished":"2024-03-05T10:44:39+00:00","dateModified":"2025-03-19T10:40:57+00:00","mainEntityOfPage":{"@id":"https:\/\/telemme.mmsh.fr\/?p=14039"},"wordCount":593,"publisher":{"@id":"https:\/\/telemme.mmsh.fr\/#organization"},"image":{"@id":"https:\/\/telemme.mmsh.fr\/?p=14039#primaryimage"},"thumbnailUrl":"https:\/\/telemme.mmsh.fr\/wp-content\/uploads\/2024\/03\/devic-291x300.png","articleSection":["Informations"],"inLanguage":"fr-FR"},{"@type":"WebPage","@id":"https:\/\/telemme.mmsh.fr\/?p=14039","url":"https:\/\/telemme.mmsh.fr\/?p=14039","name":"TELEMMe accueille deux nouveaux post-doctorants - TELEMMe - Temps, espaces, langages, Europe m\u00e9ridionale, M\u00e9diterran\u00e9e","isPartOf":{"@id":"https:\/\/telemme.mmsh.fr\/#website"},"primaryImageOfPage":{"@id":"https:\/\/telemme.mmsh.fr\/?p=14039#primaryimage"},"image":{"@id":"https:\/\/telemme.mmsh.fr\/?p=14039#primaryimage"},"thumbnailUrl":"https:\/\/telemme.mmsh.fr\/wp-content\/uploads\/2024\/03\/devic-291x300.png","datePublished":"2024-03-05T10:44:39+00:00","dateModified":"2025-03-19T10:40:57+00:00","breadcrumb":{"@id":"https:\/\/telemme.mmsh.fr\/?p=14039#breadcrumb"},"inLanguage":"fr-FR","potentialAction":[{"@type":"ReadAction","target":["https:\/\/telemme.mmsh.fr\/?p=14039"]}]},{"@type":"ImageObject","inLanguage":"fr-FR","@id":"https:\/\/telemme.mmsh.fr\/?p=14039#primaryimage","url":"https:\/\/telemme.mmsh.fr\/wp-content\/uploads\/2024\/03\/devic.png","contentUrl":"https:\/\/telemme.mmsh.fr\/wp-content\/uploads\/2024\/03\/devic.png","width":1066,"height":1099},{"@type":"BreadcrumbList","@id":"https:\/\/telemme.mmsh.fr\/?p=14039#breadcrumb","itemListElement":[{"@type":"ListItem","position":1,"name":"Accueil","item":"https:\/\/telemme.mmsh.fr\/"},{"@type":"ListItem","position":2,"name":"Actualit\u00e9s","item":"https:\/\/telemme.mmsh.fr\/?cat=1995"},{"@type":"ListItem","position":3,"name":"Informations","item":"https:\/\/telemme.mmsh.fr\/?cat=2007"},{"@type":"ListItem","position":4,"name":"TELEMMe accueille deux nouveaux post-doctorants"}]},{"@type":"WebSite","@id":"https:\/\/telemme.mmsh.fr\/#website","url":"https:\/\/telemme.mmsh.fr\/","name":"TELEMMe - Temps, espaces, langages, Europe m\u00e9ridionale, M\u00e9diterran\u00e9e","description":"","publisher":{"@id":"https:\/\/telemme.mmsh.fr\/#organization"},"potentialAction":[{"@type":"SearchAction","target":{"@type":"EntryPoint","urlTemplate":"https:\/\/telemme.mmsh.fr\/?s={search_term_string}"},"query-input":{"@type":"PropertyValueSpecification","valueRequired":true,"valueName":"search_term_string"}}],"inLanguage":"fr-FR"},{"@type":"Organization","@id":"https:\/\/telemme.mmsh.fr\/#organization","name":"TELEMMe","url":"https:\/\/telemme.mmsh.fr\/","logo":{"@type":"ImageObject","inLanguage":"fr-FR","@id":"https:\/\/telemme.mmsh.fr\/#\/schema\/logo\/image\/","url":"https:\/\/telemme.mmsh.fr\/wp-content\/uploads\/2020\/03\/LogoTELEMMe-horizontal-fond-transparent.png","contentUrl":"https:\/\/telemme.mmsh.fr\/wp-content\/uploads\/2020\/03\/LogoTELEMMe-horizontal-fond-transparent.png","width":1500,"height":437,"caption":"TELEMMe"},"image":{"@id":"https:\/\/telemme.mmsh.fr\/#\/schema\/logo\/image\/"}},{"@type":"Person","@id":"https:\/\/telemme.mmsh.fr\/#\/schema\/person\/c433e5fd025c00718f715ba73f040691","name":"Maja Mellet","url":"https:\/\/telemme.mmsh.fr\/?author=175"}]}},"_links":{"self":[{"href":"https:\/\/telemme.mmsh.fr\/index.php?rest_route=\/wp\/v2\/posts\/14039","targetHints":{"allow":["GET"]}}],"collection":[{"href":"https:\/\/telemme.mmsh.fr\/index.php?rest_route=\/wp\/v2\/posts"}],"about":[{"href":"https:\/\/telemme.mmsh.fr\/index.php?rest_route=\/wp\/v2\/types\/post"}],"author":[{"embeddable":true,"href":"https:\/\/telemme.mmsh.fr\/index.php?rest_route=\/wp\/v2\/users\/175"}],"replies":[{"embeddable":true,"href":"https:\/\/telemme.mmsh.fr\/index.php?rest_route=%2Fwp%2Fv2%2Fcomments&post=14039"}],"version-history":[{"count":1,"href":"https:\/\/telemme.mmsh.fr\/index.php?rest_route=\/wp\/v2\/posts\/14039\/revisions"}],"predecessor-version":[{"id":14042,"href":"https:\/\/telemme.mmsh.fr\/index.php?rest_route=\/wp\/v2\/posts\/14039\/revisions\/14042"}],"wp:attachment":[{"href":"https:\/\/telemme.mmsh.fr\/index.php?rest_route=%2Fwp%2Fv2%2Fmedia&parent=14039"}],"wp:term":[{"taxonomy":"category","embeddable":true,"href":"https:\/\/telemme.mmsh.fr\/index.php?rest_route=%2Fwp%2Fv2%2Fcategories&post=14039"},{"taxonomy":"post_tag","embeddable":true,"href":"https:\/\/telemme.mmsh.fr\/index.php?rest_route=%2Fwp%2Fv2%2Ftags&post=14039"}],"curies":[{"name":"wp","href":"https:\/\/api.w.org\/{rel}","templated":true}]}}