{"id":13982,"date":"2024-02-16T09:32:40","date_gmt":"2024-02-16T08:32:40","guid":{"rendered":"https:\/\/telemme.mmsh.fr\/?p=13982"},"modified":"2025-01-24T11:26:50","modified_gmt":"2025-01-24T10:26:50","slug":"ser-y-estar-les-pieds-noirs-dalicante-et-de-sa-region-1962-annees-2010","status":"publish","type":"post","link":"https:\/\/telemme.mmsh.fr\/?p=13982","title":{"rendered":"Ser y estar. Les pieds-noirs d&rsquo;Alicante et de sa r\u00e9gion (1962-ann\u00e9es 2010)"},"content":{"rendered":"\n<blockquote class=\"wp-block-quote is-layout-flow wp-block-quote-is-layout-flow\">\n<p><em><strong><a href=\"http:\/\/www.lecavalierbleu.com\/livre\/ser-y-estar\/\">Ser y estar. Les pieds-noirs d&rsquo;Alicante et de sa r\u00e9gion (1962-ann\u00e9es 2010)<\/a><\/strong><\/em><a data-wplink-edit=\"true\" href=\"https:\/\/www.decitre.fr\/livres\/ser-y-estar-9791031806273.html\">,<\/a> <span class=\"author author--main\"><a href=\"https:\/\/telemme.mmsh.fr\/?membres=mariana-dominguez-villaverde\">Mariana Dom\u00ednguez Villaverde<\/a> , \u00e9dition Cavalier Bleu , collection MiMed, 2023, 318 pages<br><\/span><\/p>\n<\/blockquote>\n\n\n\n<p>L&rsquo;Espagne et l&rsquo;Alg\u00e9rie furent tr\u00e8s t\u00f4t l&rsquo;objet de migrations crois\u00e9es. Migration de travail au XIXe si\u00e8cle, exil politique r\u00e9publicain pendant la guerre civile et fuite des Pieds-Noirs en 1962 qui trouvent \u00e0 Alicante un refuge, transitoire pour certains, d\u00e9finitifs pour d&rsquo;autres. Rappelant l&rsquo;Alg\u00e9rie perdue o\u00f9 il fait bon vivre, Alicante offre aussi un dynamisme \u00e9conomique ouvrant l&rsquo;horizon des possibles.<br>Sans n\u00e9gliger la question de l&rsquo;accueil r\u00e9serv\u00e9 par le r\u00e9gime de Franco aux militants de l&rsquo;OAS, Mariana Dominguez Villaverde s&rsquo;est attach\u00e9e \u00e0 montrer ces parcours migratoires multiples. V\u00e9ritable histoire sociale par le bas, cet ouvrage montre la diversit\u00e9 des itin\u00e9raires et la porosit\u00e9 des univers culturels et linguistiques. Jouant sur la double traduction espagnole du verbe \u00eatre, Ser y estar interroge l&rsquo;\u00eatre et l&rsquo;agir pied-noir et les subjectivit\u00e9s qu&rsquo;ils produisent.<\/p>\n","protected":false},"excerpt":{"rendered":"<p>Ser y estar. Les pieds-noirs d&rsquo;Alicante et de sa r\u00e9gion (1962-ann\u00e9es 2010), Mariana Dom\u00ednguez Villaverde , \u00e9dition Cavalier Bleu , collection MiMed, 2023, 318 pages L&rsquo;Espagne et l&rsquo;Alg\u00e9rie furent tr\u00e8s&hellip;&nbsp;<a href=\"https:\/\/telemme.mmsh.fr\/?p=13982\" rel=\"bookmark\">Lire la suite &raquo;<span class=\"screen-reader-text\">Ser y estar. Les pieds-noirs d&rsquo;Alicante et de sa r\u00e9gion (1962-ann\u00e9es 2010)<\/span><\/a><\/p>\n","protected":false},"author":175,"featured_media":13971,"comment_status":"closed","ping_status":"closed","sticky":false,"template":"","format":"standard","meta":{"neve_meta_sidebar":"","neve_meta_container":"","neve_meta_enable_content_width":"off","neve_meta_content_width":70,"neve_meta_title_alignment":"","neve_meta_author_avatar":"","neve_post_elements_order":"","neve_meta_disable_header":"","neve_meta_disable_footer":"","neve_meta_disable_title":"","_tribe_events_control_status":"","_tribe_events_control_status_canceled_reason":"","_tribe_events_control_status_postponed_reason":"","_tribe_events_control_online":"","_tribe_events_control_online_url":"","footnotes":""},"categories":[1740],"tags":[],"class_list":["post-13982","post","type-post","status-publish","format-standard","has-post-thumbnail","hentry","category-ouvrages"],"yoast_head":"<!-- This site is optimized with the Yoast SEO plugin v27.4 - https:\/\/yoast.com\/product\/yoast-seo-wordpress\/ -->\n<title>Ser y estar. Les pieds-noirs d&#039;Alicante et de sa r\u00e9gion (1962-ann\u00e9es 2010) - TELEMMe - Temps, espaces, langages, Europe m\u00e9ridionale, M\u00e9diterran\u00e9e<\/title>\n<meta name=\"robots\" content=\"index, follow, max-snippet:-1, max-image-preview:large, max-video-preview:-1\" \/>\n<link rel=\"canonical\" href=\"https:\/\/telemme.mmsh.fr\/?p=13982\" \/>\n<meta property=\"og:locale\" content=\"fr_FR\" \/>\n<meta property=\"og:type\" content=\"article\" \/>\n<meta property=\"og:title\" content=\"Ser y estar. Les pieds-noirs d&#039;Alicante et de sa r\u00e9gion (1962-ann\u00e9es 2010) - TELEMMe - Temps, espaces, langages, Europe m\u00e9ridionale, M\u00e9diterran\u00e9e\" \/>\n<meta property=\"og:description\" content=\"Ser y estar. Les pieds-noirs d&rsquo;Alicante et de sa r\u00e9gion (1962-ann\u00e9es 2010), Mariana Dom\u00ednguez Villaverde , \u00e9dition Cavalier Bleu , collection MiMed, 2023, 318 pages L&rsquo;Espagne et l&rsquo;Alg\u00e9rie furent tr\u00e8s&hellip;&nbsp;Lire la suite &raquo;Ser y estar. Les pieds-noirs d&rsquo;Alicante et de sa r\u00e9gion (1962-ann\u00e9es 2010)\" \/>\n<meta property=\"og:url\" content=\"https:\/\/telemme.mmsh.fr\/?p=13982\" \/>\n<meta property=\"og:site_name\" content=\"TELEMMe - Temps, espaces, langages, Europe m\u00e9ridionale, M\u00e9diterran\u00e9e\" \/>\n<meta property=\"article:published_time\" content=\"2024-02-16T08:32:40+00:00\" \/>\n<meta property=\"article:modified_time\" content=\"2025-01-24T10:26:50+00:00\" \/>\n<meta property=\"og:image\" content=\"https:\/\/telemme.mmsh.fr\/wp-content\/uploads\/2024\/02\/Ser-y-Estar_MiMed_small.jpg\" \/>\n\t<meta property=\"og:image:width\" content=\"648\" \/>\n\t<meta property=\"og:image:height\" content=\"950\" \/>\n\t<meta property=\"og:image:type\" content=\"image\/jpeg\" \/>\n<meta name=\"author\" content=\"Maja Mellet\" \/>\n<meta name=\"twitter:card\" content=\"summary_large_image\" \/>\n<meta name=\"twitter:label1\" content=\"\u00c9crit par\" \/>\n\t<meta name=\"twitter:data1\" content=\"Maja Mellet\" \/>\n\t<meta name=\"twitter:label2\" content=\"Dur\u00e9e de lecture estim\u00e9e\" \/>\n\t<meta name=\"twitter:data2\" content=\"1 minute\" \/>\n<script type=\"application\/ld+json\" class=\"yoast-schema-graph\">{\"@context\":\"https:\\\/\\\/schema.org\",\"@graph\":[{\"@type\":\"Article\",\"@id\":\"https:\\\/\\\/telemme.mmsh.fr\\\/?p=13982#article\",\"isPartOf\":{\"@id\":\"https:\\\/\\\/telemme.mmsh.fr\\\/?p=13982\"},\"author\":{\"name\":\"Maja Mellet\",\"@id\":\"https:\\\/\\\/telemme.mmsh.fr\\\/#\\\/schema\\\/person\\\/c433e5fd025c00718f715ba73f040691\"},\"headline\":\"Ser y estar. Les pieds-noirs d&rsquo;Alicante et de sa r\u00e9gion (1962-ann\u00e9es 2010)\",\"datePublished\":\"2024-02-16T08:32:40+00:00\",\"dateModified\":\"2025-01-24T10:26:50+00:00\",\"mainEntityOfPage\":{\"@id\":\"https:\\\/\\\/telemme.mmsh.fr\\\/?p=13982\"},\"wordCount\":191,\"publisher\":{\"@id\":\"https:\\\/\\\/telemme.mmsh.fr\\\/#organization\"},\"image\":{\"@id\":\"https:\\\/\\\/telemme.mmsh.fr\\\/?p=13982#primaryimage\"},\"thumbnailUrl\":\"https:\\\/\\\/telemme.mmsh.fr\\\/wp-content\\\/uploads\\\/2024\\\/02\\\/Ser-y-Estar_MiMed_small.jpg\",\"articleSection\":[\"Ouvrages\"],\"inLanguage\":\"fr-FR\"},{\"@type\":\"WebPage\",\"@id\":\"https:\\\/\\\/telemme.mmsh.fr\\\/?p=13982\",\"url\":\"https:\\\/\\\/telemme.mmsh.fr\\\/?p=13982\",\"name\":\"Ser y estar. Les pieds-noirs d'Alicante et de sa r\u00e9gion (1962-ann\u00e9es 2010) - TELEMMe - Temps, espaces, langages, Europe m\u00e9ridionale, M\u00e9diterran\u00e9e\",\"isPartOf\":{\"@id\":\"https:\\\/\\\/telemme.mmsh.fr\\\/#website\"},\"primaryImageOfPage\":{\"@id\":\"https:\\\/\\\/telemme.mmsh.fr\\\/?p=13982#primaryimage\"},\"image\":{\"@id\":\"https:\\\/\\\/telemme.mmsh.fr\\\/?p=13982#primaryimage\"},\"thumbnailUrl\":\"https:\\\/\\\/telemme.mmsh.fr\\\/wp-content\\\/uploads\\\/2024\\\/02\\\/Ser-y-Estar_MiMed_small.jpg\",\"datePublished\":\"2024-02-16T08:32:40+00:00\",\"dateModified\":\"2025-01-24T10:26:50+00:00\",\"breadcrumb\":{\"@id\":\"https:\\\/\\\/telemme.mmsh.fr\\\/?p=13982#breadcrumb\"},\"inLanguage\":\"fr-FR\",\"potentialAction\":[{\"@type\":\"ReadAction\",\"target\":[\"https:\\\/\\\/telemme.mmsh.fr\\\/?p=13982\"]}]},{\"@type\":\"ImageObject\",\"inLanguage\":\"fr-FR\",\"@id\":\"https:\\\/\\\/telemme.mmsh.fr\\\/?p=13982#primaryimage\",\"url\":\"https:\\\/\\\/telemme.mmsh.fr\\\/wp-content\\\/uploads\\\/2024\\\/02\\\/Ser-y-Estar_MiMed_small.jpg\",\"contentUrl\":\"https:\\\/\\\/telemme.mmsh.fr\\\/wp-content\\\/uploads\\\/2024\\\/02\\\/Ser-y-Estar_MiMed_small.jpg\",\"width\":648,\"height\":950,\"caption\":\"Couverture de Ser y Estar, Mariana Dom\u00ednguez Villaverde, \u00e9ditions du Cavalier bleu\"},{\"@type\":\"BreadcrumbList\",\"@id\":\"https:\\\/\\\/telemme.mmsh.fr\\\/?p=13982#breadcrumb\",\"itemListElement\":[{\"@type\":\"ListItem\",\"position\":1,\"name\":\"Accueil\",\"item\":\"https:\\\/\\\/telemme.mmsh.fr\\\/\"},{\"@type\":\"ListItem\",\"position\":2,\"name\":\"Publications\",\"item\":\"https:\\\/\\\/telemme.mmsh.fr\\\/?cat=1738\"},{\"@type\":\"ListItem\",\"position\":3,\"name\":\"Ouvrages\",\"item\":\"https:\\\/\\\/telemme.mmsh.fr\\\/?cat=1740\"},{\"@type\":\"ListItem\",\"position\":4,\"name\":\"Ser y estar. Les pieds-noirs d&rsquo;Alicante et de sa r\u00e9gion (1962-ann\u00e9es 2010)\"}]},{\"@type\":\"WebSite\",\"@id\":\"https:\\\/\\\/telemme.mmsh.fr\\\/#website\",\"url\":\"https:\\\/\\\/telemme.mmsh.fr\\\/\",\"name\":\"TELEMMe - Temps, espaces, langages, Europe m\u00e9ridionale, M\u00e9diterran\u00e9e\",\"description\":\"\",\"publisher\":{\"@id\":\"https:\\\/\\\/telemme.mmsh.fr\\\/#organization\"},\"potentialAction\":[{\"@type\":\"SearchAction\",\"target\":{\"@type\":\"EntryPoint\",\"urlTemplate\":\"https:\\\/\\\/telemme.mmsh.fr\\\/?s={search_term_string}\"},\"query-input\":{\"@type\":\"PropertyValueSpecification\",\"valueRequired\":true,\"valueName\":\"search_term_string\"}}],\"inLanguage\":\"fr-FR\"},{\"@type\":\"Organization\",\"@id\":\"https:\\\/\\\/telemme.mmsh.fr\\\/#organization\",\"name\":\"TELEMMe\",\"url\":\"https:\\\/\\\/telemme.mmsh.fr\\\/\",\"logo\":{\"@type\":\"ImageObject\",\"inLanguage\":\"fr-FR\",\"@id\":\"https:\\\/\\\/telemme.mmsh.fr\\\/#\\\/schema\\\/logo\\\/image\\\/\",\"url\":\"https:\\\/\\\/telemme.mmsh.fr\\\/wp-content\\\/uploads\\\/2020\\\/03\\\/LogoTELEMMe-horizontal-fond-transparent.png\",\"contentUrl\":\"https:\\\/\\\/telemme.mmsh.fr\\\/wp-content\\\/uploads\\\/2020\\\/03\\\/LogoTELEMMe-horizontal-fond-transparent.png\",\"width\":1500,\"height\":437,\"caption\":\"TELEMMe\"},\"image\":{\"@id\":\"https:\\\/\\\/telemme.mmsh.fr\\\/#\\\/schema\\\/logo\\\/image\\\/\"}},{\"@type\":\"Person\",\"@id\":\"https:\\\/\\\/telemme.mmsh.fr\\\/#\\\/schema\\\/person\\\/c433e5fd025c00718f715ba73f040691\",\"name\":\"Maja Mellet\",\"url\":\"https:\\\/\\\/telemme.mmsh.fr\\\/?author=175\"}]}<\/script>\n<!-- \/ Yoast SEO plugin. -->","yoast_head_json":{"title":"Ser y estar. Les pieds-noirs d'Alicante et de sa r\u00e9gion (1962-ann\u00e9es 2010) - TELEMMe - Temps, espaces, langages, Europe m\u00e9ridionale, M\u00e9diterran\u00e9e","robots":{"index":"index","follow":"follow","max-snippet":"max-snippet:-1","max-image-preview":"max-image-preview:large","max-video-preview":"max-video-preview:-1"},"canonical":"https:\/\/telemme.mmsh.fr\/?p=13982","og_locale":"fr_FR","og_type":"article","og_title":"Ser y estar. Les pieds-noirs d'Alicante et de sa r\u00e9gion (1962-ann\u00e9es 2010) - TELEMMe - Temps, espaces, langages, Europe m\u00e9ridionale, M\u00e9diterran\u00e9e","og_description":"Ser y estar. Les pieds-noirs d&rsquo;Alicante et de sa r\u00e9gion (1962-ann\u00e9es 2010), Mariana Dom\u00ednguez Villaverde , \u00e9dition Cavalier Bleu , collection MiMed, 2023, 318 pages L&rsquo;Espagne et l&rsquo;Alg\u00e9rie furent tr\u00e8s&hellip;&nbsp;Lire la suite &raquo;Ser y estar. Les pieds-noirs d&rsquo;Alicante et de sa r\u00e9gion (1962-ann\u00e9es 2010)","og_url":"https:\/\/telemme.mmsh.fr\/?p=13982","og_site_name":"TELEMMe - Temps, espaces, langages, Europe m\u00e9ridionale, M\u00e9diterran\u00e9e","article_published_time":"2024-02-16T08:32:40+00:00","article_modified_time":"2025-01-24T10:26:50+00:00","og_image":[{"width":648,"height":950,"url":"https:\/\/telemme.mmsh.fr\/wp-content\/uploads\/2024\/02\/Ser-y-Estar_MiMed_small.jpg","type":"image\/jpeg"}],"author":"Maja Mellet","twitter_card":"summary_large_image","twitter_misc":{"\u00c9crit par":"Maja Mellet","Dur\u00e9e de lecture estim\u00e9e":"1 minute"},"schema":{"@context":"https:\/\/schema.org","@graph":[{"@type":"Article","@id":"https:\/\/telemme.mmsh.fr\/?p=13982#article","isPartOf":{"@id":"https:\/\/telemme.mmsh.fr\/?p=13982"},"author":{"name":"Maja Mellet","@id":"https:\/\/telemme.mmsh.fr\/#\/schema\/person\/c433e5fd025c00718f715ba73f040691"},"headline":"Ser y estar. Les pieds-noirs d&rsquo;Alicante et de sa r\u00e9gion (1962-ann\u00e9es 2010)","datePublished":"2024-02-16T08:32:40+00:00","dateModified":"2025-01-24T10:26:50+00:00","mainEntityOfPage":{"@id":"https:\/\/telemme.mmsh.fr\/?p=13982"},"wordCount":191,"publisher":{"@id":"https:\/\/telemme.mmsh.fr\/#organization"},"image":{"@id":"https:\/\/telemme.mmsh.fr\/?p=13982#primaryimage"},"thumbnailUrl":"https:\/\/telemme.mmsh.fr\/wp-content\/uploads\/2024\/02\/Ser-y-Estar_MiMed_small.jpg","articleSection":["Ouvrages"],"inLanguage":"fr-FR"},{"@type":"WebPage","@id":"https:\/\/telemme.mmsh.fr\/?p=13982","url":"https:\/\/telemme.mmsh.fr\/?p=13982","name":"Ser y estar. Les pieds-noirs d'Alicante et de sa r\u00e9gion (1962-ann\u00e9es 2010) - TELEMMe - Temps, espaces, langages, Europe m\u00e9ridionale, M\u00e9diterran\u00e9e","isPartOf":{"@id":"https:\/\/telemme.mmsh.fr\/#website"},"primaryImageOfPage":{"@id":"https:\/\/telemme.mmsh.fr\/?p=13982#primaryimage"},"image":{"@id":"https:\/\/telemme.mmsh.fr\/?p=13982#primaryimage"},"thumbnailUrl":"https:\/\/telemme.mmsh.fr\/wp-content\/uploads\/2024\/02\/Ser-y-Estar_MiMed_small.jpg","datePublished":"2024-02-16T08:32:40+00:00","dateModified":"2025-01-24T10:26:50+00:00","breadcrumb":{"@id":"https:\/\/telemme.mmsh.fr\/?p=13982#breadcrumb"},"inLanguage":"fr-FR","potentialAction":[{"@type":"ReadAction","target":["https:\/\/telemme.mmsh.fr\/?p=13982"]}]},{"@type":"ImageObject","inLanguage":"fr-FR","@id":"https:\/\/telemme.mmsh.fr\/?p=13982#primaryimage","url":"https:\/\/telemme.mmsh.fr\/wp-content\/uploads\/2024\/02\/Ser-y-Estar_MiMed_small.jpg","contentUrl":"https:\/\/telemme.mmsh.fr\/wp-content\/uploads\/2024\/02\/Ser-y-Estar_MiMed_small.jpg","width":648,"height":950,"caption":"Couverture de Ser y Estar, Mariana Dom\u00ednguez Villaverde, \u00e9ditions du Cavalier bleu"},{"@type":"BreadcrumbList","@id":"https:\/\/telemme.mmsh.fr\/?p=13982#breadcrumb","itemListElement":[{"@type":"ListItem","position":1,"name":"Accueil","item":"https:\/\/telemme.mmsh.fr\/"},{"@type":"ListItem","position":2,"name":"Publications","item":"https:\/\/telemme.mmsh.fr\/?cat=1738"},{"@type":"ListItem","position":3,"name":"Ouvrages","item":"https:\/\/telemme.mmsh.fr\/?cat=1740"},{"@type":"ListItem","position":4,"name":"Ser y estar. Les pieds-noirs d&rsquo;Alicante et de sa r\u00e9gion (1962-ann\u00e9es 2010)"}]},{"@type":"WebSite","@id":"https:\/\/telemme.mmsh.fr\/#website","url":"https:\/\/telemme.mmsh.fr\/","name":"TELEMMe - Temps, espaces, langages, Europe m\u00e9ridionale, M\u00e9diterran\u00e9e","description":"","publisher":{"@id":"https:\/\/telemme.mmsh.fr\/#organization"},"potentialAction":[{"@type":"SearchAction","target":{"@type":"EntryPoint","urlTemplate":"https:\/\/telemme.mmsh.fr\/?s={search_term_string}"},"query-input":{"@type":"PropertyValueSpecification","valueRequired":true,"valueName":"search_term_string"}}],"inLanguage":"fr-FR"},{"@type":"Organization","@id":"https:\/\/telemme.mmsh.fr\/#organization","name":"TELEMMe","url":"https:\/\/telemme.mmsh.fr\/","logo":{"@type":"ImageObject","inLanguage":"fr-FR","@id":"https:\/\/telemme.mmsh.fr\/#\/schema\/logo\/image\/","url":"https:\/\/telemme.mmsh.fr\/wp-content\/uploads\/2020\/03\/LogoTELEMMe-horizontal-fond-transparent.png","contentUrl":"https:\/\/telemme.mmsh.fr\/wp-content\/uploads\/2020\/03\/LogoTELEMMe-horizontal-fond-transparent.png","width":1500,"height":437,"caption":"TELEMMe"},"image":{"@id":"https:\/\/telemme.mmsh.fr\/#\/schema\/logo\/image\/"}},{"@type":"Person","@id":"https:\/\/telemme.mmsh.fr\/#\/schema\/person\/c433e5fd025c00718f715ba73f040691","name":"Maja Mellet","url":"https:\/\/telemme.mmsh.fr\/?author=175"}]}},"_links":{"self":[{"href":"https:\/\/telemme.mmsh.fr\/index.php?rest_route=\/wp\/v2\/posts\/13982","targetHints":{"allow":["GET"]}}],"collection":[{"href":"https:\/\/telemme.mmsh.fr\/index.php?rest_route=\/wp\/v2\/posts"}],"about":[{"href":"https:\/\/telemme.mmsh.fr\/index.php?rest_route=\/wp\/v2\/types\/post"}],"author":[{"embeddable":true,"href":"https:\/\/telemme.mmsh.fr\/index.php?rest_route=\/wp\/v2\/users\/175"}],"replies":[{"embeddable":true,"href":"https:\/\/telemme.mmsh.fr\/index.php?rest_route=%2Fwp%2Fv2%2Fcomments&post=13982"}],"version-history":[{"count":4,"href":"https:\/\/telemme.mmsh.fr\/index.php?rest_route=\/wp\/v2\/posts\/13982\/revisions"}],"predecessor-version":[{"id":15189,"href":"https:\/\/telemme.mmsh.fr\/index.php?rest_route=\/wp\/v2\/posts\/13982\/revisions\/15189"}],"wp:featuredmedia":[{"embeddable":true,"href":"https:\/\/telemme.mmsh.fr\/index.php?rest_route=\/wp\/v2\/media\/13971"}],"wp:attachment":[{"href":"https:\/\/telemme.mmsh.fr\/index.php?rest_route=%2Fwp%2Fv2%2Fmedia&parent=13982"}],"wp:term":[{"taxonomy":"category","embeddable":true,"href":"https:\/\/telemme.mmsh.fr\/index.php?rest_route=%2Fwp%2Fv2%2Fcategories&post=13982"},{"taxonomy":"post_tag","embeddable":true,"href":"https:\/\/telemme.mmsh.fr\/index.php?rest_route=%2Fwp%2Fv2%2Ftags&post=13982"}],"curies":[{"name":"wp","href":"https:\/\/api.w.org\/{rel}","templated":true}]}}