{"id":13925,"date":"2024-02-02T12:04:38","date_gmt":"2024-02-02T11:04:38","guid":{"rendered":"https:\/\/telemme.mmsh.fr\/?p=13925"},"modified":"2024-02-02T14:16:48","modified_gmt":"2024-02-02T13:16:48","slug":"marseille-1900-1943-la-mauvaise-reputation","status":"publish","type":"post","link":"https:\/\/telemme.mmsh.fr\/?p=13925","title":{"rendered":"Marseille 1900-1943. La mauvaise r\u00e9putation"},"content":{"rendered":"\n<p>Pr\u00e8s de deux mois apr\u00e8s l\u2019arriv\u00e9e des Allemands \u00e0 Marseille, en janvier 1943 \u00e0 la suite d\u2019une s\u00e9rie d\u2019attentats, Hitler lui-m\u00eame donne l\u2019ordre d\u2019une r\u00e9pression sans pr\u00e9c\u00e9dent. Ont alors lieu, avec la collaboration du r\u00e9gime de Vichy, deux grandes rafles de familles juives, l\u2019\u00e9vacuation de 20 000 personnes des quartiers nord du Vieux-Port ainsi que leur destruction. Pr\u00e8s de 1 500 personnes seront d\u00e9port\u00e9es, 14 hectares d\u00e9truits.<\/p>\n\n\n\n<p>Cette exposition a pour objectif d\u2019amener les visiteurs \u00e0 comprendre comment une telle s\u00e9rie d\u2019\u00e9v\u00e9nements a pu advenir nonobstant les enjeux id\u00e9ologiques et strat\u00e9giques nazis. Elle vise \u00e0 explorer les pr\u00e9mices de la catastrophe, en montrant que, si tout n\u2019\u00e9tait pas \u00e9crit, l\u2019impensable a \u00e9t\u00e9 rendu possible par une s\u00e9dimentation de repr\u00e9sentations accol\u00e9es \u00e0 l\u2019histoire de Marseille et \u00e0 un imaginaire \u00e9crasant, une vision bien particuli\u00e8re que d\u00e9gage Marseille, plus particuli\u00e8rement ses vieux quartiers, depuis des d\u00e9cennies : une mauvaise r\u00e9putation.<\/p>\n\n\n\n<p>Marseille ville ingouvernable et non gouvern\u00e9e, ville rebelle, repaire de bandits est le symbole de la d\u00e9g\u00e9n\u00e9rescence politique et morale. Une verrue infamante qu\u2019il convient de rayer du paysage, en proc\u00e9dant \u00e0 une vaste \u00e9puration pr\u00e9sent\u00e9e comme urgente et salutaire, afin d\u2019effacer de la carte ce ghetto de pauvres et de \u00ab m\u00e9t\u00e8ques \u00bb. Elle repr\u00e9sente un refuge pour tous les pers\u00e9cut\u00e9s dans l\u2019entre-deux-guerres : antifascistes italiens, r\u00e9publicains espagnols, opposants allemands, Juifs apatrides, et enfin, un des foyers de la R\u00e9sistance marseillaise pendant l\u2019Occupation.<\/p>\n\n\n\n<p>C\u2019est \u00e0 l\u2019exploration de ce jeu de miroir complexe, se d\u00e9ployant sur un demi-si\u00e8cle, que le visiteur de l\u2019exposition sera invit\u00e9 \u00e0 approcher la r\u00e9alit\u00e9 de ces quartiers et ce qu\u2019ils ont g\u00e9n\u00e9r\u00e9 comme imaginaire, \u00e0 comprendre le cheminement vers la destruction d\u2019un quartier-symbole.<\/p>\n\n\n\n<h2 class=\"wp-block-heading\">Commissariat d&rsquo;exposition<\/h2>\n\n\n\n<ul class=\"wp-block-list\">\n<li><a href=\"https:\/\/telemme.mmsh.fr\/?membres=celine-regnard\"><strong>C\u00e9line Regnard<\/strong><\/a>, ma\u00eetresse de conf\u00e9rences en histoire contemporaine \u00e0 Aix-Marseille Universit\u00e9, membre de l\u2019UMR TELEMMe et <\/li>\n<\/ul>\n\n\n\n<ul class=\"wp-block-list\">\n<li><strong><a href=\"https:\/\/u-paris.fr\/cerilac\/teams\/mills-affif-edouard\/\">\u00c9douard Mills-Affif<\/a>,<\/strong> ma\u00eetre de conf\u00e9rences en \u00e9tudes cin\u00e9matographiques (Universit\u00e9 Paris-Cit\u00e9\/Aix-Marseille Universit\u00e9), auteur-r\u00e9alisateur de films documentaires<\/li>\n<\/ul>\n\n\n\n<h2 class=\"wp-block-heading\">Informations pratiques<\/h2>\n\n\n\n<p><strong><a href=\"https:\/\/www.musee-histoire-marseille-voie-historique.fr\/fr\/expositions\">Exposition \u00e0 partir du 9 f\u00e9vrier 2024<\/a><br><\/strong>Du mardi au dimanche de 9h \u00e0 18h. <em>Entr\u00e9e libre<\/em><\/p>\n\n\n\n<p><strong><u>Au M\u00e9morial des d\u00e9portations<br><\/u><\/strong><a href=\"https:\/\/www.musee-histoire-marseille-voie-historique.fr\/fr\/expositions\">Mus\u00e9e d\u2019Histoire de Marseille<\/a><br>Avenue Vaudoyer<br>13002 Marseille<\/p>\n\n\n\n<h2 class=\"wp-block-heading\"><strong>CONF\u00c9RENCE INAUGURALE : MARSEILLE 1900-1943. LA MAUVAISE R\u00c9PUTATION<\/strong><\/h2>\n\n\n\n<p><strong>Mardi 13 f\u00e9vrier \u00e0&nbsp;18h<\/strong><\/p>\n\n\n\n<p>Par les commissaires de l\u2019exposition, C\u00e9line Regnard, ma\u00eetresse de conf\u00e9rences en histoire contemporaine \u00e0 Aix-Marseille Universit\u00e9, membre de l\u2019UMR TELEMMe et \u00c9douard Mills-Affif, ma\u00eetre de conf\u00e9rences en \u00e9tudes cin\u00e9matographiques (Universit\u00e9 Paris-Cit\u00e9\/Aix-Marseille Universit\u00e9), auteur-r\u00e9alisateur de films documentaires. <\/p>\n\n\n\n<ul class=\"wp-block-list\">\n<li>Dans le cadre des \u00ab Mardis de l\u2019histoire \u00bb<\/li>\n<\/ul>\n\n\n\n<ul class=\"wp-block-list\">\n<li><em>Entr\u00e9e libre \u00e0 l&rsquo;auditorium du Mus\u00e9e d&rsquo;Histoire de Marseille dans la limite des places disponibles<\/em><\/li>\n<\/ul>\n","protected":false},"excerpt":{"rendered":"<p>Pr\u00e8s de deux mois apr\u00e8s l\u2019arriv\u00e9e des Allemands \u00e0 Marseille, en janvier 1943 \u00e0 la suite d\u2019une s\u00e9rie d\u2019attentats, Hitler lui-m\u00eame donne l\u2019ordre d\u2019une r\u00e9pression sans pr\u00e9c\u00e9dent. Ont alors lieu,&hellip;&nbsp;<a href=\"https:\/\/telemme.mmsh.fr\/?p=13925\" rel=\"bookmark\">Lire la suite &raquo;<span class=\"screen-reader-text\">Marseille 1900-1943. La mauvaise r\u00e9putation<\/span><\/a><\/p>\n","protected":false},"author":6,"featured_media":13926,"comment_status":"closed","ping_status":"closed","sticky":false,"template":"","format":"standard","meta":{"neve_meta_sidebar":"","neve_meta_container":"","neve_meta_enable_content_width":"off","neve_meta_content_width":70,"neve_meta_title_alignment":"","neve_meta_author_avatar":"","neve_post_elements_order":"","neve_meta_disable_header":"","neve_meta_disable_footer":"","neve_meta_disable_title":"","_tribe_events_control_status":"","_tribe_events_control_status_canceled_reason":"","_tribe_events_control_status_postponed_reason":"","_tribe_events_control_online":"","_tribe_events_control_online_url":"","footnotes":""},"categories":[1730],"tags":[1926],"class_list":["post-13925","post","type-post","status-publish","format-standard","has-post-thumbnail","hentry","category-expositions","tag-marseille"],"yoast_head":"<!-- This site is optimized with the Yoast SEO plugin v27.4 - https:\/\/yoast.com\/product\/yoast-seo-wordpress\/ -->\n<title>Marseille 1900-1943. La mauvaise r\u00e9putation - TELEMMe - Temps, espaces, langages, Europe m\u00e9ridionale, M\u00e9diterran\u00e9e<\/title>\n<meta name=\"robots\" content=\"index, follow, max-snippet:-1, max-image-preview:large, max-video-preview:-1\" \/>\n<link rel=\"canonical\" href=\"https:\/\/telemme.mmsh.fr\/?p=13925\" \/>\n<meta property=\"og:locale\" content=\"fr_FR\" \/>\n<meta property=\"og:type\" content=\"article\" \/>\n<meta property=\"og:title\" content=\"Marseille 1900-1943. La mauvaise r\u00e9putation - TELEMMe - Temps, espaces, langages, Europe m\u00e9ridionale, M\u00e9diterran\u00e9e\" \/>\n<meta property=\"og:description\" content=\"Pr\u00e8s de deux mois apr\u00e8s l\u2019arriv\u00e9e des Allemands \u00e0 Marseille, en janvier 1943 \u00e0 la suite d\u2019une s\u00e9rie d\u2019attentats, Hitler lui-m\u00eame donne l\u2019ordre d\u2019une r\u00e9pression sans pr\u00e9c\u00e9dent. Ont alors lieu,&hellip;&nbsp;Lire la suite &raquo;Marseille 1900-1943. La mauvaise r\u00e9putation\" \/>\n<meta property=\"og:url\" content=\"https:\/\/telemme.mmsh.fr\/?p=13925\" \/>\n<meta property=\"og:site_name\" content=\"TELEMMe - Temps, espaces, langages, Europe m\u00e9ridionale, M\u00e9diterran\u00e9e\" \/>\n<meta property=\"article:published_time\" content=\"2024-02-02T11:04:38+00:00\" \/>\n<meta property=\"article:modified_time\" content=\"2024-02-02T13:16:48+00:00\" \/>\n<meta property=\"og:image\" content=\"https:\/\/telemme.mmsh.fr\/wp-content\/uploads\/2024\/02\/memorial_-_affiche_-_la_mauvaise_reputation.jpg\" \/>\n\t<meta property=\"og:image:width\" content=\"300\" \/>\n\t<meta property=\"og:image:height\" content=\"450\" \/>\n\t<meta property=\"og:image:type\" content=\"image\/jpeg\" \/>\n<meta name=\"author\" content=\"Delphine Cavallo\" \/>\n<meta name=\"twitter:card\" content=\"summary_large_image\" \/>\n<meta name=\"twitter:label1\" content=\"\u00c9crit par\" \/>\n\t<meta name=\"twitter:data1\" content=\"Delphine Cavallo\" \/>\n\t<meta name=\"twitter:label2\" content=\"Dur\u00e9e de lecture estim\u00e9e\" \/>\n\t<meta name=\"twitter:data2\" content=\"2 minutes\" \/>\n<script type=\"application\/ld+json\" class=\"yoast-schema-graph\">{\"@context\":\"https:\\\/\\\/schema.org\",\"@graph\":[{\"@type\":\"Article\",\"@id\":\"https:\\\/\\\/telemme.mmsh.fr\\\/?p=13925#article\",\"isPartOf\":{\"@id\":\"https:\\\/\\\/telemme.mmsh.fr\\\/?p=13925\"},\"author\":{\"name\":\"Delphine Cavallo\",\"@id\":\"https:\\\/\\\/telemme.mmsh.fr\\\/#\\\/schema\\\/person\\\/86a185da4836381586528ced48e263f5\"},\"headline\":\"Marseille 1900-1943. La mauvaise r\u00e9putation\",\"datePublished\":\"2024-02-02T11:04:38+00:00\",\"dateModified\":\"2024-02-02T13:16:48+00:00\",\"mainEntityOfPage\":{\"@id\":\"https:\\\/\\\/telemme.mmsh.fr\\\/?p=13925\"},\"wordCount\":486,\"publisher\":{\"@id\":\"https:\\\/\\\/telemme.mmsh.fr\\\/#organization\"},\"image\":{\"@id\":\"https:\\\/\\\/telemme.mmsh.fr\\\/?p=13925#primaryimage\"},\"thumbnailUrl\":\"https:\\\/\\\/telemme.mmsh.fr\\\/wp-content\\\/uploads\\\/2024\\\/02\\\/memorial_-_affiche_-_la_mauvaise_reputation.jpg\",\"keywords\":[\"Marseille\"],\"articleSection\":[\"Expositions\"],\"inLanguage\":\"fr-FR\"},{\"@type\":\"WebPage\",\"@id\":\"https:\\\/\\\/telemme.mmsh.fr\\\/?p=13925\",\"url\":\"https:\\\/\\\/telemme.mmsh.fr\\\/?p=13925\",\"name\":\"Marseille 1900-1943. La mauvaise r\u00e9putation - TELEMMe - Temps, espaces, langages, Europe m\u00e9ridionale, M\u00e9diterran\u00e9e\",\"isPartOf\":{\"@id\":\"https:\\\/\\\/telemme.mmsh.fr\\\/#website\"},\"primaryImageOfPage\":{\"@id\":\"https:\\\/\\\/telemme.mmsh.fr\\\/?p=13925#primaryimage\"},\"image\":{\"@id\":\"https:\\\/\\\/telemme.mmsh.fr\\\/?p=13925#primaryimage\"},\"thumbnailUrl\":\"https:\\\/\\\/telemme.mmsh.fr\\\/wp-content\\\/uploads\\\/2024\\\/02\\\/memorial_-_affiche_-_la_mauvaise_reputation.jpg\",\"datePublished\":\"2024-02-02T11:04:38+00:00\",\"dateModified\":\"2024-02-02T13:16:48+00:00\",\"breadcrumb\":{\"@id\":\"https:\\\/\\\/telemme.mmsh.fr\\\/?p=13925#breadcrumb\"},\"inLanguage\":\"fr-FR\",\"potentialAction\":[{\"@type\":\"ReadAction\",\"target\":[\"https:\\\/\\\/telemme.mmsh.fr\\\/?p=13925\"]}]},{\"@type\":\"ImageObject\",\"inLanguage\":\"fr-FR\",\"@id\":\"https:\\\/\\\/telemme.mmsh.fr\\\/?p=13925#primaryimage\",\"url\":\"https:\\\/\\\/telemme.mmsh.fr\\\/wp-content\\\/uploads\\\/2024\\\/02\\\/memorial_-_affiche_-_la_mauvaise_reputation.jpg\",\"contentUrl\":\"https:\\\/\\\/telemme.mmsh.fr\\\/wp-content\\\/uploads\\\/2024\\\/02\\\/memorial_-_affiche_-_la_mauvaise_reputation.jpg\",\"width\":300,\"height\":450,\"caption\":\"Affiche de l'exposition MARSEILLE 1900-1943. LA MAUVAISE R\u00c9PUTATION, Mus\u00e9e d'histoire de Marseille\"},{\"@type\":\"BreadcrumbList\",\"@id\":\"https:\\\/\\\/telemme.mmsh.fr\\\/?p=13925#breadcrumb\",\"itemListElement\":[{\"@type\":\"ListItem\",\"position\":1,\"name\":\"Accueil\",\"item\":\"https:\\\/\\\/telemme.mmsh.fr\\\/\"},{\"@type\":\"ListItem\",\"position\":2,\"name\":\"M\u00e9diation et diffusion\",\"item\":\"https:\\\/\\\/telemme.mmsh.fr\\\/?cat=1736\"},{\"@type\":\"ListItem\",\"position\":3,\"name\":\"Expositions\",\"item\":\"https:\\\/\\\/telemme.mmsh.fr\\\/?cat=1730\"},{\"@type\":\"ListItem\",\"position\":4,\"name\":\"Marseille 1900-1943. La mauvaise r\u00e9putation\"}]},{\"@type\":\"WebSite\",\"@id\":\"https:\\\/\\\/telemme.mmsh.fr\\\/#website\",\"url\":\"https:\\\/\\\/telemme.mmsh.fr\\\/\",\"name\":\"TELEMMe - Temps, espaces, langages, Europe m\u00e9ridionale, M\u00e9diterran\u00e9e\",\"description\":\"\",\"publisher\":{\"@id\":\"https:\\\/\\\/telemme.mmsh.fr\\\/#organization\"},\"potentialAction\":[{\"@type\":\"SearchAction\",\"target\":{\"@type\":\"EntryPoint\",\"urlTemplate\":\"https:\\\/\\\/telemme.mmsh.fr\\\/?s={search_term_string}\"},\"query-input\":{\"@type\":\"PropertyValueSpecification\",\"valueRequired\":true,\"valueName\":\"search_term_string\"}}],\"inLanguage\":\"fr-FR\"},{\"@type\":\"Organization\",\"@id\":\"https:\\\/\\\/telemme.mmsh.fr\\\/#organization\",\"name\":\"TELEMMe\",\"url\":\"https:\\\/\\\/telemme.mmsh.fr\\\/\",\"logo\":{\"@type\":\"ImageObject\",\"inLanguage\":\"fr-FR\",\"@id\":\"https:\\\/\\\/telemme.mmsh.fr\\\/#\\\/schema\\\/logo\\\/image\\\/\",\"url\":\"https:\\\/\\\/telemme.mmsh.fr\\\/wp-content\\\/uploads\\\/2020\\\/03\\\/LogoTELEMMe-horizontal-fond-transparent.png\",\"contentUrl\":\"https:\\\/\\\/telemme.mmsh.fr\\\/wp-content\\\/uploads\\\/2020\\\/03\\\/LogoTELEMMe-horizontal-fond-transparent.png\",\"width\":1500,\"height\":437,\"caption\":\"TELEMMe\"},\"image\":{\"@id\":\"https:\\\/\\\/telemme.mmsh.fr\\\/#\\\/schema\\\/logo\\\/image\\\/\"}},{\"@type\":\"Person\",\"@id\":\"https:\\\/\\\/telemme.mmsh.fr\\\/#\\\/schema\\\/person\\\/86a185da4836381586528ced48e263f5\",\"name\":\"Delphine Cavallo\",\"url\":\"https:\\\/\\\/telemme.mmsh.fr\\\/?author=6\"}]}<\/script>\n<!-- \/ Yoast SEO plugin. -->","yoast_head_json":{"title":"Marseille 1900-1943. La mauvaise r\u00e9putation - TELEMMe - Temps, espaces, langages, Europe m\u00e9ridionale, M\u00e9diterran\u00e9e","robots":{"index":"index","follow":"follow","max-snippet":"max-snippet:-1","max-image-preview":"max-image-preview:large","max-video-preview":"max-video-preview:-1"},"canonical":"https:\/\/telemme.mmsh.fr\/?p=13925","og_locale":"fr_FR","og_type":"article","og_title":"Marseille 1900-1943. La mauvaise r\u00e9putation - TELEMMe - Temps, espaces, langages, Europe m\u00e9ridionale, M\u00e9diterran\u00e9e","og_description":"Pr\u00e8s de deux mois apr\u00e8s l\u2019arriv\u00e9e des Allemands \u00e0 Marseille, en janvier 1943 \u00e0 la suite d\u2019une s\u00e9rie d\u2019attentats, Hitler lui-m\u00eame donne l\u2019ordre d\u2019une r\u00e9pression sans pr\u00e9c\u00e9dent. Ont alors lieu,&hellip;&nbsp;Lire la suite &raquo;Marseille 1900-1943. La mauvaise r\u00e9putation","og_url":"https:\/\/telemme.mmsh.fr\/?p=13925","og_site_name":"TELEMMe - Temps, espaces, langages, Europe m\u00e9ridionale, M\u00e9diterran\u00e9e","article_published_time":"2024-02-02T11:04:38+00:00","article_modified_time":"2024-02-02T13:16:48+00:00","og_image":[{"width":300,"height":450,"url":"https:\/\/telemme.mmsh.fr\/wp-content\/uploads\/2024\/02\/memorial_-_affiche_-_la_mauvaise_reputation.jpg","type":"image\/jpeg"}],"author":"Delphine Cavallo","twitter_card":"summary_large_image","twitter_misc":{"\u00c9crit par":"Delphine Cavallo","Dur\u00e9e de lecture estim\u00e9e":"2 minutes"},"schema":{"@context":"https:\/\/schema.org","@graph":[{"@type":"Article","@id":"https:\/\/telemme.mmsh.fr\/?p=13925#article","isPartOf":{"@id":"https:\/\/telemme.mmsh.fr\/?p=13925"},"author":{"name":"Delphine Cavallo","@id":"https:\/\/telemme.mmsh.fr\/#\/schema\/person\/86a185da4836381586528ced48e263f5"},"headline":"Marseille 1900-1943. La mauvaise r\u00e9putation","datePublished":"2024-02-02T11:04:38+00:00","dateModified":"2024-02-02T13:16:48+00:00","mainEntityOfPage":{"@id":"https:\/\/telemme.mmsh.fr\/?p=13925"},"wordCount":486,"publisher":{"@id":"https:\/\/telemme.mmsh.fr\/#organization"},"image":{"@id":"https:\/\/telemme.mmsh.fr\/?p=13925#primaryimage"},"thumbnailUrl":"https:\/\/telemme.mmsh.fr\/wp-content\/uploads\/2024\/02\/memorial_-_affiche_-_la_mauvaise_reputation.jpg","keywords":["Marseille"],"articleSection":["Expositions"],"inLanguage":"fr-FR"},{"@type":"WebPage","@id":"https:\/\/telemme.mmsh.fr\/?p=13925","url":"https:\/\/telemme.mmsh.fr\/?p=13925","name":"Marseille 1900-1943. La mauvaise r\u00e9putation - TELEMMe - Temps, espaces, langages, Europe m\u00e9ridionale, M\u00e9diterran\u00e9e","isPartOf":{"@id":"https:\/\/telemme.mmsh.fr\/#website"},"primaryImageOfPage":{"@id":"https:\/\/telemme.mmsh.fr\/?p=13925#primaryimage"},"image":{"@id":"https:\/\/telemme.mmsh.fr\/?p=13925#primaryimage"},"thumbnailUrl":"https:\/\/telemme.mmsh.fr\/wp-content\/uploads\/2024\/02\/memorial_-_affiche_-_la_mauvaise_reputation.jpg","datePublished":"2024-02-02T11:04:38+00:00","dateModified":"2024-02-02T13:16:48+00:00","breadcrumb":{"@id":"https:\/\/telemme.mmsh.fr\/?p=13925#breadcrumb"},"inLanguage":"fr-FR","potentialAction":[{"@type":"ReadAction","target":["https:\/\/telemme.mmsh.fr\/?p=13925"]}]},{"@type":"ImageObject","inLanguage":"fr-FR","@id":"https:\/\/telemme.mmsh.fr\/?p=13925#primaryimage","url":"https:\/\/telemme.mmsh.fr\/wp-content\/uploads\/2024\/02\/memorial_-_affiche_-_la_mauvaise_reputation.jpg","contentUrl":"https:\/\/telemme.mmsh.fr\/wp-content\/uploads\/2024\/02\/memorial_-_affiche_-_la_mauvaise_reputation.jpg","width":300,"height":450,"caption":"Affiche de l'exposition MARSEILLE 1900-1943. LA MAUVAISE R\u00c9PUTATION, Mus\u00e9e d'histoire de Marseille"},{"@type":"BreadcrumbList","@id":"https:\/\/telemme.mmsh.fr\/?p=13925#breadcrumb","itemListElement":[{"@type":"ListItem","position":1,"name":"Accueil","item":"https:\/\/telemme.mmsh.fr\/"},{"@type":"ListItem","position":2,"name":"M\u00e9diation et diffusion","item":"https:\/\/telemme.mmsh.fr\/?cat=1736"},{"@type":"ListItem","position":3,"name":"Expositions","item":"https:\/\/telemme.mmsh.fr\/?cat=1730"},{"@type":"ListItem","position":4,"name":"Marseille 1900-1943. La mauvaise r\u00e9putation"}]},{"@type":"WebSite","@id":"https:\/\/telemme.mmsh.fr\/#website","url":"https:\/\/telemme.mmsh.fr\/","name":"TELEMMe - Temps, espaces, langages, Europe m\u00e9ridionale, M\u00e9diterran\u00e9e","description":"","publisher":{"@id":"https:\/\/telemme.mmsh.fr\/#organization"},"potentialAction":[{"@type":"SearchAction","target":{"@type":"EntryPoint","urlTemplate":"https:\/\/telemme.mmsh.fr\/?s={search_term_string}"},"query-input":{"@type":"PropertyValueSpecification","valueRequired":true,"valueName":"search_term_string"}}],"inLanguage":"fr-FR"},{"@type":"Organization","@id":"https:\/\/telemme.mmsh.fr\/#organization","name":"TELEMMe","url":"https:\/\/telemme.mmsh.fr\/","logo":{"@type":"ImageObject","inLanguage":"fr-FR","@id":"https:\/\/telemme.mmsh.fr\/#\/schema\/logo\/image\/","url":"https:\/\/telemme.mmsh.fr\/wp-content\/uploads\/2020\/03\/LogoTELEMMe-horizontal-fond-transparent.png","contentUrl":"https:\/\/telemme.mmsh.fr\/wp-content\/uploads\/2020\/03\/LogoTELEMMe-horizontal-fond-transparent.png","width":1500,"height":437,"caption":"TELEMMe"},"image":{"@id":"https:\/\/telemme.mmsh.fr\/#\/schema\/logo\/image\/"}},{"@type":"Person","@id":"https:\/\/telemme.mmsh.fr\/#\/schema\/person\/86a185da4836381586528ced48e263f5","name":"Delphine Cavallo","url":"https:\/\/telemme.mmsh.fr\/?author=6"}]}},"_links":{"self":[{"href":"https:\/\/telemme.mmsh.fr\/index.php?rest_route=\/wp\/v2\/posts\/13925","targetHints":{"allow":["GET"]}}],"collection":[{"href":"https:\/\/telemme.mmsh.fr\/index.php?rest_route=\/wp\/v2\/posts"}],"about":[{"href":"https:\/\/telemme.mmsh.fr\/index.php?rest_route=\/wp\/v2\/types\/post"}],"author":[{"embeddable":true,"href":"https:\/\/telemme.mmsh.fr\/index.php?rest_route=\/wp\/v2\/users\/6"}],"replies":[{"embeddable":true,"href":"https:\/\/telemme.mmsh.fr\/index.php?rest_route=%2Fwp%2Fv2%2Fcomments&post=13925"}],"version-history":[{"count":6,"href":"https:\/\/telemme.mmsh.fr\/index.php?rest_route=\/wp\/v2\/posts\/13925\/revisions"}],"predecessor-version":[{"id":13933,"href":"https:\/\/telemme.mmsh.fr\/index.php?rest_route=\/wp\/v2\/posts\/13925\/revisions\/13933"}],"wp:featuredmedia":[{"embeddable":true,"href":"https:\/\/telemme.mmsh.fr\/index.php?rest_route=\/wp\/v2\/media\/13926"}],"wp:attachment":[{"href":"https:\/\/telemme.mmsh.fr\/index.php?rest_route=%2Fwp%2Fv2%2Fmedia&parent=13925"}],"wp:term":[{"taxonomy":"category","embeddable":true,"href":"https:\/\/telemme.mmsh.fr\/index.php?rest_route=%2Fwp%2Fv2%2Fcategories&post=13925"},{"taxonomy":"post_tag","embeddable":true,"href":"https:\/\/telemme.mmsh.fr\/index.php?rest_route=%2Fwp%2Fv2%2Ftags&post=13925"}],"curies":[{"name":"wp","href":"https:\/\/api.w.org\/{rel}","templated":true}]}}