{"id":13851,"date":"2024-01-17T14:28:16","date_gmt":"2024-01-17T13:28:16","guid":{"rendered":"https:\/\/telemme.mmsh.fr\/?p=13851"},"modified":"2025-01-24T11:25:43","modified_gmt":"2025-01-24T10:25:43","slug":"el-imperio-de-los-exiliados-los-flamencos-y-la-militarizacion-del-gobierno-de-espana-en-el-siglo-xviii","status":"publish","type":"post","link":"https:\/\/telemme.mmsh.fr\/?p=13851","title":{"rendered":"El Imperio de los exiliados. Los flamencos y la militarizaci\u00f3n del gobierno de Espa\u00f1a en el siglo XVIII"},"content":{"rendered":"\n<div class=\"book-synopsis\">\n<blockquote><p class=\"book-author\"><a href=\"https:\/\/editorial.ugr.es\/libro\/el-imperio-de-los-exiliados_139444\/\"><strong><em>El Imperio de los exiliados los flamencos y la militarizaci\u00f3n del gobierno de Espa\u00f1a en el siglo XVIII<\/em><\/strong><\/a>, <a href=\"https:\/\/telemme.mmsh.fr\/?membres=thomas-glesener\">Thomas Glesener<\/a>, \u00e9ditions EUG, 2023, 560 pages<\/p><\/blockquote>\n<p>En 1713, tras dos siglos de dominaci\u00f3n en Italia y los Pa\u00edses Bajos, el tratado de Utrecht ratificaba el desmembramiento de la Monarqu\u00eda Hisp\u00e1nica y su repliegue hacia la pen\u00ednsula ib\u00e9rica y el Atl\u00e1ntico. Pese que Espa\u00f1a parec\u00eda volver la espalda a Europa, miles de flamencos e italianos emprendieron el camino del exilio para permanecer bajo la sujeci\u00f3n del Rey Cat\u00f3lico. Contra todo pron\u00f3stico, estos exiliados fueron constituidos en una poderosa \u00e9lite pol\u00edtica y militar que, a lo largo del siglo XVIII, influy\u00f3 decisivamente en la militarizaci\u00f3n del gobierno de la monarqu\u00eda.<\/p>\n<p>Partiendo del estudio de los flamencos, esta obra vincula la emigraci\u00f3n hacia Espa\u00f1a de los antiguos s\u00fabditos con la profunda transformaci\u00f3n de las lealtades pol\u00edticas sufrida durante la Guerra de Sucesi\u00f3n. Analizando las trayectorias familiares de los exiliados, arroja luz sobre c\u00f3mo los Borbones se apoyaron en colectivos de extranjeros para emprender sus reformas, facilitando la formaci\u00f3n de una aristocracia militar que acab\u00f3 volvi\u00e9ndose contra sus amos para conservar sus privilegios.<\/p>\n<\/div>\n","protected":false},"excerpt":{"rendered":"<p>El Imperio de los exiliados los flamencos y la militarizaci\u00f3n del gobierno de Espa\u00f1a en el siglo XVIII, Thomas Glesener, \u00e9ditions EUG, 2023, 560 pages En 1713, tras dos siglos&hellip;&nbsp;<a href=\"https:\/\/telemme.mmsh.fr\/?p=13851\" rel=\"bookmark\">Lire la suite &raquo;<span class=\"screen-reader-text\">El Imperio de los exiliados. Los flamencos y la militarizaci\u00f3n del gobierno de Espa\u00f1a en el siglo XVIII<\/span><\/a><\/p>\n","protected":false},"author":175,"featured_media":13852,"comment_status":"closed","ping_status":"closed","sticky":false,"template":"","format":"standard","meta":{"neve_meta_sidebar":"","neve_meta_container":"","neve_meta_enable_content_width":"off","neve_meta_content_width":70,"neve_meta_title_alignment":"","neve_meta_author_avatar":"","neve_post_elements_order":"","neve_meta_disable_header":"","neve_meta_disable_footer":"","neve_meta_disable_title":"","_tribe_events_control_status":"","_tribe_events_control_status_canceled_reason":"","_tribe_events_control_status_postponed_reason":"","_tribe_events_control_online":"","_tribe_events_control_online_url":"","footnotes":""},"categories":[1740],"tags":[],"class_list":["post-13851","post","type-post","status-publish","format-standard","has-post-thumbnail","hentry","category-ouvrages"],"yoast_head":"<!-- This site is optimized with the Yoast SEO plugin v27.4 - https:\/\/yoast.com\/product\/yoast-seo-wordpress\/ -->\n<title>El Imperio de los exiliados. Los flamencos y la militarizaci\u00f3n del gobierno de Espa\u00f1a en el siglo XVIII - TELEMMe - Temps, espaces, langages, Europe m\u00e9ridionale, M\u00e9diterran\u00e9e<\/title>\n<meta name=\"robots\" content=\"index, follow, max-snippet:-1, max-image-preview:large, max-video-preview:-1\" \/>\n<link rel=\"canonical\" href=\"https:\/\/telemme.mmsh.fr\/?p=13851\" \/>\n<meta property=\"og:locale\" content=\"fr_FR\" \/>\n<meta property=\"og:type\" content=\"article\" \/>\n<meta property=\"og:title\" content=\"El Imperio de los exiliados. Los flamencos y la militarizaci\u00f3n del gobierno de Espa\u00f1a en el siglo XVIII - TELEMMe - Temps, espaces, langages, Europe m\u00e9ridionale, M\u00e9diterran\u00e9e\" \/>\n<meta property=\"og:description\" content=\"El Imperio de los exiliados los flamencos y la militarizaci\u00f3n del gobierno de Espa\u00f1a en el siglo XVIII, Thomas Glesener, \u00e9ditions EUG, 2023, 560 pages En 1713, tras dos siglos&hellip;&nbsp;Lire la suite &raquo;El Imperio de los exiliados. Los flamencos y la militarizaci\u00f3n del gobierno de Espa\u00f1a en el siglo XVIII\" \/>\n<meta property=\"og:url\" content=\"https:\/\/telemme.mmsh.fr\/?p=13851\" \/>\n<meta property=\"og:site_name\" content=\"TELEMMe - Temps, espaces, langages, Europe m\u00e9ridionale, M\u00e9diterran\u00e9e\" \/>\n<meta property=\"article:published_time\" content=\"2024-01-17T13:28:16+00:00\" \/>\n<meta property=\"article:modified_time\" content=\"2025-01-24T10:25:43+00:00\" \/>\n<meta property=\"og:image\" content=\"https:\/\/telemme.mmsh.fr\/wp-content\/uploads\/2024\/01\/El-Imperio-de-los-exiliados.jpg\" \/>\n\t<meta property=\"og:image:width\" content=\"236\" \/>\n\t<meta property=\"og:image:height\" content=\"365\" \/>\n\t<meta property=\"og:image:type\" content=\"image\/jpeg\" \/>\n<meta name=\"author\" content=\"Maja Mellet\" \/>\n<meta name=\"twitter:card\" content=\"summary_large_image\" \/>\n<meta name=\"twitter:label1\" content=\"\u00c9crit par\" \/>\n\t<meta name=\"twitter:data1\" content=\"Maja Mellet\" \/>\n\t<meta name=\"twitter:label2\" content=\"Dur\u00e9e de lecture estim\u00e9e\" \/>\n\t<meta name=\"twitter:data2\" content=\"1 minute\" \/>\n<script type=\"application\/ld+json\" class=\"yoast-schema-graph\">{\"@context\":\"https:\\\/\\\/schema.org\",\"@graph\":[{\"@type\":\"Article\",\"@id\":\"https:\\\/\\\/telemme.mmsh.fr\\\/?p=13851#article\",\"isPartOf\":{\"@id\":\"https:\\\/\\\/telemme.mmsh.fr\\\/?p=13851\"},\"author\":{\"name\":\"Maja Mellet\",\"@id\":\"https:\\\/\\\/telemme.mmsh.fr\\\/#\\\/schema\\\/person\\\/c433e5fd025c00718f715ba73f040691\"},\"headline\":\"El Imperio de los exiliados. Los flamencos y la militarizaci\u00f3n del gobierno de Espa\u00f1a en el siglo XVIII\",\"datePublished\":\"2024-01-17T13:28:16+00:00\",\"dateModified\":\"2025-01-24T10:25:43+00:00\",\"mainEntityOfPage\":{\"@id\":\"https:\\\/\\\/telemme.mmsh.fr\\\/?p=13851\"},\"wordCount\":231,\"publisher\":{\"@id\":\"https:\\\/\\\/telemme.mmsh.fr\\\/#organization\"},\"image\":{\"@id\":\"https:\\\/\\\/telemme.mmsh.fr\\\/?p=13851#primaryimage\"},\"thumbnailUrl\":\"https:\\\/\\\/telemme.mmsh.fr\\\/wp-content\\\/uploads\\\/2024\\\/01\\\/El-Imperio-de-los-exiliados.jpg\",\"articleSection\":[\"Ouvrages\"],\"inLanguage\":\"fr-FR\"},{\"@type\":\"WebPage\",\"@id\":\"https:\\\/\\\/telemme.mmsh.fr\\\/?p=13851\",\"url\":\"https:\\\/\\\/telemme.mmsh.fr\\\/?p=13851\",\"name\":\"El Imperio de los exiliados. Los flamencos y la militarizaci\u00f3n del gobierno de Espa\u00f1a en el siglo XVIII - TELEMMe - Temps, espaces, langages, Europe m\u00e9ridionale, M\u00e9diterran\u00e9e\",\"isPartOf\":{\"@id\":\"https:\\\/\\\/telemme.mmsh.fr\\\/#website\"},\"primaryImageOfPage\":{\"@id\":\"https:\\\/\\\/telemme.mmsh.fr\\\/?p=13851#primaryimage\"},\"image\":{\"@id\":\"https:\\\/\\\/telemme.mmsh.fr\\\/?p=13851#primaryimage\"},\"thumbnailUrl\":\"https:\\\/\\\/telemme.mmsh.fr\\\/wp-content\\\/uploads\\\/2024\\\/01\\\/El-Imperio-de-los-exiliados.jpg\",\"datePublished\":\"2024-01-17T13:28:16+00:00\",\"dateModified\":\"2025-01-24T10:25:43+00:00\",\"breadcrumb\":{\"@id\":\"https:\\\/\\\/telemme.mmsh.fr\\\/?p=13851#breadcrumb\"},\"inLanguage\":\"fr-FR\",\"potentialAction\":[{\"@type\":\"ReadAction\",\"target\":[\"https:\\\/\\\/telemme.mmsh.fr\\\/?p=13851\"]}]},{\"@type\":\"ImageObject\",\"inLanguage\":\"fr-FR\",\"@id\":\"https:\\\/\\\/telemme.mmsh.fr\\\/?p=13851#primaryimage\",\"url\":\"https:\\\/\\\/telemme.mmsh.fr\\\/wp-content\\\/uploads\\\/2024\\\/01\\\/El-Imperio-de-los-exiliados.jpg\",\"contentUrl\":\"https:\\\/\\\/telemme.mmsh.fr\\\/wp-content\\\/uploads\\\/2024\\\/01\\\/El-Imperio-de-los-exiliados.jpg\",\"width\":236,\"height\":365},{\"@type\":\"BreadcrumbList\",\"@id\":\"https:\\\/\\\/telemme.mmsh.fr\\\/?p=13851#breadcrumb\",\"itemListElement\":[{\"@type\":\"ListItem\",\"position\":1,\"name\":\"Accueil\",\"item\":\"https:\\\/\\\/telemme.mmsh.fr\\\/\"},{\"@type\":\"ListItem\",\"position\":2,\"name\":\"Publications\",\"item\":\"https:\\\/\\\/telemme.mmsh.fr\\\/?cat=1738\"},{\"@type\":\"ListItem\",\"position\":3,\"name\":\"Ouvrages\",\"item\":\"https:\\\/\\\/telemme.mmsh.fr\\\/?cat=1740\"},{\"@type\":\"ListItem\",\"position\":4,\"name\":\"El Imperio de los exiliados. Los flamencos y la militarizaci\u00f3n del gobierno de Espa\u00f1a en el siglo XVIII\"}]},{\"@type\":\"WebSite\",\"@id\":\"https:\\\/\\\/telemme.mmsh.fr\\\/#website\",\"url\":\"https:\\\/\\\/telemme.mmsh.fr\\\/\",\"name\":\"TELEMMe - Temps, espaces, langages, Europe m\u00e9ridionale, M\u00e9diterran\u00e9e\",\"description\":\"\",\"publisher\":{\"@id\":\"https:\\\/\\\/telemme.mmsh.fr\\\/#organization\"},\"potentialAction\":[{\"@type\":\"SearchAction\",\"target\":{\"@type\":\"EntryPoint\",\"urlTemplate\":\"https:\\\/\\\/telemme.mmsh.fr\\\/?s={search_term_string}\"},\"query-input\":{\"@type\":\"PropertyValueSpecification\",\"valueRequired\":true,\"valueName\":\"search_term_string\"}}],\"inLanguage\":\"fr-FR\"},{\"@type\":\"Organization\",\"@id\":\"https:\\\/\\\/telemme.mmsh.fr\\\/#organization\",\"name\":\"TELEMMe\",\"url\":\"https:\\\/\\\/telemme.mmsh.fr\\\/\",\"logo\":{\"@type\":\"ImageObject\",\"inLanguage\":\"fr-FR\",\"@id\":\"https:\\\/\\\/telemme.mmsh.fr\\\/#\\\/schema\\\/logo\\\/image\\\/\",\"url\":\"https:\\\/\\\/telemme.mmsh.fr\\\/wp-content\\\/uploads\\\/2020\\\/03\\\/LogoTELEMMe-horizontal-fond-transparent.png\",\"contentUrl\":\"https:\\\/\\\/telemme.mmsh.fr\\\/wp-content\\\/uploads\\\/2020\\\/03\\\/LogoTELEMMe-horizontal-fond-transparent.png\",\"width\":1500,\"height\":437,\"caption\":\"TELEMMe\"},\"image\":{\"@id\":\"https:\\\/\\\/telemme.mmsh.fr\\\/#\\\/schema\\\/logo\\\/image\\\/\"}},{\"@type\":\"Person\",\"@id\":\"https:\\\/\\\/telemme.mmsh.fr\\\/#\\\/schema\\\/person\\\/c433e5fd025c00718f715ba73f040691\",\"name\":\"Maja Mellet\",\"url\":\"https:\\\/\\\/telemme.mmsh.fr\\\/?author=175\"}]}<\/script>\n<!-- \/ Yoast SEO plugin. -->","yoast_head_json":{"title":"El Imperio de los exiliados. Los flamencos y la militarizaci\u00f3n del gobierno de Espa\u00f1a en el siglo XVIII - TELEMMe - Temps, espaces, langages, Europe m\u00e9ridionale, M\u00e9diterran\u00e9e","robots":{"index":"index","follow":"follow","max-snippet":"max-snippet:-1","max-image-preview":"max-image-preview:large","max-video-preview":"max-video-preview:-1"},"canonical":"https:\/\/telemme.mmsh.fr\/?p=13851","og_locale":"fr_FR","og_type":"article","og_title":"El Imperio de los exiliados. Los flamencos y la militarizaci\u00f3n del gobierno de Espa\u00f1a en el siglo XVIII - TELEMMe - Temps, espaces, langages, Europe m\u00e9ridionale, M\u00e9diterran\u00e9e","og_description":"El Imperio de los exiliados los flamencos y la militarizaci\u00f3n del gobierno de Espa\u00f1a en el siglo XVIII, Thomas Glesener, \u00e9ditions EUG, 2023, 560 pages En 1713, tras dos siglos&hellip;&nbsp;Lire la suite &raquo;El Imperio de los exiliados. Los flamencos y la militarizaci\u00f3n del gobierno de Espa\u00f1a en el siglo XVIII","og_url":"https:\/\/telemme.mmsh.fr\/?p=13851","og_site_name":"TELEMMe - Temps, espaces, langages, Europe m\u00e9ridionale, M\u00e9diterran\u00e9e","article_published_time":"2024-01-17T13:28:16+00:00","article_modified_time":"2025-01-24T10:25:43+00:00","og_image":[{"width":236,"height":365,"url":"https:\/\/telemme.mmsh.fr\/wp-content\/uploads\/2024\/01\/El-Imperio-de-los-exiliados.jpg","type":"image\/jpeg"}],"author":"Maja Mellet","twitter_card":"summary_large_image","twitter_misc":{"\u00c9crit par":"Maja Mellet","Dur\u00e9e de lecture estim\u00e9e":"1 minute"},"schema":{"@context":"https:\/\/schema.org","@graph":[{"@type":"Article","@id":"https:\/\/telemme.mmsh.fr\/?p=13851#article","isPartOf":{"@id":"https:\/\/telemme.mmsh.fr\/?p=13851"},"author":{"name":"Maja Mellet","@id":"https:\/\/telemme.mmsh.fr\/#\/schema\/person\/c433e5fd025c00718f715ba73f040691"},"headline":"El Imperio de los exiliados. Los flamencos y la militarizaci\u00f3n del gobierno de Espa\u00f1a en el siglo XVIII","datePublished":"2024-01-17T13:28:16+00:00","dateModified":"2025-01-24T10:25:43+00:00","mainEntityOfPage":{"@id":"https:\/\/telemme.mmsh.fr\/?p=13851"},"wordCount":231,"publisher":{"@id":"https:\/\/telemme.mmsh.fr\/#organization"},"image":{"@id":"https:\/\/telemme.mmsh.fr\/?p=13851#primaryimage"},"thumbnailUrl":"https:\/\/telemme.mmsh.fr\/wp-content\/uploads\/2024\/01\/El-Imperio-de-los-exiliados.jpg","articleSection":["Ouvrages"],"inLanguage":"fr-FR"},{"@type":"WebPage","@id":"https:\/\/telemme.mmsh.fr\/?p=13851","url":"https:\/\/telemme.mmsh.fr\/?p=13851","name":"El Imperio de los exiliados. Los flamencos y la militarizaci\u00f3n del gobierno de Espa\u00f1a en el siglo XVIII - TELEMMe - Temps, espaces, langages, Europe m\u00e9ridionale, M\u00e9diterran\u00e9e","isPartOf":{"@id":"https:\/\/telemme.mmsh.fr\/#website"},"primaryImageOfPage":{"@id":"https:\/\/telemme.mmsh.fr\/?p=13851#primaryimage"},"image":{"@id":"https:\/\/telemme.mmsh.fr\/?p=13851#primaryimage"},"thumbnailUrl":"https:\/\/telemme.mmsh.fr\/wp-content\/uploads\/2024\/01\/El-Imperio-de-los-exiliados.jpg","datePublished":"2024-01-17T13:28:16+00:00","dateModified":"2025-01-24T10:25:43+00:00","breadcrumb":{"@id":"https:\/\/telemme.mmsh.fr\/?p=13851#breadcrumb"},"inLanguage":"fr-FR","potentialAction":[{"@type":"ReadAction","target":["https:\/\/telemme.mmsh.fr\/?p=13851"]}]},{"@type":"ImageObject","inLanguage":"fr-FR","@id":"https:\/\/telemme.mmsh.fr\/?p=13851#primaryimage","url":"https:\/\/telemme.mmsh.fr\/wp-content\/uploads\/2024\/01\/El-Imperio-de-los-exiliados.jpg","contentUrl":"https:\/\/telemme.mmsh.fr\/wp-content\/uploads\/2024\/01\/El-Imperio-de-los-exiliados.jpg","width":236,"height":365},{"@type":"BreadcrumbList","@id":"https:\/\/telemme.mmsh.fr\/?p=13851#breadcrumb","itemListElement":[{"@type":"ListItem","position":1,"name":"Accueil","item":"https:\/\/telemme.mmsh.fr\/"},{"@type":"ListItem","position":2,"name":"Publications","item":"https:\/\/telemme.mmsh.fr\/?cat=1738"},{"@type":"ListItem","position":3,"name":"Ouvrages","item":"https:\/\/telemme.mmsh.fr\/?cat=1740"},{"@type":"ListItem","position":4,"name":"El Imperio de los exiliados. Los flamencos y la militarizaci\u00f3n del gobierno de Espa\u00f1a en el siglo XVIII"}]},{"@type":"WebSite","@id":"https:\/\/telemme.mmsh.fr\/#website","url":"https:\/\/telemme.mmsh.fr\/","name":"TELEMMe - Temps, espaces, langages, Europe m\u00e9ridionale, M\u00e9diterran\u00e9e","description":"","publisher":{"@id":"https:\/\/telemme.mmsh.fr\/#organization"},"potentialAction":[{"@type":"SearchAction","target":{"@type":"EntryPoint","urlTemplate":"https:\/\/telemme.mmsh.fr\/?s={search_term_string}"},"query-input":{"@type":"PropertyValueSpecification","valueRequired":true,"valueName":"search_term_string"}}],"inLanguage":"fr-FR"},{"@type":"Organization","@id":"https:\/\/telemme.mmsh.fr\/#organization","name":"TELEMMe","url":"https:\/\/telemme.mmsh.fr\/","logo":{"@type":"ImageObject","inLanguage":"fr-FR","@id":"https:\/\/telemme.mmsh.fr\/#\/schema\/logo\/image\/","url":"https:\/\/telemme.mmsh.fr\/wp-content\/uploads\/2020\/03\/LogoTELEMMe-horizontal-fond-transparent.png","contentUrl":"https:\/\/telemme.mmsh.fr\/wp-content\/uploads\/2020\/03\/LogoTELEMMe-horizontal-fond-transparent.png","width":1500,"height":437,"caption":"TELEMMe"},"image":{"@id":"https:\/\/telemme.mmsh.fr\/#\/schema\/logo\/image\/"}},{"@type":"Person","@id":"https:\/\/telemme.mmsh.fr\/#\/schema\/person\/c433e5fd025c00718f715ba73f040691","name":"Maja Mellet","url":"https:\/\/telemme.mmsh.fr\/?author=175"}]}},"_links":{"self":[{"href":"https:\/\/telemme.mmsh.fr\/index.php?rest_route=\/wp\/v2\/posts\/13851","targetHints":{"allow":["GET"]}}],"collection":[{"href":"https:\/\/telemme.mmsh.fr\/index.php?rest_route=\/wp\/v2\/posts"}],"about":[{"href":"https:\/\/telemme.mmsh.fr\/index.php?rest_route=\/wp\/v2\/types\/post"}],"author":[{"embeddable":true,"href":"https:\/\/telemme.mmsh.fr\/index.php?rest_route=\/wp\/v2\/users\/175"}],"replies":[{"embeddable":true,"href":"https:\/\/telemme.mmsh.fr\/index.php?rest_route=%2Fwp%2Fv2%2Fcomments&post=13851"}],"version-history":[{"count":3,"href":"https:\/\/telemme.mmsh.fr\/index.php?rest_route=\/wp\/v2\/posts\/13851\/revisions"}],"predecessor-version":[{"id":15188,"href":"https:\/\/telemme.mmsh.fr\/index.php?rest_route=\/wp\/v2\/posts\/13851\/revisions\/15188"}],"wp:featuredmedia":[{"embeddable":true,"href":"https:\/\/telemme.mmsh.fr\/index.php?rest_route=\/wp\/v2\/media\/13852"}],"wp:attachment":[{"href":"https:\/\/telemme.mmsh.fr\/index.php?rest_route=%2Fwp%2Fv2%2Fmedia&parent=13851"}],"wp:term":[{"taxonomy":"category","embeddable":true,"href":"https:\/\/telemme.mmsh.fr\/index.php?rest_route=%2Fwp%2Fv2%2Fcategories&post=13851"},{"taxonomy":"post_tag","embeddable":true,"href":"https:\/\/telemme.mmsh.fr\/index.php?rest_route=%2Fwp%2Fv2%2Ftags&post=13851"}],"curies":[{"name":"wp","href":"https:\/\/api.w.org\/{rel}","templated":true}]}}