{"id":13843,"date":"2024-01-17T09:51:41","date_gmt":"2024-01-17T08:51:41","guid":{"rendered":"https:\/\/telemme.mmsh.fr\/?p=13843"},"modified":"2024-02-26T17:21:20","modified_gmt":"2024-02-26T16:21:20","slug":"objets-de-desirs-desirs-dobjets-collections-et-philies-xvie-xxie-siecles","status":"publish","type":"post","link":"https:\/\/telemme.mmsh.fr\/?p=13843","title":{"rendered":"[AAC] Objets de d\u00e9sirs, d\u00e9sirs d\u2019objets. Collections \u00a0et \u00abphilies\u00bb \u00a0(XVIe-XXIe si\u00e8cles)"},"content":{"rendered":"<p style=\"text-align: center;\">2\u00e8me journ\u00e9e d\u2019\u00e9tudes du groupe de recherche <em>Philies<\/em><\/p>\n<p style=\"text-align: center;\">En collaboration avec le groupe de recherche <em>Objets et savoirs <\/em>et le MucemLab<\/p>\n<p style=\"text-align: center;\"><strong>Date<\/strong> <strong>limite<\/strong> <strong>pour<\/strong> <strong>la<\/strong> <strong>remise<\/strong> <strong>des<\/strong> <strong>contributions<\/strong><strong> \u00a0<\/strong><strong>&#8211; <\/strong><strong>\u00a0<\/strong><strong>20<\/strong> <strong>f\u00e9vrier<\/strong> <strong>2024<\/strong><\/p>\n<p><strong>\u00a0<\/strong><\/p>\n<p style=\"text-align: center;\"><strong>Objets de d\u00e9sirs, d\u00e9sirs d\u2019objets.<\/strong><strong> Collections<\/strong><strong> \u00a0et \u00abphilies\u00bb \u00a0(XVIe-XXIe si\u00e8cles) <\/strong><\/p>\n<p style=\"text-align: center;\"><strong>Vendredi <\/strong><strong>\u00a0<\/strong><strong>29<\/strong> <strong>mars<\/strong> <strong>2024, <\/strong><strong>\u00a0<\/strong><strong>9h30 &#8211; 17h00<\/strong><\/p>\n<p style=\"text-align: center;\">Matin : salle du Conseil, Jardins du Pharo, Marseille<\/p>\n<p style=\"text-align: center;\">Apr\u00e8s-midi : Mucemlab, MUCEM, Marseille<\/p>\n<p>&nbsp;<\/p>\n<p>&nbsp;<\/p>\n<p>Centre d\u2019histoire sociale des mondes contemporains (CHS)<\/p>\n<p>Centre tourangeau d\u2019histoire et d\u2019\u00e9tude des sources (CeTHiS)<\/p>\n<p>Unit\u00e9 Mixte de Recherche Temps, espaces, langages, Europe m\u00e9ridionale, M\u00e9diterran\u00e9e (TELEMMe), AMU-CNRS. Aix-Marseille Universit\u00e9 (AMU)<\/p>\n<p>D\u00e9partement de la recherche et de l\u2019enseignement du Mus\u00e9e des civilisations de l\u2019Europe et de la M\u00e9diterran\u00e9e (MUCEM)<\/p>\n<p>&nbsp;<\/p>\n<p>Cette journ\u00e9e d\u2019\u00e9tudes prend place au sein d\u2019un programme de recherches pluriannuel intitul\u00e9\u00a0\u00ab philies \u00bb, \u00e9labor\u00e9 au sein du Centre d\u2019histoire sociale des mondes contemporains et \u00e9tendu au Centre Tourangeau d\u2019Histoire et d\u2019\u00e9tude des Sources, con\u00e7u \u00e0 l\u2019initiative de Fabien Archambault, Pascale Goetschel et Julie Verlaine. D\u00e9marr\u00e9 \u00e0 la fin de l\u2019ann\u00e9e 2022, il donne lieu \u00e0 un s\u00e9minaire de recherche mensuel ayant pour vocation de faire se rencontrer des chercheuses et chercheurs travaillant sur des objets et des th\u00e9matiques divers, selon des m\u00e9thodes diff\u00e9rentes, dont le point commun est de contribuer \u00e0 l\u2019<strong>histoire contemporaine et culturelle des passions collectives<\/strong>. Dans cette perspective, la pr\u00e9sente journ\u00e9e d\u2019\u00e9tudes est organis\u00e9e avec le groupe de recherche \u00ab Objets et savoirs. Collections et patrimoine dans l\u2019espace m\u00e9diterran\u00e9en (XVI<sup>e<\/sup>-XXI<sup>e<\/sup> si\u00e8cles) \u00bb rattach\u00e9 \u00e0 l\u2019UMR TELEMMe (AMU-CNRS), en collaboration avec le D\u00e9partement de la recherche et de l\u2019enseignement du MucemLab qui d\u00e9veloppe des programmes de recherche appliqu\u00e9s \u00e0 la dimension mat\u00e9rielle des collections mus\u00e9ales.<\/p>\n<p>Apr\u00e8s une premi\u00e8re journ\u00e9e d\u2019\u00e9tudes consacr\u00e9e aux \u00ab philies en f\u00eates \u00bb, une deuxi\u00e8me rencontre portera sur la mani\u00e8re dont le ph\u00e9nom\u00e8ne philique entretient un lien singulier aux objets. Cette th\u00e9matique s\u2019inscrit dans un int\u00e9r\u00eat renouvel\u00e9 de la recherche en histoire, en anthropologie et en histoire de l\u2019art pour les diff\u00e9rentes formes de mat\u00e9rialit\u00e9s.<\/p>\n<p>Afin de contribuer \u00e0 une histoire mat\u00e9rielle des philies, soit une histoire par les objets plus qu\u2019une histoire des objets, quelques questions seront privil\u00e9gi\u00e9es : quels rapports sp\u00e9cifiques aux objets induit la philie ? Quelle place faire \u00e0 la question des mat\u00e9riaux, des techniques et des conditions de fabrication dans le ph\u00e9nom\u00e8ne philique ? Que fait celui-ci \u00e0 la consommation, aux circulations et aux usages des objets ? Quels syst\u00e8mes de significations et symboliques sont associ\u00e9s aux \u00ab choses \u00bb de la philie ?<\/p>\n<p>Trois axes pourront \u00eatre particuli\u00e8rement \u00e9tudi\u00e9s :<\/p>\n<p>1)\u00a0\u00a0\u00a0 la question des collections et du collectionnisme (acteurs individuels et collectifs, formes et pratiques de collection, lieux) ; dimension \u00e9conomique, sociale, politique ou religieuse ;<\/p>\n<p>2)\u00a0\u00a0\u00a0 le rapport concret aux objets engageant le corps, l\u2019intime et les sens (ou\u00efe, vue, toucher\u2026), pouvant conduire \u00e0 des formes de f\u00e9tichisme ; le rapport entre objets et textes ; les usages singuliers ;<\/p>\n<p>3)\u00a0\u00a0\u00a0 la production, l\u2019exposition d\u2019objets, les modes de communication, de diffusion et de distribution (grammaire mat\u00e9rielle, dimension esth\u00e9tique, supports et techniques utilis\u00e9s, cycles de vie des objets, enracinements, transformation en marchandises, d\u00e9tournement, d\u00e9gradations, abandons\u2026).<\/p>\n<p>Les domaines les plus vari\u00e9s peuvent \u00eatre concern\u00e9s, de la b\u00e9d\u00e9philie \u00e0 l\u2019halt\u00e9rophilie, de la colombophilie \u00e0 la s\u00e9riephilie, sans exclusive.<\/p>\n<p>&nbsp;<\/p>\n<p><strong>Calendrier\u00a0: <\/strong><\/p>\n<p>-Soumission d\u2019un r\u00e9sum\u00e9 en fran\u00e7ais ou anglais (<strong>2 500 signes maximum<\/strong>) et d\u2019une br\u00e8ve notice bio- bibliographique \u00e0 l\u2019adresse suivante : <a href=\"mailto:rencontres.philies@gmail.com\">rencontres.philies@gmail.com<\/a> <strong>le 20 f\u00e9vrier 2024, d\u00e9lai de rigueur<\/strong><\/p>\n<p>-Notification d\u00e9but mars 2024<\/p>\n<p>-Journ\u00e9e d\u2019\u00e9tudes : 29 mars 2024. Une prise en charge des frais de d\u00e9placement est pr\u00e9vue.<\/p>\n<p>&nbsp;<\/p>\n<p><strong>Informations\u00a0: <\/strong><\/p>\n<p>Adresse du carnet de recherche du projet : <a href=\"https:\/\/philies.hypotheses.org\">https:\/\/philies.hypotheses.org<\/a><\/p>\n<p>Adresse du site de TELEMMe : <a href=\"https:\/\/telemme.mmsh.fr\/?axe_groupe=2023-2028-1-espace-et-politique-du-\">https:\/\/telemme.mmsh.fr\/?axe_groupe=2023-2028-1-espace-et-politique-du-<\/a> <u>sensible\/2023-2028-1-1-objets-et-savoirs-collections-et-patrimoine-dans-lespace-mediterraneen-xvie-xxie-<\/u>\u00a0<u>si\u00e8cles<\/u><\/p>\n<p>&nbsp;<\/p>\n<p><strong>Contact des organisateurs : <\/strong><a href=\"mailto:pascale.goetschel@univ-paris1.fr\">pascale.goetschel@univ-paris1.fr<\/a> ; <a href=\"mailto:julie.verlaine@univ-tours.fr\">julie.verlaine@univ-tours.fr<\/a> <a href=\"mailto:aziza.GRIL-MARIOTTE@univ-amu\">aziza.GRIL-MARIOTTE@univ-amu<\/a>; <a href=\"mailto:pierre.pinchon@univ-amu.fr\">pierre.pinchon@univ-amu.fr<\/a>; <a href=\"mailto:maryline.crivello@univ-amu.fr\">maryline.crivello@univ-amu.fr<\/a> <strong>Comit\u00e9 scientifique et d\u2019organisation<\/strong><\/p>\n<p>Fabien Archambault, Maryline Crivello, Aude Fanlo, Pascale Goestchel, Aziza Gril-Mariotte, Pierre Pinchon, Agn\u00e8s Rabion, Julie Verlaine.<\/p>\n<p>&nbsp;<\/p>\n<p>&nbsp;<\/p>\n<p>&nbsp;<\/p>\n<p>&nbsp;<\/p>\n<p>&nbsp;<\/p>\n","protected":false},"excerpt":{"rendered":"<p>2\u00e8me journ\u00e9e d\u2019\u00e9tudes du groupe de recherche Philies En collaboration avec le groupe de recherche Objets et savoirs et le MucemLab Date limite pour la remise des contributions \u00a0&#8211; \u00a020&hellip;&nbsp;<a href=\"https:\/\/telemme.mmsh.fr\/?p=13843\" rel=\"bookmark\">Lire la suite &raquo;<span class=\"screen-reader-text\">[AAC] Objets de d\u00e9sirs, d\u00e9sirs d\u2019objets. Collections \u00a0et \u00abphilies\u00bb \u00a0(XVIe-XXIe si\u00e8cles)<\/span><\/a><\/p>\n","protected":false},"author":175,"featured_media":13664,"comment_status":"closed","ping_status":"closed","sticky":false,"template":"","format":"standard","meta":{"neve_meta_sidebar":"","neve_meta_container":"","neve_meta_enable_content_width":"off","neve_meta_content_width":70,"neve_meta_title_alignment":"","neve_meta_author_avatar":"","neve_post_elements_order":"","neve_meta_disable_header":"","neve_meta_disable_footer":"","neve_meta_disable_title":"","_tribe_events_control_status":"","_tribe_events_control_status_canceled_reason":"","_tribe_events_control_status_postponed_reason":"","_tribe_events_control_online":"","_tribe_events_control_online_url":"","footnotes":""},"categories":[2026],"tags":[],"class_list":["post-13843","post","type-post","status-publish","format-standard","has-post-thumbnail","hentry","category-appels-a-candidature"],"yoast_head":"<!-- This site is optimized with the Yoast SEO plugin v27.4 - https:\/\/yoast.com\/product\/yoast-seo-wordpress\/ -->\n<title>[AAC] Objets de d\u00e9sirs, d\u00e9sirs d\u2019objets. Collections \u00a0et \u00abphilies\u00bb \u00a0(XVIe-XXIe si\u00e8cles) - TELEMMe - Temps, espaces, langages, Europe m\u00e9ridionale, M\u00e9diterran\u00e9e<\/title>\n<meta name=\"robots\" content=\"index, follow, max-snippet:-1, max-image-preview:large, max-video-preview:-1\" \/>\n<link rel=\"canonical\" href=\"https:\/\/telemme.mmsh.fr\/?p=13843\" \/>\n<meta property=\"og:locale\" content=\"fr_FR\" \/>\n<meta property=\"og:type\" content=\"article\" \/>\n<meta property=\"og:title\" content=\"[AAC] Objets de d\u00e9sirs, d\u00e9sirs d\u2019objets. Collections \u00a0et \u00abphilies\u00bb \u00a0(XVIe-XXIe si\u00e8cles) - TELEMMe - Temps, espaces, langages, Europe m\u00e9ridionale, M\u00e9diterran\u00e9e\" \/>\n<meta property=\"og:description\" content=\"2\u00e8me journ\u00e9e d\u2019\u00e9tudes du groupe de recherche Philies En collaboration avec le groupe de recherche Objets et savoirs et le MucemLab Date limite pour la remise des contributions \u00a0&#8211; \u00a020&hellip;&nbsp;Lire la suite &raquo;[AAC] Objets de d\u00e9sirs, d\u00e9sirs d\u2019objets. Collections \u00a0et \u00abphilies\u00bb \u00a0(XVIe-XXIe si\u00e8cles)\" \/>\n<meta property=\"og:url\" content=\"https:\/\/telemme.mmsh.fr\/?p=13843\" \/>\n<meta property=\"og:site_name\" content=\"TELEMMe - Temps, espaces, langages, Europe m\u00e9ridionale, M\u00e9diterran\u00e9e\" \/>\n<meta property=\"article:published_time\" content=\"2024-01-17T08:51:41+00:00\" \/>\n<meta property=\"article:modified_time\" content=\"2024-02-26T16:21:20+00:00\" \/>\n<meta property=\"og:image\" content=\"https:\/\/telemme.mmsh.fr\/wp-content\/uploads\/2023\/12\/call-for-papers-scaled.jpg\" \/>\n\t<meta property=\"og:image:width\" content=\"2560\" \/>\n\t<meta property=\"og:image:height\" content=\"2560\" \/>\n\t<meta property=\"og:image:type\" content=\"image\/jpeg\" \/>\n<meta name=\"author\" content=\"Maja Mellet\" \/>\n<meta name=\"twitter:card\" content=\"summary_large_image\" \/>\n<meta name=\"twitter:label1\" content=\"\u00c9crit par\" \/>\n\t<meta name=\"twitter:data1\" content=\"Maja Mellet\" \/>\n\t<meta name=\"twitter:label2\" content=\"Dur\u00e9e de lecture estim\u00e9e\" \/>\n\t<meta name=\"twitter:data2\" content=\"4 minutes\" \/>\n<script type=\"application\/ld+json\" class=\"yoast-schema-graph\">{\"@context\":\"https:\\\/\\\/schema.org\",\"@graph\":[{\"@type\":\"Article\",\"@id\":\"https:\\\/\\\/telemme.mmsh.fr\\\/?p=13843#article\",\"isPartOf\":{\"@id\":\"https:\\\/\\\/telemme.mmsh.fr\\\/?p=13843\"},\"author\":{\"name\":\"Maja Mellet\",\"@id\":\"https:\\\/\\\/telemme.mmsh.fr\\\/#\\\/schema\\\/person\\\/c433e5fd025c00718f715ba73f040691\"},\"headline\":\"[AAC] Objets de d\u00e9sirs, d\u00e9sirs d\u2019objets. Collections \u00a0et \u00abphilies\u00bb \u00a0(XVIe-XXIe si\u00e8cles)\",\"datePublished\":\"2024-01-17T08:51:41+00:00\",\"dateModified\":\"2024-02-26T16:21:20+00:00\",\"mainEntityOfPage\":{\"@id\":\"https:\\\/\\\/telemme.mmsh.fr\\\/?p=13843\"},\"wordCount\":748,\"publisher\":{\"@id\":\"https:\\\/\\\/telemme.mmsh.fr\\\/#organization\"},\"image\":{\"@id\":\"https:\\\/\\\/telemme.mmsh.fr\\\/?p=13843#primaryimage\"},\"thumbnailUrl\":\"https:\\\/\\\/telemme.mmsh.fr\\\/wp-content\\\/uploads\\\/2023\\\/12\\\/call-for-papers-scaled.jpg\",\"articleSection\":[\"Appels \u00e0 candidature\"],\"inLanguage\":\"fr-FR\"},{\"@type\":\"WebPage\",\"@id\":\"https:\\\/\\\/telemme.mmsh.fr\\\/?p=13843\",\"url\":\"https:\\\/\\\/telemme.mmsh.fr\\\/?p=13843\",\"name\":\"[AAC] Objets de d\u00e9sirs, d\u00e9sirs d\u2019objets. Collections \u00a0et \u00abphilies\u00bb \u00a0(XVIe-XXIe si\u00e8cles) - TELEMMe - Temps, espaces, langages, Europe m\u00e9ridionale, M\u00e9diterran\u00e9e\",\"isPartOf\":{\"@id\":\"https:\\\/\\\/telemme.mmsh.fr\\\/#website\"},\"primaryImageOfPage\":{\"@id\":\"https:\\\/\\\/telemme.mmsh.fr\\\/?p=13843#primaryimage\"},\"image\":{\"@id\":\"https:\\\/\\\/telemme.mmsh.fr\\\/?p=13843#primaryimage\"},\"thumbnailUrl\":\"https:\\\/\\\/telemme.mmsh.fr\\\/wp-content\\\/uploads\\\/2023\\\/12\\\/call-for-papers-scaled.jpg\",\"datePublished\":\"2024-01-17T08:51:41+00:00\",\"dateModified\":\"2024-02-26T16:21:20+00:00\",\"breadcrumb\":{\"@id\":\"https:\\\/\\\/telemme.mmsh.fr\\\/?p=13843#breadcrumb\"},\"inLanguage\":\"fr-FR\",\"potentialAction\":[{\"@type\":\"ReadAction\",\"target\":[\"https:\\\/\\\/telemme.mmsh.fr\\\/?p=13843\"]}]},{\"@type\":\"ImageObject\",\"inLanguage\":\"fr-FR\",\"@id\":\"https:\\\/\\\/telemme.mmsh.fr\\\/?p=13843#primaryimage\",\"url\":\"https:\\\/\\\/telemme.mmsh.fr\\\/wp-content\\\/uploads\\\/2023\\\/12\\\/call-for-papers-scaled.jpg\",\"contentUrl\":\"https:\\\/\\\/telemme.mmsh.fr\\\/wp-content\\\/uploads\\\/2023\\\/12\\\/call-for-papers-scaled.jpg\",\"width\":2560,\"height\":2560},{\"@type\":\"BreadcrumbList\",\"@id\":\"https:\\\/\\\/telemme.mmsh.fr\\\/?p=13843#breadcrumb\",\"itemListElement\":[{\"@type\":\"ListItem\",\"position\":1,\"name\":\"Accueil\",\"item\":\"https:\\\/\\\/telemme.mmsh.fr\\\/\"},{\"@type\":\"ListItem\",\"position\":2,\"name\":\"Actualit\u00e9s\",\"item\":\"https:\\\/\\\/telemme.mmsh.fr\\\/?cat=1995\"},{\"@type\":\"ListItem\",\"position\":3,\"name\":\"Appels \u00e0 candidature\",\"item\":\"https:\\\/\\\/telemme.mmsh.fr\\\/?cat=2026\"},{\"@type\":\"ListItem\",\"position\":4,\"name\":\"[AAC] Objets de d\u00e9sirs, d\u00e9sirs d\u2019objets. Collections \u00a0et \u00abphilies\u00bb \u00a0(XVIe-XXIe si\u00e8cles)\"}]},{\"@type\":\"WebSite\",\"@id\":\"https:\\\/\\\/telemme.mmsh.fr\\\/#website\",\"url\":\"https:\\\/\\\/telemme.mmsh.fr\\\/\",\"name\":\"TELEMMe - Temps, espaces, langages, Europe m\u00e9ridionale, M\u00e9diterran\u00e9e\",\"description\":\"\",\"publisher\":{\"@id\":\"https:\\\/\\\/telemme.mmsh.fr\\\/#organization\"},\"potentialAction\":[{\"@type\":\"SearchAction\",\"target\":{\"@type\":\"EntryPoint\",\"urlTemplate\":\"https:\\\/\\\/telemme.mmsh.fr\\\/?s={search_term_string}\"},\"query-input\":{\"@type\":\"PropertyValueSpecification\",\"valueRequired\":true,\"valueName\":\"search_term_string\"}}],\"inLanguage\":\"fr-FR\"},{\"@type\":\"Organization\",\"@id\":\"https:\\\/\\\/telemme.mmsh.fr\\\/#organization\",\"name\":\"TELEMMe\",\"url\":\"https:\\\/\\\/telemme.mmsh.fr\\\/\",\"logo\":{\"@type\":\"ImageObject\",\"inLanguage\":\"fr-FR\",\"@id\":\"https:\\\/\\\/telemme.mmsh.fr\\\/#\\\/schema\\\/logo\\\/image\\\/\",\"url\":\"https:\\\/\\\/telemme.mmsh.fr\\\/wp-content\\\/uploads\\\/2020\\\/03\\\/LogoTELEMMe-horizontal-fond-transparent.png\",\"contentUrl\":\"https:\\\/\\\/telemme.mmsh.fr\\\/wp-content\\\/uploads\\\/2020\\\/03\\\/LogoTELEMMe-horizontal-fond-transparent.png\",\"width\":1500,\"height\":437,\"caption\":\"TELEMMe\"},\"image\":{\"@id\":\"https:\\\/\\\/telemme.mmsh.fr\\\/#\\\/schema\\\/logo\\\/image\\\/\"}},{\"@type\":\"Person\",\"@id\":\"https:\\\/\\\/telemme.mmsh.fr\\\/#\\\/schema\\\/person\\\/c433e5fd025c00718f715ba73f040691\",\"name\":\"Maja Mellet\",\"url\":\"https:\\\/\\\/telemme.mmsh.fr\\\/?author=175\"}]}<\/script>\n<!-- \/ Yoast SEO plugin. -->","yoast_head_json":{"title":"[AAC] Objets de d\u00e9sirs, d\u00e9sirs d\u2019objets. Collections \u00a0et \u00abphilies\u00bb \u00a0(XVIe-XXIe si\u00e8cles) - TELEMMe - Temps, espaces, langages, Europe m\u00e9ridionale, M\u00e9diterran\u00e9e","robots":{"index":"index","follow":"follow","max-snippet":"max-snippet:-1","max-image-preview":"max-image-preview:large","max-video-preview":"max-video-preview:-1"},"canonical":"https:\/\/telemme.mmsh.fr\/?p=13843","og_locale":"fr_FR","og_type":"article","og_title":"[AAC] Objets de d\u00e9sirs, d\u00e9sirs d\u2019objets. Collections \u00a0et \u00abphilies\u00bb \u00a0(XVIe-XXIe si\u00e8cles) - TELEMMe - Temps, espaces, langages, Europe m\u00e9ridionale, M\u00e9diterran\u00e9e","og_description":"2\u00e8me journ\u00e9e d\u2019\u00e9tudes du groupe de recherche Philies En collaboration avec le groupe de recherche Objets et savoirs et le MucemLab Date limite pour la remise des contributions \u00a0&#8211; \u00a020&hellip;&nbsp;Lire la suite &raquo;[AAC] Objets de d\u00e9sirs, d\u00e9sirs d\u2019objets. Collections \u00a0et \u00abphilies\u00bb \u00a0(XVIe-XXIe si\u00e8cles)","og_url":"https:\/\/telemme.mmsh.fr\/?p=13843","og_site_name":"TELEMMe - Temps, espaces, langages, Europe m\u00e9ridionale, M\u00e9diterran\u00e9e","article_published_time":"2024-01-17T08:51:41+00:00","article_modified_time":"2024-02-26T16:21:20+00:00","og_image":[{"width":2560,"height":2560,"url":"https:\/\/telemme.mmsh.fr\/wp-content\/uploads\/2023\/12\/call-for-papers-scaled.jpg","type":"image\/jpeg"}],"author":"Maja Mellet","twitter_card":"summary_large_image","twitter_misc":{"\u00c9crit par":"Maja Mellet","Dur\u00e9e de lecture estim\u00e9e":"4 minutes"},"schema":{"@context":"https:\/\/schema.org","@graph":[{"@type":"Article","@id":"https:\/\/telemme.mmsh.fr\/?p=13843#article","isPartOf":{"@id":"https:\/\/telemme.mmsh.fr\/?p=13843"},"author":{"name":"Maja Mellet","@id":"https:\/\/telemme.mmsh.fr\/#\/schema\/person\/c433e5fd025c00718f715ba73f040691"},"headline":"[AAC] Objets de d\u00e9sirs, d\u00e9sirs d\u2019objets. Collections \u00a0et \u00abphilies\u00bb \u00a0(XVIe-XXIe si\u00e8cles)","datePublished":"2024-01-17T08:51:41+00:00","dateModified":"2024-02-26T16:21:20+00:00","mainEntityOfPage":{"@id":"https:\/\/telemme.mmsh.fr\/?p=13843"},"wordCount":748,"publisher":{"@id":"https:\/\/telemme.mmsh.fr\/#organization"},"image":{"@id":"https:\/\/telemme.mmsh.fr\/?p=13843#primaryimage"},"thumbnailUrl":"https:\/\/telemme.mmsh.fr\/wp-content\/uploads\/2023\/12\/call-for-papers-scaled.jpg","articleSection":["Appels \u00e0 candidature"],"inLanguage":"fr-FR"},{"@type":"WebPage","@id":"https:\/\/telemme.mmsh.fr\/?p=13843","url":"https:\/\/telemme.mmsh.fr\/?p=13843","name":"[AAC] Objets de d\u00e9sirs, d\u00e9sirs d\u2019objets. Collections \u00a0et \u00abphilies\u00bb \u00a0(XVIe-XXIe si\u00e8cles) - TELEMMe - Temps, espaces, langages, Europe m\u00e9ridionale, M\u00e9diterran\u00e9e","isPartOf":{"@id":"https:\/\/telemme.mmsh.fr\/#website"},"primaryImageOfPage":{"@id":"https:\/\/telemme.mmsh.fr\/?p=13843#primaryimage"},"image":{"@id":"https:\/\/telemme.mmsh.fr\/?p=13843#primaryimage"},"thumbnailUrl":"https:\/\/telemme.mmsh.fr\/wp-content\/uploads\/2023\/12\/call-for-papers-scaled.jpg","datePublished":"2024-01-17T08:51:41+00:00","dateModified":"2024-02-26T16:21:20+00:00","breadcrumb":{"@id":"https:\/\/telemme.mmsh.fr\/?p=13843#breadcrumb"},"inLanguage":"fr-FR","potentialAction":[{"@type":"ReadAction","target":["https:\/\/telemme.mmsh.fr\/?p=13843"]}]},{"@type":"ImageObject","inLanguage":"fr-FR","@id":"https:\/\/telemme.mmsh.fr\/?p=13843#primaryimage","url":"https:\/\/telemme.mmsh.fr\/wp-content\/uploads\/2023\/12\/call-for-papers-scaled.jpg","contentUrl":"https:\/\/telemme.mmsh.fr\/wp-content\/uploads\/2023\/12\/call-for-papers-scaled.jpg","width":2560,"height":2560},{"@type":"BreadcrumbList","@id":"https:\/\/telemme.mmsh.fr\/?p=13843#breadcrumb","itemListElement":[{"@type":"ListItem","position":1,"name":"Accueil","item":"https:\/\/telemme.mmsh.fr\/"},{"@type":"ListItem","position":2,"name":"Actualit\u00e9s","item":"https:\/\/telemme.mmsh.fr\/?cat=1995"},{"@type":"ListItem","position":3,"name":"Appels \u00e0 candidature","item":"https:\/\/telemme.mmsh.fr\/?cat=2026"},{"@type":"ListItem","position":4,"name":"[AAC] Objets de d\u00e9sirs, d\u00e9sirs d\u2019objets. Collections \u00a0et \u00abphilies\u00bb \u00a0(XVIe-XXIe si\u00e8cles)"}]},{"@type":"WebSite","@id":"https:\/\/telemme.mmsh.fr\/#website","url":"https:\/\/telemme.mmsh.fr\/","name":"TELEMMe - Temps, espaces, langages, Europe m\u00e9ridionale, M\u00e9diterran\u00e9e","description":"","publisher":{"@id":"https:\/\/telemme.mmsh.fr\/#organization"},"potentialAction":[{"@type":"SearchAction","target":{"@type":"EntryPoint","urlTemplate":"https:\/\/telemme.mmsh.fr\/?s={search_term_string}"},"query-input":{"@type":"PropertyValueSpecification","valueRequired":true,"valueName":"search_term_string"}}],"inLanguage":"fr-FR"},{"@type":"Organization","@id":"https:\/\/telemme.mmsh.fr\/#organization","name":"TELEMMe","url":"https:\/\/telemme.mmsh.fr\/","logo":{"@type":"ImageObject","inLanguage":"fr-FR","@id":"https:\/\/telemme.mmsh.fr\/#\/schema\/logo\/image\/","url":"https:\/\/telemme.mmsh.fr\/wp-content\/uploads\/2020\/03\/LogoTELEMMe-horizontal-fond-transparent.png","contentUrl":"https:\/\/telemme.mmsh.fr\/wp-content\/uploads\/2020\/03\/LogoTELEMMe-horizontal-fond-transparent.png","width":1500,"height":437,"caption":"TELEMMe"},"image":{"@id":"https:\/\/telemme.mmsh.fr\/#\/schema\/logo\/image\/"}},{"@type":"Person","@id":"https:\/\/telemme.mmsh.fr\/#\/schema\/person\/c433e5fd025c00718f715ba73f040691","name":"Maja Mellet","url":"https:\/\/telemme.mmsh.fr\/?author=175"}]}},"_links":{"self":[{"href":"https:\/\/telemme.mmsh.fr\/index.php?rest_route=\/wp\/v2\/posts\/13843","targetHints":{"allow":["GET"]}}],"collection":[{"href":"https:\/\/telemme.mmsh.fr\/index.php?rest_route=\/wp\/v2\/posts"}],"about":[{"href":"https:\/\/telemme.mmsh.fr\/index.php?rest_route=\/wp\/v2\/types\/post"}],"author":[{"embeddable":true,"href":"https:\/\/telemme.mmsh.fr\/index.php?rest_route=\/wp\/v2\/users\/175"}],"replies":[{"embeddable":true,"href":"https:\/\/telemme.mmsh.fr\/index.php?rest_route=%2Fwp%2Fv2%2Fcomments&post=13843"}],"version-history":[{"count":2,"href":"https:\/\/telemme.mmsh.fr\/index.php?rest_route=\/wp\/v2\/posts\/13843\/revisions"}],"predecessor-version":[{"id":14008,"href":"https:\/\/telemme.mmsh.fr\/index.php?rest_route=\/wp\/v2\/posts\/13843\/revisions\/14008"}],"wp:featuredmedia":[{"embeddable":true,"href":"https:\/\/telemme.mmsh.fr\/index.php?rest_route=\/wp\/v2\/media\/13664"}],"wp:attachment":[{"href":"https:\/\/telemme.mmsh.fr\/index.php?rest_route=%2Fwp%2Fv2%2Fmedia&parent=13843"}],"wp:term":[{"taxonomy":"category","embeddable":true,"href":"https:\/\/telemme.mmsh.fr\/index.php?rest_route=%2Fwp%2Fv2%2Fcategories&post=13843"},{"taxonomy":"post_tag","embeddable":true,"href":"https:\/\/telemme.mmsh.fr\/index.php?rest_route=%2Fwp%2Fv2%2Ftags&post=13843"}],"curies":[{"name":"wp","href":"https:\/\/api.w.org\/{rel}","templated":true}]}}