{"id":13825,"date":"2024-01-15T13:37:22","date_gmt":"2024-01-15T12:37:22","guid":{"rendered":"https:\/\/telemme.mmsh.fr\/?p=13825"},"modified":"2024-01-15T13:56:16","modified_gmt":"2024-01-15T12:56:16","slug":"conversations-en-couleurs","status":"publish","type":"post","link":"https:\/\/telemme.mmsh.fr\/?p=13825","title":{"rendered":"Conversations en couleurs"},"content":{"rendered":"<div class=\"wp-block-media-text__content\">\n<h2 class=\"wp-block-heading\"><strong>Conversations en couleurs<\/strong><\/h2>\n<p>R\u00e9alisation :<strong>\u00a0<a href=\"https:\/\/telemme.mmsh.fr\/?membres_equipe=laurence-lablache\">Laurence Lablache<\/a><\/strong>\u00a0(8 min)<\/p>\n<p><em><a href=\"https:\/\/www.canal-u.tv\/chaines\/temps-espaces-langages-europe-meridionale-mediterranee\/conversations-en-couleurs\">Conversations en couleur<\/a>s<\/em>\u00a0est un \u00e9change entre des \u0153uvres de\u00a0<a href=\"https:\/\/www.hockney.com\/home\">David Hockney<\/a>\u00a0expos\u00e9es au mus\u00e9e Granet (du 28 janvier au 28 mai 2023) \u00e0 Aix-en-Provence et la promotion de\u00a0<a href=\"https:\/\/allsh.univ-amu.fr\/fr\/formation\/masters\/master-histoire-art\/parcours-histoire-art-moderne-contemporain\">Master 2 en histoire de l\u2019art moderne et contemporain<\/a> d\u2019Aix-Marseille Universit\u00e9.<\/p>\n<p>Trois temps forts ont jalonn\u00e9 cette exp\u00e9rience\u00a0:<\/p>\n<ul>\n<li>la m\u00e9diation culturelle lors de\u00a0<a href=\"https:\/\/www.museegranet-aixenprovence.fr\/votre-visite\/les-evenements\/nocturne-etudiante\" target=\"_blank\" rel=\"noopener\">la Nuit \u00e9tudiante<\/a>\u00a0du mus\u00e9e Granet le 30 mars 2023,<\/li>\n<li>la r\u00e9daction d\u2019articles scientifiques r\u00e9unis en livret,<\/li>\n<li>l\u2019\u00e9criture num\u00e9rique de ces articles, consultables sur le carnet de recherches (blog)\u00a0<a href=\"https:\/\/splash.hypotheses.org\/5148\" target=\"_blank\" rel=\"noopener\"><em>Splash<\/em><\/a><\/li>\n<\/ul>\n<p>Cette vid\u00e9o rend compte de ce travail collectif et collaboratif.<\/p>\n<p><a href=\"https:\/\/www.canal-u.tv\/chaines\/temps-espaces-langages-europe-meridionale-mediterranee\/conversations-en-couleurs\">vid\u00e9o c&rsquo;est par ici<\/a><\/p>\n<\/div>\n","protected":false},"excerpt":{"rendered":"<p>Conversations en couleurs est un \u00e9change entre des \u0153uvres de David Hockney expos\u00e9es au mus\u00e9e Granet (du 28 janvier au 28 mai 2023) \u00e0 Aix-en-Provence et la promotion de Master 2 en histoire de l\u2019art moderne et contemporain d\u2019Aix-Marseille Universit\u00e9.<\/p>\n","protected":false},"author":175,"featured_media":13826,"comment_status":"closed","ping_status":"closed","sticky":false,"template":"","format":"standard","meta":{"neve_meta_sidebar":"","neve_meta_container":"","neve_meta_enable_content_width":"off","neve_meta_content_width":70,"neve_meta_title_alignment":"","neve_meta_author_avatar":"","neve_post_elements_order":"","neve_meta_disable_header":"","neve_meta_disable_footer":"","neve_meta_disable_title":"","_tribe_events_control_status":"","_tribe_events_control_status_canceled_reason":"","_tribe_events_control_status_postponed_reason":"","_tribe_events_control_online":"","_tribe_events_control_online_url":"","footnotes":""},"categories":[1960],"tags":[],"class_list":["post-13825","post","type-post","status-publish","format-standard","has-post-thumbnail","hentry","category-films"],"yoast_head":"<!-- This site is optimized with the Yoast SEO plugin v27.4 - https:\/\/yoast.com\/product\/yoast-seo-wordpress\/ -->\n<title>Conversations en couleurs - TELEMMe - Temps, espaces, langages, Europe m\u00e9ridionale, M\u00e9diterran\u00e9e<\/title>\n<meta name=\"robots\" content=\"index, follow, max-snippet:-1, max-image-preview:large, max-video-preview:-1\" \/>\n<link rel=\"canonical\" href=\"https:\/\/telemme.mmsh.fr\/?p=13825\" \/>\n<meta property=\"og:locale\" content=\"fr_FR\" \/>\n<meta property=\"og:type\" content=\"article\" \/>\n<meta property=\"og:title\" content=\"Conversations en couleurs - TELEMMe - Temps, espaces, langages, Europe m\u00e9ridionale, M\u00e9diterran\u00e9e\" \/>\n<meta property=\"og:description\" content=\"Conversations en couleurs est un \u00e9change entre des \u0153uvres de David Hockney expos\u00e9es au mus\u00e9e Granet (du 28 janvier au 28 mai 2023) \u00e0 Aix-en-Provence et la promotion de Master 2 en histoire de l\u2019art moderne et contemporain d\u2019Aix-Marseille Universit\u00e9.\" \/>\n<meta property=\"og:url\" content=\"https:\/\/telemme.mmsh.fr\/?p=13825\" \/>\n<meta property=\"og:site_name\" content=\"TELEMMe - Temps, espaces, langages, Europe m\u00e9ridionale, M\u00e9diterran\u00e9e\" \/>\n<meta property=\"article:published_time\" content=\"2024-01-15T12:37:22+00:00\" \/>\n<meta property=\"article:modified_time\" content=\"2024-01-15T12:56:16+00:00\" \/>\n<meta property=\"og:image\" content=\"https:\/\/telemme.mmsh.fr\/wp-content\/uploads\/2024\/01\/Une-me\u0301diation.png\" \/>\n\t<meta property=\"og:image:width\" content=\"1920\" \/>\n\t<meta property=\"og:image:height\" content=\"1304\" \/>\n\t<meta property=\"og:image:type\" content=\"image\/png\" \/>\n<meta name=\"author\" content=\"Maja Mellet\" \/>\n<meta name=\"twitter:card\" content=\"summary_large_image\" \/>\n<meta name=\"twitter:label1\" content=\"\u00c9crit par\" \/>\n\t<meta name=\"twitter:data1\" content=\"Maja Mellet\" \/>\n\t<meta name=\"twitter:label2\" content=\"Dur\u00e9e de lecture estim\u00e9e\" \/>\n\t<meta name=\"twitter:data2\" content=\"1 minute\" \/>\n<script type=\"application\/ld+json\" class=\"yoast-schema-graph\">{\"@context\":\"https:\\\/\\\/schema.org\",\"@graph\":[{\"@type\":\"Article\",\"@id\":\"https:\\\/\\\/telemme.mmsh.fr\\\/?p=13825#article\",\"isPartOf\":{\"@id\":\"https:\\\/\\\/telemme.mmsh.fr\\\/?p=13825\"},\"author\":{\"name\":\"Maja Mellet\",\"@id\":\"https:\\\/\\\/telemme.mmsh.fr\\\/#\\\/schema\\\/person\\\/c433e5fd025c00718f715ba73f040691\"},\"headline\":\"Conversations en couleurs\",\"datePublished\":\"2024-01-15T12:37:22+00:00\",\"dateModified\":\"2024-01-15T12:56:16+00:00\",\"mainEntityOfPage\":{\"@id\":\"https:\\\/\\\/telemme.mmsh.fr\\\/?p=13825\"},\"wordCount\":115,\"publisher\":{\"@id\":\"https:\\\/\\\/telemme.mmsh.fr\\\/#organization\"},\"image\":{\"@id\":\"https:\\\/\\\/telemme.mmsh.fr\\\/?p=13825#primaryimage\"},\"thumbnailUrl\":\"https:\\\/\\\/telemme.mmsh.fr\\\/wp-content\\\/uploads\\\/2024\\\/01\\\/Une-me\u0301diation.png\",\"articleSection\":[\"Films\"],\"inLanguage\":\"fr-FR\"},{\"@type\":\"WebPage\",\"@id\":\"https:\\\/\\\/telemme.mmsh.fr\\\/?p=13825\",\"url\":\"https:\\\/\\\/telemme.mmsh.fr\\\/?p=13825\",\"name\":\"Conversations en couleurs - TELEMMe - Temps, espaces, langages, Europe m\u00e9ridionale, M\u00e9diterran\u00e9e\",\"isPartOf\":{\"@id\":\"https:\\\/\\\/telemme.mmsh.fr\\\/#website\"},\"primaryImageOfPage\":{\"@id\":\"https:\\\/\\\/telemme.mmsh.fr\\\/?p=13825#primaryimage\"},\"image\":{\"@id\":\"https:\\\/\\\/telemme.mmsh.fr\\\/?p=13825#primaryimage\"},\"thumbnailUrl\":\"https:\\\/\\\/telemme.mmsh.fr\\\/wp-content\\\/uploads\\\/2024\\\/01\\\/Une-me\u0301diation.png\",\"datePublished\":\"2024-01-15T12:37:22+00:00\",\"dateModified\":\"2024-01-15T12:56:16+00:00\",\"breadcrumb\":{\"@id\":\"https:\\\/\\\/telemme.mmsh.fr\\\/?p=13825#breadcrumb\"},\"inLanguage\":\"fr-FR\",\"potentialAction\":[{\"@type\":\"ReadAction\",\"target\":[\"https:\\\/\\\/telemme.mmsh.fr\\\/?p=13825\"]}]},{\"@type\":\"ImageObject\",\"inLanguage\":\"fr-FR\",\"@id\":\"https:\\\/\\\/telemme.mmsh.fr\\\/?p=13825#primaryimage\",\"url\":\"https:\\\/\\\/telemme.mmsh.fr\\\/wp-content\\\/uploads\\\/2024\\\/01\\\/Une-me\u0301diation.png\",\"contentUrl\":\"https:\\\/\\\/telemme.mmsh.fr\\\/wp-content\\\/uploads\\\/2024\\\/01\\\/Une-me\u0301diation.png\",\"width\":1920,\"height\":1304},{\"@type\":\"BreadcrumbList\",\"@id\":\"https:\\\/\\\/telemme.mmsh.fr\\\/?p=13825#breadcrumb\",\"itemListElement\":[{\"@type\":\"ListItem\",\"position\":1,\"name\":\"Accueil\",\"item\":\"https:\\\/\\\/telemme.mmsh.fr\\\/\"},{\"@type\":\"ListItem\",\"position\":2,\"name\":\"M\u00e9diation et diffusion\",\"item\":\"https:\\\/\\\/telemme.mmsh.fr\\\/?cat=1736\"},{\"@type\":\"ListItem\",\"position\":3,\"name\":\"Films\",\"item\":\"https:\\\/\\\/telemme.mmsh.fr\\\/?cat=1960\"},{\"@type\":\"ListItem\",\"position\":4,\"name\":\"Conversations en couleurs\"}]},{\"@type\":\"WebSite\",\"@id\":\"https:\\\/\\\/telemme.mmsh.fr\\\/#website\",\"url\":\"https:\\\/\\\/telemme.mmsh.fr\\\/\",\"name\":\"TELEMMe - Temps, espaces, langages, Europe m\u00e9ridionale, M\u00e9diterran\u00e9e\",\"description\":\"\",\"publisher\":{\"@id\":\"https:\\\/\\\/telemme.mmsh.fr\\\/#organization\"},\"potentialAction\":[{\"@type\":\"SearchAction\",\"target\":{\"@type\":\"EntryPoint\",\"urlTemplate\":\"https:\\\/\\\/telemme.mmsh.fr\\\/?s={search_term_string}\"},\"query-input\":{\"@type\":\"PropertyValueSpecification\",\"valueRequired\":true,\"valueName\":\"search_term_string\"}}],\"inLanguage\":\"fr-FR\"},{\"@type\":\"Organization\",\"@id\":\"https:\\\/\\\/telemme.mmsh.fr\\\/#organization\",\"name\":\"TELEMMe\",\"url\":\"https:\\\/\\\/telemme.mmsh.fr\\\/\",\"logo\":{\"@type\":\"ImageObject\",\"inLanguage\":\"fr-FR\",\"@id\":\"https:\\\/\\\/telemme.mmsh.fr\\\/#\\\/schema\\\/logo\\\/image\\\/\",\"url\":\"https:\\\/\\\/telemme.mmsh.fr\\\/wp-content\\\/uploads\\\/2020\\\/03\\\/LogoTELEMMe-horizontal-fond-transparent.png\",\"contentUrl\":\"https:\\\/\\\/telemme.mmsh.fr\\\/wp-content\\\/uploads\\\/2020\\\/03\\\/LogoTELEMMe-horizontal-fond-transparent.png\",\"width\":1500,\"height\":437,\"caption\":\"TELEMMe\"},\"image\":{\"@id\":\"https:\\\/\\\/telemme.mmsh.fr\\\/#\\\/schema\\\/logo\\\/image\\\/\"}},{\"@type\":\"Person\",\"@id\":\"https:\\\/\\\/telemme.mmsh.fr\\\/#\\\/schema\\\/person\\\/c433e5fd025c00718f715ba73f040691\",\"name\":\"Maja Mellet\",\"url\":\"https:\\\/\\\/telemme.mmsh.fr\\\/?author=175\"}]}<\/script>\n<!-- \/ Yoast SEO plugin. -->","yoast_head_json":{"title":"Conversations en couleurs - TELEMMe - Temps, espaces, langages, Europe m\u00e9ridionale, M\u00e9diterran\u00e9e","robots":{"index":"index","follow":"follow","max-snippet":"max-snippet:-1","max-image-preview":"max-image-preview:large","max-video-preview":"max-video-preview:-1"},"canonical":"https:\/\/telemme.mmsh.fr\/?p=13825","og_locale":"fr_FR","og_type":"article","og_title":"Conversations en couleurs - TELEMMe - Temps, espaces, langages, Europe m\u00e9ridionale, M\u00e9diterran\u00e9e","og_description":"Conversations en couleurs est un \u00e9change entre des \u0153uvres de David Hockney expos\u00e9es au mus\u00e9e Granet (du 28 janvier au 28 mai 2023) \u00e0 Aix-en-Provence et la promotion de Master 2 en histoire de l\u2019art moderne et contemporain d\u2019Aix-Marseille Universit\u00e9.","og_url":"https:\/\/telemme.mmsh.fr\/?p=13825","og_site_name":"TELEMMe - Temps, espaces, langages, Europe m\u00e9ridionale, M\u00e9diterran\u00e9e","article_published_time":"2024-01-15T12:37:22+00:00","article_modified_time":"2024-01-15T12:56:16+00:00","og_image":[{"width":1920,"height":1304,"url":"https:\/\/telemme.mmsh.fr\/wp-content\/uploads\/2024\/01\/Une-me\u0301diation.png","type":"image\/png"}],"author":"Maja Mellet","twitter_card":"summary_large_image","twitter_misc":{"\u00c9crit par":"Maja Mellet","Dur\u00e9e de lecture estim\u00e9e":"1 minute"},"schema":{"@context":"https:\/\/schema.org","@graph":[{"@type":"Article","@id":"https:\/\/telemme.mmsh.fr\/?p=13825#article","isPartOf":{"@id":"https:\/\/telemme.mmsh.fr\/?p=13825"},"author":{"name":"Maja Mellet","@id":"https:\/\/telemme.mmsh.fr\/#\/schema\/person\/c433e5fd025c00718f715ba73f040691"},"headline":"Conversations en couleurs","datePublished":"2024-01-15T12:37:22+00:00","dateModified":"2024-01-15T12:56:16+00:00","mainEntityOfPage":{"@id":"https:\/\/telemme.mmsh.fr\/?p=13825"},"wordCount":115,"publisher":{"@id":"https:\/\/telemme.mmsh.fr\/#organization"},"image":{"@id":"https:\/\/telemme.mmsh.fr\/?p=13825#primaryimage"},"thumbnailUrl":"https:\/\/telemme.mmsh.fr\/wp-content\/uploads\/2024\/01\/Une-me\u0301diation.png","articleSection":["Films"],"inLanguage":"fr-FR"},{"@type":"WebPage","@id":"https:\/\/telemme.mmsh.fr\/?p=13825","url":"https:\/\/telemme.mmsh.fr\/?p=13825","name":"Conversations en couleurs - TELEMMe - Temps, espaces, langages, Europe m\u00e9ridionale, M\u00e9diterran\u00e9e","isPartOf":{"@id":"https:\/\/telemme.mmsh.fr\/#website"},"primaryImageOfPage":{"@id":"https:\/\/telemme.mmsh.fr\/?p=13825#primaryimage"},"image":{"@id":"https:\/\/telemme.mmsh.fr\/?p=13825#primaryimage"},"thumbnailUrl":"https:\/\/telemme.mmsh.fr\/wp-content\/uploads\/2024\/01\/Une-me\u0301diation.png","datePublished":"2024-01-15T12:37:22+00:00","dateModified":"2024-01-15T12:56:16+00:00","breadcrumb":{"@id":"https:\/\/telemme.mmsh.fr\/?p=13825#breadcrumb"},"inLanguage":"fr-FR","potentialAction":[{"@type":"ReadAction","target":["https:\/\/telemme.mmsh.fr\/?p=13825"]}]},{"@type":"ImageObject","inLanguage":"fr-FR","@id":"https:\/\/telemme.mmsh.fr\/?p=13825#primaryimage","url":"https:\/\/telemme.mmsh.fr\/wp-content\/uploads\/2024\/01\/Une-me\u0301diation.png","contentUrl":"https:\/\/telemme.mmsh.fr\/wp-content\/uploads\/2024\/01\/Une-me\u0301diation.png","width":1920,"height":1304},{"@type":"BreadcrumbList","@id":"https:\/\/telemme.mmsh.fr\/?p=13825#breadcrumb","itemListElement":[{"@type":"ListItem","position":1,"name":"Accueil","item":"https:\/\/telemme.mmsh.fr\/"},{"@type":"ListItem","position":2,"name":"M\u00e9diation et diffusion","item":"https:\/\/telemme.mmsh.fr\/?cat=1736"},{"@type":"ListItem","position":3,"name":"Films","item":"https:\/\/telemme.mmsh.fr\/?cat=1960"},{"@type":"ListItem","position":4,"name":"Conversations en couleurs"}]},{"@type":"WebSite","@id":"https:\/\/telemme.mmsh.fr\/#website","url":"https:\/\/telemme.mmsh.fr\/","name":"TELEMMe - Temps, espaces, langages, Europe m\u00e9ridionale, M\u00e9diterran\u00e9e","description":"","publisher":{"@id":"https:\/\/telemme.mmsh.fr\/#organization"},"potentialAction":[{"@type":"SearchAction","target":{"@type":"EntryPoint","urlTemplate":"https:\/\/telemme.mmsh.fr\/?s={search_term_string}"},"query-input":{"@type":"PropertyValueSpecification","valueRequired":true,"valueName":"search_term_string"}}],"inLanguage":"fr-FR"},{"@type":"Organization","@id":"https:\/\/telemme.mmsh.fr\/#organization","name":"TELEMMe","url":"https:\/\/telemme.mmsh.fr\/","logo":{"@type":"ImageObject","inLanguage":"fr-FR","@id":"https:\/\/telemme.mmsh.fr\/#\/schema\/logo\/image\/","url":"https:\/\/telemme.mmsh.fr\/wp-content\/uploads\/2020\/03\/LogoTELEMMe-horizontal-fond-transparent.png","contentUrl":"https:\/\/telemme.mmsh.fr\/wp-content\/uploads\/2020\/03\/LogoTELEMMe-horizontal-fond-transparent.png","width":1500,"height":437,"caption":"TELEMMe"},"image":{"@id":"https:\/\/telemme.mmsh.fr\/#\/schema\/logo\/image\/"}},{"@type":"Person","@id":"https:\/\/telemme.mmsh.fr\/#\/schema\/person\/c433e5fd025c00718f715ba73f040691","name":"Maja Mellet","url":"https:\/\/telemme.mmsh.fr\/?author=175"}]}},"_links":{"self":[{"href":"https:\/\/telemme.mmsh.fr\/index.php?rest_route=\/wp\/v2\/posts\/13825","targetHints":{"allow":["GET"]}}],"collection":[{"href":"https:\/\/telemme.mmsh.fr\/index.php?rest_route=\/wp\/v2\/posts"}],"about":[{"href":"https:\/\/telemme.mmsh.fr\/index.php?rest_route=\/wp\/v2\/types\/post"}],"author":[{"embeddable":true,"href":"https:\/\/telemme.mmsh.fr\/index.php?rest_route=\/wp\/v2\/users\/175"}],"replies":[{"embeddable":true,"href":"https:\/\/telemme.mmsh.fr\/index.php?rest_route=%2Fwp%2Fv2%2Fcomments&post=13825"}],"version-history":[{"count":5,"href":"https:\/\/telemme.mmsh.fr\/index.php?rest_route=\/wp\/v2\/posts\/13825\/revisions"}],"predecessor-version":[{"id":13833,"href":"https:\/\/telemme.mmsh.fr\/index.php?rest_route=\/wp\/v2\/posts\/13825\/revisions\/13833"}],"wp:featuredmedia":[{"embeddable":true,"href":"https:\/\/telemme.mmsh.fr\/index.php?rest_route=\/wp\/v2\/media\/13826"}],"wp:attachment":[{"href":"https:\/\/telemme.mmsh.fr\/index.php?rest_route=%2Fwp%2Fv2%2Fmedia&parent=13825"}],"wp:term":[{"taxonomy":"category","embeddable":true,"href":"https:\/\/telemme.mmsh.fr\/index.php?rest_route=%2Fwp%2Fv2%2Fcategories&post=13825"},{"taxonomy":"post_tag","embeddable":true,"href":"https:\/\/telemme.mmsh.fr\/index.php?rest_route=%2Fwp%2Fv2%2Ftags&post=13825"}],"curies":[{"name":"wp","href":"https:\/\/api.w.org\/{rel}","templated":true}]}}