{"id":13807,"date":"2024-01-12T10:25:28","date_gmt":"2024-01-12T09:25:28","guid":{"rendered":"https:\/\/telemme.mmsh.fr\/?p=13807"},"modified":"2025-03-19T11:41:11","modified_gmt":"2025-03-19T10:41:11","slug":"telemme-accueille-anne-sophie-tribot","status":"publish","type":"post","link":"https:\/\/telemme.mmsh.fr\/?p=13807","title":{"rendered":"TELEMMe accueille Anne Sophie Tribot"},"content":{"rendered":"<p><strong>TELEMMe est heureux d\u2019accueillir \u00e0 partir du 1<sup>er<\/sup>\u00a0janvier 2024\u00a0<\/strong><a href=\"https:\/\/telemme.mmsh.fr\/?membres=tribot-anne-sophie\"><strong>Anne Sophie Tribot<\/strong><\/a><strong>. <\/strong><\/p>\n<p><strong>\u00a0<\/strong><\/p>\n<p>Laur\u00e9ate de la Chaire professeur junior (AMU-Institut d\u2019\u00e9tablissement Oc\u00e9an)\u00a0\u00ab\u00a0Transitions environnementales et soci\u00e9tales, innovation(s), r\u00e9siliences\u00a0\u00bb, Anne-Sophie Tribot est \u00e9cologue de formation. Elle s\u2019int\u00e9resse \u00e0 la perception humaine de la biodiversit\u00e9, notamment \u00e0 travers la valeur esth\u00e9tique de la nature. Associant les outils de l\u2019\u00e9cologie et des sciences humaines, l\u2019objectif de ses recherches est de produire des outils et connaissances interdisciplinaires n\u00e9cessaires \u00e0 une conservation durable et socialement acceptable de la biodiversit\u00e9.<\/p>\n<p><strong>\u00a0<\/strong><\/p>\n<p><strong>Nous lui souhaitons la bienvenue\u00a0! <\/strong><\/p>\n<p>&nbsp;<\/p>\n","protected":false},"excerpt":{"rendered":"<p>TELEMMe est heureux d\u2019accueillir \u00e0 partir du 1er\u00a0janvier 2024\u00a0Anne Sophie Tribot. \u00a0 Laur\u00e9ate de la Chaire professeur junior (AMU-Institut d\u2019\u00e9tablissement Oc\u00e9an)\u00a0\u00ab\u00a0Transitions environnementales et soci\u00e9tales, innovation(s), r\u00e9siliences\u00a0\u00bb, Anne-Sophie Tribot est \u00e9cologue&hellip;&nbsp;<a href=\"https:\/\/telemme.mmsh.fr\/?p=13807\" rel=\"bookmark\">Lire la suite &raquo;<span class=\"screen-reader-text\">TELEMMe accueille Anne Sophie Tribot<\/span><\/a><\/p>\n","protected":false},"author":175,"featured_media":13808,"comment_status":"closed","ping_status":"closed","sticky":false,"template":"","format":"standard","meta":{"neve_meta_sidebar":"","neve_meta_container":"","neve_meta_enable_content_width":"off","neve_meta_content_width":70,"neve_meta_title_alignment":"","neve_meta_author_avatar":"","neve_post_elements_order":"","neve_meta_disable_header":"","neve_meta_disable_footer":"","neve_meta_disable_title":"","_tribe_events_control_status":"","_tribe_events_control_status_canceled_reason":"","_tribe_events_control_status_postponed_reason":"","_tribe_events_control_online":"","_tribe_events_control_online_url":"","footnotes":""},"categories":[2007],"tags":[],"class_list":["post-13807","post","type-post","status-publish","format-standard","has-post-thumbnail","hentry","category-informations"],"yoast_head":"<!-- This site is optimized with the Yoast SEO plugin v27.4 - https:\/\/yoast.com\/product\/yoast-seo-wordpress\/ -->\n<title>TELEMMe accueille Anne Sophie Tribot - TELEMMe - Temps, espaces, langages, Europe m\u00e9ridionale, M\u00e9diterran\u00e9e<\/title>\n<meta name=\"robots\" content=\"index, follow, max-snippet:-1, max-image-preview:large, max-video-preview:-1\" \/>\n<link rel=\"canonical\" href=\"https:\/\/telemme.mmsh.fr\/?p=13807\" \/>\n<meta property=\"og:locale\" content=\"fr_FR\" \/>\n<meta property=\"og:type\" content=\"article\" \/>\n<meta property=\"og:title\" content=\"TELEMMe accueille Anne Sophie Tribot - TELEMMe - Temps, espaces, langages, Europe m\u00e9ridionale, M\u00e9diterran\u00e9e\" \/>\n<meta property=\"og:description\" content=\"TELEMMe est heureux d\u2019accueillir \u00e0 partir du 1er\u00a0janvier 2024\u00a0Anne Sophie Tribot. \u00a0 Laur\u00e9ate de la Chaire professeur junior (AMU-Institut d\u2019\u00e9tablissement Oc\u00e9an)\u00a0\u00ab\u00a0Transitions environnementales et soci\u00e9tales, innovation(s), r\u00e9siliences\u00a0\u00bb, Anne-Sophie Tribot est \u00e9cologue&hellip;&nbsp;Lire la suite &raquo;TELEMMe accueille Anne Sophie Tribot\" \/>\n<meta property=\"og:url\" content=\"https:\/\/telemme.mmsh.fr\/?p=13807\" \/>\n<meta property=\"og:site_name\" content=\"TELEMMe - Temps, espaces, langages, Europe m\u00e9ridionale, M\u00e9diterran\u00e9e\" \/>\n<meta property=\"article:published_time\" content=\"2024-01-12T09:25:28+00:00\" \/>\n<meta property=\"article:modified_time\" content=\"2025-03-19T10:41:11+00:00\" \/>\n<meta property=\"og:image\" content=\"https:\/\/telemme.mmsh.fr\/wp-content\/uploads\/2024\/01\/TRIBOT_Anne-Sophie-6cm-709x620-1.jpg\" \/>\n\t<meta property=\"og:image:width\" content=\"709\" \/>\n\t<meta property=\"og:image:height\" content=\"620\" \/>\n\t<meta property=\"og:image:type\" content=\"image\/jpeg\" \/>\n<meta name=\"author\" content=\"Maja Mellet\" \/>\n<meta name=\"twitter:card\" content=\"summary_large_image\" \/>\n<meta name=\"twitter:label1\" content=\"\u00c9crit par\" \/>\n\t<meta name=\"twitter:data1\" content=\"Maja Mellet\" \/>\n<script type=\"application\/ld+json\" class=\"yoast-schema-graph\">{\"@context\":\"https:\\\/\\\/schema.org\",\"@graph\":[{\"@type\":\"Article\",\"@id\":\"https:\\\/\\\/telemme.mmsh.fr\\\/?p=13807#article\",\"isPartOf\":{\"@id\":\"https:\\\/\\\/telemme.mmsh.fr\\\/?p=13807\"},\"author\":{\"name\":\"Maja Mellet\",\"@id\":\"https:\\\/\\\/telemme.mmsh.fr\\\/#\\\/schema\\\/person\\\/c433e5fd025c00718f715ba73f040691\"},\"headline\":\"TELEMMe accueille Anne Sophie Tribot\",\"datePublished\":\"2024-01-12T09:25:28+00:00\",\"dateModified\":\"2025-03-19T10:41:11+00:00\",\"mainEntityOfPage\":{\"@id\":\"https:\\\/\\\/telemme.mmsh.fr\\\/?p=13807\"},\"wordCount\":103,\"publisher\":{\"@id\":\"https:\\\/\\\/telemme.mmsh.fr\\\/#organization\"},\"image\":{\"@id\":\"https:\\\/\\\/telemme.mmsh.fr\\\/?p=13807#primaryimage\"},\"thumbnailUrl\":\"https:\\\/\\\/telemme.mmsh.fr\\\/wp-content\\\/uploads\\\/2024\\\/01\\\/TRIBOT_Anne-Sophie-6cm-709x620-1.jpg\",\"articleSection\":[\"Informations\"],\"inLanguage\":\"fr-FR\"},{\"@type\":\"WebPage\",\"@id\":\"https:\\\/\\\/telemme.mmsh.fr\\\/?p=13807\",\"url\":\"https:\\\/\\\/telemme.mmsh.fr\\\/?p=13807\",\"name\":\"TELEMMe accueille Anne Sophie Tribot - TELEMMe - Temps, espaces, langages, Europe m\u00e9ridionale, M\u00e9diterran\u00e9e\",\"isPartOf\":{\"@id\":\"https:\\\/\\\/telemme.mmsh.fr\\\/#website\"},\"primaryImageOfPage\":{\"@id\":\"https:\\\/\\\/telemme.mmsh.fr\\\/?p=13807#primaryimage\"},\"image\":{\"@id\":\"https:\\\/\\\/telemme.mmsh.fr\\\/?p=13807#primaryimage\"},\"thumbnailUrl\":\"https:\\\/\\\/telemme.mmsh.fr\\\/wp-content\\\/uploads\\\/2024\\\/01\\\/TRIBOT_Anne-Sophie-6cm-709x620-1.jpg\",\"datePublished\":\"2024-01-12T09:25:28+00:00\",\"dateModified\":\"2025-03-19T10:41:11+00:00\",\"breadcrumb\":{\"@id\":\"https:\\\/\\\/telemme.mmsh.fr\\\/?p=13807#breadcrumb\"},\"inLanguage\":\"fr-FR\",\"potentialAction\":[{\"@type\":\"ReadAction\",\"target\":[\"https:\\\/\\\/telemme.mmsh.fr\\\/?p=13807\"]}]},{\"@type\":\"ImageObject\",\"inLanguage\":\"fr-FR\",\"@id\":\"https:\\\/\\\/telemme.mmsh.fr\\\/?p=13807#primaryimage\",\"url\":\"https:\\\/\\\/telemme.mmsh.fr\\\/wp-content\\\/uploads\\\/2024\\\/01\\\/TRIBOT_Anne-Sophie-6cm-709x620-1.jpg\",\"contentUrl\":\"https:\\\/\\\/telemme.mmsh.fr\\\/wp-content\\\/uploads\\\/2024\\\/01\\\/TRIBOT_Anne-Sophie-6cm-709x620-1.jpg\",\"width\":709,\"height\":620},{\"@type\":\"BreadcrumbList\",\"@id\":\"https:\\\/\\\/telemme.mmsh.fr\\\/?p=13807#breadcrumb\",\"itemListElement\":[{\"@type\":\"ListItem\",\"position\":1,\"name\":\"Accueil\",\"item\":\"https:\\\/\\\/telemme.mmsh.fr\\\/\"},{\"@type\":\"ListItem\",\"position\":2,\"name\":\"Actualit\u00e9s\",\"item\":\"https:\\\/\\\/telemme.mmsh.fr\\\/?cat=1995\"},{\"@type\":\"ListItem\",\"position\":3,\"name\":\"Informations\",\"item\":\"https:\\\/\\\/telemme.mmsh.fr\\\/?cat=2007\"},{\"@type\":\"ListItem\",\"position\":4,\"name\":\"TELEMMe accueille Anne Sophie Tribot\"}]},{\"@type\":\"WebSite\",\"@id\":\"https:\\\/\\\/telemme.mmsh.fr\\\/#website\",\"url\":\"https:\\\/\\\/telemme.mmsh.fr\\\/\",\"name\":\"TELEMMe - Temps, espaces, langages, Europe m\u00e9ridionale, M\u00e9diterran\u00e9e\",\"description\":\"\",\"publisher\":{\"@id\":\"https:\\\/\\\/telemme.mmsh.fr\\\/#organization\"},\"potentialAction\":[{\"@type\":\"SearchAction\",\"target\":{\"@type\":\"EntryPoint\",\"urlTemplate\":\"https:\\\/\\\/telemme.mmsh.fr\\\/?s={search_term_string}\"},\"query-input\":{\"@type\":\"PropertyValueSpecification\",\"valueRequired\":true,\"valueName\":\"search_term_string\"}}],\"inLanguage\":\"fr-FR\"},{\"@type\":\"Organization\",\"@id\":\"https:\\\/\\\/telemme.mmsh.fr\\\/#organization\",\"name\":\"TELEMMe\",\"url\":\"https:\\\/\\\/telemme.mmsh.fr\\\/\",\"logo\":{\"@type\":\"ImageObject\",\"inLanguage\":\"fr-FR\",\"@id\":\"https:\\\/\\\/telemme.mmsh.fr\\\/#\\\/schema\\\/logo\\\/image\\\/\",\"url\":\"https:\\\/\\\/telemme.mmsh.fr\\\/wp-content\\\/uploads\\\/2020\\\/03\\\/LogoTELEMMe-horizontal-fond-transparent.png\",\"contentUrl\":\"https:\\\/\\\/telemme.mmsh.fr\\\/wp-content\\\/uploads\\\/2020\\\/03\\\/LogoTELEMMe-horizontal-fond-transparent.png\",\"width\":1500,\"height\":437,\"caption\":\"TELEMMe\"},\"image\":{\"@id\":\"https:\\\/\\\/telemme.mmsh.fr\\\/#\\\/schema\\\/logo\\\/image\\\/\"}},{\"@type\":\"Person\",\"@id\":\"https:\\\/\\\/telemme.mmsh.fr\\\/#\\\/schema\\\/person\\\/c433e5fd025c00718f715ba73f040691\",\"name\":\"Maja Mellet\",\"url\":\"https:\\\/\\\/telemme.mmsh.fr\\\/?author=175\"}]}<\/script>\n<!-- \/ Yoast SEO plugin. -->","yoast_head_json":{"title":"TELEMMe accueille Anne Sophie Tribot - TELEMMe - Temps, espaces, langages, Europe m\u00e9ridionale, M\u00e9diterran\u00e9e","robots":{"index":"index","follow":"follow","max-snippet":"max-snippet:-1","max-image-preview":"max-image-preview:large","max-video-preview":"max-video-preview:-1"},"canonical":"https:\/\/telemme.mmsh.fr\/?p=13807","og_locale":"fr_FR","og_type":"article","og_title":"TELEMMe accueille Anne Sophie Tribot - TELEMMe - Temps, espaces, langages, Europe m\u00e9ridionale, M\u00e9diterran\u00e9e","og_description":"TELEMMe est heureux d\u2019accueillir \u00e0 partir du 1er\u00a0janvier 2024\u00a0Anne Sophie Tribot. \u00a0 Laur\u00e9ate de la Chaire professeur junior (AMU-Institut d\u2019\u00e9tablissement Oc\u00e9an)\u00a0\u00ab\u00a0Transitions environnementales et soci\u00e9tales, innovation(s), r\u00e9siliences\u00a0\u00bb, Anne-Sophie Tribot est \u00e9cologue&hellip;&nbsp;Lire la suite &raquo;TELEMMe accueille Anne Sophie Tribot","og_url":"https:\/\/telemme.mmsh.fr\/?p=13807","og_site_name":"TELEMMe - Temps, espaces, langages, Europe m\u00e9ridionale, M\u00e9diterran\u00e9e","article_published_time":"2024-01-12T09:25:28+00:00","article_modified_time":"2025-03-19T10:41:11+00:00","og_image":[{"width":709,"height":620,"url":"https:\/\/telemme.mmsh.fr\/wp-content\/uploads\/2024\/01\/TRIBOT_Anne-Sophie-6cm-709x620-1.jpg","type":"image\/jpeg"}],"author":"Maja Mellet","twitter_card":"summary_large_image","twitter_misc":{"\u00c9crit par":"Maja Mellet"},"schema":{"@context":"https:\/\/schema.org","@graph":[{"@type":"Article","@id":"https:\/\/telemme.mmsh.fr\/?p=13807#article","isPartOf":{"@id":"https:\/\/telemme.mmsh.fr\/?p=13807"},"author":{"name":"Maja Mellet","@id":"https:\/\/telemme.mmsh.fr\/#\/schema\/person\/c433e5fd025c00718f715ba73f040691"},"headline":"TELEMMe accueille Anne Sophie Tribot","datePublished":"2024-01-12T09:25:28+00:00","dateModified":"2025-03-19T10:41:11+00:00","mainEntityOfPage":{"@id":"https:\/\/telemme.mmsh.fr\/?p=13807"},"wordCount":103,"publisher":{"@id":"https:\/\/telemme.mmsh.fr\/#organization"},"image":{"@id":"https:\/\/telemme.mmsh.fr\/?p=13807#primaryimage"},"thumbnailUrl":"https:\/\/telemme.mmsh.fr\/wp-content\/uploads\/2024\/01\/TRIBOT_Anne-Sophie-6cm-709x620-1.jpg","articleSection":["Informations"],"inLanguage":"fr-FR"},{"@type":"WebPage","@id":"https:\/\/telemme.mmsh.fr\/?p=13807","url":"https:\/\/telemme.mmsh.fr\/?p=13807","name":"TELEMMe accueille Anne Sophie Tribot - TELEMMe - Temps, espaces, langages, Europe m\u00e9ridionale, M\u00e9diterran\u00e9e","isPartOf":{"@id":"https:\/\/telemme.mmsh.fr\/#website"},"primaryImageOfPage":{"@id":"https:\/\/telemme.mmsh.fr\/?p=13807#primaryimage"},"image":{"@id":"https:\/\/telemme.mmsh.fr\/?p=13807#primaryimage"},"thumbnailUrl":"https:\/\/telemme.mmsh.fr\/wp-content\/uploads\/2024\/01\/TRIBOT_Anne-Sophie-6cm-709x620-1.jpg","datePublished":"2024-01-12T09:25:28+00:00","dateModified":"2025-03-19T10:41:11+00:00","breadcrumb":{"@id":"https:\/\/telemme.mmsh.fr\/?p=13807#breadcrumb"},"inLanguage":"fr-FR","potentialAction":[{"@type":"ReadAction","target":["https:\/\/telemme.mmsh.fr\/?p=13807"]}]},{"@type":"ImageObject","inLanguage":"fr-FR","@id":"https:\/\/telemme.mmsh.fr\/?p=13807#primaryimage","url":"https:\/\/telemme.mmsh.fr\/wp-content\/uploads\/2024\/01\/TRIBOT_Anne-Sophie-6cm-709x620-1.jpg","contentUrl":"https:\/\/telemme.mmsh.fr\/wp-content\/uploads\/2024\/01\/TRIBOT_Anne-Sophie-6cm-709x620-1.jpg","width":709,"height":620},{"@type":"BreadcrumbList","@id":"https:\/\/telemme.mmsh.fr\/?p=13807#breadcrumb","itemListElement":[{"@type":"ListItem","position":1,"name":"Accueil","item":"https:\/\/telemme.mmsh.fr\/"},{"@type":"ListItem","position":2,"name":"Actualit\u00e9s","item":"https:\/\/telemme.mmsh.fr\/?cat=1995"},{"@type":"ListItem","position":3,"name":"Informations","item":"https:\/\/telemme.mmsh.fr\/?cat=2007"},{"@type":"ListItem","position":4,"name":"TELEMMe accueille Anne Sophie Tribot"}]},{"@type":"WebSite","@id":"https:\/\/telemme.mmsh.fr\/#website","url":"https:\/\/telemme.mmsh.fr\/","name":"TELEMMe - Temps, espaces, langages, Europe m\u00e9ridionale, M\u00e9diterran\u00e9e","description":"","publisher":{"@id":"https:\/\/telemme.mmsh.fr\/#organization"},"potentialAction":[{"@type":"SearchAction","target":{"@type":"EntryPoint","urlTemplate":"https:\/\/telemme.mmsh.fr\/?s={search_term_string}"},"query-input":{"@type":"PropertyValueSpecification","valueRequired":true,"valueName":"search_term_string"}}],"inLanguage":"fr-FR"},{"@type":"Organization","@id":"https:\/\/telemme.mmsh.fr\/#organization","name":"TELEMMe","url":"https:\/\/telemme.mmsh.fr\/","logo":{"@type":"ImageObject","inLanguage":"fr-FR","@id":"https:\/\/telemme.mmsh.fr\/#\/schema\/logo\/image\/","url":"https:\/\/telemme.mmsh.fr\/wp-content\/uploads\/2020\/03\/LogoTELEMMe-horizontal-fond-transparent.png","contentUrl":"https:\/\/telemme.mmsh.fr\/wp-content\/uploads\/2020\/03\/LogoTELEMMe-horizontal-fond-transparent.png","width":1500,"height":437,"caption":"TELEMMe"},"image":{"@id":"https:\/\/telemme.mmsh.fr\/#\/schema\/logo\/image\/"}},{"@type":"Person","@id":"https:\/\/telemme.mmsh.fr\/#\/schema\/person\/c433e5fd025c00718f715ba73f040691","name":"Maja Mellet","url":"https:\/\/telemme.mmsh.fr\/?author=175"}]}},"_links":{"self":[{"href":"https:\/\/telemme.mmsh.fr\/index.php?rest_route=\/wp\/v2\/posts\/13807","targetHints":{"allow":["GET"]}}],"collection":[{"href":"https:\/\/telemme.mmsh.fr\/index.php?rest_route=\/wp\/v2\/posts"}],"about":[{"href":"https:\/\/telemme.mmsh.fr\/index.php?rest_route=\/wp\/v2\/types\/post"}],"author":[{"embeddable":true,"href":"https:\/\/telemme.mmsh.fr\/index.php?rest_route=\/wp\/v2\/users\/175"}],"replies":[{"embeddable":true,"href":"https:\/\/telemme.mmsh.fr\/index.php?rest_route=%2Fwp%2Fv2%2Fcomments&post=13807"}],"version-history":[{"count":1,"href":"https:\/\/telemme.mmsh.fr\/index.php?rest_route=\/wp\/v2\/posts\/13807\/revisions"}],"predecessor-version":[{"id":13809,"href":"https:\/\/telemme.mmsh.fr\/index.php?rest_route=\/wp\/v2\/posts\/13807\/revisions\/13809"}],"wp:featuredmedia":[{"embeddable":true,"href":"https:\/\/telemme.mmsh.fr\/index.php?rest_route=\/wp\/v2\/media\/13808"}],"wp:attachment":[{"href":"https:\/\/telemme.mmsh.fr\/index.php?rest_route=%2Fwp%2Fv2%2Fmedia&parent=13807"}],"wp:term":[{"taxonomy":"category","embeddable":true,"href":"https:\/\/telemme.mmsh.fr\/index.php?rest_route=%2Fwp%2Fv2%2Fcategories&post=13807"},{"taxonomy":"post_tag","embeddable":true,"href":"https:\/\/telemme.mmsh.fr\/index.php?rest_route=%2Fwp%2Fv2%2Ftags&post=13807"}],"curies":[{"name":"wp","href":"https:\/\/api.w.org\/{rel}","templated":true}]}}