{"id":13738,"date":"2023-12-19T11:17:34","date_gmt":"2023-12-19T10:17:34","guid":{"rendered":"https:\/\/telemme.mmsh.fr\/?p=13738"},"modified":"2025-01-14T18:25:01","modified_gmt":"2025-01-14T17:25:01","slug":"art-et-industrie-leurope-des-musees-au-xixe-siecle","status":"publish","type":"post","link":"https:\/\/telemme.mmsh.fr\/?p=13738","title":{"rendered":"Art et industrie. L\u2019Europe des mus\u00e9es au XIXe si\u00e8cle"},"content":{"rendered":"\n<div class=\"product-info-top\">\n<blockquote><p><a href=\"https:\/\/www.brepols.net\/products\/IS-9782503599953-1\"><em><strong>Art et industrie : L\u2019Europe des mus\u00e9es au XIXe si\u00e8cle<\/strong><\/em><\/a>, Rossella Froissart, <a href=\"https:\/\/telemme.mmsh.fr\/?membres=aziza-gril-mariotte\">Aziza Gril-Mariotte<\/a> (dir.), \u00e9dition&nbsp; Brepols, 2023, 234 pages<\/p><\/blockquote>\n<p>Cet ouvrage retrace l&rsquo;histoire m\u00e9connue des mus\u00e9es d&rsquo;art d\u00e9coratif en Europe au XIXe si\u00e8cle, \u00e0 une \u00e9poque o\u00f9 les vestiges d&rsquo;un savoir-faire artisanal en voie de disparition, la culture mat\u00e9rielle et les arts populaires suscitent l&rsquo;int\u00e9r\u00eat de collectionneurs, historiens et hommes d&rsquo;Etat.<\/p>\n<\/div>\n\n\n\n<p>Pourquoi collecter et exposer textiles, verreries, c\u00e9ramiques, meubles ou bijoux, t\u00e9moins d\u2019un pass\u00e9 pr\u00e9industriel, au moment m\u00eame o\u00f9 l\u2019av\u00e8nement de la machine et l\u2019expansion des march\u00e9s bouleversent les processus de fabrication et de commercialisation? Suivant quelles modalit\u00e9s la pr\u00e9sentation de ces artefacts a t articule aux productions contemporaines, dans un contexte de concurrence internationale stimule par les expositions universelles ?<br>Pens\u00e9s au d\u00e9part comme des ensembles vocation p\u00e9dagogique, mais int\u00e9grant souvent des vises conservatrices, les muses d\u2019art industriel et d\u2019art d\u00e9coratif sont porteurs d\u2019identit\u00e9s multiples, ce qui explique l\u2019\u00e9volution des d\u00e9nominations, leurs vicissitudes et leur existence parfois \u00e9ph\u00e9m\u00e8re. Les travaux d\u00e9sormais nombreux sur la mus\u00e9ologie, et sur les arts d\u00e9coratifs placent ces institutions au c\u0153ur du questionnement autour de l\u2019origine et des finalit\u00e9s des collections publiques, en tant que lieux de formation pratique et de d\u00e9bats thoriques sur les relations entre l\u2019art, l\u2019industrie et le march\u00e9.<br>Cet ouvrage est le premier en France consacr\u00e9 \u00e0 l&rsquo;histoire des muses d&rsquo;art industriel et d\u00e9coratif. Il entend offrir un large panorama de cette typologie telle qu&rsquo;elle s&rsquo;est d\u00e9cline dans l&rsquo;Europe enti\u00e8re, depuis son apparition dans les ann\u00e9es 1830, jusqu\u2019\u00e0 son puisement dans les premi\u00e8res d\u00e9cennies du XX<sup>e<\/sup> sicle. Seule une enqu\u00eate collective pouvait rendre compte des sp\u00e9cificit\u00e9s des situations nationales et de la diversit\u00e9 des processus de valorisation d\u2019objets au statut intrins\u00e8quement incertain, entre fonction d\u2019usage, valeur patrimoniale et mod\u00e8les d\u2019apprentissage.<\/p>\n\n\n\n<h3 class=\"wp-block-heading\">Table des mati\u00e8res<\/h3>\n\n\n\n<p><strong><em>Introduction g\u00e9n\u00e9rale<\/em><\/strong><\/p>\n\n\n\n<p>1-Aziza Gril-Mariotte, <strong><em>Les enjeux du mus\u00e9e d\u2019art industriel entre th\u00e9ories et pratiques<br><\/em><\/strong>2-Rossella Froissart, <strong><em>Pr\u00e9misses aux mus\u00e9es d\u2019arts industriels et d\u00e9coratifs&nbsp;: une id\u00e9e fran\u00e7aise<\/em><\/strong><\/p>\n\n\n\n<p><strong><em>Premi\u00e8re partie<br><\/em><\/strong><strong>Un mus\u00e9e pour \u00e9difier le go\u00fbt et diffuser des mod\u00e8les<\/strong><\/p>\n\n\n\n<p>3-Jean-Fran\u00e7ois Luneau, <strong><em>Le r\u00eave d\u2019un mus\u00e9e industriel chez Claude Aim\u00e9 Chenavard<br><\/em><\/strong>4-H\u00e9l\u00e8ne Bocard et C\u00e9line Trautmann-Waller, <strong><em>Alexander von Minutoli : de la collection au mus\u00e9e, du mus\u00e9e \u00e0 l\u2019album photographique<br><\/em><\/strong>5-Marion Falaise, <strong><em>Le mus\u00e9e d\u2019Art et d\u2019Industrie de Lyon et le mod\u00e8le du South Kensington Museum dans le projet de Natalis Rondot<br><\/em><\/strong>6-Isaline Del\u00e9derray-Oguey, <strong><em>Les mus\u00e9es d\u2019art industriel en Suisse et de la seconde r\u00e9forme des arts appliqu\u00e9s<br><\/em><\/strong>7-Malgorzata Dabrowska, <strong><em>Les collections du Mus\u00e9e technique et industriel \u00e0 Cracovie, entre exposition et \u00e9ducation<br><\/em><\/strong>8-Lada Hubatov\u00e1-Vackov\u00e1, <strong><em>Les mod\u00e8les londonien et viennois des deux mus\u00e9es de <\/em><\/strong><strong><em>\u00ab&nbsp;um\u011bleck\u00fd pr\u016fmysl&nbsp;\u00bb&nbsp;de Prague<br><\/em><\/strong>9-Daniela N. Prina, <strong><em>La cr\u00e9ation d\u2019un South Kensington belge&nbsp;ou l\u2019histoire d\u2019un mariage imparfait entre le beau et l\u2019utile<br><\/em><\/strong>10-\u00c9lise K\u0153ring et Elke Mittmann, <strong><em>Un mus\u00e9e du temps pr\u00e9sent pour une production moderne&nbsp;: le <\/em><\/strong><strong>Deutsches Museum f\u00fcr Kunst in Handel und Gewerbe<em> de Karl-Ernst Osthaus<br><\/em><\/strong>11-Mark Gregory d\u2019Apuzzo, <strong><em>Le Mus\u00e9e d\u2019art industriel Davia Bargellini de Bologne : cr\u00e9er des ensembles pour mieux transmettre les savoirs<\/em><\/strong><\/p>\n\n\n\n<p><strong><em>Deuxi\u00e8me partie<br><\/em><\/strong><strong>De la collection au mus\u00e9e. Nouveaux regards sur les arts d\u00e9coratifs<\/strong><\/p>\n\n\n\n<p>12-\u00c9lodie Baillot, <strong><em>Le Louvre contre S\u00e8vres, S\u00e8vres contre les&nbsp;ogres du Louvre : l\u2019affaire du legs Davillier<br><\/em><\/strong>13-Lucie Chopard, <strong><em>Les collections chinoises de l\u2019Union centrale des arts d\u00e9coratifs entre inspiration technique et valorisation esth\u00e9tique<br><\/em><\/strong>14-Mathieu Caron, <strong><em>Le mus\u00e9e du Garde-Meuble (1879-1901)&nbsp;ou l\u2019aboutissement d&rsquo;une politique de patrimonialisation du mobilier fran\u00e7ais au XIX<sup>e<\/sup> si\u00e8cle<br><\/em><\/strong>15-Camille Mestdagh, <strong><em>Du chef-d\u2019\u0153uvre de mus\u00e9e au mod\u00e8le d\u2019atelier&nbsp;: les collections publiques de mobilier et la vogue des copies<br><\/em><\/strong>16-Beno\u00eet Coutancier, <strong><em>Marie Labadi\u00e9 (Grobet) et ses \u00e9poux&nbsp;: <\/em><\/strong><em>c<strong>ollectionneurs \u00ab&nbsp;moyens&nbsp;\u00bb ou architectes d\u2019int\u00e9rieur autodidactes&nbsp;?<br><\/strong><\/em>17-Paola Cordera, <strong><em>Les arts d\u00e9coratifs mis en sc\u00e8ne \u00e0 l\u2019Exposition r\u00e9trospective de Milan de 1874<br><\/em><\/strong>18-Daniele Galleni, <strong><em>La Galleria degli arazzi \u00e0 Florence : un nouveau regard sur la tapisserie<br><\/em><\/strong>19-Nadia Barrella,<strong><em> Le mus\u00e9e Correale de Carlo Giovene, un \u00ab&nbsp;livre facile&nbsp;\u00bb pour red\u00e9couvrir les arts appliqu\u00e9s napolitains<br><\/em><\/strong>20-Agnieszka Kluczewska-W\u00f3jcik,<strong> <em>\u00ab&nbsp;Il n\u2019y a qu\u2019un seul art\u2026&nbsp;\u00bb. <\/em><em>Feliks Jasie\u0144ski et sa collection d\u2019arts d\u00e9coratifs au Mus\u00e9e national de Cracovie<br><\/em><\/strong>21-B\u00e9nedicte Gady,<strong> <em>Paris-New York&nbsp;: la cr\u00e9ation du Cooper Union Museum for the Arts of Decoration au miroir du mus\u00e9e des Arts d\u00e9coratifs<\/em><\/strong><\/p>\n","protected":false},"excerpt":{"rendered":"<p>Art et industrie : L\u2019Europe des mus\u00e9es au XIXe si\u00e8cle, Rossella Froissart, Aziza Gril-Mariotte (dir.), \u00e9dition&nbsp; Brepols, 2023, 234 pages Cet ouvrage retrace l&rsquo;histoire m\u00e9connue des mus\u00e9es d&rsquo;art d\u00e9coratif en&hellip;&nbsp;<a href=\"https:\/\/telemme.mmsh.fr\/?p=13738\" rel=\"bookmark\">Lire la suite &raquo;<span class=\"screen-reader-text\">Art et industrie. L\u2019Europe des mus\u00e9es au XIXe si\u00e8cle<\/span><\/a><\/p>\n","protected":false},"author":175,"featured_media":13739,"comment_status":"closed","ping_status":"closed","sticky":false,"template":"","format":"standard","meta":{"neve_meta_sidebar":"","neve_meta_container":"","neve_meta_enable_content_width":"off","neve_meta_content_width":70,"neve_meta_title_alignment":"","neve_meta_author_avatar":"","neve_post_elements_order":"","neve_meta_disable_header":"","neve_meta_disable_footer":"","neve_meta_disable_title":"","_tribe_events_control_status":"","_tribe_events_control_status_canceled_reason":"","_tribe_events_control_status_postponed_reason":"","_tribe_events_control_online":"","_tribe_events_control_online_url":"","footnotes":""},"categories":[1742],"tags":[],"class_list":["post-13738","post","type-post","status-publish","format-standard","has-post-thumbnail","hentry","category-dir-ouvrage"],"yoast_head":"<!-- This site is optimized with the Yoast SEO plugin v27.4 - https:\/\/yoast.com\/product\/yoast-seo-wordpress\/ -->\n<title>Art et industrie. L\u2019Europe des mus\u00e9es au XIXe si\u00e8cle - TELEMMe - Temps, espaces, langages, Europe m\u00e9ridionale, M\u00e9diterran\u00e9e<\/title>\n<meta name=\"robots\" content=\"index, follow, max-snippet:-1, max-image-preview:large, max-video-preview:-1\" \/>\n<link rel=\"canonical\" href=\"https:\/\/telemme.mmsh.fr\/?p=13738\" \/>\n<meta property=\"og:locale\" content=\"fr_FR\" \/>\n<meta property=\"og:type\" content=\"article\" \/>\n<meta property=\"og:title\" content=\"Art et industrie. L\u2019Europe des mus\u00e9es au XIXe si\u00e8cle - TELEMMe - Temps, espaces, langages, Europe m\u00e9ridionale, M\u00e9diterran\u00e9e\" \/>\n<meta property=\"og:description\" content=\"Art et industrie : L\u2019Europe des mus\u00e9es au XIXe si\u00e8cle, Rossella Froissart, Aziza Gril-Mariotte (dir.), \u00e9dition&nbsp; Brepols, 2023, 234 pages Cet ouvrage retrace l&rsquo;histoire m\u00e9connue des mus\u00e9es d&rsquo;art d\u00e9coratif en&hellip;&nbsp;Lire la suite &raquo;Art et industrie. L\u2019Europe des mus\u00e9es au XIXe si\u00e8cle\" \/>\n<meta property=\"og:url\" content=\"https:\/\/telemme.mmsh.fr\/?p=13738\" \/>\n<meta property=\"og:site_name\" content=\"TELEMMe - Temps, espaces, langages, Europe m\u00e9ridionale, M\u00e9diterran\u00e9e\" \/>\n<meta property=\"article:published_time\" content=\"2023-12-19T10:17:34+00:00\" \/>\n<meta property=\"article:modified_time\" content=\"2025-01-14T17:25:01+00:00\" \/>\n<meta property=\"og:image\" content=\"https:\/\/telemme.mmsh.fr\/wp-content\/uploads\/2023\/12\/Art-et-industrie.jpg\" \/>\n\t<meta property=\"og:image:width\" content=\"475\" \/>\n\t<meta property=\"og:image:height\" content=\"600\" \/>\n\t<meta property=\"og:image:type\" content=\"image\/jpeg\" \/>\n<meta name=\"author\" content=\"Maja Mellet\" \/>\n<meta name=\"twitter:card\" content=\"summary_large_image\" \/>\n<meta name=\"twitter:label1\" content=\"\u00c9crit par\" \/>\n\t<meta name=\"twitter:data1\" content=\"Maja Mellet\" \/>\n\t<meta name=\"twitter:label2\" content=\"Dur\u00e9e de lecture estim\u00e9e\" \/>\n\t<meta name=\"twitter:data2\" content=\"4 minutes\" \/>\n<script type=\"application\/ld+json\" class=\"yoast-schema-graph\">{\"@context\":\"https:\\\/\\\/schema.org\",\"@graph\":[{\"@type\":\"Article\",\"@id\":\"https:\\\/\\\/telemme.mmsh.fr\\\/?p=13738#article\",\"isPartOf\":{\"@id\":\"https:\\\/\\\/telemme.mmsh.fr\\\/?p=13738\"},\"author\":{\"name\":\"Maja Mellet\",\"@id\":\"https:\\\/\\\/telemme.mmsh.fr\\\/#\\\/schema\\\/person\\\/c433e5fd025c00718f715ba73f040691\"},\"headline\":\"Art et industrie. L\u2019Europe des mus\u00e9es au XIXe si\u00e8cle\",\"datePublished\":\"2023-12-19T10:17:34+00:00\",\"dateModified\":\"2025-01-14T17:25:01+00:00\",\"mainEntityOfPage\":{\"@id\":\"https:\\\/\\\/telemme.mmsh.fr\\\/?p=13738\"},\"wordCount\":859,\"publisher\":{\"@id\":\"https:\\\/\\\/telemme.mmsh.fr\\\/#organization\"},\"image\":{\"@id\":\"https:\\\/\\\/telemme.mmsh.fr\\\/?p=13738#primaryimage\"},\"thumbnailUrl\":\"https:\\\/\\\/telemme.mmsh.fr\\\/wp-content\\\/uploads\\\/2023\\\/12\\\/Art-et-industrie.jpg\",\"articleSection\":[\"Directions d'ouvrage\"],\"inLanguage\":\"fr-FR\"},{\"@type\":\"WebPage\",\"@id\":\"https:\\\/\\\/telemme.mmsh.fr\\\/?p=13738\",\"url\":\"https:\\\/\\\/telemme.mmsh.fr\\\/?p=13738\",\"name\":\"Art et industrie. L\u2019Europe des mus\u00e9es au XIXe si\u00e8cle - TELEMMe - Temps, espaces, langages, Europe m\u00e9ridionale, M\u00e9diterran\u00e9e\",\"isPartOf\":{\"@id\":\"https:\\\/\\\/telemme.mmsh.fr\\\/#website\"},\"primaryImageOfPage\":{\"@id\":\"https:\\\/\\\/telemme.mmsh.fr\\\/?p=13738#primaryimage\"},\"image\":{\"@id\":\"https:\\\/\\\/telemme.mmsh.fr\\\/?p=13738#primaryimage\"},\"thumbnailUrl\":\"https:\\\/\\\/telemme.mmsh.fr\\\/wp-content\\\/uploads\\\/2023\\\/12\\\/Art-et-industrie.jpg\",\"datePublished\":\"2023-12-19T10:17:34+00:00\",\"dateModified\":\"2025-01-14T17:25:01+00:00\",\"breadcrumb\":{\"@id\":\"https:\\\/\\\/telemme.mmsh.fr\\\/?p=13738#breadcrumb\"},\"inLanguage\":\"fr-FR\",\"potentialAction\":[{\"@type\":\"ReadAction\",\"target\":[\"https:\\\/\\\/telemme.mmsh.fr\\\/?p=13738\"]}]},{\"@type\":\"ImageObject\",\"inLanguage\":\"fr-FR\",\"@id\":\"https:\\\/\\\/telemme.mmsh.fr\\\/?p=13738#primaryimage\",\"url\":\"https:\\\/\\\/telemme.mmsh.fr\\\/wp-content\\\/uploads\\\/2023\\\/12\\\/Art-et-industrie.jpg\",\"contentUrl\":\"https:\\\/\\\/telemme.mmsh.fr\\\/wp-content\\\/uploads\\\/2023\\\/12\\\/Art-et-industrie.jpg\",\"width\":475,\"height\":600},{\"@type\":\"BreadcrumbList\",\"@id\":\"https:\\\/\\\/telemme.mmsh.fr\\\/?p=13738#breadcrumb\",\"itemListElement\":[{\"@type\":\"ListItem\",\"position\":1,\"name\":\"Accueil\",\"item\":\"https:\\\/\\\/telemme.mmsh.fr\\\/\"},{\"@type\":\"ListItem\",\"position\":2,\"name\":\"Publications\",\"item\":\"https:\\\/\\\/telemme.mmsh.fr\\\/?cat=1738\"},{\"@type\":\"ListItem\",\"position\":3,\"name\":\"Directions d'ouvrage\",\"item\":\"https:\\\/\\\/telemme.mmsh.fr\\\/?cat=1742\"},{\"@type\":\"ListItem\",\"position\":4,\"name\":\"Art et industrie. L\u2019Europe des mus\u00e9es au XIXe si\u00e8cle\"}]},{\"@type\":\"WebSite\",\"@id\":\"https:\\\/\\\/telemme.mmsh.fr\\\/#website\",\"url\":\"https:\\\/\\\/telemme.mmsh.fr\\\/\",\"name\":\"TELEMMe - Temps, espaces, langages, Europe m\u00e9ridionale, M\u00e9diterran\u00e9e\",\"description\":\"\",\"publisher\":{\"@id\":\"https:\\\/\\\/telemme.mmsh.fr\\\/#organization\"},\"potentialAction\":[{\"@type\":\"SearchAction\",\"target\":{\"@type\":\"EntryPoint\",\"urlTemplate\":\"https:\\\/\\\/telemme.mmsh.fr\\\/?s={search_term_string}\"},\"query-input\":{\"@type\":\"PropertyValueSpecification\",\"valueRequired\":true,\"valueName\":\"search_term_string\"}}],\"inLanguage\":\"fr-FR\"},{\"@type\":\"Organization\",\"@id\":\"https:\\\/\\\/telemme.mmsh.fr\\\/#organization\",\"name\":\"TELEMMe\",\"url\":\"https:\\\/\\\/telemme.mmsh.fr\\\/\",\"logo\":{\"@type\":\"ImageObject\",\"inLanguage\":\"fr-FR\",\"@id\":\"https:\\\/\\\/telemme.mmsh.fr\\\/#\\\/schema\\\/logo\\\/image\\\/\",\"url\":\"https:\\\/\\\/telemme.mmsh.fr\\\/wp-content\\\/uploads\\\/2020\\\/03\\\/LogoTELEMMe-horizontal-fond-transparent.png\",\"contentUrl\":\"https:\\\/\\\/telemme.mmsh.fr\\\/wp-content\\\/uploads\\\/2020\\\/03\\\/LogoTELEMMe-horizontal-fond-transparent.png\",\"width\":1500,\"height\":437,\"caption\":\"TELEMMe\"},\"image\":{\"@id\":\"https:\\\/\\\/telemme.mmsh.fr\\\/#\\\/schema\\\/logo\\\/image\\\/\"}},{\"@type\":\"Person\",\"@id\":\"https:\\\/\\\/telemme.mmsh.fr\\\/#\\\/schema\\\/person\\\/c433e5fd025c00718f715ba73f040691\",\"name\":\"Maja Mellet\",\"url\":\"https:\\\/\\\/telemme.mmsh.fr\\\/?author=175\"}]}<\/script>\n<!-- \/ Yoast SEO plugin. -->","yoast_head_json":{"title":"Art et industrie. L\u2019Europe des mus\u00e9es au XIXe si\u00e8cle - TELEMMe - Temps, espaces, langages, Europe m\u00e9ridionale, M\u00e9diterran\u00e9e","robots":{"index":"index","follow":"follow","max-snippet":"max-snippet:-1","max-image-preview":"max-image-preview:large","max-video-preview":"max-video-preview:-1"},"canonical":"https:\/\/telemme.mmsh.fr\/?p=13738","og_locale":"fr_FR","og_type":"article","og_title":"Art et industrie. L\u2019Europe des mus\u00e9es au XIXe si\u00e8cle - TELEMMe - Temps, espaces, langages, Europe m\u00e9ridionale, M\u00e9diterran\u00e9e","og_description":"Art et industrie : L\u2019Europe des mus\u00e9es au XIXe si\u00e8cle, Rossella Froissart, Aziza Gril-Mariotte (dir.), \u00e9dition&nbsp; Brepols, 2023, 234 pages Cet ouvrage retrace l&rsquo;histoire m\u00e9connue des mus\u00e9es d&rsquo;art d\u00e9coratif en&hellip;&nbsp;Lire la suite &raquo;Art et industrie. L\u2019Europe des mus\u00e9es au XIXe si\u00e8cle","og_url":"https:\/\/telemme.mmsh.fr\/?p=13738","og_site_name":"TELEMMe - Temps, espaces, langages, Europe m\u00e9ridionale, M\u00e9diterran\u00e9e","article_published_time":"2023-12-19T10:17:34+00:00","article_modified_time":"2025-01-14T17:25:01+00:00","og_image":[{"width":475,"height":600,"url":"https:\/\/telemme.mmsh.fr\/wp-content\/uploads\/2023\/12\/Art-et-industrie.jpg","type":"image\/jpeg"}],"author":"Maja Mellet","twitter_card":"summary_large_image","twitter_misc":{"\u00c9crit par":"Maja Mellet","Dur\u00e9e de lecture estim\u00e9e":"4 minutes"},"schema":{"@context":"https:\/\/schema.org","@graph":[{"@type":"Article","@id":"https:\/\/telemme.mmsh.fr\/?p=13738#article","isPartOf":{"@id":"https:\/\/telemme.mmsh.fr\/?p=13738"},"author":{"name":"Maja Mellet","@id":"https:\/\/telemme.mmsh.fr\/#\/schema\/person\/c433e5fd025c00718f715ba73f040691"},"headline":"Art et industrie. L\u2019Europe des mus\u00e9es au XIXe si\u00e8cle","datePublished":"2023-12-19T10:17:34+00:00","dateModified":"2025-01-14T17:25:01+00:00","mainEntityOfPage":{"@id":"https:\/\/telemme.mmsh.fr\/?p=13738"},"wordCount":859,"publisher":{"@id":"https:\/\/telemme.mmsh.fr\/#organization"},"image":{"@id":"https:\/\/telemme.mmsh.fr\/?p=13738#primaryimage"},"thumbnailUrl":"https:\/\/telemme.mmsh.fr\/wp-content\/uploads\/2023\/12\/Art-et-industrie.jpg","articleSection":["Directions d'ouvrage"],"inLanguage":"fr-FR"},{"@type":"WebPage","@id":"https:\/\/telemme.mmsh.fr\/?p=13738","url":"https:\/\/telemme.mmsh.fr\/?p=13738","name":"Art et industrie. L\u2019Europe des mus\u00e9es au XIXe si\u00e8cle - TELEMMe - Temps, espaces, langages, Europe m\u00e9ridionale, M\u00e9diterran\u00e9e","isPartOf":{"@id":"https:\/\/telemme.mmsh.fr\/#website"},"primaryImageOfPage":{"@id":"https:\/\/telemme.mmsh.fr\/?p=13738#primaryimage"},"image":{"@id":"https:\/\/telemme.mmsh.fr\/?p=13738#primaryimage"},"thumbnailUrl":"https:\/\/telemme.mmsh.fr\/wp-content\/uploads\/2023\/12\/Art-et-industrie.jpg","datePublished":"2023-12-19T10:17:34+00:00","dateModified":"2025-01-14T17:25:01+00:00","breadcrumb":{"@id":"https:\/\/telemme.mmsh.fr\/?p=13738#breadcrumb"},"inLanguage":"fr-FR","potentialAction":[{"@type":"ReadAction","target":["https:\/\/telemme.mmsh.fr\/?p=13738"]}]},{"@type":"ImageObject","inLanguage":"fr-FR","@id":"https:\/\/telemme.mmsh.fr\/?p=13738#primaryimage","url":"https:\/\/telemme.mmsh.fr\/wp-content\/uploads\/2023\/12\/Art-et-industrie.jpg","contentUrl":"https:\/\/telemme.mmsh.fr\/wp-content\/uploads\/2023\/12\/Art-et-industrie.jpg","width":475,"height":600},{"@type":"BreadcrumbList","@id":"https:\/\/telemme.mmsh.fr\/?p=13738#breadcrumb","itemListElement":[{"@type":"ListItem","position":1,"name":"Accueil","item":"https:\/\/telemme.mmsh.fr\/"},{"@type":"ListItem","position":2,"name":"Publications","item":"https:\/\/telemme.mmsh.fr\/?cat=1738"},{"@type":"ListItem","position":3,"name":"Directions d'ouvrage","item":"https:\/\/telemme.mmsh.fr\/?cat=1742"},{"@type":"ListItem","position":4,"name":"Art et industrie. L\u2019Europe des mus\u00e9es au XIXe si\u00e8cle"}]},{"@type":"WebSite","@id":"https:\/\/telemme.mmsh.fr\/#website","url":"https:\/\/telemme.mmsh.fr\/","name":"TELEMMe - Temps, espaces, langages, Europe m\u00e9ridionale, M\u00e9diterran\u00e9e","description":"","publisher":{"@id":"https:\/\/telemme.mmsh.fr\/#organization"},"potentialAction":[{"@type":"SearchAction","target":{"@type":"EntryPoint","urlTemplate":"https:\/\/telemme.mmsh.fr\/?s={search_term_string}"},"query-input":{"@type":"PropertyValueSpecification","valueRequired":true,"valueName":"search_term_string"}}],"inLanguage":"fr-FR"},{"@type":"Organization","@id":"https:\/\/telemme.mmsh.fr\/#organization","name":"TELEMMe","url":"https:\/\/telemme.mmsh.fr\/","logo":{"@type":"ImageObject","inLanguage":"fr-FR","@id":"https:\/\/telemme.mmsh.fr\/#\/schema\/logo\/image\/","url":"https:\/\/telemme.mmsh.fr\/wp-content\/uploads\/2020\/03\/LogoTELEMMe-horizontal-fond-transparent.png","contentUrl":"https:\/\/telemme.mmsh.fr\/wp-content\/uploads\/2020\/03\/LogoTELEMMe-horizontal-fond-transparent.png","width":1500,"height":437,"caption":"TELEMMe"},"image":{"@id":"https:\/\/telemme.mmsh.fr\/#\/schema\/logo\/image\/"}},{"@type":"Person","@id":"https:\/\/telemme.mmsh.fr\/#\/schema\/person\/c433e5fd025c00718f715ba73f040691","name":"Maja Mellet","url":"https:\/\/telemme.mmsh.fr\/?author=175"}]}},"_links":{"self":[{"href":"https:\/\/telemme.mmsh.fr\/index.php?rest_route=\/wp\/v2\/posts\/13738","targetHints":{"allow":["GET"]}}],"collection":[{"href":"https:\/\/telemme.mmsh.fr\/index.php?rest_route=\/wp\/v2\/posts"}],"about":[{"href":"https:\/\/telemme.mmsh.fr\/index.php?rest_route=\/wp\/v2\/types\/post"}],"author":[{"embeddable":true,"href":"https:\/\/telemme.mmsh.fr\/index.php?rest_route=\/wp\/v2\/users\/175"}],"replies":[{"embeddable":true,"href":"https:\/\/telemme.mmsh.fr\/index.php?rest_route=%2Fwp%2Fv2%2Fcomments&post=13738"}],"version-history":[{"count":3,"href":"https:\/\/telemme.mmsh.fr\/index.php?rest_route=\/wp\/v2\/posts\/13738\/revisions"}],"predecessor-version":[{"id":14940,"href":"https:\/\/telemme.mmsh.fr\/index.php?rest_route=\/wp\/v2\/posts\/13738\/revisions\/14940"}],"wp:featuredmedia":[{"embeddable":true,"href":"https:\/\/telemme.mmsh.fr\/index.php?rest_route=\/wp\/v2\/media\/13739"}],"wp:attachment":[{"href":"https:\/\/telemme.mmsh.fr\/index.php?rest_route=%2Fwp%2Fv2%2Fmedia&parent=13738"}],"wp:term":[{"taxonomy":"category","embeddable":true,"href":"https:\/\/telemme.mmsh.fr\/index.php?rest_route=%2Fwp%2Fv2%2Fcategories&post=13738"},{"taxonomy":"post_tag","embeddable":true,"href":"https:\/\/telemme.mmsh.fr\/index.php?rest_route=%2Fwp%2Fv2%2Ftags&post=13738"}],"curies":[{"name":"wp","href":"https:\/\/api.w.org\/{rel}","templated":true}]}}