{"id":13707,"date":"2023-12-12T16:10:43","date_gmt":"2023-12-12T15:10:43","guid":{"rendered":"https:\/\/telemme.mmsh.fr\/?p=13707"},"modified":"2024-01-09T15:02:04","modified_gmt":"2024-01-09T14:02:04","slug":"des-recherches-entravees","status":"publish","type":"post","link":"https:\/\/telemme.mmsh.fr\/?p=13707","title":{"rendered":"Des recherches entrav\u00e9es"},"content":{"rendered":"<div class=\"groupetitre\">\n<h2>TELEMMe proteste contre l&rsquo;instauration par le CNRS de logiciels qui rendent presque impossible l&rsquo;organisation de missions, font perdre aux laboratoires de l&rsquo;argent public et du temps de travail. Nous nous associons au texte <a href=\"https:\/\/www.imaf.cnrs.fr\/spip.php?article6222&amp;lang=fr\">\u00ab\u00a0Des recherches entrav\u00e9es\u00a0\u00bb<\/a> de l&rsquo;IMAF.<\/h2>\n<h2 style=\"text-align: center;\"><\/h2>\n<h2 class=\"\" style=\"text-align: center;\">Des recherches entrav\u00e9es<\/h2>\n<\/div>\n<div class=\"content\">\n<div id=\"texte-content\" class=\"\">\n<p align=\"justify\">Membres d\u2019un laboratoire d\u00e9di\u00e9 \u00e0 la recherche sur les mondes africains, nous produisons du savoir gr\u00e2ce \u00e0 des s\u00e9jours fr\u00e9quents et prolong\u00e9s en Afrique ou aupr\u00e8s de ses diasporas. Or, nous constatons depuis plusieurs ann\u00e9es une d\u00e9gradation continue de nos conditions de travail, en particulier lors de nos missions \u00e0 l\u2019\u00e9tranger. La recherche publique n\u2019\u00e9chappe pas aux transformations manag\u00e9riales impos\u00e9es depuis plusieurs d\u00e9cennies \u00e0 l\u2019ensemble des services publics. La mise en place r\u00e9p\u00e9t\u00e9e de nouvelles proc\u00e9dures se fait au prix d\u2019une pression accrue sur les personnels administratifs et de gestion. Si le chaos qui a suivi la mise en service de nouveaux outils de gestion (Etamine, Notilus et Goelett<span class=\"spip_note_ref\">\u00a0[<a id=\"nh1\" class=\"spip_note\" title=\"deploiement-de-notilusetamine-goelett-au-cnrs\/\" href=\"https:\/\/imaf.cnrs.fr\/spip.php?article6222#nb1\" rel=\"appendix\">1<\/a>]<\/span>) par le CNRS a \u00e9t\u00e9 \u00e0 juste raison fortement d\u00e9cri\u00e9, il ne s\u2019agit que de la partie \u00e9merg\u00e9e d\u2019un probl\u00e8me plus global qui d\u00e9passe la simple gestion des bugs informatiques.<\/p>\n<p align=\"justify\">Que l\u2019on soit anthropologue, historien\u00b7ne, politiste, g\u00e9ographe ou sociolinguiste, nos recherches sur le terrain exigent une forme d\u2019adaptation et d\u2019insertion au sein du milieu que nous \u00e9tudions ou dans lequel nous \u00e9voluons. Nous avons besoin d\u2019\u00eatre au plus pr\u00e8s des personnes et des groupes qui nourrissent ces recherches et d\u2019adapter, en fonction des opportunit\u00e9s, nos questionnements et nos m\u00e9thodes. Par cons\u00e9quent, programmer au jour pr\u00e8s notre itin\u00e9raire, changer nos habitudes, loger \u00e0 l\u2019h\u00f4tel et manger au restaurant pour disposer de factures remboursables, ne pas pouvoir r\u00e9tribuer nos collaboratrices et collaborateurs locaux sont autant d\u2019entraves \u00e0 nos travaux de terrain et modifient en profondeur les m\u00e9thodes qui caract\u00e9risent nos disciplines. Nous sommes bien s\u00fbr conscient\u00b7es que nos tutelles doivent s\u2019assurer de la s\u00e9curit\u00e9 de leurs agent\u00b7es et respecter les r\u00e8gles applicables \u00e0 la fonction publique\u00a0; mais, outre des doutes sur l\u2019efficacit\u00e9 r\u00e9elle des proc\u00e9dures qui nous sont impos\u00e9es \u00e0 cette fin, cela revient \u00e0 transformer radicalement nos m\u00e9tiers et \u00e0 nous emp\u00eacher de mener \u00e0 bien les recherches pour lesquelles nous avons \u00e9t\u00e9 recrut\u00e9\u00b7es. Nous trouvons n\u00e9cessaire d\u2019introduire davantage de souplesse (ou des proc\u00e9dures d\u00e9rogatoires) en tenant compte des sp\u00e9cificit\u00e9s de nos terrains et de nos disciplines. Du reste, une telle souplesse existe encore \u00e0 l\u2019IRD, par exemple, alors que le CNRS n\u2019a cess\u00e9 de rigidifier ses proc\u00e9dures.<\/p>\n<p align=\"justify\">\u00c0 un moment o\u00f9 notre communaut\u00e9 scientifique est soucieuse de davantage de sym\u00e9trie dans nos rapports avec nos interlocuteur\u00b7trices africain\u00b7es, ces entraves bureaucratiques s\u2019ajoutent \u00e0 une s\u00e9rie d\u2019obstacles existants\u00a0: difficult\u00e9s d\u2019acc\u00e8s au terrain pour des raisons s\u00e9curitaires ou politiques, restrictions d\u2019accueil en France des chercheur\u00b7es et des \u00e9tudiant\u00b7es africain\u00b7es. Cela impacte fortement la dynamique des \u00e9tudes africaines en limitant aussi bien nos \u00e9changes scientifiques que nos recherches, et il est donc urgent de trouver des solutions qui nous permettent de travailler sereinement et efficacement. Allons-nous \u00e0 terme mener nos recherches sur l\u2019Afrique, entre Occidentaux\u00a0? Depuis nos bureaux en France\u00a0?<\/p>\n<p>Le collectif des chercheuses et chercheurs de l\u2019IMAF<\/p>\n<\/div>\n<\/div>\n","protected":false},"excerpt":{"rendered":"<p>TELEMMe proteste contre l&rsquo;instauration par le CNRS de logiciels qui rendent presque impossible l&rsquo;organisation de missions, font perdre aux laboratoires de l&rsquo;argent public et du temps de travail. Nous nous&hellip;&nbsp;<a href=\"https:\/\/telemme.mmsh.fr\/?p=13707\" rel=\"bookmark\">Lire la suite &raquo;<span class=\"screen-reader-text\">Des recherches entrav\u00e9es<\/span><\/a><\/p>\n","protected":false},"author":175,"featured_media":13710,"comment_status":"closed","ping_status":"closed","sticky":false,"template":"","format":"standard","meta":{"neve_meta_sidebar":"","neve_meta_container":"","neve_meta_enable_content_width":"off","neve_meta_content_width":70,"neve_meta_title_alignment":"","neve_meta_author_avatar":"","neve_post_elements_order":"","neve_meta_disable_header":"","neve_meta_disable_footer":"","neve_meta_disable_title":"","_tribe_events_control_status":"","_tribe_events_control_status_canceled_reason":"","_tribe_events_control_status_postponed_reason":"","_tribe_events_control_online":"","_tribe_events_control_online_url":"","footnotes":""},"categories":[1995],"tags":[],"class_list":["post-13707","post","type-post","status-publish","format-standard","has-post-thumbnail","hentry","category-actualites-telemme"],"yoast_head":"<!-- This site is optimized with the Yoast SEO plugin v27.4 - https:\/\/yoast.com\/product\/yoast-seo-wordpress\/ -->\n<title>Des recherches entrav\u00e9es - TELEMMe - Temps, espaces, langages, Europe m\u00e9ridionale, M\u00e9diterran\u00e9e<\/title>\n<meta name=\"robots\" content=\"index, follow, max-snippet:-1, max-image-preview:large, max-video-preview:-1\" \/>\n<link rel=\"canonical\" href=\"https:\/\/telemme.mmsh.fr\/?p=13707\" \/>\n<meta property=\"og:locale\" content=\"fr_FR\" \/>\n<meta property=\"og:type\" content=\"article\" \/>\n<meta property=\"og:title\" content=\"Des recherches entrav\u00e9es - TELEMMe - Temps, espaces, langages, Europe m\u00e9ridionale, M\u00e9diterran\u00e9e\" \/>\n<meta property=\"og:description\" content=\"TELEMMe proteste contre l&rsquo;instauration par le CNRS de logiciels qui rendent presque impossible l&rsquo;organisation de missions, font perdre aux laboratoires de l&rsquo;argent public et du temps de travail. Nous nous&hellip;&nbsp;Lire la suite &raquo;Des recherches entrav\u00e9es\" \/>\n<meta property=\"og:url\" content=\"https:\/\/telemme.mmsh.fr\/?p=13707\" \/>\n<meta property=\"og:site_name\" content=\"TELEMMe - Temps, espaces, langages, Europe m\u00e9ridionale, M\u00e9diterran\u00e9e\" \/>\n<meta property=\"article:published_time\" content=\"2023-12-12T15:10:43+00:00\" \/>\n<meta property=\"article:modified_time\" content=\"2024-01-09T14:02:04+00:00\" \/>\n<meta property=\"og:image\" content=\"https:\/\/telemme.mmsh.fr\/wp-content\/uploads\/2023\/12\/telemme-se-mobilise-1.jpg\" \/>\n\t<meta property=\"og:image:width\" content=\"135\" \/>\n\t<meta property=\"og:image:height\" content=\"135\" \/>\n\t<meta property=\"og:image:type\" content=\"image\/jpeg\" \/>\n<meta name=\"author\" content=\"Maja Mellet\" \/>\n<meta name=\"twitter:card\" content=\"summary_large_image\" \/>\n<meta name=\"twitter:label1\" content=\"\u00c9crit par\" \/>\n\t<meta name=\"twitter:data1\" content=\"Maja Mellet\" \/>\n\t<meta name=\"twitter:label2\" content=\"Dur\u00e9e de lecture estim\u00e9e\" \/>\n\t<meta name=\"twitter:data2\" content=\"3 minutes\" \/>\n<script type=\"application\/ld+json\" class=\"yoast-schema-graph\">{\"@context\":\"https:\\\/\\\/schema.org\",\"@graph\":[{\"@type\":\"Article\",\"@id\":\"https:\\\/\\\/telemme.mmsh.fr\\\/?p=13707#article\",\"isPartOf\":{\"@id\":\"https:\\\/\\\/telemme.mmsh.fr\\\/?p=13707\"},\"author\":{\"name\":\"Maja Mellet\",\"@id\":\"https:\\\/\\\/telemme.mmsh.fr\\\/#\\\/schema\\\/person\\\/c433e5fd025c00718f715ba73f040691\"},\"headline\":\"Des recherches entrav\u00e9es\",\"datePublished\":\"2023-12-12T15:10:43+00:00\",\"dateModified\":\"2024-01-09T14:02:04+00:00\",\"mainEntityOfPage\":{\"@id\":\"https:\\\/\\\/telemme.mmsh.fr\\\/?p=13707\"},\"wordCount\":581,\"publisher\":{\"@id\":\"https:\\\/\\\/telemme.mmsh.fr\\\/#organization\"},\"image\":{\"@id\":\"https:\\\/\\\/telemme.mmsh.fr\\\/?p=13707#primaryimage\"},\"thumbnailUrl\":\"https:\\\/\\\/telemme.mmsh.fr\\\/wp-content\\\/uploads\\\/2023\\\/12\\\/telemme-se-mobilise-1.jpg\",\"articleSection\":[\"Actualit\u00e9s\"],\"inLanguage\":\"fr-FR\"},{\"@type\":\"WebPage\",\"@id\":\"https:\\\/\\\/telemme.mmsh.fr\\\/?p=13707\",\"url\":\"https:\\\/\\\/telemme.mmsh.fr\\\/?p=13707\",\"name\":\"Des recherches entrav\u00e9es - TELEMMe - Temps, espaces, langages, Europe m\u00e9ridionale, M\u00e9diterran\u00e9e\",\"isPartOf\":{\"@id\":\"https:\\\/\\\/telemme.mmsh.fr\\\/#website\"},\"primaryImageOfPage\":{\"@id\":\"https:\\\/\\\/telemme.mmsh.fr\\\/?p=13707#primaryimage\"},\"image\":{\"@id\":\"https:\\\/\\\/telemme.mmsh.fr\\\/?p=13707#primaryimage\"},\"thumbnailUrl\":\"https:\\\/\\\/telemme.mmsh.fr\\\/wp-content\\\/uploads\\\/2023\\\/12\\\/telemme-se-mobilise-1.jpg\",\"datePublished\":\"2023-12-12T15:10:43+00:00\",\"dateModified\":\"2024-01-09T14:02:04+00:00\",\"breadcrumb\":{\"@id\":\"https:\\\/\\\/telemme.mmsh.fr\\\/?p=13707#breadcrumb\"},\"inLanguage\":\"fr-FR\",\"potentialAction\":[{\"@type\":\"ReadAction\",\"target\":[\"https:\\\/\\\/telemme.mmsh.fr\\\/?p=13707\"]}]},{\"@type\":\"ImageObject\",\"inLanguage\":\"fr-FR\",\"@id\":\"https:\\\/\\\/telemme.mmsh.fr\\\/?p=13707#primaryimage\",\"url\":\"https:\\\/\\\/telemme.mmsh.fr\\\/wp-content\\\/uploads\\\/2023\\\/12\\\/telemme-se-mobilise-1.jpg\",\"contentUrl\":\"https:\\\/\\\/telemme.mmsh.fr\\\/wp-content\\\/uploads\\\/2023\\\/12\\\/telemme-se-mobilise-1.jpg\",\"width\":135,\"height\":135},{\"@type\":\"BreadcrumbList\",\"@id\":\"https:\\\/\\\/telemme.mmsh.fr\\\/?p=13707#breadcrumb\",\"itemListElement\":[{\"@type\":\"ListItem\",\"position\":1,\"name\":\"Accueil\",\"item\":\"https:\\\/\\\/telemme.mmsh.fr\\\/\"},{\"@type\":\"ListItem\",\"position\":2,\"name\":\"Actualit\u00e9s\",\"item\":\"https:\\\/\\\/telemme.mmsh.fr\\\/?cat=1995\"},{\"@type\":\"ListItem\",\"position\":3,\"name\":\"Des recherches entrav\u00e9es\"}]},{\"@type\":\"WebSite\",\"@id\":\"https:\\\/\\\/telemme.mmsh.fr\\\/#website\",\"url\":\"https:\\\/\\\/telemme.mmsh.fr\\\/\",\"name\":\"TELEMMe - Temps, espaces, langages, Europe m\u00e9ridionale, M\u00e9diterran\u00e9e\",\"description\":\"\",\"publisher\":{\"@id\":\"https:\\\/\\\/telemme.mmsh.fr\\\/#organization\"},\"potentialAction\":[{\"@type\":\"SearchAction\",\"target\":{\"@type\":\"EntryPoint\",\"urlTemplate\":\"https:\\\/\\\/telemme.mmsh.fr\\\/?s={search_term_string}\"},\"query-input\":{\"@type\":\"PropertyValueSpecification\",\"valueRequired\":true,\"valueName\":\"search_term_string\"}}],\"inLanguage\":\"fr-FR\"},{\"@type\":\"Organization\",\"@id\":\"https:\\\/\\\/telemme.mmsh.fr\\\/#organization\",\"name\":\"TELEMMe\",\"url\":\"https:\\\/\\\/telemme.mmsh.fr\\\/\",\"logo\":{\"@type\":\"ImageObject\",\"inLanguage\":\"fr-FR\",\"@id\":\"https:\\\/\\\/telemme.mmsh.fr\\\/#\\\/schema\\\/logo\\\/image\\\/\",\"url\":\"https:\\\/\\\/telemme.mmsh.fr\\\/wp-content\\\/uploads\\\/2020\\\/03\\\/LogoTELEMMe-horizontal-fond-transparent.png\",\"contentUrl\":\"https:\\\/\\\/telemme.mmsh.fr\\\/wp-content\\\/uploads\\\/2020\\\/03\\\/LogoTELEMMe-horizontal-fond-transparent.png\",\"width\":1500,\"height\":437,\"caption\":\"TELEMMe\"},\"image\":{\"@id\":\"https:\\\/\\\/telemme.mmsh.fr\\\/#\\\/schema\\\/logo\\\/image\\\/\"}},{\"@type\":\"Person\",\"@id\":\"https:\\\/\\\/telemme.mmsh.fr\\\/#\\\/schema\\\/person\\\/c433e5fd025c00718f715ba73f040691\",\"name\":\"Maja Mellet\",\"url\":\"https:\\\/\\\/telemme.mmsh.fr\\\/?author=175\"}]}<\/script>\n<!-- \/ Yoast SEO plugin. -->","yoast_head_json":{"title":"Des recherches entrav\u00e9es - TELEMMe - Temps, espaces, langages, Europe m\u00e9ridionale, M\u00e9diterran\u00e9e","robots":{"index":"index","follow":"follow","max-snippet":"max-snippet:-1","max-image-preview":"max-image-preview:large","max-video-preview":"max-video-preview:-1"},"canonical":"https:\/\/telemme.mmsh.fr\/?p=13707","og_locale":"fr_FR","og_type":"article","og_title":"Des recherches entrav\u00e9es - TELEMMe - Temps, espaces, langages, Europe m\u00e9ridionale, M\u00e9diterran\u00e9e","og_description":"TELEMMe proteste contre l&rsquo;instauration par le CNRS de logiciels qui rendent presque impossible l&rsquo;organisation de missions, font perdre aux laboratoires de l&rsquo;argent public et du temps de travail. Nous nous&hellip;&nbsp;Lire la suite &raquo;Des recherches entrav\u00e9es","og_url":"https:\/\/telemme.mmsh.fr\/?p=13707","og_site_name":"TELEMMe - Temps, espaces, langages, Europe m\u00e9ridionale, M\u00e9diterran\u00e9e","article_published_time":"2023-12-12T15:10:43+00:00","article_modified_time":"2024-01-09T14:02:04+00:00","og_image":[{"width":135,"height":135,"url":"https:\/\/telemme.mmsh.fr\/wp-content\/uploads\/2023\/12\/telemme-se-mobilise-1.jpg","type":"image\/jpeg"}],"author":"Maja Mellet","twitter_card":"summary_large_image","twitter_misc":{"\u00c9crit par":"Maja Mellet","Dur\u00e9e de lecture estim\u00e9e":"3 minutes"},"schema":{"@context":"https:\/\/schema.org","@graph":[{"@type":"Article","@id":"https:\/\/telemme.mmsh.fr\/?p=13707#article","isPartOf":{"@id":"https:\/\/telemme.mmsh.fr\/?p=13707"},"author":{"name":"Maja Mellet","@id":"https:\/\/telemme.mmsh.fr\/#\/schema\/person\/c433e5fd025c00718f715ba73f040691"},"headline":"Des recherches entrav\u00e9es","datePublished":"2023-12-12T15:10:43+00:00","dateModified":"2024-01-09T14:02:04+00:00","mainEntityOfPage":{"@id":"https:\/\/telemme.mmsh.fr\/?p=13707"},"wordCount":581,"publisher":{"@id":"https:\/\/telemme.mmsh.fr\/#organization"},"image":{"@id":"https:\/\/telemme.mmsh.fr\/?p=13707#primaryimage"},"thumbnailUrl":"https:\/\/telemme.mmsh.fr\/wp-content\/uploads\/2023\/12\/telemme-se-mobilise-1.jpg","articleSection":["Actualit\u00e9s"],"inLanguage":"fr-FR"},{"@type":"WebPage","@id":"https:\/\/telemme.mmsh.fr\/?p=13707","url":"https:\/\/telemme.mmsh.fr\/?p=13707","name":"Des recherches entrav\u00e9es - TELEMMe - Temps, espaces, langages, Europe m\u00e9ridionale, M\u00e9diterran\u00e9e","isPartOf":{"@id":"https:\/\/telemme.mmsh.fr\/#website"},"primaryImageOfPage":{"@id":"https:\/\/telemme.mmsh.fr\/?p=13707#primaryimage"},"image":{"@id":"https:\/\/telemme.mmsh.fr\/?p=13707#primaryimage"},"thumbnailUrl":"https:\/\/telemme.mmsh.fr\/wp-content\/uploads\/2023\/12\/telemme-se-mobilise-1.jpg","datePublished":"2023-12-12T15:10:43+00:00","dateModified":"2024-01-09T14:02:04+00:00","breadcrumb":{"@id":"https:\/\/telemme.mmsh.fr\/?p=13707#breadcrumb"},"inLanguage":"fr-FR","potentialAction":[{"@type":"ReadAction","target":["https:\/\/telemme.mmsh.fr\/?p=13707"]}]},{"@type":"ImageObject","inLanguage":"fr-FR","@id":"https:\/\/telemme.mmsh.fr\/?p=13707#primaryimage","url":"https:\/\/telemme.mmsh.fr\/wp-content\/uploads\/2023\/12\/telemme-se-mobilise-1.jpg","contentUrl":"https:\/\/telemme.mmsh.fr\/wp-content\/uploads\/2023\/12\/telemme-se-mobilise-1.jpg","width":135,"height":135},{"@type":"BreadcrumbList","@id":"https:\/\/telemme.mmsh.fr\/?p=13707#breadcrumb","itemListElement":[{"@type":"ListItem","position":1,"name":"Accueil","item":"https:\/\/telemme.mmsh.fr\/"},{"@type":"ListItem","position":2,"name":"Actualit\u00e9s","item":"https:\/\/telemme.mmsh.fr\/?cat=1995"},{"@type":"ListItem","position":3,"name":"Des recherches entrav\u00e9es"}]},{"@type":"WebSite","@id":"https:\/\/telemme.mmsh.fr\/#website","url":"https:\/\/telemme.mmsh.fr\/","name":"TELEMMe - Temps, espaces, langages, Europe m\u00e9ridionale, M\u00e9diterran\u00e9e","description":"","publisher":{"@id":"https:\/\/telemme.mmsh.fr\/#organization"},"potentialAction":[{"@type":"SearchAction","target":{"@type":"EntryPoint","urlTemplate":"https:\/\/telemme.mmsh.fr\/?s={search_term_string}"},"query-input":{"@type":"PropertyValueSpecification","valueRequired":true,"valueName":"search_term_string"}}],"inLanguage":"fr-FR"},{"@type":"Organization","@id":"https:\/\/telemme.mmsh.fr\/#organization","name":"TELEMMe","url":"https:\/\/telemme.mmsh.fr\/","logo":{"@type":"ImageObject","inLanguage":"fr-FR","@id":"https:\/\/telemme.mmsh.fr\/#\/schema\/logo\/image\/","url":"https:\/\/telemme.mmsh.fr\/wp-content\/uploads\/2020\/03\/LogoTELEMMe-horizontal-fond-transparent.png","contentUrl":"https:\/\/telemme.mmsh.fr\/wp-content\/uploads\/2020\/03\/LogoTELEMMe-horizontal-fond-transparent.png","width":1500,"height":437,"caption":"TELEMMe"},"image":{"@id":"https:\/\/telemme.mmsh.fr\/#\/schema\/logo\/image\/"}},{"@type":"Person","@id":"https:\/\/telemme.mmsh.fr\/#\/schema\/person\/c433e5fd025c00718f715ba73f040691","name":"Maja Mellet","url":"https:\/\/telemme.mmsh.fr\/?author=175"}]}},"_links":{"self":[{"href":"https:\/\/telemme.mmsh.fr\/index.php?rest_route=\/wp\/v2\/posts\/13707","targetHints":{"allow":["GET"]}}],"collection":[{"href":"https:\/\/telemme.mmsh.fr\/index.php?rest_route=\/wp\/v2\/posts"}],"about":[{"href":"https:\/\/telemme.mmsh.fr\/index.php?rest_route=\/wp\/v2\/types\/post"}],"author":[{"embeddable":true,"href":"https:\/\/telemme.mmsh.fr\/index.php?rest_route=\/wp\/v2\/users\/175"}],"replies":[{"embeddable":true,"href":"https:\/\/telemme.mmsh.fr\/index.php?rest_route=%2Fwp%2Fv2%2Fcomments&post=13707"}],"version-history":[{"count":2,"href":"https:\/\/telemme.mmsh.fr\/index.php?rest_route=\/wp\/v2\/posts\/13707\/revisions"}],"predecessor-version":[{"id":13797,"href":"https:\/\/telemme.mmsh.fr\/index.php?rest_route=\/wp\/v2\/posts\/13707\/revisions\/13797"}],"wp:featuredmedia":[{"embeddable":true,"href":"https:\/\/telemme.mmsh.fr\/index.php?rest_route=\/wp\/v2\/media\/13710"}],"wp:attachment":[{"href":"https:\/\/telemme.mmsh.fr\/index.php?rest_route=%2Fwp%2Fv2%2Fmedia&parent=13707"}],"wp:term":[{"taxonomy":"category","embeddable":true,"href":"https:\/\/telemme.mmsh.fr\/index.php?rest_route=%2Fwp%2Fv2%2Fcategories&post=13707"},{"taxonomy":"post_tag","embeddable":true,"href":"https:\/\/telemme.mmsh.fr\/index.php?rest_route=%2Fwp%2Fv2%2Ftags&post=13707"}],"curies":[{"name":"wp","href":"https:\/\/api.w.org\/{rel}","templated":true}]}}