{"id":13611,"date":"2023-11-22T09:09:00","date_gmt":"2023-11-22T08:09:00","guid":{"rendered":"https:\/\/telemme.mmsh.fr\/?p=13611"},"modified":"2023-11-22T09:09:26","modified_gmt":"2023-11-22T08:09:26","slug":"de-la-rencontre-au-mythe-representations-et-mobilisations-des-savoirs-sur-tamerlan-en-europe-latine-au-xve-siecle","status":"publish","type":"post","link":"https:\/\/telemme.mmsh.fr\/?p=13611","title":{"rendered":"De la rencontre au mythe. Repr\u00e9sentations et mobilisations des savoirs sur Tamerlan en Europe Latine au XVe si\u00e8cle"},"content":{"rendered":"<p><a href=\"https:\/\/telemme.mmsh.fr\/?membres=geoffrey-goddard\">Geoffrey Goddard<\/a> <span class=\"contentpasted0\">soutiendra sa <\/span>th\u00e8se de doctorat en histoire moderne, intitul\u00e9e \u00ab De la rencontre au mythe. Repr\u00e9sentations et mobilisations des savoirs sur Tamerlan en Europe Latine au XV<sup>e<\/sup> si\u00e8cle\u00a0\u00bb.<\/p>\n<p>Elle se d\u00e9roulera \u00e0 la MMSH d\u2019Aix-en-Provence, 5 rue Ch\u00e2teau de l\u2019Horloge, salle Duby, le jeudi 14 d\u00e9cembre 2023 \u00e0 9h00.<\/p>\n<p>&nbsp;<\/p>\n<p>Le jury sera compos\u00e9 de\u00a0:<\/p>\n<p>Michele Bernardini, Universit\u00e0 degli Studi di Napoli \u00ab\u00a0L\u2019Orientale\u00a0\u00bb, rapporteur et pr\u00e9sident du jury.<\/p>\n<p>Benjamin Lellouch, Universit\u00e9 Paris 8, examinateur.<\/p>\n<p>Felicitas Schmieder, FernUniversit\u00e4t in Hagen, rapporteure.<\/p>\n<p>Guy Le Thiec, Aix Marseille Universit\u00e9, co-directeur de th\u00e8se.<\/p>\n<p>Ellen Widder, Eberhard Karls Universit\u00e4t T\u00fcbingen, co-directrice de th\u00e8se.<\/p>\n<p>&nbsp;<\/p>\n<p>La soutenance sera suivi par un pot convivial. Si vous projetez de venir, merci de le signaler en envoyant un message \u00e0 <a href=\"mailto:geoffrey.goddard@etu.univ-amu.fr\">geoffrey.goddard@etu.univ-amu.fr<\/a>.<\/p>\n","protected":false},"excerpt":{"rendered":"<p>Geoffrey Goddard soutiendra sa th\u00e8se de doctorat en histoire moderne, intitul\u00e9e \u00ab De la rencontre au mythe. Repr\u00e9sentations et mobilisations des savoirs sur Tamerlan en Europe Latine au XVe si\u00e8cle\u00a0\u00bb.&hellip;&nbsp;<a href=\"https:\/\/telemme.mmsh.fr\/?p=13611\" rel=\"bookmark\">Lire la suite &raquo;<span class=\"screen-reader-text\">De la rencontre au mythe. Repr\u00e9sentations et mobilisations des savoirs sur Tamerlan en Europe Latine au XVe si\u00e8cle<\/span><\/a><\/p>\n","protected":false},"author":175,"featured_media":13518,"comment_status":"closed","ping_status":"closed","sticky":false,"template":"","format":"standard","meta":{"neve_meta_sidebar":"","neve_meta_container":"","neve_meta_enable_content_width":"off","neve_meta_content_width":70,"neve_meta_title_alignment":"","neve_meta_author_avatar":"","neve_post_elements_order":"","neve_meta_disable_header":"","neve_meta_disable_footer":"","neve_meta_disable_title":"","_tribe_events_control_status":"","_tribe_events_control_status_canceled_reason":"","_tribe_events_control_status_postponed_reason":"","_tribe_events_control_online":"","_tribe_events_control_online_url":"","footnotes":""},"categories":[1999],"tags":[],"class_list":["post-13611","post","type-post","status-publish","format-standard","has-post-thumbnail","hentry","category-soutenance-these"],"yoast_head":"<!-- This site is optimized with the Yoast SEO plugin v27.4 - https:\/\/yoast.com\/product\/yoast-seo-wordpress\/ -->\n<title>De la rencontre au mythe. Repr\u00e9sentations et mobilisations des savoirs sur Tamerlan en Europe Latine au XVe si\u00e8cle - TELEMMe - Temps, espaces, langages, Europe m\u00e9ridionale, M\u00e9diterran\u00e9e<\/title>\n<meta name=\"robots\" content=\"index, follow, max-snippet:-1, max-image-preview:large, max-video-preview:-1\" \/>\n<link rel=\"canonical\" href=\"https:\/\/telemme.mmsh.fr\/?p=13611\" \/>\n<meta property=\"og:locale\" content=\"fr_FR\" \/>\n<meta property=\"og:type\" content=\"article\" \/>\n<meta property=\"og:title\" content=\"De la rencontre au mythe. Repr\u00e9sentations et mobilisations des savoirs sur Tamerlan en Europe Latine au XVe si\u00e8cle - TELEMMe - Temps, espaces, langages, Europe m\u00e9ridionale, M\u00e9diterran\u00e9e\" \/>\n<meta property=\"og:description\" content=\"Geoffrey Goddard soutiendra sa th\u00e8se de doctorat en histoire moderne, intitul\u00e9e \u00ab De la rencontre au mythe. Repr\u00e9sentations et mobilisations des savoirs sur Tamerlan en Europe Latine au XVe si\u00e8cle\u00a0\u00bb.&hellip;&nbsp;Lire la suite &raquo;De la rencontre au mythe. Repr\u00e9sentations et mobilisations des savoirs sur Tamerlan en Europe Latine au XVe si\u00e8cle\" \/>\n<meta property=\"og:url\" content=\"https:\/\/telemme.mmsh.fr\/?p=13611\" \/>\n<meta property=\"og:site_name\" content=\"TELEMMe - Temps, espaces, langages, Europe m\u00e9ridionale, M\u00e9diterran\u00e9e\" \/>\n<meta property=\"article:published_time\" content=\"2023-11-22T08:09:00+00:00\" \/>\n<meta property=\"article:modified_time\" content=\"2023-11-22T08:09:26+00:00\" \/>\n<meta property=\"og:image\" content=\"https:\/\/telemme.mmsh.fr\/wp-content\/uploads\/2023\/11\/avis-soutenance.jpg\" \/>\n\t<meta property=\"og:image:width\" content=\"135\" \/>\n\t<meta property=\"og:image:height\" content=\"135\" \/>\n\t<meta property=\"og:image:type\" content=\"image\/jpeg\" \/>\n<meta name=\"author\" content=\"Maja Mellet\" \/>\n<meta name=\"twitter:card\" content=\"summary_large_image\" \/>\n<meta name=\"twitter:label1\" content=\"\u00c9crit par\" \/>\n\t<meta name=\"twitter:data1\" content=\"Maja Mellet\" \/>\n\t<meta name=\"twitter:label2\" content=\"Dur\u00e9e de lecture estim\u00e9e\" \/>\n\t<meta name=\"twitter:data2\" content=\"1 minute\" \/>\n<script type=\"application\/ld+json\" class=\"yoast-schema-graph\">{\"@context\":\"https:\\\/\\\/schema.org\",\"@graph\":[{\"@type\":\"Article\",\"@id\":\"https:\\\/\\\/telemme.mmsh.fr\\\/?p=13611#article\",\"isPartOf\":{\"@id\":\"https:\\\/\\\/telemme.mmsh.fr\\\/?p=13611\"},\"author\":{\"name\":\"Maja Mellet\",\"@id\":\"https:\\\/\\\/telemme.mmsh.fr\\\/#\\\/schema\\\/person\\\/c433e5fd025c00718f715ba73f040691\"},\"headline\":\"De la rencontre au mythe. Repr\u00e9sentations et mobilisations des savoirs sur Tamerlan en Europe Latine au XVe si\u00e8cle\",\"datePublished\":\"2023-11-22T08:09:00+00:00\",\"dateModified\":\"2023-11-22T08:09:26+00:00\",\"mainEntityOfPage\":{\"@id\":\"https:\\\/\\\/telemme.mmsh.fr\\\/?p=13611\"},\"wordCount\":156,\"publisher\":{\"@id\":\"https:\\\/\\\/telemme.mmsh.fr\\\/#organization\"},\"image\":{\"@id\":\"https:\\\/\\\/telemme.mmsh.fr\\\/?p=13611#primaryimage\"},\"thumbnailUrl\":\"https:\\\/\\\/telemme.mmsh.fr\\\/wp-content\\\/uploads\\\/2023\\\/11\\\/avis-soutenance.jpg\",\"articleSection\":[\"Soutenances de th\u00e8se\"],\"inLanguage\":\"fr-FR\"},{\"@type\":\"WebPage\",\"@id\":\"https:\\\/\\\/telemme.mmsh.fr\\\/?p=13611\",\"url\":\"https:\\\/\\\/telemme.mmsh.fr\\\/?p=13611\",\"name\":\"De la rencontre au mythe. Repr\u00e9sentations et mobilisations des savoirs sur Tamerlan en Europe Latine au XVe si\u00e8cle - TELEMMe - Temps, espaces, langages, Europe m\u00e9ridionale, M\u00e9diterran\u00e9e\",\"isPartOf\":{\"@id\":\"https:\\\/\\\/telemme.mmsh.fr\\\/#website\"},\"primaryImageOfPage\":{\"@id\":\"https:\\\/\\\/telemme.mmsh.fr\\\/?p=13611#primaryimage\"},\"image\":{\"@id\":\"https:\\\/\\\/telemme.mmsh.fr\\\/?p=13611#primaryimage\"},\"thumbnailUrl\":\"https:\\\/\\\/telemme.mmsh.fr\\\/wp-content\\\/uploads\\\/2023\\\/11\\\/avis-soutenance.jpg\",\"datePublished\":\"2023-11-22T08:09:00+00:00\",\"dateModified\":\"2023-11-22T08:09:26+00:00\",\"breadcrumb\":{\"@id\":\"https:\\\/\\\/telemme.mmsh.fr\\\/?p=13611#breadcrumb\"},\"inLanguage\":\"fr-FR\",\"potentialAction\":[{\"@type\":\"ReadAction\",\"target\":[\"https:\\\/\\\/telemme.mmsh.fr\\\/?p=13611\"]}]},{\"@type\":\"ImageObject\",\"inLanguage\":\"fr-FR\",\"@id\":\"https:\\\/\\\/telemme.mmsh.fr\\\/?p=13611#primaryimage\",\"url\":\"https:\\\/\\\/telemme.mmsh.fr\\\/wp-content\\\/uploads\\\/2023\\\/11\\\/avis-soutenance.jpg\",\"contentUrl\":\"https:\\\/\\\/telemme.mmsh.fr\\\/wp-content\\\/uploads\\\/2023\\\/11\\\/avis-soutenance.jpg\",\"width\":135,\"height\":135,\"caption\":\"Illustration avis de soutenance de th\u00e8se\"},{\"@type\":\"BreadcrumbList\",\"@id\":\"https:\\\/\\\/telemme.mmsh.fr\\\/?p=13611#breadcrumb\",\"itemListElement\":[{\"@type\":\"ListItem\",\"position\":1,\"name\":\"Accueil\",\"item\":\"https:\\\/\\\/telemme.mmsh.fr\\\/\"},{\"@type\":\"ListItem\",\"position\":2,\"name\":\"Actualit\u00e9s\",\"item\":\"https:\\\/\\\/telemme.mmsh.fr\\\/?cat=1995\"},{\"@type\":\"ListItem\",\"position\":3,\"name\":\"Soutenances de th\u00e8se\",\"item\":\"https:\\\/\\\/telemme.mmsh.fr\\\/?cat=1999\"},{\"@type\":\"ListItem\",\"position\":4,\"name\":\"De la rencontre au mythe. Repr\u00e9sentations et mobilisations des savoirs sur Tamerlan en Europe Latine au XVe si\u00e8cle\"}]},{\"@type\":\"WebSite\",\"@id\":\"https:\\\/\\\/telemme.mmsh.fr\\\/#website\",\"url\":\"https:\\\/\\\/telemme.mmsh.fr\\\/\",\"name\":\"TELEMMe - Temps, espaces, langages, Europe m\u00e9ridionale, M\u00e9diterran\u00e9e\",\"description\":\"\",\"publisher\":{\"@id\":\"https:\\\/\\\/telemme.mmsh.fr\\\/#organization\"},\"potentialAction\":[{\"@type\":\"SearchAction\",\"target\":{\"@type\":\"EntryPoint\",\"urlTemplate\":\"https:\\\/\\\/telemme.mmsh.fr\\\/?s={search_term_string}\"},\"query-input\":{\"@type\":\"PropertyValueSpecification\",\"valueRequired\":true,\"valueName\":\"search_term_string\"}}],\"inLanguage\":\"fr-FR\"},{\"@type\":\"Organization\",\"@id\":\"https:\\\/\\\/telemme.mmsh.fr\\\/#organization\",\"name\":\"TELEMMe\",\"url\":\"https:\\\/\\\/telemme.mmsh.fr\\\/\",\"logo\":{\"@type\":\"ImageObject\",\"inLanguage\":\"fr-FR\",\"@id\":\"https:\\\/\\\/telemme.mmsh.fr\\\/#\\\/schema\\\/logo\\\/image\\\/\",\"url\":\"https:\\\/\\\/telemme.mmsh.fr\\\/wp-content\\\/uploads\\\/2020\\\/03\\\/LogoTELEMMe-horizontal-fond-transparent.png\",\"contentUrl\":\"https:\\\/\\\/telemme.mmsh.fr\\\/wp-content\\\/uploads\\\/2020\\\/03\\\/LogoTELEMMe-horizontal-fond-transparent.png\",\"width\":1500,\"height\":437,\"caption\":\"TELEMMe\"},\"image\":{\"@id\":\"https:\\\/\\\/telemme.mmsh.fr\\\/#\\\/schema\\\/logo\\\/image\\\/\"}},{\"@type\":\"Person\",\"@id\":\"https:\\\/\\\/telemme.mmsh.fr\\\/#\\\/schema\\\/person\\\/c433e5fd025c00718f715ba73f040691\",\"name\":\"Maja Mellet\",\"url\":\"https:\\\/\\\/telemme.mmsh.fr\\\/?author=175\"}]}<\/script>\n<!-- \/ Yoast SEO plugin. -->","yoast_head_json":{"title":"De la rencontre au mythe. Repr\u00e9sentations et mobilisations des savoirs sur Tamerlan en Europe Latine au XVe si\u00e8cle - TELEMMe - Temps, espaces, langages, Europe m\u00e9ridionale, M\u00e9diterran\u00e9e","robots":{"index":"index","follow":"follow","max-snippet":"max-snippet:-1","max-image-preview":"max-image-preview:large","max-video-preview":"max-video-preview:-1"},"canonical":"https:\/\/telemme.mmsh.fr\/?p=13611","og_locale":"fr_FR","og_type":"article","og_title":"De la rencontre au mythe. Repr\u00e9sentations et mobilisations des savoirs sur Tamerlan en Europe Latine au XVe si\u00e8cle - TELEMMe - Temps, espaces, langages, Europe m\u00e9ridionale, M\u00e9diterran\u00e9e","og_description":"Geoffrey Goddard soutiendra sa th\u00e8se de doctorat en histoire moderne, intitul\u00e9e \u00ab De la rencontre au mythe. Repr\u00e9sentations et mobilisations des savoirs sur Tamerlan en Europe Latine au XVe si\u00e8cle\u00a0\u00bb.&hellip;&nbsp;Lire la suite &raquo;De la rencontre au mythe. Repr\u00e9sentations et mobilisations des savoirs sur Tamerlan en Europe Latine au XVe si\u00e8cle","og_url":"https:\/\/telemme.mmsh.fr\/?p=13611","og_site_name":"TELEMMe - Temps, espaces, langages, Europe m\u00e9ridionale, M\u00e9diterran\u00e9e","article_published_time":"2023-11-22T08:09:00+00:00","article_modified_time":"2023-11-22T08:09:26+00:00","og_image":[{"width":135,"height":135,"url":"https:\/\/telemme.mmsh.fr\/wp-content\/uploads\/2023\/11\/avis-soutenance.jpg","type":"image\/jpeg"}],"author":"Maja Mellet","twitter_card":"summary_large_image","twitter_misc":{"\u00c9crit par":"Maja Mellet","Dur\u00e9e de lecture estim\u00e9e":"1 minute"},"schema":{"@context":"https:\/\/schema.org","@graph":[{"@type":"Article","@id":"https:\/\/telemme.mmsh.fr\/?p=13611#article","isPartOf":{"@id":"https:\/\/telemme.mmsh.fr\/?p=13611"},"author":{"name":"Maja Mellet","@id":"https:\/\/telemme.mmsh.fr\/#\/schema\/person\/c433e5fd025c00718f715ba73f040691"},"headline":"De la rencontre au mythe. Repr\u00e9sentations et mobilisations des savoirs sur Tamerlan en Europe Latine au XVe si\u00e8cle","datePublished":"2023-11-22T08:09:00+00:00","dateModified":"2023-11-22T08:09:26+00:00","mainEntityOfPage":{"@id":"https:\/\/telemme.mmsh.fr\/?p=13611"},"wordCount":156,"publisher":{"@id":"https:\/\/telemme.mmsh.fr\/#organization"},"image":{"@id":"https:\/\/telemme.mmsh.fr\/?p=13611#primaryimage"},"thumbnailUrl":"https:\/\/telemme.mmsh.fr\/wp-content\/uploads\/2023\/11\/avis-soutenance.jpg","articleSection":["Soutenances de th\u00e8se"],"inLanguage":"fr-FR"},{"@type":"WebPage","@id":"https:\/\/telemme.mmsh.fr\/?p=13611","url":"https:\/\/telemme.mmsh.fr\/?p=13611","name":"De la rencontre au mythe. Repr\u00e9sentations et mobilisations des savoirs sur Tamerlan en Europe Latine au XVe si\u00e8cle - TELEMMe - Temps, espaces, langages, Europe m\u00e9ridionale, M\u00e9diterran\u00e9e","isPartOf":{"@id":"https:\/\/telemme.mmsh.fr\/#website"},"primaryImageOfPage":{"@id":"https:\/\/telemme.mmsh.fr\/?p=13611#primaryimage"},"image":{"@id":"https:\/\/telemme.mmsh.fr\/?p=13611#primaryimage"},"thumbnailUrl":"https:\/\/telemme.mmsh.fr\/wp-content\/uploads\/2023\/11\/avis-soutenance.jpg","datePublished":"2023-11-22T08:09:00+00:00","dateModified":"2023-11-22T08:09:26+00:00","breadcrumb":{"@id":"https:\/\/telemme.mmsh.fr\/?p=13611#breadcrumb"},"inLanguage":"fr-FR","potentialAction":[{"@type":"ReadAction","target":["https:\/\/telemme.mmsh.fr\/?p=13611"]}]},{"@type":"ImageObject","inLanguage":"fr-FR","@id":"https:\/\/telemme.mmsh.fr\/?p=13611#primaryimage","url":"https:\/\/telemme.mmsh.fr\/wp-content\/uploads\/2023\/11\/avis-soutenance.jpg","contentUrl":"https:\/\/telemme.mmsh.fr\/wp-content\/uploads\/2023\/11\/avis-soutenance.jpg","width":135,"height":135,"caption":"Illustration avis de soutenance de th\u00e8se"},{"@type":"BreadcrumbList","@id":"https:\/\/telemme.mmsh.fr\/?p=13611#breadcrumb","itemListElement":[{"@type":"ListItem","position":1,"name":"Accueil","item":"https:\/\/telemme.mmsh.fr\/"},{"@type":"ListItem","position":2,"name":"Actualit\u00e9s","item":"https:\/\/telemme.mmsh.fr\/?cat=1995"},{"@type":"ListItem","position":3,"name":"Soutenances de th\u00e8se","item":"https:\/\/telemme.mmsh.fr\/?cat=1999"},{"@type":"ListItem","position":4,"name":"De la rencontre au mythe. Repr\u00e9sentations et mobilisations des savoirs sur Tamerlan en Europe Latine au XVe si\u00e8cle"}]},{"@type":"WebSite","@id":"https:\/\/telemme.mmsh.fr\/#website","url":"https:\/\/telemme.mmsh.fr\/","name":"TELEMMe - Temps, espaces, langages, Europe m\u00e9ridionale, M\u00e9diterran\u00e9e","description":"","publisher":{"@id":"https:\/\/telemme.mmsh.fr\/#organization"},"potentialAction":[{"@type":"SearchAction","target":{"@type":"EntryPoint","urlTemplate":"https:\/\/telemme.mmsh.fr\/?s={search_term_string}"},"query-input":{"@type":"PropertyValueSpecification","valueRequired":true,"valueName":"search_term_string"}}],"inLanguage":"fr-FR"},{"@type":"Organization","@id":"https:\/\/telemme.mmsh.fr\/#organization","name":"TELEMMe","url":"https:\/\/telemme.mmsh.fr\/","logo":{"@type":"ImageObject","inLanguage":"fr-FR","@id":"https:\/\/telemme.mmsh.fr\/#\/schema\/logo\/image\/","url":"https:\/\/telemme.mmsh.fr\/wp-content\/uploads\/2020\/03\/LogoTELEMMe-horizontal-fond-transparent.png","contentUrl":"https:\/\/telemme.mmsh.fr\/wp-content\/uploads\/2020\/03\/LogoTELEMMe-horizontal-fond-transparent.png","width":1500,"height":437,"caption":"TELEMMe"},"image":{"@id":"https:\/\/telemme.mmsh.fr\/#\/schema\/logo\/image\/"}},{"@type":"Person","@id":"https:\/\/telemme.mmsh.fr\/#\/schema\/person\/c433e5fd025c00718f715ba73f040691","name":"Maja Mellet","url":"https:\/\/telemme.mmsh.fr\/?author=175"}]}},"_links":{"self":[{"href":"https:\/\/telemme.mmsh.fr\/index.php?rest_route=\/wp\/v2\/posts\/13611","targetHints":{"allow":["GET"]}}],"collection":[{"href":"https:\/\/telemme.mmsh.fr\/index.php?rest_route=\/wp\/v2\/posts"}],"about":[{"href":"https:\/\/telemme.mmsh.fr\/index.php?rest_route=\/wp\/v2\/types\/post"}],"author":[{"embeddable":true,"href":"https:\/\/telemme.mmsh.fr\/index.php?rest_route=\/wp\/v2\/users\/175"}],"replies":[{"embeddable":true,"href":"https:\/\/telemme.mmsh.fr\/index.php?rest_route=%2Fwp%2Fv2%2Fcomments&post=13611"}],"version-history":[{"count":1,"href":"https:\/\/telemme.mmsh.fr\/index.php?rest_route=\/wp\/v2\/posts\/13611\/revisions"}],"predecessor-version":[{"id":13612,"href":"https:\/\/telemme.mmsh.fr\/index.php?rest_route=\/wp\/v2\/posts\/13611\/revisions\/13612"}],"wp:featuredmedia":[{"embeddable":true,"href":"https:\/\/telemme.mmsh.fr\/index.php?rest_route=\/wp\/v2\/media\/13518"}],"wp:attachment":[{"href":"https:\/\/telemme.mmsh.fr\/index.php?rest_route=%2Fwp%2Fv2%2Fmedia&parent=13611"}],"wp:term":[{"taxonomy":"category","embeddable":true,"href":"https:\/\/telemme.mmsh.fr\/index.php?rest_route=%2Fwp%2Fv2%2Fcategories&post=13611"},{"taxonomy":"post_tag","embeddable":true,"href":"https:\/\/telemme.mmsh.fr\/index.php?rest_route=%2Fwp%2Fv2%2Ftags&post=13611"}],"curies":[{"name":"wp","href":"https:\/\/api.w.org\/{rel}","templated":true}]}}