{"id":13529,"date":"2023-11-14T11:05:46","date_gmt":"2023-11-14T10:05:46","guid":{"rendered":"https:\/\/telemme.mmsh.fr\/?p=13529"},"modified":"2023-11-14T11:11:45","modified_gmt":"2023-11-14T10:11:45","slug":"la-plume-des-secondes-papiers-de-famille-et-ecriture-feminine-dans-la-noblesse-de-la-france-meridionale-xviie-debut-du-xixe-siecles","status":"publish","type":"post","link":"https:\/\/telemme.mmsh.fr\/?p=13529","title":{"rendered":"\u00a0La plume des secondes. Papiers de famille et \u00e9criture f\u00e9minine dans la noblesse de la France m\u00e9ridionale (XVIIe-d\u00e9but du XIXe si\u00e8cles)"},"content":{"rendered":"\n<p><span style=\"font-size: 12.0pt; font-family: 'Times New Roman',serif; color: black;\"><span class=\"contentpasted0\"><a href=\"https:\/\/telemme.mmsh.fr\/?membres=camille-caparos\">Camille Caparos<\/a> soutiendra sa <\/span>th\u00e8se de doctorat en histoire moderne, intitul\u00e9e \u00ab La plume des secondes. Papiers de famille et \u00e9criture f\u00e9minine dans la noblesse de la France m\u00e9ridionale (XVII<\/span><sup><span style=\"font-size: 12.0pt; font-family: 'Helvetica Neue'; color: black;\">e<\/span><\/sup><span style=\"font-size: 12.0pt; font-family: 'Times New Roman',serif; color: black;\">-d\u00e9but du XIX<\/span><sup><span style=\"font-size: 12.0pt; font-family: 'Helvetica Neue'; color: black;\">e<\/span><\/sup><span style=\"font-size: 12.0pt; font-family: 'Times New Roman',serif; color: black;\"> si\u00e8cles)&nbsp;\u00bb. Elle se d\u00e9roulera \u00e0 la MMSH d\u2019Aix-en-Provence, salle Duby, le samedi 2 d\u00e9cembre \u00e0 14h.&nbsp;<\/span><\/p>\n\n\n<div class=\"wp-block-image size-medium wp-image-13530\">\n<figure class=\"alignright\"><img loading=\"lazy\" decoding=\"async\" width=\"225\" height=\"300\" src=\"https:\/\/telemme.mmsh.fr\/wp-content\/uploads\/2023\/11\/femme-ecrivant-225x300.jpg\" alt=\"Johann Kaendler (1706-1775), La M\u00e9nag\u00e8re \u00e9crivant dans son livre de comptes, Mus\u00e9e Cognacq-Jay, Paris.\" class=\"wp-image-13530\" srcset=\"https:\/\/telemme.mmsh.fr\/wp-content\/uploads\/2023\/11\/femme-ecrivant-225x300.jpg 225w, https:\/\/telemme.mmsh.fr\/wp-content\/uploads\/2023\/11\/femme-ecrivant-768x1024.jpg 768w, https:\/\/telemme.mmsh.fr\/wp-content\/uploads\/2023\/11\/femme-ecrivant-1152x1536.jpg 1152w, https:\/\/telemme.mmsh.fr\/wp-content\/uploads\/2023\/11\/femme-ecrivant-1536x2048.jpg 1536w, https:\/\/telemme.mmsh.fr\/wp-content\/uploads\/2023\/11\/femme-ecrivant-1320x1760.jpg 1320w, https:\/\/telemme.mmsh.fr\/wp-content\/uploads\/2023\/11\/femme-ecrivant-scaled.jpg 1920w\" sizes=\"auto, (max-width: 225px) 100vw, 225px\" \/><figcaption class=\"wp-element-caption\">Johann Kaendler (1706-1775), La M\u00e9nag\u00e8re \u00e9crivant dans son livre de comptes, Mus\u00e9e Cognacq-Jay, Paris.<\/figcaption><\/figure>\n<\/div>\n\n\n<p><span style=\"font-size: 12.0pt; font-family: 'Times New Roman',serif; color: black;\">Le jury sera compos\u00e9 de :&nbsp;<\/span><\/p>\n\n\n\n<p><span style=\"font-size: 12.0pt; font-family: 'Times New Roman',serif; color: black;\">Fran\u00e7ois-Joseph Ruggiu, professeur des universit\u00e9s, Sorbonne Universit\u00e9, CNRS, Centre Roland Mousnier, rapporteur.&nbsp;<\/span><\/p>\n\n\n\n<p><span style=\"font-size: 12.0pt; font-family: 'Times New Roman',serif; color: black;\">Nicolas Schapira, professeur des universit\u00e9s, Universit\u00e9 Paris Nanterre, M\u00e9MO, rapporteur et pr\u00e9sident du jury.&nbsp;<\/span><\/p>\n\n\n\n<p><span style=\"font-size: 12.0pt; font-family: 'Times New Roman',serif; color: black;\">Beno\u00eet Grenier, professeur titulaire, Universit\u00e9 de Sherbrooke, CI\u00c9Q, examinateur.&nbsp;<\/span><\/p>\n\n\n\n<p><span style=\"font-size: 12.0pt; font-family: 'Times New Roman',serif; color: black;\">Val\u00e9rie Pi\u00e9tri, ma\u00eetresse de conf\u00e9rences, Universit\u00e9 C\u00f4te d\u2019Azur, CNRS, URMIS, examinatrice.&nbsp;<\/span><\/p>\n\n\n\n<p><span style=\"font-size: 12.0pt; font-family: 'Times New Roman',serif; color: black;\">Dani\u00e8le Tosato-Rigo, professeure honoraire, Universit\u00e9 de Lausanne, examinatrice.&nbsp;<\/span><\/p>\n\n\n\n<p><span style=\"font-size: 12.0pt; font-family: 'Times New Roman',serif; color: black;\">Emmanuelle Chapron, professeure des universit\u00e9s, Aix-Marseille Universit\u00e9, CNRS, TELEMMe, directrice de th\u00e8se.&nbsp;<\/span><\/p>\n\n\n\n<p><span style=\"font-size: 12.0pt; font-family: 'Times New Roman',serif; color: black;\">Isabelle Luciani, ma\u00eetresse de conf\u00e9rences, Aix-Marseille Universit\u00e9, CNRS, TELEMMe, co-directrice de th\u00e8se.&nbsp;<\/span><\/p>\n\n\n\n<p><span style=\"font-size: 12.0pt; font-family: 'Times New Roman',serif; color: black;\">&nbsp;<\/span><\/p>\n\n\n\n<p><span style=\"font-size: 12.0pt; font-family: 'Times New Roman',serif; color: black;\">La soutenance \u00e9tant organis\u00e9e un samedi, si vous souhaitez y assister, merci de m\u2019\u00e9crire par mail (<a href=\"mailto:camille.CAPAROS@univ-amu.fr\"><span style=\"color: #dca10d;\">camille.CAPAROS@univ-amu.fr<\/span><\/a>) afin que vos noms et pr\u00e9noms figurent sur la liste des personnes autoris\u00e9es \u00e0 acc\u00e9der au site de la MMSH.<\/span><\/p>\n","protected":false},"excerpt":{"rendered":"<p>Camille Caparos soutiendra sa th\u00e8se de doctorat en histoire moderne, intitul\u00e9e \u00ab La plume des secondes. Papiers de famille et \u00e9criture f\u00e9minine dans la noblesse de la France m\u00e9ridionale (XVIIe-d\u00e9but&hellip;&nbsp;<a href=\"https:\/\/telemme.mmsh.fr\/?p=13529\" rel=\"bookmark\">Lire la suite &raquo;<span class=\"screen-reader-text\">\u00a0La plume des secondes. Papiers de famille et \u00e9criture f\u00e9minine dans la noblesse de la France m\u00e9ridionale (XVIIe-d\u00e9but du XIXe si\u00e8cles)<\/span><\/a><\/p>\n","protected":false},"author":175,"featured_media":13518,"comment_status":"closed","ping_status":"closed","sticky":false,"template":"","format":"standard","meta":{"neve_meta_sidebar":"","neve_meta_container":"","neve_meta_enable_content_width":"off","neve_meta_content_width":70,"neve_meta_title_alignment":"","neve_meta_author_avatar":"","neve_post_elements_order":"","neve_meta_disable_header":"","neve_meta_disable_footer":"","neve_meta_disable_title":"","_tribe_events_control_status":"","_tribe_events_control_status_canceled_reason":"","_tribe_events_control_status_postponed_reason":"","_tribe_events_control_online":"","_tribe_events_control_online_url":"","footnotes":""},"categories":[1999],"tags":[],"class_list":["post-13529","post","type-post","status-publish","format-standard","has-post-thumbnail","hentry","category-soutenance-these"],"yoast_head":"<!-- This site is optimized with the Yoast SEO plugin v27.4 - https:\/\/yoast.com\/product\/yoast-seo-wordpress\/ -->\n<title>\u00a0La plume des secondes. Papiers de famille et \u00e9criture f\u00e9minine dans la noblesse de la France m\u00e9ridionale (XVIIe-d\u00e9but du XIXe si\u00e8cles) - TELEMMe - Temps, espaces, langages, Europe m\u00e9ridionale, M\u00e9diterran\u00e9e<\/title>\n<meta name=\"robots\" content=\"index, follow, max-snippet:-1, max-image-preview:large, max-video-preview:-1\" \/>\n<link rel=\"canonical\" href=\"https:\/\/telemme.mmsh.fr\/?p=13529\" \/>\n<meta property=\"og:locale\" content=\"fr_FR\" \/>\n<meta property=\"og:type\" content=\"article\" \/>\n<meta property=\"og:title\" content=\"\u00a0La plume des secondes. Papiers de famille et \u00e9criture f\u00e9minine dans la noblesse de la France m\u00e9ridionale (XVIIe-d\u00e9but du XIXe si\u00e8cles) - TELEMMe - Temps, espaces, langages, Europe m\u00e9ridionale, M\u00e9diterran\u00e9e\" \/>\n<meta property=\"og:description\" content=\"Camille Caparos soutiendra sa th\u00e8se de doctorat en histoire moderne, intitul\u00e9e \u00ab La plume des secondes. Papiers de famille et \u00e9criture f\u00e9minine dans la noblesse de la France m\u00e9ridionale (XVIIe-d\u00e9but&hellip;&nbsp;Lire la suite &raquo;\u00a0La plume des secondes. Papiers de famille et \u00e9criture f\u00e9minine dans la noblesse de la France m\u00e9ridionale (XVIIe-d\u00e9but du XIXe si\u00e8cles)\" \/>\n<meta property=\"og:url\" content=\"https:\/\/telemme.mmsh.fr\/?p=13529\" \/>\n<meta property=\"og:site_name\" content=\"TELEMMe - Temps, espaces, langages, Europe m\u00e9ridionale, M\u00e9diterran\u00e9e\" \/>\n<meta property=\"article:published_time\" content=\"2023-11-14T10:05:46+00:00\" \/>\n<meta property=\"article:modified_time\" content=\"2023-11-14T10:11:45+00:00\" \/>\n<meta property=\"og:image\" content=\"https:\/\/telemme.mmsh.fr\/wp-content\/uploads\/2023\/11\/avis-soutenance.jpg\" \/>\n\t<meta property=\"og:image:width\" content=\"135\" \/>\n\t<meta property=\"og:image:height\" content=\"135\" \/>\n\t<meta property=\"og:image:type\" content=\"image\/jpeg\" \/>\n<meta name=\"author\" content=\"Maja Mellet\" \/>\n<meta name=\"twitter:card\" content=\"summary_large_image\" \/>\n<meta name=\"twitter:label1\" content=\"\u00c9crit par\" \/>\n\t<meta name=\"twitter:data1\" content=\"Maja Mellet\" \/>\n\t<meta name=\"twitter:label2\" content=\"Dur\u00e9e de lecture estim\u00e9e\" \/>\n\t<meta name=\"twitter:data2\" content=\"1 minute\" \/>\n<script type=\"application\/ld+json\" class=\"yoast-schema-graph\">{\"@context\":\"https:\\\/\\\/schema.org\",\"@graph\":[{\"@type\":\"Article\",\"@id\":\"https:\\\/\\\/telemme.mmsh.fr\\\/?p=13529#article\",\"isPartOf\":{\"@id\":\"https:\\\/\\\/telemme.mmsh.fr\\\/?p=13529\"},\"author\":{\"name\":\"Maja Mellet\",\"@id\":\"https:\\\/\\\/telemme.mmsh.fr\\\/#\\\/schema\\\/person\\\/c433e5fd025c00718f715ba73f040691\"},\"headline\":\"\u00a0La plume des secondes. Papiers de famille et \u00e9criture f\u00e9minine dans la noblesse de la France m\u00e9ridionale (XVIIe-d\u00e9but du XIXe si\u00e8cles)\",\"datePublished\":\"2023-11-14T10:05:46+00:00\",\"dateModified\":\"2023-11-14T10:11:45+00:00\",\"mainEntityOfPage\":{\"@id\":\"https:\\\/\\\/telemme.mmsh.fr\\\/?p=13529\"},\"wordCount\":255,\"publisher\":{\"@id\":\"https:\\\/\\\/telemme.mmsh.fr\\\/#organization\"},\"image\":{\"@id\":\"https:\\\/\\\/telemme.mmsh.fr\\\/?p=13529#primaryimage\"},\"thumbnailUrl\":\"https:\\\/\\\/telemme.mmsh.fr\\\/wp-content\\\/uploads\\\/2023\\\/11\\\/avis-soutenance.jpg\",\"articleSection\":[\"Soutenances de th\u00e8se\"],\"inLanguage\":\"fr-FR\"},{\"@type\":\"WebPage\",\"@id\":\"https:\\\/\\\/telemme.mmsh.fr\\\/?p=13529\",\"url\":\"https:\\\/\\\/telemme.mmsh.fr\\\/?p=13529\",\"name\":\"\u00a0La plume des secondes. Papiers de famille et \u00e9criture f\u00e9minine dans la noblesse de la France m\u00e9ridionale (XVIIe-d\u00e9but du XIXe si\u00e8cles) - TELEMMe - Temps, espaces, langages, Europe m\u00e9ridionale, M\u00e9diterran\u00e9e\",\"isPartOf\":{\"@id\":\"https:\\\/\\\/telemme.mmsh.fr\\\/#website\"},\"primaryImageOfPage\":{\"@id\":\"https:\\\/\\\/telemme.mmsh.fr\\\/?p=13529#primaryimage\"},\"image\":{\"@id\":\"https:\\\/\\\/telemme.mmsh.fr\\\/?p=13529#primaryimage\"},\"thumbnailUrl\":\"https:\\\/\\\/telemme.mmsh.fr\\\/wp-content\\\/uploads\\\/2023\\\/11\\\/avis-soutenance.jpg\",\"datePublished\":\"2023-11-14T10:05:46+00:00\",\"dateModified\":\"2023-11-14T10:11:45+00:00\",\"breadcrumb\":{\"@id\":\"https:\\\/\\\/telemme.mmsh.fr\\\/?p=13529#breadcrumb\"},\"inLanguage\":\"fr-FR\",\"potentialAction\":[{\"@type\":\"ReadAction\",\"target\":[\"https:\\\/\\\/telemme.mmsh.fr\\\/?p=13529\"]}]},{\"@type\":\"ImageObject\",\"inLanguage\":\"fr-FR\",\"@id\":\"https:\\\/\\\/telemme.mmsh.fr\\\/?p=13529#primaryimage\",\"url\":\"https:\\\/\\\/telemme.mmsh.fr\\\/wp-content\\\/uploads\\\/2023\\\/11\\\/avis-soutenance.jpg\",\"contentUrl\":\"https:\\\/\\\/telemme.mmsh.fr\\\/wp-content\\\/uploads\\\/2023\\\/11\\\/avis-soutenance.jpg\",\"width\":135,\"height\":135,\"caption\":\"Illustration avis de soutenance de th\u00e8se\"},{\"@type\":\"BreadcrumbList\",\"@id\":\"https:\\\/\\\/telemme.mmsh.fr\\\/?p=13529#breadcrumb\",\"itemListElement\":[{\"@type\":\"ListItem\",\"position\":1,\"name\":\"Accueil\",\"item\":\"https:\\\/\\\/telemme.mmsh.fr\\\/\"},{\"@type\":\"ListItem\",\"position\":2,\"name\":\"Actualit\u00e9s\",\"item\":\"https:\\\/\\\/telemme.mmsh.fr\\\/?cat=1995\"},{\"@type\":\"ListItem\",\"position\":3,\"name\":\"Soutenances de th\u00e8se\",\"item\":\"https:\\\/\\\/telemme.mmsh.fr\\\/?cat=1999\"},{\"@type\":\"ListItem\",\"position\":4,\"name\":\"\u00a0La plume des secondes. Papiers de famille et \u00e9criture f\u00e9minine dans la noblesse de la France m\u00e9ridionale (XVIIe-d\u00e9but du XIXe si\u00e8cles)\"}]},{\"@type\":\"WebSite\",\"@id\":\"https:\\\/\\\/telemme.mmsh.fr\\\/#website\",\"url\":\"https:\\\/\\\/telemme.mmsh.fr\\\/\",\"name\":\"TELEMMe - Temps, espaces, langages, Europe m\u00e9ridionale, M\u00e9diterran\u00e9e\",\"description\":\"\",\"publisher\":{\"@id\":\"https:\\\/\\\/telemme.mmsh.fr\\\/#organization\"},\"potentialAction\":[{\"@type\":\"SearchAction\",\"target\":{\"@type\":\"EntryPoint\",\"urlTemplate\":\"https:\\\/\\\/telemme.mmsh.fr\\\/?s={search_term_string}\"},\"query-input\":{\"@type\":\"PropertyValueSpecification\",\"valueRequired\":true,\"valueName\":\"search_term_string\"}}],\"inLanguage\":\"fr-FR\"},{\"@type\":\"Organization\",\"@id\":\"https:\\\/\\\/telemme.mmsh.fr\\\/#organization\",\"name\":\"TELEMMe\",\"url\":\"https:\\\/\\\/telemme.mmsh.fr\\\/\",\"logo\":{\"@type\":\"ImageObject\",\"inLanguage\":\"fr-FR\",\"@id\":\"https:\\\/\\\/telemme.mmsh.fr\\\/#\\\/schema\\\/logo\\\/image\\\/\",\"url\":\"https:\\\/\\\/telemme.mmsh.fr\\\/wp-content\\\/uploads\\\/2020\\\/03\\\/LogoTELEMMe-horizontal-fond-transparent.png\",\"contentUrl\":\"https:\\\/\\\/telemme.mmsh.fr\\\/wp-content\\\/uploads\\\/2020\\\/03\\\/LogoTELEMMe-horizontal-fond-transparent.png\",\"width\":1500,\"height\":437,\"caption\":\"TELEMMe\"},\"image\":{\"@id\":\"https:\\\/\\\/telemme.mmsh.fr\\\/#\\\/schema\\\/logo\\\/image\\\/\"}},{\"@type\":\"Person\",\"@id\":\"https:\\\/\\\/telemme.mmsh.fr\\\/#\\\/schema\\\/person\\\/c433e5fd025c00718f715ba73f040691\",\"name\":\"Maja Mellet\",\"url\":\"https:\\\/\\\/telemme.mmsh.fr\\\/?author=175\"}]}<\/script>\n<!-- \/ Yoast SEO plugin. -->","yoast_head_json":{"title":"\u00a0La plume des secondes. Papiers de famille et \u00e9criture f\u00e9minine dans la noblesse de la France m\u00e9ridionale (XVIIe-d\u00e9but du XIXe si\u00e8cles) - TELEMMe - Temps, espaces, langages, Europe m\u00e9ridionale, M\u00e9diterran\u00e9e","robots":{"index":"index","follow":"follow","max-snippet":"max-snippet:-1","max-image-preview":"max-image-preview:large","max-video-preview":"max-video-preview:-1"},"canonical":"https:\/\/telemme.mmsh.fr\/?p=13529","og_locale":"fr_FR","og_type":"article","og_title":"\u00a0La plume des secondes. Papiers de famille et \u00e9criture f\u00e9minine dans la noblesse de la France m\u00e9ridionale (XVIIe-d\u00e9but du XIXe si\u00e8cles) - TELEMMe - Temps, espaces, langages, Europe m\u00e9ridionale, M\u00e9diterran\u00e9e","og_description":"Camille Caparos soutiendra sa th\u00e8se de doctorat en histoire moderne, intitul\u00e9e \u00ab La plume des secondes. Papiers de famille et \u00e9criture f\u00e9minine dans la noblesse de la France m\u00e9ridionale (XVIIe-d\u00e9but&hellip;&nbsp;Lire la suite &raquo;\u00a0La plume des secondes. Papiers de famille et \u00e9criture f\u00e9minine dans la noblesse de la France m\u00e9ridionale (XVIIe-d\u00e9but du XIXe si\u00e8cles)","og_url":"https:\/\/telemme.mmsh.fr\/?p=13529","og_site_name":"TELEMMe - Temps, espaces, langages, Europe m\u00e9ridionale, M\u00e9diterran\u00e9e","article_published_time":"2023-11-14T10:05:46+00:00","article_modified_time":"2023-11-14T10:11:45+00:00","og_image":[{"width":135,"height":135,"url":"https:\/\/telemme.mmsh.fr\/wp-content\/uploads\/2023\/11\/avis-soutenance.jpg","type":"image\/jpeg"}],"author":"Maja Mellet","twitter_card":"summary_large_image","twitter_misc":{"\u00c9crit par":"Maja Mellet","Dur\u00e9e de lecture estim\u00e9e":"1 minute"},"schema":{"@context":"https:\/\/schema.org","@graph":[{"@type":"Article","@id":"https:\/\/telemme.mmsh.fr\/?p=13529#article","isPartOf":{"@id":"https:\/\/telemme.mmsh.fr\/?p=13529"},"author":{"name":"Maja Mellet","@id":"https:\/\/telemme.mmsh.fr\/#\/schema\/person\/c433e5fd025c00718f715ba73f040691"},"headline":"\u00a0La plume des secondes. Papiers de famille et \u00e9criture f\u00e9minine dans la noblesse de la France m\u00e9ridionale (XVIIe-d\u00e9but du XIXe si\u00e8cles)","datePublished":"2023-11-14T10:05:46+00:00","dateModified":"2023-11-14T10:11:45+00:00","mainEntityOfPage":{"@id":"https:\/\/telemme.mmsh.fr\/?p=13529"},"wordCount":255,"publisher":{"@id":"https:\/\/telemme.mmsh.fr\/#organization"},"image":{"@id":"https:\/\/telemme.mmsh.fr\/?p=13529#primaryimage"},"thumbnailUrl":"https:\/\/telemme.mmsh.fr\/wp-content\/uploads\/2023\/11\/avis-soutenance.jpg","articleSection":["Soutenances de th\u00e8se"],"inLanguage":"fr-FR"},{"@type":"WebPage","@id":"https:\/\/telemme.mmsh.fr\/?p=13529","url":"https:\/\/telemme.mmsh.fr\/?p=13529","name":"\u00a0La plume des secondes. Papiers de famille et \u00e9criture f\u00e9minine dans la noblesse de la France m\u00e9ridionale (XVIIe-d\u00e9but du XIXe si\u00e8cles) - TELEMMe - Temps, espaces, langages, Europe m\u00e9ridionale, M\u00e9diterran\u00e9e","isPartOf":{"@id":"https:\/\/telemme.mmsh.fr\/#website"},"primaryImageOfPage":{"@id":"https:\/\/telemme.mmsh.fr\/?p=13529#primaryimage"},"image":{"@id":"https:\/\/telemme.mmsh.fr\/?p=13529#primaryimage"},"thumbnailUrl":"https:\/\/telemme.mmsh.fr\/wp-content\/uploads\/2023\/11\/avis-soutenance.jpg","datePublished":"2023-11-14T10:05:46+00:00","dateModified":"2023-11-14T10:11:45+00:00","breadcrumb":{"@id":"https:\/\/telemme.mmsh.fr\/?p=13529#breadcrumb"},"inLanguage":"fr-FR","potentialAction":[{"@type":"ReadAction","target":["https:\/\/telemme.mmsh.fr\/?p=13529"]}]},{"@type":"ImageObject","inLanguage":"fr-FR","@id":"https:\/\/telemme.mmsh.fr\/?p=13529#primaryimage","url":"https:\/\/telemme.mmsh.fr\/wp-content\/uploads\/2023\/11\/avis-soutenance.jpg","contentUrl":"https:\/\/telemme.mmsh.fr\/wp-content\/uploads\/2023\/11\/avis-soutenance.jpg","width":135,"height":135,"caption":"Illustration avis de soutenance de th\u00e8se"},{"@type":"BreadcrumbList","@id":"https:\/\/telemme.mmsh.fr\/?p=13529#breadcrumb","itemListElement":[{"@type":"ListItem","position":1,"name":"Accueil","item":"https:\/\/telemme.mmsh.fr\/"},{"@type":"ListItem","position":2,"name":"Actualit\u00e9s","item":"https:\/\/telemme.mmsh.fr\/?cat=1995"},{"@type":"ListItem","position":3,"name":"Soutenances de th\u00e8se","item":"https:\/\/telemme.mmsh.fr\/?cat=1999"},{"@type":"ListItem","position":4,"name":"\u00a0La plume des secondes. Papiers de famille et \u00e9criture f\u00e9minine dans la noblesse de la France m\u00e9ridionale (XVIIe-d\u00e9but du XIXe si\u00e8cles)"}]},{"@type":"WebSite","@id":"https:\/\/telemme.mmsh.fr\/#website","url":"https:\/\/telemme.mmsh.fr\/","name":"TELEMMe - Temps, espaces, langages, Europe m\u00e9ridionale, M\u00e9diterran\u00e9e","description":"","publisher":{"@id":"https:\/\/telemme.mmsh.fr\/#organization"},"potentialAction":[{"@type":"SearchAction","target":{"@type":"EntryPoint","urlTemplate":"https:\/\/telemme.mmsh.fr\/?s={search_term_string}"},"query-input":{"@type":"PropertyValueSpecification","valueRequired":true,"valueName":"search_term_string"}}],"inLanguage":"fr-FR"},{"@type":"Organization","@id":"https:\/\/telemme.mmsh.fr\/#organization","name":"TELEMMe","url":"https:\/\/telemme.mmsh.fr\/","logo":{"@type":"ImageObject","inLanguage":"fr-FR","@id":"https:\/\/telemme.mmsh.fr\/#\/schema\/logo\/image\/","url":"https:\/\/telemme.mmsh.fr\/wp-content\/uploads\/2020\/03\/LogoTELEMMe-horizontal-fond-transparent.png","contentUrl":"https:\/\/telemme.mmsh.fr\/wp-content\/uploads\/2020\/03\/LogoTELEMMe-horizontal-fond-transparent.png","width":1500,"height":437,"caption":"TELEMMe"},"image":{"@id":"https:\/\/telemme.mmsh.fr\/#\/schema\/logo\/image\/"}},{"@type":"Person","@id":"https:\/\/telemme.mmsh.fr\/#\/schema\/person\/c433e5fd025c00718f715ba73f040691","name":"Maja Mellet","url":"https:\/\/telemme.mmsh.fr\/?author=175"}]}},"_links":{"self":[{"href":"https:\/\/telemme.mmsh.fr\/index.php?rest_route=\/wp\/v2\/posts\/13529","targetHints":{"allow":["GET"]}}],"collection":[{"href":"https:\/\/telemme.mmsh.fr\/index.php?rest_route=\/wp\/v2\/posts"}],"about":[{"href":"https:\/\/telemme.mmsh.fr\/index.php?rest_route=\/wp\/v2\/types\/post"}],"author":[{"embeddable":true,"href":"https:\/\/telemme.mmsh.fr\/index.php?rest_route=\/wp\/v2\/users\/175"}],"replies":[{"embeddable":true,"href":"https:\/\/telemme.mmsh.fr\/index.php?rest_route=%2Fwp%2Fv2%2Fcomments&post=13529"}],"version-history":[{"count":4,"href":"https:\/\/telemme.mmsh.fr\/index.php?rest_route=\/wp\/v2\/posts\/13529\/revisions"}],"predecessor-version":[{"id":13535,"href":"https:\/\/telemme.mmsh.fr\/index.php?rest_route=\/wp\/v2\/posts\/13529\/revisions\/13535"}],"wp:featuredmedia":[{"embeddable":true,"href":"https:\/\/telemme.mmsh.fr\/index.php?rest_route=\/wp\/v2\/media\/13518"}],"wp:attachment":[{"href":"https:\/\/telemme.mmsh.fr\/index.php?rest_route=%2Fwp%2Fv2%2Fmedia&parent=13529"}],"wp:term":[{"taxonomy":"category","embeddable":true,"href":"https:\/\/telemme.mmsh.fr\/index.php?rest_route=%2Fwp%2Fv2%2Fcategories&post=13529"},{"taxonomy":"post_tag","embeddable":true,"href":"https:\/\/telemme.mmsh.fr\/index.php?rest_route=%2Fwp%2Fv2%2Ftags&post=13529"}],"curies":[{"name":"wp","href":"https:\/\/api.w.org\/{rel}","templated":true}]}}