{"id":13527,"date":"2023-11-14T10:54:54","date_gmt":"2023-11-14T09:54:54","guid":{"rendered":"https:\/\/telemme.mmsh.fr\/?p=13527"},"modified":"2023-11-14T11:24:30","modified_gmt":"2023-11-14T10:24:30","slug":"a-qui-appartiennent-les-morts-la-gestion-sociopolitique-des-corps-a-bath-au-xixeme-siecle-1800-1911","status":"publish","type":"post","link":"https:\/\/telemme.mmsh.fr\/?p=13527","title":{"rendered":"A qui appartiennent les morts ? La gestion sociopolitique des corps \u00e0 Bath au XIX\u00e8me si\u00e8cle (1800-1911)"},"content":{"rendered":"<p style=\"background: white;\"><span class=\"contentpasted0\"><span style=\"font-size: 12.0pt; font-family: 'Times New Roman',serif; color: black;\"><a href=\"https:\/\/telemme.mmsh.fr\/?membres=tristan-portier\">Tristan Portier<\/a> soutiendra sa th\u00e8se de doctorat\u00a0 en histoire contemporaine, intitul\u00e9e \u00ab A qui appartiennent les morts ? La gestion sociopolitique des corps \u00e0 Bath au XIX\u00e8me si\u00e8cle (1800-1911) \u00bb. <\/span><\/span><\/p>\n<p style=\"background: white;\"><span class=\"contentpasted0\"><span style=\"font-size: 12.0pt; font-family: 'Times New Roman',serif; color: black;\">Elle se d\u00e9roulera \u00e0 la MMSH d\u2019Aix-en-Provence, salle Duby, le mardi 5 d\u00e9cembre 2023 \u00e0 9h.<\/span><\/span><\/p>\n<p style=\"background: white;\"><span class=\"contentpasted0\"><span style=\"font-size: 12.0pt; font-family: 'Times New Roman',serif; color: black;\">Le jury sera compos\u00e9 de :\u00a0<\/span><\/span><\/p>\n<p style=\"background: white;\"><span class=\"contentpasted0\"><span style=\"font-size: 12.0pt; font-family: 'Times New Roman',serif; color: black;\">Fran\u00e7ois-Joseph Ruggiu, professeur des universit\u00e9s en histoire moderne \u00e0 l&rsquo;universit\u00e9 Paris-Sorbonne, rapporteur.<\/span><\/span><\/p>\n<p style=\"background: white;\"><span class=\"contentpasted0\"><span style=\"font-size: 12.0pt; font-family: 'Times New Roman',serif; color: black;\">St\u00e9phanie Sauget, professeure des universit\u00e9s en histoire contemporaine \u00e0 l&rsquo;universit\u00e9 de Tours, rapporteuse.<\/span><\/span><\/p>\n<p style=\"background: white;\"><span class=\"contentpasted0\"><span style=\"font-size: 12.0pt; font-family: 'Times New Roman',serif; color: black;\">Philippe Chassaigne, professeur des universit\u00e9s en histoire contemporaine \u00e0 l&rsquo;universit\u00e9 Bordeaux-Montaigne, pr\u00e9sident du jury.<\/span><\/span><\/p>\n<p style=\"background: white;\"><span class=\"contentpasted0\"><span style=\"font-size: 12.0pt; font-family: 'Times New Roman',serif; color: black;\">Bruno Bertherat, ma\u00eetre de conf\u00e9rences en histoire contemporaine \u00e0 l&rsquo;universit\u00e9 d&rsquo;Avignon.<\/span><\/span><\/p>\n<p style=\"background: white;\"><span class=\"contentpasted0\"><span style=\"font-size: 12.0pt; font-family: 'Times New Roman',serif; color: black;\">R\u00e9gis Bertrand, professeur \u00e9m\u00e9rite en histoire moderne \u00e0 l&rsquo;universit\u00e9 d&rsquo;Aix-Marseille.<\/span><\/span><\/p>\n<p style=\"background: white;\"><span class=\"contentpasted0\"><span style=\"font-size: 12.0pt; font-family: 'Times New Roman',serif; color: black;\">Julie Rugg, <i>senior research fellow<\/i> \u00e0 l&rsquo;universit\u00e9 de York.<\/span><\/span><\/p>\n<p style=\"background: white;\"><span class=\"contentpasted0\"><span style=\"font-size: 12.0pt; font-family: 'Times New Roman',serif; color: black;\">Anne Carol, professeure des universit\u00e9s en histoire contemporaine \u00e0 l&rsquo;universit\u00e9 d&rsquo;Aix-Marseille, et directrice de th\u00e8se.<\/span><\/span><\/p>\n<p style=\"background: white;\"><span style=\"font-family: 'Times New Roman',serif; color: black;\">La soutenance sera suivie d&rsquo;un pot bienvenu. A des fins logistiques, je vous demande de bien vouloir \u00e9crire \u00e0 <a href=\"mailto:atristanportier@gmail.com\">atristanportier@gmail.com<\/a> si vous souhaitez y assister.<\/span><\/p>\n","protected":false},"excerpt":{"rendered":"<p>Tristan Portier soutiendra sa th\u00e8se de doctorat\u00a0 en histoire contemporaine, intitul\u00e9e \u00ab A qui appartiennent les morts ? La gestion sociopolitique des corps \u00e0 Bath au XIX\u00e8me si\u00e8cle (1800-1911) \u00bb.&hellip;&nbsp;<a href=\"https:\/\/telemme.mmsh.fr\/?p=13527\" rel=\"bookmark\">Lire la suite &raquo;<span class=\"screen-reader-text\">A qui appartiennent les morts ? La gestion sociopolitique des corps \u00e0 Bath au XIX\u00e8me si\u00e8cle (1800-1911)<\/span><\/a><\/p>\n","protected":false},"author":175,"featured_media":13518,"comment_status":"closed","ping_status":"closed","sticky":false,"template":"","format":"standard","meta":{"neve_meta_sidebar":"","neve_meta_container":"","neve_meta_enable_content_width":"off","neve_meta_content_width":70,"neve_meta_title_alignment":"","neve_meta_author_avatar":"","neve_post_elements_order":"","neve_meta_disable_header":"","neve_meta_disable_footer":"","neve_meta_disable_title":"","_tribe_events_control_status":"","_tribe_events_control_status_canceled_reason":"","_tribe_events_control_status_postponed_reason":"","_tribe_events_control_online":"","_tribe_events_control_online_url":"","footnotes":""},"categories":[1999],"tags":[],"class_list":["post-13527","post","type-post","status-publish","format-standard","has-post-thumbnail","hentry","category-soutenance-these"],"yoast_head":"<!-- This site is optimized with the Yoast SEO plugin v27.4 - https:\/\/yoast.com\/product\/yoast-seo-wordpress\/ -->\n<title>A qui appartiennent les morts ? La gestion sociopolitique des corps \u00e0 Bath au XIX\u00e8me si\u00e8cle (1800-1911) - TELEMMe - Temps, espaces, langages, Europe m\u00e9ridionale, M\u00e9diterran\u00e9e<\/title>\n<meta name=\"robots\" content=\"index, follow, max-snippet:-1, max-image-preview:large, max-video-preview:-1\" \/>\n<link rel=\"canonical\" href=\"https:\/\/telemme.mmsh.fr\/?p=13527\" \/>\n<meta property=\"og:locale\" content=\"fr_FR\" \/>\n<meta property=\"og:type\" content=\"article\" \/>\n<meta property=\"og:title\" content=\"A qui appartiennent les morts ? La gestion sociopolitique des corps \u00e0 Bath au XIX\u00e8me si\u00e8cle (1800-1911) - TELEMMe - Temps, espaces, langages, Europe m\u00e9ridionale, M\u00e9diterran\u00e9e\" \/>\n<meta property=\"og:description\" content=\"Tristan Portier soutiendra sa th\u00e8se de doctorat\u00a0 en histoire contemporaine, intitul\u00e9e \u00ab A qui appartiennent les morts ? La gestion sociopolitique des corps \u00e0 Bath au XIX\u00e8me si\u00e8cle (1800-1911) \u00bb.&hellip;&nbsp;Lire la suite &raquo;A qui appartiennent les morts ? La gestion sociopolitique des corps \u00e0 Bath au XIX\u00e8me si\u00e8cle (1800-1911)\" \/>\n<meta property=\"og:url\" content=\"https:\/\/telemme.mmsh.fr\/?p=13527\" \/>\n<meta property=\"og:site_name\" content=\"TELEMMe - Temps, espaces, langages, Europe m\u00e9ridionale, M\u00e9diterran\u00e9e\" \/>\n<meta property=\"article:published_time\" content=\"2023-11-14T09:54:54+00:00\" \/>\n<meta property=\"article:modified_time\" content=\"2023-11-14T10:24:30+00:00\" \/>\n<meta property=\"og:image\" content=\"https:\/\/telemme.mmsh.fr\/wp-content\/uploads\/2023\/11\/avis-soutenance.jpg\" \/>\n\t<meta property=\"og:image:width\" content=\"135\" \/>\n\t<meta property=\"og:image:height\" content=\"135\" \/>\n\t<meta property=\"og:image:type\" content=\"image\/jpeg\" \/>\n<meta name=\"author\" content=\"Maja Mellet\" \/>\n<meta name=\"twitter:card\" content=\"summary_large_image\" \/>\n<meta name=\"twitter:label1\" content=\"\u00c9crit par\" \/>\n\t<meta name=\"twitter:data1\" content=\"Maja Mellet\" \/>\n\t<meta name=\"twitter:label2\" content=\"Dur\u00e9e de lecture estim\u00e9e\" \/>\n\t<meta name=\"twitter:data2\" content=\"1 minute\" \/>\n<script type=\"application\/ld+json\" class=\"yoast-schema-graph\">{\"@context\":\"https:\\\/\\\/schema.org\",\"@graph\":[{\"@type\":\"Article\",\"@id\":\"https:\\\/\\\/telemme.mmsh.fr\\\/?p=13527#article\",\"isPartOf\":{\"@id\":\"https:\\\/\\\/telemme.mmsh.fr\\\/?p=13527\"},\"author\":{\"name\":\"Maja Mellet\",\"@id\":\"https:\\\/\\\/telemme.mmsh.fr\\\/#\\\/schema\\\/person\\\/c433e5fd025c00718f715ba73f040691\"},\"headline\":\"A qui appartiennent les morts ? La gestion sociopolitique des corps \u00e0 Bath au XIX\u00e8me si\u00e8cle (1800-1911)\",\"datePublished\":\"2023-11-14T09:54:54+00:00\",\"dateModified\":\"2023-11-14T10:24:30+00:00\",\"mainEntityOfPage\":{\"@id\":\"https:\\\/\\\/telemme.mmsh.fr\\\/?p=13527\"},\"wordCount\":193,\"publisher\":{\"@id\":\"https:\\\/\\\/telemme.mmsh.fr\\\/#organization\"},\"image\":{\"@id\":\"https:\\\/\\\/telemme.mmsh.fr\\\/?p=13527#primaryimage\"},\"thumbnailUrl\":\"https:\\\/\\\/telemme.mmsh.fr\\\/wp-content\\\/uploads\\\/2023\\\/11\\\/avis-soutenance.jpg\",\"articleSection\":[\"Soutenances de th\u00e8se\"],\"inLanguage\":\"fr-FR\"},{\"@type\":\"WebPage\",\"@id\":\"https:\\\/\\\/telemme.mmsh.fr\\\/?p=13527\",\"url\":\"https:\\\/\\\/telemme.mmsh.fr\\\/?p=13527\",\"name\":\"A qui appartiennent les morts ? La gestion sociopolitique des corps \u00e0 Bath au XIX\u00e8me si\u00e8cle (1800-1911) - TELEMMe - Temps, espaces, langages, Europe m\u00e9ridionale, M\u00e9diterran\u00e9e\",\"isPartOf\":{\"@id\":\"https:\\\/\\\/telemme.mmsh.fr\\\/#website\"},\"primaryImageOfPage\":{\"@id\":\"https:\\\/\\\/telemme.mmsh.fr\\\/?p=13527#primaryimage\"},\"image\":{\"@id\":\"https:\\\/\\\/telemme.mmsh.fr\\\/?p=13527#primaryimage\"},\"thumbnailUrl\":\"https:\\\/\\\/telemme.mmsh.fr\\\/wp-content\\\/uploads\\\/2023\\\/11\\\/avis-soutenance.jpg\",\"datePublished\":\"2023-11-14T09:54:54+00:00\",\"dateModified\":\"2023-11-14T10:24:30+00:00\",\"breadcrumb\":{\"@id\":\"https:\\\/\\\/telemme.mmsh.fr\\\/?p=13527#breadcrumb\"},\"inLanguage\":\"fr-FR\",\"potentialAction\":[{\"@type\":\"ReadAction\",\"target\":[\"https:\\\/\\\/telemme.mmsh.fr\\\/?p=13527\"]}]},{\"@type\":\"ImageObject\",\"inLanguage\":\"fr-FR\",\"@id\":\"https:\\\/\\\/telemme.mmsh.fr\\\/?p=13527#primaryimage\",\"url\":\"https:\\\/\\\/telemme.mmsh.fr\\\/wp-content\\\/uploads\\\/2023\\\/11\\\/avis-soutenance.jpg\",\"contentUrl\":\"https:\\\/\\\/telemme.mmsh.fr\\\/wp-content\\\/uploads\\\/2023\\\/11\\\/avis-soutenance.jpg\",\"width\":135,\"height\":135,\"caption\":\"Illustration avis de soutenance de th\u00e8se\"},{\"@type\":\"BreadcrumbList\",\"@id\":\"https:\\\/\\\/telemme.mmsh.fr\\\/?p=13527#breadcrumb\",\"itemListElement\":[{\"@type\":\"ListItem\",\"position\":1,\"name\":\"Accueil\",\"item\":\"https:\\\/\\\/telemme.mmsh.fr\\\/\"},{\"@type\":\"ListItem\",\"position\":2,\"name\":\"Actualit\u00e9s\",\"item\":\"https:\\\/\\\/telemme.mmsh.fr\\\/?cat=1995\"},{\"@type\":\"ListItem\",\"position\":3,\"name\":\"Soutenances de th\u00e8se\",\"item\":\"https:\\\/\\\/telemme.mmsh.fr\\\/?cat=1999\"},{\"@type\":\"ListItem\",\"position\":4,\"name\":\"A qui appartiennent les morts ? La gestion sociopolitique des corps \u00e0 Bath au XIX\u00e8me si\u00e8cle (1800-1911)\"}]},{\"@type\":\"WebSite\",\"@id\":\"https:\\\/\\\/telemme.mmsh.fr\\\/#website\",\"url\":\"https:\\\/\\\/telemme.mmsh.fr\\\/\",\"name\":\"TELEMMe - Temps, espaces, langages, Europe m\u00e9ridionale, M\u00e9diterran\u00e9e\",\"description\":\"\",\"publisher\":{\"@id\":\"https:\\\/\\\/telemme.mmsh.fr\\\/#organization\"},\"potentialAction\":[{\"@type\":\"SearchAction\",\"target\":{\"@type\":\"EntryPoint\",\"urlTemplate\":\"https:\\\/\\\/telemme.mmsh.fr\\\/?s={search_term_string}\"},\"query-input\":{\"@type\":\"PropertyValueSpecification\",\"valueRequired\":true,\"valueName\":\"search_term_string\"}}],\"inLanguage\":\"fr-FR\"},{\"@type\":\"Organization\",\"@id\":\"https:\\\/\\\/telemme.mmsh.fr\\\/#organization\",\"name\":\"TELEMMe\",\"url\":\"https:\\\/\\\/telemme.mmsh.fr\\\/\",\"logo\":{\"@type\":\"ImageObject\",\"inLanguage\":\"fr-FR\",\"@id\":\"https:\\\/\\\/telemme.mmsh.fr\\\/#\\\/schema\\\/logo\\\/image\\\/\",\"url\":\"https:\\\/\\\/telemme.mmsh.fr\\\/wp-content\\\/uploads\\\/2020\\\/03\\\/LogoTELEMMe-horizontal-fond-transparent.png\",\"contentUrl\":\"https:\\\/\\\/telemme.mmsh.fr\\\/wp-content\\\/uploads\\\/2020\\\/03\\\/LogoTELEMMe-horizontal-fond-transparent.png\",\"width\":1500,\"height\":437,\"caption\":\"TELEMMe\"},\"image\":{\"@id\":\"https:\\\/\\\/telemme.mmsh.fr\\\/#\\\/schema\\\/logo\\\/image\\\/\"}},{\"@type\":\"Person\",\"@id\":\"https:\\\/\\\/telemme.mmsh.fr\\\/#\\\/schema\\\/person\\\/c433e5fd025c00718f715ba73f040691\",\"name\":\"Maja Mellet\",\"url\":\"https:\\\/\\\/telemme.mmsh.fr\\\/?author=175\"}]}<\/script>\n<!-- \/ Yoast SEO plugin. -->","yoast_head_json":{"title":"A qui appartiennent les morts ? La gestion sociopolitique des corps \u00e0 Bath au XIX\u00e8me si\u00e8cle (1800-1911) - TELEMMe - Temps, espaces, langages, Europe m\u00e9ridionale, M\u00e9diterran\u00e9e","robots":{"index":"index","follow":"follow","max-snippet":"max-snippet:-1","max-image-preview":"max-image-preview:large","max-video-preview":"max-video-preview:-1"},"canonical":"https:\/\/telemme.mmsh.fr\/?p=13527","og_locale":"fr_FR","og_type":"article","og_title":"A qui appartiennent les morts ? La gestion sociopolitique des corps \u00e0 Bath au XIX\u00e8me si\u00e8cle (1800-1911) - TELEMMe - Temps, espaces, langages, Europe m\u00e9ridionale, M\u00e9diterran\u00e9e","og_description":"Tristan Portier soutiendra sa th\u00e8se de doctorat\u00a0 en histoire contemporaine, intitul\u00e9e \u00ab A qui appartiennent les morts ? La gestion sociopolitique des corps \u00e0 Bath au XIX\u00e8me si\u00e8cle (1800-1911) \u00bb.&hellip;&nbsp;Lire la suite &raquo;A qui appartiennent les morts ? La gestion sociopolitique des corps \u00e0 Bath au XIX\u00e8me si\u00e8cle (1800-1911)","og_url":"https:\/\/telemme.mmsh.fr\/?p=13527","og_site_name":"TELEMMe - Temps, espaces, langages, Europe m\u00e9ridionale, M\u00e9diterran\u00e9e","article_published_time":"2023-11-14T09:54:54+00:00","article_modified_time":"2023-11-14T10:24:30+00:00","og_image":[{"width":135,"height":135,"url":"https:\/\/telemme.mmsh.fr\/wp-content\/uploads\/2023\/11\/avis-soutenance.jpg","type":"image\/jpeg"}],"author":"Maja Mellet","twitter_card":"summary_large_image","twitter_misc":{"\u00c9crit par":"Maja Mellet","Dur\u00e9e de lecture estim\u00e9e":"1 minute"},"schema":{"@context":"https:\/\/schema.org","@graph":[{"@type":"Article","@id":"https:\/\/telemme.mmsh.fr\/?p=13527#article","isPartOf":{"@id":"https:\/\/telemme.mmsh.fr\/?p=13527"},"author":{"name":"Maja Mellet","@id":"https:\/\/telemme.mmsh.fr\/#\/schema\/person\/c433e5fd025c00718f715ba73f040691"},"headline":"A qui appartiennent les morts ? La gestion sociopolitique des corps \u00e0 Bath au XIX\u00e8me si\u00e8cle (1800-1911)","datePublished":"2023-11-14T09:54:54+00:00","dateModified":"2023-11-14T10:24:30+00:00","mainEntityOfPage":{"@id":"https:\/\/telemme.mmsh.fr\/?p=13527"},"wordCount":193,"publisher":{"@id":"https:\/\/telemme.mmsh.fr\/#organization"},"image":{"@id":"https:\/\/telemme.mmsh.fr\/?p=13527#primaryimage"},"thumbnailUrl":"https:\/\/telemme.mmsh.fr\/wp-content\/uploads\/2023\/11\/avis-soutenance.jpg","articleSection":["Soutenances de th\u00e8se"],"inLanguage":"fr-FR"},{"@type":"WebPage","@id":"https:\/\/telemme.mmsh.fr\/?p=13527","url":"https:\/\/telemme.mmsh.fr\/?p=13527","name":"A qui appartiennent les morts ? La gestion sociopolitique des corps \u00e0 Bath au XIX\u00e8me si\u00e8cle (1800-1911) - TELEMMe - Temps, espaces, langages, Europe m\u00e9ridionale, M\u00e9diterran\u00e9e","isPartOf":{"@id":"https:\/\/telemme.mmsh.fr\/#website"},"primaryImageOfPage":{"@id":"https:\/\/telemme.mmsh.fr\/?p=13527#primaryimage"},"image":{"@id":"https:\/\/telemme.mmsh.fr\/?p=13527#primaryimage"},"thumbnailUrl":"https:\/\/telemme.mmsh.fr\/wp-content\/uploads\/2023\/11\/avis-soutenance.jpg","datePublished":"2023-11-14T09:54:54+00:00","dateModified":"2023-11-14T10:24:30+00:00","breadcrumb":{"@id":"https:\/\/telemme.mmsh.fr\/?p=13527#breadcrumb"},"inLanguage":"fr-FR","potentialAction":[{"@type":"ReadAction","target":["https:\/\/telemme.mmsh.fr\/?p=13527"]}]},{"@type":"ImageObject","inLanguage":"fr-FR","@id":"https:\/\/telemme.mmsh.fr\/?p=13527#primaryimage","url":"https:\/\/telemme.mmsh.fr\/wp-content\/uploads\/2023\/11\/avis-soutenance.jpg","contentUrl":"https:\/\/telemme.mmsh.fr\/wp-content\/uploads\/2023\/11\/avis-soutenance.jpg","width":135,"height":135,"caption":"Illustration avis de soutenance de th\u00e8se"},{"@type":"BreadcrumbList","@id":"https:\/\/telemme.mmsh.fr\/?p=13527#breadcrumb","itemListElement":[{"@type":"ListItem","position":1,"name":"Accueil","item":"https:\/\/telemme.mmsh.fr\/"},{"@type":"ListItem","position":2,"name":"Actualit\u00e9s","item":"https:\/\/telemme.mmsh.fr\/?cat=1995"},{"@type":"ListItem","position":3,"name":"Soutenances de th\u00e8se","item":"https:\/\/telemme.mmsh.fr\/?cat=1999"},{"@type":"ListItem","position":4,"name":"A qui appartiennent les morts ? La gestion sociopolitique des corps \u00e0 Bath au XIX\u00e8me si\u00e8cle (1800-1911)"}]},{"@type":"WebSite","@id":"https:\/\/telemme.mmsh.fr\/#website","url":"https:\/\/telemme.mmsh.fr\/","name":"TELEMMe - Temps, espaces, langages, Europe m\u00e9ridionale, M\u00e9diterran\u00e9e","description":"","publisher":{"@id":"https:\/\/telemme.mmsh.fr\/#organization"},"potentialAction":[{"@type":"SearchAction","target":{"@type":"EntryPoint","urlTemplate":"https:\/\/telemme.mmsh.fr\/?s={search_term_string}"},"query-input":{"@type":"PropertyValueSpecification","valueRequired":true,"valueName":"search_term_string"}}],"inLanguage":"fr-FR"},{"@type":"Organization","@id":"https:\/\/telemme.mmsh.fr\/#organization","name":"TELEMMe","url":"https:\/\/telemme.mmsh.fr\/","logo":{"@type":"ImageObject","inLanguage":"fr-FR","@id":"https:\/\/telemme.mmsh.fr\/#\/schema\/logo\/image\/","url":"https:\/\/telemme.mmsh.fr\/wp-content\/uploads\/2020\/03\/LogoTELEMMe-horizontal-fond-transparent.png","contentUrl":"https:\/\/telemme.mmsh.fr\/wp-content\/uploads\/2020\/03\/LogoTELEMMe-horizontal-fond-transparent.png","width":1500,"height":437,"caption":"TELEMMe"},"image":{"@id":"https:\/\/telemme.mmsh.fr\/#\/schema\/logo\/image\/"}},{"@type":"Person","@id":"https:\/\/telemme.mmsh.fr\/#\/schema\/person\/c433e5fd025c00718f715ba73f040691","name":"Maja Mellet","url":"https:\/\/telemme.mmsh.fr\/?author=175"}]}},"_links":{"self":[{"href":"https:\/\/telemme.mmsh.fr\/index.php?rest_route=\/wp\/v2\/posts\/13527","targetHints":{"allow":["GET"]}}],"collection":[{"href":"https:\/\/telemme.mmsh.fr\/index.php?rest_route=\/wp\/v2\/posts"}],"about":[{"href":"https:\/\/telemme.mmsh.fr\/index.php?rest_route=\/wp\/v2\/types\/post"}],"author":[{"embeddable":true,"href":"https:\/\/telemme.mmsh.fr\/index.php?rest_route=\/wp\/v2\/users\/175"}],"replies":[{"embeddable":true,"href":"https:\/\/telemme.mmsh.fr\/index.php?rest_route=%2Fwp%2Fv2%2Fcomments&post=13527"}],"version-history":[{"count":2,"href":"https:\/\/telemme.mmsh.fr\/index.php?rest_route=\/wp\/v2\/posts\/13527\/revisions"}],"predecessor-version":[{"id":13536,"href":"https:\/\/telemme.mmsh.fr\/index.php?rest_route=\/wp\/v2\/posts\/13527\/revisions\/13536"}],"wp:featuredmedia":[{"embeddable":true,"href":"https:\/\/telemme.mmsh.fr\/index.php?rest_route=\/wp\/v2\/media\/13518"}],"wp:attachment":[{"href":"https:\/\/telemme.mmsh.fr\/index.php?rest_route=%2Fwp%2Fv2%2Fmedia&parent=13527"}],"wp:term":[{"taxonomy":"category","embeddable":true,"href":"https:\/\/telemme.mmsh.fr\/index.php?rest_route=%2Fwp%2Fv2%2Fcategories&post=13527"},{"taxonomy":"post_tag","embeddable":true,"href":"https:\/\/telemme.mmsh.fr\/index.php?rest_route=%2Fwp%2Fv2%2Ftags&post=13527"}],"curies":[{"name":"wp","href":"https:\/\/api.w.org\/{rel}","templated":true}]}}