{"id":13428,"date":"2023-10-25T16:04:39","date_gmt":"2023-10-25T14:04:39","guid":{"rendered":"https:\/\/telemme.mmsh.fr\/?p=13428"},"modified":"2023-10-25T16:09:47","modified_gmt":"2023-10-25T14:09:47","slug":"entre-le-corps-et-lesprit-les-larmes","status":"publish","type":"post","link":"https:\/\/telemme.mmsh.fr\/?p=13428","title":{"rendered":"Entre le corps et l\u2019esprit : les Larmes"},"content":{"rendered":"<h3 style=\"text-align: center;\"><\/h3>\n<p style=\"text-align: center;\">\n<p>Colloque organis\u00e9 par C\u00e9cile Bertin-Elisabeth (EHIC, Universit\u00e9 de Limoges), Florence Dumora (3LAM, Le Mans universit\u00e9) et Christine Orobitg (TELEMMe Aix Marseille Universit\u00e9)<\/p>\n<p>14-15 novembre 2024<br \/>\nLe Mans Universit\u00e9<\/p>\n<p>Plus d\u2019informations + anglais, espagnol : https:\/\/www.fabula.org\/actualites\/116668\/les-larmes-entre-corps-et-esprit.html<\/p>\n<p>\u00ab Les paroles, que sont-elles ? Une larme en dira plus \u00bb, ainsi Franz Schubert fait-il \u00ab l\u2019\u00e9loge des larmes \u00bb. S\u2019il est d\u2019usage de consid\u00e9rer que les larmes, de m\u00eame que le rire, sont une expression proprement humaine, leurs significations et leurs enjeux d\u00e9pendent toutefois de la part attribu\u00e9e \u00e0 l\u2019affectivit\u00e9 ou \u00e0 l\u2019intellect, entre approche cynique et sto\u00efcienne notamment. C\u2019est pourquoi Baltasar Graci\u00e1n dans L\u2019honn\u00eate homme nous invite \u00e0 d\u00e9passer l\u2019apparente dichotomie de deux mod\u00e8les topiques r\u00e9currents, annonciateurs en quelque sorte de Jean qui rit et Jean qui pleure : \u00ab on ne doit pas toujours rire avec H\u00e9raclite ni toujours pleurer avec D\u00e9mocrite \u00bb.<br \/>\n\u00c0 la diff\u00e9rence du rire qui fuse de fa\u00e7on impalpable, les larmes qui s\u2019\u00e9coulent sont concr\u00e8tes. Elles ont de surcro\u00eet la transparence de l\u2019eau et la forme de perles. Picasso choisira d\u2019ailleurs de repr\u00e9senter des yeux en forme de larmes. Car les larmes qui s\u2019\u00e9coulent parlent un langage que d\u2019aucuns interpr\u00e8tent diff\u00e9remment selon les \u00e9poques et les codes soci\u00e9taux. Roland Barthes invite en tous les cas \u00e0 questionner la puissance originelle des larmes lorsqu\u2019il \u00e9crit qu\u2019elles sont \u00ab le milieu liquide de l\u2019expansion cordiale dont on sait qu\u2019elle n\u2019est rien d\u2019autre que la v\u00e9ritable force g\u00e9nitrice \u00bb. En effet, de quel secret ce signe visible est-il le r\u00e9v\u00e9lateur ? Faut-il y d\u00e9celer une force ou une faiblesse et n\u2019y voir qu\u2019une simple expression de passions et de compassions ? Quelle est en somme la part du corps, de l\u2019esprit et de la culture dans les pleurs ? Car les larmes, comme l\u2019\u00e9crit Jean Loup Charvet, sont charg\u00e9es d\u2019\u00ab une \u00e9loquence o\u00f9 les yeux se font bouche \u00bb et v\u00e9hiculent d\u00e8s lors des formes de discours, entre douleur, rage et joie, r\u00e9silience et r\u00e9sistance.<br \/>\nLe paradoxe de la larme, r\u00e9v\u00e9latrice \u00e0 la fois de l\u2019intime et de conventions sociales, m\u00e9rite donc d\u2019\u00eatre questionn\u00e9, et ce quelles que soient les \u00e9poques et les approches consid\u00e9r\u00e9es. On ne saurait \u00e9luder les dimensions physiologiques et psychanalytiques du liquide lacrymal. Jacques Lacan soutient d\u2019ailleurs que \u00ab quand le corps est suppos\u00e9 penser secret, il a des s\u00e9cr\u00e9tions \u00bb. Avant l\u2019approche du corps pulsionnel par Freud, Emp\u00e9docle (Ve si\u00e8cle av. J. C.) consid\u00e9rait que du fait de la perturbation des passions de l\u2019\u00e2me, le sang se transformait en larmes. Plus tard, les th\u00e9ories hippocratiques et c\u00e9r\u00e9bro-centriques pr\u00e9tendirent que les larmes \u00e9taient li\u00e9es au cerveau, soit comme production c\u00e9r\u00e9brale soit comme humeur. Le XVIIIe si\u00e8cle, avec l\u2019introduction de la sensibilit\u00e9, repensera les pleurs et la po\u00e9tique des larmes. Le XIXe si\u00e8cle scindera quant \u00e0 lui \u00e9motions f\u00e9minines et masculines jusqu\u2019\u00e0 opposer larme et virilit\u00e9 et d\u00e9boucher sur une mare de larmes (\u00ab Pool of tears \u00bb) chez la jeune Alice de Lewis Caroll. Il n\u2019emp\u00eache que si les larmes sont souvent associ\u00e9es au f\u00e9minin, nombreux sont les h\u00e9ros \u00e9piques \u2013 Ulysse, Achille, le Cid\u2026 \u2013 qui versent d\u2019abondants pleurs. On pense \u00e9galement \u00e0 la douleur d\u2019un roi d\u00e9chu, comme Boabdil perdant Grenade, au chagrin d\u2019un p\u00e8re, Pleberio, confront\u00e9 au suicide de sa fille, dans la Celestina ou \u00e0 l\u2019injonction du roi Richard II, \u2013 \u00ab faisons de la poussi\u00e8re notre papier, et de nos yeux qui pleuvent, \u00e9crivons la tristesse sur le sein de la terre \u00bb\u2013, \u00e0 la \u00ab voie humide \u00bb \u00e9voqu\u00e9e par le cousin du protagoniste \u00e9ponyme Lucien Leuwen de Stendhal ou \u00e0 l\u2019interdiction de pleurer du po\u00e8me de John Donne, \u00ab A Valediction: of Weeping \u00bb, aux Souffrances du jeune Werther de Goethe ou encore au d\u00e9sespoir amoureux mis en exergue dans Die bitteren Tr\u00e4nen der Petra von Kant (Les larmes am\u00e8res de Petra von Kant) de Rainer Fassbinder.<br \/>\nAu XXe si\u00e8cle, les anthropologues \u00e9tudient les origines et les fonctions des rites piaculaires significativement pr\u00e9sents dans diverses cultures et religions. Les pleureuses, les larmes du Christ, des saints et saintes y renvoient dans tous les types de repr\u00e9sentations. Marie-Madeleine, J\u00e9r\u00e9mie, entre p\u00e9ch\u00e9 et gr\u00e2ce, pleurent, parlant ainsi aux chr\u00e9tiens. D\u2019ailleurs les larmes dessinent une verticalit\u00e9 entre le ciel et la terre, tout en ext\u00e9riorisant le feu des douleurs physiques et morales, individuelles ou collectives, et d\u00e8s lors participent de la symbolique des quatre \u00e9l\u00e9ments. On ne saurait oublier \u00e9galement la nature labile des larmes qui peuvent devenir sang. Langage et m\u00e9talangage du corps et de l\u2019esprit, entre visible et invisible, les larmes par nature non verbales, et cathartiques, conventionnelles ou manipulatrices, sont assur\u00e9ment \u00e0 l\u2019origine d\u2019une riche phras\u00e9ologie : \u00ab pleurer \u00e0 chaudes larmes \u00bb, \u00ab pleurer de rire \u00bb, \u00ab pleurer d\u2019un oeil \u00bb, \u00ab les larmes de crocodiles \u00bb ou \u00ab l\u00e1grimas de cocodrilo \u00bb, \u00ab llorar a l\u00e1grima viva \u00bb, \u00ab las l\u00e1grimas de san Lorenzo \u00bb, \u00ab to cry crocodile tears \u00bb, \u00ab to be bored to tears \u00bb, \u00ab blood, sweat and tears \u00bb, \u00ab in floods of tears \u00bb ; Jemanden zu Tr\u00e4nen r\u00fchren, den Tr\u00e4nen nahe, bittere Tr\u00e4nen weinen, etwas unter Tr\u00e4nen gestehen, ihm\/ihr kommen die Tr\u00e4nen.<br \/>\nPar ailleurs, on peut parler du d\u00e9veloppement de mod\u00e8les larmoyants en litt\u00e9rature et en iconographie, v\u00e9hicul\u00e9s par des genres, planctus, \u00e9l\u00e9gie, \u00e9pitaphe, trag\u00e9die, par exemple, et par des topo\u00ef textuels et gestuels ou encore par des proc\u00e9d\u00e9s rh\u00e9toriques. On pense, entre autres, aux divers \u00e9chos intertextuels depuis la vall\u00e9e des larmes (Lacrymarum valle) dans la Bible jusqu\u2019aux repr\u00e9sentations diversifi\u00e9es de la mater dolorosa. Il conviendra d\u2019interroger la structuration de ces mod\u00e8les, entre valorisation et d\u00e9pr\u00e9ciation des larmes, dans divers pays d\u2019Europe et d\u2019Am\u00e9rique, de l\u2019Antiquit\u00e9 \u00e0 nos jours.<br \/>\nCe colloque transdisciplinaire invite donc \u00e0 r\u00e9fl\u00e9chir, soit en synchronie, soit en diachronie, que ce soit par des approches linguistiques, litt\u00e9raires, iconographiques, cin\u00e9matographiques, musicologiques, anthropologiques ou psychanalytiques, sur les perceptions et les repr\u00e9sentations des larmes, notamment \u00e0 partir des axes suivants :<br \/>\n&#8211;<br \/>\nLe sexe des larmes<br \/>\n&#8211;<br \/>\nCode(s) et mod\u00e8le(s) larmoyant(s)<br \/>\n&#8211;<br \/>\nLes larmes\/arme individuelle ou collective<br \/>\n&#8211;<br \/>\nLes larmes dans l\u2019histoire de la sensibilit\u00e9<br \/>\n&#8211;<br \/>\nRires et larmes<br \/>\n&#8211;<br \/>\nLarmes et sang<br \/>\n&#8211;<br \/>\nLe(s) langage(s) des larmes<br \/>\n&#8211;<br \/>\nLarmes et mises en sc\u00e8ne<br \/>\n&#8211;<br \/>\nLes \u00e9critures et r\u00e9\u00e9critures des larmes<\/p>\n<p><strong>Les propositions de communication (entre 5 et 10 lignes), accompagn\u00e9es d\u2019un titre et d\u2019une courte pr\u00e9sentation biobliographique (avec rattachement institutionnel et coordonn\u00e9es), sont \u00e0 envoyer \u00e0 cecile.bertin@unilim.fr et \u00e0 florence.dumora@univ-lemans.fr au plus tard le 15 mars 2024.<\/strong><\/p>\n<p>Une r\u00e9ponse sera donn\u00e9e fin avril 2024.<\/p>\n<p>Des frais d\u2019inscription seront demand\u00e9s \u00e0 hauteur de 30\u20ac pour la prise en charge des repas.<\/p>\n<p><strong>Comit\u00e9 organisateur: <\/strong><\/p>\n<p>C\u00e9cile Elisabeth-Bertin<br \/>\nFlorence Dumora<br \/>\nChristine Orobitg<br \/>\nComit\u00e9 scientifique :<br \/>\nDamien Boquet, (Historien) Aix Marseille Universit\u00e9, TELEMMe<br \/>\nCarmen Cortes Zaborras, Litt\u00e9rature fran\u00e7aise, Universit\u00e9 de M\u00e1laga (Espagne)<br \/>\nAnne Coudreuse (Lettres Modernes), Universit\u00e9 Paris 13, Pl\u00e9iade<br \/>\nChristophe Couderc (Hispaniste), Nanterre Universit\u00e9<br \/>\nDominique Berthet (Arts plastiques, esth\u00e9tique), Universit\u00e9 des Antilles, CRILLASH<br \/>\nC\u00e9cile Iglesias (Hispaniste), Universit\u00e9 de Bourgogne, TIL<br \/>\nNicolas Darbon (Musicologie), Universit\u00e9 d\u2019Aix-Marseille, CRILLASH<br \/>\nNathalie Leprince (Lettres, philosophie) Le Mans Universit\u00e9, 3LAM<br \/>\nEncarnaci\u00f3n Medina Arjona, Litt\u00e9rature fran\u00e7aise, Universit\u00e9 de Ja\u00e9n (Espagne)<br \/>\nCorinne Menc\u00e9-Caster (Linguistique, Moyen-\u00c2ge), Sorbonne-Universit\u00e9, RELIR<br \/>\nNathalie Martini\u00e8re (Angliciste), Universit\u00e9 de Limoges, EHIC<br \/>\nSandrine Persyn (Germaniste) Le Mans Universit\u00e9, 3LAM<br \/>\nOdile Richard (Lettres Modernes), Universit\u00e9 de Limoges, EHIC<br \/>\nLaetitia Tabard (Lettres), Le Mans Universit\u00e9, 3LAM<\/p>\n<p><strong>\u00c9l\u00e9ments bibliographiques<\/strong><\/p>\n<p>Barthes Roland,<br \/>\n-Fragments d\u2019un discours amoureux, Paris, Seuil, 1977.<br \/>\n&#8211; Michelet, in OEuvres compl\u00e8tes, tome 1, Paris, Flammarion, 1974.<br \/>\nBastien Pascal, Deruelle Benjamin, Roy Lyse, \u00c9motions en bataille XVIe-XVIIIe si\u00e8cle. Sentiments, sensibilit\u00e9s et communaut\u00e9s d&rsquo;\u00e9motions de la premi\u00e8re modernit\u00e9, Paris, Hermann (\u00ab Les collections de la R\u00e9publique des Lettres \u00bb), 2021, https:\/\/www-cairn-info.ezproxy.unilim.fr\/emotions-en-bataille-xvie-xviiie-siecle&#8211;9791037007209.htm Bazin, Ma\u00eblle, \u00ab Peuples en larmes, peuples en marches : la m\u00e9diatisation des affects lors des attentats de janvier 2015 \u00bb, Mots. Les langages du politique, n\u00b0 118, 2018, http:\/\/journals.openedition.org.ezproxy.unilim.fr\/mots\/23653<\/p>\n<p>Boquet, Damien et Piroska Nagy, Sensible Moyen \u00c2ge. Une histoire des \u00e9motions dans l&rsquo;Occident m\u00e9di\u00e9val, Paris, Seuil 2015 Boquet, Damien et Piroska Nagy, Lidia Zanetti Domingues (dirs.), Histoire des \u00e9motions collectives. Epist\u00e9mologie, \u00e9mergences, exp\u00e9riences, Paris, Garnier \u00ab Classiques \u00bb, 2022<br \/>\nBrailowsky, Yan, \u00ab Les larmes de sang et les corps d\u00e9chiquet\u00e9s dans le th\u00e9\u00e2tre \u00e9lisab\u00e9thain : eschatologie et fantasme \u00bb, Litt\u00e9ratures classiques, 2010\/3, n\u00b073, p. 325-335, https:\/\/www-cairn-info.ezproxy.unilim.fr\/revue-litteratures-classiques1-2010-3-page-325.htm<br \/>\nChaunu Pierre, \u00ab L\u2019Irr\u00e9futable : le sang et les larmes \u00bb, in Pierre Chaunu (dir.), Au coeur religieux de l&rsquo;histoire, Paris, Perrin, \u00ab Pour l&rsquo;histoire \u00bb, 1986, p. 154-160, https:\/\/www-cairn-info.ezproxy.unilim.fr\/au-coeur-religieux-de-l-histoire&#8211;9782262003883-page-154.htm<br \/>\nCharvet, Jean Loup, \u00ab Les larmes \u00e0 l\u2019\u00e9poque baroque, un paradoxe \u00e9loquent \u00bb in M\u00e9langes de l\u2019\u00e9cole fran\u00e7aise de Rome. Italie et M\u00e9diterran\u00e9e, tome 105, n\u00b02, 1993, p. 539-566. -Connan Cathy, \u00ab \u00catres en larmes \u00bb, Gestalt, 2015\/2 (n\u00b0 47), p. 39-53, https:\/\/www-cairn-info.ezproxy.unilim.fr\/revue-gestalt-2015-2-page-39.htm<br \/>\nCorbin, Alain, Jean-Jacques Courtine et Georges Vigarello (dirs.), Histoire des \u00e9motions, Paris, Points, 2016 Coudreuse, Anne, Le Go\u00fbt des larmes au XVIIIe si\u00e8cle, Paris, PUF (coll. \u00ab Ecriture \u00bb), 1999, r\u00e9\u00e9d. Desjonqu\u00e8res, 2013. Cuenca-Godbert, Marta, \u00ab Le langage des larmes dans La Dorotea de Lope de Vega \u00bb, Bulletin hispanique, 112-1, 2010, http:\/\/journals.openedition.org.ezproxy.unilim.fr\/bulletinhispanique\/1123 ; DOI : https:\/\/doi-org.ezproxy.unilim.fr\/10.4000\/bulletinhispanique.1123<br \/>\nLacan Jacques, Le s\u00e9minaire, livre XX, Paris, Seuil, 1975.<br \/>\nLignereux C\u00e9cile, \u00ab Bonne humeur contre belle humeur : la valorisation des larmes au xviie si\u00e8cle \u00bb, Corps, 2010\/1, n\u00b0 8, p. 33-39, https:\/\/www-cairn-info.ezproxy.unilim.fr\/revue-corps-dilecta-2010-1-page-33.htm<br \/>\nLong\u00e9 Thierry, \u00ab L\u2019oubli des larmes ou Freud castillan \u00bb, Essaim, 2010\/2, n\u00b0 25, p. 97-109, https:\/\/www-cairn-info.ezproxy.unilim.fr\/revue-essaim-2010-2-page-97.htm<br \/>\nMonsacr\u00e9 H\u00e9l\u00e8ne, Les Larmes d\u2019Achille. Le H\u00e9ros, la femme et la souffrance dans la po\u00e9sie d\u2019Hom\u00e8re, Paris, F\u00e9lin, 2010.<br \/>\nNavarro Ram\u00edrez Sergio, \u00ab Llantos auxiliados: los oratorios barrocos de Juan Gelman y Ada Salas \u00bb, Bulletin Hispanique, 2022\/2, n\u00b0124-2, p. 341-360, https:\/\/www-cairn-info.ezproxy.unilim.fr\/revue-bulletin-hispanique-2022-2-page-341.htm<br \/>\nNievas Rojas, Adalid, \u00ab La eleg\u00eda de Cernuda a Lorca en su tradici\u00f3n: notas para un estudio de las fuentes de A un poeta muerto (F.G.L.) \u00bb, Bulletin hispanique, n\u00b0 120-2, 2018, http:\/\/journals.openedition.org.ezproxy.unilim.fr\/bulletinhispanique\/6643<\/p>\n<p>Pinhas Richard, Les larmes de Nietzsche. Deleuze et la musique, Paris, Flammarion, 2001.<br \/>\nRey Sarah, \u00ab Les larmes romaines et leur port\u00e9e : une question de genre ? \u00bb, Clio, n\u00b0 41, 2015, p. 243-263.<br \/>\nRim\u00e9 Bernard, Le partage social des \u00e9motions, Paris, Presses Universitaires de France (\u00ab Quadrige \u00bb), 2009, https:\/\/www.cairn.info\/le-partage-social-des-emotions&#8211;9782130578543.htm<br \/>\nSchmitt Jean-Claude, La raison des gestes dans l\u2019Occident m\u00e9di\u00e9val, Paris, Gallimard, 1990.<br \/>\nVincent-Buffault Anne, \u00ab Constitution des r\u00f4les masculins et f\u00e9minins au XIXe si\u00e8cle : la voie des larmes \u00bb, Annales. \u00c9conomies, Soci\u00e9t\u00e9s, Civilisations. 42\u1d49 ann\u00e9e, n\u00b0 4, 1987. p. 925-954, https:\/\/doi.org\/10.3406\/ahess.1987.283425 Id., Histoire des larmes. XVIIIe-XIXe si\u00e8cles, Marseille, Rivages, 1986.<\/p>\n","protected":false},"excerpt":{"rendered":"<p>Colloque organis\u00e9 par C\u00e9cile Bertin-Elisabeth (EHIC, Universit\u00e9 de Limoges), Florence Dumora (3LAM, Le Mans universit\u00e9) et Christine Orobitg (TELEMMe Aix Marseille Universit\u00e9) 14-15 novembre 2024 Le Mans Universit\u00e9 Plus d\u2019informations&hellip;&nbsp;<a href=\"https:\/\/telemme.mmsh.fr\/?p=13428\" rel=\"bookmark\">Lire la suite &raquo;<span class=\"screen-reader-text\">Entre le corps et l\u2019esprit : les Larmes<\/span><\/a><\/p>\n","protected":false},"author":175,"featured_media":0,"comment_status":"closed","ping_status":"closed","sticky":false,"template":"","format":"standard","meta":{"neve_meta_sidebar":"","neve_meta_container":"","neve_meta_enable_content_width":"off","neve_meta_content_width":70,"neve_meta_title_alignment":"","neve_meta_author_avatar":"","neve_post_elements_order":"","neve_meta_disable_header":"","neve_meta_disable_footer":"","neve_meta_disable_title":"","_tribe_events_control_status":"","_tribe_events_control_status_canceled_reason":"","_tribe_events_control_status_postponed_reason":"","_tribe_events_control_online":"","_tribe_events_control_online_url":"","footnotes":""},"categories":[2026],"tags":[],"class_list":["post-13428","post","type-post","status-publish","format-standard","hentry","category-appels-a-candidature"],"yoast_head":"<!-- This site is optimized with the Yoast SEO plugin v27.4 - https:\/\/yoast.com\/product\/yoast-seo-wordpress\/ -->\n<title>Entre le corps et l\u2019esprit : les Larmes - TELEMMe - Temps, espaces, langages, Europe m\u00e9ridionale, M\u00e9diterran\u00e9e<\/title>\n<meta name=\"robots\" content=\"index, follow, max-snippet:-1, max-image-preview:large, max-video-preview:-1\" \/>\n<link rel=\"canonical\" href=\"https:\/\/telemme.mmsh.fr\/?p=13428\" \/>\n<meta property=\"og:locale\" content=\"fr_FR\" \/>\n<meta property=\"og:type\" content=\"article\" \/>\n<meta property=\"og:title\" content=\"Entre le corps et l\u2019esprit : les Larmes - TELEMMe - Temps, espaces, langages, Europe m\u00e9ridionale, M\u00e9diterran\u00e9e\" \/>\n<meta property=\"og:description\" content=\"Colloque organis\u00e9 par C\u00e9cile Bertin-Elisabeth (EHIC, Universit\u00e9 de Limoges), Florence Dumora (3LAM, Le Mans universit\u00e9) et Christine Orobitg (TELEMMe Aix Marseille Universit\u00e9) 14-15 novembre 2024 Le Mans Universit\u00e9 Plus d\u2019informations&hellip;&nbsp;Lire la suite &raquo;Entre le corps et l\u2019esprit : les Larmes\" \/>\n<meta property=\"og:url\" content=\"https:\/\/telemme.mmsh.fr\/?p=13428\" \/>\n<meta property=\"og:site_name\" content=\"TELEMMe - Temps, espaces, langages, Europe m\u00e9ridionale, M\u00e9diterran\u00e9e\" \/>\n<meta property=\"article:published_time\" content=\"2023-10-25T14:04:39+00:00\" \/>\n<meta property=\"article:modified_time\" content=\"2023-10-25T14:09:47+00:00\" \/>\n<meta name=\"author\" content=\"Maja Mellet\" \/>\n<meta name=\"twitter:card\" content=\"summary_large_image\" \/>\n<meta name=\"twitter:label1\" content=\"\u00c9crit par\" \/>\n\t<meta name=\"twitter:data1\" content=\"Maja Mellet\" \/>\n\t<meta name=\"twitter:label2\" content=\"Dur\u00e9e de lecture estim\u00e9e\" \/>\n\t<meta name=\"twitter:data2\" content=\"10 minutes\" \/>\n<script type=\"application\/ld+json\" class=\"yoast-schema-graph\">{\"@context\":\"https:\\\/\\\/schema.org\",\"@graph\":[{\"@type\":\"Article\",\"@id\":\"https:\\\/\\\/telemme.mmsh.fr\\\/?p=13428#article\",\"isPartOf\":{\"@id\":\"https:\\\/\\\/telemme.mmsh.fr\\\/?p=13428\"},\"author\":{\"name\":\"Maja Mellet\",\"@id\":\"https:\\\/\\\/telemme.mmsh.fr\\\/#\\\/schema\\\/person\\\/c433e5fd025c00718f715ba73f040691\"},\"headline\":\"Entre le corps et l\u2019esprit : les Larmes\",\"datePublished\":\"2023-10-25T14:04:39+00:00\",\"dateModified\":\"2023-10-25T14:09:47+00:00\",\"mainEntityOfPage\":{\"@id\":\"https:\\\/\\\/telemme.mmsh.fr\\\/?p=13428\"},\"wordCount\":1916,\"publisher\":{\"@id\":\"https:\\\/\\\/telemme.mmsh.fr\\\/#organization\"},\"articleSection\":[\"Appels \u00e0 candidature\"],\"inLanguage\":\"fr-FR\"},{\"@type\":\"WebPage\",\"@id\":\"https:\\\/\\\/telemme.mmsh.fr\\\/?p=13428\",\"url\":\"https:\\\/\\\/telemme.mmsh.fr\\\/?p=13428\",\"name\":\"Entre le corps et l\u2019esprit : les Larmes - TELEMMe - Temps, espaces, langages, Europe m\u00e9ridionale, M\u00e9diterran\u00e9e\",\"isPartOf\":{\"@id\":\"https:\\\/\\\/telemme.mmsh.fr\\\/#website\"},\"datePublished\":\"2023-10-25T14:04:39+00:00\",\"dateModified\":\"2023-10-25T14:09:47+00:00\",\"breadcrumb\":{\"@id\":\"https:\\\/\\\/telemme.mmsh.fr\\\/?p=13428#breadcrumb\"},\"inLanguage\":\"fr-FR\",\"potentialAction\":[{\"@type\":\"ReadAction\",\"target\":[\"https:\\\/\\\/telemme.mmsh.fr\\\/?p=13428\"]}]},{\"@type\":\"BreadcrumbList\",\"@id\":\"https:\\\/\\\/telemme.mmsh.fr\\\/?p=13428#breadcrumb\",\"itemListElement\":[{\"@type\":\"ListItem\",\"position\":1,\"name\":\"Accueil\",\"item\":\"https:\\\/\\\/telemme.mmsh.fr\\\/\"},{\"@type\":\"ListItem\",\"position\":2,\"name\":\"Actualit\u00e9s\",\"item\":\"https:\\\/\\\/telemme.mmsh.fr\\\/?cat=1995\"},{\"@type\":\"ListItem\",\"position\":3,\"name\":\"Appels \u00e0 candidature\",\"item\":\"https:\\\/\\\/telemme.mmsh.fr\\\/?cat=2026\"},{\"@type\":\"ListItem\",\"position\":4,\"name\":\"Entre le corps et l\u2019esprit : les Larmes\"}]},{\"@type\":\"WebSite\",\"@id\":\"https:\\\/\\\/telemme.mmsh.fr\\\/#website\",\"url\":\"https:\\\/\\\/telemme.mmsh.fr\\\/\",\"name\":\"TELEMMe - Temps, espaces, langages, Europe m\u00e9ridionale, M\u00e9diterran\u00e9e\",\"description\":\"\",\"publisher\":{\"@id\":\"https:\\\/\\\/telemme.mmsh.fr\\\/#organization\"},\"potentialAction\":[{\"@type\":\"SearchAction\",\"target\":{\"@type\":\"EntryPoint\",\"urlTemplate\":\"https:\\\/\\\/telemme.mmsh.fr\\\/?s={search_term_string}\"},\"query-input\":{\"@type\":\"PropertyValueSpecification\",\"valueRequired\":true,\"valueName\":\"search_term_string\"}}],\"inLanguage\":\"fr-FR\"},{\"@type\":\"Organization\",\"@id\":\"https:\\\/\\\/telemme.mmsh.fr\\\/#organization\",\"name\":\"TELEMMe\",\"url\":\"https:\\\/\\\/telemme.mmsh.fr\\\/\",\"logo\":{\"@type\":\"ImageObject\",\"inLanguage\":\"fr-FR\",\"@id\":\"https:\\\/\\\/telemme.mmsh.fr\\\/#\\\/schema\\\/logo\\\/image\\\/\",\"url\":\"https:\\\/\\\/telemme.mmsh.fr\\\/wp-content\\\/uploads\\\/2020\\\/03\\\/LogoTELEMMe-horizontal-fond-transparent.png\",\"contentUrl\":\"https:\\\/\\\/telemme.mmsh.fr\\\/wp-content\\\/uploads\\\/2020\\\/03\\\/LogoTELEMMe-horizontal-fond-transparent.png\",\"width\":1500,\"height\":437,\"caption\":\"TELEMMe\"},\"image\":{\"@id\":\"https:\\\/\\\/telemme.mmsh.fr\\\/#\\\/schema\\\/logo\\\/image\\\/\"}},{\"@type\":\"Person\",\"@id\":\"https:\\\/\\\/telemme.mmsh.fr\\\/#\\\/schema\\\/person\\\/c433e5fd025c00718f715ba73f040691\",\"name\":\"Maja Mellet\",\"url\":\"https:\\\/\\\/telemme.mmsh.fr\\\/?author=175\"}]}<\/script>\n<!-- \/ Yoast SEO plugin. -->","yoast_head_json":{"title":"Entre le corps et l\u2019esprit : les Larmes - TELEMMe - Temps, espaces, langages, Europe m\u00e9ridionale, M\u00e9diterran\u00e9e","robots":{"index":"index","follow":"follow","max-snippet":"max-snippet:-1","max-image-preview":"max-image-preview:large","max-video-preview":"max-video-preview:-1"},"canonical":"https:\/\/telemme.mmsh.fr\/?p=13428","og_locale":"fr_FR","og_type":"article","og_title":"Entre le corps et l\u2019esprit : les Larmes - TELEMMe - Temps, espaces, langages, Europe m\u00e9ridionale, M\u00e9diterran\u00e9e","og_description":"Colloque organis\u00e9 par C\u00e9cile Bertin-Elisabeth (EHIC, Universit\u00e9 de Limoges), Florence Dumora (3LAM, Le Mans universit\u00e9) et Christine Orobitg (TELEMMe Aix Marseille Universit\u00e9) 14-15 novembre 2024 Le Mans Universit\u00e9 Plus d\u2019informations&hellip;&nbsp;Lire la suite &raquo;Entre le corps et l\u2019esprit : les Larmes","og_url":"https:\/\/telemme.mmsh.fr\/?p=13428","og_site_name":"TELEMMe - Temps, espaces, langages, Europe m\u00e9ridionale, M\u00e9diterran\u00e9e","article_published_time":"2023-10-25T14:04:39+00:00","article_modified_time":"2023-10-25T14:09:47+00:00","author":"Maja Mellet","twitter_card":"summary_large_image","twitter_misc":{"\u00c9crit par":"Maja Mellet","Dur\u00e9e de lecture estim\u00e9e":"10 minutes"},"schema":{"@context":"https:\/\/schema.org","@graph":[{"@type":"Article","@id":"https:\/\/telemme.mmsh.fr\/?p=13428#article","isPartOf":{"@id":"https:\/\/telemme.mmsh.fr\/?p=13428"},"author":{"name":"Maja Mellet","@id":"https:\/\/telemme.mmsh.fr\/#\/schema\/person\/c433e5fd025c00718f715ba73f040691"},"headline":"Entre le corps et l\u2019esprit : les Larmes","datePublished":"2023-10-25T14:04:39+00:00","dateModified":"2023-10-25T14:09:47+00:00","mainEntityOfPage":{"@id":"https:\/\/telemme.mmsh.fr\/?p=13428"},"wordCount":1916,"publisher":{"@id":"https:\/\/telemme.mmsh.fr\/#organization"},"articleSection":["Appels \u00e0 candidature"],"inLanguage":"fr-FR"},{"@type":"WebPage","@id":"https:\/\/telemme.mmsh.fr\/?p=13428","url":"https:\/\/telemme.mmsh.fr\/?p=13428","name":"Entre le corps et l\u2019esprit : les Larmes - TELEMMe - Temps, espaces, langages, Europe m\u00e9ridionale, M\u00e9diterran\u00e9e","isPartOf":{"@id":"https:\/\/telemme.mmsh.fr\/#website"},"datePublished":"2023-10-25T14:04:39+00:00","dateModified":"2023-10-25T14:09:47+00:00","breadcrumb":{"@id":"https:\/\/telemme.mmsh.fr\/?p=13428#breadcrumb"},"inLanguage":"fr-FR","potentialAction":[{"@type":"ReadAction","target":["https:\/\/telemme.mmsh.fr\/?p=13428"]}]},{"@type":"BreadcrumbList","@id":"https:\/\/telemme.mmsh.fr\/?p=13428#breadcrumb","itemListElement":[{"@type":"ListItem","position":1,"name":"Accueil","item":"https:\/\/telemme.mmsh.fr\/"},{"@type":"ListItem","position":2,"name":"Actualit\u00e9s","item":"https:\/\/telemme.mmsh.fr\/?cat=1995"},{"@type":"ListItem","position":3,"name":"Appels \u00e0 candidature","item":"https:\/\/telemme.mmsh.fr\/?cat=2026"},{"@type":"ListItem","position":4,"name":"Entre le corps et l\u2019esprit : les Larmes"}]},{"@type":"WebSite","@id":"https:\/\/telemme.mmsh.fr\/#website","url":"https:\/\/telemme.mmsh.fr\/","name":"TELEMMe - Temps, espaces, langages, Europe m\u00e9ridionale, M\u00e9diterran\u00e9e","description":"","publisher":{"@id":"https:\/\/telemme.mmsh.fr\/#organization"},"potentialAction":[{"@type":"SearchAction","target":{"@type":"EntryPoint","urlTemplate":"https:\/\/telemme.mmsh.fr\/?s={search_term_string}"},"query-input":{"@type":"PropertyValueSpecification","valueRequired":true,"valueName":"search_term_string"}}],"inLanguage":"fr-FR"},{"@type":"Organization","@id":"https:\/\/telemme.mmsh.fr\/#organization","name":"TELEMMe","url":"https:\/\/telemme.mmsh.fr\/","logo":{"@type":"ImageObject","inLanguage":"fr-FR","@id":"https:\/\/telemme.mmsh.fr\/#\/schema\/logo\/image\/","url":"https:\/\/telemme.mmsh.fr\/wp-content\/uploads\/2020\/03\/LogoTELEMMe-horizontal-fond-transparent.png","contentUrl":"https:\/\/telemme.mmsh.fr\/wp-content\/uploads\/2020\/03\/LogoTELEMMe-horizontal-fond-transparent.png","width":1500,"height":437,"caption":"TELEMMe"},"image":{"@id":"https:\/\/telemme.mmsh.fr\/#\/schema\/logo\/image\/"}},{"@type":"Person","@id":"https:\/\/telemme.mmsh.fr\/#\/schema\/person\/c433e5fd025c00718f715ba73f040691","name":"Maja Mellet","url":"https:\/\/telemme.mmsh.fr\/?author=175"}]}},"_links":{"self":[{"href":"https:\/\/telemme.mmsh.fr\/index.php?rest_route=\/wp\/v2\/posts\/13428","targetHints":{"allow":["GET"]}}],"collection":[{"href":"https:\/\/telemme.mmsh.fr\/index.php?rest_route=\/wp\/v2\/posts"}],"about":[{"href":"https:\/\/telemme.mmsh.fr\/index.php?rest_route=\/wp\/v2\/types\/post"}],"author":[{"embeddable":true,"href":"https:\/\/telemme.mmsh.fr\/index.php?rest_route=\/wp\/v2\/users\/175"}],"replies":[{"embeddable":true,"href":"https:\/\/telemme.mmsh.fr\/index.php?rest_route=%2Fwp%2Fv2%2Fcomments&post=13428"}],"version-history":[{"count":4,"href":"https:\/\/telemme.mmsh.fr\/index.php?rest_route=\/wp\/v2\/posts\/13428\/revisions"}],"predecessor-version":[{"id":13433,"href":"https:\/\/telemme.mmsh.fr\/index.php?rest_route=\/wp\/v2\/posts\/13428\/revisions\/13433"}],"wp:attachment":[{"href":"https:\/\/telemme.mmsh.fr\/index.php?rest_route=%2Fwp%2Fv2%2Fmedia&parent=13428"}],"wp:term":[{"taxonomy":"category","embeddable":true,"href":"https:\/\/telemme.mmsh.fr\/index.php?rest_route=%2Fwp%2Fv2%2Fcategories&post=13428"},{"taxonomy":"post_tag","embeddable":true,"href":"https:\/\/telemme.mmsh.fr\/index.php?rest_route=%2Fwp%2Fv2%2Ftags&post=13428"}],"curies":[{"name":"wp","href":"https:\/\/api.w.org\/{rel}","templated":true}]}}