{"id":13391,"date":"2023-10-18T14:47:35","date_gmt":"2023-10-18T12:47:35","guid":{"rendered":"https:\/\/telemme.mmsh.fr\/?p=13391"},"modified":"2023-10-18T14:47:35","modified_gmt":"2023-10-18T12:47:35","slug":"tellemme-accueille-deux-nouveaux-chercheurs","status":"publish","type":"post","link":"https:\/\/telemme.mmsh.fr\/?p=13391","title":{"rendered":"TELLEMMe accueille deux nouveaux chercheurs"},"content":{"rendered":"<p><strong>Depuis <\/strong><strong>le 1<sup>er<\/sup> octobre TELEMMe a le plaisir d&rsquo;accueillir deux chercheurs rattach\u00e9s \u00e0 l\u2019unit\u00e9, charg\u00e9s de recherche, Nora Nafaa et Hugo Vermeren. <\/strong><\/p>\n<p><img loading=\"lazy\" decoding=\"async\" class=\" wp-image-13392 alignleft\" src=\"https:\/\/telemme.mmsh.fr\/wp-content\/uploads\/2023\/10\/nafaa-n-290x300.png\" alt=\"\" width=\"129\" height=\"133\" srcset=\"https:\/\/telemme.mmsh.fr\/wp-content\/uploads\/2023\/10\/nafaa-n-290x300.png 290w, https:\/\/telemme.mmsh.fr\/wp-content\/uploads\/2023\/10\/nafaa-n.png 605w\" sizes=\"auto, (max-width: 129px) 100vw, 129px\" \/>Nora Nafaa est charg\u00e9e de recherche CNRS en g\u00e9ographie. Elle a soutenu sa th\u00e8se en d\u00e9cembre 2021 \u00e0 l\u2019Universit\u00e9 de Perpignan Via Domitia (UPVD) et au laboratoire ART-Dev (UMR5281) sous la direction de David Giband intitul\u00e9e \u00ab\u00a0D\u00e9poss\u00e9der l\u2019\u00e9cole pour servir la ville n\u00e9olib\u00e9rale aux Etats-Unis, les cas d\u2019Atlanta et de Philadelphie\u00a0\u00bb. Apr\u00e8s un temps de monitorat durant son contrat doctoral (2015-18), elle a occup\u00e9 un poste de PRAG en g\u00e9ographie au d\u00e9partement de g\u00e9ographie et am\u00e9nagement de l\u2019UPVD (2018-22), puis de chercheure post-doctorante au laboratoire SAGE (7363) \u00e0 l\u2019Universit\u00e9 de Strasbourg (2022-23) au sein d\u2019un programme de recherche international (\u00ab\u00a0Beyond \u00ab\u00a0Left Behind\u00a0\u00bb Places\u00a0: Understanding Demographic and Socio-economic change in Peripheral Regions in France, Germany and the UK\u00a0\u00bb). Ses travaux portent sur la g\u00e9ographie de l\u2019\u00e9ducation, aux Etats-Unis, mais aussi en France, ainsi que sur les politiques d\u2019aust\u00e9rit\u00e9 dans les r\u00e9gions dites \u00ab\u00a0laiss\u00e9es-pour-compte\u00a0\u00bb.<\/p>\n<p>&#8212;&#8212;&#8212;&#8212;&#8212;&#8212;&#8212;&#8212;&#8212;&#8212;&#8212;&#8212;&#8212;&#8212;&#8212;&#8212;&#8212;&#8212;&#8212;&#8212;&#8212;&#8212;&#8212;&#8212;&#8212;&#8212;&#8212;&#8212;&#8212;&#8212;&#8212;&#8212;&#8212;&#8212;&#8212;&#8212;&#8212;&#8212;&#8212;&#8212;&#8212;<\/p>\n<p><img loading=\"lazy\" decoding=\"async\" class=\" wp-image-13393 alignleft\" src=\"https:\/\/telemme.mmsh.fr\/wp-content\/uploads\/2023\/10\/vermernH-300x300.png\" alt=\"\" width=\"121\" height=\"121\" srcset=\"https:\/\/telemme.mmsh.fr\/wp-content\/uploads\/2023\/10\/vermernH-300x300.png 300w, https:\/\/telemme.mmsh.fr\/wp-content\/uploads\/2023\/10\/vermernH-150x150.png 150w, https:\/\/telemme.mmsh.fr\/wp-content\/uploads\/2023\/10\/vermernH-100x100.png 100w, https:\/\/telemme.mmsh.fr\/wp-content\/uploads\/2023\/10\/vermernH.png 313w\" sizes=\"auto, (max-width: 121px) 100vw, 121px\" \/>Hugo Vermeren est historien charg\u00e9 de recherche au CNRS (UMR 7303 TELEMMe &#8211; groupe 3.1 \u00ab\u00a0G\u00e9o-histoire de l&rsquo;environnement en M\u00e9diterran\u00e9e\u00a0\u00bb), sp\u00e9cialiste des mobilit\u00e9s de travail et des soci\u00e9t\u00e9s maritimes du Maghreb colonial. Docteur de l\u2019Universit\u00e9 Paris Ouest-Nanterre, post-doctorant des programmes ANR <a href=\"https:\/\/asileurope.huma-num.fr\">AsileuropeXIX<\/a> et <a href=\"https:\/\/chiffrempire.hypotheses.org\/\">Compter en situation coloniale<\/a>, membre de l\u2019\u00c9cole Fran\u00e7aise de Rome (2018-2021), il a notamment publi\u00e9 le livre <em>Les Italiens \u00e0 B\u00f4ne (1865-1940). Migrations m\u00e9diterran\u00e9ennes et colonisation de peuplement en Alg\u00e9rie <\/em>(Rome, 2017). Coordinateur du programme \u201cGouverner les \u00eeles\u201d (<a href=\"https:\/\/gouviles.hypotheses.org\/\">https:\/\/gouviles.hypotheses.org\/<\/a>), ses recherches actuelles portent sur les r\u00e9seaux professionnels des populations maritimes et les politiques de d\u00e9veloppement halieutique au Maghreb. Il s\u2019int\u00e9resse notamment au r\u00f4le des activit\u00e9s de p\u00eache dans les processus de territorialisation des espaces maritimes et insulaires en Alg\u00e9rie et en Tunisie.<\/p>\n<p>&nbsp;<\/p>\n<p>&nbsp;<\/p>\n","protected":false},"excerpt":{"rendered":"<p>Depuis le 1er octobre TELEMMe a le plaisir d&rsquo;accueillir deux chercheurs rattach\u00e9s \u00e0 l\u2019unit\u00e9, charg\u00e9s de recherche, Nora Nafaa et Hugo Vermeren. Nora Nafaa est charg\u00e9e de recherche CNRS en&hellip;&nbsp;<a href=\"https:\/\/telemme.mmsh.fr\/?p=13391\" rel=\"bookmark\">Lire la suite &raquo;<span class=\"screen-reader-text\">TELLEMMe accueille deux nouveaux chercheurs<\/span><\/a><\/p>\n","protected":false},"author":175,"featured_media":0,"comment_status":"closed","ping_status":"closed","sticky":false,"template":"","format":"standard","meta":{"neve_meta_sidebar":"","neve_meta_container":"","neve_meta_enable_content_width":"off","neve_meta_content_width":70,"neve_meta_title_alignment":"","neve_meta_author_avatar":"","neve_post_elements_order":"","neve_meta_disable_header":"","neve_meta_disable_footer":"","neve_meta_disable_title":"","_tribe_events_control_status":"","_tribe_events_control_status_canceled_reason":"","_tribe_events_control_status_postponed_reason":"","_tribe_events_control_online":"","_tribe_events_control_online_url":"","footnotes":""},"categories":[2007],"tags":[],"class_list":["post-13391","post","type-post","status-publish","format-standard","hentry","category-informations"],"yoast_head":"<!-- This site is optimized with the Yoast SEO plugin v27.4 - https:\/\/yoast.com\/product\/yoast-seo-wordpress\/ -->\n<title>TELLEMMe accueille deux nouveaux chercheurs - TELEMMe - Temps, espaces, langages, Europe m\u00e9ridionale, M\u00e9diterran\u00e9e<\/title>\n<meta name=\"robots\" content=\"index, follow, max-snippet:-1, max-image-preview:large, max-video-preview:-1\" \/>\n<link rel=\"canonical\" href=\"https:\/\/telemme.mmsh.fr\/?p=13391\" \/>\n<meta property=\"og:locale\" content=\"fr_FR\" \/>\n<meta property=\"og:type\" content=\"article\" \/>\n<meta property=\"og:title\" content=\"TELLEMMe accueille deux nouveaux chercheurs - TELEMMe - Temps, espaces, langages, Europe m\u00e9ridionale, M\u00e9diterran\u00e9e\" \/>\n<meta property=\"og:description\" content=\"Depuis le 1er octobre TELEMMe a le plaisir d&rsquo;accueillir deux chercheurs rattach\u00e9s \u00e0 l\u2019unit\u00e9, charg\u00e9s de recherche, Nora Nafaa et Hugo Vermeren. Nora Nafaa est charg\u00e9e de recherche CNRS en&hellip;&nbsp;Lire la suite &raquo;TELLEMMe accueille deux nouveaux chercheurs\" \/>\n<meta property=\"og:url\" content=\"https:\/\/telemme.mmsh.fr\/?p=13391\" \/>\n<meta property=\"og:site_name\" content=\"TELEMMe - Temps, espaces, langages, Europe m\u00e9ridionale, M\u00e9diterran\u00e9e\" \/>\n<meta property=\"article:published_time\" content=\"2023-10-18T12:47:35+00:00\" \/>\n<meta property=\"og:image\" content=\"https:\/\/telemme.mmsh.fr\/wp-content\/uploads\/2023\/10\/nafaa-n-290x300.png\" \/>\n<meta name=\"author\" content=\"Maja Mellet\" \/>\n<meta name=\"twitter:card\" content=\"summary_large_image\" \/>\n<meta name=\"twitter:label1\" content=\"\u00c9crit par\" \/>\n\t<meta name=\"twitter:data1\" content=\"Maja Mellet\" \/>\n\t<meta name=\"twitter:label2\" content=\"Dur\u00e9e de lecture estim\u00e9e\" \/>\n\t<meta name=\"twitter:data2\" content=\"2 minutes\" \/>\n<script type=\"application\/ld+json\" class=\"yoast-schema-graph\">{\"@context\":\"https:\\\/\\\/schema.org\",\"@graph\":[{\"@type\":\"Article\",\"@id\":\"https:\\\/\\\/telemme.mmsh.fr\\\/?p=13391#article\",\"isPartOf\":{\"@id\":\"https:\\\/\\\/telemme.mmsh.fr\\\/?p=13391\"},\"author\":{\"name\":\"Maja Mellet\",\"@id\":\"https:\\\/\\\/telemme.mmsh.fr\\\/#\\\/schema\\\/person\\\/c433e5fd025c00718f715ba73f040691\"},\"headline\":\"TELLEMMe accueille deux nouveaux chercheurs\",\"datePublished\":\"2023-10-18T12:47:35+00:00\",\"mainEntityOfPage\":{\"@id\":\"https:\\\/\\\/telemme.mmsh.fr\\\/?p=13391\"},\"wordCount\":344,\"publisher\":{\"@id\":\"https:\\\/\\\/telemme.mmsh.fr\\\/#organization\"},\"image\":{\"@id\":\"https:\\\/\\\/telemme.mmsh.fr\\\/?p=13391#primaryimage\"},\"thumbnailUrl\":\"https:\\\/\\\/telemme.mmsh.fr\\\/wp-content\\\/uploads\\\/2023\\\/10\\\/nafaa-n-290x300.png\",\"articleSection\":[\"Informations\"],\"inLanguage\":\"fr-FR\"},{\"@type\":\"WebPage\",\"@id\":\"https:\\\/\\\/telemme.mmsh.fr\\\/?p=13391\",\"url\":\"https:\\\/\\\/telemme.mmsh.fr\\\/?p=13391\",\"name\":\"TELLEMMe accueille deux nouveaux chercheurs - TELEMMe - Temps, espaces, langages, Europe m\u00e9ridionale, M\u00e9diterran\u00e9e\",\"isPartOf\":{\"@id\":\"https:\\\/\\\/telemme.mmsh.fr\\\/#website\"},\"primaryImageOfPage\":{\"@id\":\"https:\\\/\\\/telemme.mmsh.fr\\\/?p=13391#primaryimage\"},\"image\":{\"@id\":\"https:\\\/\\\/telemme.mmsh.fr\\\/?p=13391#primaryimage\"},\"thumbnailUrl\":\"https:\\\/\\\/telemme.mmsh.fr\\\/wp-content\\\/uploads\\\/2023\\\/10\\\/nafaa-n-290x300.png\",\"datePublished\":\"2023-10-18T12:47:35+00:00\",\"breadcrumb\":{\"@id\":\"https:\\\/\\\/telemme.mmsh.fr\\\/?p=13391#breadcrumb\"},\"inLanguage\":\"fr-FR\",\"potentialAction\":[{\"@type\":\"ReadAction\",\"target\":[\"https:\\\/\\\/telemme.mmsh.fr\\\/?p=13391\"]}]},{\"@type\":\"ImageObject\",\"inLanguage\":\"fr-FR\",\"@id\":\"https:\\\/\\\/telemme.mmsh.fr\\\/?p=13391#primaryimage\",\"url\":\"https:\\\/\\\/telemme.mmsh.fr\\\/wp-content\\\/uploads\\\/2023\\\/10\\\/nafaa-n.png\",\"contentUrl\":\"https:\\\/\\\/telemme.mmsh.fr\\\/wp-content\\\/uploads\\\/2023\\\/10\\\/nafaa-n.png\",\"width\":605,\"height\":625},{\"@type\":\"BreadcrumbList\",\"@id\":\"https:\\\/\\\/telemme.mmsh.fr\\\/?p=13391#breadcrumb\",\"itemListElement\":[{\"@type\":\"ListItem\",\"position\":1,\"name\":\"Accueil\",\"item\":\"https:\\\/\\\/telemme.mmsh.fr\\\/\"},{\"@type\":\"ListItem\",\"position\":2,\"name\":\"Actualit\u00e9s\",\"item\":\"https:\\\/\\\/telemme.mmsh.fr\\\/?cat=1995\"},{\"@type\":\"ListItem\",\"position\":3,\"name\":\"Informations\",\"item\":\"https:\\\/\\\/telemme.mmsh.fr\\\/?cat=2007\"},{\"@type\":\"ListItem\",\"position\":4,\"name\":\"TELLEMMe accueille deux nouveaux chercheurs\"}]},{\"@type\":\"WebSite\",\"@id\":\"https:\\\/\\\/telemme.mmsh.fr\\\/#website\",\"url\":\"https:\\\/\\\/telemme.mmsh.fr\\\/\",\"name\":\"TELEMMe - Temps, espaces, langages, Europe m\u00e9ridionale, M\u00e9diterran\u00e9e\",\"description\":\"\",\"publisher\":{\"@id\":\"https:\\\/\\\/telemme.mmsh.fr\\\/#organization\"},\"potentialAction\":[{\"@type\":\"SearchAction\",\"target\":{\"@type\":\"EntryPoint\",\"urlTemplate\":\"https:\\\/\\\/telemme.mmsh.fr\\\/?s={search_term_string}\"},\"query-input\":{\"@type\":\"PropertyValueSpecification\",\"valueRequired\":true,\"valueName\":\"search_term_string\"}}],\"inLanguage\":\"fr-FR\"},{\"@type\":\"Organization\",\"@id\":\"https:\\\/\\\/telemme.mmsh.fr\\\/#organization\",\"name\":\"TELEMMe\",\"url\":\"https:\\\/\\\/telemme.mmsh.fr\\\/\",\"logo\":{\"@type\":\"ImageObject\",\"inLanguage\":\"fr-FR\",\"@id\":\"https:\\\/\\\/telemme.mmsh.fr\\\/#\\\/schema\\\/logo\\\/image\\\/\",\"url\":\"https:\\\/\\\/telemme.mmsh.fr\\\/wp-content\\\/uploads\\\/2020\\\/03\\\/LogoTELEMMe-horizontal-fond-transparent.png\",\"contentUrl\":\"https:\\\/\\\/telemme.mmsh.fr\\\/wp-content\\\/uploads\\\/2020\\\/03\\\/LogoTELEMMe-horizontal-fond-transparent.png\",\"width\":1500,\"height\":437,\"caption\":\"TELEMMe\"},\"image\":{\"@id\":\"https:\\\/\\\/telemme.mmsh.fr\\\/#\\\/schema\\\/logo\\\/image\\\/\"}},{\"@type\":\"Person\",\"@id\":\"https:\\\/\\\/telemme.mmsh.fr\\\/#\\\/schema\\\/person\\\/c433e5fd025c00718f715ba73f040691\",\"name\":\"Maja Mellet\",\"url\":\"https:\\\/\\\/telemme.mmsh.fr\\\/?author=175\"}]}<\/script>\n<!-- \/ Yoast SEO plugin. -->","yoast_head_json":{"title":"TELLEMMe accueille deux nouveaux chercheurs - TELEMMe - Temps, espaces, langages, Europe m\u00e9ridionale, M\u00e9diterran\u00e9e","robots":{"index":"index","follow":"follow","max-snippet":"max-snippet:-1","max-image-preview":"max-image-preview:large","max-video-preview":"max-video-preview:-1"},"canonical":"https:\/\/telemme.mmsh.fr\/?p=13391","og_locale":"fr_FR","og_type":"article","og_title":"TELLEMMe accueille deux nouveaux chercheurs - TELEMMe - Temps, espaces, langages, Europe m\u00e9ridionale, M\u00e9diterran\u00e9e","og_description":"Depuis le 1er octobre TELEMMe a le plaisir d&rsquo;accueillir deux chercheurs rattach\u00e9s \u00e0 l\u2019unit\u00e9, charg\u00e9s de recherche, Nora Nafaa et Hugo Vermeren. Nora Nafaa est charg\u00e9e de recherche CNRS en&hellip;&nbsp;Lire la suite &raquo;TELLEMMe accueille deux nouveaux chercheurs","og_url":"https:\/\/telemme.mmsh.fr\/?p=13391","og_site_name":"TELEMMe - Temps, espaces, langages, Europe m\u00e9ridionale, M\u00e9diterran\u00e9e","article_published_time":"2023-10-18T12:47:35+00:00","og_image":[{"url":"https:\/\/telemme.mmsh.fr\/wp-content\/uploads\/2023\/10\/nafaa-n-290x300.png","type":"","width":"","height":""}],"author":"Maja Mellet","twitter_card":"summary_large_image","twitter_misc":{"\u00c9crit par":"Maja Mellet","Dur\u00e9e de lecture estim\u00e9e":"2 minutes"},"schema":{"@context":"https:\/\/schema.org","@graph":[{"@type":"Article","@id":"https:\/\/telemme.mmsh.fr\/?p=13391#article","isPartOf":{"@id":"https:\/\/telemme.mmsh.fr\/?p=13391"},"author":{"name":"Maja Mellet","@id":"https:\/\/telemme.mmsh.fr\/#\/schema\/person\/c433e5fd025c00718f715ba73f040691"},"headline":"TELLEMMe accueille deux nouveaux chercheurs","datePublished":"2023-10-18T12:47:35+00:00","mainEntityOfPage":{"@id":"https:\/\/telemme.mmsh.fr\/?p=13391"},"wordCount":344,"publisher":{"@id":"https:\/\/telemme.mmsh.fr\/#organization"},"image":{"@id":"https:\/\/telemme.mmsh.fr\/?p=13391#primaryimage"},"thumbnailUrl":"https:\/\/telemme.mmsh.fr\/wp-content\/uploads\/2023\/10\/nafaa-n-290x300.png","articleSection":["Informations"],"inLanguage":"fr-FR"},{"@type":"WebPage","@id":"https:\/\/telemme.mmsh.fr\/?p=13391","url":"https:\/\/telemme.mmsh.fr\/?p=13391","name":"TELLEMMe accueille deux nouveaux chercheurs - TELEMMe - Temps, espaces, langages, Europe m\u00e9ridionale, M\u00e9diterran\u00e9e","isPartOf":{"@id":"https:\/\/telemme.mmsh.fr\/#website"},"primaryImageOfPage":{"@id":"https:\/\/telemme.mmsh.fr\/?p=13391#primaryimage"},"image":{"@id":"https:\/\/telemme.mmsh.fr\/?p=13391#primaryimage"},"thumbnailUrl":"https:\/\/telemme.mmsh.fr\/wp-content\/uploads\/2023\/10\/nafaa-n-290x300.png","datePublished":"2023-10-18T12:47:35+00:00","breadcrumb":{"@id":"https:\/\/telemme.mmsh.fr\/?p=13391#breadcrumb"},"inLanguage":"fr-FR","potentialAction":[{"@type":"ReadAction","target":["https:\/\/telemme.mmsh.fr\/?p=13391"]}]},{"@type":"ImageObject","inLanguage":"fr-FR","@id":"https:\/\/telemme.mmsh.fr\/?p=13391#primaryimage","url":"https:\/\/telemme.mmsh.fr\/wp-content\/uploads\/2023\/10\/nafaa-n.png","contentUrl":"https:\/\/telemme.mmsh.fr\/wp-content\/uploads\/2023\/10\/nafaa-n.png","width":605,"height":625},{"@type":"BreadcrumbList","@id":"https:\/\/telemme.mmsh.fr\/?p=13391#breadcrumb","itemListElement":[{"@type":"ListItem","position":1,"name":"Accueil","item":"https:\/\/telemme.mmsh.fr\/"},{"@type":"ListItem","position":2,"name":"Actualit\u00e9s","item":"https:\/\/telemme.mmsh.fr\/?cat=1995"},{"@type":"ListItem","position":3,"name":"Informations","item":"https:\/\/telemme.mmsh.fr\/?cat=2007"},{"@type":"ListItem","position":4,"name":"TELLEMMe accueille deux nouveaux chercheurs"}]},{"@type":"WebSite","@id":"https:\/\/telemme.mmsh.fr\/#website","url":"https:\/\/telemme.mmsh.fr\/","name":"TELEMMe - Temps, espaces, langages, Europe m\u00e9ridionale, M\u00e9diterran\u00e9e","description":"","publisher":{"@id":"https:\/\/telemme.mmsh.fr\/#organization"},"potentialAction":[{"@type":"SearchAction","target":{"@type":"EntryPoint","urlTemplate":"https:\/\/telemme.mmsh.fr\/?s={search_term_string}"},"query-input":{"@type":"PropertyValueSpecification","valueRequired":true,"valueName":"search_term_string"}}],"inLanguage":"fr-FR"},{"@type":"Organization","@id":"https:\/\/telemme.mmsh.fr\/#organization","name":"TELEMMe","url":"https:\/\/telemme.mmsh.fr\/","logo":{"@type":"ImageObject","inLanguage":"fr-FR","@id":"https:\/\/telemme.mmsh.fr\/#\/schema\/logo\/image\/","url":"https:\/\/telemme.mmsh.fr\/wp-content\/uploads\/2020\/03\/LogoTELEMMe-horizontal-fond-transparent.png","contentUrl":"https:\/\/telemme.mmsh.fr\/wp-content\/uploads\/2020\/03\/LogoTELEMMe-horizontal-fond-transparent.png","width":1500,"height":437,"caption":"TELEMMe"},"image":{"@id":"https:\/\/telemme.mmsh.fr\/#\/schema\/logo\/image\/"}},{"@type":"Person","@id":"https:\/\/telemme.mmsh.fr\/#\/schema\/person\/c433e5fd025c00718f715ba73f040691","name":"Maja Mellet","url":"https:\/\/telemme.mmsh.fr\/?author=175"}]}},"_links":{"self":[{"href":"https:\/\/telemme.mmsh.fr\/index.php?rest_route=\/wp\/v2\/posts\/13391","targetHints":{"allow":["GET"]}}],"collection":[{"href":"https:\/\/telemme.mmsh.fr\/index.php?rest_route=\/wp\/v2\/posts"}],"about":[{"href":"https:\/\/telemme.mmsh.fr\/index.php?rest_route=\/wp\/v2\/types\/post"}],"author":[{"embeddable":true,"href":"https:\/\/telemme.mmsh.fr\/index.php?rest_route=\/wp\/v2\/users\/175"}],"replies":[{"embeddable":true,"href":"https:\/\/telemme.mmsh.fr\/index.php?rest_route=%2Fwp%2Fv2%2Fcomments&post=13391"}],"version-history":[{"count":1,"href":"https:\/\/telemme.mmsh.fr\/index.php?rest_route=\/wp\/v2\/posts\/13391\/revisions"}],"predecessor-version":[{"id":13394,"href":"https:\/\/telemme.mmsh.fr\/index.php?rest_route=\/wp\/v2\/posts\/13391\/revisions\/13394"}],"wp:attachment":[{"href":"https:\/\/telemme.mmsh.fr\/index.php?rest_route=%2Fwp%2Fv2%2Fmedia&parent=13391"}],"wp:term":[{"taxonomy":"category","embeddable":true,"href":"https:\/\/telemme.mmsh.fr\/index.php?rest_route=%2Fwp%2Fv2%2Fcategories&post=13391"},{"taxonomy":"post_tag","embeddable":true,"href":"https:\/\/telemme.mmsh.fr\/index.php?rest_route=%2Fwp%2Fv2%2Ftags&post=13391"}],"curies":[{"name":"wp","href":"https:\/\/api.w.org\/{rel}","templated":true}]}}