{"id":13335,"date":"2023-10-04T11:40:42","date_gmt":"2023-10-04T09:40:42","guid":{"rendered":"https:\/\/telemme.mmsh.fr\/?p=13335"},"modified":"2023-10-04T11:40:42","modified_gmt":"2023-10-04T09:40:42","slug":"etre-marchand-au-moyen-age-une-double-biographie-xive-xve-siecle","status":"publish","type":"post","link":"https:\/\/telemme.mmsh.fr\/?p=13335","title":{"rendered":"\u00catre marchand au Moyen \u00c2ge  Une double biographie XIVe-XVe si\u00e8cle"},"content":{"rendered":"<blockquote>\n<p class=\"product_title entry-title\"><a href=\"https:\/\/www.cnrseditions.fr\/catalogue\/histoire\/etre-marchand-au-moyen-age\/\">\u00catre marchand au Moyen \u00c2ge, Une double biographie XIVe-XVe si\u00e8cle<\/a>,<a href=\"https:\/\/telemme.mmsh.fr\/?membres=laure-helene-gouffran\">Gouffran Laure-H\u00e9l\u00e8ne<\/a>, CNRS \u00e9ditions, 2023, 344 pages<\/p>\n<\/blockquote>\n<p>\u00c0 l\u2019origine de ce livre, l\u2019ambition d\u2019\u00e9crire la biographie de Bertrand Rocafort, marchand proven\u00e7al au tournant des XIV<sup>e<\/sup>\u00a0et XV<sup>e<\/sup>\u202fsi\u00e8cles, la volont\u00e9 de retracer une vie ordinaire \u00e9clair\u00e9e par un corpus documentaire extraordinaire.<br \/>\nAlors que l\u2019enqu\u00eate commence, les interrogations se multiplient.\u00a0Le nom est parfois pr\u00e9c\u00e9d\u00e9 d\u2019une particule, parfois non\u2009; il appara\u00eet tant\u00f4t comme un fils de charpentier, tant\u00f4t comme un coseigneur. Cet homme en cacherait-il un autre\u2009? Les doutes persistent\u2026 jusqu\u2019\u00e0 la d\u00e9couverte d\u2019un deuxi\u00e8me testament\u2009: il existe bel et bien deux Rocafort pr\u00e9nomm\u00e9s Bertrand, exer\u00e7ant dans une m\u00eame zone d\u2019activit\u00e9, et partiellement ins\u00e9r\u00e9s dans les m\u00eames r\u00e9seaux. Un d\u00e9doublement impr\u00e9vu qui ouvre des possibilit\u00e9s de croisements f\u00e9conds pour interroger la construction des identit\u00e9s urbaines \u00e0 la fin du Moyen \u00c2ge.<br \/>\nCe livre questionne les origines, les relations, les activit\u00e9s et l\u2019environnement intellectuel de ces deux marchands qui d\u00e9veloppent, chacun \u00e0 sa mani\u00e8re, une carri\u00e8re enviable. Laure-H\u00e9l\u00e8ne Gouffran met l\u2019accent sur les exp\u00e9riences v\u00e9cues, sur la pluralit\u00e9 des interactions sociales, et sur des pratiques tout \u00e0 la fois commer\u00e7antes, religieuses et politiques, guid\u00e9es par une volont\u00e9 de s\u2019investir dans la cit\u00e9. \u00c0 travers cette double biographie, cet ouvrage d\u00e9passe l\u2019\u00e9tude \u00ab\u202fdu\u202f\u00bb marchand pour dresser, par petites touches, les contours d\u2019une \u00e9lite urbaine prot\u00e9iforme et \u00e9clairer un temps singulier de la ville de Marseille \u00e0 la fin du Moyen \u00c2ge.<\/p>\n","protected":false},"excerpt":{"rendered":"<p>\u00catre marchand au Moyen \u00c2ge, Une double biographie XIVe-XVe si\u00e8cle,Gouffran Laure-H\u00e9l\u00e8ne, CNRS \u00e9ditions, 2023, 344 pages \u00c0 l\u2019origine de ce livre, l\u2019ambition d\u2019\u00e9crire la biographie de Bertrand Rocafort, marchand proven\u00e7al&hellip;&nbsp;<a href=\"https:\/\/telemme.mmsh.fr\/?p=13335\" rel=\"bookmark\">Lire la suite &raquo;<span class=\"screen-reader-text\">\u00catre marchand au Moyen \u00c2ge  Une double biographie XIVe-XVe si\u00e8cle<\/span><\/a><\/p>\n","protected":false},"author":175,"featured_media":13336,"comment_status":"closed","ping_status":"closed","sticky":false,"template":"","format":"standard","meta":{"neve_meta_sidebar":"","neve_meta_container":"","neve_meta_enable_content_width":"off","neve_meta_content_width":70,"neve_meta_title_alignment":"","neve_meta_author_avatar":"","neve_post_elements_order":"","neve_meta_disable_header":"","neve_meta_disable_footer":"","neve_meta_disable_title":"","_tribe_events_control_status":"","_tribe_events_control_status_canceled_reason":"","_tribe_events_control_status_postponed_reason":"","_tribe_events_control_online":"","_tribe_events_control_online_url":"","footnotes":""},"categories":[1740],"tags":[],"class_list":["post-13335","post","type-post","status-publish","format-standard","has-post-thumbnail","hentry","category-ouvrages"],"yoast_head":"<!-- This site is optimized with the Yoast SEO plugin v27.4 - https:\/\/yoast.com\/product\/yoast-seo-wordpress\/ -->\n<title>\u00catre marchand au Moyen \u00c2ge Une double biographie XIVe-XVe si\u00e8cle - TELEMMe - Temps, espaces, langages, Europe m\u00e9ridionale, M\u00e9diterran\u00e9e<\/title>\n<meta name=\"description\" content=\"\u00catre marchand au Moyen \u00c2ge Une double biographie XIVe-XVe si\u00e8cle\" \/>\n<meta name=\"robots\" content=\"index, follow, max-snippet:-1, max-image-preview:large, max-video-preview:-1\" \/>\n<link rel=\"canonical\" href=\"https:\/\/telemme.mmsh.fr\/?p=13335\" \/>\n<meta property=\"og:locale\" content=\"fr_FR\" \/>\n<meta property=\"og:type\" content=\"article\" \/>\n<meta property=\"og:title\" content=\"\u00catre marchand au Moyen \u00c2ge Une double biographie XIVe-XVe si\u00e8cle - TELEMMe - Temps, espaces, langages, Europe m\u00e9ridionale, M\u00e9diterran\u00e9e\" \/>\n<meta property=\"og:description\" content=\"\u00catre marchand au Moyen \u00c2ge Une double biographie XIVe-XVe si\u00e8cle\" \/>\n<meta property=\"og:url\" content=\"https:\/\/telemme.mmsh.fr\/?p=13335\" \/>\n<meta property=\"og:site_name\" content=\"TELEMMe - Temps, espaces, langages, Europe m\u00e9ridionale, M\u00e9diterran\u00e9e\" \/>\n<meta property=\"article:published_time\" content=\"2023-10-04T09:40:42+00:00\" \/>\n<meta property=\"og:image\" content=\"https:\/\/telemme.mmsh.fr\/wp-content\/uploads\/2023\/10\/9782271146168.jpg\" \/>\n\t<meta property=\"og:image:width\" content=\"600\" \/>\n\t<meta property=\"og:image:height\" content=\"916\" \/>\n\t<meta property=\"og:image:type\" content=\"image\/jpeg\" \/>\n<meta name=\"author\" content=\"Maja Mellet\" \/>\n<meta name=\"twitter:card\" content=\"summary_large_image\" \/>\n<meta name=\"twitter:label1\" content=\"\u00c9crit par\" \/>\n\t<meta name=\"twitter:data1\" content=\"Maja Mellet\" \/>\n\t<meta name=\"twitter:label2\" content=\"Dur\u00e9e de lecture estim\u00e9e\" \/>\n\t<meta name=\"twitter:data2\" content=\"1 minute\" \/>\n<script type=\"application\/ld+json\" class=\"yoast-schema-graph\">{\"@context\":\"https:\\\/\\\/schema.org\",\"@graph\":[{\"@type\":\"Article\",\"@id\":\"https:\\\/\\\/telemme.mmsh.fr\\\/?p=13335#article\",\"isPartOf\":{\"@id\":\"https:\\\/\\\/telemme.mmsh.fr\\\/?p=13335\"},\"author\":{\"name\":\"Maja Mellet\",\"@id\":\"https:\\\/\\\/telemme.mmsh.fr\\\/#\\\/schema\\\/person\\\/c433e5fd025c00718f715ba73f040691\"},\"headline\":\"\u00catre marchand au Moyen \u00c2ge Une double biographie XIVe-XVe si\u00e8cle\",\"datePublished\":\"2023-10-04T09:40:42+00:00\",\"mainEntityOfPage\":{\"@id\":\"https:\\\/\\\/telemme.mmsh.fr\\\/?p=13335\"},\"wordCount\":292,\"publisher\":{\"@id\":\"https:\\\/\\\/telemme.mmsh.fr\\\/#organization\"},\"image\":{\"@id\":\"https:\\\/\\\/telemme.mmsh.fr\\\/?p=13335#primaryimage\"},\"thumbnailUrl\":\"https:\\\/\\\/telemme.mmsh.fr\\\/wp-content\\\/uploads\\\/2023\\\/10\\\/9782271146168.jpg\",\"articleSection\":[\"Ouvrages\"],\"inLanguage\":\"fr-FR\"},{\"@type\":\"WebPage\",\"@id\":\"https:\\\/\\\/telemme.mmsh.fr\\\/?p=13335\",\"url\":\"https:\\\/\\\/telemme.mmsh.fr\\\/?p=13335\",\"name\":\"\u00catre marchand au Moyen \u00c2ge Une double biographie XIVe-XVe si\u00e8cle - TELEMMe - Temps, espaces, langages, Europe m\u00e9ridionale, M\u00e9diterran\u00e9e\",\"isPartOf\":{\"@id\":\"https:\\\/\\\/telemme.mmsh.fr\\\/#website\"},\"primaryImageOfPage\":{\"@id\":\"https:\\\/\\\/telemme.mmsh.fr\\\/?p=13335#primaryimage\"},\"image\":{\"@id\":\"https:\\\/\\\/telemme.mmsh.fr\\\/?p=13335#primaryimage\"},\"thumbnailUrl\":\"https:\\\/\\\/telemme.mmsh.fr\\\/wp-content\\\/uploads\\\/2023\\\/10\\\/9782271146168.jpg\",\"datePublished\":\"2023-10-04T09:40:42+00:00\",\"description\":\"\u00catre marchand au Moyen \u00c2ge Une double biographie XIVe-XVe si\u00e8cle\",\"breadcrumb\":{\"@id\":\"https:\\\/\\\/telemme.mmsh.fr\\\/?p=13335#breadcrumb\"},\"inLanguage\":\"fr-FR\",\"potentialAction\":[{\"@type\":\"ReadAction\",\"target\":[\"https:\\\/\\\/telemme.mmsh.fr\\\/?p=13335\"]}]},{\"@type\":\"ImageObject\",\"inLanguage\":\"fr-FR\",\"@id\":\"https:\\\/\\\/telemme.mmsh.fr\\\/?p=13335#primaryimage\",\"url\":\"https:\\\/\\\/telemme.mmsh.fr\\\/wp-content\\\/uploads\\\/2023\\\/10\\\/9782271146168.jpg\",\"contentUrl\":\"https:\\\/\\\/telemme.mmsh.fr\\\/wp-content\\\/uploads\\\/2023\\\/10\\\/9782271146168.jpg\",\"width\":600,\"height\":916},{\"@type\":\"BreadcrumbList\",\"@id\":\"https:\\\/\\\/telemme.mmsh.fr\\\/?p=13335#breadcrumb\",\"itemListElement\":[{\"@type\":\"ListItem\",\"position\":1,\"name\":\"Accueil\",\"item\":\"https:\\\/\\\/telemme.mmsh.fr\\\/\"},{\"@type\":\"ListItem\",\"position\":2,\"name\":\"Publications\",\"item\":\"https:\\\/\\\/telemme.mmsh.fr\\\/?cat=1738\"},{\"@type\":\"ListItem\",\"position\":3,\"name\":\"Ouvrages\",\"item\":\"https:\\\/\\\/telemme.mmsh.fr\\\/?cat=1740\"},{\"@type\":\"ListItem\",\"position\":4,\"name\":\"\u00catre marchand au Moyen \u00c2ge Une double biographie XIVe-XVe si\u00e8cle\"}]},{\"@type\":\"WebSite\",\"@id\":\"https:\\\/\\\/telemme.mmsh.fr\\\/#website\",\"url\":\"https:\\\/\\\/telemme.mmsh.fr\\\/\",\"name\":\"TELEMMe - Temps, espaces, langages, Europe m\u00e9ridionale, M\u00e9diterran\u00e9e\",\"description\":\"\",\"publisher\":{\"@id\":\"https:\\\/\\\/telemme.mmsh.fr\\\/#organization\"},\"potentialAction\":[{\"@type\":\"SearchAction\",\"target\":{\"@type\":\"EntryPoint\",\"urlTemplate\":\"https:\\\/\\\/telemme.mmsh.fr\\\/?s={search_term_string}\"},\"query-input\":{\"@type\":\"PropertyValueSpecification\",\"valueRequired\":true,\"valueName\":\"search_term_string\"}}],\"inLanguage\":\"fr-FR\"},{\"@type\":\"Organization\",\"@id\":\"https:\\\/\\\/telemme.mmsh.fr\\\/#organization\",\"name\":\"TELEMMe\",\"url\":\"https:\\\/\\\/telemme.mmsh.fr\\\/\",\"logo\":{\"@type\":\"ImageObject\",\"inLanguage\":\"fr-FR\",\"@id\":\"https:\\\/\\\/telemme.mmsh.fr\\\/#\\\/schema\\\/logo\\\/image\\\/\",\"url\":\"https:\\\/\\\/telemme.mmsh.fr\\\/wp-content\\\/uploads\\\/2020\\\/03\\\/LogoTELEMMe-horizontal-fond-transparent.png\",\"contentUrl\":\"https:\\\/\\\/telemme.mmsh.fr\\\/wp-content\\\/uploads\\\/2020\\\/03\\\/LogoTELEMMe-horizontal-fond-transparent.png\",\"width\":1500,\"height\":437,\"caption\":\"TELEMMe\"},\"image\":{\"@id\":\"https:\\\/\\\/telemme.mmsh.fr\\\/#\\\/schema\\\/logo\\\/image\\\/\"}},{\"@type\":\"Person\",\"@id\":\"https:\\\/\\\/telemme.mmsh.fr\\\/#\\\/schema\\\/person\\\/c433e5fd025c00718f715ba73f040691\",\"name\":\"Maja Mellet\",\"url\":\"https:\\\/\\\/telemme.mmsh.fr\\\/?author=175\"}]}<\/script>\n<!-- \/ Yoast SEO plugin. -->","yoast_head_json":{"title":"\u00catre marchand au Moyen \u00c2ge Une double biographie XIVe-XVe si\u00e8cle - TELEMMe - Temps, espaces, langages, Europe m\u00e9ridionale, M\u00e9diterran\u00e9e","description":"\u00catre marchand au Moyen \u00c2ge Une double biographie XIVe-XVe si\u00e8cle","robots":{"index":"index","follow":"follow","max-snippet":"max-snippet:-1","max-image-preview":"max-image-preview:large","max-video-preview":"max-video-preview:-1"},"canonical":"https:\/\/telemme.mmsh.fr\/?p=13335","og_locale":"fr_FR","og_type":"article","og_title":"\u00catre marchand au Moyen \u00c2ge Une double biographie XIVe-XVe si\u00e8cle - TELEMMe - Temps, espaces, langages, Europe m\u00e9ridionale, M\u00e9diterran\u00e9e","og_description":"\u00catre marchand au Moyen \u00c2ge Une double biographie XIVe-XVe si\u00e8cle","og_url":"https:\/\/telemme.mmsh.fr\/?p=13335","og_site_name":"TELEMMe - Temps, espaces, langages, Europe m\u00e9ridionale, M\u00e9diterran\u00e9e","article_published_time":"2023-10-04T09:40:42+00:00","og_image":[{"width":600,"height":916,"url":"https:\/\/telemme.mmsh.fr\/wp-content\/uploads\/2023\/10\/9782271146168.jpg","type":"image\/jpeg"}],"author":"Maja Mellet","twitter_card":"summary_large_image","twitter_misc":{"\u00c9crit par":"Maja Mellet","Dur\u00e9e de lecture estim\u00e9e":"1 minute"},"schema":{"@context":"https:\/\/schema.org","@graph":[{"@type":"Article","@id":"https:\/\/telemme.mmsh.fr\/?p=13335#article","isPartOf":{"@id":"https:\/\/telemme.mmsh.fr\/?p=13335"},"author":{"name":"Maja Mellet","@id":"https:\/\/telemme.mmsh.fr\/#\/schema\/person\/c433e5fd025c00718f715ba73f040691"},"headline":"\u00catre marchand au Moyen \u00c2ge Une double biographie XIVe-XVe si\u00e8cle","datePublished":"2023-10-04T09:40:42+00:00","mainEntityOfPage":{"@id":"https:\/\/telemme.mmsh.fr\/?p=13335"},"wordCount":292,"publisher":{"@id":"https:\/\/telemme.mmsh.fr\/#organization"},"image":{"@id":"https:\/\/telemme.mmsh.fr\/?p=13335#primaryimage"},"thumbnailUrl":"https:\/\/telemme.mmsh.fr\/wp-content\/uploads\/2023\/10\/9782271146168.jpg","articleSection":["Ouvrages"],"inLanguage":"fr-FR"},{"@type":"WebPage","@id":"https:\/\/telemme.mmsh.fr\/?p=13335","url":"https:\/\/telemme.mmsh.fr\/?p=13335","name":"\u00catre marchand au Moyen \u00c2ge Une double biographie XIVe-XVe si\u00e8cle - TELEMMe - Temps, espaces, langages, Europe m\u00e9ridionale, M\u00e9diterran\u00e9e","isPartOf":{"@id":"https:\/\/telemme.mmsh.fr\/#website"},"primaryImageOfPage":{"@id":"https:\/\/telemme.mmsh.fr\/?p=13335#primaryimage"},"image":{"@id":"https:\/\/telemme.mmsh.fr\/?p=13335#primaryimage"},"thumbnailUrl":"https:\/\/telemme.mmsh.fr\/wp-content\/uploads\/2023\/10\/9782271146168.jpg","datePublished":"2023-10-04T09:40:42+00:00","description":"\u00catre marchand au Moyen \u00c2ge Une double biographie XIVe-XVe si\u00e8cle","breadcrumb":{"@id":"https:\/\/telemme.mmsh.fr\/?p=13335#breadcrumb"},"inLanguage":"fr-FR","potentialAction":[{"@type":"ReadAction","target":["https:\/\/telemme.mmsh.fr\/?p=13335"]}]},{"@type":"ImageObject","inLanguage":"fr-FR","@id":"https:\/\/telemme.mmsh.fr\/?p=13335#primaryimage","url":"https:\/\/telemme.mmsh.fr\/wp-content\/uploads\/2023\/10\/9782271146168.jpg","contentUrl":"https:\/\/telemme.mmsh.fr\/wp-content\/uploads\/2023\/10\/9782271146168.jpg","width":600,"height":916},{"@type":"BreadcrumbList","@id":"https:\/\/telemme.mmsh.fr\/?p=13335#breadcrumb","itemListElement":[{"@type":"ListItem","position":1,"name":"Accueil","item":"https:\/\/telemme.mmsh.fr\/"},{"@type":"ListItem","position":2,"name":"Publications","item":"https:\/\/telemme.mmsh.fr\/?cat=1738"},{"@type":"ListItem","position":3,"name":"Ouvrages","item":"https:\/\/telemme.mmsh.fr\/?cat=1740"},{"@type":"ListItem","position":4,"name":"\u00catre marchand au Moyen \u00c2ge Une double biographie XIVe-XVe si\u00e8cle"}]},{"@type":"WebSite","@id":"https:\/\/telemme.mmsh.fr\/#website","url":"https:\/\/telemme.mmsh.fr\/","name":"TELEMMe - Temps, espaces, langages, Europe m\u00e9ridionale, M\u00e9diterran\u00e9e","description":"","publisher":{"@id":"https:\/\/telemme.mmsh.fr\/#organization"},"potentialAction":[{"@type":"SearchAction","target":{"@type":"EntryPoint","urlTemplate":"https:\/\/telemme.mmsh.fr\/?s={search_term_string}"},"query-input":{"@type":"PropertyValueSpecification","valueRequired":true,"valueName":"search_term_string"}}],"inLanguage":"fr-FR"},{"@type":"Organization","@id":"https:\/\/telemme.mmsh.fr\/#organization","name":"TELEMMe","url":"https:\/\/telemme.mmsh.fr\/","logo":{"@type":"ImageObject","inLanguage":"fr-FR","@id":"https:\/\/telemme.mmsh.fr\/#\/schema\/logo\/image\/","url":"https:\/\/telemme.mmsh.fr\/wp-content\/uploads\/2020\/03\/LogoTELEMMe-horizontal-fond-transparent.png","contentUrl":"https:\/\/telemme.mmsh.fr\/wp-content\/uploads\/2020\/03\/LogoTELEMMe-horizontal-fond-transparent.png","width":1500,"height":437,"caption":"TELEMMe"},"image":{"@id":"https:\/\/telemme.mmsh.fr\/#\/schema\/logo\/image\/"}},{"@type":"Person","@id":"https:\/\/telemme.mmsh.fr\/#\/schema\/person\/c433e5fd025c00718f715ba73f040691","name":"Maja Mellet","url":"https:\/\/telemme.mmsh.fr\/?author=175"}]}},"_links":{"self":[{"href":"https:\/\/telemme.mmsh.fr\/index.php?rest_route=\/wp\/v2\/posts\/13335","targetHints":{"allow":["GET"]}}],"collection":[{"href":"https:\/\/telemme.mmsh.fr\/index.php?rest_route=\/wp\/v2\/posts"}],"about":[{"href":"https:\/\/telemme.mmsh.fr\/index.php?rest_route=\/wp\/v2\/types\/post"}],"author":[{"embeddable":true,"href":"https:\/\/telemme.mmsh.fr\/index.php?rest_route=\/wp\/v2\/users\/175"}],"replies":[{"embeddable":true,"href":"https:\/\/telemme.mmsh.fr\/index.php?rest_route=%2Fwp%2Fv2%2Fcomments&post=13335"}],"version-history":[{"count":1,"href":"https:\/\/telemme.mmsh.fr\/index.php?rest_route=\/wp\/v2\/posts\/13335\/revisions"}],"predecessor-version":[{"id":13337,"href":"https:\/\/telemme.mmsh.fr\/index.php?rest_route=\/wp\/v2\/posts\/13335\/revisions\/13337"}],"wp:featuredmedia":[{"embeddable":true,"href":"https:\/\/telemme.mmsh.fr\/index.php?rest_route=\/wp\/v2\/media\/13336"}],"wp:attachment":[{"href":"https:\/\/telemme.mmsh.fr\/index.php?rest_route=%2Fwp%2Fv2%2Fmedia&parent=13335"}],"wp:term":[{"taxonomy":"category","embeddable":true,"href":"https:\/\/telemme.mmsh.fr\/index.php?rest_route=%2Fwp%2Fv2%2Fcategories&post=13335"},{"taxonomy":"post_tag","embeddable":true,"href":"https:\/\/telemme.mmsh.fr\/index.php?rest_route=%2Fwp%2Fv2%2Ftags&post=13335"}],"curies":[{"name":"wp","href":"https:\/\/api.w.org\/{rel}","templated":true}]}}