{"id":13166,"date":"2023-09-25T10:18:03","date_gmt":"2023-09-25T08:18:03","guid":{"rendered":"https:\/\/telemme.mmsh.fr\/?p=13166"},"modified":"2023-10-04T10:34:34","modified_gmt":"2023-10-04T08:34:34","slug":"telemme-aux-rendez-vous-de-lhistoire-de-blois-2023","status":"publish","type":"post","link":"https:\/\/telemme.mmsh.fr\/?p=13166","title":{"rendered":"TELEMMe aux Rendez-vous de l&rsquo;histoire de Blois 2023"},"content":{"rendered":"\n<h5 class=\"wp-block-heading has-text-align-center\"><strong>Cette ann\u00e9e encore, plusieurs membres de TELEMMe seront pr\u00e9sent\u00b7es aux <a href=\"https:\/\/rdv-histoire.com\/\">Rendez-vous de l&rsquo;histoire de Blois<\/a>, consacr\u00e9s aux <\/strong><a href=\"https:\/\/rdv-histoire.com\/programme\"><strong>vivants et les morts<\/strong>.<\/a><br>Les RVH 2023 se tiennent du 4 au 8 octobre en <a href=\"https:\/\/rdv-histoire.com\/infos-pratiques\">plusieurs lieux de la ville<\/a>.<\/h5>\n\n\n\n<hr class=\"wp-block-separator has-alpha-channel-opacity\"\/>\n\n\n\n<div class=\"wp-block-columns is-layout-flex wp-container-core-columns-is-layout-9d6595d7 wp-block-columns-is-layout-flex\">\n<div class=\"wp-block-column is-layout-flow wp-block-column-is-layout-flow\" style=\"flex-basis:33.33%\">\n<figure class=\"wp-block-image size-full is-resized is-style-rounded\"><img loading=\"lazy\" decoding=\"async\" src=\"https:\/\/telemme.mmsh.fr\/wp-content\/uploads\/2023\/09\/Regis-Bertrand-3-500x620-1.jpg\" alt=\"\" class=\"wp-image-13291\" style=\"width:212px;height:262px\" width=\"212\" height=\"262\" srcset=\"https:\/\/telemme.mmsh.fr\/wp-content\/uploads\/2023\/09\/Regis-Bertrand-3-500x620-1.jpg 500w, https:\/\/telemme.mmsh.fr\/wp-content\/uploads\/2023\/09\/Regis-Bertrand-3-500x620-1-242x300.jpg 242w\" sizes=\"auto, (max-width: 212px) 100vw, 212px\" \/><\/figure>\n<\/div>\n\n\n\n<div class=\"wp-block-column is-layout-flow wp-block-column-is-layout-flow\" style=\"flex-basis:66.66%\">\n<h2 class=\"wp-block-heading\"><a href=\"https:\/\/telemme.mmsh.fr\/?membres=regis-bertrand\">R\u00e9gis BERTRAND<\/a>, Professeur \u00e9m\u00e9rite d&rsquo;histoire moderne<\/h2>\n\n\n\n<hr class=\"wp-block-separator has-alpha-channel-opacity\"\/>\n\n\n\n<p><strong>Sam. 07 Oct. 2023 14:15<\/strong> Table Ronde Le Conseil Scientifique <em><a href=\"https:\/\/rdv-histoire.com\/programme\/prendre-soin-des-morts\">Prendre soin des morts<\/a><\/em><\/p>\n\n\n\n<p class=\"has-small-font-size\"> Blois \u2022 Universit\u00e9 Site Jaur\u00e8s , Amphi 3 William Bouguereau<\/p>\n\n\n\n<hr class=\"wp-block-separator has-alpha-channel-opacity is-style-dots\"\/>\n\n\n\n<p><strong>Sam. 07 Dim. 08 Oct. 2023<\/strong> Rencontre<a href=\"https:\/\/rdv-histoire.com\/programme\/le-marathon-des-images-0\"> <em>Le Marathon des images<\/em><\/a><\/p>\n\n\n\n<p class=\"has-small-font-size\">Blois \u2022 Les Lobis , Salle 1<\/p>\n<\/div>\n<\/div>\n\n\n\n<hr class=\"wp-block-separator has-alpha-channel-opacity\"\/>\n\n\n\n<div class=\"wp-block-columns is-layout-flex wp-container-core-columns-is-layout-9d6595d7 wp-block-columns-is-layout-flex\">\n<div class=\"wp-block-column is-layout-flow wp-block-column-is-layout-flow\" style=\"flex-basis:66.66%\">\n<h2 class=\"wp-block-heading\"><a href=\"https:\/\/telemme.mmsh.fr\/?membres=anne-carol\">Anne CAROL<\/a>, Professeure d\u2019histoire contemporaine<\/h2>\n\n\n\n<hr class=\"wp-block-separator has-alpha-channel-opacity\"\/>\n\n\n\n<p><strong>Jeu. 05 Oct. 2023 14:15<\/strong> Conf\u00e9rence Le Conseil Scientifique <em><a href=\"https:\/\/rdv-histoire.com\/programme\/conserver-les-morts\">Conserver les morts<\/a><\/em><\/p>\n\n\n\n<p class=\"has-small-font-size\">Blois \u2022 Ch\u00e2teau Royal de Blois , Salle Gaston d&rsquo;Orl\u00e9ans Le Conseil Scientifique<\/p>\n\n\n\n<hr class=\"wp-block-separator has-alpha-channel-opacity is-style-dots\"\/>\n\n\n\n<p><strong>Ven. 06 Oct. 2023 11:30 <\/strong>Table Ronde Les Cartes Blanches <a href=\"https:\/\/rdv-histoire.com\/programme\/comment-travaillent-les-medecins-avant-au-moment-et-apres-la-mort-des-individus\"><em>Comment travaillent les m\u00e9decins avant<\/em>, <em>au moment et apr\u00e8s la mort des individus ?<\/em><\/a><\/p>\n\n\n\n<p class=\"has-small-font-size\"> Blois \u2022 Site Chocolaterie de l&rsquo;IUT , Amphi<\/p>\n\n\n\n<hr class=\"wp-block-separator has-alpha-channel-opacity is-style-dots\"\/>\n\n\n\n<p><strong>Ven. 06 Oct. 2023 16:15<\/strong> Table Ronde Les Cartes Blanches<em><a href=\"https:\/\/rdv-histoire.com\/programme\/la-mort-au-parlement\"> La mort au Parlement<\/a><\/em><\/p>\n\n\n\n<p class=\"has-small-font-size\">Blois \u2022 H\u00f4tel de ville , Salle du conseil municipal<\/p>\n\n\n\n<hr class=\"wp-block-separator has-alpha-channel-opacity is-style-dots\"\/>\n\n\n\n<p><strong>Sam. 07 Oct. 2023 14:15<\/strong> Table Ronde Le Conseil Scientifique <em><a href=\"https:\/\/rdv-histoire.com\/programme\/prendre-soin-des-morts\">Prendre soin des morts<\/a><\/em><\/p>\n\n\n\n<p class=\"has-small-font-size\"> Blois \u2022 Universit\u00e9 Site Jaur\u00e8s , Amphi 3 William Bouguereau<\/p>\n\n\n\n<hr class=\"wp-block-separator has-alpha-channel-opacity is-style-dots\"\/>\n\n\n\n<p><strong>Sam. 07 Oct. 2023 18:30<\/strong> Table Ronde Le Conseil Scientifique<a href=\"https:\/\/rdv-histoire.com\/programme\/reussir-sa-mort\"> <em>R\u00e9ussir sa mort<\/em><\/a><\/p>\n\n\n\n<p class=\"has-small-font-size\">Blois \u2022 Halle aux grains , H\u00e9micycle Le Conseil Scientifique<\/p>\n\n\n\n<hr class=\"wp-block-separator has-alpha-channel-opacity is-style-dots\"\/>\n\n\n\n<p><strong>Sam. 07 Dim. 08 Oct. 2023<\/strong> Rencontre <a href=\"https:\/\/rdv-histoire.com\/programme\/le-marathon-des-images-0\"><em>Le Marathon des images<\/em><\/a><\/p>\n\n\n\n<p class=\"has-small-font-size\">&nbsp;Blois \u2022 Les Lobis , Salle 1<\/p>\n\n\n\n<hr class=\"wp-block-separator has-alpha-channel-opacity is-style-dots\"\/>\n\n\n\n<p><strong>Dim. 08 Oct. 2023 11:30<\/strong> Table Ronde Le Conseil Scientifique <em><a href=\"https:\/\/rdv-histoire.com\/programme\/repousser-les-limites-de-la-vie\">Repousser les limites de la vie<\/a><\/em><\/p>\n\n\n\n<p class=\"has-small-font-size\">Blois \u2022 Universit\u00e9 Site Jaur\u00e8s , Amphi 1 Le Conseil Scientifique<\/p>\n\n\n\n<hr class=\"wp-block-separator has-alpha-channel-opacity is-style-dots\"\/>\n\n\n\n<p><\/p>\n\n\n\n<p><strong>A noter aussi plusieurs interventions dans les m\u00e9dias : <\/strong><\/p>\n\n\n\n<ul class=\"wp-block-list\">\n<li> Article dans <em>Le Monde des livres<\/em> : \u00ab\u00a0La puissance et le myst\u00e8re des corps morts\u00a0\u00bb.\u00a0<\/li>\n<\/ul>\n\n\n\n<ul class=\"wp-block-list\">\n<li>Un article \u00ab\u00a0Un corps disput\u00e9 : le d\u00e9membrement de Gambetta\u00a0\u00bb, dans <em>Le Monde<\/em>, Hors s\u00e9rie <em>La mort en face<\/em>, p. 60-61 + texte d\u2019introduction aux RDV de l&rsquo;Histoire : \u00ab Cette mort qui nous oblige\u00a0\u00bb, p. 96.<\/li>\n\n\n\n<li>Parution dans <em>L\u20191 hebdo<\/em> du grand entretien \u00ab\u00a0La mort est aujourd\u2019hui plus que jamais une affaire solitaire\u00a0\u00bb<\/li>\n\n\n\n<li>Interview  \u00e0 \u00ab\u00a0La question du jour\u00a0\u00bb \u00a0de la matinale de France Culture, par Guillaume Erner.\u00a0<\/li>\n<\/ul>\n\n\n\n<p><\/p>\n<\/div>\n\n\n\n<div class=\"wp-block-column is-layout-flow wp-block-column-is-layout-flow\" style=\"flex-basis:33.33%\">\n<figure class=\"wp-block-image size-full is-resized is-style-rounded\"><img loading=\"lazy\" decoding=\"async\" src=\"https:\/\/telemme.mmsh.fr\/wp-content\/uploads\/2023\/09\/Anne_carol.jpg.webp\" alt=\"\" class=\"wp-image-13171\" style=\"width:263px;height:351px\" width=\"263\" height=\"351\" srcset=\"https:\/\/telemme.mmsh.fr\/wp-content\/uploads\/2023\/09\/Anne_carol.jpg.webp 640w, https:\/\/telemme.mmsh.fr\/wp-content\/uploads\/2023\/09\/Anne_carol.jpg-225x300.webp 225w\" sizes=\"auto, (max-width: 263px) 100vw, 263px\" \/><\/figure>\n<\/div>\n<\/div>\n\n\n\n<hr class=\"wp-block-separator has-alpha-channel-opacity\"\/>\n\n\n\n<div class=\"wp-block-columns is-layout-flex wp-container-core-columns-is-layout-9d6595d7 wp-block-columns-is-layout-flex\">\n<div class=\"wp-block-column is-layout-flow wp-block-column-is-layout-flow\" style=\"flex-basis:33.33%\">\n<figure class=\"wp-block-image size-full is-resized is-style-rounded\"><img loading=\"lazy\" decoding=\"async\" src=\"https:\/\/telemme.mmsh.fr\/wp-content\/uploads\/2023\/09\/Pierre-Marie-Delpu.jpg.webp\" alt=\"\" class=\"wp-image-13292\" style=\"width:192px;height:256px\" width=\"192\" height=\"256\" srcset=\"https:\/\/telemme.mmsh.fr\/wp-content\/uploads\/2023\/09\/Pierre-Marie-Delpu.jpg.webp 640w, https:\/\/telemme.mmsh.fr\/wp-content\/uploads\/2023\/09\/Pierre-Marie-Delpu.jpg-225x300.webp 225w\" sizes=\"auto, (max-width: 192px) 100vw, 192px\" \/><\/figure>\n<\/div>\n\n\n\n<div class=\"wp-block-column is-layout-flow wp-block-column-is-layout-flow\" style=\"flex-basis:66.66%\">\n<h2 class=\"wp-block-heading\"><a href=\"https:\/\/telemme.mmsh.fr\/?membres=pierre-marie-delpu\">Pierre-Marie DELPU<\/a>, membre associ\u00e9, docteur en histoire<\/h2>\n\n\n\n<hr class=\"wp-block-separator has-alpha-channel-opacity\"\/>\n\n\n\n<p><strong>Ven. 06 Oct. 2023 11:00<\/strong> Table Ronde <em><a href=\"https:\/\/rdv-histoire.com\/programme\/memoire-des-morts-luttes-des-vivants-usages-du-martyre-politique-au-xxe-siecle\">Les Cartes Blanches M\u00e9moire des morts, luttes des vivants: usages du martyre politique au XXe si\u00e8cle<\/a><\/em> <\/p>\n\n\n\n<p class=\"has-small-font-size\">Blois \u2022 INSA , B\u00e2timent principal &#8211; Amphi Denis <\/p>\n\n\n\n<hr class=\"wp-block-separator has-alpha-channel-opacity is-style-dots\"\/>\n\n\n\n<p><strong>Ven. 06 Oct. 2023 16:15<\/strong> Table Ronde Les Cartes Blanches<em><a href=\"https:\/\/rdv-histoire.com\/programme\/la-mort-au-parlement\"> La mort au Parlement<\/a><\/em><\/p>\n\n\n\n<p class=\"has-small-font-size\">Blois \u2022 H\u00f4tel de ville , Salle du conseil municipal<\/p>\n<\/div>\n<\/div>\n\n\n\n<hr class=\"wp-block-separator has-alpha-channel-opacity\"\/>\n\n\n\n<div class=\"wp-block-columns is-layout-flex wp-container-core-columns-is-layout-9d6595d7 wp-block-columns-is-layout-flex\">\n<div class=\"wp-block-column is-layout-flow wp-block-column-is-layout-flow\" style=\"flex-basis:66.66%\">\n<h2 class=\"wp-block-heading\"><a href=\"https:\/\/telemme.mmsh.fr\/?membres=jeremie-foa\">J\u00e9r\u00e9mie FOA<\/a>, ma\u00eetre de conf\u00e9rence HDR en histoire moderne<\/h2>\n\n\n\n<hr class=\"wp-block-separator has-alpha-channel-opacity\"\/>\n\n\n\n<p><strong>Ven. 06 Oct. 2023 09:30<\/strong> Emission de radio <em>Les Actions scolaires<\/em> <a href=\"https:\/\/rdv-histoire.com\/programme\/les-guerres-de-religionentre-voisins-une-emission-de-webradio-scolaire\">\u00ab Les guerres de religion&#8230;entre voisins \u00bb<\/a>, une \u00e9mission de webradio scolaire<\/p>\n\n\n\n<p class=\"has-small-font-size\">Blois \u2022 Site Chocolaterie de l&rsquo;IUT , Amphi 1<\/p>\n\n\n\n<hr class=\"wp-block-separator has-alpha-channel-opacity is-style-dots\"\/>\n\n\n\n<p><strong>Ven. 06 Oct. 2023 14:15<\/strong> Table Ronde Les Cartes Blanches <em><a href=\"https:\/\/rdv-histoire.com\/programme\/les-vivants-et-les-ombres-violences-appropriations-survivances\">Les Vivants et les Ombres. Violences, appropriations, survivances<\/a><\/em><\/p>\n\n\n\n<p class=\"has-small-font-size\">Blois \u2022 INSA , B\u00e2timent principal &#8211; Amphi Denis Papin Les Cartes Blanches<\/p>\n\n\n\n<hr class=\"wp-block-separator has-alpha-channel-opacity is-style-dots\"\/>\n\n\n\n<p><strong>Sam. 07 Oct. 2023 13:30<\/strong> Conf\u00e9rence Les Parcours P\u00e9dagogiques <em><a href=\"https:\/\/rdv-histoire.com\/programme\/tous-ceux-qui-tombent-visages-du-massacre-de-la-saint-barthelemy\">Tous ceux qui tombent, visages du massacre de la Saint-Barth\u00e9lemy<\/a><\/em><\/p>\n\n\n\n<p class=\"has-small-font-size\">Blois \u2022 Conseil D\u00e9partemental, Salle Lavoisier<\/p>\n\n\n\n<hr class=\"wp-block-separator has-alpha-channel-opacity is-style-dots\"\/>\n\n\n\n<p><strong>Sam. 07 Oct. 2023 16:30<\/strong> Table Ronde Les Cartes Blanches <em><a href=\"https:\/\/rdv-histoire.com\/programme\/un-nom-cest-bien-souvent-tout-ce-qui-reste\">Un nom, c&rsquo;est bien souvent tout ce qui reste<\/a><\/em><\/p>\n\n\n\n<p class=\"has-small-font-size\">Blois \u2022 Palais de Justice<\/p>\n\n\n\n<hr class=\"wp-block-separator has-alpha-channel-opacity is-style-dots\"\/>\n\n\n\n<p><strong>Sam. 07 Oct. 2023 18:30<\/strong> Table Ronde Les Livres vous parlent<a href=\"https:\/\/rdv-histoire.com\/programme\/les-guerres-de-religion-une-histoire-de-leurope-au-xvie-siecle\"> <em>Les guerres de Religion, une histoire de l&rsquo;Europe au XVIe si\u00e8cle<\/em><\/a><\/p>\n\n\n\n<p class=\"has-small-font-size\">Blois \u2022 H\u00f4tel de ville , Salle Malfray<\/p>\n\n\n\n<hr class=\"wp-block-separator has-alpha-channel-opacity is-style-dots\"\/>\n\n\n\n<p><strong>Sam. 07 Dim. 08 Oct. 2023<\/strong> Rencontre<a href=\"https:\/\/rdv-histoire.com\/programme\/le-marathon-des-images-0\"> <em>Le Marathon des images<\/em><\/a><\/p>\n\n\n\n<p class=\"has-small-font-size\">Blois \u2022 Les Lobis , Salle 1<\/p>\n<\/div>\n\n\n\n<div class=\"wp-block-column is-layout-flow wp-block-column-is-layout-flow\" style=\"flex-basis:33.33%\">\n<figure class=\"wp-block-image size-full is-resized is-style-rounded\"><img loading=\"lazy\" decoding=\"async\" src=\"https:\/\/telemme.mmsh.fr\/wp-content\/uploads\/2021\/09\/jeremie_foa_d_r.png\" alt=\"\" class=\"wp-image-9616\" style=\"width:290px;height:290px\" width=\"290\" height=\"290\" srcset=\"https:\/\/telemme.mmsh.fr\/wp-content\/uploads\/2021\/09\/jeremie_foa_d_r.png 320w, https:\/\/telemme.mmsh.fr\/wp-content\/uploads\/2021\/09\/jeremie_foa_d_r-300x300.png 300w, https:\/\/telemme.mmsh.fr\/wp-content\/uploads\/2021\/09\/jeremie_foa_d_r-150x150.png 150w, https:\/\/telemme.mmsh.fr\/wp-content\/uploads\/2021\/09\/jeremie_foa_d_r-100x100.png 100w\" sizes=\"auto, (max-width: 290px) 100vw, 290px\" \/><\/figure>\n<\/div>\n<\/div>\n\n\n\n<hr class=\"wp-block-separator has-alpha-channel-opacity\"\/>\n\n\n\n<div class=\"wp-block-columns is-layout-flex wp-container-core-columns-is-layout-9d6595d7 wp-block-columns-is-layout-flex\">\n<div class=\"wp-block-column is-layout-flow wp-block-column-is-layout-flow\" style=\"flex-basis:33.33%\">\n<figure class=\"wp-block-image size-full is-resized is-style-rounded\"><img loading=\"lazy\" decoding=\"async\" src=\"https:\/\/telemme.mmsh.fr\/wp-content\/uploads\/2023\/09\/garcin.jpg\" alt=\"\" class=\"wp-image-13173\" style=\"width:238px;height:238px\" width=\"238\" height=\"238\" srcset=\"https:\/\/telemme.mmsh.fr\/wp-content\/uploads\/2023\/09\/garcin.jpg 800w, https:\/\/telemme.mmsh.fr\/wp-content\/uploads\/2023\/09\/garcin-300x300.jpg 300w, https:\/\/telemme.mmsh.fr\/wp-content\/uploads\/2023\/09\/garcin-150x150.jpg 150w, https:\/\/telemme.mmsh.fr\/wp-content\/uploads\/2023\/09\/garcin-768x768.jpg 768w, https:\/\/telemme.mmsh.fr\/wp-content\/uploads\/2023\/09\/garcin-100x100.jpg 100w\" sizes=\"auto, (max-width: 238px) 100vw, 238px\" \/><\/figure>\n<\/div>\n\n\n\n<div class=\"wp-block-column is-layout-flow wp-block-column-is-layout-flow\" style=\"flex-basis:66.66%\">\n<h2 class=\"wp-block-heading\"><a href=\"https:\/\/telemme.mmsh.fr\/?membres=margot-garcin\">Margot GARCIN<\/a>, doctorante en histoire contemporaine<\/h2>\n\n\n\n<hr class=\"wp-block-separator has-alpha-channel-opacity\"\/>\n\n\n\n<p><strong>Ven. 06 Oct. 2023 14:15<\/strong> Table Ronde Le Lab du jeune chercheur <em><a href=\"https:\/\/rdv-histoire.com\/programme\/mourir-en-situation-coloniale\">Mourir en situation coloniale<\/a><\/em>.<\/p>\n\n\n\n<p class=\"has-small-font-size\">Blois \u2022 Site Chocolaterie de l&rsquo;IUT , Amphi 1 Le Lab du jeune chercheur<\/p>\n<\/div>\n<\/div>\n\n\n\n<hr class=\"wp-block-separator has-alpha-channel-opacity\"\/>\n\n\n\n<div class=\"wp-block-columns is-layout-flex wp-container-core-columns-is-layout-9d6595d7 wp-block-columns-is-layout-flex\">\n<div class=\"wp-block-column is-layout-flow wp-block-column-is-layout-flow\" style=\"flex-basis:66.66%\">\n<h2 class=\"wp-block-heading\"><a href=\"https:\/\/telemme.mmsh.fr\/?membres=stephane-mourlane\">St\u00e9phane MOURLANE<\/a>, ma\u00eetre de conf\u00e9rences en histoire contemporaine<\/h2>\n\n\n\n<hr class=\"wp-block-separator has-alpha-channel-opacity\"\/>\n\n\n\n<p><strong>Sam. 07 Oct. 2023 11:30<\/strong> Table Ronde Les Cartes Blanches <em><a href=\"https:\/\/rdv-histoire.com\/programme\/les-jeux-olympiques-la-montee-des-nationalismes-1920-1940\">Les Jeux Olympiques : la mont\u00e9e des nationalismes (1920-1940)<\/a><\/em><\/p>\n\n\n\n<p class=\"has-small-font-size\">&nbsp;Blois \u2022 Conseil D\u00e9partemental , Salle Kleber-Loustau<\/p>\n<\/div>\n\n\n\n<div class=\"wp-block-column is-layout-flow wp-block-column-is-layout-flow\" style=\"flex-basis:33.33%\">\n<figure class=\"wp-block-image size-full is-resized is-style-rounded\"><img loading=\"lazy\" decoding=\"async\" src=\"https:\/\/telemme.mmsh.fr\/wp-content\/uploads\/2023\/09\/Stephane-Mourlane-edited.jpg\" alt=\"St\u00e9phane Mourlane (TELEMMe, AMU-CNRS)\" class=\"wp-image-13172\" style=\"width:246px;height:246px\" width=\"246\" height=\"246\" srcset=\"https:\/\/telemme.mmsh.fr\/wp-content\/uploads\/2023\/09\/Stephane-Mourlane-edited.jpg 667w, https:\/\/telemme.mmsh.fr\/wp-content\/uploads\/2023\/09\/Stephane-Mourlane-edited-300x300.jpg 300w, https:\/\/telemme.mmsh.fr\/wp-content\/uploads\/2023\/09\/Stephane-Mourlane-edited-150x150.jpg 150w, https:\/\/telemme.mmsh.fr\/wp-content\/uploads\/2023\/09\/Stephane-Mourlane-edited-100x100.jpg 100w\" sizes=\"auto, (max-width: 246px) 100vw, 246px\" \/><\/figure>\n<\/div>\n<\/div>\n\n\n\n<hr class=\"wp-block-separator has-alpha-channel-opacity\"\/>\n\n\n\n<div class=\"wp-block-columns is-layout-flex wp-container-core-columns-is-layout-9d6595d7 wp-block-columns-is-layout-flex\">\n<div class=\"wp-block-column is-layout-flow wp-block-column-is-layout-flow\" style=\"flex-basis:33.33%\">\n<figure class=\"wp-block-image size-full is-resized is-style-rounded\"><img loading=\"lazy\" decoding=\"async\" src=\"https:\/\/telemme.mmsh.fr\/wp-content\/uploads\/2023\/09\/Tristan-Portier2-1.jpg\" alt=\"\" class=\"wp-image-13294\" style=\"width:213px;height:217px\" width=\"213\" height=\"217\" srcset=\"https:\/\/telemme.mmsh.fr\/wp-content\/uploads\/2023\/09\/Tristan-Portier2-1.jpg 500w, https:\/\/telemme.mmsh.fr\/wp-content\/uploads\/2023\/09\/Tristan-Portier2-1-294x300.jpg 294w\" sizes=\"auto, (max-width: 213px) 100vw, 213px\" \/><\/figure>\n<\/div>\n\n\n\n<div class=\"wp-block-column is-layout-flow wp-block-column-is-layout-flow\" style=\"flex-basis:66.66%\">\n<h2 class=\"wp-block-heading\"><a href=\"https:\/\/telemme.mmsh.fr\/?membres=tristan-portier\">Tristan PORTIER<\/a>, doctorant en histoire<\/h2>\n\n\n\n<hr class=\"wp-block-separator has-alpha-channel-opacity\"\/>\n\n\n\n<p><strong>Sam. 07 Oct. 2023 14:45<\/strong> Communication Le Lab du jeune chercheur <em><a href=\"https:\/\/rdv-histoire.com\/programme\/la-mort-au-xixe-siecle-un-marche-comme-les-autres\">La mort au XIXe si\u00e8cle, un march\u00e9 comme les autres ?<\/a><\/em> <\/p>\n\n\n\n<p class=\"has-small-font-size\"> Blois \u2022 Site Chocolaterie de l&rsquo;IUT , Amphi 1 Le Lab du jeune chercheur<\/p>\n<\/div>\n<\/div>\n","protected":false},"excerpt":{"rendered":"<p>Cette ann\u00e9e encore, plusieurs membres de TELEMMe seront pr\u00e9sent\u00b7es aux Rendez-vous de l&rsquo;histoire de Blois, consacr\u00e9s aux vivants et les morts.Les RVH 2023 se tiennent du 4 au 8 octobre&hellip;&nbsp;<a href=\"https:\/\/telemme.mmsh.fr\/?p=13166\" rel=\"bookmark\">Lire la suite &raquo;<span class=\"screen-reader-text\">TELEMMe aux Rendez-vous de l&rsquo;histoire de Blois 2023<\/span><\/a><\/p>\n","protected":false},"author":175,"featured_media":13187,"comment_status":"closed","ping_status":"closed","sticky":false,"template":"","format":"standard","meta":{"neve_meta_sidebar":"","neve_meta_container":"","neve_meta_enable_content_width":"off","neve_meta_content_width":70,"neve_meta_title_alignment":"","neve_meta_author_avatar":"","neve_post_elements_order":"","neve_meta_disable_header":"","neve_meta_disable_footer":"","neve_meta_disable_title":"","_tribe_events_control_status":"","_tribe_events_control_status_canceled_reason":"","_tribe_events_control_status_postponed_reason":"","_tribe_events_control_online":"","_tribe_events_control_online_url":"","footnotes":""},"categories":[1992],"tags":[],"class_list":["post-13166","post","type-post","status-publish","format-standard","has-post-thumbnail","hentry","category-rencontres"],"yoast_head":"<!-- This site is optimized with the Yoast SEO plugin v27.4 - https:\/\/yoast.com\/product\/yoast-seo-wordpress\/ -->\n<title>TELEMMe aux Rendez-vous de l&#039;histoire de Blois 2023 - TELEMMe - Temps, espaces, langages, Europe m\u00e9ridionale, M\u00e9diterran\u00e9e<\/title>\n<meta name=\"robots\" content=\"index, follow, max-snippet:-1, max-image-preview:large, max-video-preview:-1\" \/>\n<link rel=\"canonical\" href=\"https:\/\/telemme.mmsh.fr\/?p=13166\" \/>\n<meta property=\"og:locale\" content=\"fr_FR\" \/>\n<meta property=\"og:type\" content=\"article\" \/>\n<meta property=\"og:title\" content=\"TELEMMe aux Rendez-vous de l&#039;histoire de Blois 2023 - TELEMMe - Temps, espaces, langages, Europe m\u00e9ridionale, M\u00e9diterran\u00e9e\" \/>\n<meta property=\"og:description\" content=\"Cette ann\u00e9e encore, plusieurs membres de TELEMMe seront pr\u00e9sent\u00b7es aux Rendez-vous de l&rsquo;histoire de Blois, consacr\u00e9s aux vivants et les morts.Les RVH 2023 se tiennent du 4 au 8 octobre&hellip;&nbsp;Lire la suite &raquo;TELEMMe aux Rendez-vous de l&rsquo;histoire de Blois 2023\" \/>\n<meta property=\"og:url\" content=\"https:\/\/telemme.mmsh.fr\/?p=13166\" \/>\n<meta property=\"og:site_name\" content=\"TELEMMe - Temps, espaces, langages, Europe m\u00e9ridionale, M\u00e9diterran\u00e9e\" \/>\n<meta property=\"article:published_time\" content=\"2023-09-25T08:18:03+00:00\" \/>\n<meta property=\"article:modified_time\" content=\"2023-10-04T08:34:34+00:00\" \/>\n<meta property=\"og:image\" content=\"https:\/\/telemme.mmsh.fr\/wp-content\/uploads\/2023\/09\/blois.jpg\" \/>\n\t<meta property=\"og:image:width\" content=\"1405\" \/>\n\t<meta property=\"og:image:height\" content=\"513\" \/>\n\t<meta property=\"og:image:type\" content=\"image\/jpeg\" \/>\n<meta name=\"author\" content=\"Maja Mellet\" \/>\n<meta name=\"twitter:card\" content=\"summary_large_image\" \/>\n<meta name=\"twitter:label1\" content=\"\u00c9crit par\" \/>\n\t<meta name=\"twitter:data1\" content=\"Maja Mellet\" \/>\n\t<meta name=\"twitter:label2\" content=\"Dur\u00e9e de lecture estim\u00e9e\" \/>\n\t<meta name=\"twitter:data2\" content=\"3 minutes\" \/>\n<script type=\"application\/ld+json\" class=\"yoast-schema-graph\">{\"@context\":\"https:\\\/\\\/schema.org\",\"@graph\":[{\"@type\":\"Article\",\"@id\":\"https:\\\/\\\/telemme.mmsh.fr\\\/?p=13166#article\",\"isPartOf\":{\"@id\":\"https:\\\/\\\/telemme.mmsh.fr\\\/?p=13166\"},\"author\":{\"name\":\"Maja Mellet\",\"@id\":\"https:\\\/\\\/telemme.mmsh.fr\\\/#\\\/schema\\\/person\\\/c433e5fd025c00718f715ba73f040691\"},\"headline\":\"TELEMMe aux Rendez-vous de l&rsquo;histoire de Blois 2023\",\"datePublished\":\"2023-09-25T08:18:03+00:00\",\"dateModified\":\"2023-10-04T08:34:34+00:00\",\"mainEntityOfPage\":{\"@id\":\"https:\\\/\\\/telemme.mmsh.fr\\\/?p=13166\"},\"wordCount\":642,\"publisher\":{\"@id\":\"https:\\\/\\\/telemme.mmsh.fr\\\/#organization\"},\"image\":{\"@id\":\"https:\\\/\\\/telemme.mmsh.fr\\\/?p=13166#primaryimage\"},\"thumbnailUrl\":\"https:\\\/\\\/telemme.mmsh.fr\\\/wp-content\\\/uploads\\\/2023\\\/09\\\/blois.jpg\",\"articleSection\":[\"Rencontres\"],\"inLanguage\":\"fr-FR\"},{\"@type\":\"WebPage\",\"@id\":\"https:\\\/\\\/telemme.mmsh.fr\\\/?p=13166\",\"url\":\"https:\\\/\\\/telemme.mmsh.fr\\\/?p=13166\",\"name\":\"TELEMMe aux Rendez-vous de l'histoire de Blois 2023 - TELEMMe - Temps, espaces, langages, Europe m\u00e9ridionale, M\u00e9diterran\u00e9e\",\"isPartOf\":{\"@id\":\"https:\\\/\\\/telemme.mmsh.fr\\\/#website\"},\"primaryImageOfPage\":{\"@id\":\"https:\\\/\\\/telemme.mmsh.fr\\\/?p=13166#primaryimage\"},\"image\":{\"@id\":\"https:\\\/\\\/telemme.mmsh.fr\\\/?p=13166#primaryimage\"},\"thumbnailUrl\":\"https:\\\/\\\/telemme.mmsh.fr\\\/wp-content\\\/uploads\\\/2023\\\/09\\\/blois.jpg\",\"datePublished\":\"2023-09-25T08:18:03+00:00\",\"dateModified\":\"2023-10-04T08:34:34+00:00\",\"breadcrumb\":{\"@id\":\"https:\\\/\\\/telemme.mmsh.fr\\\/?p=13166#breadcrumb\"},\"inLanguage\":\"fr-FR\",\"potentialAction\":[{\"@type\":\"ReadAction\",\"target\":[\"https:\\\/\\\/telemme.mmsh.fr\\\/?p=13166\"]}]},{\"@type\":\"ImageObject\",\"inLanguage\":\"fr-FR\",\"@id\":\"https:\\\/\\\/telemme.mmsh.fr\\\/?p=13166#primaryimage\",\"url\":\"https:\\\/\\\/telemme.mmsh.fr\\\/wp-content\\\/uploads\\\/2023\\\/09\\\/blois.jpg\",\"contentUrl\":\"https:\\\/\\\/telemme.mmsh.fr\\\/wp-content\\\/uploads\\\/2023\\\/09\\\/blois.jpg\",\"width\":1405,\"height\":513},{\"@type\":\"BreadcrumbList\",\"@id\":\"https:\\\/\\\/telemme.mmsh.fr\\\/?p=13166#breadcrumb\",\"itemListElement\":[{\"@type\":\"ListItem\",\"position\":1,\"name\":\"Accueil\",\"item\":\"https:\\\/\\\/telemme.mmsh.fr\\\/\"},{\"@type\":\"ListItem\",\"position\":2,\"name\":\"Actualit\u00e9s\",\"item\":\"https:\\\/\\\/telemme.mmsh.fr\\\/?cat=1995\"},{\"@type\":\"ListItem\",\"position\":3,\"name\":\"Rencontres\",\"item\":\"https:\\\/\\\/telemme.mmsh.fr\\\/?cat=1992\"},{\"@type\":\"ListItem\",\"position\":4,\"name\":\"TELEMMe aux Rendez-vous de l&#8217;histoire de Blois 2023\"}]},{\"@type\":\"WebSite\",\"@id\":\"https:\\\/\\\/telemme.mmsh.fr\\\/#website\",\"url\":\"https:\\\/\\\/telemme.mmsh.fr\\\/\",\"name\":\"TELEMMe - Temps, espaces, langages, Europe m\u00e9ridionale, M\u00e9diterran\u00e9e\",\"description\":\"\",\"publisher\":{\"@id\":\"https:\\\/\\\/telemme.mmsh.fr\\\/#organization\"},\"potentialAction\":[{\"@type\":\"SearchAction\",\"target\":{\"@type\":\"EntryPoint\",\"urlTemplate\":\"https:\\\/\\\/telemme.mmsh.fr\\\/?s={search_term_string}\"},\"query-input\":{\"@type\":\"PropertyValueSpecification\",\"valueRequired\":true,\"valueName\":\"search_term_string\"}}],\"inLanguage\":\"fr-FR\"},{\"@type\":\"Organization\",\"@id\":\"https:\\\/\\\/telemme.mmsh.fr\\\/#organization\",\"name\":\"TELEMMe\",\"url\":\"https:\\\/\\\/telemme.mmsh.fr\\\/\",\"logo\":{\"@type\":\"ImageObject\",\"inLanguage\":\"fr-FR\",\"@id\":\"https:\\\/\\\/telemme.mmsh.fr\\\/#\\\/schema\\\/logo\\\/image\\\/\",\"url\":\"https:\\\/\\\/telemme.mmsh.fr\\\/wp-content\\\/uploads\\\/2020\\\/03\\\/LogoTELEMMe-horizontal-fond-transparent.png\",\"contentUrl\":\"https:\\\/\\\/telemme.mmsh.fr\\\/wp-content\\\/uploads\\\/2020\\\/03\\\/LogoTELEMMe-horizontal-fond-transparent.png\",\"width\":1500,\"height\":437,\"caption\":\"TELEMMe\"},\"image\":{\"@id\":\"https:\\\/\\\/telemme.mmsh.fr\\\/#\\\/schema\\\/logo\\\/image\\\/\"}},{\"@type\":\"Person\",\"@id\":\"https:\\\/\\\/telemme.mmsh.fr\\\/#\\\/schema\\\/person\\\/c433e5fd025c00718f715ba73f040691\",\"name\":\"Maja Mellet\",\"url\":\"https:\\\/\\\/telemme.mmsh.fr\\\/?author=175\"}]}<\/script>\n<!-- \/ Yoast SEO plugin. -->","yoast_head_json":{"title":"TELEMMe aux Rendez-vous de l'histoire de Blois 2023 - TELEMMe - Temps, espaces, langages, Europe m\u00e9ridionale, M\u00e9diterran\u00e9e","robots":{"index":"index","follow":"follow","max-snippet":"max-snippet:-1","max-image-preview":"max-image-preview:large","max-video-preview":"max-video-preview:-1"},"canonical":"https:\/\/telemme.mmsh.fr\/?p=13166","og_locale":"fr_FR","og_type":"article","og_title":"TELEMMe aux Rendez-vous de l'histoire de Blois 2023 - TELEMMe - Temps, espaces, langages, Europe m\u00e9ridionale, M\u00e9diterran\u00e9e","og_description":"Cette ann\u00e9e encore, plusieurs membres de TELEMMe seront pr\u00e9sent\u00b7es aux Rendez-vous de l&rsquo;histoire de Blois, consacr\u00e9s aux vivants et les morts.Les RVH 2023 se tiennent du 4 au 8 octobre&hellip;&nbsp;Lire la suite &raquo;TELEMMe aux Rendez-vous de l&rsquo;histoire de Blois 2023","og_url":"https:\/\/telemme.mmsh.fr\/?p=13166","og_site_name":"TELEMMe - Temps, espaces, langages, Europe m\u00e9ridionale, M\u00e9diterran\u00e9e","article_published_time":"2023-09-25T08:18:03+00:00","article_modified_time":"2023-10-04T08:34:34+00:00","og_image":[{"width":1405,"height":513,"url":"https:\/\/telemme.mmsh.fr\/wp-content\/uploads\/2023\/09\/blois.jpg","type":"image\/jpeg"}],"author":"Maja Mellet","twitter_card":"summary_large_image","twitter_misc":{"\u00c9crit par":"Maja Mellet","Dur\u00e9e de lecture estim\u00e9e":"3 minutes"},"schema":{"@context":"https:\/\/schema.org","@graph":[{"@type":"Article","@id":"https:\/\/telemme.mmsh.fr\/?p=13166#article","isPartOf":{"@id":"https:\/\/telemme.mmsh.fr\/?p=13166"},"author":{"name":"Maja Mellet","@id":"https:\/\/telemme.mmsh.fr\/#\/schema\/person\/c433e5fd025c00718f715ba73f040691"},"headline":"TELEMMe aux Rendez-vous de l&rsquo;histoire de Blois 2023","datePublished":"2023-09-25T08:18:03+00:00","dateModified":"2023-10-04T08:34:34+00:00","mainEntityOfPage":{"@id":"https:\/\/telemme.mmsh.fr\/?p=13166"},"wordCount":642,"publisher":{"@id":"https:\/\/telemme.mmsh.fr\/#organization"},"image":{"@id":"https:\/\/telemme.mmsh.fr\/?p=13166#primaryimage"},"thumbnailUrl":"https:\/\/telemme.mmsh.fr\/wp-content\/uploads\/2023\/09\/blois.jpg","articleSection":["Rencontres"],"inLanguage":"fr-FR"},{"@type":"WebPage","@id":"https:\/\/telemme.mmsh.fr\/?p=13166","url":"https:\/\/telemme.mmsh.fr\/?p=13166","name":"TELEMMe aux Rendez-vous de l'histoire de Blois 2023 - TELEMMe - Temps, espaces, langages, Europe m\u00e9ridionale, M\u00e9diterran\u00e9e","isPartOf":{"@id":"https:\/\/telemme.mmsh.fr\/#website"},"primaryImageOfPage":{"@id":"https:\/\/telemme.mmsh.fr\/?p=13166#primaryimage"},"image":{"@id":"https:\/\/telemme.mmsh.fr\/?p=13166#primaryimage"},"thumbnailUrl":"https:\/\/telemme.mmsh.fr\/wp-content\/uploads\/2023\/09\/blois.jpg","datePublished":"2023-09-25T08:18:03+00:00","dateModified":"2023-10-04T08:34:34+00:00","breadcrumb":{"@id":"https:\/\/telemme.mmsh.fr\/?p=13166#breadcrumb"},"inLanguage":"fr-FR","potentialAction":[{"@type":"ReadAction","target":["https:\/\/telemme.mmsh.fr\/?p=13166"]}]},{"@type":"ImageObject","inLanguage":"fr-FR","@id":"https:\/\/telemme.mmsh.fr\/?p=13166#primaryimage","url":"https:\/\/telemme.mmsh.fr\/wp-content\/uploads\/2023\/09\/blois.jpg","contentUrl":"https:\/\/telemme.mmsh.fr\/wp-content\/uploads\/2023\/09\/blois.jpg","width":1405,"height":513},{"@type":"BreadcrumbList","@id":"https:\/\/telemme.mmsh.fr\/?p=13166#breadcrumb","itemListElement":[{"@type":"ListItem","position":1,"name":"Accueil","item":"https:\/\/telemme.mmsh.fr\/"},{"@type":"ListItem","position":2,"name":"Actualit\u00e9s","item":"https:\/\/telemme.mmsh.fr\/?cat=1995"},{"@type":"ListItem","position":3,"name":"Rencontres","item":"https:\/\/telemme.mmsh.fr\/?cat=1992"},{"@type":"ListItem","position":4,"name":"TELEMMe aux Rendez-vous de l&#8217;histoire de Blois 2023"}]},{"@type":"WebSite","@id":"https:\/\/telemme.mmsh.fr\/#website","url":"https:\/\/telemme.mmsh.fr\/","name":"TELEMMe - Temps, espaces, langages, Europe m\u00e9ridionale, M\u00e9diterran\u00e9e","description":"","publisher":{"@id":"https:\/\/telemme.mmsh.fr\/#organization"},"potentialAction":[{"@type":"SearchAction","target":{"@type":"EntryPoint","urlTemplate":"https:\/\/telemme.mmsh.fr\/?s={search_term_string}"},"query-input":{"@type":"PropertyValueSpecification","valueRequired":true,"valueName":"search_term_string"}}],"inLanguage":"fr-FR"},{"@type":"Organization","@id":"https:\/\/telemme.mmsh.fr\/#organization","name":"TELEMMe","url":"https:\/\/telemme.mmsh.fr\/","logo":{"@type":"ImageObject","inLanguage":"fr-FR","@id":"https:\/\/telemme.mmsh.fr\/#\/schema\/logo\/image\/","url":"https:\/\/telemme.mmsh.fr\/wp-content\/uploads\/2020\/03\/LogoTELEMMe-horizontal-fond-transparent.png","contentUrl":"https:\/\/telemme.mmsh.fr\/wp-content\/uploads\/2020\/03\/LogoTELEMMe-horizontal-fond-transparent.png","width":1500,"height":437,"caption":"TELEMMe"},"image":{"@id":"https:\/\/telemme.mmsh.fr\/#\/schema\/logo\/image\/"}},{"@type":"Person","@id":"https:\/\/telemme.mmsh.fr\/#\/schema\/person\/c433e5fd025c00718f715ba73f040691","name":"Maja Mellet","url":"https:\/\/telemme.mmsh.fr\/?author=175"}]}},"_links":{"self":[{"href":"https:\/\/telemme.mmsh.fr\/index.php?rest_route=\/wp\/v2\/posts\/13166","targetHints":{"allow":["GET"]}}],"collection":[{"href":"https:\/\/telemme.mmsh.fr\/index.php?rest_route=\/wp\/v2\/posts"}],"about":[{"href":"https:\/\/telemme.mmsh.fr\/index.php?rest_route=\/wp\/v2\/types\/post"}],"author":[{"embeddable":true,"href":"https:\/\/telemme.mmsh.fr\/index.php?rest_route=\/wp\/v2\/users\/175"}],"replies":[{"embeddable":true,"href":"https:\/\/telemme.mmsh.fr\/index.php?rest_route=%2Fwp%2Fv2%2Fcomments&post=13166"}],"version-history":[{"count":14,"href":"https:\/\/telemme.mmsh.fr\/index.php?rest_route=\/wp\/v2\/posts\/13166\/revisions"}],"predecessor-version":[{"id":13324,"href":"https:\/\/telemme.mmsh.fr\/index.php?rest_route=\/wp\/v2\/posts\/13166\/revisions\/13324"}],"wp:featuredmedia":[{"embeddable":true,"href":"https:\/\/telemme.mmsh.fr\/index.php?rest_route=\/wp\/v2\/media\/13187"}],"wp:attachment":[{"href":"https:\/\/telemme.mmsh.fr\/index.php?rest_route=%2Fwp%2Fv2%2Fmedia&parent=13166"}],"wp:term":[{"taxonomy":"category","embeddable":true,"href":"https:\/\/telemme.mmsh.fr\/index.php?rest_route=%2Fwp%2Fv2%2Fcategories&post=13166"},{"taxonomy":"post_tag","embeddable":true,"href":"https:\/\/telemme.mmsh.fr\/index.php?rest_route=%2Fwp%2Fv2%2Ftags&post=13166"}],"curies":[{"name":"wp","href":"https:\/\/api.w.org\/{rel}","templated":true}]}}